{"id":770,"date":"2013-01-11T09:13:00","date_gmt":"2013-01-11T08:13:00","guid":{"rendered":"http:\/\/blogg.svenskakyrkan.se\/vandravagen\/2013\/01\/11\/barn-ar-inga-gnostiker\/"},"modified":"2013-01-11T09:13:00","modified_gmt":"2013-01-11T08:13:00","slug":"barn-ar-inga-gnostiker","status":"publish","type":"post","link":"https:\/\/blogg.svenskakyrkan.se\/vandravagen\/2013\/01\/11\/barn-ar-inga-gnostiker\/","title":{"rendered":"Barn \u00e4r inga gnostiker"},"content":{"rendered":"<table align=\"center\" cellpadding=\"0\" cellspacing=\"0\">\n<tbody>\n<tr>\n<td><a href=\"http:\/\/4.bp.blogspot.com\/-vBbpQs8V--w\/T0U9XS547iI\/AAAAAAAAAFQ\/M2rCt23E6Cw\/s1600\/IMG_0450.JPG\"><img loading=\"lazy\" decoding=\"async\" border=\"0\" height=\"300\" src=\"http:\/\/4.bp.blogspot.com\/-vBbpQs8V--w\/T0U9XS547iI\/AAAAAAAAAFQ\/M2rCt23E6Cw\/s400\/IMG_0450.JPG\" width=\"400\"><\/a><\/td>\n<\/tr>\n<tr>\n<td>Glada barn!<\/td>\n<\/tr>\n<\/tbody>\n<\/table>\n<p>Jesus har sagt att vi m\u00e5ste bli som barn eftersom himmelriket tillh\u00f6r dem. Det kan man meditera l\u00e4nge \u00f6ver f\u00f6r det rymmer verkligen mycket av b\u00e5de vishet och utmaning. Idag t\u00e4nker jag p\u00e5 en aspekt. Barn \u00e4r inga gnostiker.<\/p>\n<p>Gnostikerna var och \u00e4r en religi\u00f6s riktning som gjorde stor \u00e5tskillnad mellan materia och ande. Kroppen och \u00f6ver huvud taget allt skapat h\u00e4r\u00f6rde fr\u00e5n en ond skapargud och m\u00e4nniskan \u00e4r f\u00e5ngen i den. Men genom att n\u00e5 insikt (gnosis betyder insikt eller upplysning) kan man g\u00f6ra sig fri fr\u00e5n m\u00e4nniskans fysiska begr\u00e4nsningar.<\/p>\n<p>Det d\u00e4r \u00e4r ett drag som tidigt sm\u00f6g sig in i kristendomen och st\u00e4llde till oreda. Kroppsf\u00f6rakt och \u00f6verandlighet blev f\u00f6ljden.<\/p>\n<p>S\u00e5 \u00e4r det inte med barnen. Om de f\u00e5r vara trygga i stort kan de vara n\u00e4rvarande i kroppen p\u00e5 ett helt annat s\u00e4tt \u00e4n vi vuxna. Gl\u00e4djen \u00f6ver r\u00f6relser, att frambringa l\u00e4ten och mycket annat av det som h\u00f6r leken till \u00e4r p\u00e5 ett s\u00e4tt gl\u00e4dje \u00f6ver att ha en kropp och leva som en del av Guds skapelseverk.<\/p>\n<p>(Splittringen i vardagen och f\u00f6rskjutningen mot id\u00e9ernas v\u00e4rld f\u00f6r oss l\u00e4tt l\u00e4ngre fr\u00e5n v\u00e5r n\u00e4sta. Jag har ocks\u00e5 skrivit lite om gnosticism i samband med <a href=\"http:\/\/vagenixp.blogspot.se\/2012\/10\/en-otroligt-viktig-bok-av-magnus-malm.html\">recensionen av fotsp\u00e5r i glastrappan av Magnus Malm<\/a>, och den lilla lektionen i <a href=\"http:\/\/vagenixp.blogspot.se\/2012\/10\/konsten-att-be-bordsbon-som-ett-lejon.html\">konsten att be bordsb\u00f6n som ett lejon<\/a>. Likas\u00e5 i texten &#8221;<a href=\"http:\/\/vagenixp.blogspot.se\/2012\/10\/begrav-mig-som-kristus.html\">begrav mig som Kristus<\/a>&#8221; och &#8221;<a href=\"http:\/\/vagenixp.blogspot.se\/2012\/10\/jesus-kom-inte-for-att-fralsa-sjalar.html\">Jesus kom inte f\u00f6r att fr\u00e4lsa sj\u00e4lar<\/a>&#8221;. Ok. det \u00e4r visst ganska m\u00e5nga texter det blivit. Ska du bara l\u00e4sa en s\u00e5 l\u00e4s g\u00e4rna &#8221;<a href=\"http:\/\/vagenixp.blogspot.se\/2012\/06\/du-ar-en-kropp-grattis.html\">Du \u00c4R en kropp, grattis!<\/a>&#8221; Mest kanske man \u00e4nd\u00e5 kan l\u00e4ra av <a href=\"http:\/\/vagenixp.blogspot.se\/2012\/03\/sankta-felicitas-och-var-katt.html\">v\u00e5r katt Felis i fr\u00e5gan<\/a>.)<\/p>\n<p>I Johannes 1:12 kan vi l\u00e4sa;<\/p>\n<blockquote>\n<p><span>&#8221;Men \u00e5t alla som tog emot honom gav han r\u00e4tt att bli Guds barn, \u00e5t dem som tror p\u00e5 hans namn.&#8221; (folkbibeln)<\/span><\/p>\n<\/blockquote>\n<p>Att bli som ett barn \u00e4r att leva fullt. S\u00e5 blir det n\u00e4r Gud f\u00e5tt bli allt i alla. M\u00e5 vi f\u00e5 uppleva det alltmer i v\u00e5ra liv.<\/p>\n","protected":false},"excerpt":{"rendered":"<p>Glada barn! Jesus har sagt att vi m\u00e5ste bli som barn eftersom himmelriket tillh\u00f6r dem. Det kan man meditera l\u00e4nge \u00f6ver f\u00f6r det rymmer verkligen mycket av b\u00e5de vishet och utmaning. Idag t\u00e4nker jag p\u00e5 en aspekt. Barn \u00e4r inga gnostiker. Gnostikerna var och \u00e4r en religi\u00f6s riktning som gjorde stor \u00e5tskillnad mellan materia och [&hellip;]<\/p>\n","protected":false},"author":392,"featured_media":0,"comment_status":"open","ping_status":"open","sticky":false,"template":"","format":"standard","meta":{"_acf_changed":false,"footnotes":""},"categories":[75887,117,77554],"tags":[],"class_list":["post-770","post","type-post","status-publish","format-standard","hentry","category-andlighet","category-teologi","category-vara-manniska"],"acf":[],"yoast_head":"<!-- This site is optimized with the Yoast SEO plugin v27.1.1 - https:\/\/yoast.com\/product\/yoast-seo-wordpress\/ -->\n<title>Barn \u00e4r inga gnostiker - Vandra V\u00e4gen<\/title>\n<meta name=\"robots\" content=\"index, follow, max-snippet:-1, max-image-preview:large, max-video-preview:-1\" \/>\n<link rel=\"canonical\" href=\"https:\/\/blogg.svenskakyrkan.se\/vandravagen\/2013\/01\/11\/barn-ar-inga-gnostiker\/\" \/>\n<meta property=\"og:locale\" content=\"sv_SE\" \/>\n<meta property=\"og:type\" content=\"article\" \/>\n<meta property=\"og:title\" content=\"Barn \u00e4r inga gnostiker - Vandra V\u00e4gen\" \/>\n<meta property=\"og:description\" content=\"Glada barn! Jesus har sagt att vi m\u00e5ste bli som barn eftersom himmelriket tillh\u00f6r dem. Det kan man meditera l\u00e4nge \u00f6ver f\u00f6r det rymmer verkligen mycket av b\u00e5de vishet och utmaning. Idag t\u00e4nker jag p\u00e5 en aspekt. Barn \u00e4r inga gnostiker. Gnostikerna var och \u00e4r en religi\u00f6s riktning som gjorde stor \u00e5tskillnad mellan materia och [&hellip;]\" \/>\n<meta property=\"og:url\" content=\"https:\/\/blogg.svenskakyrkan.se\/vandravagen\/2013\/01\/11\/barn-ar-inga-gnostiker\/\" \/>\n<meta property=\"og:site_name\" content=\"Vandra V\u00e4gen\" \/>\n<meta property=\"article:publisher\" content=\"http:\/\/facebook.com\/vandravagen\" \/>\n<meta property=\"article:published_time\" content=\"2013-01-11T08:13:00+00:00\" \/>\n<meta property=\"og:image\" content=\"http:\/\/4.bp.blogspot.com\/-vBbpQs8V--w\/T0U9XS547iI\/AAAAAAAAAFQ\/M2rCt23E6Cw\/s400\/IMG_0450.JPG\" \/>\n<meta name=\"author\" content=\"Tomas Jarvid\" \/>\n<meta name=\"twitter:card\" content=\"summary_large_image\" \/>\n<meta name=\"twitter:creator\" content=\"@fadertomas\" \/>\n<meta name=\"twitter:site\" content=\"@fadertomas\" \/>\n<meta name=\"twitter:label1\" content=\"Skriven av\" \/>\n\t<meta name=\"twitter:data1\" content=\"Tomas Jarvid\" \/>\n\t<meta name=\"twitter:label2\" content=\"Ber\u00e4knad l\u00e4stid\" \/>\n\t<meta name=\"twitter:data2\" content=\"2 minuter\" \/>\n<script type=\"application\/ld+json\" class=\"yoast-schema-graph\">{\"@context\":\"https:\/\/schema.org\",\"@graph\":[{\"@type\":\"Article\",\"@id\":\"https:\/\/blogg.svenskakyrkan.se\/vandravagen\/2013\/01\/11\/barn-ar-inga-gnostiker\/#article\",\"isPartOf\":{\"@id\":\"https:\/\/blogg.svenskakyrkan.se\/vandravagen\/2013\/01\/11\/barn-ar-inga-gnostiker\/\"},\"author\":{\"name\":\"Tomas Jarvid\",\"@id\":\"https:\/\/blogg.svenskakyrkan.se\/vandravagen\/#\/schema\/person\/25da02d4f76b137d04291711e2c9fc16\"},\"headline\":\"Barn \u00e4r inga gnostiker\",\"datePublished\":\"2013-01-11T08:13:00+00:00\",\"mainEntityOfPage\":{\"@id\":\"https:\/\/blogg.svenskakyrkan.se\/vandravagen\/2013\/01\/11\/barn-ar-inga-gnostiker\/\"},\"wordCount\":383,\"commentCount\":0,\"publisher\":{\"@id\":\"https:\/\/blogg.svenskakyrkan.se\/vandravagen\/#organization\"},\"image\":{\"@id\":\"https:\/\/blogg.svenskakyrkan.se\/vandravagen\/2013\/01\/11\/barn-ar-inga-gnostiker\/#primaryimage\"},\"thumbnailUrl\":\"http:\/\/4.bp.blogspot.com\/-vBbpQs8V--w\/T0U9XS547iI\/AAAAAAAAAFQ\/M2rCt23E6Cw\/s400\/IMG_0450.JPG\",\"articleSection\":[\"andlighet\",\"Teologi\",\"vara m\u00e4nniska\"],\"inLanguage\":\"sv-SE\",\"potentialAction\":[{\"@type\":\"CommentAction\",\"name\":\"Comment\",\"target\":[\"https:\/\/blogg.svenskakyrkan.se\/vandravagen\/2013\/01\/11\/barn-ar-inga-gnostiker\/#respond\"]}]},{\"@type\":\"WebPage\",\"@id\":\"https:\/\/blogg.svenskakyrkan.se\/vandravagen\/2013\/01\/11\/barn-ar-inga-gnostiker\/\",\"url\":\"https:\/\/blogg.svenskakyrkan.se\/vandravagen\/2013\/01\/11\/barn-ar-inga-gnostiker\/\",\"name\":\"Barn \u00e4r inga gnostiker - Vandra V\u00e4gen\",\"isPartOf\":{\"@id\":\"https:\/\/blogg.svenskakyrkan.se\/vandravagen\/#website\"},\"primaryImageOfPage\":{\"@id\":\"https:\/\/blogg.svenskakyrkan.se\/vandravagen\/2013\/01\/11\/barn-ar-inga-gnostiker\/#primaryimage\"},\"image\":{\"@id\":\"https:\/\/blogg.svenskakyrkan.se\/vandravagen\/2013\/01\/11\/barn-ar-inga-gnostiker\/#primaryimage\"},\"thumbnailUrl\":\"http:\/\/4.bp.blogspot.com\/-vBbpQs8V--w\/T0U9XS547iI\/AAAAAAAAAFQ\/M2rCt23E6Cw\/s400\/IMG_0450.JPG\",\"datePublished\":\"2013-01-11T08:13:00+00:00\",\"breadcrumb\":{\"@id\":\"https:\/\/blogg.svenskakyrkan.se\/vandravagen\/2013\/01\/11\/barn-ar-inga-gnostiker\/#breadcrumb\"},\"inLanguage\":\"sv-SE\",\"potentialAction\":[{\"@type\":\"ReadAction\",\"target\":[\"https:\/\/blogg.svenskakyrkan.se\/vandravagen\/2013\/01\/11\/barn-ar-inga-gnostiker\/\"]}]},{\"@type\":\"ImageObject\",\"inLanguage\":\"sv-SE\",\"@id\":\"https:\/\/blogg.svenskakyrkan.se\/vandravagen\/2013\/01\/11\/barn-ar-inga-gnostiker\/#primaryimage\",\"url\":\"http:\/\/4.bp.blogspot.com\/-vBbpQs8V--w\/T0U9XS547iI\/AAAAAAAAAFQ\/M2rCt23E6Cw\/s400\/IMG_0450.JPG\",\"contentUrl\":\"http:\/\/4.bp.blogspot.com\/-vBbpQs8V--w\/T0U9XS547iI\/AAAAAAAAAFQ\/M2rCt23E6Cw\/s400\/IMG_0450.JPG\"},{\"@type\":\"BreadcrumbList\",\"@id\":\"https:\/\/blogg.svenskakyrkan.se\/vandravagen\/2013\/01\/11\/barn-ar-inga-gnostiker\/#breadcrumb\",\"itemListElement\":[{\"@type\":\"ListItem\",\"position\":1,\"name\":\"Hem\",\"item\":\"https:\/\/blogg.svenskakyrkan.se\/vandravagen\/\"},{\"@type\":\"ListItem\",\"position\":2,\"name\":\"Barn \u00e4r inga gnostiker\"}]},{\"@type\":\"WebSite\",\"@id\":\"https:\/\/blogg.svenskakyrkan.se\/vandravagen\/#website\",\"url\":\"https:\/\/blogg.svenskakyrkan.se\/vandravagen\/\",\"name\":\"Vandra V\u00e4gen\",\"description\":\"-Mot en tro f\u00f6r hela livet\",\"publisher\":{\"@id\":\"https:\/\/blogg.svenskakyrkan.se\/vandravagen\/#organization\"},\"potentialAction\":[{\"@type\":\"SearchAction\",\"target\":{\"@type\":\"EntryPoint\",\"urlTemplate\":\"https:\/\/blogg.svenskakyrkan.se\/vandravagen\/?s={search_term_string}\"},\"query-input\":{\"@type\":\"PropertyValueSpecification\",\"valueRequired\":true,\"valueName\":\"search_term_string\"}}],\"inLanguage\":\"sv-SE\"},{\"@type\":\"Organization\",\"@id\":\"https:\/\/blogg.svenskakyrkan.se\/vandravagen\/#organization\",\"name\":\"ulricehamns pastorat\",\"alternateName\":\"ulricehamns pastorat\",\"url\":\"https:\/\/blogg.svenskakyrkan.se\/vandravagen\/\",\"logo\":{\"@type\":\"ImageObject\",\"inLanguage\":\"sv-SE\",\"@id\":\"https:\/\/blogg.svenskakyrkan.se\/vandravagen\/#\/schema\/logo\/image\/\",\"url\":\"https:\/\/blogg.svenskakyrkan.se\/vandravagen\/files\/2023\/05\/Ulr_logo_RGB.png\",\"contentUrl\":\"https:\/\/blogg.svenskakyrkan.se\/vandravagen\/files\/2023\/05\/Ulr_logo_RGB.png\",\"width\":205,\"height\":77,\"caption\":\"ulricehamns pastorat\"},\"image\":{\"@id\":\"https:\/\/blogg.svenskakyrkan.se\/vandravagen\/#\/schema\/logo\/image\/\"},\"sameAs\":[\"http:\/\/facebook.com\/vandravagen\",\"https:\/\/x.com\/fadertomas\",\"http:\/\/www.facebook.com\/svenskakyrkaniulricehamn\"]},{\"@type\":\"Person\",\"@id\":\"https:\/\/blogg.svenskakyrkan.se\/vandravagen\/#\/schema\/person\/25da02d4f76b137d04291711e2c9fc16\",\"name\":\"Tomas Jarvid\",\"image\":{\"@type\":\"ImageObject\",\"inLanguage\":\"sv-SE\",\"@id\":\"https:\/\/blogg.svenskakyrkan.se\/vandravagen\/#\/schema\/person\/image\/\",\"url\":\"https:\/\/secure.gravatar.com\/avatar\/7fa71899795e8f540f615a1f5ab25255dc27aa40f05ee7ddd21aac521e01bf50?s=96&d=identicon&r=g\",\"contentUrl\":\"https:\/\/secure.gravatar.com\/avatar\/7fa71899795e8f540f615a1f5ab25255dc27aa40f05ee7ddd21aac521e01bf50?s=96&d=identicon&r=g\",\"caption\":\"Tomas Jarvid\"},\"description\":\"Jag bor i Ulricehamn i V\u00e4sterg\u00f6tland och \u00e4r f\u00f6rsamlingspr\u00e4st i Svenska Kyrkan f\u00f6r Dalstorps f\u00f6rsamling i Kinds pastorat. P\u00e5 den h\u00e4r bloggen skriver jag ner tankar om vandringen som kristen.\",\"sameAs\":[\"http:\/\/www.vandravagen.se\"],\"url\":\"https:\/\/blogg.svenskakyrkan.se\/vandravagen\/author\/vandravagen\/\"}]}<\/script>\n<!-- \/ Yoast SEO plugin. -->","yoast_head_json":{"title":"Barn \u00e4r inga gnostiker - Vandra V\u00e4gen","robots":{"index":"index","follow":"follow","max-snippet":"max-snippet:-1","max-image-preview":"max-image-preview:large","max-video-preview":"max-video-preview:-1"},"canonical":"https:\/\/blogg.svenskakyrkan.se\/vandravagen\/2013\/01\/11\/barn-ar-inga-gnostiker\/","og_locale":"sv_SE","og_type":"article","og_title":"Barn \u00e4r inga gnostiker - Vandra V\u00e4gen","og_description":"Glada barn! Jesus har sagt att vi m\u00e5ste bli som barn eftersom himmelriket tillh\u00f6r dem. Det kan man meditera l\u00e4nge \u00f6ver f\u00f6r det rymmer verkligen mycket av b\u00e5de vishet och utmaning. Idag t\u00e4nker jag p\u00e5 en aspekt. Barn \u00e4r inga gnostiker. Gnostikerna var och \u00e4r en religi\u00f6s riktning som gjorde stor \u00e5tskillnad mellan materia och [&hellip;]","og_url":"https:\/\/blogg.svenskakyrkan.se\/vandravagen\/2013\/01\/11\/barn-ar-inga-gnostiker\/","og_site_name":"Vandra V\u00e4gen","article_publisher":"http:\/\/facebook.com\/vandravagen","article_published_time":"2013-01-11T08:13:00+00:00","og_image":[{"url":"http:\/\/4.bp.blogspot.com\/-vBbpQs8V--w\/T0U9XS547iI\/AAAAAAAAAFQ\/M2rCt23E6Cw\/s400\/IMG_0450.JPG","type":"","width":"","height":""}],"author":"Tomas Jarvid","twitter_card":"summary_large_image","twitter_creator":"@fadertomas","twitter_site":"@fadertomas","twitter_misc":{"Skriven av":"Tomas Jarvid","Ber\u00e4knad l\u00e4stid":"2 minuter"},"schema":{"@context":"https:\/\/schema.org","@graph":[{"@type":"Article","@id":"https:\/\/blogg.svenskakyrkan.se\/vandravagen\/2013\/01\/11\/barn-ar-inga-gnostiker\/#article","isPartOf":{"@id":"https:\/\/blogg.svenskakyrkan.se\/vandravagen\/2013\/01\/11\/barn-ar-inga-gnostiker\/"},"author":{"name":"Tomas Jarvid","@id":"https:\/\/blogg.svenskakyrkan.se\/vandravagen\/#\/schema\/person\/25da02d4f76b137d04291711e2c9fc16"},"headline":"Barn \u00e4r inga gnostiker","datePublished":"2013-01-11T08:13:00+00:00","mainEntityOfPage":{"@id":"https:\/\/blogg.svenskakyrkan.se\/vandravagen\/2013\/01\/11\/barn-ar-inga-gnostiker\/"},"wordCount":383,"commentCount":0,"publisher":{"@id":"https:\/\/blogg.svenskakyrkan.se\/vandravagen\/#organization"},"image":{"@id":"https:\/\/blogg.svenskakyrkan.se\/vandravagen\/2013\/01\/11\/barn-ar-inga-gnostiker\/#primaryimage"},"thumbnailUrl":"http:\/\/4.bp.blogspot.com\/-vBbpQs8V--w\/T0U9XS547iI\/AAAAAAAAAFQ\/M2rCt23E6Cw\/s400\/IMG_0450.JPG","articleSection":["andlighet","Teologi","vara m\u00e4nniska"],"inLanguage":"sv-SE","potentialAction":[{"@type":"CommentAction","name":"Comment","target":["https:\/\/blogg.svenskakyrkan.se\/vandravagen\/2013\/01\/11\/barn-ar-inga-gnostiker\/#respond"]}]},{"@type":"WebPage","@id":"https:\/\/blogg.svenskakyrkan.se\/vandravagen\/2013\/01\/11\/barn-ar-inga-gnostiker\/","url":"https:\/\/blogg.svenskakyrkan.se\/vandravagen\/2013\/01\/11\/barn-ar-inga-gnostiker\/","name":"Barn \u00e4r inga gnostiker - Vandra V\u00e4gen","isPartOf":{"@id":"https:\/\/blogg.svenskakyrkan.se\/vandravagen\/#website"},"primaryImageOfPage":{"@id":"https:\/\/blogg.svenskakyrkan.se\/vandravagen\/2013\/01\/11\/barn-ar-inga-gnostiker\/#primaryimage"},"image":{"@id":"https:\/\/blogg.svenskakyrkan.se\/vandravagen\/2013\/01\/11\/barn-ar-inga-gnostiker\/#primaryimage"},"thumbnailUrl":"http:\/\/4.bp.blogspot.com\/-vBbpQs8V--w\/T0U9XS547iI\/AAAAAAAAAFQ\/M2rCt23E6Cw\/s400\/IMG_0450.JPG","datePublished":"2013-01-11T08:13:00+00:00","breadcrumb":{"@id":"https:\/\/blogg.svenskakyrkan.se\/vandravagen\/2013\/01\/11\/barn-ar-inga-gnostiker\/#breadcrumb"},"inLanguage":"sv-SE","potentialAction":[{"@type":"ReadAction","target":["https:\/\/blogg.svenskakyrkan.se\/vandravagen\/2013\/01\/11\/barn-ar-inga-gnostiker\/"]}]},{"@type":"ImageObject","inLanguage":"sv-SE","@id":"https:\/\/blogg.svenskakyrkan.se\/vandravagen\/2013\/01\/11\/barn-ar-inga-gnostiker\/#primaryimage","url":"http:\/\/4.bp.blogspot.com\/-vBbpQs8V--w\/T0U9XS547iI\/AAAAAAAAAFQ\/M2rCt23E6Cw\/s400\/IMG_0450.JPG","contentUrl":"http:\/\/4.bp.blogspot.com\/-vBbpQs8V--w\/T0U9XS547iI\/AAAAAAAAAFQ\/M2rCt23E6Cw\/s400\/IMG_0450.JPG"},{"@type":"BreadcrumbList","@id":"https:\/\/blogg.svenskakyrkan.se\/vandravagen\/2013\/01\/11\/barn-ar-inga-gnostiker\/#breadcrumb","itemListElement":[{"@type":"ListItem","position":1,"name":"Hem","item":"https:\/\/blogg.svenskakyrkan.se\/vandravagen\/"},{"@type":"ListItem","position":2,"name":"Barn \u00e4r inga gnostiker"}]},{"@type":"WebSite","@id":"https:\/\/blogg.svenskakyrkan.se\/vandravagen\/#website","url":"https:\/\/blogg.svenskakyrkan.se\/vandravagen\/","name":"Vandra V\u00e4gen","description":"-Mot en tro f\u00f6r hela livet","publisher":{"@id":"https:\/\/blogg.svenskakyrkan.se\/vandravagen\/#organization"},"potentialAction":[{"@type":"SearchAction","target":{"@type":"EntryPoint","urlTemplate":"https:\/\/blogg.svenskakyrkan.se\/vandravagen\/?s={search_term_string}"},"query-input":{"@type":"PropertyValueSpecification","valueRequired":true,"valueName":"search_term_string"}}],"inLanguage":"sv-SE"},{"@type":"Organization","@id":"https:\/\/blogg.svenskakyrkan.se\/vandravagen\/#organization","name":"ulricehamns pastorat","alternateName":"ulricehamns pastorat","url":"https:\/\/blogg.svenskakyrkan.se\/vandravagen\/","logo":{"@type":"ImageObject","inLanguage":"sv-SE","@id":"https:\/\/blogg.svenskakyrkan.se\/vandravagen\/#\/schema\/logo\/image\/","url":"https:\/\/blogg.svenskakyrkan.se\/vandravagen\/files\/2023\/05\/Ulr_logo_RGB.png","contentUrl":"https:\/\/blogg.svenskakyrkan.se\/vandravagen\/files\/2023\/05\/Ulr_logo_RGB.png","width":205,"height":77,"caption":"ulricehamns pastorat"},"image":{"@id":"https:\/\/blogg.svenskakyrkan.se\/vandravagen\/#\/schema\/logo\/image\/"},"sameAs":["http:\/\/facebook.com\/vandravagen","https:\/\/x.com\/fadertomas","http:\/\/www.facebook.com\/svenskakyrkaniulricehamn"]},{"@type":"Person","@id":"https:\/\/blogg.svenskakyrkan.se\/vandravagen\/#\/schema\/person\/25da02d4f76b137d04291711e2c9fc16","name":"Tomas Jarvid","image":{"@type":"ImageObject","inLanguage":"sv-SE","@id":"https:\/\/blogg.svenskakyrkan.se\/vandravagen\/#\/schema\/person\/image\/","url":"https:\/\/secure.gravatar.com\/avatar\/7fa71899795e8f540f615a1f5ab25255dc27aa40f05ee7ddd21aac521e01bf50?s=96&d=identicon&r=g","contentUrl":"https:\/\/secure.gravatar.com\/avatar\/7fa71899795e8f540f615a1f5ab25255dc27aa40f05ee7ddd21aac521e01bf50?s=96&d=identicon&r=g","caption":"Tomas Jarvid"},"description":"Jag bor i Ulricehamn i V\u00e4sterg\u00f6tland och \u00e4r f\u00f6rsamlingspr\u00e4st i Svenska Kyrkan f\u00f6r Dalstorps f\u00f6rsamling i Kinds pastorat. P\u00e5 den h\u00e4r bloggen skriver jag ner tankar om vandringen som kristen.","sameAs":["http:\/\/www.vandravagen.se"],"url":"https:\/\/blogg.svenskakyrkan.se\/vandravagen\/author\/vandravagen\/"}]}},"author_meta":{"ID":"392","user_nicename":"vandravagen","user_url":"http:\/\/www.vandravagen.se","user_registered":"2014-05-19 05:44:52","display_name":"Tomas Jarvid","first_name":"Tomas","last_name":"Jarvid","avatar":"https:\/\/secure.gravatar.com\/avatar\/7fa71899795e8f540f615a1f5ab25255dc27aa40f05ee7ddd21aac521e01bf50?s=96&d=identicon&r=g"},"featured_image":false,"bloginfo":{"name":"Vandra V\u00e4gen","url":"https:\/\/blogg.svenskakyrkan.se\/vandravagen"},"_links":{"self":[{"href":"https:\/\/blogg.svenskakyrkan.se\/vandravagen\/wp-json\/wp\/v2\/posts\/770","targetHints":{"allow":["GET"]}}],"collection":[{"href":"https:\/\/blogg.svenskakyrkan.se\/vandravagen\/wp-json\/wp\/v2\/posts"}],"about":[{"href":"https:\/\/blogg.svenskakyrkan.se\/vandravagen\/wp-json\/wp\/v2\/types\/post"}],"author":[{"embeddable":true,"href":"https:\/\/blogg.svenskakyrkan.se\/vandravagen\/wp-json\/wp\/v2\/users\/392"}],"replies":[{"embeddable":true,"href":"https:\/\/blogg.svenskakyrkan.se\/vandravagen\/wp-json\/wp\/v2\/comments?post=770"}],"version-history":[{"count":0,"href":"https:\/\/blogg.svenskakyrkan.se\/vandravagen\/wp-json\/wp\/v2\/posts\/770\/revisions"}],"wp:attachment":[{"href":"https:\/\/blogg.svenskakyrkan.se\/vandravagen\/wp-json\/wp\/v2\/media?parent=770"}],"wp:term":[{"taxonomy":"category","embeddable":true,"href":"https:\/\/blogg.svenskakyrkan.se\/vandravagen\/wp-json\/wp\/v2\/categories?post=770"},{"taxonomy":"post_tag","embeddable":true,"href":"https:\/\/blogg.svenskakyrkan.se\/vandravagen\/wp-json\/wp\/v2\/tags?post=770"}],"curies":[{"name":"wp","href":"https:\/\/api.w.org\/{rel}","templated":true}]}}