{"id":7705,"date":"2020-03-25T07:00:00","date_gmt":"2020-03-25T06:00:00","guid":{"rendered":"http:\/\/blogg.svenskakyrkan.se\/vandravagen\/?p=7705"},"modified":"2020-03-24T22:54:57","modified_gmt":"2020-03-24T21:54:57","slug":"draksjukan","status":"publish","type":"post","link":"https:\/\/blogg.svenskakyrkan.se\/vandravagen\/2020\/03\/25\/draksjukan\/","title":{"rendered":"Draksjukan"},"content":{"rendered":"\n\n\n<figure class=\"wp-block-image size-large\"><img loading=\"lazy\" decoding=\"async\" width=\"1024\" height=\"528\" src=\"https:\/\/blogg.svenskakyrkan.se\/vandravagen\/files\/2020\/03\/IMG_3702-1024x528.jpg\" alt=\"\" class=\"wp-image-7753\" srcset=\"https:\/\/blogg.svenskakyrkan.se\/vandravagen\/files\/2020\/03\/IMG_3702-1024x528.jpg 1024w, https:\/\/blogg.svenskakyrkan.se\/vandravagen\/files\/2020\/03\/IMG_3702-300x155.jpg 300w, https:\/\/blogg.svenskakyrkan.se\/vandravagen\/files\/2020\/03\/IMG_3702-768x396.jpg 768w, https:\/\/blogg.svenskakyrkan.se\/vandravagen\/files\/2020\/03\/IMG_3702-1536x793.jpg 1536w, https:\/\/blogg.svenskakyrkan.se\/vandravagen\/files\/2020\/03\/IMG_3702-1200x619.jpg 1200w, https:\/\/blogg.svenskakyrkan.se\/vandravagen\/files\/2020\/03\/IMG_3702.jpg 2000w\" sizes=\"auto, (max-width: 1024px) 100vw, 1024px\" \/><figcaption>Samlare? Medeltida bild p\u00e5 igelkottar som spetsar n\u00e5got slags b\u00e4r p\u00e5 taggarna f\u00f6r att ta med dem hem.<\/figcaption><\/figure>\n\n\n\n<p>Jag har redan skrivit om &#8221;<a href=\"https:\/\/blogg.svenskakyrkan.se\/vandravagen\/2020\/03\/09\/pilgrimen-bilbo-eller-en-prast-laser-hobbiten\/\">pilgrimen Bilbo<\/a>&#8221; och om &#8221;<a href=\"https:\/\/blogg.svenskakyrkan.se\/vandravagen\/2020\/03\/19\/bilbo-och-guds-forsyn\/\">Bilbo och Guds f\u00f6rsyn<\/a>&#8221;, nu \u00e5terst\u00e5r bara en viktig sak fr\u00e5n boken hobbiten. Draksjukan.<\/p>\n\n\n\n<p>Jag har redan n\u00e4mnt att man kan se boken om Bilbo som en enda stor meditation \u00f6ver Jesus ord att &#8221;d\u00e4r din skatt \u00e4r kommer ditt hj\u00e4rta att vara&#8221;. Det f\u00f6rsta som kommer f\u00f6r oss \u00e4r f\u00f6rst\u00e5s det uppenbara; den stora giriga draken Smaug som ligger och gl\u00f6der n\u00f6jd p\u00e5 sin stora h\u00f6g av r\u00f6vat guld nere i ensamma bergets m\u00f6rker. <\/p>\n\n\n\n<p>Han har egentligen inte n\u00e5gon nytta av n\u00e5gon skatt (f\u00f6r han \u00e4r ju en drake och handlar inte saker) men han \u00e4r \u00e4nd\u00e5 besatt av den s\u00e5 till den grad att han blir galen av ilska n\u00e4r Bilbo tagit en enda gyllene b\u00e4gare och burit bort den fr\u00e5n hans guldh\u00f6g. Han blir s\u00e5 arg att han anfaller och f\u00f6rst\u00f6r hela Sj\u00f6staden. <\/p>\n\n\n\n<p>Men Smaug \u00e4r inte den enda som drabbas av draksjukan. Dv\u00e4rgarna (s\u00e4rskilt Thorin) blir snabbt som besatta av guldet och kan inte p\u00e5 n\u00e5gra villkor dela med sig av det till andra. Ett annat exempel \u00e4r Sj\u00f6stadens herre som faktiskt till slut stj\u00e4l stadens andel och sv\u00e4lter ihj\u00e4l ute i \u00f6demarken med sitt k\u00e4ra guld. Till detta kommer ocks\u00e5 att b\u00e5de v\u00e4ttar och alver och m\u00e4nniskor g\u00f6r sitt f\u00f6r att komma \u00e5t gulden. <\/p>\n\n\n\n<p>I boken verkar det h\u00e4r f\u00f6rklaras med att guldet \u00e4r f\u00f6rtrollat eftersom en drake legat p\u00e5 det men man kan ju undra. Pengar har ju ganska rysliga effekter p\u00e5 folk \u00e4ven i v\u00e5r egen v\u00e4rld, jag vet flera exempel d\u00e4r jag sj\u00e4lv t\u00e4nkt i termer av drakguld av pengar som f\u00e5r folk att agera mycket m\u00e4rkligt och inte s\u00e5 v\u00e4rst k\u00e4rleksfullt.<\/p>\n\n\n\n<p>Men Bilbo d\u00e5? Han plockar till en b\u00f6rjan ocks\u00e5 p\u00e5 sig av skatten, den m\u00e4ktiga &#8221;arkenstenen&#8221;. Han k\u00e4nner lockelsen men n\u00e4r han ser vad skatten g\u00f6r med dv\u00e4rgarna k\u00e4nner han avsmak och ger bort den f\u00f6r att skapa fred. Den gode ledare Bard k\u00e4nnetecknas ocks\u00e5 av ett avsp\u00e4nt f\u00f6rh\u00e5llande till guldet. <\/p>\n\n\n\n<p>Grejen med Bilbo \u00e4r att han ju faktiskt redan tidigare l\u00e4mnat sin skatt bakom sig, n\u00e4mligen sitt \u00e4lskade ombonade hem i Fylke. D\u00e4r finns det en liknande frestelse f\u00f6r honom. Men han f\u00e5r bryta upp (som pilgrim typ) och m\u00f6ta andra v\u00e4lg\u00f6rande perspektiv (som m\u00f6tet med Beorn som lever i samklang med hela skapelsen) som f\u00f6r\u00e4ndrar hans syn p\u00e5 saken. Man skulle ocks\u00e5 kunna uttrycka det som att han b\u00f6rjat samla p\u00e5 andra slags skatter som v\u00e4nskap och att hitta sitt sanna jag och s\u00e5dant som ers\u00e4tter hans dr\u00f6mmar om att \u00e4ga f\u00f6r egen del.<\/p>\n\n\n\n<p>Till slut veknar faktiskt Thorin p\u00e5 sin d\u00f6dsb\u00e4dd och ber Bilbo om f\u00f6rl\u00e5telse. Det \u00e4r kanske delvis det stora slaget och insikten om att han ska snart ska d\u00f6 som f\u00f6r\u00e4ndrar honom (d\u00f6den \u00e4r en skicklig l\u00e4rare) men han har ocks\u00e5 tagit intryck av Bilbos f\u00f6rh\u00e5llningss\u00e4tt. <\/p>\n\n\n\n<p>Ber\u00e4ttelser \u00e4r s\u00e5 otroligt starka. Nu har vi pl\u00f6tsligt inte bara vaga tankar om att det nog inte \u00e4r s\u00e5 stora faror med \u00e4gandet eller om att marknaden \u00e4nd\u00e5 styr allt i v\u00e4rlden r\u00e4tt bra, utan vi f\u00e5r till det l\u00e4gga att se framf\u00f6r oss hur draken Smaug ligger och gl\u00f6der l\u00f6mskt p\u00e5 allt sitt guld, som nu blivit hans gud.<\/p>\n\n\n\n<p>Det \u00e4r s\u00e5 otroligt l\u00e4tt att se exempel p\u00e5 draksjuka i sin omv\u00e4rld. Fast sv\u00e5rare att se den hos sig sj\u00e4lv? Vi \u00e4r ju bra p\u00e5 att lura oss, och f\u00f6r den delen p\u00e5 att lura varandra och d\u00f6lja v\u00e5rt habeg\u00e4r s\u00e5 det ser finare ut. Men hur t\u00e4nker du om detta med draksjukan? Skriv en kommentar!<\/p>\n","protected":false},"excerpt":{"rendered":"<p>Jag har redan skrivit om &#8221;pilgrimen Bilbo&#8221; och om &#8221;Bilbo och Guds f\u00f6rsyn&#8221;, nu \u00e5terst\u00e5r bara en viktig sak fr\u00e5n boken hobbiten. Draksjukan. Jag har redan n\u00e4mnt att man kan se boken om Bilbo som en enda stor meditation \u00f6ver Jesus ord att &#8221;d\u00e4r din skatt \u00e4r kommer ditt hj\u00e4rta att vara&#8221;. Det f\u00f6rsta som [&hellip;]<\/p>\n","protected":false},"author":392,"featured_media":7753,"comment_status":"open","ping_status":"open","sticky":false,"template":"","format":"standard","meta":{"_acf_changed":false,"footnotes":""},"categories":[8253,42374,117,77554],"tags":[],"class_list":["post-7705","post","type-post","status-publish","format-standard","has-post-thumbnail","hentry","category-bocker","category-boktips","category-teologi","category-vara-manniska"],"acf":[],"yoast_head":"<!-- This site is optimized with the Yoast SEO plugin v27.1.1 - https:\/\/yoast.com\/product\/yoast-seo-wordpress\/ -->\n<title>Draksjukan - Vandra V\u00e4gen<\/title>\n<meta name=\"robots\" content=\"index, follow, max-snippet:-1, max-image-preview:large, max-video-preview:-1\" \/>\n<link rel=\"canonical\" href=\"https:\/\/blogg.svenskakyrkan.se\/vandravagen\/2020\/03\/25\/draksjukan\/\" \/>\n<meta property=\"og:locale\" content=\"sv_SE\" \/>\n<meta property=\"og:type\" content=\"article\" \/>\n<meta property=\"og:title\" content=\"Draksjukan - Vandra V\u00e4gen\" \/>\n<meta property=\"og:description\" content=\"Jag har redan skrivit om &#8221;pilgrimen Bilbo&#8221; och om &#8221;Bilbo och Guds f\u00f6rsyn&#8221;, nu \u00e5terst\u00e5r bara en viktig sak fr\u00e5n boken hobbiten. Draksjukan. Jag har redan n\u00e4mnt att man kan se boken om Bilbo som en enda stor meditation \u00f6ver Jesus ord att &#8221;d\u00e4r din skatt \u00e4r kommer ditt hj\u00e4rta att vara&#8221;. Det f\u00f6rsta som [&hellip;]\" \/>\n<meta property=\"og:url\" content=\"https:\/\/blogg.svenskakyrkan.se\/vandravagen\/2020\/03\/25\/draksjukan\/\" \/>\n<meta property=\"og:site_name\" content=\"Vandra V\u00e4gen\" \/>\n<meta property=\"article:publisher\" content=\"http:\/\/facebook.com\/vandravagen\" \/>\n<meta property=\"article:published_time\" content=\"2020-03-25T06:00:00+00:00\" \/>\n<meta property=\"og:image\" content=\"https:\/\/blogg.svenskakyrkan.se\/vandravagen\/files\/2020\/03\/IMG_3702.jpg\" \/>\n\t<meta property=\"og:image:width\" content=\"2000\" \/>\n\t<meta property=\"og:image:height\" content=\"1032\" \/>\n\t<meta property=\"og:image:type\" content=\"image\/jpeg\" \/>\n<meta name=\"author\" content=\"Tomas Jarvid\" \/>\n<meta name=\"twitter:card\" content=\"summary_large_image\" \/>\n<meta name=\"twitter:creator\" content=\"@fadertomas\" \/>\n<meta name=\"twitter:site\" content=\"@fadertomas\" \/>\n<meta name=\"twitter:label1\" content=\"Skriven av\" \/>\n\t<meta name=\"twitter:data1\" content=\"Tomas Jarvid\" \/>\n\t<meta name=\"twitter:label2\" content=\"Ber\u00e4knad l\u00e4stid\" \/>\n\t<meta name=\"twitter:data2\" content=\"4 minuter\" \/>\n<script type=\"application\/ld+json\" class=\"yoast-schema-graph\">{\"@context\":\"https:\/\/schema.org\",\"@graph\":[{\"@type\":\"Article\",\"@id\":\"https:\/\/blogg.svenskakyrkan.se\/vandravagen\/2020\/03\/25\/draksjukan\/#article\",\"isPartOf\":{\"@id\":\"https:\/\/blogg.svenskakyrkan.se\/vandravagen\/2020\/03\/25\/draksjukan\/\"},\"author\":{\"name\":\"Tomas Jarvid\",\"@id\":\"https:\/\/blogg.svenskakyrkan.se\/vandravagen\/#\/schema\/person\/25da02d4f76b137d04291711e2c9fc16\"},\"headline\":\"Draksjukan\",\"datePublished\":\"2020-03-25T06:00:00+00:00\",\"mainEntityOfPage\":{\"@id\":\"https:\/\/blogg.svenskakyrkan.se\/vandravagen\/2020\/03\/25\/draksjukan\/\"},\"wordCount\":719,\"commentCount\":0,\"publisher\":{\"@id\":\"https:\/\/blogg.svenskakyrkan.se\/vandravagen\/#organization\"},\"image\":{\"@id\":\"https:\/\/blogg.svenskakyrkan.se\/vandravagen\/2020\/03\/25\/draksjukan\/#primaryimage\"},\"thumbnailUrl\":\"https:\/\/blogg.svenskakyrkan.se\/vandravagen\/files\/2020\/03\/IMG_3702.jpg\",\"articleSection\":[\"b\u00f6cker\",\"boktips\",\"Teologi\",\"vara m\u00e4nniska\"],\"inLanguage\":\"sv-SE\",\"potentialAction\":[{\"@type\":\"CommentAction\",\"name\":\"Comment\",\"target\":[\"https:\/\/blogg.svenskakyrkan.se\/vandravagen\/2020\/03\/25\/draksjukan\/#respond\"]}]},{\"@type\":\"WebPage\",\"@id\":\"https:\/\/blogg.svenskakyrkan.se\/vandravagen\/2020\/03\/25\/draksjukan\/\",\"url\":\"https:\/\/blogg.svenskakyrkan.se\/vandravagen\/2020\/03\/25\/draksjukan\/\",\"name\":\"Draksjukan - Vandra V\u00e4gen\",\"isPartOf\":{\"@id\":\"https:\/\/blogg.svenskakyrkan.se\/vandravagen\/#website\"},\"primaryImageOfPage\":{\"@id\":\"https:\/\/blogg.svenskakyrkan.se\/vandravagen\/2020\/03\/25\/draksjukan\/#primaryimage\"},\"image\":{\"@id\":\"https:\/\/blogg.svenskakyrkan.se\/vandravagen\/2020\/03\/25\/draksjukan\/#primaryimage\"},\"thumbnailUrl\":\"https:\/\/blogg.svenskakyrkan.se\/vandravagen\/files\/2020\/03\/IMG_3702.jpg\",\"datePublished\":\"2020-03-25T06:00:00+00:00\",\"breadcrumb\":{\"@id\":\"https:\/\/blogg.svenskakyrkan.se\/vandravagen\/2020\/03\/25\/draksjukan\/#breadcrumb\"},\"inLanguage\":\"sv-SE\",\"potentialAction\":[{\"@type\":\"ReadAction\",\"target\":[\"https:\/\/blogg.svenskakyrkan.se\/vandravagen\/2020\/03\/25\/draksjukan\/\"]}]},{\"@type\":\"ImageObject\",\"inLanguage\":\"sv-SE\",\"@id\":\"https:\/\/blogg.svenskakyrkan.se\/vandravagen\/2020\/03\/25\/draksjukan\/#primaryimage\",\"url\":\"https:\/\/blogg.svenskakyrkan.se\/vandravagen\/files\/2020\/03\/IMG_3702.jpg\",\"contentUrl\":\"https:\/\/blogg.svenskakyrkan.se\/vandravagen\/files\/2020\/03\/IMG_3702.jpg\",\"width\":2000,\"height\":1032},{\"@type\":\"BreadcrumbList\",\"@id\":\"https:\/\/blogg.svenskakyrkan.se\/vandravagen\/2020\/03\/25\/draksjukan\/#breadcrumb\",\"itemListElement\":[{\"@type\":\"ListItem\",\"position\":1,\"name\":\"Hem\",\"item\":\"https:\/\/blogg.svenskakyrkan.se\/vandravagen\/\"},{\"@type\":\"ListItem\",\"position\":2,\"name\":\"Draksjukan\"}]},{\"@type\":\"WebSite\",\"@id\":\"https:\/\/blogg.svenskakyrkan.se\/vandravagen\/#website\",\"url\":\"https:\/\/blogg.svenskakyrkan.se\/vandravagen\/\",\"name\":\"Vandra V\u00e4gen\",\"description\":\"-Mot en tro f\u00f6r hela livet\",\"publisher\":{\"@id\":\"https:\/\/blogg.svenskakyrkan.se\/vandravagen\/#organization\"},\"potentialAction\":[{\"@type\":\"SearchAction\",\"target\":{\"@type\":\"EntryPoint\",\"urlTemplate\":\"https:\/\/blogg.svenskakyrkan.se\/vandravagen\/?s={search_term_string}\"},\"query-input\":{\"@type\":\"PropertyValueSpecification\",\"valueRequired\":true,\"valueName\":\"search_term_string\"}}],\"inLanguage\":\"sv-SE\"},{\"@type\":\"Organization\",\"@id\":\"https:\/\/blogg.svenskakyrkan.se\/vandravagen\/#organization\",\"name\":\"ulricehamns pastorat\",\"alternateName\":\"ulricehamns pastorat\",\"url\":\"https:\/\/blogg.svenskakyrkan.se\/vandravagen\/\",\"logo\":{\"@type\":\"ImageObject\",\"inLanguage\":\"sv-SE\",\"@id\":\"https:\/\/blogg.svenskakyrkan.se\/vandravagen\/#\/schema\/logo\/image\/\",\"url\":\"https:\/\/blogg.svenskakyrkan.se\/vandravagen\/files\/2023\/05\/Ulr_logo_RGB.png\",\"contentUrl\":\"https:\/\/blogg.svenskakyrkan.se\/vandravagen\/files\/2023\/05\/Ulr_logo_RGB.png\",\"width\":205,\"height\":77,\"caption\":\"ulricehamns pastorat\"},\"image\":{\"@id\":\"https:\/\/blogg.svenskakyrkan.se\/vandravagen\/#\/schema\/logo\/image\/\"},\"sameAs\":[\"http:\/\/facebook.com\/vandravagen\",\"https:\/\/x.com\/fadertomas\",\"http:\/\/www.facebook.com\/svenskakyrkaniulricehamn\"]},{\"@type\":\"Person\",\"@id\":\"https:\/\/blogg.svenskakyrkan.se\/vandravagen\/#\/schema\/person\/25da02d4f76b137d04291711e2c9fc16\",\"name\":\"Tomas Jarvid\",\"image\":{\"@type\":\"ImageObject\",\"inLanguage\":\"sv-SE\",\"@id\":\"https:\/\/blogg.svenskakyrkan.se\/vandravagen\/#\/schema\/person\/image\/\",\"url\":\"https:\/\/secure.gravatar.com\/avatar\/7fa71899795e8f540f615a1f5ab25255dc27aa40f05ee7ddd21aac521e01bf50?s=96&d=identicon&r=g\",\"contentUrl\":\"https:\/\/secure.gravatar.com\/avatar\/7fa71899795e8f540f615a1f5ab25255dc27aa40f05ee7ddd21aac521e01bf50?s=96&d=identicon&r=g\",\"caption\":\"Tomas Jarvid\"},\"description\":\"Jag bor i Ulricehamn i V\u00e4sterg\u00f6tland och \u00e4r f\u00f6rsamlingspr\u00e4st i Svenska Kyrkan f\u00f6r Dalstorps f\u00f6rsamling i Kinds pastorat. P\u00e5 den h\u00e4r bloggen skriver jag ner tankar om vandringen som kristen.\",\"sameAs\":[\"http:\/\/www.vandravagen.se\"],\"url\":\"https:\/\/blogg.svenskakyrkan.se\/vandravagen\/author\/vandravagen\/\"}]}<\/script>\n<!-- \/ Yoast SEO plugin. -->","yoast_head_json":{"title":"Draksjukan - Vandra V\u00e4gen","robots":{"index":"index","follow":"follow","max-snippet":"max-snippet:-1","max-image-preview":"max-image-preview:large","max-video-preview":"max-video-preview:-1"},"canonical":"https:\/\/blogg.svenskakyrkan.se\/vandravagen\/2020\/03\/25\/draksjukan\/","og_locale":"sv_SE","og_type":"article","og_title":"Draksjukan - Vandra V\u00e4gen","og_description":"Jag har redan skrivit om &#8221;pilgrimen Bilbo&#8221; och om &#8221;Bilbo och Guds f\u00f6rsyn&#8221;, nu \u00e5terst\u00e5r bara en viktig sak fr\u00e5n boken hobbiten. Draksjukan. Jag har redan n\u00e4mnt att man kan se boken om Bilbo som en enda stor meditation \u00f6ver Jesus ord att &#8221;d\u00e4r din skatt \u00e4r kommer ditt hj\u00e4rta att vara&#8221;. Det f\u00f6rsta som [&hellip;]","og_url":"https:\/\/blogg.svenskakyrkan.se\/vandravagen\/2020\/03\/25\/draksjukan\/","og_site_name":"Vandra V\u00e4gen","article_publisher":"http:\/\/facebook.com\/vandravagen","article_published_time":"2020-03-25T06:00:00+00:00","og_image":[{"width":2000,"height":1032,"url":"https:\/\/blogg.svenskakyrkan.se\/vandravagen\/files\/2020\/03\/IMG_3702.jpg","type":"image\/jpeg"}],"author":"Tomas Jarvid","twitter_card":"summary_large_image","twitter_creator":"@fadertomas","twitter_site":"@fadertomas","twitter_misc":{"Skriven av":"Tomas Jarvid","Ber\u00e4knad l\u00e4stid":"4 minuter"},"schema":{"@context":"https:\/\/schema.org","@graph":[{"@type":"Article","@id":"https:\/\/blogg.svenskakyrkan.se\/vandravagen\/2020\/03\/25\/draksjukan\/#article","isPartOf":{"@id":"https:\/\/blogg.svenskakyrkan.se\/vandravagen\/2020\/03\/25\/draksjukan\/"},"author":{"name":"Tomas Jarvid","@id":"https:\/\/blogg.svenskakyrkan.se\/vandravagen\/#\/schema\/person\/25da02d4f76b137d04291711e2c9fc16"},"headline":"Draksjukan","datePublished":"2020-03-25T06:00:00+00:00","mainEntityOfPage":{"@id":"https:\/\/blogg.svenskakyrkan.se\/vandravagen\/2020\/03\/25\/draksjukan\/"},"wordCount":719,"commentCount":0,"publisher":{"@id":"https:\/\/blogg.svenskakyrkan.se\/vandravagen\/#organization"},"image":{"@id":"https:\/\/blogg.svenskakyrkan.se\/vandravagen\/2020\/03\/25\/draksjukan\/#primaryimage"},"thumbnailUrl":"https:\/\/blogg.svenskakyrkan.se\/vandravagen\/files\/2020\/03\/IMG_3702.jpg","articleSection":["b\u00f6cker","boktips","Teologi","vara m\u00e4nniska"],"inLanguage":"sv-SE","potentialAction":[{"@type":"CommentAction","name":"Comment","target":["https:\/\/blogg.svenskakyrkan.se\/vandravagen\/2020\/03\/25\/draksjukan\/#respond"]}]},{"@type":"WebPage","@id":"https:\/\/blogg.svenskakyrkan.se\/vandravagen\/2020\/03\/25\/draksjukan\/","url":"https:\/\/blogg.svenskakyrkan.se\/vandravagen\/2020\/03\/25\/draksjukan\/","name":"Draksjukan - Vandra V\u00e4gen","isPartOf":{"@id":"https:\/\/blogg.svenskakyrkan.se\/vandravagen\/#website"},"primaryImageOfPage":{"@id":"https:\/\/blogg.svenskakyrkan.se\/vandravagen\/2020\/03\/25\/draksjukan\/#primaryimage"},"image":{"@id":"https:\/\/blogg.svenskakyrkan.se\/vandravagen\/2020\/03\/25\/draksjukan\/#primaryimage"},"thumbnailUrl":"https:\/\/blogg.svenskakyrkan.se\/vandravagen\/files\/2020\/03\/IMG_3702.jpg","datePublished":"2020-03-25T06:00:00+00:00","breadcrumb":{"@id":"https:\/\/blogg.svenskakyrkan.se\/vandravagen\/2020\/03\/25\/draksjukan\/#breadcrumb"},"inLanguage":"sv-SE","potentialAction":[{"@type":"ReadAction","target":["https:\/\/blogg.svenskakyrkan.se\/vandravagen\/2020\/03\/25\/draksjukan\/"]}]},{"@type":"ImageObject","inLanguage":"sv-SE","@id":"https:\/\/blogg.svenskakyrkan.se\/vandravagen\/2020\/03\/25\/draksjukan\/#primaryimage","url":"https:\/\/blogg.svenskakyrkan.se\/vandravagen\/files\/2020\/03\/IMG_3702.jpg","contentUrl":"https:\/\/blogg.svenskakyrkan.se\/vandravagen\/files\/2020\/03\/IMG_3702.jpg","width":2000,"height":1032},{"@type":"BreadcrumbList","@id":"https:\/\/blogg.svenskakyrkan.se\/vandravagen\/2020\/03\/25\/draksjukan\/#breadcrumb","itemListElement":[{"@type":"ListItem","position":1,"name":"Hem","item":"https:\/\/blogg.svenskakyrkan.se\/vandravagen\/"},{"@type":"ListItem","position":2,"name":"Draksjukan"}]},{"@type":"WebSite","@id":"https:\/\/blogg.svenskakyrkan.se\/vandravagen\/#website","url":"https:\/\/blogg.svenskakyrkan.se\/vandravagen\/","name":"Vandra V\u00e4gen","description":"-Mot en tro f\u00f6r hela livet","publisher":{"@id":"https:\/\/blogg.svenskakyrkan.se\/vandravagen\/#organization"},"potentialAction":[{"@type":"SearchAction","target":{"@type":"EntryPoint","urlTemplate":"https:\/\/blogg.svenskakyrkan.se\/vandravagen\/?s={search_term_string}"},"query-input":{"@type":"PropertyValueSpecification","valueRequired":true,"valueName":"search_term_string"}}],"inLanguage":"sv-SE"},{"@type":"Organization","@id":"https:\/\/blogg.svenskakyrkan.se\/vandravagen\/#organization","name":"ulricehamns pastorat","alternateName":"ulricehamns pastorat","url":"https:\/\/blogg.svenskakyrkan.se\/vandravagen\/","logo":{"@type":"ImageObject","inLanguage":"sv-SE","@id":"https:\/\/blogg.svenskakyrkan.se\/vandravagen\/#\/schema\/logo\/image\/","url":"https:\/\/blogg.svenskakyrkan.se\/vandravagen\/files\/2023\/05\/Ulr_logo_RGB.png","contentUrl":"https:\/\/blogg.svenskakyrkan.se\/vandravagen\/files\/2023\/05\/Ulr_logo_RGB.png","width":205,"height":77,"caption":"ulricehamns pastorat"},"image":{"@id":"https:\/\/blogg.svenskakyrkan.se\/vandravagen\/#\/schema\/logo\/image\/"},"sameAs":["http:\/\/facebook.com\/vandravagen","https:\/\/x.com\/fadertomas","http:\/\/www.facebook.com\/svenskakyrkaniulricehamn"]},{"@type":"Person","@id":"https:\/\/blogg.svenskakyrkan.se\/vandravagen\/#\/schema\/person\/25da02d4f76b137d04291711e2c9fc16","name":"Tomas Jarvid","image":{"@type":"ImageObject","inLanguage":"sv-SE","@id":"https:\/\/blogg.svenskakyrkan.se\/vandravagen\/#\/schema\/person\/image\/","url":"https:\/\/secure.gravatar.com\/avatar\/7fa71899795e8f540f615a1f5ab25255dc27aa40f05ee7ddd21aac521e01bf50?s=96&d=identicon&r=g","contentUrl":"https:\/\/secure.gravatar.com\/avatar\/7fa71899795e8f540f615a1f5ab25255dc27aa40f05ee7ddd21aac521e01bf50?s=96&d=identicon&r=g","caption":"Tomas Jarvid"},"description":"Jag bor i Ulricehamn i V\u00e4sterg\u00f6tland och \u00e4r f\u00f6rsamlingspr\u00e4st i Svenska Kyrkan f\u00f6r Dalstorps f\u00f6rsamling i Kinds pastorat. P\u00e5 den h\u00e4r bloggen skriver jag ner tankar om vandringen som kristen.","sameAs":["http:\/\/www.vandravagen.se"],"url":"https:\/\/blogg.svenskakyrkan.se\/vandravagen\/author\/vandravagen\/"}]}},"author_meta":{"ID":"392","user_nicename":"vandravagen","user_url":"http:\/\/www.vandravagen.se","user_registered":"2014-05-19 05:44:52","display_name":"Tomas Jarvid","first_name":"Tomas","last_name":"Jarvid","avatar":"https:\/\/secure.gravatar.com\/avatar\/7fa71899795e8f540f615a1f5ab25255dc27aa40f05ee7ddd21aac521e01bf50?s=96&d=identicon&r=g"},"featured_image":["https:\/\/blogg.svenskakyrkan.se\/vandravagen\/files\/2020\/03\/IMG_3702-1024x528.jpg",1024,528,true],"bloginfo":{"name":"Vandra V\u00e4gen","url":"https:\/\/blogg.svenskakyrkan.se\/vandravagen"},"_links":{"self":[{"href":"https:\/\/blogg.svenskakyrkan.se\/vandravagen\/wp-json\/wp\/v2\/posts\/7705","targetHints":{"allow":["GET"]}}],"collection":[{"href":"https:\/\/blogg.svenskakyrkan.se\/vandravagen\/wp-json\/wp\/v2\/posts"}],"about":[{"href":"https:\/\/blogg.svenskakyrkan.se\/vandravagen\/wp-json\/wp\/v2\/types\/post"}],"author":[{"embeddable":true,"href":"https:\/\/blogg.svenskakyrkan.se\/vandravagen\/wp-json\/wp\/v2\/users\/392"}],"replies":[{"embeddable":true,"href":"https:\/\/blogg.svenskakyrkan.se\/vandravagen\/wp-json\/wp\/v2\/comments?post=7705"}],"version-history":[{"count":3,"href":"https:\/\/blogg.svenskakyrkan.se\/vandravagen\/wp-json\/wp\/v2\/posts\/7705\/revisions"}],"predecessor-version":[{"id":7754,"href":"https:\/\/blogg.svenskakyrkan.se\/vandravagen\/wp-json\/wp\/v2\/posts\/7705\/revisions\/7754"}],"wp:featuredmedia":[{"embeddable":true,"href":"https:\/\/blogg.svenskakyrkan.se\/vandravagen\/wp-json\/wp\/v2\/media\/7753"}],"wp:attachment":[{"href":"https:\/\/blogg.svenskakyrkan.se\/vandravagen\/wp-json\/wp\/v2\/media?parent=7705"}],"wp:term":[{"taxonomy":"category","embeddable":true,"href":"https:\/\/blogg.svenskakyrkan.se\/vandravagen\/wp-json\/wp\/v2\/categories?post=7705"},{"taxonomy":"post_tag","embeddable":true,"href":"https:\/\/blogg.svenskakyrkan.se\/vandravagen\/wp-json\/wp\/v2\/tags?post=7705"}],"curies":[{"name":"wp","href":"https:\/\/api.w.org\/{rel}","templated":true}]}}