{"id":771,"date":"2013-01-10T09:26:00","date_gmt":"2013-01-10T08:26:00","guid":{"rendered":"http:\/\/blogg.svenskakyrkan.se\/vandravagen\/2013\/01\/10\/om-girighet-och-givande\/"},"modified":"2013-01-10T09:26:00","modified_gmt":"2013-01-10T08:26:00","slug":"om-girighet-och-givande","status":"publish","type":"post","link":"https:\/\/blogg.svenskakyrkan.se\/vandravagen\/2013\/01\/10\/om-girighet-och-givande\/","title":{"rendered":"Om girighet och givande"},"content":{"rendered":"<table align=\"center\" cellpadding=\"0\" cellspacing=\"0\">\n<tbody>\n<tr>\n<td><a href=\"http:\/\/1.bp.blogspot.com\/-Lu-zfdCi-wk\/UO5s8coV8aI\/AAAAAAAABqM\/U3qfvOBFph4\/s1600\/Tigerhunting1903.jpg\"><img loading=\"lazy\" decoding=\"async\" border=\"0\" height=\"400\" src=\"http:\/\/1.bp.blogspot.com\/-Lu-zfdCi-wk\/UO5s8coV8aI\/AAAAAAAABqM\/U3qfvOBFph4\/s400\/Tigerhunting1903.jpg\" width=\"307\"><\/a><\/td>\n<\/tr>\n<tr>\n<td>\u00c4regirig? F\u00f6r \u00e4ran kan vi d\u00f6da. Tigerjakt i Indien 1903.<\/td>\n<\/tr>\n<\/tbody>\n<\/table>\n<p>Girighet och givande \u00e4r ett \u00e4mne fullt med \u00f6mma t\u00e5r f\u00f6r s\u00e5 gott som var och en av oss. S\u00e5 mycket viktigare att \u00e4gna sig \u00e5t det.<\/p>\n<p>Enligt min fru \u00e4r jag en i \u00f6verkant sparsam person (f\u00f6r att skriva det p\u00e5 ett vackert s\u00e4tt). Utgifter tycker jag inte om och ska jag spendera p\u00e5 mig sj\u00e4lv s\u00e5 sker det aldrig utan noggrann eftertanke. Egentligen r\u00e4tt tydliga signaler om att jag tillm\u00e4ter pengar f\u00f6r mycket v\u00e4rde som det som ger kontroll i tillvaron.<\/p>\n<p>Att ge bort pengar \u00e4r d\u00e5 ett bra s\u00e4tt att g\u00f6ra sig fri fr\u00e5n kraften i \u00e4gandet (\u00e4gandet f\u00e5r namnet &#8221;Mammon&#8221; i ett slags personifierat syns\u00e4tt hos Jesus). Att ge av det man har kan vara ett s\u00e4tt att f\u00f6rlita sig p\u00e5 att det finns en som s\u00f6rjer f\u00f6r oss v\u00e5ra egna resurser f\u00f6rutan. D\u00e4rf\u00f6r kan det mycket v\u00e4l k\u00e4nnas som en stor gl\u00e4dje\/l\u00e4ttnad\/befrielse n\u00e4r vi ger bort n\u00e5got \u00e4ven om det kanske i sanningens namn satt l\u00e5ngt inne.<\/p>\n<p>Talar man om girighet och givande s\u00e5 f\u00e5r i alla fall jag f\u00f6rst och fr\u00e4mst fram en inre bild av kollektb\u00f6ssan (som har sin historiska grund i att vi b\u00e4r fram oss sj\u00e4lva med allt vi \u00e4r och har inf\u00f6r Gud i nattvarden) eller andra former av insamling till v\u00e4lg\u00f6renhet. Det \u00e4r f\u00f6rst\u00e5s bra. B\u00e5de du och jag borde nog ge mer \u00e4n vi g\u00f6r till s\u00e5dant, g\u00e4rna p\u00e5 autogiro s\u00e5 att det blir av. \u00c4nd\u00e5 tror jag inte att det \u00e4r k\u00e4rnan i det hela. Jesus talar snarare om generositet som livsh\u00e5llning. Personligen tror jag det \u00e4r sv\u00e5rare att vara gener\u00f6s i vardagliga situationer \u00e4n n\u00e4r kollektb\u00f6ssan kommer, eller har jag fel h\u00e4r?<\/p>\n<p>Allt vi har och allt vi kan och \u00e4r har vi ytterst sett f\u00e5tt till sk\u00e4nks. Och vi har f\u00e5tt det f\u00f6r att det ska bli till gl\u00e4dje f\u00f6r fler. Ser man p\u00e5 girighet och givande ur det h\u00e4r perspektivet \u00e4r det inte alls s\u00e4kert att det alltid handlar om pengar. Sj\u00e4lv \u00e4r jag ganska om\u00e4ttlig i kunskapst\u00f6rst. Kanske g\u00e4ller det dig med (det g\u00e4llde i alla fall Claude Frollo i Ringaren i Notre Dame s\u00e5 h\u00e4r g\u00e4ller det att vara lite f\u00f6rsiktig)? Samma sak g\u00e4ller d\u00e4r. Det vi kan f\u00e5r vi f\u00f6rs\u00f6ka se till kommer till gl\u00e4dje f\u00f6r fler. Vi f\u00e5r vara gener\u00f6sa ocks\u00e5 med v\u00e5ra talanger och kunskaper.<\/p>\n<p>En sv\u00e5r \u00f6vning f\u00f6r oss som g\u00e4rna vill vinna \u00e4ra n\u00e4r det g\u00e5r. D\u00e5 f\u00f6rs\u00f6ker vi beh\u00e5lla f\u00f6r egen hand, f\u00f6rs\u00f6ker imponera med ist\u00e4llet f\u00f6r att hj\u00e4lpa med.<\/p>\n<p>Sv\u00e5ra saker det h\u00e4r. K\u00e4nner du igen det fr\u00e5n ditt liv? P\u00e5 helt andra omr\u00e5den kanske?<\/p><\/p>\n","protected":false},"excerpt":{"rendered":"<p>\u00c4regirig? F\u00f6r \u00e4ran kan vi d\u00f6da. Tigerjakt i Indien 1903. Girighet och givande \u00e4r ett \u00e4mne fullt med \u00f6mma t\u00e5r f\u00f6r s\u00e5 gott som var och en av oss. S\u00e5 mycket viktigare att \u00e4gna sig \u00e5t det. Enligt min fru \u00e4r jag en i \u00f6verkant sparsam person (f\u00f6r att skriva det p\u00e5 ett vackert s\u00e4tt). [&hellip;]<\/p>\n","protected":false},"author":392,"featured_media":0,"comment_status":"open","ping_status":"open","sticky":false,"template":"","format":"standard","meta":{"_acf_changed":false,"footnotes":""},"categories":[76369,77554],"tags":[],"class_list":["post-771","post","type-post","status-publish","format-standard","hentry","category-andlig-ovning","category-vara-manniska"],"acf":[],"yoast_head":"<!-- This site is optimized with the Yoast SEO plugin v27.1.1 - https:\/\/yoast.com\/product\/yoast-seo-wordpress\/ -->\n<title>Om girighet och givande - Vandra V\u00e4gen<\/title>\n<meta name=\"robots\" content=\"index, follow, max-snippet:-1, max-image-preview:large, max-video-preview:-1\" \/>\n<link rel=\"canonical\" href=\"https:\/\/blogg.svenskakyrkan.se\/vandravagen\/2013\/01\/10\/om-girighet-och-givande\/\" \/>\n<meta property=\"og:locale\" content=\"sv_SE\" \/>\n<meta property=\"og:type\" content=\"article\" \/>\n<meta property=\"og:title\" content=\"Om girighet och givande - Vandra V\u00e4gen\" \/>\n<meta property=\"og:description\" content=\"\u00c4regirig? F\u00f6r \u00e4ran kan vi d\u00f6da. Tigerjakt i Indien 1903. Girighet och givande \u00e4r ett \u00e4mne fullt med \u00f6mma t\u00e5r f\u00f6r s\u00e5 gott som var och en av oss. S\u00e5 mycket viktigare att \u00e4gna sig \u00e5t det. Enligt min fru \u00e4r jag en i \u00f6verkant sparsam person (f\u00f6r att skriva det p\u00e5 ett vackert s\u00e4tt). [&hellip;]\" \/>\n<meta property=\"og:url\" content=\"https:\/\/blogg.svenskakyrkan.se\/vandravagen\/2013\/01\/10\/om-girighet-och-givande\/\" \/>\n<meta property=\"og:site_name\" content=\"Vandra V\u00e4gen\" \/>\n<meta property=\"article:publisher\" content=\"http:\/\/facebook.com\/vandravagen\" \/>\n<meta property=\"article:published_time\" content=\"2013-01-10T08:26:00+00:00\" \/>\n<meta property=\"og:image\" content=\"http:\/\/1.bp.blogspot.com\/-Lu-zfdCi-wk\/UO5s8coV8aI\/AAAAAAAABqM\/U3qfvOBFph4\/s400\/Tigerhunting1903.jpg\" \/>\n<meta name=\"author\" content=\"Tomas Jarvid\" \/>\n<meta name=\"twitter:card\" content=\"summary_large_image\" \/>\n<meta name=\"twitter:creator\" content=\"@fadertomas\" \/>\n<meta name=\"twitter:site\" content=\"@fadertomas\" \/>\n<meta name=\"twitter:label1\" content=\"Skriven av\" \/>\n\t<meta name=\"twitter:data1\" content=\"Tomas Jarvid\" \/>\n\t<meta name=\"twitter:label2\" content=\"Ber\u00e4knad l\u00e4stid\" \/>\n\t<meta name=\"twitter:data2\" content=\"3 minuter\" \/>\n<script type=\"application\/ld+json\" class=\"yoast-schema-graph\">{\"@context\":\"https:\/\/schema.org\",\"@graph\":[{\"@type\":\"Article\",\"@id\":\"https:\/\/blogg.svenskakyrkan.se\/vandravagen\/2013\/01\/10\/om-girighet-och-givande\/#article\",\"isPartOf\":{\"@id\":\"https:\/\/blogg.svenskakyrkan.se\/vandravagen\/2013\/01\/10\/om-girighet-och-givande\/\"},\"author\":{\"name\":\"Tomas Jarvid\",\"@id\":\"https:\/\/blogg.svenskakyrkan.se\/vandravagen\/#\/schema\/person\/25da02d4f76b137d04291711e2c9fc16\"},\"headline\":\"Om girighet och givande\",\"datePublished\":\"2013-01-10T08:26:00+00:00\",\"mainEntityOfPage\":{\"@id\":\"https:\/\/blogg.svenskakyrkan.se\/vandravagen\/2013\/01\/10\/om-girighet-och-givande\/\"},\"wordCount\":543,\"commentCount\":3,\"publisher\":{\"@id\":\"https:\/\/blogg.svenskakyrkan.se\/vandravagen\/#organization\"},\"image\":{\"@id\":\"https:\/\/blogg.svenskakyrkan.se\/vandravagen\/2013\/01\/10\/om-girighet-och-givande\/#primaryimage\"},\"thumbnailUrl\":\"http:\/\/1.bp.blogspot.com\/-Lu-zfdCi-wk\/UO5s8coV8aI\/AAAAAAAABqM\/U3qfvOBFph4\/s400\/Tigerhunting1903.jpg\",\"articleSection\":[\"andlig \u00f6vning\",\"vara m\u00e4nniska\"],\"inLanguage\":\"sv-SE\",\"potentialAction\":[{\"@type\":\"CommentAction\",\"name\":\"Comment\",\"target\":[\"https:\/\/blogg.svenskakyrkan.se\/vandravagen\/2013\/01\/10\/om-girighet-och-givande\/#respond\"]}]},{\"@type\":\"WebPage\",\"@id\":\"https:\/\/blogg.svenskakyrkan.se\/vandravagen\/2013\/01\/10\/om-girighet-och-givande\/\",\"url\":\"https:\/\/blogg.svenskakyrkan.se\/vandravagen\/2013\/01\/10\/om-girighet-och-givande\/\",\"name\":\"Om girighet och givande - Vandra V\u00e4gen\",\"isPartOf\":{\"@id\":\"https:\/\/blogg.svenskakyrkan.se\/vandravagen\/#website\"},\"primaryImageOfPage\":{\"@id\":\"https:\/\/blogg.svenskakyrkan.se\/vandravagen\/2013\/01\/10\/om-girighet-och-givande\/#primaryimage\"},\"image\":{\"@id\":\"https:\/\/blogg.svenskakyrkan.se\/vandravagen\/2013\/01\/10\/om-girighet-och-givande\/#primaryimage\"},\"thumbnailUrl\":\"http:\/\/1.bp.blogspot.com\/-Lu-zfdCi-wk\/UO5s8coV8aI\/AAAAAAAABqM\/U3qfvOBFph4\/s400\/Tigerhunting1903.jpg\",\"datePublished\":\"2013-01-10T08:26:00+00:00\",\"breadcrumb\":{\"@id\":\"https:\/\/blogg.svenskakyrkan.se\/vandravagen\/2013\/01\/10\/om-girighet-och-givande\/#breadcrumb\"},\"inLanguage\":\"sv-SE\",\"potentialAction\":[{\"@type\":\"ReadAction\",\"target\":[\"https:\/\/blogg.svenskakyrkan.se\/vandravagen\/2013\/01\/10\/om-girighet-och-givande\/\"]}]},{\"@type\":\"ImageObject\",\"inLanguage\":\"sv-SE\",\"@id\":\"https:\/\/blogg.svenskakyrkan.se\/vandravagen\/2013\/01\/10\/om-girighet-och-givande\/#primaryimage\",\"url\":\"http:\/\/1.bp.blogspot.com\/-Lu-zfdCi-wk\/UO5s8coV8aI\/AAAAAAAABqM\/U3qfvOBFph4\/s400\/Tigerhunting1903.jpg\",\"contentUrl\":\"http:\/\/1.bp.blogspot.com\/-Lu-zfdCi-wk\/UO5s8coV8aI\/AAAAAAAABqM\/U3qfvOBFph4\/s400\/Tigerhunting1903.jpg\"},{\"@type\":\"BreadcrumbList\",\"@id\":\"https:\/\/blogg.svenskakyrkan.se\/vandravagen\/2013\/01\/10\/om-girighet-och-givande\/#breadcrumb\",\"itemListElement\":[{\"@type\":\"ListItem\",\"position\":1,\"name\":\"Hem\",\"item\":\"https:\/\/blogg.svenskakyrkan.se\/vandravagen\/\"},{\"@type\":\"ListItem\",\"position\":2,\"name\":\"Om girighet och givande\"}]},{\"@type\":\"WebSite\",\"@id\":\"https:\/\/blogg.svenskakyrkan.se\/vandravagen\/#website\",\"url\":\"https:\/\/blogg.svenskakyrkan.se\/vandravagen\/\",\"name\":\"Vandra V\u00e4gen\",\"description\":\"-Mot en tro f\u00f6r hela livet\",\"publisher\":{\"@id\":\"https:\/\/blogg.svenskakyrkan.se\/vandravagen\/#organization\"},\"potentialAction\":[{\"@type\":\"SearchAction\",\"target\":{\"@type\":\"EntryPoint\",\"urlTemplate\":\"https:\/\/blogg.svenskakyrkan.se\/vandravagen\/?s={search_term_string}\"},\"query-input\":{\"@type\":\"PropertyValueSpecification\",\"valueRequired\":true,\"valueName\":\"search_term_string\"}}],\"inLanguage\":\"sv-SE\"},{\"@type\":\"Organization\",\"@id\":\"https:\/\/blogg.svenskakyrkan.se\/vandravagen\/#organization\",\"name\":\"ulricehamns pastorat\",\"alternateName\":\"ulricehamns pastorat\",\"url\":\"https:\/\/blogg.svenskakyrkan.se\/vandravagen\/\",\"logo\":{\"@type\":\"ImageObject\",\"inLanguage\":\"sv-SE\",\"@id\":\"https:\/\/blogg.svenskakyrkan.se\/vandravagen\/#\/schema\/logo\/image\/\",\"url\":\"https:\/\/blogg.svenskakyrkan.se\/vandravagen\/files\/2023\/05\/Ulr_logo_RGB.png\",\"contentUrl\":\"https:\/\/blogg.svenskakyrkan.se\/vandravagen\/files\/2023\/05\/Ulr_logo_RGB.png\",\"width\":205,\"height\":77,\"caption\":\"ulricehamns pastorat\"},\"image\":{\"@id\":\"https:\/\/blogg.svenskakyrkan.se\/vandravagen\/#\/schema\/logo\/image\/\"},\"sameAs\":[\"http:\/\/facebook.com\/vandravagen\",\"https:\/\/x.com\/fadertomas\",\"http:\/\/www.facebook.com\/svenskakyrkaniulricehamn\"]},{\"@type\":\"Person\",\"@id\":\"https:\/\/blogg.svenskakyrkan.se\/vandravagen\/#\/schema\/person\/25da02d4f76b137d04291711e2c9fc16\",\"name\":\"Tomas Jarvid\",\"image\":{\"@type\":\"ImageObject\",\"inLanguage\":\"sv-SE\",\"@id\":\"https:\/\/blogg.svenskakyrkan.se\/vandravagen\/#\/schema\/person\/image\/\",\"url\":\"https:\/\/secure.gravatar.com\/avatar\/7fa71899795e8f540f615a1f5ab25255dc27aa40f05ee7ddd21aac521e01bf50?s=96&d=identicon&r=g\",\"contentUrl\":\"https:\/\/secure.gravatar.com\/avatar\/7fa71899795e8f540f615a1f5ab25255dc27aa40f05ee7ddd21aac521e01bf50?s=96&d=identicon&r=g\",\"caption\":\"Tomas Jarvid\"},\"description\":\"Jag bor i Ulricehamn i V\u00e4sterg\u00f6tland och \u00e4r f\u00f6rsamlingspr\u00e4st i Svenska Kyrkan f\u00f6r Dalstorps f\u00f6rsamling i Kinds pastorat. P\u00e5 den h\u00e4r bloggen skriver jag ner tankar om vandringen som kristen.\",\"sameAs\":[\"http:\/\/www.vandravagen.se\"],\"url\":\"https:\/\/blogg.svenskakyrkan.se\/vandravagen\/author\/vandravagen\/\"}]}<\/script>\n<!-- \/ Yoast SEO plugin. -->","yoast_head_json":{"title":"Om girighet och givande - Vandra V\u00e4gen","robots":{"index":"index","follow":"follow","max-snippet":"max-snippet:-1","max-image-preview":"max-image-preview:large","max-video-preview":"max-video-preview:-1"},"canonical":"https:\/\/blogg.svenskakyrkan.se\/vandravagen\/2013\/01\/10\/om-girighet-och-givande\/","og_locale":"sv_SE","og_type":"article","og_title":"Om girighet och givande - Vandra V\u00e4gen","og_description":"\u00c4regirig? F\u00f6r \u00e4ran kan vi d\u00f6da. Tigerjakt i Indien 1903. Girighet och givande \u00e4r ett \u00e4mne fullt med \u00f6mma t\u00e5r f\u00f6r s\u00e5 gott som var och en av oss. S\u00e5 mycket viktigare att \u00e4gna sig \u00e5t det. Enligt min fru \u00e4r jag en i \u00f6verkant sparsam person (f\u00f6r att skriva det p\u00e5 ett vackert s\u00e4tt). [&hellip;]","og_url":"https:\/\/blogg.svenskakyrkan.se\/vandravagen\/2013\/01\/10\/om-girighet-och-givande\/","og_site_name":"Vandra V\u00e4gen","article_publisher":"http:\/\/facebook.com\/vandravagen","article_published_time":"2013-01-10T08:26:00+00:00","og_image":[{"url":"http:\/\/1.bp.blogspot.com\/-Lu-zfdCi-wk\/UO5s8coV8aI\/AAAAAAAABqM\/U3qfvOBFph4\/s400\/Tigerhunting1903.jpg","type":"","width":"","height":""}],"author":"Tomas Jarvid","twitter_card":"summary_large_image","twitter_creator":"@fadertomas","twitter_site":"@fadertomas","twitter_misc":{"Skriven av":"Tomas Jarvid","Ber\u00e4knad l\u00e4stid":"3 minuter"},"schema":{"@context":"https:\/\/schema.org","@graph":[{"@type":"Article","@id":"https:\/\/blogg.svenskakyrkan.se\/vandravagen\/2013\/01\/10\/om-girighet-och-givande\/#article","isPartOf":{"@id":"https:\/\/blogg.svenskakyrkan.se\/vandravagen\/2013\/01\/10\/om-girighet-och-givande\/"},"author":{"name":"Tomas Jarvid","@id":"https:\/\/blogg.svenskakyrkan.se\/vandravagen\/#\/schema\/person\/25da02d4f76b137d04291711e2c9fc16"},"headline":"Om girighet och givande","datePublished":"2013-01-10T08:26:00+00:00","mainEntityOfPage":{"@id":"https:\/\/blogg.svenskakyrkan.se\/vandravagen\/2013\/01\/10\/om-girighet-och-givande\/"},"wordCount":543,"commentCount":3,"publisher":{"@id":"https:\/\/blogg.svenskakyrkan.se\/vandravagen\/#organization"},"image":{"@id":"https:\/\/blogg.svenskakyrkan.se\/vandravagen\/2013\/01\/10\/om-girighet-och-givande\/#primaryimage"},"thumbnailUrl":"http:\/\/1.bp.blogspot.com\/-Lu-zfdCi-wk\/UO5s8coV8aI\/AAAAAAAABqM\/U3qfvOBFph4\/s400\/Tigerhunting1903.jpg","articleSection":["andlig \u00f6vning","vara m\u00e4nniska"],"inLanguage":"sv-SE","potentialAction":[{"@type":"CommentAction","name":"Comment","target":["https:\/\/blogg.svenskakyrkan.se\/vandravagen\/2013\/01\/10\/om-girighet-och-givande\/#respond"]}]},{"@type":"WebPage","@id":"https:\/\/blogg.svenskakyrkan.se\/vandravagen\/2013\/01\/10\/om-girighet-och-givande\/","url":"https:\/\/blogg.svenskakyrkan.se\/vandravagen\/2013\/01\/10\/om-girighet-och-givande\/","name":"Om girighet och givande - Vandra V\u00e4gen","isPartOf":{"@id":"https:\/\/blogg.svenskakyrkan.se\/vandravagen\/#website"},"primaryImageOfPage":{"@id":"https:\/\/blogg.svenskakyrkan.se\/vandravagen\/2013\/01\/10\/om-girighet-och-givande\/#primaryimage"},"image":{"@id":"https:\/\/blogg.svenskakyrkan.se\/vandravagen\/2013\/01\/10\/om-girighet-och-givande\/#primaryimage"},"thumbnailUrl":"http:\/\/1.bp.blogspot.com\/-Lu-zfdCi-wk\/UO5s8coV8aI\/AAAAAAAABqM\/U3qfvOBFph4\/s400\/Tigerhunting1903.jpg","datePublished":"2013-01-10T08:26:00+00:00","breadcrumb":{"@id":"https:\/\/blogg.svenskakyrkan.se\/vandravagen\/2013\/01\/10\/om-girighet-och-givande\/#breadcrumb"},"inLanguage":"sv-SE","potentialAction":[{"@type":"ReadAction","target":["https:\/\/blogg.svenskakyrkan.se\/vandravagen\/2013\/01\/10\/om-girighet-och-givande\/"]}]},{"@type":"ImageObject","inLanguage":"sv-SE","@id":"https:\/\/blogg.svenskakyrkan.se\/vandravagen\/2013\/01\/10\/om-girighet-och-givande\/#primaryimage","url":"http:\/\/1.bp.blogspot.com\/-Lu-zfdCi-wk\/UO5s8coV8aI\/AAAAAAAABqM\/U3qfvOBFph4\/s400\/Tigerhunting1903.jpg","contentUrl":"http:\/\/1.bp.blogspot.com\/-Lu-zfdCi-wk\/UO5s8coV8aI\/AAAAAAAABqM\/U3qfvOBFph4\/s400\/Tigerhunting1903.jpg"},{"@type":"BreadcrumbList","@id":"https:\/\/blogg.svenskakyrkan.se\/vandravagen\/2013\/01\/10\/om-girighet-och-givande\/#breadcrumb","itemListElement":[{"@type":"ListItem","position":1,"name":"Hem","item":"https:\/\/blogg.svenskakyrkan.se\/vandravagen\/"},{"@type":"ListItem","position":2,"name":"Om girighet och givande"}]},{"@type":"WebSite","@id":"https:\/\/blogg.svenskakyrkan.se\/vandravagen\/#website","url":"https:\/\/blogg.svenskakyrkan.se\/vandravagen\/","name":"Vandra V\u00e4gen","description":"-Mot en tro f\u00f6r hela livet","publisher":{"@id":"https:\/\/blogg.svenskakyrkan.se\/vandravagen\/#organization"},"potentialAction":[{"@type":"SearchAction","target":{"@type":"EntryPoint","urlTemplate":"https:\/\/blogg.svenskakyrkan.se\/vandravagen\/?s={search_term_string}"},"query-input":{"@type":"PropertyValueSpecification","valueRequired":true,"valueName":"search_term_string"}}],"inLanguage":"sv-SE"},{"@type":"Organization","@id":"https:\/\/blogg.svenskakyrkan.se\/vandravagen\/#organization","name":"ulricehamns pastorat","alternateName":"ulricehamns pastorat","url":"https:\/\/blogg.svenskakyrkan.se\/vandravagen\/","logo":{"@type":"ImageObject","inLanguage":"sv-SE","@id":"https:\/\/blogg.svenskakyrkan.se\/vandravagen\/#\/schema\/logo\/image\/","url":"https:\/\/blogg.svenskakyrkan.se\/vandravagen\/files\/2023\/05\/Ulr_logo_RGB.png","contentUrl":"https:\/\/blogg.svenskakyrkan.se\/vandravagen\/files\/2023\/05\/Ulr_logo_RGB.png","width":205,"height":77,"caption":"ulricehamns pastorat"},"image":{"@id":"https:\/\/blogg.svenskakyrkan.se\/vandravagen\/#\/schema\/logo\/image\/"},"sameAs":["http:\/\/facebook.com\/vandravagen","https:\/\/x.com\/fadertomas","http:\/\/www.facebook.com\/svenskakyrkaniulricehamn"]},{"@type":"Person","@id":"https:\/\/blogg.svenskakyrkan.se\/vandravagen\/#\/schema\/person\/25da02d4f76b137d04291711e2c9fc16","name":"Tomas Jarvid","image":{"@type":"ImageObject","inLanguage":"sv-SE","@id":"https:\/\/blogg.svenskakyrkan.se\/vandravagen\/#\/schema\/person\/image\/","url":"https:\/\/secure.gravatar.com\/avatar\/7fa71899795e8f540f615a1f5ab25255dc27aa40f05ee7ddd21aac521e01bf50?s=96&d=identicon&r=g","contentUrl":"https:\/\/secure.gravatar.com\/avatar\/7fa71899795e8f540f615a1f5ab25255dc27aa40f05ee7ddd21aac521e01bf50?s=96&d=identicon&r=g","caption":"Tomas Jarvid"},"description":"Jag bor i Ulricehamn i V\u00e4sterg\u00f6tland och \u00e4r f\u00f6rsamlingspr\u00e4st i Svenska Kyrkan f\u00f6r Dalstorps f\u00f6rsamling i Kinds pastorat. P\u00e5 den h\u00e4r bloggen skriver jag ner tankar om vandringen som kristen.","sameAs":["http:\/\/www.vandravagen.se"],"url":"https:\/\/blogg.svenskakyrkan.se\/vandravagen\/author\/vandravagen\/"}]}},"author_meta":{"ID":"392","user_nicename":"vandravagen","user_url":"http:\/\/www.vandravagen.se","user_registered":"2014-05-19 05:44:52","display_name":"Tomas Jarvid","first_name":"Tomas","last_name":"Jarvid","avatar":"https:\/\/secure.gravatar.com\/avatar\/7fa71899795e8f540f615a1f5ab25255dc27aa40f05ee7ddd21aac521e01bf50?s=96&d=identicon&r=g"},"featured_image":false,"bloginfo":{"name":"Vandra V\u00e4gen","url":"https:\/\/blogg.svenskakyrkan.se\/vandravagen"},"_links":{"self":[{"href":"https:\/\/blogg.svenskakyrkan.se\/vandravagen\/wp-json\/wp\/v2\/posts\/771","targetHints":{"allow":["GET"]}}],"collection":[{"href":"https:\/\/blogg.svenskakyrkan.se\/vandravagen\/wp-json\/wp\/v2\/posts"}],"about":[{"href":"https:\/\/blogg.svenskakyrkan.se\/vandravagen\/wp-json\/wp\/v2\/types\/post"}],"author":[{"embeddable":true,"href":"https:\/\/blogg.svenskakyrkan.se\/vandravagen\/wp-json\/wp\/v2\/users\/392"}],"replies":[{"embeddable":true,"href":"https:\/\/blogg.svenskakyrkan.se\/vandravagen\/wp-json\/wp\/v2\/comments?post=771"}],"version-history":[{"count":0,"href":"https:\/\/blogg.svenskakyrkan.se\/vandravagen\/wp-json\/wp\/v2\/posts\/771\/revisions"}],"wp:attachment":[{"href":"https:\/\/blogg.svenskakyrkan.se\/vandravagen\/wp-json\/wp\/v2\/media?parent=771"}],"wp:term":[{"taxonomy":"category","embeddable":true,"href":"https:\/\/blogg.svenskakyrkan.se\/vandravagen\/wp-json\/wp\/v2\/categories?post=771"},{"taxonomy":"post_tag","embeddable":true,"href":"https:\/\/blogg.svenskakyrkan.se\/vandravagen\/wp-json\/wp\/v2\/tags?post=771"}],"curies":[{"name":"wp","href":"https:\/\/api.w.org\/{rel}","templated":true}]}}