{"id":7731,"date":"2020-03-18T07:00:00","date_gmt":"2020-03-18T06:00:00","guid":{"rendered":"http:\/\/blogg.svenskakyrkan.se\/vandravagen\/?p=7731"},"modified":"2020-03-17T11:16:06","modified_gmt":"2020-03-17T10:16:06","slug":"tvivla-pa-dina-tvivel","status":"publish","type":"post","link":"https:\/\/blogg.svenskakyrkan.se\/vandravagen\/2020\/03\/18\/tvivla-pa-dina-tvivel\/","title":{"rendered":"Tvivla p\u00e5 dina tvivel"},"content":{"rendered":"\n\n\n<figure class=\"wp-block-image size-large\"><img loading=\"lazy\" decoding=\"async\" width=\"908\" height=\"1304\" src=\"https:\/\/blogg.svenskakyrkan.se\/vandravagen\/files\/2020\/03\/IMG_2682.jpg\" alt=\"\" class=\"wp-image-7733\" srcset=\"https:\/\/blogg.svenskakyrkan.se\/vandravagen\/files\/2020\/03\/IMG_2682.jpg 908w, https:\/\/blogg.svenskakyrkan.se\/vandravagen\/files\/2020\/03\/IMG_2682-300x431.jpg 300w, https:\/\/blogg.svenskakyrkan.se\/vandravagen\/files\/2020\/03\/IMG_2682-768x1103.jpg 768w\" sizes=\"auto, (max-width: 908px) 100vw, 908px\" \/><figcaption>Ska man tro p\u00e5 att den h\u00e4r \u00e4r verklig?<\/figcaption><\/figure>\n\n\n\n<p>Nyligen publicerades den h\u00e4r texten om tvivel p\u00e5 Svenska kyrkans stora blogg &#8221;tankar inf\u00f6r helgen&#8221;. Jag t\u00e4nker mig att jag kanske har l\u00e4sare som inte l\u00e4ser den s\u00e5 h\u00e4r \u00e4r samma text en g\u00e5ng till. Hoppas den \u00e4r till gl\u00e4dje f\u00f6r dig!<\/p>\n\n\n\n<p><strong>Tvivla p\u00e5 dina tvivel<\/strong><\/p>\n\n\n\n<p>En pappa kom till Jesus f\u00f6r att be om hj\u00e4lp \u00e5t sin son som\nvar besatt av en demon och hade det mycket sv\u00e5rt. \u201dHj\u00e4lp mig om du kan\u201d s\u00e4ger\nhan. Jesus svarar honom att ingenting \u00e4r om\u00f6jligt f\u00f6r den som tror och d\u00e5\nsvarar pappan tillbaka med n\u00e5gra bevingade ord:<\/p>\n\n\n\n<p>\u201dJag tror, hj\u00e4lp min otro\u201d.<\/p>\n\n\n\n<p>Som f\u00f6r m\u00e5nga andra pr\u00f6vade f\u00f6r\u00e4ldrar har han redan t\u00e4nkt\nigenom situationen m\u00e5nga g\u00e5nger och har sv\u00e5rt att se att n\u00e5got skulle hj\u00e4lpa\nmen han vill \u00e4nd\u00e5 f\u00f6rs\u00f6ka.<\/p>\n\n\n\n<p>Tage Danielsson sade en g\u00e5ng att \u201dutan tvivel \u00e4r man inte\nriktigt klok\u201d (ocks\u00e5 det bevingade ord). S\u00e5 \u00e4r det ju verkligen. Ibland s\u00e4gs\ndet att det talas f\u00f6r lite om tvivel i kyrkan och att den som tvivlar k\u00e4nner\nsig ensam med sitt tvivel. Det \u00e4r viktigt f\u00f6r alla m\u00e4nniskor att vi f\u00e5r vara\n\u00e4rliga mot oss sj\u00e4lva s\u00e5 att vi f\u00e5r lov att k\u00e4nna det vi k\u00e4nner och t\u00e4nka det\nvi t\u00e4nker.<\/p>\n\n\n\n<p>Jag tycker sj\u00e4lv att det \u00e4r lite sv\u00e5rt att tala om tvivel,\ninte f\u00f6r att det skulle vara fel att tvivla utan f\u00f6r att det liksom \u00e4r sv\u00e5rt\natt s\u00e4ga hela sanningen. I varje givet \u00f6gonblick har jag b\u00e5de tro och tvivel (och\notro, en ovilja mot att blanda in Gud i mitt liv) inom mig. Ber\u00e4ttar jag om\nmitt tvivel \u00e4r det ju inte hela sanningen, jag har ju ocks\u00e5 tro! Och talar jag\nbara om min tro s\u00e5 d\u00f6ljer jag det faktum att jag har b\u00e5de tvivel och otro\nocks\u00e5.<\/p>\n\n\n\n<p>Har man v\u00e4l konstaterat att vi har flera tankar och k\u00e4nslor\ni oss p\u00e5 samma g\u00e5ng s\u00e5 tycker jag att det inte blir lika skr\u00e4mmande att erk\u00e4nna\nsina tvivel. Det blir inte lika mycket en fr\u00e5ga om vad jag k\u00e4nner som vilken\nr\u00f6st inom mig jag v\u00e4ljer att lyssna mest p\u00e5. R\u00f6sten fr\u00e5n v\u00e5ra tvivel kan bli s\u00e5\nstark att vi tror helt p\u00e5 den. <\/p>\n\n\n\n<p>Men vad h\u00e4nder om vi tar ett steg till och till\u00e5ter oss att\ntvivla p\u00e5 v\u00e5ra tvivel? V\u00e4ger de h\u00e4r inv\u00e4ndningarna jag har verkligen s\u00e5 tungt?\nExakt vad i min tro \u00e4r det som \u00e4r hotat om tvivlen har r\u00e4tt? St\u00e5r och faller\nverkligen alltihop med detta?<\/p>\n\n\n\n<p>Tro p\u00e5 sina tvivel och tvivla p\u00e5 sin tro, eller tro p\u00e5 sin\ntro och tvivla p\u00e5 sina tvivel?<\/p>\n\n\n\n<p>Vi \u00e5terv\u00e4nder till pappan i bibeltexten. \u201dJag tror, hj\u00e4lp\nmin otro\u201d. Vad betyder det? Han l\u00e4r oss att man kan be om hj\u00e4lp ocks\u00e5 med att\ntro. Det \u00e4r inget man m\u00e5ste klara p\u00e5 egen hand. Och han har ju trots allt <em>tillr\u00e4ckligt<\/em> med tro. Tillr\u00e4ckligt f\u00f6r\natt han skulle g\u00e5 till Jesus och be om hj\u00e4lp fr\u00e5n f\u00f6rsta b\u00f6rjan. Och han f\u00e5r ju\nfaktiskt ocks\u00e5 det han ber om.<\/p>\n\n\n\n<p>Tro \u00e4r inte n\u00e5gon psykisk muskel som vi kan tr\u00e4na upp s\u00e5 att\nvi alltid \u00e4r tv\u00e4rs\u00e4kra p\u00e5 allt som g\u00e4ller Gud. Tro \u00e4r just det att vi v\u00e4nder\noss till Gud med det vi b\u00e4r p\u00e5. Ocks\u00e5 med v\u00e5r brist p\u00e5 tro. <\/p>\n\n\n\n<p>Man kan rentav v\u00e4nda p\u00e5 det och undra vilken tro det \u00e4r som\n\u00e4r starkast egentligen. \u00c4r det kanske snarare den som talar \u00e4rligt med Gud som\ntror mest? Som litar p\u00e5 Gud mest? \u00c4rlighet brukar ju vara m\u00e5ttet p\u00e5 hur n\u00e4ra vi\nkan komma varandra. <\/p>\n","protected":false},"excerpt":{"rendered":"<p>Nyligen publicerades den h\u00e4r texten om tvivel p\u00e5 Svenska kyrkans stora blogg &#8221;tankar inf\u00f6r helgen&#8221;. Jag t\u00e4nker mig att jag kanske har l\u00e4sare som inte l\u00e4ser den s\u00e5 h\u00e4r \u00e4r samma text en g\u00e5ng till. Hoppas den \u00e4r till gl\u00e4dje f\u00f6r dig! Tvivla p\u00e5 dina tvivel En pappa kom till Jesus f\u00f6r att be om [&hellip;]<\/p>\n","protected":false},"author":392,"featured_media":7733,"comment_status":"open","ping_status":"open","sticky":false,"template":"","format":"standard","meta":{"_acf_changed":false,"footnotes":""},"categories":[14252,117,4002,77554],"tags":[],"class_list":["post-7731","post","type-post","status-publish","format-standard","has-post-thumbnail","hentry","category-bibel","category-teologi","category-tro","category-vara-manniska"],"acf":[],"yoast_head":"<!-- This site is optimized with the Yoast SEO plugin v27.1.1 - https:\/\/yoast.com\/product\/yoast-seo-wordpress\/ -->\n<title>Tvivla p\u00e5 dina tvivel - Vandra V\u00e4gen<\/title>\n<meta name=\"robots\" content=\"index, follow, max-snippet:-1, max-image-preview:large, max-video-preview:-1\" \/>\n<link rel=\"canonical\" href=\"https:\/\/blogg.svenskakyrkan.se\/vandravagen\/2020\/03\/18\/tvivla-pa-dina-tvivel\/\" \/>\n<meta property=\"og:locale\" content=\"sv_SE\" \/>\n<meta property=\"og:type\" content=\"article\" \/>\n<meta property=\"og:title\" content=\"Tvivla p\u00e5 dina tvivel - Vandra V\u00e4gen\" \/>\n<meta property=\"og:description\" content=\"Nyligen publicerades den h\u00e4r texten om tvivel p\u00e5 Svenska kyrkans stora blogg &#8221;tankar inf\u00f6r helgen&#8221;. Jag t\u00e4nker mig att jag kanske har l\u00e4sare som inte l\u00e4ser den s\u00e5 h\u00e4r \u00e4r samma text en g\u00e5ng till. Hoppas den \u00e4r till gl\u00e4dje f\u00f6r dig! Tvivla p\u00e5 dina tvivel En pappa kom till Jesus f\u00f6r att be om [&hellip;]\" \/>\n<meta property=\"og:url\" content=\"https:\/\/blogg.svenskakyrkan.se\/vandravagen\/2020\/03\/18\/tvivla-pa-dina-tvivel\/\" \/>\n<meta property=\"og:site_name\" content=\"Vandra V\u00e4gen\" \/>\n<meta property=\"article:publisher\" content=\"http:\/\/facebook.com\/vandravagen\" \/>\n<meta property=\"article:published_time\" content=\"2020-03-18T06:00:00+00:00\" \/>\n<meta property=\"og:image\" content=\"https:\/\/blogg.svenskakyrkan.se\/vandravagen\/files\/2020\/03\/IMG_2682.jpg\" \/>\n\t<meta property=\"og:image:width\" content=\"908\" \/>\n\t<meta property=\"og:image:height\" content=\"1304\" \/>\n\t<meta property=\"og:image:type\" content=\"image\/jpeg\" \/>\n<meta name=\"author\" content=\"Tomas Jarvid\" \/>\n<meta name=\"twitter:card\" content=\"summary_large_image\" \/>\n<meta name=\"twitter:creator\" content=\"@fadertomas\" \/>\n<meta name=\"twitter:site\" content=\"@fadertomas\" \/>\n<meta name=\"twitter:label1\" content=\"Skriven av\" \/>\n\t<meta name=\"twitter:data1\" content=\"Tomas Jarvid\" \/>\n\t<meta name=\"twitter:label2\" content=\"Ber\u00e4knad l\u00e4stid\" \/>\n\t<meta name=\"twitter:data2\" content=\"3 minuter\" \/>\n<script type=\"application\/ld+json\" class=\"yoast-schema-graph\">{\"@context\":\"https:\/\/schema.org\",\"@graph\":[{\"@type\":\"Article\",\"@id\":\"https:\/\/blogg.svenskakyrkan.se\/vandravagen\/2020\/03\/18\/tvivla-pa-dina-tvivel\/#article\",\"isPartOf\":{\"@id\":\"https:\/\/blogg.svenskakyrkan.se\/vandravagen\/2020\/03\/18\/tvivla-pa-dina-tvivel\/\"},\"author\":{\"name\":\"Tomas Jarvid\",\"@id\":\"https:\/\/blogg.svenskakyrkan.se\/vandravagen\/#\/schema\/person\/25da02d4f76b137d04291711e2c9fc16\"},\"headline\":\"Tvivla p\u00e5 dina tvivel\",\"datePublished\":\"2020-03-18T06:00:00+00:00\",\"mainEntityOfPage\":{\"@id\":\"https:\/\/blogg.svenskakyrkan.se\/vandravagen\/2020\/03\/18\/tvivla-pa-dina-tvivel\/\"},\"wordCount\":698,\"commentCount\":5,\"publisher\":{\"@id\":\"https:\/\/blogg.svenskakyrkan.se\/vandravagen\/#organization\"},\"image\":{\"@id\":\"https:\/\/blogg.svenskakyrkan.se\/vandravagen\/2020\/03\/18\/tvivla-pa-dina-tvivel\/#primaryimage\"},\"thumbnailUrl\":\"https:\/\/blogg.svenskakyrkan.se\/vandravagen\/files\/2020\/03\/IMG_2682.jpg\",\"articleSection\":[\"bibel\",\"Teologi\",\"tro\",\"vara m\u00e4nniska\"],\"inLanguage\":\"sv-SE\",\"potentialAction\":[{\"@type\":\"CommentAction\",\"name\":\"Comment\",\"target\":[\"https:\/\/blogg.svenskakyrkan.se\/vandravagen\/2020\/03\/18\/tvivla-pa-dina-tvivel\/#respond\"]}]},{\"@type\":\"WebPage\",\"@id\":\"https:\/\/blogg.svenskakyrkan.se\/vandravagen\/2020\/03\/18\/tvivla-pa-dina-tvivel\/\",\"url\":\"https:\/\/blogg.svenskakyrkan.se\/vandravagen\/2020\/03\/18\/tvivla-pa-dina-tvivel\/\",\"name\":\"Tvivla p\u00e5 dina tvivel - Vandra V\u00e4gen\",\"isPartOf\":{\"@id\":\"https:\/\/blogg.svenskakyrkan.se\/vandravagen\/#website\"},\"primaryImageOfPage\":{\"@id\":\"https:\/\/blogg.svenskakyrkan.se\/vandravagen\/2020\/03\/18\/tvivla-pa-dina-tvivel\/#primaryimage\"},\"image\":{\"@id\":\"https:\/\/blogg.svenskakyrkan.se\/vandravagen\/2020\/03\/18\/tvivla-pa-dina-tvivel\/#primaryimage\"},\"thumbnailUrl\":\"https:\/\/blogg.svenskakyrkan.se\/vandravagen\/files\/2020\/03\/IMG_2682.jpg\",\"datePublished\":\"2020-03-18T06:00:00+00:00\",\"breadcrumb\":{\"@id\":\"https:\/\/blogg.svenskakyrkan.se\/vandravagen\/2020\/03\/18\/tvivla-pa-dina-tvivel\/#breadcrumb\"},\"inLanguage\":\"sv-SE\",\"potentialAction\":[{\"@type\":\"ReadAction\",\"target\":[\"https:\/\/blogg.svenskakyrkan.se\/vandravagen\/2020\/03\/18\/tvivla-pa-dina-tvivel\/\"]}]},{\"@type\":\"ImageObject\",\"inLanguage\":\"sv-SE\",\"@id\":\"https:\/\/blogg.svenskakyrkan.se\/vandravagen\/2020\/03\/18\/tvivla-pa-dina-tvivel\/#primaryimage\",\"url\":\"https:\/\/blogg.svenskakyrkan.se\/vandravagen\/files\/2020\/03\/IMG_2682.jpg\",\"contentUrl\":\"https:\/\/blogg.svenskakyrkan.se\/vandravagen\/files\/2020\/03\/IMG_2682.jpg\",\"width\":908,\"height\":1304},{\"@type\":\"BreadcrumbList\",\"@id\":\"https:\/\/blogg.svenskakyrkan.se\/vandravagen\/2020\/03\/18\/tvivla-pa-dina-tvivel\/#breadcrumb\",\"itemListElement\":[{\"@type\":\"ListItem\",\"position\":1,\"name\":\"Hem\",\"item\":\"https:\/\/blogg.svenskakyrkan.se\/vandravagen\/\"},{\"@type\":\"ListItem\",\"position\":2,\"name\":\"Tvivla p\u00e5 dina tvivel\"}]},{\"@type\":\"WebSite\",\"@id\":\"https:\/\/blogg.svenskakyrkan.se\/vandravagen\/#website\",\"url\":\"https:\/\/blogg.svenskakyrkan.se\/vandravagen\/\",\"name\":\"Vandra V\u00e4gen\",\"description\":\"-Mot en tro f\u00f6r hela livet\",\"publisher\":{\"@id\":\"https:\/\/blogg.svenskakyrkan.se\/vandravagen\/#organization\"},\"potentialAction\":[{\"@type\":\"SearchAction\",\"target\":{\"@type\":\"EntryPoint\",\"urlTemplate\":\"https:\/\/blogg.svenskakyrkan.se\/vandravagen\/?s={search_term_string}\"},\"query-input\":{\"@type\":\"PropertyValueSpecification\",\"valueRequired\":true,\"valueName\":\"search_term_string\"}}],\"inLanguage\":\"sv-SE\"},{\"@type\":\"Organization\",\"@id\":\"https:\/\/blogg.svenskakyrkan.se\/vandravagen\/#organization\",\"name\":\"ulricehamns pastorat\",\"alternateName\":\"ulricehamns pastorat\",\"url\":\"https:\/\/blogg.svenskakyrkan.se\/vandravagen\/\",\"logo\":{\"@type\":\"ImageObject\",\"inLanguage\":\"sv-SE\",\"@id\":\"https:\/\/blogg.svenskakyrkan.se\/vandravagen\/#\/schema\/logo\/image\/\",\"url\":\"https:\/\/blogg.svenskakyrkan.se\/vandravagen\/files\/2023\/05\/Ulr_logo_RGB.png\",\"contentUrl\":\"https:\/\/blogg.svenskakyrkan.se\/vandravagen\/files\/2023\/05\/Ulr_logo_RGB.png\",\"width\":205,\"height\":77,\"caption\":\"ulricehamns pastorat\"},\"image\":{\"@id\":\"https:\/\/blogg.svenskakyrkan.se\/vandravagen\/#\/schema\/logo\/image\/\"},\"sameAs\":[\"http:\/\/facebook.com\/vandravagen\",\"https:\/\/x.com\/fadertomas\",\"http:\/\/www.facebook.com\/svenskakyrkaniulricehamn\"]},{\"@type\":\"Person\",\"@id\":\"https:\/\/blogg.svenskakyrkan.se\/vandravagen\/#\/schema\/person\/25da02d4f76b137d04291711e2c9fc16\",\"name\":\"Tomas Jarvid\",\"image\":{\"@type\":\"ImageObject\",\"inLanguage\":\"sv-SE\",\"@id\":\"https:\/\/blogg.svenskakyrkan.se\/vandravagen\/#\/schema\/person\/image\/\",\"url\":\"https:\/\/secure.gravatar.com\/avatar\/7fa71899795e8f540f615a1f5ab25255dc27aa40f05ee7ddd21aac521e01bf50?s=96&d=identicon&r=g\",\"contentUrl\":\"https:\/\/secure.gravatar.com\/avatar\/7fa71899795e8f540f615a1f5ab25255dc27aa40f05ee7ddd21aac521e01bf50?s=96&d=identicon&r=g\",\"caption\":\"Tomas Jarvid\"},\"description\":\"Jag bor i Ulricehamn i V\u00e4sterg\u00f6tland och \u00e4r f\u00f6rsamlingspr\u00e4st i Svenska Kyrkan f\u00f6r Dalstorps f\u00f6rsamling i Kinds pastorat. P\u00e5 den h\u00e4r bloggen skriver jag ner tankar om vandringen som kristen.\",\"sameAs\":[\"http:\/\/www.vandravagen.se\"],\"url\":\"https:\/\/blogg.svenskakyrkan.se\/vandravagen\/author\/vandravagen\/\"}]}<\/script>\n<!-- \/ Yoast SEO plugin. -->","yoast_head_json":{"title":"Tvivla p\u00e5 dina tvivel - Vandra V\u00e4gen","robots":{"index":"index","follow":"follow","max-snippet":"max-snippet:-1","max-image-preview":"max-image-preview:large","max-video-preview":"max-video-preview:-1"},"canonical":"https:\/\/blogg.svenskakyrkan.se\/vandravagen\/2020\/03\/18\/tvivla-pa-dina-tvivel\/","og_locale":"sv_SE","og_type":"article","og_title":"Tvivla p\u00e5 dina tvivel - Vandra V\u00e4gen","og_description":"Nyligen publicerades den h\u00e4r texten om tvivel p\u00e5 Svenska kyrkans stora blogg &#8221;tankar inf\u00f6r helgen&#8221;. Jag t\u00e4nker mig att jag kanske har l\u00e4sare som inte l\u00e4ser den s\u00e5 h\u00e4r \u00e4r samma text en g\u00e5ng till. Hoppas den \u00e4r till gl\u00e4dje f\u00f6r dig! Tvivla p\u00e5 dina tvivel En pappa kom till Jesus f\u00f6r att be om [&hellip;]","og_url":"https:\/\/blogg.svenskakyrkan.se\/vandravagen\/2020\/03\/18\/tvivla-pa-dina-tvivel\/","og_site_name":"Vandra V\u00e4gen","article_publisher":"http:\/\/facebook.com\/vandravagen","article_published_time":"2020-03-18T06:00:00+00:00","og_image":[{"width":908,"height":1304,"url":"https:\/\/blogg.svenskakyrkan.se\/vandravagen\/files\/2020\/03\/IMG_2682.jpg","type":"image\/jpeg"}],"author":"Tomas Jarvid","twitter_card":"summary_large_image","twitter_creator":"@fadertomas","twitter_site":"@fadertomas","twitter_misc":{"Skriven av":"Tomas Jarvid","Ber\u00e4knad l\u00e4stid":"3 minuter"},"schema":{"@context":"https:\/\/schema.org","@graph":[{"@type":"Article","@id":"https:\/\/blogg.svenskakyrkan.se\/vandravagen\/2020\/03\/18\/tvivla-pa-dina-tvivel\/#article","isPartOf":{"@id":"https:\/\/blogg.svenskakyrkan.se\/vandravagen\/2020\/03\/18\/tvivla-pa-dina-tvivel\/"},"author":{"name":"Tomas Jarvid","@id":"https:\/\/blogg.svenskakyrkan.se\/vandravagen\/#\/schema\/person\/25da02d4f76b137d04291711e2c9fc16"},"headline":"Tvivla p\u00e5 dina tvivel","datePublished":"2020-03-18T06:00:00+00:00","mainEntityOfPage":{"@id":"https:\/\/blogg.svenskakyrkan.se\/vandravagen\/2020\/03\/18\/tvivla-pa-dina-tvivel\/"},"wordCount":698,"commentCount":5,"publisher":{"@id":"https:\/\/blogg.svenskakyrkan.se\/vandravagen\/#organization"},"image":{"@id":"https:\/\/blogg.svenskakyrkan.se\/vandravagen\/2020\/03\/18\/tvivla-pa-dina-tvivel\/#primaryimage"},"thumbnailUrl":"https:\/\/blogg.svenskakyrkan.se\/vandravagen\/files\/2020\/03\/IMG_2682.jpg","articleSection":["bibel","Teologi","tro","vara m\u00e4nniska"],"inLanguage":"sv-SE","potentialAction":[{"@type":"CommentAction","name":"Comment","target":["https:\/\/blogg.svenskakyrkan.se\/vandravagen\/2020\/03\/18\/tvivla-pa-dina-tvivel\/#respond"]}]},{"@type":"WebPage","@id":"https:\/\/blogg.svenskakyrkan.se\/vandravagen\/2020\/03\/18\/tvivla-pa-dina-tvivel\/","url":"https:\/\/blogg.svenskakyrkan.se\/vandravagen\/2020\/03\/18\/tvivla-pa-dina-tvivel\/","name":"Tvivla p\u00e5 dina tvivel - Vandra V\u00e4gen","isPartOf":{"@id":"https:\/\/blogg.svenskakyrkan.se\/vandravagen\/#website"},"primaryImageOfPage":{"@id":"https:\/\/blogg.svenskakyrkan.se\/vandravagen\/2020\/03\/18\/tvivla-pa-dina-tvivel\/#primaryimage"},"image":{"@id":"https:\/\/blogg.svenskakyrkan.se\/vandravagen\/2020\/03\/18\/tvivla-pa-dina-tvivel\/#primaryimage"},"thumbnailUrl":"https:\/\/blogg.svenskakyrkan.se\/vandravagen\/files\/2020\/03\/IMG_2682.jpg","datePublished":"2020-03-18T06:00:00+00:00","breadcrumb":{"@id":"https:\/\/blogg.svenskakyrkan.se\/vandravagen\/2020\/03\/18\/tvivla-pa-dina-tvivel\/#breadcrumb"},"inLanguage":"sv-SE","potentialAction":[{"@type":"ReadAction","target":["https:\/\/blogg.svenskakyrkan.se\/vandravagen\/2020\/03\/18\/tvivla-pa-dina-tvivel\/"]}]},{"@type":"ImageObject","inLanguage":"sv-SE","@id":"https:\/\/blogg.svenskakyrkan.se\/vandravagen\/2020\/03\/18\/tvivla-pa-dina-tvivel\/#primaryimage","url":"https:\/\/blogg.svenskakyrkan.se\/vandravagen\/files\/2020\/03\/IMG_2682.jpg","contentUrl":"https:\/\/blogg.svenskakyrkan.se\/vandravagen\/files\/2020\/03\/IMG_2682.jpg","width":908,"height":1304},{"@type":"BreadcrumbList","@id":"https:\/\/blogg.svenskakyrkan.se\/vandravagen\/2020\/03\/18\/tvivla-pa-dina-tvivel\/#breadcrumb","itemListElement":[{"@type":"ListItem","position":1,"name":"Hem","item":"https:\/\/blogg.svenskakyrkan.se\/vandravagen\/"},{"@type":"ListItem","position":2,"name":"Tvivla p\u00e5 dina tvivel"}]},{"@type":"WebSite","@id":"https:\/\/blogg.svenskakyrkan.se\/vandravagen\/#website","url":"https:\/\/blogg.svenskakyrkan.se\/vandravagen\/","name":"Vandra V\u00e4gen","description":"-Mot en tro f\u00f6r hela livet","publisher":{"@id":"https:\/\/blogg.svenskakyrkan.se\/vandravagen\/#organization"},"potentialAction":[{"@type":"SearchAction","target":{"@type":"EntryPoint","urlTemplate":"https:\/\/blogg.svenskakyrkan.se\/vandravagen\/?s={search_term_string}"},"query-input":{"@type":"PropertyValueSpecification","valueRequired":true,"valueName":"search_term_string"}}],"inLanguage":"sv-SE"},{"@type":"Organization","@id":"https:\/\/blogg.svenskakyrkan.se\/vandravagen\/#organization","name":"ulricehamns pastorat","alternateName":"ulricehamns pastorat","url":"https:\/\/blogg.svenskakyrkan.se\/vandravagen\/","logo":{"@type":"ImageObject","inLanguage":"sv-SE","@id":"https:\/\/blogg.svenskakyrkan.se\/vandravagen\/#\/schema\/logo\/image\/","url":"https:\/\/blogg.svenskakyrkan.se\/vandravagen\/files\/2023\/05\/Ulr_logo_RGB.png","contentUrl":"https:\/\/blogg.svenskakyrkan.se\/vandravagen\/files\/2023\/05\/Ulr_logo_RGB.png","width":205,"height":77,"caption":"ulricehamns pastorat"},"image":{"@id":"https:\/\/blogg.svenskakyrkan.se\/vandravagen\/#\/schema\/logo\/image\/"},"sameAs":["http:\/\/facebook.com\/vandravagen","https:\/\/x.com\/fadertomas","http:\/\/www.facebook.com\/svenskakyrkaniulricehamn"]},{"@type":"Person","@id":"https:\/\/blogg.svenskakyrkan.se\/vandravagen\/#\/schema\/person\/25da02d4f76b137d04291711e2c9fc16","name":"Tomas Jarvid","image":{"@type":"ImageObject","inLanguage":"sv-SE","@id":"https:\/\/blogg.svenskakyrkan.se\/vandravagen\/#\/schema\/person\/image\/","url":"https:\/\/secure.gravatar.com\/avatar\/7fa71899795e8f540f615a1f5ab25255dc27aa40f05ee7ddd21aac521e01bf50?s=96&d=identicon&r=g","contentUrl":"https:\/\/secure.gravatar.com\/avatar\/7fa71899795e8f540f615a1f5ab25255dc27aa40f05ee7ddd21aac521e01bf50?s=96&d=identicon&r=g","caption":"Tomas Jarvid"},"description":"Jag bor i Ulricehamn i V\u00e4sterg\u00f6tland och \u00e4r f\u00f6rsamlingspr\u00e4st i Svenska Kyrkan f\u00f6r Dalstorps f\u00f6rsamling i Kinds pastorat. P\u00e5 den h\u00e4r bloggen skriver jag ner tankar om vandringen som kristen.","sameAs":["http:\/\/www.vandravagen.se"],"url":"https:\/\/blogg.svenskakyrkan.se\/vandravagen\/author\/vandravagen\/"}]}},"author_meta":{"ID":"392","user_nicename":"vandravagen","user_url":"http:\/\/www.vandravagen.se","user_registered":"2014-05-19 05:44:52","display_name":"Tomas Jarvid","first_name":"Tomas","last_name":"Jarvid","avatar":"https:\/\/secure.gravatar.com\/avatar\/7fa71899795e8f540f615a1f5ab25255dc27aa40f05ee7ddd21aac521e01bf50?s=96&d=identicon&r=g"},"featured_image":["https:\/\/blogg.svenskakyrkan.se\/vandravagen\/files\/2020\/03\/IMG_2682.jpg",908,1304,false],"bloginfo":{"name":"Vandra V\u00e4gen","url":"https:\/\/blogg.svenskakyrkan.se\/vandravagen"},"_links":{"self":[{"href":"https:\/\/blogg.svenskakyrkan.se\/vandravagen\/wp-json\/wp\/v2\/posts\/7731","targetHints":{"allow":["GET"]}}],"collection":[{"href":"https:\/\/blogg.svenskakyrkan.se\/vandravagen\/wp-json\/wp\/v2\/posts"}],"about":[{"href":"https:\/\/blogg.svenskakyrkan.se\/vandravagen\/wp-json\/wp\/v2\/types\/post"}],"author":[{"embeddable":true,"href":"https:\/\/blogg.svenskakyrkan.se\/vandravagen\/wp-json\/wp\/v2\/users\/392"}],"replies":[{"embeddable":true,"href":"https:\/\/blogg.svenskakyrkan.se\/vandravagen\/wp-json\/wp\/v2\/comments?post=7731"}],"version-history":[{"count":2,"href":"https:\/\/blogg.svenskakyrkan.se\/vandravagen\/wp-json\/wp\/v2\/posts\/7731\/revisions"}],"predecessor-version":[{"id":7734,"href":"https:\/\/blogg.svenskakyrkan.se\/vandravagen\/wp-json\/wp\/v2\/posts\/7731\/revisions\/7734"}],"wp:featuredmedia":[{"embeddable":true,"href":"https:\/\/blogg.svenskakyrkan.se\/vandravagen\/wp-json\/wp\/v2\/media\/7733"}],"wp:attachment":[{"href":"https:\/\/blogg.svenskakyrkan.se\/vandravagen\/wp-json\/wp\/v2\/media?parent=7731"}],"wp:term":[{"taxonomy":"category","embeddable":true,"href":"https:\/\/blogg.svenskakyrkan.se\/vandravagen\/wp-json\/wp\/v2\/categories?post=7731"},{"taxonomy":"post_tag","embeddable":true,"href":"https:\/\/blogg.svenskakyrkan.se\/vandravagen\/wp-json\/wp\/v2\/tags?post=7731"}],"curies":[{"name":"wp","href":"https:\/\/api.w.org\/{rel}","templated":true}]}}