{"id":7741,"date":"2020-03-20T07:00:00","date_gmt":"2020-03-20T06:00:00","guid":{"rendered":"http:\/\/blogg.svenskakyrkan.se\/vandravagen\/?p=7741"},"modified":"2020-03-19T20:34:19","modified_gmt":"2020-03-19T19:34:19","slug":"vardagjamning-och-att-dela-lika-och-ett-skamt","status":"publish","type":"post","link":"https:\/\/blogg.svenskakyrkan.se\/vandravagen\/2020\/03\/20\/vardagjamning-och-att-dela-lika-och-ett-skamt\/","title":{"rendered":"V\u00e5rdagj\u00e4mning och att dela lika (och ett sk\u00e4mt)"},"content":{"rendered":"\n\n\n<figure class=\"wp-block-image size-large\"><img loading=\"lazy\" decoding=\"async\" width=\"762\" height=\"1158\" src=\"https:\/\/blogg.svenskakyrkan.se\/vandravagen\/files\/2020\/03\/IMG_3247.jpg\" alt=\"\" class=\"wp-image-7744\" srcset=\"https:\/\/blogg.svenskakyrkan.se\/vandravagen\/files\/2020\/03\/IMG_3247.jpg 762w, https:\/\/blogg.svenskakyrkan.se\/vandravagen\/files\/2020\/03\/IMG_3247-300x456.jpg 300w\" sizes=\"auto, (max-width: 762px) 100vw, 762px\" \/><figcaption>Fattiga och rika. Fast h\u00e4r \u00e4r det filosofen Diogenes som valt detta enkla liv i tunnan.<\/figcaption><\/figure>\n\n\n\n<p>Jag fick f\u00f6r ovanlighetens skull en fr\u00e5ga om att blogga i ett s\u00e4rskilt \u00e4mne. Det var Svenska kyrkans internationella arbete ACT som \u00f6nskade att jag skrev om n\u00e5got som kn\u00f6t an till deras fasteinsamling (en \u00e5rlig kampanj f\u00f6r att samla pengar till utvecklingsprojekt i v\u00e4rlden). I \u00e5r finns det dels med mottot &#8221;dela lika&#8221;, dels med mottot &#8221;st\u00e5 p\u00e5 modets sida&#8221;. F\u00f6r att nu \u00e4nd\u00e5 vara lite taskig mot dem s\u00e5 m\u00e5ste jag s\u00e4ga att jag tycker &#8221;st\u00e5 p\u00e5 modets sida&#8221; \u00e4r helt obegripligt. Det l\u00e5ter j\u00e4tteflummigt i mina \u00f6ron \u00e4ven om jag kanske kan gissa vad de vill ha sagt (men egentligen bara gissa).<\/p>\n\n\n\n<p>DELA LIKA d\u00e4remot tycker jag passar fint nu vid v\u00e5rdagj\u00e4mningen. Inte bara f\u00f6r att det h\u00e4r \u00e4r tiden p\u00e5 \u00e5ret d\u00e5 dygnet delar lika mellan natt och dag utan f\u00f6r att det ocks\u00e5 finns lite teologisk historia att knyta an till.<\/p>\n\n\n\n<p>I den gamla kyrkan t\u00e4nkte man sig att eftersom <strong>Gud skapade v\u00e4rlden<\/strong> i perfekt balans s\u00e5 m\u00e5ste det ha skett <strong>vid v\u00e5rdagj\u00e4mningen.<\/strong> Av det f\u00f6ljde att n\u00e4r man skulle b\u00f6rja <strong>fira Jesus f\u00f6delse<\/strong> s\u00e5 valde man ocks\u00e5 att g\u00f6ra det vid den h\u00e4r tiden (jungfru Marie beb\u00e5delsedag \u00e4r ju kring 25 mars varje \u00e5r), man t\u00e4nkte helt enkelt att d\u00e5 b\u00f6rjar Guds nyskapelse av v\u00e4rlden och Jesus kommer till oss f\u00f6r att st\u00e4lla allt till r\u00e4tta igen.<\/p>\n\n\n\n<p>S\u00e5 d\u00e5 \u00e4r det v\u00e4l ocks\u00e5 rimligt att t\u00e4nka p\u00e5 or\u00e4ttvisor denna dag. Gud har ju trots allt skapat oss som varandras j\u00e4mlikar. Det d\u00e4r med \u00e4gandet och att en del har mer och andra mindre har vi visst kommit p\u00e5 sj\u00e4lva. Och om det \u00e4r Guds vilja att det ska vara p\u00e5 ett annat s\u00e4tt \u00e4n nu f\u00e5r vi f\u00f6rst\u00e5s vara med och arbeta f\u00f6r j\u00e4mlikhet p\u00e5 olika vis. <\/p>\n\n\n\n<p>Det \u00e4r sv\u00e5rt att skriva om detta utan att det blir pekpinnigt s\u00e5 jag tar ett sk\u00e4mt ist\u00e4llet:<\/p>\n\n\n\n<p><strong>Det var en g\u00e5ng en v\u00e4ldigt from rabbin som k\u00e4nde sig manad att be f\u00f6r de fattiga. Hans l\u00e4rjungar samlades kring honom och undrade vad som stod p\u00e5. Han var djupt koncentrerad p\u00e5 b\u00f6nen men ropade till dem att han k\u00e4nde sig manad av Gud att be f\u00f6r att de rika skulle dela med sig till de fattiga s\u00e5 att alla hade det de beh\u00f6vde. Efter en stund ropade han igen att han k\u00e4nde att b\u00f6nen gav resultat! <\/strong><\/p>\n\n\n\n<p><strong>&#8221;Jag har n\u00e5tt halvv\u00e4gs fram till m\u00e5let&#8221; ropade han. &#8221;De fattiga har g\u00e5tt med p\u00e5 att ta emot pengarna&#8221;.<\/strong><\/p>\n","protected":false},"excerpt":{"rendered":"<p>Jag fick f\u00f6r ovanlighetens skull en fr\u00e5ga om att blogga i ett s\u00e4rskilt \u00e4mne. Det var Svenska kyrkans internationella arbete ACT som \u00f6nskade att jag skrev om n\u00e5got som kn\u00f6t an till deras fasteinsamling (en \u00e5rlig kampanj f\u00f6r att samla pengar till utvecklingsprojekt i v\u00e4rlden). I \u00e5r finns det dels med mottot &#8221;dela lika&#8221;, dels [&hellip;]<\/p>\n","protected":false},"author":392,"featured_media":7744,"comment_status":"open","ping_status":"open","sticky":false,"template":"","format":"standard","meta":{"_acf_changed":false,"footnotes":""},"categories":[76766,81117,77554],"tags":[],"class_list":["post-7741","post","type-post","status-publish","format-standard","has-post-thumbnail","hentry","category-blandat","category-skapelseteologi","category-vara-manniska"],"acf":[],"yoast_head":"<!-- This site is optimized with the Yoast SEO plugin v27.1.1 - https:\/\/yoast.com\/product\/yoast-seo-wordpress\/ -->\n<title>V\u00e5rdagj\u00e4mning och att dela lika (och ett sk\u00e4mt) - Vandra V\u00e4gen<\/title>\n<meta name=\"robots\" content=\"index, follow, max-snippet:-1, max-image-preview:large, max-video-preview:-1\" \/>\n<link rel=\"canonical\" href=\"https:\/\/blogg.svenskakyrkan.se\/vandravagen\/2020\/03\/20\/vardagjamning-och-att-dela-lika-och-ett-skamt\/\" \/>\n<meta property=\"og:locale\" content=\"sv_SE\" \/>\n<meta property=\"og:type\" content=\"article\" \/>\n<meta property=\"og:title\" content=\"V\u00e5rdagj\u00e4mning och att dela lika (och ett sk\u00e4mt) - Vandra V\u00e4gen\" \/>\n<meta property=\"og:description\" content=\"Jag fick f\u00f6r ovanlighetens skull en fr\u00e5ga om att blogga i ett s\u00e4rskilt \u00e4mne. Det var Svenska kyrkans internationella arbete ACT som \u00f6nskade att jag skrev om n\u00e5got som kn\u00f6t an till deras fasteinsamling (en \u00e5rlig kampanj f\u00f6r att samla pengar till utvecklingsprojekt i v\u00e4rlden). I \u00e5r finns det dels med mottot &#8221;dela lika&#8221;, dels [&hellip;]\" \/>\n<meta property=\"og:url\" content=\"https:\/\/blogg.svenskakyrkan.se\/vandravagen\/2020\/03\/20\/vardagjamning-och-att-dela-lika-och-ett-skamt\/\" \/>\n<meta property=\"og:site_name\" content=\"Vandra V\u00e4gen\" \/>\n<meta property=\"article:publisher\" content=\"http:\/\/facebook.com\/vandravagen\" \/>\n<meta property=\"article:published_time\" content=\"2020-03-20T06:00:00+00:00\" \/>\n<meta property=\"og:image\" content=\"https:\/\/blogg.svenskakyrkan.se\/vandravagen\/files\/2020\/03\/IMG_3247.jpg\" \/>\n\t<meta property=\"og:image:width\" content=\"762\" \/>\n\t<meta property=\"og:image:height\" content=\"1158\" \/>\n\t<meta property=\"og:image:type\" content=\"image\/jpeg\" \/>\n<meta name=\"author\" content=\"Tomas Jarvid\" \/>\n<meta name=\"twitter:card\" content=\"summary_large_image\" \/>\n<meta name=\"twitter:creator\" content=\"@fadertomas\" \/>\n<meta name=\"twitter:site\" content=\"@fadertomas\" \/>\n<meta name=\"twitter:label1\" content=\"Skriven av\" \/>\n\t<meta name=\"twitter:data1\" content=\"Tomas Jarvid\" \/>\n\t<meta name=\"twitter:label2\" content=\"Ber\u00e4knad l\u00e4stid\" \/>\n\t<meta name=\"twitter:data2\" content=\"2 minuter\" \/>\n<script type=\"application\/ld+json\" class=\"yoast-schema-graph\">{\"@context\":\"https:\/\/schema.org\",\"@graph\":[{\"@type\":\"Article\",\"@id\":\"https:\/\/blogg.svenskakyrkan.se\/vandravagen\/2020\/03\/20\/vardagjamning-och-att-dela-lika-och-ett-skamt\/#article\",\"isPartOf\":{\"@id\":\"https:\/\/blogg.svenskakyrkan.se\/vandravagen\/2020\/03\/20\/vardagjamning-och-att-dela-lika-och-ett-skamt\/\"},\"author\":{\"name\":\"Tomas Jarvid\",\"@id\":\"https:\/\/blogg.svenskakyrkan.se\/vandravagen\/#\/schema\/person\/25da02d4f76b137d04291711e2c9fc16\"},\"headline\":\"V\u00e5rdagj\u00e4mning och att dela lika (och ett sk\u00e4mt)\",\"datePublished\":\"2020-03-20T06:00:00+00:00\",\"mainEntityOfPage\":{\"@id\":\"https:\/\/blogg.svenskakyrkan.se\/vandravagen\/2020\/03\/20\/vardagjamning-och-att-dela-lika-och-ett-skamt\/\"},\"wordCount\":501,\"commentCount\":5,\"publisher\":{\"@id\":\"https:\/\/blogg.svenskakyrkan.se\/vandravagen\/#organization\"},\"image\":{\"@id\":\"https:\/\/blogg.svenskakyrkan.se\/vandravagen\/2020\/03\/20\/vardagjamning-och-att-dela-lika-och-ett-skamt\/#primaryimage\"},\"thumbnailUrl\":\"https:\/\/blogg.svenskakyrkan.se\/vandravagen\/files\/2020\/03\/IMG_3247.jpg\",\"articleSection\":[\"blandat\",\"skapelseteologi\",\"vara m\u00e4nniska\"],\"inLanguage\":\"sv-SE\",\"potentialAction\":[{\"@type\":\"CommentAction\",\"name\":\"Comment\",\"target\":[\"https:\/\/blogg.svenskakyrkan.se\/vandravagen\/2020\/03\/20\/vardagjamning-och-att-dela-lika-och-ett-skamt\/#respond\"]}]},{\"@type\":\"WebPage\",\"@id\":\"https:\/\/blogg.svenskakyrkan.se\/vandravagen\/2020\/03\/20\/vardagjamning-och-att-dela-lika-och-ett-skamt\/\",\"url\":\"https:\/\/blogg.svenskakyrkan.se\/vandravagen\/2020\/03\/20\/vardagjamning-och-att-dela-lika-och-ett-skamt\/\",\"name\":\"V\u00e5rdagj\u00e4mning och att dela lika (och ett sk\u00e4mt) - Vandra V\u00e4gen\",\"isPartOf\":{\"@id\":\"https:\/\/blogg.svenskakyrkan.se\/vandravagen\/#website\"},\"primaryImageOfPage\":{\"@id\":\"https:\/\/blogg.svenskakyrkan.se\/vandravagen\/2020\/03\/20\/vardagjamning-och-att-dela-lika-och-ett-skamt\/#primaryimage\"},\"image\":{\"@id\":\"https:\/\/blogg.svenskakyrkan.se\/vandravagen\/2020\/03\/20\/vardagjamning-och-att-dela-lika-och-ett-skamt\/#primaryimage\"},\"thumbnailUrl\":\"https:\/\/blogg.svenskakyrkan.se\/vandravagen\/files\/2020\/03\/IMG_3247.jpg\",\"datePublished\":\"2020-03-20T06:00:00+00:00\",\"breadcrumb\":{\"@id\":\"https:\/\/blogg.svenskakyrkan.se\/vandravagen\/2020\/03\/20\/vardagjamning-och-att-dela-lika-och-ett-skamt\/#breadcrumb\"},\"inLanguage\":\"sv-SE\",\"potentialAction\":[{\"@type\":\"ReadAction\",\"target\":[\"https:\/\/blogg.svenskakyrkan.se\/vandravagen\/2020\/03\/20\/vardagjamning-och-att-dela-lika-och-ett-skamt\/\"]}]},{\"@type\":\"ImageObject\",\"inLanguage\":\"sv-SE\",\"@id\":\"https:\/\/blogg.svenskakyrkan.se\/vandravagen\/2020\/03\/20\/vardagjamning-och-att-dela-lika-och-ett-skamt\/#primaryimage\",\"url\":\"https:\/\/blogg.svenskakyrkan.se\/vandravagen\/files\/2020\/03\/IMG_3247.jpg\",\"contentUrl\":\"https:\/\/blogg.svenskakyrkan.se\/vandravagen\/files\/2020\/03\/IMG_3247.jpg\",\"width\":762,\"height\":1158},{\"@type\":\"BreadcrumbList\",\"@id\":\"https:\/\/blogg.svenskakyrkan.se\/vandravagen\/2020\/03\/20\/vardagjamning-och-att-dela-lika-och-ett-skamt\/#breadcrumb\",\"itemListElement\":[{\"@type\":\"ListItem\",\"position\":1,\"name\":\"Hem\",\"item\":\"https:\/\/blogg.svenskakyrkan.se\/vandravagen\/\"},{\"@type\":\"ListItem\",\"position\":2,\"name\":\"V\u00e5rdagj\u00e4mning och att dela lika (och ett sk\u00e4mt)\"}]},{\"@type\":\"WebSite\",\"@id\":\"https:\/\/blogg.svenskakyrkan.se\/vandravagen\/#website\",\"url\":\"https:\/\/blogg.svenskakyrkan.se\/vandravagen\/\",\"name\":\"Vandra V\u00e4gen\",\"description\":\"-Mot en tro f\u00f6r hela livet\",\"publisher\":{\"@id\":\"https:\/\/blogg.svenskakyrkan.se\/vandravagen\/#organization\"},\"potentialAction\":[{\"@type\":\"SearchAction\",\"target\":{\"@type\":\"EntryPoint\",\"urlTemplate\":\"https:\/\/blogg.svenskakyrkan.se\/vandravagen\/?s={search_term_string}\"},\"query-input\":{\"@type\":\"PropertyValueSpecification\",\"valueRequired\":true,\"valueName\":\"search_term_string\"}}],\"inLanguage\":\"sv-SE\"},{\"@type\":\"Organization\",\"@id\":\"https:\/\/blogg.svenskakyrkan.se\/vandravagen\/#organization\",\"name\":\"ulricehamns pastorat\",\"alternateName\":\"ulricehamns pastorat\",\"url\":\"https:\/\/blogg.svenskakyrkan.se\/vandravagen\/\",\"logo\":{\"@type\":\"ImageObject\",\"inLanguage\":\"sv-SE\",\"@id\":\"https:\/\/blogg.svenskakyrkan.se\/vandravagen\/#\/schema\/logo\/image\/\",\"url\":\"https:\/\/blogg.svenskakyrkan.se\/vandravagen\/files\/2023\/05\/Ulr_logo_RGB.png\",\"contentUrl\":\"https:\/\/blogg.svenskakyrkan.se\/vandravagen\/files\/2023\/05\/Ulr_logo_RGB.png\",\"width\":205,\"height\":77,\"caption\":\"ulricehamns pastorat\"},\"image\":{\"@id\":\"https:\/\/blogg.svenskakyrkan.se\/vandravagen\/#\/schema\/logo\/image\/\"},\"sameAs\":[\"http:\/\/facebook.com\/vandravagen\",\"https:\/\/x.com\/fadertomas\",\"http:\/\/www.facebook.com\/svenskakyrkaniulricehamn\"]},{\"@type\":\"Person\",\"@id\":\"https:\/\/blogg.svenskakyrkan.se\/vandravagen\/#\/schema\/person\/25da02d4f76b137d04291711e2c9fc16\",\"name\":\"Tomas Jarvid\",\"image\":{\"@type\":\"ImageObject\",\"inLanguage\":\"sv-SE\",\"@id\":\"https:\/\/blogg.svenskakyrkan.se\/vandravagen\/#\/schema\/person\/image\/\",\"url\":\"https:\/\/secure.gravatar.com\/avatar\/7fa71899795e8f540f615a1f5ab25255dc27aa40f05ee7ddd21aac521e01bf50?s=96&d=identicon&r=g\",\"contentUrl\":\"https:\/\/secure.gravatar.com\/avatar\/7fa71899795e8f540f615a1f5ab25255dc27aa40f05ee7ddd21aac521e01bf50?s=96&d=identicon&r=g\",\"caption\":\"Tomas Jarvid\"},\"description\":\"Jag bor i Ulricehamn i V\u00e4sterg\u00f6tland och \u00e4r f\u00f6rsamlingspr\u00e4st i Svenska Kyrkan f\u00f6r Dalstorps f\u00f6rsamling i Kinds pastorat. P\u00e5 den h\u00e4r bloggen skriver jag ner tankar om vandringen som kristen.\",\"sameAs\":[\"http:\/\/www.vandravagen.se\"],\"url\":\"https:\/\/blogg.svenskakyrkan.se\/vandravagen\/author\/vandravagen\/\"}]}<\/script>\n<!-- \/ Yoast SEO plugin. -->","yoast_head_json":{"title":"V\u00e5rdagj\u00e4mning och att dela lika (och ett sk\u00e4mt) - Vandra V\u00e4gen","robots":{"index":"index","follow":"follow","max-snippet":"max-snippet:-1","max-image-preview":"max-image-preview:large","max-video-preview":"max-video-preview:-1"},"canonical":"https:\/\/blogg.svenskakyrkan.se\/vandravagen\/2020\/03\/20\/vardagjamning-och-att-dela-lika-och-ett-skamt\/","og_locale":"sv_SE","og_type":"article","og_title":"V\u00e5rdagj\u00e4mning och att dela lika (och ett sk\u00e4mt) - Vandra V\u00e4gen","og_description":"Jag fick f\u00f6r ovanlighetens skull en fr\u00e5ga om att blogga i ett s\u00e4rskilt \u00e4mne. Det var Svenska kyrkans internationella arbete ACT som \u00f6nskade att jag skrev om n\u00e5got som kn\u00f6t an till deras fasteinsamling (en \u00e5rlig kampanj f\u00f6r att samla pengar till utvecklingsprojekt i v\u00e4rlden). I \u00e5r finns det dels med mottot &#8221;dela lika&#8221;, dels [&hellip;]","og_url":"https:\/\/blogg.svenskakyrkan.se\/vandravagen\/2020\/03\/20\/vardagjamning-och-att-dela-lika-och-ett-skamt\/","og_site_name":"Vandra V\u00e4gen","article_publisher":"http:\/\/facebook.com\/vandravagen","article_published_time":"2020-03-20T06:00:00+00:00","og_image":[{"width":762,"height":1158,"url":"https:\/\/blogg.svenskakyrkan.se\/vandravagen\/files\/2020\/03\/IMG_3247.jpg","type":"image\/jpeg"}],"author":"Tomas Jarvid","twitter_card":"summary_large_image","twitter_creator":"@fadertomas","twitter_site":"@fadertomas","twitter_misc":{"Skriven av":"Tomas Jarvid","Ber\u00e4knad l\u00e4stid":"2 minuter"},"schema":{"@context":"https:\/\/schema.org","@graph":[{"@type":"Article","@id":"https:\/\/blogg.svenskakyrkan.se\/vandravagen\/2020\/03\/20\/vardagjamning-och-att-dela-lika-och-ett-skamt\/#article","isPartOf":{"@id":"https:\/\/blogg.svenskakyrkan.se\/vandravagen\/2020\/03\/20\/vardagjamning-och-att-dela-lika-och-ett-skamt\/"},"author":{"name":"Tomas Jarvid","@id":"https:\/\/blogg.svenskakyrkan.se\/vandravagen\/#\/schema\/person\/25da02d4f76b137d04291711e2c9fc16"},"headline":"V\u00e5rdagj\u00e4mning och att dela lika (och ett sk\u00e4mt)","datePublished":"2020-03-20T06:00:00+00:00","mainEntityOfPage":{"@id":"https:\/\/blogg.svenskakyrkan.se\/vandravagen\/2020\/03\/20\/vardagjamning-och-att-dela-lika-och-ett-skamt\/"},"wordCount":501,"commentCount":5,"publisher":{"@id":"https:\/\/blogg.svenskakyrkan.se\/vandravagen\/#organization"},"image":{"@id":"https:\/\/blogg.svenskakyrkan.se\/vandravagen\/2020\/03\/20\/vardagjamning-och-att-dela-lika-och-ett-skamt\/#primaryimage"},"thumbnailUrl":"https:\/\/blogg.svenskakyrkan.se\/vandravagen\/files\/2020\/03\/IMG_3247.jpg","articleSection":["blandat","skapelseteologi","vara m\u00e4nniska"],"inLanguage":"sv-SE","potentialAction":[{"@type":"CommentAction","name":"Comment","target":["https:\/\/blogg.svenskakyrkan.se\/vandravagen\/2020\/03\/20\/vardagjamning-och-att-dela-lika-och-ett-skamt\/#respond"]}]},{"@type":"WebPage","@id":"https:\/\/blogg.svenskakyrkan.se\/vandravagen\/2020\/03\/20\/vardagjamning-och-att-dela-lika-och-ett-skamt\/","url":"https:\/\/blogg.svenskakyrkan.se\/vandravagen\/2020\/03\/20\/vardagjamning-och-att-dela-lika-och-ett-skamt\/","name":"V\u00e5rdagj\u00e4mning och att dela lika (och ett sk\u00e4mt) - Vandra V\u00e4gen","isPartOf":{"@id":"https:\/\/blogg.svenskakyrkan.se\/vandravagen\/#website"},"primaryImageOfPage":{"@id":"https:\/\/blogg.svenskakyrkan.se\/vandravagen\/2020\/03\/20\/vardagjamning-och-att-dela-lika-och-ett-skamt\/#primaryimage"},"image":{"@id":"https:\/\/blogg.svenskakyrkan.se\/vandravagen\/2020\/03\/20\/vardagjamning-och-att-dela-lika-och-ett-skamt\/#primaryimage"},"thumbnailUrl":"https:\/\/blogg.svenskakyrkan.se\/vandravagen\/files\/2020\/03\/IMG_3247.jpg","datePublished":"2020-03-20T06:00:00+00:00","breadcrumb":{"@id":"https:\/\/blogg.svenskakyrkan.se\/vandravagen\/2020\/03\/20\/vardagjamning-och-att-dela-lika-och-ett-skamt\/#breadcrumb"},"inLanguage":"sv-SE","potentialAction":[{"@type":"ReadAction","target":["https:\/\/blogg.svenskakyrkan.se\/vandravagen\/2020\/03\/20\/vardagjamning-och-att-dela-lika-och-ett-skamt\/"]}]},{"@type":"ImageObject","inLanguage":"sv-SE","@id":"https:\/\/blogg.svenskakyrkan.se\/vandravagen\/2020\/03\/20\/vardagjamning-och-att-dela-lika-och-ett-skamt\/#primaryimage","url":"https:\/\/blogg.svenskakyrkan.se\/vandravagen\/files\/2020\/03\/IMG_3247.jpg","contentUrl":"https:\/\/blogg.svenskakyrkan.se\/vandravagen\/files\/2020\/03\/IMG_3247.jpg","width":762,"height":1158},{"@type":"BreadcrumbList","@id":"https:\/\/blogg.svenskakyrkan.se\/vandravagen\/2020\/03\/20\/vardagjamning-och-att-dela-lika-och-ett-skamt\/#breadcrumb","itemListElement":[{"@type":"ListItem","position":1,"name":"Hem","item":"https:\/\/blogg.svenskakyrkan.se\/vandravagen\/"},{"@type":"ListItem","position":2,"name":"V\u00e5rdagj\u00e4mning och att dela lika (och ett sk\u00e4mt)"}]},{"@type":"WebSite","@id":"https:\/\/blogg.svenskakyrkan.se\/vandravagen\/#website","url":"https:\/\/blogg.svenskakyrkan.se\/vandravagen\/","name":"Vandra V\u00e4gen","description":"-Mot en tro f\u00f6r hela livet","publisher":{"@id":"https:\/\/blogg.svenskakyrkan.se\/vandravagen\/#organization"},"potentialAction":[{"@type":"SearchAction","target":{"@type":"EntryPoint","urlTemplate":"https:\/\/blogg.svenskakyrkan.se\/vandravagen\/?s={search_term_string}"},"query-input":{"@type":"PropertyValueSpecification","valueRequired":true,"valueName":"search_term_string"}}],"inLanguage":"sv-SE"},{"@type":"Organization","@id":"https:\/\/blogg.svenskakyrkan.se\/vandravagen\/#organization","name":"ulricehamns pastorat","alternateName":"ulricehamns pastorat","url":"https:\/\/blogg.svenskakyrkan.se\/vandravagen\/","logo":{"@type":"ImageObject","inLanguage":"sv-SE","@id":"https:\/\/blogg.svenskakyrkan.se\/vandravagen\/#\/schema\/logo\/image\/","url":"https:\/\/blogg.svenskakyrkan.se\/vandravagen\/files\/2023\/05\/Ulr_logo_RGB.png","contentUrl":"https:\/\/blogg.svenskakyrkan.se\/vandravagen\/files\/2023\/05\/Ulr_logo_RGB.png","width":205,"height":77,"caption":"ulricehamns pastorat"},"image":{"@id":"https:\/\/blogg.svenskakyrkan.se\/vandravagen\/#\/schema\/logo\/image\/"},"sameAs":["http:\/\/facebook.com\/vandravagen","https:\/\/x.com\/fadertomas","http:\/\/www.facebook.com\/svenskakyrkaniulricehamn"]},{"@type":"Person","@id":"https:\/\/blogg.svenskakyrkan.se\/vandravagen\/#\/schema\/person\/25da02d4f76b137d04291711e2c9fc16","name":"Tomas Jarvid","image":{"@type":"ImageObject","inLanguage":"sv-SE","@id":"https:\/\/blogg.svenskakyrkan.se\/vandravagen\/#\/schema\/person\/image\/","url":"https:\/\/secure.gravatar.com\/avatar\/7fa71899795e8f540f615a1f5ab25255dc27aa40f05ee7ddd21aac521e01bf50?s=96&d=identicon&r=g","contentUrl":"https:\/\/secure.gravatar.com\/avatar\/7fa71899795e8f540f615a1f5ab25255dc27aa40f05ee7ddd21aac521e01bf50?s=96&d=identicon&r=g","caption":"Tomas Jarvid"},"description":"Jag bor i Ulricehamn i V\u00e4sterg\u00f6tland och \u00e4r f\u00f6rsamlingspr\u00e4st i Svenska Kyrkan f\u00f6r Dalstorps f\u00f6rsamling i Kinds pastorat. P\u00e5 den h\u00e4r bloggen skriver jag ner tankar om vandringen som kristen.","sameAs":["http:\/\/www.vandravagen.se"],"url":"https:\/\/blogg.svenskakyrkan.se\/vandravagen\/author\/vandravagen\/"}]}},"author_meta":{"ID":"392","user_nicename":"vandravagen","user_url":"http:\/\/www.vandravagen.se","user_registered":"2014-05-19 05:44:52","display_name":"Tomas Jarvid","first_name":"Tomas","last_name":"Jarvid","avatar":"https:\/\/secure.gravatar.com\/avatar\/7fa71899795e8f540f615a1f5ab25255dc27aa40f05ee7ddd21aac521e01bf50?s=96&d=identicon&r=g"},"featured_image":["https:\/\/blogg.svenskakyrkan.se\/vandravagen\/files\/2020\/03\/IMG_3247.jpg",762,1158,false],"bloginfo":{"name":"Vandra V\u00e4gen","url":"https:\/\/blogg.svenskakyrkan.se\/vandravagen"},"_links":{"self":[{"href":"https:\/\/blogg.svenskakyrkan.se\/vandravagen\/wp-json\/wp\/v2\/posts\/7741","targetHints":{"allow":["GET"]}}],"collection":[{"href":"https:\/\/blogg.svenskakyrkan.se\/vandravagen\/wp-json\/wp\/v2\/posts"}],"about":[{"href":"https:\/\/blogg.svenskakyrkan.se\/vandravagen\/wp-json\/wp\/v2\/types\/post"}],"author":[{"embeddable":true,"href":"https:\/\/blogg.svenskakyrkan.se\/vandravagen\/wp-json\/wp\/v2\/users\/392"}],"replies":[{"embeddable":true,"href":"https:\/\/blogg.svenskakyrkan.se\/vandravagen\/wp-json\/wp\/v2\/comments?post=7741"}],"version-history":[{"count":2,"href":"https:\/\/blogg.svenskakyrkan.se\/vandravagen\/wp-json\/wp\/v2\/posts\/7741\/revisions"}],"predecessor-version":[{"id":7745,"href":"https:\/\/blogg.svenskakyrkan.se\/vandravagen\/wp-json\/wp\/v2\/posts\/7741\/revisions\/7745"}],"wp:featuredmedia":[{"embeddable":true,"href":"https:\/\/blogg.svenskakyrkan.se\/vandravagen\/wp-json\/wp\/v2\/media\/7744"}],"wp:attachment":[{"href":"https:\/\/blogg.svenskakyrkan.se\/vandravagen\/wp-json\/wp\/v2\/media?parent=7741"}],"wp:term":[{"taxonomy":"category","embeddable":true,"href":"https:\/\/blogg.svenskakyrkan.se\/vandravagen\/wp-json\/wp\/v2\/categories?post=7741"},{"taxonomy":"post_tag","embeddable":true,"href":"https:\/\/blogg.svenskakyrkan.se\/vandravagen\/wp-json\/wp\/v2\/tags?post=7741"}],"curies":[{"name":"wp","href":"https:\/\/api.w.org\/{rel}","templated":true}]}}