{"id":775,"date":"2013-01-08T10:52:00","date_gmt":"2013-01-08T09:52:00","guid":{"rendered":"http:\/\/blogg.svenskakyrkan.se\/vandravagen\/2013\/01\/08\/ditt-liv-som-ambassador\/"},"modified":"2013-01-08T10:52:00","modified_gmt":"2013-01-08T09:52:00","slug":"ditt-liv-som-ambassador","status":"publish","type":"post","link":"https:\/\/blogg.svenskakyrkan.se\/vandravagen\/2013\/01\/08\/ditt-liv-som-ambassador\/","title":{"rendered":"Ditt liv som ambassad\u00f6r"},"content":{"rendered":"<table align=\"center\" cellpadding=\"0\" cellspacing=\"0\">\n<tbody>\n<tr>\n<td><a href=\"http:\/\/www.ulriksdalsslott.se\/images\/18.19fe5e61065eb9aeea800028306\/050120-HMK+audienser-Thailand-KH-280-233jpg.jpg\"><img loading=\"lazy\" decoding=\"async\" border=\"0\" height=\"332\" src=\"http:\/\/www.ulriksdalsslott.se\/images\/18.19fe5e61065eb9aeea800028306\/050120-HMK+audienser-Thailand-KH-280-233jpg.jpg\" width=\"400\"><\/a><\/td>\n<\/tr>\n<tr>\n<td>Thailands ambassad\u00f6r<\/td>\n<\/tr>\n<\/tbody>\n<\/table>\n<p>Jag f\u00f6ljer &#8221;Jakten p\u00e5 det perfekta livet&#8221; p\u00e5 svt. I det program som handlade om &#8221;dr\u00f6mjobbet&#8221;ber\u00e4ttade Margareta Winberg att det finaste man kan vara i Sverige \u00e4r ambassad\u00f6r i utlandet. Hon hade ju till och med varit vice statsminister men inte ens det sm\u00e4llde tydligen lika h\u00f6gt som att hon varit ambassad\u00f6r i Brasilien.<\/p>\n<p>Jag tror alltmer att ordet ambassad\u00f6r kan vara det b\u00e4sta som finns p\u00e5 svenska f\u00f6r att beskriva den roll man har som kristen. &#8221;Mission\u00e4r&#8221; har en hel del historisk belastning s\u00e5 \u00e4ven om jag tycker det \u00e4r ett bra ord har det inte den d\u00e4r klangen som g\u00f6r att vi kan k\u00e4nna oss stolta att kalla oss det. Eller? Fast egentligen \u00e4r det samma sak. En mission\u00e4r \u00e4r uts\u00e4nd (uts\u00e4nd \u00e4r f\u00f6rresten samma ord som &#8221;apostel&#8221;) p\u00e5 ett uppdrag av n\u00e5gon precis p\u00e5 samma s\u00e4tt som ambassad\u00f6ren \u00e4r kallad att representera och f\u00f6retr\u00e4da sitt land och den politik det st\u00e5r f\u00f6r.<\/p>\n<table align=\"center\" cellpadding=\"0\" cellspacing=\"0\">\n<tbody>\n<tr>\n<td><a href=\"http:\/\/1.bp.blogspot.com\/_IAClczOtWhc\/TPOBkRPGrZI\/AAAAAAAAAN0\/FqcD1PfpnZE\/s1600\/stefanholm.jpg\"><img loading=\"lazy\" decoding=\"async\" border=\"0\" height=\"320\" src=\"http:\/\/1.bp.blogspot.com\/_IAClczOtWhc\/TPOBkRPGrZI\/AAAAAAAAAN0\/FqcD1PfpnZE\/s320\/stefanholm.jpg\" width=\"212\"><\/a><\/td>\n<\/tr>\n<tr>\n<td>Stefan Holm \u00e4r ambassad\u00f6r f\u00f6r vit jul!<\/p>\n<p><a href=\"http:\/\/vitjulbloggen.blogspot.se\/\">http:\/\/vitjulbloggen.blogspot.se<\/a><\/td>\n<\/tr>\n<\/tbody>\n<\/table>\n<p>N\u00e4r jag t\u00e4nker p\u00e5 mig sj\u00e4lv som en ambassad\u00f6r f\u00f6r Guds rike k\u00e4nns det dels som en hederspost att vara stolt \u00f6ver, dels f\u00f6rsvinner m\u00e5nga av de f\u00f6rdomsbilder som kan finnas av hur en mission\u00e4r kan v\u00e4ntas agera, vi m\u00e5ste n\u00e4mligen inte falla in i n\u00e5got m\u00f6nster av hur andra g\u00e5r till v\u00e4ga utan kan frimodigt f\u00f6retr\u00e4da p\u00e5 det s\u00e4tt vi tycker st\u00e4mmer med v\u00e5ra g\u00e5vor. Bra va?<\/p>\n<p>Du f\u00e5r ocks\u00e5 vara en ambassad\u00f6r, vad tycker du om klangen?<\/p>\n","protected":false},"excerpt":{"rendered":"<p>Thailands ambassad\u00f6r Jag f\u00f6ljer &#8221;Jakten p\u00e5 det perfekta livet&#8221; p\u00e5 svt. I det program som handlade om &#8221;dr\u00f6mjobbet&#8221;ber\u00e4ttade Margareta Winberg att det finaste man kan vara i Sverige \u00e4r ambassad\u00f6r i utlandet. Hon hade ju till och med varit vice statsminister men inte ens det sm\u00e4llde tydligen lika h\u00f6gt som att hon varit ambassad\u00f6r i [&hellip;]<\/p>\n","protected":false},"author":392,"featured_media":0,"comment_status":"open","ping_status":"open","sticky":false,"template":"","format":"standard","meta":{"_acf_changed":false,"footnotes":""},"categories":[117,78493],"tags":[],"class_list":["post-775","post","type-post","status-publish","format-standard","hentry","category-teologi","category-vittnesbord"],"acf":[],"yoast_head":"<!-- This site is optimized with the Yoast SEO plugin v27.1.1 - https:\/\/yoast.com\/product\/yoast-seo-wordpress\/ -->\n<title>Ditt liv som ambassad\u00f6r - Vandra V\u00e4gen<\/title>\n<meta name=\"robots\" content=\"index, follow, max-snippet:-1, max-image-preview:large, max-video-preview:-1\" \/>\n<link rel=\"canonical\" href=\"https:\/\/blogg.svenskakyrkan.se\/vandravagen\/2013\/01\/08\/ditt-liv-som-ambassador\/\" \/>\n<meta property=\"og:locale\" content=\"sv_SE\" \/>\n<meta property=\"og:type\" content=\"article\" \/>\n<meta property=\"og:title\" content=\"Ditt liv som ambassad\u00f6r - Vandra V\u00e4gen\" \/>\n<meta property=\"og:description\" content=\"Thailands ambassad\u00f6r Jag f\u00f6ljer &#8221;Jakten p\u00e5 det perfekta livet&#8221; p\u00e5 svt. I det program som handlade om &#8221;dr\u00f6mjobbet&#8221;ber\u00e4ttade Margareta Winberg att det finaste man kan vara i Sverige \u00e4r ambassad\u00f6r i utlandet. Hon hade ju till och med varit vice statsminister men inte ens det sm\u00e4llde tydligen lika h\u00f6gt som att hon varit ambassad\u00f6r i [&hellip;]\" \/>\n<meta property=\"og:url\" content=\"https:\/\/blogg.svenskakyrkan.se\/vandravagen\/2013\/01\/08\/ditt-liv-som-ambassador\/\" \/>\n<meta property=\"og:site_name\" content=\"Vandra V\u00e4gen\" \/>\n<meta property=\"article:publisher\" content=\"http:\/\/facebook.com\/vandravagen\" \/>\n<meta property=\"article:published_time\" content=\"2013-01-08T09:52:00+00:00\" \/>\n<meta property=\"og:image\" content=\"http:\/\/www.ulriksdalsslott.se\/images\/18.19fe5e61065eb9aeea800028306\/050120-HMK+audienser-Thailand-KH-280-233jpg.jpg\" \/>\n<meta name=\"author\" content=\"Tomas Jarvid\" \/>\n<meta name=\"twitter:card\" content=\"summary_large_image\" \/>\n<meta name=\"twitter:creator\" content=\"@fadertomas\" \/>\n<meta name=\"twitter:site\" content=\"@fadertomas\" \/>\n<meta name=\"twitter:label1\" content=\"Skriven av\" \/>\n\t<meta name=\"twitter:data1\" content=\"Tomas Jarvid\" \/>\n\t<meta name=\"twitter:label2\" content=\"Ber\u00e4knad l\u00e4stid\" \/>\n\t<meta name=\"twitter:data2\" content=\"1 minut\" \/>\n<script type=\"application\/ld+json\" class=\"yoast-schema-graph\">{\"@context\":\"https:\/\/schema.org\",\"@graph\":[{\"@type\":\"Article\",\"@id\":\"https:\/\/blogg.svenskakyrkan.se\/vandravagen\/2013\/01\/08\/ditt-liv-som-ambassador\/#article\",\"isPartOf\":{\"@id\":\"https:\/\/blogg.svenskakyrkan.se\/vandravagen\/2013\/01\/08\/ditt-liv-som-ambassador\/\"},\"author\":{\"name\":\"Tomas Jarvid\",\"@id\":\"https:\/\/blogg.svenskakyrkan.se\/vandravagen\/#\/schema\/person\/25da02d4f76b137d04291711e2c9fc16\"},\"headline\":\"Ditt liv som ambassad\u00f6r\",\"datePublished\":\"2013-01-08T09:52:00+00:00\",\"mainEntityOfPage\":{\"@id\":\"https:\/\/blogg.svenskakyrkan.se\/vandravagen\/2013\/01\/08\/ditt-liv-som-ambassador\/\"},\"wordCount\":306,\"commentCount\":0,\"publisher\":{\"@id\":\"https:\/\/blogg.svenskakyrkan.se\/vandravagen\/#organization\"},\"image\":{\"@id\":\"https:\/\/blogg.svenskakyrkan.se\/vandravagen\/2013\/01\/08\/ditt-liv-som-ambassador\/#primaryimage\"},\"thumbnailUrl\":\"http:\/\/www.ulriksdalsslott.se\/images\/18.19fe5e61065eb9aeea800028306\/050120-HMK+audienser-Thailand-KH-280-233jpg.jpg\",\"articleSection\":[\"Teologi\",\"vittnesb\u00f6rd\"],\"inLanguage\":\"sv-SE\",\"potentialAction\":[{\"@type\":\"CommentAction\",\"name\":\"Comment\",\"target\":[\"https:\/\/blogg.svenskakyrkan.se\/vandravagen\/2013\/01\/08\/ditt-liv-som-ambassador\/#respond\"]}]},{\"@type\":\"WebPage\",\"@id\":\"https:\/\/blogg.svenskakyrkan.se\/vandravagen\/2013\/01\/08\/ditt-liv-som-ambassador\/\",\"url\":\"https:\/\/blogg.svenskakyrkan.se\/vandravagen\/2013\/01\/08\/ditt-liv-som-ambassador\/\",\"name\":\"Ditt liv som ambassad\u00f6r - Vandra V\u00e4gen\",\"isPartOf\":{\"@id\":\"https:\/\/blogg.svenskakyrkan.se\/vandravagen\/#website\"},\"primaryImageOfPage\":{\"@id\":\"https:\/\/blogg.svenskakyrkan.se\/vandravagen\/2013\/01\/08\/ditt-liv-som-ambassador\/#primaryimage\"},\"image\":{\"@id\":\"https:\/\/blogg.svenskakyrkan.se\/vandravagen\/2013\/01\/08\/ditt-liv-som-ambassador\/#primaryimage\"},\"thumbnailUrl\":\"http:\/\/www.ulriksdalsslott.se\/images\/18.19fe5e61065eb9aeea800028306\/050120-HMK+audienser-Thailand-KH-280-233jpg.jpg\",\"datePublished\":\"2013-01-08T09:52:00+00:00\",\"breadcrumb\":{\"@id\":\"https:\/\/blogg.svenskakyrkan.se\/vandravagen\/2013\/01\/08\/ditt-liv-som-ambassador\/#breadcrumb\"},\"inLanguage\":\"sv-SE\",\"potentialAction\":[{\"@type\":\"ReadAction\",\"target\":[\"https:\/\/blogg.svenskakyrkan.se\/vandravagen\/2013\/01\/08\/ditt-liv-som-ambassador\/\"]}]},{\"@type\":\"ImageObject\",\"inLanguage\":\"sv-SE\",\"@id\":\"https:\/\/blogg.svenskakyrkan.se\/vandravagen\/2013\/01\/08\/ditt-liv-som-ambassador\/#primaryimage\",\"url\":\"http:\/\/www.ulriksdalsslott.se\/images\/18.19fe5e61065eb9aeea800028306\/050120-HMK+audienser-Thailand-KH-280-233jpg.jpg\",\"contentUrl\":\"http:\/\/www.ulriksdalsslott.se\/images\/18.19fe5e61065eb9aeea800028306\/050120-HMK+audienser-Thailand-KH-280-233jpg.jpg\"},{\"@type\":\"BreadcrumbList\",\"@id\":\"https:\/\/blogg.svenskakyrkan.se\/vandravagen\/2013\/01\/08\/ditt-liv-som-ambassador\/#breadcrumb\",\"itemListElement\":[{\"@type\":\"ListItem\",\"position\":1,\"name\":\"Hem\",\"item\":\"https:\/\/blogg.svenskakyrkan.se\/vandravagen\/\"},{\"@type\":\"ListItem\",\"position\":2,\"name\":\"Ditt liv som ambassad\u00f6r\"}]},{\"@type\":\"WebSite\",\"@id\":\"https:\/\/blogg.svenskakyrkan.se\/vandravagen\/#website\",\"url\":\"https:\/\/blogg.svenskakyrkan.se\/vandravagen\/\",\"name\":\"Vandra V\u00e4gen\",\"description\":\"-Mot en tro f\u00f6r hela livet\",\"publisher\":{\"@id\":\"https:\/\/blogg.svenskakyrkan.se\/vandravagen\/#organization\"},\"potentialAction\":[{\"@type\":\"SearchAction\",\"target\":{\"@type\":\"EntryPoint\",\"urlTemplate\":\"https:\/\/blogg.svenskakyrkan.se\/vandravagen\/?s={search_term_string}\"},\"query-input\":{\"@type\":\"PropertyValueSpecification\",\"valueRequired\":true,\"valueName\":\"search_term_string\"}}],\"inLanguage\":\"sv-SE\"},{\"@type\":\"Organization\",\"@id\":\"https:\/\/blogg.svenskakyrkan.se\/vandravagen\/#organization\",\"name\":\"ulricehamns pastorat\",\"alternateName\":\"ulricehamns pastorat\",\"url\":\"https:\/\/blogg.svenskakyrkan.se\/vandravagen\/\",\"logo\":{\"@type\":\"ImageObject\",\"inLanguage\":\"sv-SE\",\"@id\":\"https:\/\/blogg.svenskakyrkan.se\/vandravagen\/#\/schema\/logo\/image\/\",\"url\":\"https:\/\/blogg.svenskakyrkan.se\/vandravagen\/files\/2023\/05\/Ulr_logo_RGB.png\",\"contentUrl\":\"https:\/\/blogg.svenskakyrkan.se\/vandravagen\/files\/2023\/05\/Ulr_logo_RGB.png\",\"width\":205,\"height\":77,\"caption\":\"ulricehamns pastorat\"},\"image\":{\"@id\":\"https:\/\/blogg.svenskakyrkan.se\/vandravagen\/#\/schema\/logo\/image\/\"},\"sameAs\":[\"http:\/\/facebook.com\/vandravagen\",\"https:\/\/x.com\/fadertomas\",\"http:\/\/www.facebook.com\/svenskakyrkaniulricehamn\"]},{\"@type\":\"Person\",\"@id\":\"https:\/\/blogg.svenskakyrkan.se\/vandravagen\/#\/schema\/person\/25da02d4f76b137d04291711e2c9fc16\",\"name\":\"Tomas Jarvid\",\"image\":{\"@type\":\"ImageObject\",\"inLanguage\":\"sv-SE\",\"@id\":\"https:\/\/blogg.svenskakyrkan.se\/vandravagen\/#\/schema\/person\/image\/\",\"url\":\"https:\/\/secure.gravatar.com\/avatar\/7fa71899795e8f540f615a1f5ab25255dc27aa40f05ee7ddd21aac521e01bf50?s=96&d=identicon&r=g\",\"contentUrl\":\"https:\/\/secure.gravatar.com\/avatar\/7fa71899795e8f540f615a1f5ab25255dc27aa40f05ee7ddd21aac521e01bf50?s=96&d=identicon&r=g\",\"caption\":\"Tomas Jarvid\"},\"description\":\"Jag bor i Ulricehamn i V\u00e4sterg\u00f6tland och \u00e4r f\u00f6rsamlingspr\u00e4st i Svenska Kyrkan f\u00f6r Dalstorps f\u00f6rsamling i Kinds pastorat. P\u00e5 den h\u00e4r bloggen skriver jag ner tankar om vandringen som kristen.\",\"sameAs\":[\"http:\/\/www.vandravagen.se\"],\"url\":\"https:\/\/blogg.svenskakyrkan.se\/vandravagen\/author\/vandravagen\/\"}]}<\/script>\n<!-- \/ Yoast SEO plugin. -->","yoast_head_json":{"title":"Ditt liv som ambassad\u00f6r - Vandra V\u00e4gen","robots":{"index":"index","follow":"follow","max-snippet":"max-snippet:-1","max-image-preview":"max-image-preview:large","max-video-preview":"max-video-preview:-1"},"canonical":"https:\/\/blogg.svenskakyrkan.se\/vandravagen\/2013\/01\/08\/ditt-liv-som-ambassador\/","og_locale":"sv_SE","og_type":"article","og_title":"Ditt liv som ambassad\u00f6r - Vandra V\u00e4gen","og_description":"Thailands ambassad\u00f6r Jag f\u00f6ljer &#8221;Jakten p\u00e5 det perfekta livet&#8221; p\u00e5 svt. I det program som handlade om &#8221;dr\u00f6mjobbet&#8221;ber\u00e4ttade Margareta Winberg att det finaste man kan vara i Sverige \u00e4r ambassad\u00f6r i utlandet. Hon hade ju till och med varit vice statsminister men inte ens det sm\u00e4llde tydligen lika h\u00f6gt som att hon varit ambassad\u00f6r i [&hellip;]","og_url":"https:\/\/blogg.svenskakyrkan.se\/vandravagen\/2013\/01\/08\/ditt-liv-som-ambassador\/","og_site_name":"Vandra V\u00e4gen","article_publisher":"http:\/\/facebook.com\/vandravagen","article_published_time":"2013-01-08T09:52:00+00:00","og_image":[{"url":"http:\/\/www.ulriksdalsslott.se\/images\/18.19fe5e61065eb9aeea800028306\/050120-HMK+audienser-Thailand-KH-280-233jpg.jpg","type":"","width":"","height":""}],"author":"Tomas Jarvid","twitter_card":"summary_large_image","twitter_creator":"@fadertomas","twitter_site":"@fadertomas","twitter_misc":{"Skriven av":"Tomas Jarvid","Ber\u00e4knad l\u00e4stid":"1 minut"},"schema":{"@context":"https:\/\/schema.org","@graph":[{"@type":"Article","@id":"https:\/\/blogg.svenskakyrkan.se\/vandravagen\/2013\/01\/08\/ditt-liv-som-ambassador\/#article","isPartOf":{"@id":"https:\/\/blogg.svenskakyrkan.se\/vandravagen\/2013\/01\/08\/ditt-liv-som-ambassador\/"},"author":{"name":"Tomas Jarvid","@id":"https:\/\/blogg.svenskakyrkan.se\/vandravagen\/#\/schema\/person\/25da02d4f76b137d04291711e2c9fc16"},"headline":"Ditt liv som ambassad\u00f6r","datePublished":"2013-01-08T09:52:00+00:00","mainEntityOfPage":{"@id":"https:\/\/blogg.svenskakyrkan.se\/vandravagen\/2013\/01\/08\/ditt-liv-som-ambassador\/"},"wordCount":306,"commentCount":0,"publisher":{"@id":"https:\/\/blogg.svenskakyrkan.se\/vandravagen\/#organization"},"image":{"@id":"https:\/\/blogg.svenskakyrkan.se\/vandravagen\/2013\/01\/08\/ditt-liv-som-ambassador\/#primaryimage"},"thumbnailUrl":"http:\/\/www.ulriksdalsslott.se\/images\/18.19fe5e61065eb9aeea800028306\/050120-HMK+audienser-Thailand-KH-280-233jpg.jpg","articleSection":["Teologi","vittnesb\u00f6rd"],"inLanguage":"sv-SE","potentialAction":[{"@type":"CommentAction","name":"Comment","target":["https:\/\/blogg.svenskakyrkan.se\/vandravagen\/2013\/01\/08\/ditt-liv-som-ambassador\/#respond"]}]},{"@type":"WebPage","@id":"https:\/\/blogg.svenskakyrkan.se\/vandravagen\/2013\/01\/08\/ditt-liv-som-ambassador\/","url":"https:\/\/blogg.svenskakyrkan.se\/vandravagen\/2013\/01\/08\/ditt-liv-som-ambassador\/","name":"Ditt liv som ambassad\u00f6r - Vandra V\u00e4gen","isPartOf":{"@id":"https:\/\/blogg.svenskakyrkan.se\/vandravagen\/#website"},"primaryImageOfPage":{"@id":"https:\/\/blogg.svenskakyrkan.se\/vandravagen\/2013\/01\/08\/ditt-liv-som-ambassador\/#primaryimage"},"image":{"@id":"https:\/\/blogg.svenskakyrkan.se\/vandravagen\/2013\/01\/08\/ditt-liv-som-ambassador\/#primaryimage"},"thumbnailUrl":"http:\/\/www.ulriksdalsslott.se\/images\/18.19fe5e61065eb9aeea800028306\/050120-HMK+audienser-Thailand-KH-280-233jpg.jpg","datePublished":"2013-01-08T09:52:00+00:00","breadcrumb":{"@id":"https:\/\/blogg.svenskakyrkan.se\/vandravagen\/2013\/01\/08\/ditt-liv-som-ambassador\/#breadcrumb"},"inLanguage":"sv-SE","potentialAction":[{"@type":"ReadAction","target":["https:\/\/blogg.svenskakyrkan.se\/vandravagen\/2013\/01\/08\/ditt-liv-som-ambassador\/"]}]},{"@type":"ImageObject","inLanguage":"sv-SE","@id":"https:\/\/blogg.svenskakyrkan.se\/vandravagen\/2013\/01\/08\/ditt-liv-som-ambassador\/#primaryimage","url":"http:\/\/www.ulriksdalsslott.se\/images\/18.19fe5e61065eb9aeea800028306\/050120-HMK+audienser-Thailand-KH-280-233jpg.jpg","contentUrl":"http:\/\/www.ulriksdalsslott.se\/images\/18.19fe5e61065eb9aeea800028306\/050120-HMK+audienser-Thailand-KH-280-233jpg.jpg"},{"@type":"BreadcrumbList","@id":"https:\/\/blogg.svenskakyrkan.se\/vandravagen\/2013\/01\/08\/ditt-liv-som-ambassador\/#breadcrumb","itemListElement":[{"@type":"ListItem","position":1,"name":"Hem","item":"https:\/\/blogg.svenskakyrkan.se\/vandravagen\/"},{"@type":"ListItem","position":2,"name":"Ditt liv som ambassad\u00f6r"}]},{"@type":"WebSite","@id":"https:\/\/blogg.svenskakyrkan.se\/vandravagen\/#website","url":"https:\/\/blogg.svenskakyrkan.se\/vandravagen\/","name":"Vandra V\u00e4gen","description":"-Mot en tro f\u00f6r hela livet","publisher":{"@id":"https:\/\/blogg.svenskakyrkan.se\/vandravagen\/#organization"},"potentialAction":[{"@type":"SearchAction","target":{"@type":"EntryPoint","urlTemplate":"https:\/\/blogg.svenskakyrkan.se\/vandravagen\/?s={search_term_string}"},"query-input":{"@type":"PropertyValueSpecification","valueRequired":true,"valueName":"search_term_string"}}],"inLanguage":"sv-SE"},{"@type":"Organization","@id":"https:\/\/blogg.svenskakyrkan.se\/vandravagen\/#organization","name":"ulricehamns pastorat","alternateName":"ulricehamns pastorat","url":"https:\/\/blogg.svenskakyrkan.se\/vandravagen\/","logo":{"@type":"ImageObject","inLanguage":"sv-SE","@id":"https:\/\/blogg.svenskakyrkan.se\/vandravagen\/#\/schema\/logo\/image\/","url":"https:\/\/blogg.svenskakyrkan.se\/vandravagen\/files\/2023\/05\/Ulr_logo_RGB.png","contentUrl":"https:\/\/blogg.svenskakyrkan.se\/vandravagen\/files\/2023\/05\/Ulr_logo_RGB.png","width":205,"height":77,"caption":"ulricehamns pastorat"},"image":{"@id":"https:\/\/blogg.svenskakyrkan.se\/vandravagen\/#\/schema\/logo\/image\/"},"sameAs":["http:\/\/facebook.com\/vandravagen","https:\/\/x.com\/fadertomas","http:\/\/www.facebook.com\/svenskakyrkaniulricehamn"]},{"@type":"Person","@id":"https:\/\/blogg.svenskakyrkan.se\/vandravagen\/#\/schema\/person\/25da02d4f76b137d04291711e2c9fc16","name":"Tomas Jarvid","image":{"@type":"ImageObject","inLanguage":"sv-SE","@id":"https:\/\/blogg.svenskakyrkan.se\/vandravagen\/#\/schema\/person\/image\/","url":"https:\/\/secure.gravatar.com\/avatar\/7fa71899795e8f540f615a1f5ab25255dc27aa40f05ee7ddd21aac521e01bf50?s=96&d=identicon&r=g","contentUrl":"https:\/\/secure.gravatar.com\/avatar\/7fa71899795e8f540f615a1f5ab25255dc27aa40f05ee7ddd21aac521e01bf50?s=96&d=identicon&r=g","caption":"Tomas Jarvid"},"description":"Jag bor i Ulricehamn i V\u00e4sterg\u00f6tland och \u00e4r f\u00f6rsamlingspr\u00e4st i Svenska Kyrkan f\u00f6r Dalstorps f\u00f6rsamling i Kinds pastorat. P\u00e5 den h\u00e4r bloggen skriver jag ner tankar om vandringen som kristen.","sameAs":["http:\/\/www.vandravagen.se"],"url":"https:\/\/blogg.svenskakyrkan.se\/vandravagen\/author\/vandravagen\/"}]}},"author_meta":{"ID":"392","user_nicename":"vandravagen","user_url":"http:\/\/www.vandravagen.se","user_registered":"2014-05-19 05:44:52","display_name":"Tomas Jarvid","first_name":"Tomas","last_name":"Jarvid","avatar":"https:\/\/secure.gravatar.com\/avatar\/7fa71899795e8f540f615a1f5ab25255dc27aa40f05ee7ddd21aac521e01bf50?s=96&d=identicon&r=g"},"featured_image":false,"bloginfo":{"name":"Vandra V\u00e4gen","url":"https:\/\/blogg.svenskakyrkan.se\/vandravagen"},"_links":{"self":[{"href":"https:\/\/blogg.svenskakyrkan.se\/vandravagen\/wp-json\/wp\/v2\/posts\/775","targetHints":{"allow":["GET"]}}],"collection":[{"href":"https:\/\/blogg.svenskakyrkan.se\/vandravagen\/wp-json\/wp\/v2\/posts"}],"about":[{"href":"https:\/\/blogg.svenskakyrkan.se\/vandravagen\/wp-json\/wp\/v2\/types\/post"}],"author":[{"embeddable":true,"href":"https:\/\/blogg.svenskakyrkan.se\/vandravagen\/wp-json\/wp\/v2\/users\/392"}],"replies":[{"embeddable":true,"href":"https:\/\/blogg.svenskakyrkan.se\/vandravagen\/wp-json\/wp\/v2\/comments?post=775"}],"version-history":[{"count":0,"href":"https:\/\/blogg.svenskakyrkan.se\/vandravagen\/wp-json\/wp\/v2\/posts\/775\/revisions"}],"wp:attachment":[{"href":"https:\/\/blogg.svenskakyrkan.se\/vandravagen\/wp-json\/wp\/v2\/media?parent=775"}],"wp:term":[{"taxonomy":"category","embeddable":true,"href":"https:\/\/blogg.svenskakyrkan.se\/vandravagen\/wp-json\/wp\/v2\/categories?post=775"},{"taxonomy":"post_tag","embeddable":true,"href":"https:\/\/blogg.svenskakyrkan.se\/vandravagen\/wp-json\/wp\/v2\/tags?post=775"}],"curies":[{"name":"wp","href":"https:\/\/api.w.org\/{rel}","templated":true}]}}