{"id":7761,"date":"2020-03-28T07:00:21","date_gmt":"2020-03-28T06:00:21","guid":{"rendered":"http:\/\/blogg.svenskakyrkan.se\/vandravagen\/?p=7761"},"modified":"2020-03-28T00:21:51","modified_gmt":"2020-03-27T23:21:51","slug":"8-satt-att-varda-din-sjal-i-coronatider","status":"publish","type":"post","link":"https:\/\/blogg.svenskakyrkan.se\/vandravagen\/2020\/03\/28\/8-satt-att-varda-din-sjal-i-coronatider\/","title":{"rendered":"8 s\u00e4tt att v\u00e5rda din sj\u00e4l i coronatider"},"content":{"rendered":"\n\n\n<figure class=\"wp-block-image size-large is-style-default\"><img loading=\"lazy\" decoding=\"async\" width=\"749\" height=\"747\" src=\"https:\/\/blogg.svenskakyrkan.se\/vandravagen\/files\/2020\/03\/IMG_3834.jpg\" alt=\"\" class=\"wp-image-7762\" srcset=\"https:\/\/blogg.svenskakyrkan.se\/vandravagen\/files\/2020\/03\/IMG_3834.jpg 749w, https:\/\/blogg.svenskakyrkan.se\/vandravagen\/files\/2020\/03\/IMG_3834-300x299.jpg 300w, https:\/\/blogg.svenskakyrkan.se\/vandravagen\/files\/2020\/03\/IMG_3834-150x150.jpg 150w\" sizes=\"auto, (max-width: 749px) 100vw, 749px\" \/><figcaption>Jagade av pesten. Det g\u00e4ller att vara r\u00e4dd om sig.<\/figcaption><\/figure>\n\n\n\n<p>Vad g\u00f6r man n\u00e4r man pl\u00f6tsligt blivit isolerad och inte kan ha sitt andliga liv i den gemensamma gudstj\u00e4nsten l\u00e4ngre? Just nu pr\u00f6var sig alla kyrkor fram med telefonkontakter, videokonferensm\u00f6ten och gudstj\u00e4nster via n\u00e4tet. Det \u00e4r v\u00e4ldigt fint att vi har s\u00e5 mycket teknik som kan hj\u00e4lpa oss och jag har ju h\u00e5llit p\u00e5 l\u00e4nge med att bedriva n\u00e4tarbete h\u00e4r p\u00e5 bloggen. F\u00f6r den som \u00e4r hemma med tekniken \u00e4r det ju bra. H\u00e4r \u00e4r n\u00e5gra korta tankar.<\/p>\n\n\n\n<p><strong>G\u00e5 p\u00e5 gudstj\u00e4nst p\u00e5 distans<\/strong>. Kanske att din f\u00f6rsamling har gudstj\u00e4nster p\u00e5 n\u00e4tet? Eller s\u00e5 finns ju tvgudstj\u00e4nsten? G\u00e5 in f\u00f6r det som en riktig gudstj\u00e4nst och ordna det lugnt omkring dig s\u00e5 blir det s\u00e4kert en v\u00e4lsignad stund.<\/p>\n\n\n\n<p><strong>G\u00e5 i skogen<\/strong>. Naturen finns ju gud ske lov till hands \u00e4ven nu. \u00c5tminstone om man bor p\u00e5 lite mindre st\u00e4llen. L\u00e5nga promenader \u00e4r bra f\u00f6r den existentiella h\u00e4lsan ocks\u00e5.<\/p>\n\n\n\n<p><strong>L\u00e4s en bok<\/strong>. -&#8221;Andlig l\u00e4sning&#8221; \u00e4r lika tillg\u00e4nglig nu som annars. Kanske att du har n\u00e5got i bokhyllan intill dig? Allt fr\u00e5n l\u00e4ttillg\u00e4ngliga till riktigt kr\u00e5ngliga b\u00f6cker allt efter intresse. L\u00e4s g\u00e4rna lite i bibeln ocks\u00e5.<\/p>\n\n\n\n<p><strong>Anv\u00e4nd en app<\/strong>, Det finns bra appar att be med. Testa g\u00e4rna &#8221;tideb\u00f6nsappen&#8221; s\u00e5 kan du be f\u00e4rdiga b\u00f6ner i n\u00e5gon slags gemenskap med andra som anv\u00e4nder samma app.<\/p>\n\n\n\n<p><strong>Ring en pr\u00e4st<\/strong>, jag hoppas du k\u00e4nner att du kan h\u00f6ra av dig till f\u00f6rsamlingspr\u00e4st eller liknande utan att ha beh\u00f6va ha n\u00e5got j\u00e4ttekonkret problem att tala om. M\u00e5nga f\u00f6rsamlingar har ordnat nu med journummer och liknande.<\/p>\n\n\n\n<p><strong>Maila mig<\/strong>. Har du saker du vill fundera p\u00e5 tillsammans med mig s\u00e5 f\u00e5r du g\u00e4rna skriva en rad eller flera till tomas.jarvid@svenskakyrkan.se s\u00e5 tar jag g\u00e4rna del av vad du har p\u00e5 hj\u00e4rtat. Du f\u00e5r f\u00f6rst\u00e5s g\u00e4rna skriva till mig p\u00e5 twitter eller i kommentarerna h\u00e4r under eller hur det passar dig. <\/p>\n\n\n\n<p><strong>Ta hand om n\u00e5gon annan<\/strong>. Om du har kraft \u00f6ver s\u00e5 se om du kan hj\u00e4lpa n\u00e5gon. G\u00f6r det enkelt f\u00f6r dig och b\u00f6rja med n\u00e5got v\u00e4lk\u00e4nt. Ring n\u00e5gon du tror \u00e4r isolerad och se om du kan vara till hj\u00e4lp. Det \u00e4r nog minst lika nyttigt f\u00f6r dig sj\u00e4lv som f\u00f6r den du hj\u00e4lper.<\/p>\n\n\n\n<p><strong>H\u00e5ll ut<\/strong>. Det l\u00e4r v\u00e4l vara ett tag det h\u00e4r, och hur v\u00e4rlden ser ut efter\u00e5t \u00e4r inte l\u00e4tt att veta. Be f\u00f6r att Gud ska b\u00e4ra oss igenom detta och leda oss till en god framtid. Det \u00e4r ok att k\u00e4nna det precis som du k\u00e4nner det.<\/p>\n\n\n\n<p>Jag tycker det h\u00e4r var en lite knepig bloggpost att skriva f\u00f6r jag \u00e4r sj\u00e4lv ganska vilsen i dessa tider. Det \u00e4r sv\u00e5rt om man ska vara en stor hj\u00e4lte s\u00e5 jag t\u00e4nker som vi brukar t\u00e4nka i kyrkan att det \u00e4r Gud som f\u00e5r b\u00e4ra oss. Det h\u00e4nger inte p\u00e5 hur duktiga vi \u00e4r nu heller. <\/p>\n\n\n\n<p>Vad t\u00e4nker du om detta med att ha det andliga livet ig\u00e5ng i isolering? Skriv en kommentar!<\/p>\n","protected":false},"excerpt":{"rendered":"<p>Vad g\u00f6r man n\u00e4r man pl\u00f6tsligt blivit isolerad och inte kan ha sitt andliga liv i den gemensamma gudstj\u00e4nsten l\u00e4ngre? Just nu pr\u00f6var sig alla kyrkor fram med telefonkontakter, videokonferensm\u00f6ten och gudstj\u00e4nster via n\u00e4tet. Det \u00e4r v\u00e4ldigt fint att vi har s\u00e5 mycket teknik som kan hj\u00e4lpa oss och jag har ju h\u00e5llit p\u00e5 l\u00e4nge [&hellip;]<\/p>\n","protected":false},"author":392,"featured_media":7762,"comment_status":"open","ping_status":"open","sticky":false,"template":"","format":"standard","meta":{"_acf_changed":false,"footnotes":""},"categories":[76766],"tags":[],"class_list":["post-7761","post","type-post","status-publish","format-standard","has-post-thumbnail","hentry","category-blandat"],"acf":[],"yoast_head":"<!-- This site is optimized with the Yoast SEO plugin v27.1.1 - https:\/\/yoast.com\/product\/yoast-seo-wordpress\/ -->\n<title>8 s\u00e4tt att v\u00e5rda din sj\u00e4l i coronatider - Vandra V\u00e4gen<\/title>\n<meta name=\"robots\" content=\"index, follow, max-snippet:-1, max-image-preview:large, max-video-preview:-1\" \/>\n<link rel=\"canonical\" href=\"https:\/\/blogg.svenskakyrkan.se\/vandravagen\/2020\/03\/28\/8-satt-att-varda-din-sjal-i-coronatider\/\" \/>\n<meta property=\"og:locale\" content=\"sv_SE\" \/>\n<meta property=\"og:type\" content=\"article\" \/>\n<meta property=\"og:title\" content=\"8 s\u00e4tt att v\u00e5rda din sj\u00e4l i coronatider - Vandra V\u00e4gen\" \/>\n<meta property=\"og:description\" content=\"Vad g\u00f6r man n\u00e4r man pl\u00f6tsligt blivit isolerad och inte kan ha sitt andliga liv i den gemensamma gudstj\u00e4nsten l\u00e4ngre? Just nu pr\u00f6var sig alla kyrkor fram med telefonkontakter, videokonferensm\u00f6ten och gudstj\u00e4nster via n\u00e4tet. Det \u00e4r v\u00e4ldigt fint att vi har s\u00e5 mycket teknik som kan hj\u00e4lpa oss och jag har ju h\u00e5llit p\u00e5 l\u00e4nge [&hellip;]\" \/>\n<meta property=\"og:url\" content=\"https:\/\/blogg.svenskakyrkan.se\/vandravagen\/2020\/03\/28\/8-satt-att-varda-din-sjal-i-coronatider\/\" \/>\n<meta property=\"og:site_name\" content=\"Vandra V\u00e4gen\" \/>\n<meta property=\"article:publisher\" content=\"http:\/\/facebook.com\/vandravagen\" \/>\n<meta property=\"article:published_time\" content=\"2020-03-28T06:00:21+00:00\" \/>\n<meta property=\"og:image\" content=\"https:\/\/blogg.svenskakyrkan.se\/vandravagen\/files\/2020\/03\/IMG_3834.jpg\" \/>\n\t<meta property=\"og:image:width\" content=\"749\" \/>\n\t<meta property=\"og:image:height\" content=\"747\" \/>\n\t<meta property=\"og:image:type\" content=\"image\/jpeg\" \/>\n<meta name=\"author\" content=\"Tomas Jarvid\" \/>\n<meta name=\"twitter:card\" content=\"summary_large_image\" \/>\n<meta name=\"twitter:creator\" content=\"@fadertomas\" \/>\n<meta name=\"twitter:site\" content=\"@fadertomas\" \/>\n<meta name=\"twitter:label1\" content=\"Skriven av\" \/>\n\t<meta name=\"twitter:data1\" content=\"Tomas Jarvid\" \/>\n\t<meta name=\"twitter:label2\" content=\"Ber\u00e4knad l\u00e4stid\" \/>\n\t<meta name=\"twitter:data2\" content=\"3 minuter\" \/>\n<script type=\"application\/ld+json\" class=\"yoast-schema-graph\">{\"@context\":\"https:\/\/schema.org\",\"@graph\":[{\"@type\":\"Article\",\"@id\":\"https:\/\/blogg.svenskakyrkan.se\/vandravagen\/2020\/03\/28\/8-satt-att-varda-din-sjal-i-coronatider\/#article\",\"isPartOf\":{\"@id\":\"https:\/\/blogg.svenskakyrkan.se\/vandravagen\/2020\/03\/28\/8-satt-att-varda-din-sjal-i-coronatider\/\"},\"author\":{\"name\":\"Tomas Jarvid\",\"@id\":\"https:\/\/blogg.svenskakyrkan.se\/vandravagen\/#\/schema\/person\/25da02d4f76b137d04291711e2c9fc16\"},\"headline\":\"8 s\u00e4tt att v\u00e5rda din sj\u00e4l i coronatider\",\"datePublished\":\"2020-03-28T06:00:21+00:00\",\"mainEntityOfPage\":{\"@id\":\"https:\/\/blogg.svenskakyrkan.se\/vandravagen\/2020\/03\/28\/8-satt-att-varda-din-sjal-i-coronatider\/\"},\"wordCount\":611,\"commentCount\":0,\"publisher\":{\"@id\":\"https:\/\/blogg.svenskakyrkan.se\/vandravagen\/#organization\"},\"image\":{\"@id\":\"https:\/\/blogg.svenskakyrkan.se\/vandravagen\/2020\/03\/28\/8-satt-att-varda-din-sjal-i-coronatider\/#primaryimage\"},\"thumbnailUrl\":\"https:\/\/blogg.svenskakyrkan.se\/vandravagen\/files\/2020\/03\/IMG_3834.jpg\",\"articleSection\":[\"blandat\"],\"inLanguage\":\"sv-SE\",\"potentialAction\":[{\"@type\":\"CommentAction\",\"name\":\"Comment\",\"target\":[\"https:\/\/blogg.svenskakyrkan.se\/vandravagen\/2020\/03\/28\/8-satt-att-varda-din-sjal-i-coronatider\/#respond\"]}]},{\"@type\":\"WebPage\",\"@id\":\"https:\/\/blogg.svenskakyrkan.se\/vandravagen\/2020\/03\/28\/8-satt-att-varda-din-sjal-i-coronatider\/\",\"url\":\"https:\/\/blogg.svenskakyrkan.se\/vandravagen\/2020\/03\/28\/8-satt-att-varda-din-sjal-i-coronatider\/\",\"name\":\"8 s\u00e4tt att v\u00e5rda din sj\u00e4l i coronatider - Vandra V\u00e4gen\",\"isPartOf\":{\"@id\":\"https:\/\/blogg.svenskakyrkan.se\/vandravagen\/#website\"},\"primaryImageOfPage\":{\"@id\":\"https:\/\/blogg.svenskakyrkan.se\/vandravagen\/2020\/03\/28\/8-satt-att-varda-din-sjal-i-coronatider\/#primaryimage\"},\"image\":{\"@id\":\"https:\/\/blogg.svenskakyrkan.se\/vandravagen\/2020\/03\/28\/8-satt-att-varda-din-sjal-i-coronatider\/#primaryimage\"},\"thumbnailUrl\":\"https:\/\/blogg.svenskakyrkan.se\/vandravagen\/files\/2020\/03\/IMG_3834.jpg\",\"datePublished\":\"2020-03-28T06:00:21+00:00\",\"breadcrumb\":{\"@id\":\"https:\/\/blogg.svenskakyrkan.se\/vandravagen\/2020\/03\/28\/8-satt-att-varda-din-sjal-i-coronatider\/#breadcrumb\"},\"inLanguage\":\"sv-SE\",\"potentialAction\":[{\"@type\":\"ReadAction\",\"target\":[\"https:\/\/blogg.svenskakyrkan.se\/vandravagen\/2020\/03\/28\/8-satt-att-varda-din-sjal-i-coronatider\/\"]}]},{\"@type\":\"ImageObject\",\"inLanguage\":\"sv-SE\",\"@id\":\"https:\/\/blogg.svenskakyrkan.se\/vandravagen\/2020\/03\/28\/8-satt-att-varda-din-sjal-i-coronatider\/#primaryimage\",\"url\":\"https:\/\/blogg.svenskakyrkan.se\/vandravagen\/files\/2020\/03\/IMG_3834.jpg\",\"contentUrl\":\"https:\/\/blogg.svenskakyrkan.se\/vandravagen\/files\/2020\/03\/IMG_3834.jpg\",\"width\":749,\"height\":747},{\"@type\":\"BreadcrumbList\",\"@id\":\"https:\/\/blogg.svenskakyrkan.se\/vandravagen\/2020\/03\/28\/8-satt-att-varda-din-sjal-i-coronatider\/#breadcrumb\",\"itemListElement\":[{\"@type\":\"ListItem\",\"position\":1,\"name\":\"Hem\",\"item\":\"https:\/\/blogg.svenskakyrkan.se\/vandravagen\/\"},{\"@type\":\"ListItem\",\"position\":2,\"name\":\"8 s\u00e4tt att v\u00e5rda din sj\u00e4l i coronatider\"}]},{\"@type\":\"WebSite\",\"@id\":\"https:\/\/blogg.svenskakyrkan.se\/vandravagen\/#website\",\"url\":\"https:\/\/blogg.svenskakyrkan.se\/vandravagen\/\",\"name\":\"Vandra V\u00e4gen\",\"description\":\"-Mot en tro f\u00f6r hela livet\",\"publisher\":{\"@id\":\"https:\/\/blogg.svenskakyrkan.se\/vandravagen\/#organization\"},\"potentialAction\":[{\"@type\":\"SearchAction\",\"target\":{\"@type\":\"EntryPoint\",\"urlTemplate\":\"https:\/\/blogg.svenskakyrkan.se\/vandravagen\/?s={search_term_string}\"},\"query-input\":{\"@type\":\"PropertyValueSpecification\",\"valueRequired\":true,\"valueName\":\"search_term_string\"}}],\"inLanguage\":\"sv-SE\"},{\"@type\":\"Organization\",\"@id\":\"https:\/\/blogg.svenskakyrkan.se\/vandravagen\/#organization\",\"name\":\"ulricehamns pastorat\",\"alternateName\":\"ulricehamns pastorat\",\"url\":\"https:\/\/blogg.svenskakyrkan.se\/vandravagen\/\",\"logo\":{\"@type\":\"ImageObject\",\"inLanguage\":\"sv-SE\",\"@id\":\"https:\/\/blogg.svenskakyrkan.se\/vandravagen\/#\/schema\/logo\/image\/\",\"url\":\"https:\/\/blogg.svenskakyrkan.se\/vandravagen\/files\/2023\/05\/Ulr_logo_RGB.png\",\"contentUrl\":\"https:\/\/blogg.svenskakyrkan.se\/vandravagen\/files\/2023\/05\/Ulr_logo_RGB.png\",\"width\":205,\"height\":77,\"caption\":\"ulricehamns pastorat\"},\"image\":{\"@id\":\"https:\/\/blogg.svenskakyrkan.se\/vandravagen\/#\/schema\/logo\/image\/\"},\"sameAs\":[\"http:\/\/facebook.com\/vandravagen\",\"https:\/\/x.com\/fadertomas\",\"http:\/\/www.facebook.com\/svenskakyrkaniulricehamn\"]},{\"@type\":\"Person\",\"@id\":\"https:\/\/blogg.svenskakyrkan.se\/vandravagen\/#\/schema\/person\/25da02d4f76b137d04291711e2c9fc16\",\"name\":\"Tomas Jarvid\",\"image\":{\"@type\":\"ImageObject\",\"inLanguage\":\"sv-SE\",\"@id\":\"https:\/\/blogg.svenskakyrkan.se\/vandravagen\/#\/schema\/person\/image\/\",\"url\":\"https:\/\/secure.gravatar.com\/avatar\/7fa71899795e8f540f615a1f5ab25255dc27aa40f05ee7ddd21aac521e01bf50?s=96&d=identicon&r=g\",\"contentUrl\":\"https:\/\/secure.gravatar.com\/avatar\/7fa71899795e8f540f615a1f5ab25255dc27aa40f05ee7ddd21aac521e01bf50?s=96&d=identicon&r=g\",\"caption\":\"Tomas Jarvid\"},\"description\":\"Jag bor i Ulricehamn i V\u00e4sterg\u00f6tland och \u00e4r f\u00f6rsamlingspr\u00e4st i Svenska Kyrkan f\u00f6r Dalstorps f\u00f6rsamling i Kinds pastorat. P\u00e5 den h\u00e4r bloggen skriver jag ner tankar om vandringen som kristen.\",\"sameAs\":[\"http:\/\/www.vandravagen.se\"],\"url\":\"https:\/\/blogg.svenskakyrkan.se\/vandravagen\/author\/vandravagen\/\"}]}<\/script>\n<!-- \/ Yoast SEO plugin. -->","yoast_head_json":{"title":"8 s\u00e4tt att v\u00e5rda din sj\u00e4l i coronatider - Vandra V\u00e4gen","robots":{"index":"index","follow":"follow","max-snippet":"max-snippet:-1","max-image-preview":"max-image-preview:large","max-video-preview":"max-video-preview:-1"},"canonical":"https:\/\/blogg.svenskakyrkan.se\/vandravagen\/2020\/03\/28\/8-satt-att-varda-din-sjal-i-coronatider\/","og_locale":"sv_SE","og_type":"article","og_title":"8 s\u00e4tt att v\u00e5rda din sj\u00e4l i coronatider - Vandra V\u00e4gen","og_description":"Vad g\u00f6r man n\u00e4r man pl\u00f6tsligt blivit isolerad och inte kan ha sitt andliga liv i den gemensamma gudstj\u00e4nsten l\u00e4ngre? Just nu pr\u00f6var sig alla kyrkor fram med telefonkontakter, videokonferensm\u00f6ten och gudstj\u00e4nster via n\u00e4tet. Det \u00e4r v\u00e4ldigt fint att vi har s\u00e5 mycket teknik som kan hj\u00e4lpa oss och jag har ju h\u00e5llit p\u00e5 l\u00e4nge [&hellip;]","og_url":"https:\/\/blogg.svenskakyrkan.se\/vandravagen\/2020\/03\/28\/8-satt-att-varda-din-sjal-i-coronatider\/","og_site_name":"Vandra V\u00e4gen","article_publisher":"http:\/\/facebook.com\/vandravagen","article_published_time":"2020-03-28T06:00:21+00:00","og_image":[{"width":749,"height":747,"url":"https:\/\/blogg.svenskakyrkan.se\/vandravagen\/files\/2020\/03\/IMG_3834.jpg","type":"image\/jpeg"}],"author":"Tomas Jarvid","twitter_card":"summary_large_image","twitter_creator":"@fadertomas","twitter_site":"@fadertomas","twitter_misc":{"Skriven av":"Tomas Jarvid","Ber\u00e4knad l\u00e4stid":"3 minuter"},"schema":{"@context":"https:\/\/schema.org","@graph":[{"@type":"Article","@id":"https:\/\/blogg.svenskakyrkan.se\/vandravagen\/2020\/03\/28\/8-satt-att-varda-din-sjal-i-coronatider\/#article","isPartOf":{"@id":"https:\/\/blogg.svenskakyrkan.se\/vandravagen\/2020\/03\/28\/8-satt-att-varda-din-sjal-i-coronatider\/"},"author":{"name":"Tomas Jarvid","@id":"https:\/\/blogg.svenskakyrkan.se\/vandravagen\/#\/schema\/person\/25da02d4f76b137d04291711e2c9fc16"},"headline":"8 s\u00e4tt att v\u00e5rda din sj\u00e4l i coronatider","datePublished":"2020-03-28T06:00:21+00:00","mainEntityOfPage":{"@id":"https:\/\/blogg.svenskakyrkan.se\/vandravagen\/2020\/03\/28\/8-satt-att-varda-din-sjal-i-coronatider\/"},"wordCount":611,"commentCount":0,"publisher":{"@id":"https:\/\/blogg.svenskakyrkan.se\/vandravagen\/#organization"},"image":{"@id":"https:\/\/blogg.svenskakyrkan.se\/vandravagen\/2020\/03\/28\/8-satt-att-varda-din-sjal-i-coronatider\/#primaryimage"},"thumbnailUrl":"https:\/\/blogg.svenskakyrkan.se\/vandravagen\/files\/2020\/03\/IMG_3834.jpg","articleSection":["blandat"],"inLanguage":"sv-SE","potentialAction":[{"@type":"CommentAction","name":"Comment","target":["https:\/\/blogg.svenskakyrkan.se\/vandravagen\/2020\/03\/28\/8-satt-att-varda-din-sjal-i-coronatider\/#respond"]}]},{"@type":"WebPage","@id":"https:\/\/blogg.svenskakyrkan.se\/vandravagen\/2020\/03\/28\/8-satt-att-varda-din-sjal-i-coronatider\/","url":"https:\/\/blogg.svenskakyrkan.se\/vandravagen\/2020\/03\/28\/8-satt-att-varda-din-sjal-i-coronatider\/","name":"8 s\u00e4tt att v\u00e5rda din sj\u00e4l i coronatider - Vandra V\u00e4gen","isPartOf":{"@id":"https:\/\/blogg.svenskakyrkan.se\/vandravagen\/#website"},"primaryImageOfPage":{"@id":"https:\/\/blogg.svenskakyrkan.se\/vandravagen\/2020\/03\/28\/8-satt-att-varda-din-sjal-i-coronatider\/#primaryimage"},"image":{"@id":"https:\/\/blogg.svenskakyrkan.se\/vandravagen\/2020\/03\/28\/8-satt-att-varda-din-sjal-i-coronatider\/#primaryimage"},"thumbnailUrl":"https:\/\/blogg.svenskakyrkan.se\/vandravagen\/files\/2020\/03\/IMG_3834.jpg","datePublished":"2020-03-28T06:00:21+00:00","breadcrumb":{"@id":"https:\/\/blogg.svenskakyrkan.se\/vandravagen\/2020\/03\/28\/8-satt-att-varda-din-sjal-i-coronatider\/#breadcrumb"},"inLanguage":"sv-SE","potentialAction":[{"@type":"ReadAction","target":["https:\/\/blogg.svenskakyrkan.se\/vandravagen\/2020\/03\/28\/8-satt-att-varda-din-sjal-i-coronatider\/"]}]},{"@type":"ImageObject","inLanguage":"sv-SE","@id":"https:\/\/blogg.svenskakyrkan.se\/vandravagen\/2020\/03\/28\/8-satt-att-varda-din-sjal-i-coronatider\/#primaryimage","url":"https:\/\/blogg.svenskakyrkan.se\/vandravagen\/files\/2020\/03\/IMG_3834.jpg","contentUrl":"https:\/\/blogg.svenskakyrkan.se\/vandravagen\/files\/2020\/03\/IMG_3834.jpg","width":749,"height":747},{"@type":"BreadcrumbList","@id":"https:\/\/blogg.svenskakyrkan.se\/vandravagen\/2020\/03\/28\/8-satt-att-varda-din-sjal-i-coronatider\/#breadcrumb","itemListElement":[{"@type":"ListItem","position":1,"name":"Hem","item":"https:\/\/blogg.svenskakyrkan.se\/vandravagen\/"},{"@type":"ListItem","position":2,"name":"8 s\u00e4tt att v\u00e5rda din sj\u00e4l i coronatider"}]},{"@type":"WebSite","@id":"https:\/\/blogg.svenskakyrkan.se\/vandravagen\/#website","url":"https:\/\/blogg.svenskakyrkan.se\/vandravagen\/","name":"Vandra V\u00e4gen","description":"-Mot en tro f\u00f6r hela livet","publisher":{"@id":"https:\/\/blogg.svenskakyrkan.se\/vandravagen\/#organization"},"potentialAction":[{"@type":"SearchAction","target":{"@type":"EntryPoint","urlTemplate":"https:\/\/blogg.svenskakyrkan.se\/vandravagen\/?s={search_term_string}"},"query-input":{"@type":"PropertyValueSpecification","valueRequired":true,"valueName":"search_term_string"}}],"inLanguage":"sv-SE"},{"@type":"Organization","@id":"https:\/\/blogg.svenskakyrkan.se\/vandravagen\/#organization","name":"ulricehamns pastorat","alternateName":"ulricehamns pastorat","url":"https:\/\/blogg.svenskakyrkan.se\/vandravagen\/","logo":{"@type":"ImageObject","inLanguage":"sv-SE","@id":"https:\/\/blogg.svenskakyrkan.se\/vandravagen\/#\/schema\/logo\/image\/","url":"https:\/\/blogg.svenskakyrkan.se\/vandravagen\/files\/2023\/05\/Ulr_logo_RGB.png","contentUrl":"https:\/\/blogg.svenskakyrkan.se\/vandravagen\/files\/2023\/05\/Ulr_logo_RGB.png","width":205,"height":77,"caption":"ulricehamns pastorat"},"image":{"@id":"https:\/\/blogg.svenskakyrkan.se\/vandravagen\/#\/schema\/logo\/image\/"},"sameAs":["http:\/\/facebook.com\/vandravagen","https:\/\/x.com\/fadertomas","http:\/\/www.facebook.com\/svenskakyrkaniulricehamn"]},{"@type":"Person","@id":"https:\/\/blogg.svenskakyrkan.se\/vandravagen\/#\/schema\/person\/25da02d4f76b137d04291711e2c9fc16","name":"Tomas Jarvid","image":{"@type":"ImageObject","inLanguage":"sv-SE","@id":"https:\/\/blogg.svenskakyrkan.se\/vandravagen\/#\/schema\/person\/image\/","url":"https:\/\/secure.gravatar.com\/avatar\/7fa71899795e8f540f615a1f5ab25255dc27aa40f05ee7ddd21aac521e01bf50?s=96&d=identicon&r=g","contentUrl":"https:\/\/secure.gravatar.com\/avatar\/7fa71899795e8f540f615a1f5ab25255dc27aa40f05ee7ddd21aac521e01bf50?s=96&d=identicon&r=g","caption":"Tomas Jarvid"},"description":"Jag bor i Ulricehamn i V\u00e4sterg\u00f6tland och \u00e4r f\u00f6rsamlingspr\u00e4st i Svenska Kyrkan f\u00f6r Dalstorps f\u00f6rsamling i Kinds pastorat. P\u00e5 den h\u00e4r bloggen skriver jag ner tankar om vandringen som kristen.","sameAs":["http:\/\/www.vandravagen.se"],"url":"https:\/\/blogg.svenskakyrkan.se\/vandravagen\/author\/vandravagen\/"}]}},"author_meta":{"ID":"392","user_nicename":"vandravagen","user_url":"http:\/\/www.vandravagen.se","user_registered":"2014-05-19 05:44:52","display_name":"Tomas Jarvid","first_name":"Tomas","last_name":"Jarvid","avatar":"https:\/\/secure.gravatar.com\/avatar\/7fa71899795e8f540f615a1f5ab25255dc27aa40f05ee7ddd21aac521e01bf50?s=96&d=identicon&r=g"},"featured_image":["https:\/\/blogg.svenskakyrkan.se\/vandravagen\/files\/2020\/03\/IMG_3834.jpg",749,747,false],"bloginfo":{"name":"Vandra V\u00e4gen","url":"https:\/\/blogg.svenskakyrkan.se\/vandravagen"},"_links":{"self":[{"href":"https:\/\/blogg.svenskakyrkan.se\/vandravagen\/wp-json\/wp\/v2\/posts\/7761","targetHints":{"allow":["GET"]}}],"collection":[{"href":"https:\/\/blogg.svenskakyrkan.se\/vandravagen\/wp-json\/wp\/v2\/posts"}],"about":[{"href":"https:\/\/blogg.svenskakyrkan.se\/vandravagen\/wp-json\/wp\/v2\/types\/post"}],"author":[{"embeddable":true,"href":"https:\/\/blogg.svenskakyrkan.se\/vandravagen\/wp-json\/wp\/v2\/users\/392"}],"replies":[{"embeddable":true,"href":"https:\/\/blogg.svenskakyrkan.se\/vandravagen\/wp-json\/wp\/v2\/comments?post=7761"}],"version-history":[{"count":1,"href":"https:\/\/blogg.svenskakyrkan.se\/vandravagen\/wp-json\/wp\/v2\/posts\/7761\/revisions"}],"predecessor-version":[{"id":7763,"href":"https:\/\/blogg.svenskakyrkan.se\/vandravagen\/wp-json\/wp\/v2\/posts\/7761\/revisions\/7763"}],"wp:featuredmedia":[{"embeddable":true,"href":"https:\/\/blogg.svenskakyrkan.se\/vandravagen\/wp-json\/wp\/v2\/media\/7762"}],"wp:attachment":[{"href":"https:\/\/blogg.svenskakyrkan.se\/vandravagen\/wp-json\/wp\/v2\/media?parent=7761"}],"wp:term":[{"taxonomy":"category","embeddable":true,"href":"https:\/\/blogg.svenskakyrkan.se\/vandravagen\/wp-json\/wp\/v2\/categories?post=7761"},{"taxonomy":"post_tag","embeddable":true,"href":"https:\/\/blogg.svenskakyrkan.se\/vandravagen\/wp-json\/wp\/v2\/tags?post=7761"}],"curies":[{"name":"wp","href":"https:\/\/api.w.org\/{rel}","templated":true}]}}