{"id":7764,"date":"2020-03-29T07:00:00","date_gmt":"2020-03-29T05:00:00","guid":{"rendered":"http:\/\/blogg.svenskakyrkan.se\/vandravagen\/?p=7764"},"modified":"2020-03-28T22:19:49","modified_gmt":"2020-03-28T21:19:49","slug":"10-blandade-tankar-pa-sondagen-52","status":"publish","type":"post","link":"https:\/\/blogg.svenskakyrkan.se\/vandravagen\/2020\/03\/29\/10-blandade-tankar-pa-sondagen-52\/","title":{"rendered":"10 blandade tankar p\u00e5 s\u00f6ndagen"},"content":{"rendered":"\n\n\n<figure class=\"wp-block-image size-large is-style-default\"><img loading=\"lazy\" decoding=\"async\" width=\"1024\" height=\"768\" src=\"https:\/\/blogg.svenskakyrkan.se\/vandravagen\/files\/2020\/03\/IMG_4076-1024x768.jpg\" alt=\"\" class=\"wp-image-7765\" srcset=\"https:\/\/blogg.svenskakyrkan.se\/vandravagen\/files\/2020\/03\/IMG_4076-1024x768.jpg 1024w, https:\/\/blogg.svenskakyrkan.se\/vandravagen\/files\/2020\/03\/IMG_4076-300x225.jpg 300w, https:\/\/blogg.svenskakyrkan.se\/vandravagen\/files\/2020\/03\/IMG_4076-768x576.jpg 768w, https:\/\/blogg.svenskakyrkan.se\/vandravagen\/files\/2020\/03\/IMG_4076-1200x900.jpg 1200w, https:\/\/blogg.svenskakyrkan.se\/vandravagen\/files\/2020\/03\/IMG_4076.jpg 1280w\" sizes=\"auto, (max-width: 1024px) 100vw, 1024px\" \/><figcaption>Lite v\u00e5r.<\/figcaption><\/figure>\n\n\n\n<ol class=\"wp-block-list\"><li>Glad s\u00f6ndag k\u00e4ra l\u00e4sare.<\/li><li>Det \u00e4r fortsatt sv\u00e5ra tider. Jag har ledig helg just nu p\u00e5 grund av inst\u00e4llt domprostbes\u00f6k. Vi har f\u00e5tt p\u00e5bud om att vi forts\u00e4tter med gudstj\u00e4nsterna och s\u00e4ger till alla att iaktta f\u00f6rsiktighet, vet inte om vi kommer till n\u00e5gon kyrka idag sj\u00e4lva. Idag \u00e4r annars en fin s\u00f6ndag i fastan med rubriken &#8221;f\u00f6rsonaren&#8221;.<\/li><li>Jag hoppas kunna spela in n\u00e5gon slags liten videoandakt under dagen. Det k\u00e4nns som ett viktigt s\u00e4tt att \u00e4nd\u00e5 f\u00e5 uppleva lite gemenskap kring b\u00f6nen \u00e4ven om det blir p\u00e5 ett m\u00e4rkligt s\u00e4tt. Nu ska jag f\u00f6rs\u00f6ka skriva lite saker utan coronaanknytning, det l\u00e4ngtar v\u00e4l alla efter vid det h\u00e4r laget?<\/li><li>Jag har f\u00e5tt en rolig f\u00f6rfr\u00e5gan om att skriva texter om kristen tro p\u00e5 en annan webbplats f\u00f6r svenska kyrkan. To be continued.<\/li><li>H\u00e4r \u00e4r en fin musikinspelning via videol\u00e4nk, fint med kyrka p\u00e5 n\u00e4tet:<\/li><\/ol>\n\n\n\n<figure class=\"wp-block-embed-youtube wp-block-embed is-type-video is-provider-youtube wp-embed-aspect-16-9 wp-has-aspect-ratio\"><div class=\"wp-block-embed__wrapper\">\n<iframe loading=\"lazy\" title=\"In Christ Alone (Virtual Choir #3 \/ A Cappella)\" width=\"500\" height=\"281\" src=\"https:\/\/www.youtube.com\/embed\/RY4CW5pte98?feature=oembed\" frameborder=\"0\" allow=\"accelerometer; autoplay; clipboard-write; encrypted-media; gyroscope; picture-in-picture; web-share\" referrerpolicy=\"strict-origin-when-cross-origin\" allowfullscreen><\/iframe>\n<\/div><\/figure>\n\n\n\n<p>6. Mitt liv h\u00e4r hemma ser f\u00f6rresten ut ungef\u00e4r som vanligt. Jag hinner ju inte med mer \u00e4n att n\u00e4tt och j\u00e4mnt sk\u00f6ta hus och barn. Och \u00e4ven om det kanske s\u00e5g ut som att vi bunkrade j\u00e4rnet i m\u00e5ndags s\u00e5 var det bara den vanliga veckohandlingen till den r\u00e4tt stora familjen.<\/p>\n\n\n\n<p>7. Fotograf till dagens bild \u00e4r min dotter Judith. Ig\u00e5r fick hon str\u00f6va fritt med kameran h\u00e4r utanf\u00f6r. Sp\u00e4nnande att se p\u00e5 v\u00e4rlden genom hennes \u00f6gon.<\/p>\n\n\n\n<p>8. T\u00e4nker extra mycket idag p\u00e5 Thorsten Sch\u00fctte och hans stora kamp mot sommartiden. N\u00e4sta \u00e5r i Jerusalem.<\/p>\n\n\n\n<p>9. N\u00e4sta \u00e5r i Jerusalem \u00e4r f\u00f6rresten ett passande uttryck f\u00f6r mycket just nu. Det stammar fr\u00e5n det judar s\u00e4ger vid sitt p\u00e5skfirande, de dr\u00f6mmer om att n\u00e4sta \u00e5r f\u00e5 fira p\u00e5sken i Jerusalem. Men f\u00f6r oss kan det nu st\u00e5 f\u00f6r l\u00e4ngtan efter en annan  tillvaro efter den h\u00e4r m\u00e4rkliga just nu.<\/p>\n\n\n\n<p>10. Vad g\u00f6r du idag? Hur har du det? Skriv en rad nedan! (Eller skriv ett mail om du vill korrespondera enskilt: tomas.jarvid@svenskakyrkan.se)<\/p>\n","protected":false},"excerpt":{"rendered":"<p>Glad s\u00f6ndag k\u00e4ra l\u00e4sare. Det \u00e4r fortsatt sv\u00e5ra tider. Jag har ledig helg just nu p\u00e5 grund av inst\u00e4llt domprostbes\u00f6k. Vi har f\u00e5tt p\u00e5bud om att vi forts\u00e4tter med gudstj\u00e4nsterna och s\u00e4ger till alla att iaktta f\u00f6rsiktighet, vet inte om vi kommer till n\u00e5gon kyrka idag sj\u00e4lva. Idag \u00e4r annars en fin s\u00f6ndag i fastan [&hellip;]<\/p>\n","protected":false},"author":392,"featured_media":7765,"comment_status":"open","ping_status":"open","sticky":false,"template":"","format":"standard","meta":{"_acf_changed":false,"footnotes":""},"categories":[76766],"tags":[],"class_list":["post-7764","post","type-post","status-publish","format-standard","has-post-thumbnail","hentry","category-blandat"],"acf":[],"yoast_head":"<!-- This site is optimized with the Yoast SEO plugin v27.1.1 - https:\/\/yoast.com\/product\/yoast-seo-wordpress\/ -->\n<title>10 blandade tankar p\u00e5 s\u00f6ndagen - Vandra V\u00e4gen<\/title>\n<meta name=\"robots\" content=\"index, follow, max-snippet:-1, max-image-preview:large, max-video-preview:-1\" \/>\n<link rel=\"canonical\" href=\"https:\/\/blogg.svenskakyrkan.se\/vandravagen\/2020\/03\/29\/10-blandade-tankar-pa-sondagen-52\/\" \/>\n<meta property=\"og:locale\" content=\"sv_SE\" \/>\n<meta property=\"og:type\" content=\"article\" \/>\n<meta property=\"og:title\" content=\"10 blandade tankar p\u00e5 s\u00f6ndagen - Vandra V\u00e4gen\" \/>\n<meta property=\"og:description\" content=\"Glad s\u00f6ndag k\u00e4ra l\u00e4sare. Det \u00e4r fortsatt sv\u00e5ra tider. Jag har ledig helg just nu p\u00e5 grund av inst\u00e4llt domprostbes\u00f6k. Vi har f\u00e5tt p\u00e5bud om att vi forts\u00e4tter med gudstj\u00e4nsterna och s\u00e4ger till alla att iaktta f\u00f6rsiktighet, vet inte om vi kommer till n\u00e5gon kyrka idag sj\u00e4lva. Idag \u00e4r annars en fin s\u00f6ndag i fastan [&hellip;]\" \/>\n<meta property=\"og:url\" content=\"https:\/\/blogg.svenskakyrkan.se\/vandravagen\/2020\/03\/29\/10-blandade-tankar-pa-sondagen-52\/\" \/>\n<meta property=\"og:site_name\" content=\"Vandra V\u00e4gen\" \/>\n<meta property=\"article:publisher\" content=\"http:\/\/facebook.com\/vandravagen\" \/>\n<meta property=\"article:published_time\" content=\"2020-03-29T05:00:00+00:00\" \/>\n<meta property=\"og:image\" content=\"https:\/\/blogg.svenskakyrkan.se\/vandravagen\/files\/2020\/03\/IMG_4076.jpg\" \/>\n\t<meta property=\"og:image:width\" content=\"1280\" \/>\n\t<meta property=\"og:image:height\" content=\"960\" \/>\n\t<meta property=\"og:image:type\" content=\"image\/jpeg\" \/>\n<meta name=\"author\" content=\"Tomas Jarvid\" \/>\n<meta name=\"twitter:card\" content=\"summary_large_image\" \/>\n<meta name=\"twitter:creator\" content=\"@fadertomas\" \/>\n<meta name=\"twitter:site\" content=\"@fadertomas\" \/>\n<meta name=\"twitter:label1\" content=\"Skriven av\" \/>\n\t<meta name=\"twitter:data1\" content=\"Tomas Jarvid\" \/>\n\t<meta name=\"twitter:label2\" content=\"Ber\u00e4knad l\u00e4stid\" \/>\n\t<meta name=\"twitter:data2\" content=\"2 minuter\" \/>\n<script type=\"application\/ld+json\" class=\"yoast-schema-graph\">{\"@context\":\"https:\/\/schema.org\",\"@graph\":[{\"@type\":\"Article\",\"@id\":\"https:\/\/blogg.svenskakyrkan.se\/vandravagen\/2020\/03\/29\/10-blandade-tankar-pa-sondagen-52\/#article\",\"isPartOf\":{\"@id\":\"https:\/\/blogg.svenskakyrkan.se\/vandravagen\/2020\/03\/29\/10-blandade-tankar-pa-sondagen-52\/\"},\"author\":{\"name\":\"Tomas Jarvid\",\"@id\":\"https:\/\/blogg.svenskakyrkan.se\/vandravagen\/#\/schema\/person\/25da02d4f76b137d04291711e2c9fc16\"},\"headline\":\"10 blandade tankar p\u00e5 s\u00f6ndagen\",\"datePublished\":\"2020-03-29T05:00:00+00:00\",\"mainEntityOfPage\":{\"@id\":\"https:\/\/blogg.svenskakyrkan.se\/vandravagen\/2020\/03\/29\/10-blandade-tankar-pa-sondagen-52\/\"},\"wordCount\":415,\"commentCount\":4,\"publisher\":{\"@id\":\"https:\/\/blogg.svenskakyrkan.se\/vandravagen\/#organization\"},\"image\":{\"@id\":\"https:\/\/blogg.svenskakyrkan.se\/vandravagen\/2020\/03\/29\/10-blandade-tankar-pa-sondagen-52\/#primaryimage\"},\"thumbnailUrl\":\"https:\/\/blogg.svenskakyrkan.se\/vandravagen\/files\/2020\/03\/IMG_4076.jpg\",\"articleSection\":[\"blandat\"],\"inLanguage\":\"sv-SE\",\"potentialAction\":[{\"@type\":\"CommentAction\",\"name\":\"Comment\",\"target\":[\"https:\/\/blogg.svenskakyrkan.se\/vandravagen\/2020\/03\/29\/10-blandade-tankar-pa-sondagen-52\/#respond\"]}]},{\"@type\":\"WebPage\",\"@id\":\"https:\/\/blogg.svenskakyrkan.se\/vandravagen\/2020\/03\/29\/10-blandade-tankar-pa-sondagen-52\/\",\"url\":\"https:\/\/blogg.svenskakyrkan.se\/vandravagen\/2020\/03\/29\/10-blandade-tankar-pa-sondagen-52\/\",\"name\":\"10 blandade tankar p\u00e5 s\u00f6ndagen - Vandra V\u00e4gen\",\"isPartOf\":{\"@id\":\"https:\/\/blogg.svenskakyrkan.se\/vandravagen\/#website\"},\"primaryImageOfPage\":{\"@id\":\"https:\/\/blogg.svenskakyrkan.se\/vandravagen\/2020\/03\/29\/10-blandade-tankar-pa-sondagen-52\/#primaryimage\"},\"image\":{\"@id\":\"https:\/\/blogg.svenskakyrkan.se\/vandravagen\/2020\/03\/29\/10-blandade-tankar-pa-sondagen-52\/#primaryimage\"},\"thumbnailUrl\":\"https:\/\/blogg.svenskakyrkan.se\/vandravagen\/files\/2020\/03\/IMG_4076.jpg\",\"datePublished\":\"2020-03-29T05:00:00+00:00\",\"breadcrumb\":{\"@id\":\"https:\/\/blogg.svenskakyrkan.se\/vandravagen\/2020\/03\/29\/10-blandade-tankar-pa-sondagen-52\/#breadcrumb\"},\"inLanguage\":\"sv-SE\",\"potentialAction\":[{\"@type\":\"ReadAction\",\"target\":[\"https:\/\/blogg.svenskakyrkan.se\/vandravagen\/2020\/03\/29\/10-blandade-tankar-pa-sondagen-52\/\"]}]},{\"@type\":\"ImageObject\",\"inLanguage\":\"sv-SE\",\"@id\":\"https:\/\/blogg.svenskakyrkan.se\/vandravagen\/2020\/03\/29\/10-blandade-tankar-pa-sondagen-52\/#primaryimage\",\"url\":\"https:\/\/blogg.svenskakyrkan.se\/vandravagen\/files\/2020\/03\/IMG_4076.jpg\",\"contentUrl\":\"https:\/\/blogg.svenskakyrkan.se\/vandravagen\/files\/2020\/03\/IMG_4076.jpg\",\"width\":1280,\"height\":960},{\"@type\":\"BreadcrumbList\",\"@id\":\"https:\/\/blogg.svenskakyrkan.se\/vandravagen\/2020\/03\/29\/10-blandade-tankar-pa-sondagen-52\/#breadcrumb\",\"itemListElement\":[{\"@type\":\"ListItem\",\"position\":1,\"name\":\"Hem\",\"item\":\"https:\/\/blogg.svenskakyrkan.se\/vandravagen\/\"},{\"@type\":\"ListItem\",\"position\":2,\"name\":\"10 blandade tankar p\u00e5 s\u00f6ndagen\"}]},{\"@type\":\"WebSite\",\"@id\":\"https:\/\/blogg.svenskakyrkan.se\/vandravagen\/#website\",\"url\":\"https:\/\/blogg.svenskakyrkan.se\/vandravagen\/\",\"name\":\"Vandra V\u00e4gen\",\"description\":\"-Mot en tro f\u00f6r hela livet\",\"publisher\":{\"@id\":\"https:\/\/blogg.svenskakyrkan.se\/vandravagen\/#organization\"},\"potentialAction\":[{\"@type\":\"SearchAction\",\"target\":{\"@type\":\"EntryPoint\",\"urlTemplate\":\"https:\/\/blogg.svenskakyrkan.se\/vandravagen\/?s={search_term_string}\"},\"query-input\":{\"@type\":\"PropertyValueSpecification\",\"valueRequired\":true,\"valueName\":\"search_term_string\"}}],\"inLanguage\":\"sv-SE\"},{\"@type\":\"Organization\",\"@id\":\"https:\/\/blogg.svenskakyrkan.se\/vandravagen\/#organization\",\"name\":\"ulricehamns pastorat\",\"alternateName\":\"ulricehamns pastorat\",\"url\":\"https:\/\/blogg.svenskakyrkan.se\/vandravagen\/\",\"logo\":{\"@type\":\"ImageObject\",\"inLanguage\":\"sv-SE\",\"@id\":\"https:\/\/blogg.svenskakyrkan.se\/vandravagen\/#\/schema\/logo\/image\/\",\"url\":\"https:\/\/blogg.svenskakyrkan.se\/vandravagen\/files\/2023\/05\/Ulr_logo_RGB.png\",\"contentUrl\":\"https:\/\/blogg.svenskakyrkan.se\/vandravagen\/files\/2023\/05\/Ulr_logo_RGB.png\",\"width\":205,\"height\":77,\"caption\":\"ulricehamns pastorat\"},\"image\":{\"@id\":\"https:\/\/blogg.svenskakyrkan.se\/vandravagen\/#\/schema\/logo\/image\/\"},\"sameAs\":[\"http:\/\/facebook.com\/vandravagen\",\"https:\/\/x.com\/fadertomas\",\"http:\/\/www.facebook.com\/svenskakyrkaniulricehamn\"]},{\"@type\":\"Person\",\"@id\":\"https:\/\/blogg.svenskakyrkan.se\/vandravagen\/#\/schema\/person\/25da02d4f76b137d04291711e2c9fc16\",\"name\":\"Tomas Jarvid\",\"image\":{\"@type\":\"ImageObject\",\"inLanguage\":\"sv-SE\",\"@id\":\"https:\/\/blogg.svenskakyrkan.se\/vandravagen\/#\/schema\/person\/image\/\",\"url\":\"https:\/\/secure.gravatar.com\/avatar\/7fa71899795e8f540f615a1f5ab25255dc27aa40f05ee7ddd21aac521e01bf50?s=96&d=identicon&r=g\",\"contentUrl\":\"https:\/\/secure.gravatar.com\/avatar\/7fa71899795e8f540f615a1f5ab25255dc27aa40f05ee7ddd21aac521e01bf50?s=96&d=identicon&r=g\",\"caption\":\"Tomas Jarvid\"},\"description\":\"Jag bor i Ulricehamn i V\u00e4sterg\u00f6tland och \u00e4r f\u00f6rsamlingspr\u00e4st i Svenska Kyrkan f\u00f6r Dalstorps f\u00f6rsamling i Kinds pastorat. P\u00e5 den h\u00e4r bloggen skriver jag ner tankar om vandringen som kristen.\",\"sameAs\":[\"http:\/\/www.vandravagen.se\"],\"url\":\"https:\/\/blogg.svenskakyrkan.se\/vandravagen\/author\/vandravagen\/\"}]}<\/script>\n<!-- \/ Yoast SEO plugin. -->","yoast_head_json":{"title":"10 blandade tankar p\u00e5 s\u00f6ndagen - Vandra V\u00e4gen","robots":{"index":"index","follow":"follow","max-snippet":"max-snippet:-1","max-image-preview":"max-image-preview:large","max-video-preview":"max-video-preview:-1"},"canonical":"https:\/\/blogg.svenskakyrkan.se\/vandravagen\/2020\/03\/29\/10-blandade-tankar-pa-sondagen-52\/","og_locale":"sv_SE","og_type":"article","og_title":"10 blandade tankar p\u00e5 s\u00f6ndagen - Vandra V\u00e4gen","og_description":"Glad s\u00f6ndag k\u00e4ra l\u00e4sare. Det \u00e4r fortsatt sv\u00e5ra tider. Jag har ledig helg just nu p\u00e5 grund av inst\u00e4llt domprostbes\u00f6k. Vi har f\u00e5tt p\u00e5bud om att vi forts\u00e4tter med gudstj\u00e4nsterna och s\u00e4ger till alla att iaktta f\u00f6rsiktighet, vet inte om vi kommer till n\u00e5gon kyrka idag sj\u00e4lva. Idag \u00e4r annars en fin s\u00f6ndag i fastan [&hellip;]","og_url":"https:\/\/blogg.svenskakyrkan.se\/vandravagen\/2020\/03\/29\/10-blandade-tankar-pa-sondagen-52\/","og_site_name":"Vandra V\u00e4gen","article_publisher":"http:\/\/facebook.com\/vandravagen","article_published_time":"2020-03-29T05:00:00+00:00","og_image":[{"width":1280,"height":960,"url":"https:\/\/blogg.svenskakyrkan.se\/vandravagen\/files\/2020\/03\/IMG_4076.jpg","type":"image\/jpeg"}],"author":"Tomas Jarvid","twitter_card":"summary_large_image","twitter_creator":"@fadertomas","twitter_site":"@fadertomas","twitter_misc":{"Skriven av":"Tomas Jarvid","Ber\u00e4knad l\u00e4stid":"2 minuter"},"schema":{"@context":"https:\/\/schema.org","@graph":[{"@type":"Article","@id":"https:\/\/blogg.svenskakyrkan.se\/vandravagen\/2020\/03\/29\/10-blandade-tankar-pa-sondagen-52\/#article","isPartOf":{"@id":"https:\/\/blogg.svenskakyrkan.se\/vandravagen\/2020\/03\/29\/10-blandade-tankar-pa-sondagen-52\/"},"author":{"name":"Tomas Jarvid","@id":"https:\/\/blogg.svenskakyrkan.se\/vandravagen\/#\/schema\/person\/25da02d4f76b137d04291711e2c9fc16"},"headline":"10 blandade tankar p\u00e5 s\u00f6ndagen","datePublished":"2020-03-29T05:00:00+00:00","mainEntityOfPage":{"@id":"https:\/\/blogg.svenskakyrkan.se\/vandravagen\/2020\/03\/29\/10-blandade-tankar-pa-sondagen-52\/"},"wordCount":415,"commentCount":4,"publisher":{"@id":"https:\/\/blogg.svenskakyrkan.se\/vandravagen\/#organization"},"image":{"@id":"https:\/\/blogg.svenskakyrkan.se\/vandravagen\/2020\/03\/29\/10-blandade-tankar-pa-sondagen-52\/#primaryimage"},"thumbnailUrl":"https:\/\/blogg.svenskakyrkan.se\/vandravagen\/files\/2020\/03\/IMG_4076.jpg","articleSection":["blandat"],"inLanguage":"sv-SE","potentialAction":[{"@type":"CommentAction","name":"Comment","target":["https:\/\/blogg.svenskakyrkan.se\/vandravagen\/2020\/03\/29\/10-blandade-tankar-pa-sondagen-52\/#respond"]}]},{"@type":"WebPage","@id":"https:\/\/blogg.svenskakyrkan.se\/vandravagen\/2020\/03\/29\/10-blandade-tankar-pa-sondagen-52\/","url":"https:\/\/blogg.svenskakyrkan.se\/vandravagen\/2020\/03\/29\/10-blandade-tankar-pa-sondagen-52\/","name":"10 blandade tankar p\u00e5 s\u00f6ndagen - Vandra V\u00e4gen","isPartOf":{"@id":"https:\/\/blogg.svenskakyrkan.se\/vandravagen\/#website"},"primaryImageOfPage":{"@id":"https:\/\/blogg.svenskakyrkan.se\/vandravagen\/2020\/03\/29\/10-blandade-tankar-pa-sondagen-52\/#primaryimage"},"image":{"@id":"https:\/\/blogg.svenskakyrkan.se\/vandravagen\/2020\/03\/29\/10-blandade-tankar-pa-sondagen-52\/#primaryimage"},"thumbnailUrl":"https:\/\/blogg.svenskakyrkan.se\/vandravagen\/files\/2020\/03\/IMG_4076.jpg","datePublished":"2020-03-29T05:00:00+00:00","breadcrumb":{"@id":"https:\/\/blogg.svenskakyrkan.se\/vandravagen\/2020\/03\/29\/10-blandade-tankar-pa-sondagen-52\/#breadcrumb"},"inLanguage":"sv-SE","potentialAction":[{"@type":"ReadAction","target":["https:\/\/blogg.svenskakyrkan.se\/vandravagen\/2020\/03\/29\/10-blandade-tankar-pa-sondagen-52\/"]}]},{"@type":"ImageObject","inLanguage":"sv-SE","@id":"https:\/\/blogg.svenskakyrkan.se\/vandravagen\/2020\/03\/29\/10-blandade-tankar-pa-sondagen-52\/#primaryimage","url":"https:\/\/blogg.svenskakyrkan.se\/vandravagen\/files\/2020\/03\/IMG_4076.jpg","contentUrl":"https:\/\/blogg.svenskakyrkan.se\/vandravagen\/files\/2020\/03\/IMG_4076.jpg","width":1280,"height":960},{"@type":"BreadcrumbList","@id":"https:\/\/blogg.svenskakyrkan.se\/vandravagen\/2020\/03\/29\/10-blandade-tankar-pa-sondagen-52\/#breadcrumb","itemListElement":[{"@type":"ListItem","position":1,"name":"Hem","item":"https:\/\/blogg.svenskakyrkan.se\/vandravagen\/"},{"@type":"ListItem","position":2,"name":"10 blandade tankar p\u00e5 s\u00f6ndagen"}]},{"@type":"WebSite","@id":"https:\/\/blogg.svenskakyrkan.se\/vandravagen\/#website","url":"https:\/\/blogg.svenskakyrkan.se\/vandravagen\/","name":"Vandra V\u00e4gen","description":"-Mot en tro f\u00f6r hela livet","publisher":{"@id":"https:\/\/blogg.svenskakyrkan.se\/vandravagen\/#organization"},"potentialAction":[{"@type":"SearchAction","target":{"@type":"EntryPoint","urlTemplate":"https:\/\/blogg.svenskakyrkan.se\/vandravagen\/?s={search_term_string}"},"query-input":{"@type":"PropertyValueSpecification","valueRequired":true,"valueName":"search_term_string"}}],"inLanguage":"sv-SE"},{"@type":"Organization","@id":"https:\/\/blogg.svenskakyrkan.se\/vandravagen\/#organization","name":"ulricehamns pastorat","alternateName":"ulricehamns pastorat","url":"https:\/\/blogg.svenskakyrkan.se\/vandravagen\/","logo":{"@type":"ImageObject","inLanguage":"sv-SE","@id":"https:\/\/blogg.svenskakyrkan.se\/vandravagen\/#\/schema\/logo\/image\/","url":"https:\/\/blogg.svenskakyrkan.se\/vandravagen\/files\/2023\/05\/Ulr_logo_RGB.png","contentUrl":"https:\/\/blogg.svenskakyrkan.se\/vandravagen\/files\/2023\/05\/Ulr_logo_RGB.png","width":205,"height":77,"caption":"ulricehamns pastorat"},"image":{"@id":"https:\/\/blogg.svenskakyrkan.se\/vandravagen\/#\/schema\/logo\/image\/"},"sameAs":["http:\/\/facebook.com\/vandravagen","https:\/\/x.com\/fadertomas","http:\/\/www.facebook.com\/svenskakyrkaniulricehamn"]},{"@type":"Person","@id":"https:\/\/blogg.svenskakyrkan.se\/vandravagen\/#\/schema\/person\/25da02d4f76b137d04291711e2c9fc16","name":"Tomas Jarvid","image":{"@type":"ImageObject","inLanguage":"sv-SE","@id":"https:\/\/blogg.svenskakyrkan.se\/vandravagen\/#\/schema\/person\/image\/","url":"https:\/\/secure.gravatar.com\/avatar\/7fa71899795e8f540f615a1f5ab25255dc27aa40f05ee7ddd21aac521e01bf50?s=96&d=identicon&r=g","contentUrl":"https:\/\/secure.gravatar.com\/avatar\/7fa71899795e8f540f615a1f5ab25255dc27aa40f05ee7ddd21aac521e01bf50?s=96&d=identicon&r=g","caption":"Tomas Jarvid"},"description":"Jag bor i Ulricehamn i V\u00e4sterg\u00f6tland och \u00e4r f\u00f6rsamlingspr\u00e4st i Svenska Kyrkan f\u00f6r Dalstorps f\u00f6rsamling i Kinds pastorat. P\u00e5 den h\u00e4r bloggen skriver jag ner tankar om vandringen som kristen.","sameAs":["http:\/\/www.vandravagen.se"],"url":"https:\/\/blogg.svenskakyrkan.se\/vandravagen\/author\/vandravagen\/"}]}},"author_meta":{"ID":"392","user_nicename":"vandravagen","user_url":"http:\/\/www.vandravagen.se","user_registered":"2014-05-19 05:44:52","display_name":"Tomas Jarvid","first_name":"Tomas","last_name":"Jarvid","avatar":"https:\/\/secure.gravatar.com\/avatar\/7fa71899795e8f540f615a1f5ab25255dc27aa40f05ee7ddd21aac521e01bf50?s=96&d=identicon&r=g"},"featured_image":["https:\/\/blogg.svenskakyrkan.se\/vandravagen\/files\/2020\/03\/IMG_4076-1024x768.jpg",1024,768,true],"bloginfo":{"name":"Vandra V\u00e4gen","url":"https:\/\/blogg.svenskakyrkan.se\/vandravagen"},"_links":{"self":[{"href":"https:\/\/blogg.svenskakyrkan.se\/vandravagen\/wp-json\/wp\/v2\/posts\/7764","targetHints":{"allow":["GET"]}}],"collection":[{"href":"https:\/\/blogg.svenskakyrkan.se\/vandravagen\/wp-json\/wp\/v2\/posts"}],"about":[{"href":"https:\/\/blogg.svenskakyrkan.se\/vandravagen\/wp-json\/wp\/v2\/types\/post"}],"author":[{"embeddable":true,"href":"https:\/\/blogg.svenskakyrkan.se\/vandravagen\/wp-json\/wp\/v2\/users\/392"}],"replies":[{"embeddable":true,"href":"https:\/\/blogg.svenskakyrkan.se\/vandravagen\/wp-json\/wp\/v2\/comments?post=7764"}],"version-history":[{"count":1,"href":"https:\/\/blogg.svenskakyrkan.se\/vandravagen\/wp-json\/wp\/v2\/posts\/7764\/revisions"}],"predecessor-version":[{"id":7766,"href":"https:\/\/blogg.svenskakyrkan.se\/vandravagen\/wp-json\/wp\/v2\/posts\/7764\/revisions\/7766"}],"wp:featuredmedia":[{"embeddable":true,"href":"https:\/\/blogg.svenskakyrkan.se\/vandravagen\/wp-json\/wp\/v2\/media\/7765"}],"wp:attachment":[{"href":"https:\/\/blogg.svenskakyrkan.se\/vandravagen\/wp-json\/wp\/v2\/media?parent=7764"}],"wp:term":[{"taxonomy":"category","embeddable":true,"href":"https:\/\/blogg.svenskakyrkan.se\/vandravagen\/wp-json\/wp\/v2\/categories?post=7764"},{"taxonomy":"post_tag","embeddable":true,"href":"https:\/\/blogg.svenskakyrkan.se\/vandravagen\/wp-json\/wp\/v2\/tags?post=7764"}],"curies":[{"name":"wp","href":"https:\/\/api.w.org\/{rel}","templated":true}]}}