{"id":7769,"date":"2020-04-01T07:00:54","date_gmt":"2020-04-01T05:00:54","guid":{"rendered":"http:\/\/blogg.svenskakyrkan.se\/vandravagen\/?p=7769"},"modified":"2022-01-26T11:01:54","modified_gmt":"2022-01-26T10:01:54","slug":"ododlighetsmedicin","status":"publish","type":"post","link":"https:\/\/blogg.svenskakyrkan.se\/vandravagen\/2020\/04\/01\/ododlighetsmedicin\/","title":{"rendered":"Od\u00f6dlighetsmedicin"},"content":{"rendered":"\n\n\n<div class=\"wp-block-image is-style-default\"><figure class=\"aligncenter size-large is-resized\"><img loading=\"lazy\" decoding=\"async\" src=\"https:\/\/blogg.svenskakyrkan.se\/vandravagen\/files\/2020\/03\/ignatius_of_antioch2.jpg\" alt=\"\" class=\"wp-image-7770\" width=\"450\" height=\"299\" srcset=\"https:\/\/blogg.svenskakyrkan.se\/vandravagen\/files\/2020\/03\/ignatius_of_antioch2.jpg 450w, https:\/\/blogg.svenskakyrkan.se\/vandravagen\/files\/2020\/03\/ignatius_of_antioch2-300x199.jpg 300w\" sizes=\"auto, (max-width: 450px) 100vw, 450px\" \/><\/figure><\/div>\n\n\n\n<p>Jag skrev nyligen om Ignatios av Antiochia och hans brev till Efesos (ett brev som inte \u00e4r med i bibeln men n\u00e4stan lika gammalt). En sak skrev jag dock inte om s\u00e5 det g\u00f6r jag idag. S\u00e5 h\u00e4r skrev Ignatios:<\/p>\n\n\n\n<blockquote class=\"wp-block-quote is-layout-flow wp-block-quote-is-layout-flow\"><p>S\u00e5 skall ni underordna er biskopen och presbyteriet (pr\u00e4sterna) med ett odelat sinne och bryta ett enda br\u00f6d som \u00e4r od\u00f6dlighetens l\u00e4kemedel, ett motgift mot d\u00f6den s\u00e5 att vi alltid lever med Jesus Kristus<\/p><cite>Ignatios brev till Efesos kap 22<\/cite><\/blockquote>\n\n\n\n<p>F\u00f6r Ignatius \u00e4r nattvarden verkligen Kristi kropp och blod och f\u00f6renar oss med Jesu lidande f\u00f6r v\u00e5r skull. D\u00e4rf\u00f6r \u00e4r det ocks\u00e5 v\u00e4ldigt viktigt att finnas med i f\u00f6rsamlingsgemenskapen d\u00e4r br\u00f6det delas. <\/p>\n\n\n\n<p>Jag tycker att det \u00e4r v\u00e4ldigt vackert uttryckt. Det d\u00e4r med att f\u00f6rklara nattvarden \u00e4r inte s\u00e5 l\u00e4tt s\u00e5 det h\u00e4r f\u00e5r vi stanna upp inf\u00f6r. Tanken hos Ignatios borde kanske vara att vi f\u00e5r dela ocks\u00e5 Jesus uppst\u00e5ndelse och nya liv som har en forts\u00e4ttning i livet efter d\u00f6den och i Guds nya skapelse. <\/p>\n\n\n\n<p>Jag t\u00e4nker ibland p\u00e5 nattvarden som ett vaccin. Det \u00e4r en liknande tanke. Vaccin \u00e4r ju baserade p\u00e5 att man f\u00e5r en liten dos av sjukdomen s\u00e5 att man sedan kan f\u00e5 bli immun mot den med egna antikroppar. I nattvarden tar vi emot en liten dos av d\u00f6den, Jesus d\u00f6d p\u00e5 korset, f\u00f6r att bevara oss fr\u00e5n den slutgiltiga d\u00f6den d\u00e5 vi redan tillh\u00f6r de &#8221;vaccinerade&#8221;. Vi har redan d\u00f6tt tillsammans med Kristus s\u00e5 nu tillh\u00f6r vi redan det nya livet.<\/p>\n\n\n\n<p>L\u00e4ser man Ignatios f\u00f6rst\u00e5r man att det inte \u00e4r n\u00e5gon &#8221;easy way out&#8221; det d\u00e4r. Han ska ju \u00e4nd\u00e5 m\u00f6ta d\u00f6den f\u00f6r sin tros skull och utst\u00e5r mycket lidande, men han d\u00f6r i tron p\u00e5 att han tillh\u00f6r den som besegrat d\u00f6den.<\/p>\n\n\n\n<p>Vad t\u00e4nker du om detta? Skriv en rad!<\/p>\n","protected":false},"excerpt":{"rendered":"<p>Jag skrev nyligen om Ignatios av Antiochia och hans brev till Efesos (ett brev som inte \u00e4r med i bibeln men n\u00e4stan lika gammalt). En sak skrev jag dock inte om s\u00e5 det g\u00f6r jag idag. S\u00e5 h\u00e4r skrev Ignatios: S\u00e5 skall ni underordna er biskopen och presbyteriet (pr\u00e4sterna) med ett odelat sinne och bryta [&hellip;]<\/p>\n","protected":false},"author":392,"featured_media":7770,"comment_status":"open","ping_status":"open","sticky":false,"template":"","format":"standard","meta":{"_acf_changed":false,"footnotes":""},"categories":[75887,83862,14252,30316,80734,19356,8337,33574],"tags":[],"class_list":["post-7769","post","type-post","status-publish","format-standard","has-post-thumbnail","hentry","category-andlighet","category-apostoliska-faderna","category-bibel","category-doden","category-helande","category-helgon","category-historia","category-kyrkan"],"acf":[],"yoast_head":"<!-- This site is optimized with the Yoast SEO plugin v27.1.1 - https:\/\/yoast.com\/product\/yoast-seo-wordpress\/ -->\n<title>Od\u00f6dlighetsmedicin - Vandra V\u00e4gen<\/title>\n<meta name=\"robots\" content=\"index, follow, max-snippet:-1, max-image-preview:large, max-video-preview:-1\" \/>\n<link rel=\"canonical\" href=\"https:\/\/blogg.svenskakyrkan.se\/vandravagen\/2020\/04\/01\/ododlighetsmedicin\/\" \/>\n<meta property=\"og:locale\" content=\"sv_SE\" \/>\n<meta property=\"og:type\" content=\"article\" \/>\n<meta property=\"og:title\" content=\"Od\u00f6dlighetsmedicin - Vandra V\u00e4gen\" \/>\n<meta property=\"og:description\" content=\"Jag skrev nyligen om Ignatios av Antiochia och hans brev till Efesos (ett brev som inte \u00e4r med i bibeln men n\u00e4stan lika gammalt). En sak skrev jag dock inte om s\u00e5 det g\u00f6r jag idag. S\u00e5 h\u00e4r skrev Ignatios: S\u00e5 skall ni underordna er biskopen och presbyteriet (pr\u00e4sterna) med ett odelat sinne och bryta [&hellip;]\" \/>\n<meta property=\"og:url\" content=\"https:\/\/blogg.svenskakyrkan.se\/vandravagen\/2020\/04\/01\/ododlighetsmedicin\/\" \/>\n<meta property=\"og:site_name\" content=\"Vandra V\u00e4gen\" \/>\n<meta property=\"article:publisher\" content=\"http:\/\/facebook.com\/vandravagen\" \/>\n<meta property=\"article:published_time\" content=\"2020-04-01T05:00:54+00:00\" \/>\n<meta property=\"article:modified_time\" content=\"2022-01-26T10:01:54+00:00\" \/>\n<meta property=\"og:image\" content=\"https:\/\/blogg.svenskakyrkan.se\/vandravagen\/files\/2020\/03\/ignatius_of_antioch2.jpg\" \/>\n\t<meta property=\"og:image:width\" content=\"450\" \/>\n\t<meta property=\"og:image:height\" content=\"299\" \/>\n\t<meta property=\"og:image:type\" content=\"image\/jpeg\" \/>\n<meta name=\"author\" content=\"Tomas Jarvid\" \/>\n<meta name=\"twitter:card\" content=\"summary_large_image\" \/>\n<meta name=\"twitter:creator\" content=\"@fadertomas\" \/>\n<meta name=\"twitter:site\" content=\"@fadertomas\" \/>\n<meta name=\"twitter:label1\" content=\"Skriven av\" \/>\n\t<meta name=\"twitter:data1\" content=\"Tomas Jarvid\" \/>\n\t<meta name=\"twitter:label2\" content=\"Ber\u00e4knad l\u00e4stid\" \/>\n\t<meta name=\"twitter:data2\" content=\"2 minuter\" \/>\n<script type=\"application\/ld+json\" class=\"yoast-schema-graph\">{\"@context\":\"https:\/\/schema.org\",\"@graph\":[{\"@type\":\"Article\",\"@id\":\"https:\/\/blogg.svenskakyrkan.se\/vandravagen\/2020\/04\/01\/ododlighetsmedicin\/#article\",\"isPartOf\":{\"@id\":\"https:\/\/blogg.svenskakyrkan.se\/vandravagen\/2020\/04\/01\/ododlighetsmedicin\/\"},\"author\":{\"name\":\"Tomas Jarvid\",\"@id\":\"https:\/\/blogg.svenskakyrkan.se\/vandravagen\/#\/schema\/person\/25da02d4f76b137d04291711e2c9fc16\"},\"headline\":\"Od\u00f6dlighetsmedicin\",\"datePublished\":\"2020-04-01T05:00:54+00:00\",\"dateModified\":\"2022-01-26T10:01:54+00:00\",\"mainEntityOfPage\":{\"@id\":\"https:\/\/blogg.svenskakyrkan.se\/vandravagen\/2020\/04\/01\/ododlighetsmedicin\/\"},\"wordCount\":352,\"commentCount\":4,\"publisher\":{\"@id\":\"https:\/\/blogg.svenskakyrkan.se\/vandravagen\/#organization\"},\"image\":{\"@id\":\"https:\/\/blogg.svenskakyrkan.se\/vandravagen\/2020\/04\/01\/ododlighetsmedicin\/#primaryimage\"},\"thumbnailUrl\":\"https:\/\/blogg.svenskakyrkan.se\/vandravagen\/files\/2020\/03\/ignatius_of_antioch2.jpg\",\"articleSection\":[\"andlighet\",\"apostoliska f\u00e4derna\",\"bibel\",\"d\u00f6den\",\"helande\",\"helgon\",\"historia\",\"kyrkan\"],\"inLanguage\":\"sv-SE\",\"potentialAction\":[{\"@type\":\"CommentAction\",\"name\":\"Comment\",\"target\":[\"https:\/\/blogg.svenskakyrkan.se\/vandravagen\/2020\/04\/01\/ododlighetsmedicin\/#respond\"]}]},{\"@type\":\"WebPage\",\"@id\":\"https:\/\/blogg.svenskakyrkan.se\/vandravagen\/2020\/04\/01\/ododlighetsmedicin\/\",\"url\":\"https:\/\/blogg.svenskakyrkan.se\/vandravagen\/2020\/04\/01\/ododlighetsmedicin\/\",\"name\":\"Od\u00f6dlighetsmedicin - Vandra V\u00e4gen\",\"isPartOf\":{\"@id\":\"https:\/\/blogg.svenskakyrkan.se\/vandravagen\/#website\"},\"primaryImageOfPage\":{\"@id\":\"https:\/\/blogg.svenskakyrkan.se\/vandravagen\/2020\/04\/01\/ododlighetsmedicin\/#primaryimage\"},\"image\":{\"@id\":\"https:\/\/blogg.svenskakyrkan.se\/vandravagen\/2020\/04\/01\/ododlighetsmedicin\/#primaryimage\"},\"thumbnailUrl\":\"https:\/\/blogg.svenskakyrkan.se\/vandravagen\/files\/2020\/03\/ignatius_of_antioch2.jpg\",\"datePublished\":\"2020-04-01T05:00:54+00:00\",\"dateModified\":\"2022-01-26T10:01:54+00:00\",\"breadcrumb\":{\"@id\":\"https:\/\/blogg.svenskakyrkan.se\/vandravagen\/2020\/04\/01\/ododlighetsmedicin\/#breadcrumb\"},\"inLanguage\":\"sv-SE\",\"potentialAction\":[{\"@type\":\"ReadAction\",\"target\":[\"https:\/\/blogg.svenskakyrkan.se\/vandravagen\/2020\/04\/01\/ododlighetsmedicin\/\"]}]},{\"@type\":\"ImageObject\",\"inLanguage\":\"sv-SE\",\"@id\":\"https:\/\/blogg.svenskakyrkan.se\/vandravagen\/2020\/04\/01\/ododlighetsmedicin\/#primaryimage\",\"url\":\"https:\/\/blogg.svenskakyrkan.se\/vandravagen\/files\/2020\/03\/ignatius_of_antioch2.jpg\",\"contentUrl\":\"https:\/\/blogg.svenskakyrkan.se\/vandravagen\/files\/2020\/03\/ignatius_of_antioch2.jpg\",\"width\":450,\"height\":299,\"caption\":\"Ignatios bland lejonen i Rom.\"},{\"@type\":\"BreadcrumbList\",\"@id\":\"https:\/\/blogg.svenskakyrkan.se\/vandravagen\/2020\/04\/01\/ododlighetsmedicin\/#breadcrumb\",\"itemListElement\":[{\"@type\":\"ListItem\",\"position\":1,\"name\":\"Hem\",\"item\":\"https:\/\/blogg.svenskakyrkan.se\/vandravagen\/\"},{\"@type\":\"ListItem\",\"position\":2,\"name\":\"Od\u00f6dlighetsmedicin\"}]},{\"@type\":\"WebSite\",\"@id\":\"https:\/\/blogg.svenskakyrkan.se\/vandravagen\/#website\",\"url\":\"https:\/\/blogg.svenskakyrkan.se\/vandravagen\/\",\"name\":\"Vandra V\u00e4gen\",\"description\":\"-Mot en tro f\u00f6r hela livet\",\"publisher\":{\"@id\":\"https:\/\/blogg.svenskakyrkan.se\/vandravagen\/#organization\"},\"potentialAction\":[{\"@type\":\"SearchAction\",\"target\":{\"@type\":\"EntryPoint\",\"urlTemplate\":\"https:\/\/blogg.svenskakyrkan.se\/vandravagen\/?s={search_term_string}\"},\"query-input\":{\"@type\":\"PropertyValueSpecification\",\"valueRequired\":true,\"valueName\":\"search_term_string\"}}],\"inLanguage\":\"sv-SE\"},{\"@type\":\"Organization\",\"@id\":\"https:\/\/blogg.svenskakyrkan.se\/vandravagen\/#organization\",\"name\":\"ulricehamns pastorat\",\"alternateName\":\"ulricehamns pastorat\",\"url\":\"https:\/\/blogg.svenskakyrkan.se\/vandravagen\/\",\"logo\":{\"@type\":\"ImageObject\",\"inLanguage\":\"sv-SE\",\"@id\":\"https:\/\/blogg.svenskakyrkan.se\/vandravagen\/#\/schema\/logo\/image\/\",\"url\":\"https:\/\/blogg.svenskakyrkan.se\/vandravagen\/files\/2023\/05\/Ulr_logo_RGB.png\",\"contentUrl\":\"https:\/\/blogg.svenskakyrkan.se\/vandravagen\/files\/2023\/05\/Ulr_logo_RGB.png\",\"width\":205,\"height\":77,\"caption\":\"ulricehamns pastorat\"},\"image\":{\"@id\":\"https:\/\/blogg.svenskakyrkan.se\/vandravagen\/#\/schema\/logo\/image\/\"},\"sameAs\":[\"http:\/\/facebook.com\/vandravagen\",\"https:\/\/x.com\/fadertomas\",\"http:\/\/www.facebook.com\/svenskakyrkaniulricehamn\"]},{\"@type\":\"Person\",\"@id\":\"https:\/\/blogg.svenskakyrkan.se\/vandravagen\/#\/schema\/person\/25da02d4f76b137d04291711e2c9fc16\",\"name\":\"Tomas Jarvid\",\"image\":{\"@type\":\"ImageObject\",\"inLanguage\":\"sv-SE\",\"@id\":\"https:\/\/blogg.svenskakyrkan.se\/vandravagen\/#\/schema\/person\/image\/\",\"url\":\"https:\/\/secure.gravatar.com\/avatar\/7fa71899795e8f540f615a1f5ab25255dc27aa40f05ee7ddd21aac521e01bf50?s=96&d=identicon&r=g\",\"contentUrl\":\"https:\/\/secure.gravatar.com\/avatar\/7fa71899795e8f540f615a1f5ab25255dc27aa40f05ee7ddd21aac521e01bf50?s=96&d=identicon&r=g\",\"caption\":\"Tomas Jarvid\"},\"description\":\"Jag bor i Ulricehamn i V\u00e4sterg\u00f6tland och \u00e4r f\u00f6rsamlingspr\u00e4st i Svenska Kyrkan f\u00f6r Dalstorps f\u00f6rsamling i Kinds pastorat. P\u00e5 den h\u00e4r bloggen skriver jag ner tankar om vandringen som kristen.\",\"sameAs\":[\"http:\/\/www.vandravagen.se\"],\"url\":\"https:\/\/blogg.svenskakyrkan.se\/vandravagen\/author\/vandravagen\/\"}]}<\/script>\n<!-- \/ Yoast SEO plugin. -->","yoast_head_json":{"title":"Od\u00f6dlighetsmedicin - Vandra V\u00e4gen","robots":{"index":"index","follow":"follow","max-snippet":"max-snippet:-1","max-image-preview":"max-image-preview:large","max-video-preview":"max-video-preview:-1"},"canonical":"https:\/\/blogg.svenskakyrkan.se\/vandravagen\/2020\/04\/01\/ododlighetsmedicin\/","og_locale":"sv_SE","og_type":"article","og_title":"Od\u00f6dlighetsmedicin - Vandra V\u00e4gen","og_description":"Jag skrev nyligen om Ignatios av Antiochia och hans brev till Efesos (ett brev som inte \u00e4r med i bibeln men n\u00e4stan lika gammalt). En sak skrev jag dock inte om s\u00e5 det g\u00f6r jag idag. S\u00e5 h\u00e4r skrev Ignatios: S\u00e5 skall ni underordna er biskopen och presbyteriet (pr\u00e4sterna) med ett odelat sinne och bryta [&hellip;]","og_url":"https:\/\/blogg.svenskakyrkan.se\/vandravagen\/2020\/04\/01\/ododlighetsmedicin\/","og_site_name":"Vandra V\u00e4gen","article_publisher":"http:\/\/facebook.com\/vandravagen","article_published_time":"2020-04-01T05:00:54+00:00","article_modified_time":"2022-01-26T10:01:54+00:00","og_image":[{"width":450,"height":299,"url":"https:\/\/blogg.svenskakyrkan.se\/vandravagen\/files\/2020\/03\/ignatius_of_antioch2.jpg","type":"image\/jpeg"}],"author":"Tomas Jarvid","twitter_card":"summary_large_image","twitter_creator":"@fadertomas","twitter_site":"@fadertomas","twitter_misc":{"Skriven av":"Tomas Jarvid","Ber\u00e4knad l\u00e4stid":"2 minuter"},"schema":{"@context":"https:\/\/schema.org","@graph":[{"@type":"Article","@id":"https:\/\/blogg.svenskakyrkan.se\/vandravagen\/2020\/04\/01\/ododlighetsmedicin\/#article","isPartOf":{"@id":"https:\/\/blogg.svenskakyrkan.se\/vandravagen\/2020\/04\/01\/ododlighetsmedicin\/"},"author":{"name":"Tomas Jarvid","@id":"https:\/\/blogg.svenskakyrkan.se\/vandravagen\/#\/schema\/person\/25da02d4f76b137d04291711e2c9fc16"},"headline":"Od\u00f6dlighetsmedicin","datePublished":"2020-04-01T05:00:54+00:00","dateModified":"2022-01-26T10:01:54+00:00","mainEntityOfPage":{"@id":"https:\/\/blogg.svenskakyrkan.se\/vandravagen\/2020\/04\/01\/ododlighetsmedicin\/"},"wordCount":352,"commentCount":4,"publisher":{"@id":"https:\/\/blogg.svenskakyrkan.se\/vandravagen\/#organization"},"image":{"@id":"https:\/\/blogg.svenskakyrkan.se\/vandravagen\/2020\/04\/01\/ododlighetsmedicin\/#primaryimage"},"thumbnailUrl":"https:\/\/blogg.svenskakyrkan.se\/vandravagen\/files\/2020\/03\/ignatius_of_antioch2.jpg","articleSection":["andlighet","apostoliska f\u00e4derna","bibel","d\u00f6den","helande","helgon","historia","kyrkan"],"inLanguage":"sv-SE","potentialAction":[{"@type":"CommentAction","name":"Comment","target":["https:\/\/blogg.svenskakyrkan.se\/vandravagen\/2020\/04\/01\/ododlighetsmedicin\/#respond"]}]},{"@type":"WebPage","@id":"https:\/\/blogg.svenskakyrkan.se\/vandravagen\/2020\/04\/01\/ododlighetsmedicin\/","url":"https:\/\/blogg.svenskakyrkan.se\/vandravagen\/2020\/04\/01\/ododlighetsmedicin\/","name":"Od\u00f6dlighetsmedicin - Vandra V\u00e4gen","isPartOf":{"@id":"https:\/\/blogg.svenskakyrkan.se\/vandravagen\/#website"},"primaryImageOfPage":{"@id":"https:\/\/blogg.svenskakyrkan.se\/vandravagen\/2020\/04\/01\/ododlighetsmedicin\/#primaryimage"},"image":{"@id":"https:\/\/blogg.svenskakyrkan.se\/vandravagen\/2020\/04\/01\/ododlighetsmedicin\/#primaryimage"},"thumbnailUrl":"https:\/\/blogg.svenskakyrkan.se\/vandravagen\/files\/2020\/03\/ignatius_of_antioch2.jpg","datePublished":"2020-04-01T05:00:54+00:00","dateModified":"2022-01-26T10:01:54+00:00","breadcrumb":{"@id":"https:\/\/blogg.svenskakyrkan.se\/vandravagen\/2020\/04\/01\/ododlighetsmedicin\/#breadcrumb"},"inLanguage":"sv-SE","potentialAction":[{"@type":"ReadAction","target":["https:\/\/blogg.svenskakyrkan.se\/vandravagen\/2020\/04\/01\/ododlighetsmedicin\/"]}]},{"@type":"ImageObject","inLanguage":"sv-SE","@id":"https:\/\/blogg.svenskakyrkan.se\/vandravagen\/2020\/04\/01\/ododlighetsmedicin\/#primaryimage","url":"https:\/\/blogg.svenskakyrkan.se\/vandravagen\/files\/2020\/03\/ignatius_of_antioch2.jpg","contentUrl":"https:\/\/blogg.svenskakyrkan.se\/vandravagen\/files\/2020\/03\/ignatius_of_antioch2.jpg","width":450,"height":299,"caption":"Ignatios bland lejonen i Rom."},{"@type":"BreadcrumbList","@id":"https:\/\/blogg.svenskakyrkan.se\/vandravagen\/2020\/04\/01\/ododlighetsmedicin\/#breadcrumb","itemListElement":[{"@type":"ListItem","position":1,"name":"Hem","item":"https:\/\/blogg.svenskakyrkan.se\/vandravagen\/"},{"@type":"ListItem","position":2,"name":"Od\u00f6dlighetsmedicin"}]},{"@type":"WebSite","@id":"https:\/\/blogg.svenskakyrkan.se\/vandravagen\/#website","url":"https:\/\/blogg.svenskakyrkan.se\/vandravagen\/","name":"Vandra V\u00e4gen","description":"-Mot en tro f\u00f6r hela livet","publisher":{"@id":"https:\/\/blogg.svenskakyrkan.se\/vandravagen\/#organization"},"potentialAction":[{"@type":"SearchAction","target":{"@type":"EntryPoint","urlTemplate":"https:\/\/blogg.svenskakyrkan.se\/vandravagen\/?s={search_term_string}"},"query-input":{"@type":"PropertyValueSpecification","valueRequired":true,"valueName":"search_term_string"}}],"inLanguage":"sv-SE"},{"@type":"Organization","@id":"https:\/\/blogg.svenskakyrkan.se\/vandravagen\/#organization","name":"ulricehamns pastorat","alternateName":"ulricehamns pastorat","url":"https:\/\/blogg.svenskakyrkan.se\/vandravagen\/","logo":{"@type":"ImageObject","inLanguage":"sv-SE","@id":"https:\/\/blogg.svenskakyrkan.se\/vandravagen\/#\/schema\/logo\/image\/","url":"https:\/\/blogg.svenskakyrkan.se\/vandravagen\/files\/2023\/05\/Ulr_logo_RGB.png","contentUrl":"https:\/\/blogg.svenskakyrkan.se\/vandravagen\/files\/2023\/05\/Ulr_logo_RGB.png","width":205,"height":77,"caption":"ulricehamns pastorat"},"image":{"@id":"https:\/\/blogg.svenskakyrkan.se\/vandravagen\/#\/schema\/logo\/image\/"},"sameAs":["http:\/\/facebook.com\/vandravagen","https:\/\/x.com\/fadertomas","http:\/\/www.facebook.com\/svenskakyrkaniulricehamn"]},{"@type":"Person","@id":"https:\/\/blogg.svenskakyrkan.se\/vandravagen\/#\/schema\/person\/25da02d4f76b137d04291711e2c9fc16","name":"Tomas Jarvid","image":{"@type":"ImageObject","inLanguage":"sv-SE","@id":"https:\/\/blogg.svenskakyrkan.se\/vandravagen\/#\/schema\/person\/image\/","url":"https:\/\/secure.gravatar.com\/avatar\/7fa71899795e8f540f615a1f5ab25255dc27aa40f05ee7ddd21aac521e01bf50?s=96&d=identicon&r=g","contentUrl":"https:\/\/secure.gravatar.com\/avatar\/7fa71899795e8f540f615a1f5ab25255dc27aa40f05ee7ddd21aac521e01bf50?s=96&d=identicon&r=g","caption":"Tomas Jarvid"},"description":"Jag bor i Ulricehamn i V\u00e4sterg\u00f6tland och \u00e4r f\u00f6rsamlingspr\u00e4st i Svenska Kyrkan f\u00f6r Dalstorps f\u00f6rsamling i Kinds pastorat. P\u00e5 den h\u00e4r bloggen skriver jag ner tankar om vandringen som kristen.","sameAs":["http:\/\/www.vandravagen.se"],"url":"https:\/\/blogg.svenskakyrkan.se\/vandravagen\/author\/vandravagen\/"}]}},"author_meta":{"ID":"392","user_nicename":"vandravagen","user_url":"http:\/\/www.vandravagen.se","user_registered":"2014-05-19 05:44:52","display_name":"Tomas Jarvid","first_name":"Tomas","last_name":"Jarvid","avatar":"https:\/\/secure.gravatar.com\/avatar\/7fa71899795e8f540f615a1f5ab25255dc27aa40f05ee7ddd21aac521e01bf50?s=96&d=identicon&r=g"},"featured_image":["https:\/\/blogg.svenskakyrkan.se\/vandravagen\/files\/2020\/03\/ignatius_of_antioch2.jpg",450,299,false],"bloginfo":{"name":"Vandra V\u00e4gen","url":"https:\/\/blogg.svenskakyrkan.se\/vandravagen"},"_links":{"self":[{"href":"https:\/\/blogg.svenskakyrkan.se\/vandravagen\/wp-json\/wp\/v2\/posts\/7769","targetHints":{"allow":["GET"]}}],"collection":[{"href":"https:\/\/blogg.svenskakyrkan.se\/vandravagen\/wp-json\/wp\/v2\/posts"}],"about":[{"href":"https:\/\/blogg.svenskakyrkan.se\/vandravagen\/wp-json\/wp\/v2\/types\/post"}],"author":[{"embeddable":true,"href":"https:\/\/blogg.svenskakyrkan.se\/vandravagen\/wp-json\/wp\/v2\/users\/392"}],"replies":[{"embeddable":true,"href":"https:\/\/blogg.svenskakyrkan.se\/vandravagen\/wp-json\/wp\/v2\/comments?post=7769"}],"version-history":[{"count":1,"href":"https:\/\/blogg.svenskakyrkan.se\/vandravagen\/wp-json\/wp\/v2\/posts\/7769\/revisions"}],"predecessor-version":[{"id":7771,"href":"https:\/\/blogg.svenskakyrkan.se\/vandravagen\/wp-json\/wp\/v2\/posts\/7769\/revisions\/7771"}],"wp:featuredmedia":[{"embeddable":true,"href":"https:\/\/blogg.svenskakyrkan.se\/vandravagen\/wp-json\/wp\/v2\/media\/7770"}],"wp:attachment":[{"href":"https:\/\/blogg.svenskakyrkan.se\/vandravagen\/wp-json\/wp\/v2\/media?parent=7769"}],"wp:term":[{"taxonomy":"category","embeddable":true,"href":"https:\/\/blogg.svenskakyrkan.se\/vandravagen\/wp-json\/wp\/v2\/categories?post=7769"},{"taxonomy":"post_tag","embeddable":true,"href":"https:\/\/blogg.svenskakyrkan.se\/vandravagen\/wp-json\/wp\/v2\/tags?post=7769"}],"curies":[{"name":"wp","href":"https:\/\/api.w.org\/{rel}","templated":true}]}}