{"id":7776,"date":"2020-04-03T07:00:00","date_gmt":"2020-04-03T05:00:00","guid":{"rendered":"http:\/\/blogg.svenskakyrkan.se\/vandravagen\/?p=7776"},"modified":"2022-01-26T11:00:39","modified_gmt":"2022-01-26T10:00:39","slug":"ignatios-brev-till-magnesierna","status":"publish","type":"post","link":"https:\/\/blogg.svenskakyrkan.se\/vandravagen\/2020\/04\/03\/ignatios-brev-till-magnesierna\/","title":{"rendered":"Ignatios brev till Magnesierna"},"content":{"rendered":"\n\n\n<figure class=\"wp-block-image size-large\"><img loading=\"lazy\" decoding=\"async\" width=\"1024\" height=\"768\" src=\"https:\/\/blogg.svenskakyrkan.se\/vandravagen\/files\/2020\/04\/1024px-Rio-cauto-cuba-2.jpg\" alt=\"\" class=\"wp-image-7777\" srcset=\"https:\/\/blogg.svenskakyrkan.se\/vandravagen\/files\/2020\/04\/1024px-Rio-cauto-cuba-2.jpg 1024w, https:\/\/blogg.svenskakyrkan.se\/vandravagen\/files\/2020\/04\/1024px-Rio-cauto-cuba-2-300x225.jpg 300w, https:\/\/blogg.svenskakyrkan.se\/vandravagen\/files\/2020\/04\/1024px-Rio-cauto-cuba-2-768x576.jpg 768w\" sizes=\"auto, (max-width: 1024px) 100vw, 1024px\" \/><figcaption>Meandrande flod. D\u00e4r nere n\u00e5nstans bor magnesierna?<\/figcaption><\/figure>\n\n\n\n<p>Vi har l\u00e4st <a href=\"https:\/\/blogg.svenskakyrkan.se\/vandravagen\/2020\/03\/30\/ignatios-brev-till-efesierna\/\">Ignatios brev till Efesierna<\/a> och vad han t\u00e4nker <a href=\"https:\/\/blogg.svenskakyrkan.se\/vandravagen\/2020\/04\/01\/ododlighetsmedicin\/\">om nattvarden som &#8221;od\u00f6dlighetsmedicin<\/a>&#8221;. Nu kommer n\u00e4sta brev, fr\u00e5n &#8221;de apostoliska f\u00e4derna&#8221;, brev som \u00e4r s\u00e5 gamla att de n\u00e4stan finns med i bibeln.<\/p>\n\n\n\n<p>Magnesia var en stad i n\u00e4rheten av storstaden Efesos (vid floden <em>Meander<\/em>, som vi f\u00e5r anta gett namn \u00e5t vattendrag som &#8221;meandrar&#8221; (slingrar sig fram), Ignatios skrev till dem p\u00e5 sin resa till Rom och sin martyrd\u00f6d d\u00e4r. H\u00e4r \u00e4r lite som jag s\u00e4rskilt tar med mig fr\u00e5n l\u00e4sningen av hans brev f\u00f6r mycket l\u00e4nge sedan.<\/p>\n\n\n\n<p>Han skriver: <\/p>\n\n\n\n<blockquote class=\"wp-block-quote is-layout-flow wp-block-quote-is-layout-flow\"><p>Ni b\u00f6r allts\u00e5 inte b\u00e4ra namnet kristna utan ocks\u00e5 vara s\u00e5na<\/p><cite>Ignatios till Magnesierna<\/cite><\/blockquote>\n\n\n\n<p>Han skriver h\u00e4r om att underordna sig biskopen men det handlar i f\u00f6rl\u00e4ngningen om att str\u00e4va efter att f\u00f6lja Guds vilja. <\/p>\n\n\n\n<p>Han skriver ocks\u00e5 att &#8221;<strong>dessa tv\u00e5 ligger samtidigt framf\u00f6r oss, d\u00f6den och livet. \u2026 Om vi inte frivilligt v\u00e4ljer att d\u00f6 in i hans lidande s\u00e5 finns inte hans liv i oss&#8221;.<\/strong><\/p>\n\n\n\n<p>Det l\u00e5ter kanske k\u00e4rvt men f\u00f6r Ignatios \u00e4r grunden att han blivit gripen av erfarenheten av Guds n\u00e5d: &#8221;<strong>L\u00e5t oss inte vara ok\u00e4nsliga f\u00f6r Kristi godhet. Om han gjorde som vi skulle vi inte finnas till l\u00e4ngre. L\u00e5t oss d\u00e4rf\u00f6r bli hans l\u00e4rjungar och leva enligt kristendomen.<\/strong><\/p>\n\n\n\n<p>Det \u00e4r lite fascinerad att han kallar tron f\u00f6r kristendom redan d\u00e5. Det \u00e4r ocks\u00e5 n\u00e5got som g\u00e5r igen i brevet att kristna b\u00f6rjat bli n\u00e5got \u00e5tskilt fr\u00e5n judendomen. Han skriver bland annat att det \u00e4r orimligt att str\u00e4va efter att h\u00e5lla det judiska f\u00f6r &#8221;<strong>Kristendomen har ju inte kommit till tro p\u00e5 judendomen utan judendomen p\u00e5 kristendomen<\/strong>&#8221;. Och han skriver ocks\u00e5 att: &#8221;<strong>De som levde efter de gamla ordningarna har allts\u00e5 kommit till ett nytt hopp s\u00e5 att de inte mera h\u00e5ller sabbat utan firar Herrens dag, den dag d\u00e5 v\u00e5rt liv gick upp likt solen genom honom och hans d\u00f6d.&#8221;<\/strong><\/p>\n\n\n\n<p>Det var det viktigaste i det jag strukit under i brevet. Jag kan ju avsluta med ett vackert uttryck till om Jesus: <\/p>\n\n\n\n<blockquote class=\"wp-block-quote is-layout-flow wp-block-quote-is-layout-flow\"><p>Det \u00e4r hans Ord som har framg\u00e5tt ur tystnaden och som i allting har varit till behag f\u00f6r den som har s\u00e4nt honom<\/p><cite>Ignatios till Magnesierna igen<\/cite><\/blockquote>\n\n\n\n<p>Har du tankar om detta brev eller annat? Skriv en kommentar!<\/p>\n","protected":false},"excerpt":{"rendered":"<p>Vi har l\u00e4st Ignatios brev till Efesierna och vad han t\u00e4nker om nattvarden som &#8221;od\u00f6dlighetsmedicin&#8221;. Nu kommer n\u00e4sta brev, fr\u00e5n &#8221;de apostoliska f\u00e4derna&#8221;, brev som \u00e4r s\u00e5 gamla att de n\u00e4stan finns med i bibeln. Magnesia var en stad i n\u00e4rheten av storstaden Efesos (vid floden Meander, som vi f\u00e5r anta gett namn \u00e5t vattendrag [&hellip;]<\/p>\n","protected":false},"author":392,"featured_media":7777,"comment_status":"open","ping_status":"open","sticky":false,"template":"","format":"standard","meta":{"_acf_changed":false,"footnotes":""},"categories":[83862,14252,81118,19356,8337,33574],"tags":[],"class_list":["post-7776","post","type-post","status-publish","format-standard","has-post-thumbnail","hentry","category-apostoliska-faderna","category-bibel","category-bibelbocker","category-helgon","category-historia","category-kyrkan"],"acf":[],"yoast_head":"<!-- This site is optimized with the Yoast SEO plugin v27.1.1 - https:\/\/yoast.com\/product\/yoast-seo-wordpress\/ -->\n<title>Ignatios brev till Magnesierna - Vandra V\u00e4gen<\/title>\n<meta name=\"robots\" content=\"index, follow, max-snippet:-1, max-image-preview:large, max-video-preview:-1\" \/>\n<link rel=\"canonical\" href=\"https:\/\/blogg.svenskakyrkan.se\/vandravagen\/2020\/04\/03\/ignatios-brev-till-magnesierna\/\" \/>\n<meta property=\"og:locale\" content=\"sv_SE\" \/>\n<meta property=\"og:type\" content=\"article\" \/>\n<meta property=\"og:title\" content=\"Ignatios brev till Magnesierna - Vandra V\u00e4gen\" \/>\n<meta property=\"og:description\" content=\"Vi har l\u00e4st Ignatios brev till Efesierna och vad han t\u00e4nker om nattvarden som &#8221;od\u00f6dlighetsmedicin&#8221;. Nu kommer n\u00e4sta brev, fr\u00e5n &#8221;de apostoliska f\u00e4derna&#8221;, brev som \u00e4r s\u00e5 gamla att de n\u00e4stan finns med i bibeln. Magnesia var en stad i n\u00e4rheten av storstaden Efesos (vid floden Meander, som vi f\u00e5r anta gett namn \u00e5t vattendrag [&hellip;]\" \/>\n<meta property=\"og:url\" content=\"https:\/\/blogg.svenskakyrkan.se\/vandravagen\/2020\/04\/03\/ignatios-brev-till-magnesierna\/\" \/>\n<meta property=\"og:site_name\" content=\"Vandra V\u00e4gen\" \/>\n<meta property=\"article:publisher\" content=\"http:\/\/facebook.com\/vandravagen\" \/>\n<meta property=\"article:published_time\" content=\"2020-04-03T05:00:00+00:00\" \/>\n<meta property=\"article:modified_time\" content=\"2022-01-26T10:00:39+00:00\" \/>\n<meta property=\"og:image\" content=\"https:\/\/blogg.svenskakyrkan.se\/vandravagen\/files\/2020\/04\/1024px-Rio-cauto-cuba-2.jpg\" \/>\n\t<meta property=\"og:image:width\" content=\"1024\" \/>\n\t<meta property=\"og:image:height\" content=\"768\" \/>\n\t<meta property=\"og:image:type\" content=\"image\/jpeg\" \/>\n<meta name=\"author\" content=\"Tomas Jarvid\" \/>\n<meta name=\"twitter:card\" content=\"summary_large_image\" \/>\n<meta name=\"twitter:creator\" content=\"@fadertomas\" \/>\n<meta name=\"twitter:site\" content=\"@fadertomas\" \/>\n<meta name=\"twitter:label1\" content=\"Skriven av\" \/>\n\t<meta name=\"twitter:data1\" content=\"Tomas Jarvid\" \/>\n\t<meta name=\"twitter:label2\" content=\"Ber\u00e4knad l\u00e4stid\" \/>\n\t<meta name=\"twitter:data2\" content=\"2 minuter\" \/>\n<script type=\"application\/ld+json\" class=\"yoast-schema-graph\">{\"@context\":\"https:\/\/schema.org\",\"@graph\":[{\"@type\":\"Article\",\"@id\":\"https:\/\/blogg.svenskakyrkan.se\/vandravagen\/2020\/04\/03\/ignatios-brev-till-magnesierna\/#article\",\"isPartOf\":{\"@id\":\"https:\/\/blogg.svenskakyrkan.se\/vandravagen\/2020\/04\/03\/ignatios-brev-till-magnesierna\/\"},\"author\":{\"name\":\"Tomas Jarvid\",\"@id\":\"https:\/\/blogg.svenskakyrkan.se\/vandravagen\/#\/schema\/person\/25da02d4f76b137d04291711e2c9fc16\"},\"headline\":\"Ignatios brev till Magnesierna\",\"datePublished\":\"2020-04-03T05:00:00+00:00\",\"dateModified\":\"2022-01-26T10:00:39+00:00\",\"mainEntityOfPage\":{\"@id\":\"https:\/\/blogg.svenskakyrkan.se\/vandravagen\/2020\/04\/03\/ignatios-brev-till-magnesierna\/\"},\"wordCount\":436,\"commentCount\":2,\"publisher\":{\"@id\":\"https:\/\/blogg.svenskakyrkan.se\/vandravagen\/#organization\"},\"image\":{\"@id\":\"https:\/\/blogg.svenskakyrkan.se\/vandravagen\/2020\/04\/03\/ignatios-brev-till-magnesierna\/#primaryimage\"},\"thumbnailUrl\":\"https:\/\/blogg.svenskakyrkan.se\/vandravagen\/files\/2020\/04\/1024px-Rio-cauto-cuba-2.jpg\",\"articleSection\":[\"apostoliska f\u00e4derna\",\"bibel\",\"bibelb\u00f6cker\",\"helgon\",\"historia\",\"kyrkan\"],\"inLanguage\":\"sv-SE\",\"potentialAction\":[{\"@type\":\"CommentAction\",\"name\":\"Comment\",\"target\":[\"https:\/\/blogg.svenskakyrkan.se\/vandravagen\/2020\/04\/03\/ignatios-brev-till-magnesierna\/#respond\"]}]},{\"@type\":\"WebPage\",\"@id\":\"https:\/\/blogg.svenskakyrkan.se\/vandravagen\/2020\/04\/03\/ignatios-brev-till-magnesierna\/\",\"url\":\"https:\/\/blogg.svenskakyrkan.se\/vandravagen\/2020\/04\/03\/ignatios-brev-till-magnesierna\/\",\"name\":\"Ignatios brev till Magnesierna - Vandra V\u00e4gen\",\"isPartOf\":{\"@id\":\"https:\/\/blogg.svenskakyrkan.se\/vandravagen\/#website\"},\"primaryImageOfPage\":{\"@id\":\"https:\/\/blogg.svenskakyrkan.se\/vandravagen\/2020\/04\/03\/ignatios-brev-till-magnesierna\/#primaryimage\"},\"image\":{\"@id\":\"https:\/\/blogg.svenskakyrkan.se\/vandravagen\/2020\/04\/03\/ignatios-brev-till-magnesierna\/#primaryimage\"},\"thumbnailUrl\":\"https:\/\/blogg.svenskakyrkan.se\/vandravagen\/files\/2020\/04\/1024px-Rio-cauto-cuba-2.jpg\",\"datePublished\":\"2020-04-03T05:00:00+00:00\",\"dateModified\":\"2022-01-26T10:00:39+00:00\",\"breadcrumb\":{\"@id\":\"https:\/\/blogg.svenskakyrkan.se\/vandravagen\/2020\/04\/03\/ignatios-brev-till-magnesierna\/#breadcrumb\"},\"inLanguage\":\"sv-SE\",\"potentialAction\":[{\"@type\":\"ReadAction\",\"target\":[\"https:\/\/blogg.svenskakyrkan.se\/vandravagen\/2020\/04\/03\/ignatios-brev-till-magnesierna\/\"]}]},{\"@type\":\"ImageObject\",\"inLanguage\":\"sv-SE\",\"@id\":\"https:\/\/blogg.svenskakyrkan.se\/vandravagen\/2020\/04\/03\/ignatios-brev-till-magnesierna\/#primaryimage\",\"url\":\"https:\/\/blogg.svenskakyrkan.se\/vandravagen\/files\/2020\/04\/1024px-Rio-cauto-cuba-2.jpg\",\"contentUrl\":\"https:\/\/blogg.svenskakyrkan.se\/vandravagen\/files\/2020\/04\/1024px-Rio-cauto-cuba-2.jpg\",\"width\":1024,\"height\":768},{\"@type\":\"BreadcrumbList\",\"@id\":\"https:\/\/blogg.svenskakyrkan.se\/vandravagen\/2020\/04\/03\/ignatios-brev-till-magnesierna\/#breadcrumb\",\"itemListElement\":[{\"@type\":\"ListItem\",\"position\":1,\"name\":\"Hem\",\"item\":\"https:\/\/blogg.svenskakyrkan.se\/vandravagen\/\"},{\"@type\":\"ListItem\",\"position\":2,\"name\":\"Ignatios brev till Magnesierna\"}]},{\"@type\":\"WebSite\",\"@id\":\"https:\/\/blogg.svenskakyrkan.se\/vandravagen\/#website\",\"url\":\"https:\/\/blogg.svenskakyrkan.se\/vandravagen\/\",\"name\":\"Vandra V\u00e4gen\",\"description\":\"-Mot en tro f\u00f6r hela livet\",\"publisher\":{\"@id\":\"https:\/\/blogg.svenskakyrkan.se\/vandravagen\/#organization\"},\"potentialAction\":[{\"@type\":\"SearchAction\",\"target\":{\"@type\":\"EntryPoint\",\"urlTemplate\":\"https:\/\/blogg.svenskakyrkan.se\/vandravagen\/?s={search_term_string}\"},\"query-input\":{\"@type\":\"PropertyValueSpecification\",\"valueRequired\":true,\"valueName\":\"search_term_string\"}}],\"inLanguage\":\"sv-SE\"},{\"@type\":\"Organization\",\"@id\":\"https:\/\/blogg.svenskakyrkan.se\/vandravagen\/#organization\",\"name\":\"ulricehamns pastorat\",\"alternateName\":\"ulricehamns pastorat\",\"url\":\"https:\/\/blogg.svenskakyrkan.se\/vandravagen\/\",\"logo\":{\"@type\":\"ImageObject\",\"inLanguage\":\"sv-SE\",\"@id\":\"https:\/\/blogg.svenskakyrkan.se\/vandravagen\/#\/schema\/logo\/image\/\",\"url\":\"https:\/\/blogg.svenskakyrkan.se\/vandravagen\/files\/2023\/05\/Ulr_logo_RGB.png\",\"contentUrl\":\"https:\/\/blogg.svenskakyrkan.se\/vandravagen\/files\/2023\/05\/Ulr_logo_RGB.png\",\"width\":205,\"height\":77,\"caption\":\"ulricehamns pastorat\"},\"image\":{\"@id\":\"https:\/\/blogg.svenskakyrkan.se\/vandravagen\/#\/schema\/logo\/image\/\"},\"sameAs\":[\"http:\/\/facebook.com\/vandravagen\",\"https:\/\/x.com\/fadertomas\",\"http:\/\/www.facebook.com\/svenskakyrkaniulricehamn\"]},{\"@type\":\"Person\",\"@id\":\"https:\/\/blogg.svenskakyrkan.se\/vandravagen\/#\/schema\/person\/25da02d4f76b137d04291711e2c9fc16\",\"name\":\"Tomas Jarvid\",\"image\":{\"@type\":\"ImageObject\",\"inLanguage\":\"sv-SE\",\"@id\":\"https:\/\/blogg.svenskakyrkan.se\/vandravagen\/#\/schema\/person\/image\/\",\"url\":\"https:\/\/secure.gravatar.com\/avatar\/7fa71899795e8f540f615a1f5ab25255dc27aa40f05ee7ddd21aac521e01bf50?s=96&d=identicon&r=g\",\"contentUrl\":\"https:\/\/secure.gravatar.com\/avatar\/7fa71899795e8f540f615a1f5ab25255dc27aa40f05ee7ddd21aac521e01bf50?s=96&d=identicon&r=g\",\"caption\":\"Tomas Jarvid\"},\"description\":\"Jag bor i Ulricehamn i V\u00e4sterg\u00f6tland och \u00e4r f\u00f6rsamlingspr\u00e4st i Svenska Kyrkan f\u00f6r Dalstorps f\u00f6rsamling i Kinds pastorat. P\u00e5 den h\u00e4r bloggen skriver jag ner tankar om vandringen som kristen.\",\"sameAs\":[\"http:\/\/www.vandravagen.se\"],\"url\":\"https:\/\/blogg.svenskakyrkan.se\/vandravagen\/author\/vandravagen\/\"}]}<\/script>\n<!-- \/ Yoast SEO plugin. -->","yoast_head_json":{"title":"Ignatios brev till Magnesierna - Vandra V\u00e4gen","robots":{"index":"index","follow":"follow","max-snippet":"max-snippet:-1","max-image-preview":"max-image-preview:large","max-video-preview":"max-video-preview:-1"},"canonical":"https:\/\/blogg.svenskakyrkan.se\/vandravagen\/2020\/04\/03\/ignatios-brev-till-magnesierna\/","og_locale":"sv_SE","og_type":"article","og_title":"Ignatios brev till Magnesierna - Vandra V\u00e4gen","og_description":"Vi har l\u00e4st Ignatios brev till Efesierna och vad han t\u00e4nker om nattvarden som &#8221;od\u00f6dlighetsmedicin&#8221;. Nu kommer n\u00e4sta brev, fr\u00e5n &#8221;de apostoliska f\u00e4derna&#8221;, brev som \u00e4r s\u00e5 gamla att de n\u00e4stan finns med i bibeln. Magnesia var en stad i n\u00e4rheten av storstaden Efesos (vid floden Meander, som vi f\u00e5r anta gett namn \u00e5t vattendrag [&hellip;]","og_url":"https:\/\/blogg.svenskakyrkan.se\/vandravagen\/2020\/04\/03\/ignatios-brev-till-magnesierna\/","og_site_name":"Vandra V\u00e4gen","article_publisher":"http:\/\/facebook.com\/vandravagen","article_published_time":"2020-04-03T05:00:00+00:00","article_modified_time":"2022-01-26T10:00:39+00:00","og_image":[{"width":1024,"height":768,"url":"https:\/\/blogg.svenskakyrkan.se\/vandravagen\/files\/2020\/04\/1024px-Rio-cauto-cuba-2.jpg","type":"image\/jpeg"}],"author":"Tomas Jarvid","twitter_card":"summary_large_image","twitter_creator":"@fadertomas","twitter_site":"@fadertomas","twitter_misc":{"Skriven av":"Tomas Jarvid","Ber\u00e4knad l\u00e4stid":"2 minuter"},"schema":{"@context":"https:\/\/schema.org","@graph":[{"@type":"Article","@id":"https:\/\/blogg.svenskakyrkan.se\/vandravagen\/2020\/04\/03\/ignatios-brev-till-magnesierna\/#article","isPartOf":{"@id":"https:\/\/blogg.svenskakyrkan.se\/vandravagen\/2020\/04\/03\/ignatios-brev-till-magnesierna\/"},"author":{"name":"Tomas Jarvid","@id":"https:\/\/blogg.svenskakyrkan.se\/vandravagen\/#\/schema\/person\/25da02d4f76b137d04291711e2c9fc16"},"headline":"Ignatios brev till Magnesierna","datePublished":"2020-04-03T05:00:00+00:00","dateModified":"2022-01-26T10:00:39+00:00","mainEntityOfPage":{"@id":"https:\/\/blogg.svenskakyrkan.se\/vandravagen\/2020\/04\/03\/ignatios-brev-till-magnesierna\/"},"wordCount":436,"commentCount":2,"publisher":{"@id":"https:\/\/blogg.svenskakyrkan.se\/vandravagen\/#organization"},"image":{"@id":"https:\/\/blogg.svenskakyrkan.se\/vandravagen\/2020\/04\/03\/ignatios-brev-till-magnesierna\/#primaryimage"},"thumbnailUrl":"https:\/\/blogg.svenskakyrkan.se\/vandravagen\/files\/2020\/04\/1024px-Rio-cauto-cuba-2.jpg","articleSection":["apostoliska f\u00e4derna","bibel","bibelb\u00f6cker","helgon","historia","kyrkan"],"inLanguage":"sv-SE","potentialAction":[{"@type":"CommentAction","name":"Comment","target":["https:\/\/blogg.svenskakyrkan.se\/vandravagen\/2020\/04\/03\/ignatios-brev-till-magnesierna\/#respond"]}]},{"@type":"WebPage","@id":"https:\/\/blogg.svenskakyrkan.se\/vandravagen\/2020\/04\/03\/ignatios-brev-till-magnesierna\/","url":"https:\/\/blogg.svenskakyrkan.se\/vandravagen\/2020\/04\/03\/ignatios-brev-till-magnesierna\/","name":"Ignatios brev till Magnesierna - Vandra V\u00e4gen","isPartOf":{"@id":"https:\/\/blogg.svenskakyrkan.se\/vandravagen\/#website"},"primaryImageOfPage":{"@id":"https:\/\/blogg.svenskakyrkan.se\/vandravagen\/2020\/04\/03\/ignatios-brev-till-magnesierna\/#primaryimage"},"image":{"@id":"https:\/\/blogg.svenskakyrkan.se\/vandravagen\/2020\/04\/03\/ignatios-brev-till-magnesierna\/#primaryimage"},"thumbnailUrl":"https:\/\/blogg.svenskakyrkan.se\/vandravagen\/files\/2020\/04\/1024px-Rio-cauto-cuba-2.jpg","datePublished":"2020-04-03T05:00:00+00:00","dateModified":"2022-01-26T10:00:39+00:00","breadcrumb":{"@id":"https:\/\/blogg.svenskakyrkan.se\/vandravagen\/2020\/04\/03\/ignatios-brev-till-magnesierna\/#breadcrumb"},"inLanguage":"sv-SE","potentialAction":[{"@type":"ReadAction","target":["https:\/\/blogg.svenskakyrkan.se\/vandravagen\/2020\/04\/03\/ignatios-brev-till-magnesierna\/"]}]},{"@type":"ImageObject","inLanguage":"sv-SE","@id":"https:\/\/blogg.svenskakyrkan.se\/vandravagen\/2020\/04\/03\/ignatios-brev-till-magnesierna\/#primaryimage","url":"https:\/\/blogg.svenskakyrkan.se\/vandravagen\/files\/2020\/04\/1024px-Rio-cauto-cuba-2.jpg","contentUrl":"https:\/\/blogg.svenskakyrkan.se\/vandravagen\/files\/2020\/04\/1024px-Rio-cauto-cuba-2.jpg","width":1024,"height":768},{"@type":"BreadcrumbList","@id":"https:\/\/blogg.svenskakyrkan.se\/vandravagen\/2020\/04\/03\/ignatios-brev-till-magnesierna\/#breadcrumb","itemListElement":[{"@type":"ListItem","position":1,"name":"Hem","item":"https:\/\/blogg.svenskakyrkan.se\/vandravagen\/"},{"@type":"ListItem","position":2,"name":"Ignatios brev till Magnesierna"}]},{"@type":"WebSite","@id":"https:\/\/blogg.svenskakyrkan.se\/vandravagen\/#website","url":"https:\/\/blogg.svenskakyrkan.se\/vandravagen\/","name":"Vandra V\u00e4gen","description":"-Mot en tro f\u00f6r hela livet","publisher":{"@id":"https:\/\/blogg.svenskakyrkan.se\/vandravagen\/#organization"},"potentialAction":[{"@type":"SearchAction","target":{"@type":"EntryPoint","urlTemplate":"https:\/\/blogg.svenskakyrkan.se\/vandravagen\/?s={search_term_string}"},"query-input":{"@type":"PropertyValueSpecification","valueRequired":true,"valueName":"search_term_string"}}],"inLanguage":"sv-SE"},{"@type":"Organization","@id":"https:\/\/blogg.svenskakyrkan.se\/vandravagen\/#organization","name":"ulricehamns pastorat","alternateName":"ulricehamns pastorat","url":"https:\/\/blogg.svenskakyrkan.se\/vandravagen\/","logo":{"@type":"ImageObject","inLanguage":"sv-SE","@id":"https:\/\/blogg.svenskakyrkan.se\/vandravagen\/#\/schema\/logo\/image\/","url":"https:\/\/blogg.svenskakyrkan.se\/vandravagen\/files\/2023\/05\/Ulr_logo_RGB.png","contentUrl":"https:\/\/blogg.svenskakyrkan.se\/vandravagen\/files\/2023\/05\/Ulr_logo_RGB.png","width":205,"height":77,"caption":"ulricehamns pastorat"},"image":{"@id":"https:\/\/blogg.svenskakyrkan.se\/vandravagen\/#\/schema\/logo\/image\/"},"sameAs":["http:\/\/facebook.com\/vandravagen","https:\/\/x.com\/fadertomas","http:\/\/www.facebook.com\/svenskakyrkaniulricehamn"]},{"@type":"Person","@id":"https:\/\/blogg.svenskakyrkan.se\/vandravagen\/#\/schema\/person\/25da02d4f76b137d04291711e2c9fc16","name":"Tomas Jarvid","image":{"@type":"ImageObject","inLanguage":"sv-SE","@id":"https:\/\/blogg.svenskakyrkan.se\/vandravagen\/#\/schema\/person\/image\/","url":"https:\/\/secure.gravatar.com\/avatar\/7fa71899795e8f540f615a1f5ab25255dc27aa40f05ee7ddd21aac521e01bf50?s=96&d=identicon&r=g","contentUrl":"https:\/\/secure.gravatar.com\/avatar\/7fa71899795e8f540f615a1f5ab25255dc27aa40f05ee7ddd21aac521e01bf50?s=96&d=identicon&r=g","caption":"Tomas Jarvid"},"description":"Jag bor i Ulricehamn i V\u00e4sterg\u00f6tland och \u00e4r f\u00f6rsamlingspr\u00e4st i Svenska Kyrkan f\u00f6r Dalstorps f\u00f6rsamling i Kinds pastorat. P\u00e5 den h\u00e4r bloggen skriver jag ner tankar om vandringen som kristen.","sameAs":["http:\/\/www.vandravagen.se"],"url":"https:\/\/blogg.svenskakyrkan.se\/vandravagen\/author\/vandravagen\/"}]}},"author_meta":{"ID":"392","user_nicename":"vandravagen","user_url":"http:\/\/www.vandravagen.se","user_registered":"2014-05-19 05:44:52","display_name":"Tomas Jarvid","first_name":"Tomas","last_name":"Jarvid","avatar":"https:\/\/secure.gravatar.com\/avatar\/7fa71899795e8f540f615a1f5ab25255dc27aa40f05ee7ddd21aac521e01bf50?s=96&d=identicon&r=g"},"featured_image":["https:\/\/blogg.svenskakyrkan.se\/vandravagen\/files\/2020\/04\/1024px-Rio-cauto-cuba-2.jpg",1024,768,false],"bloginfo":{"name":"Vandra V\u00e4gen","url":"https:\/\/blogg.svenskakyrkan.se\/vandravagen"},"_links":{"self":[{"href":"https:\/\/blogg.svenskakyrkan.se\/vandravagen\/wp-json\/wp\/v2\/posts\/7776","targetHints":{"allow":["GET"]}}],"collection":[{"href":"https:\/\/blogg.svenskakyrkan.se\/vandravagen\/wp-json\/wp\/v2\/posts"}],"about":[{"href":"https:\/\/blogg.svenskakyrkan.se\/vandravagen\/wp-json\/wp\/v2\/types\/post"}],"author":[{"embeddable":true,"href":"https:\/\/blogg.svenskakyrkan.se\/vandravagen\/wp-json\/wp\/v2\/users\/392"}],"replies":[{"embeddable":true,"href":"https:\/\/blogg.svenskakyrkan.se\/vandravagen\/wp-json\/wp\/v2\/comments?post=7776"}],"version-history":[{"count":2,"href":"https:\/\/blogg.svenskakyrkan.se\/vandravagen\/wp-json\/wp\/v2\/posts\/7776\/revisions"}],"predecessor-version":[{"id":7781,"href":"https:\/\/blogg.svenskakyrkan.se\/vandravagen\/wp-json\/wp\/v2\/posts\/7776\/revisions\/7781"}],"wp:featuredmedia":[{"embeddable":true,"href":"https:\/\/blogg.svenskakyrkan.se\/vandravagen\/wp-json\/wp\/v2\/media\/7777"}],"wp:attachment":[{"href":"https:\/\/blogg.svenskakyrkan.se\/vandravagen\/wp-json\/wp\/v2\/media?parent=7776"}],"wp:term":[{"taxonomy":"category","embeddable":true,"href":"https:\/\/blogg.svenskakyrkan.se\/vandravagen\/wp-json\/wp\/v2\/categories?post=7776"},{"taxonomy":"post_tag","embeddable":true,"href":"https:\/\/blogg.svenskakyrkan.se\/vandravagen\/wp-json\/wp\/v2\/tags?post=7776"}],"curies":[{"name":"wp","href":"https:\/\/api.w.org\/{rel}","templated":true}]}}