{"id":780,"date":"2013-01-04T09:47:00","date_gmt":"2013-01-04T08:47:00","guid":{"rendered":"http:\/\/blogg.svenskakyrkan.se\/vandravagen\/2013\/01\/04\/disneyfierad-jag-om-en-stor-klassiker\/"},"modified":"2013-01-04T09:47:00","modified_gmt":"2013-01-04T08:47:00","slug":"disneyfierad-jag-om-en-stor-klassiker","status":"publish","type":"post","link":"https:\/\/blogg.svenskakyrkan.se\/vandravagen\/2013\/01\/04\/disneyfierad-jag-om-en-stor-klassiker\/","title":{"rendered":"Disneyfierad? Jag? Om en stor klassiker."},"content":{"rendered":"<table align=\"center\" cellpadding=\"0\" cellspacing=\"0\">\n<tbody>\n<tr>\n<td><a href=\"http:\/\/upload.wikimedia.org\/wikipedia\/commons\/thumb\/3\/3a\/Hunchback_of_Notre_Dame.jpg\/250px-Hunchback_of_Notre_Dame.jpg\"><img loading=\"lazy\" decoding=\"async\" border=\"0\" height=\"324\" src=\"http:\/\/upload.wikimedia.org\/wikipedia\/commons\/thumb\/3\/3a\/Hunchback_of_Notre_Dame.jpg\/250px-Hunchback_of_Notre_Dame.jpg\" width=\"400\"><\/a><\/td>\n<\/tr>\n<tr>\n<td>Esmeralda ger Quasimodo vatten i en film jag g\u00e4rna vill se.<\/td>\n<\/tr>\n<\/tbody>\n<\/table>\n<p>Jag har h\u00f6rt &#8221;Ringaren in Notre Dame&#8221; av Victor Hugo som ljudbok. Det v\u00e4ckte m\u00e5nga tankar och de flesta var nog om min relation till boken fr\u00e5n f\u00f6rut.<\/p>\n<p>Jag l\u00e4ste den n\u00e4r jag gick p\u00e5 mellanstadiet och tyckte att det var det b\u00e4sta jag n\u00e5gonsin l\u00e4st. Otroligt sp\u00e4nnande och r\u00e4tt ot\u00e4ckt. N\u00e5gra \u00e5r senare gjorde Disney som tecknade film som lade sig \u00f6ver min l\u00e4supplevelse. Disneys film \u00e4r f\u00f6r all del r\u00e4tt bra. Tittar man p\u00e5 den med vuxna \u00f6gon s\u00e5 \u00e4r det en bra skildring av skam; vad som orsakar den (=att bli utd\u00f6md av andra) och vad som botar den (=att f\u00e5 del av k\u00e4rlek och gemenskap). Men hur det nu \u00e4r s\u00e5 \u00e4r storyn inte direkt sig lik fr\u00e5n boken.\u00a0Phoebus \u00e4r inte alls n\u00e5gon \u00e4del hj\u00e4lte utan en egenk\u00e4r och osympatisk typ. Quasimodo \u00e4r inte alls s\u00e5d\u00e4r mjukhj\u00e4rtad och l\u00e4tt att \u00e4lska heller efter alla t\u00f6rnar livet gett honom. Frollo \u00e4r en man som en g\u00e5ng varit \u00e4del men som h\u00e5rdnat med \u00e5ren genom sin intellektualism. Framf\u00f6rallt uteblir det lyckliga slutet.<\/p>\n<table align=\"center\" cellpadding=\"0\" cellspacing=\"0\">\n<tbody>\n<tr>\n<td><a href=\"http:\/\/www.skarapastorat.se\/alias\/users\/10001\/repository\/Image\/Domkyrkansommar2011.jpg\"><img loading=\"lazy\" decoding=\"async\" border=\"0\" height=\"400\" src=\"http:\/\/www.skarapastorat.se\/alias\/users\/10001\/repository\/Image\/Domkyrkansommar2011.jpg\" width=\"282\"><\/a><\/td>\n<\/tr>\n<tr>\n<td>N\u00e4rmsta katedral h\u00e4rifr\u00e5n. Skara domkyrka (foto skarapastorat.se)<\/td>\n<\/tr>\n<\/tbody>\n<\/table>\n<p>Hugos bok har n\u00e5got \u00f6desm\u00e4ttat \u00f6ver sig. M\u00e4nniskor kommer ifr\u00e5n varann och m\u00f6ts som om det fanns ett syfte bakom. F\u00f6r en medeltida m\u00e4nniska skulle det legat n\u00e4ra till hands att t\u00e4nka att det \u00e4r Guds f\u00f6rsyn som r\u00e5der, men eftersom det \u00e4r s\u00e5 hemska livs\u00f6den \u00e4r det en v\u00e4l magstark tanke i v\u00e5ra dagar. Jag undrar ocks\u00e5 hur v\u00e4l Hugo lyckas skildra det medeltida Paris, jag vet inte mycket nog f\u00f6r att kunna bed\u00f6ma det men misst\u00e4nker att den stad han skildrar \u00e4r r\u00e4tt lik hans egen samtid. Paris var i \u00e5rhundraden en av kristenhetens viktigaste st\u00e4der tack vare det mycket tidigt grundade universitetet d\u00e4r medeltidsfilosofin blomstrade och dit det \u00e4ven om en och annan student fr\u00e5n v\u00e5rt eget land. Hemming av \u00c5bo till exempel. S\u00e4kert st\u00e4mmer boken p\u00e5 det s\u00e4ttet att det \u00e4r n\u00e4ra och m\u00e4rkliga f\u00f6rbindelser mellan kyrklig och v\u00e4rldslig makt i staden.<\/p>\n<p>Har du l\u00e4st Ringaren? Har du egna erfarenheter av att ha blivit disneyfierad?<\/p>\n","protected":false},"excerpt":{"rendered":"<p>Esmeralda ger Quasimodo vatten i en film jag g\u00e4rna vill se. Jag har h\u00f6rt &#8221;Ringaren in Notre Dame&#8221; av Victor Hugo som ljudbok. Det v\u00e4ckte m\u00e5nga tankar och de flesta var nog om min relation till boken fr\u00e5n f\u00f6rut. Jag l\u00e4ste den n\u00e4r jag gick p\u00e5 mellanstadiet och tyckte att det var det b\u00e4sta jag [&hellip;]<\/p>\n","protected":false},"author":392,"featured_media":0,"comment_status":"open","ping_status":"open","sticky":false,"template":"","format":"standard","meta":{"_acf_changed":false,"footnotes":""},"categories":[8253],"tags":[],"class_list":["post-780","post","type-post","status-publish","format-standard","hentry","category-bocker"],"acf":[],"yoast_head":"<!-- This site is optimized with the Yoast SEO plugin v27.1.1 - https:\/\/yoast.com\/product\/yoast-seo-wordpress\/ -->\n<title>Disneyfierad? Jag? Om en stor klassiker. - Vandra V\u00e4gen<\/title>\n<meta name=\"robots\" content=\"index, follow, max-snippet:-1, max-image-preview:large, max-video-preview:-1\" \/>\n<link rel=\"canonical\" href=\"https:\/\/blogg.svenskakyrkan.se\/vandravagen\/2013\/01\/04\/disneyfierad-jag-om-en-stor-klassiker\/\" \/>\n<meta property=\"og:locale\" content=\"sv_SE\" \/>\n<meta property=\"og:type\" content=\"article\" \/>\n<meta property=\"og:title\" content=\"Disneyfierad? Jag? Om en stor klassiker. - Vandra V\u00e4gen\" \/>\n<meta property=\"og:description\" content=\"Esmeralda ger Quasimodo vatten i en film jag g\u00e4rna vill se. Jag har h\u00f6rt &#8221;Ringaren in Notre Dame&#8221; av Victor Hugo som ljudbok. Det v\u00e4ckte m\u00e5nga tankar och de flesta var nog om min relation till boken fr\u00e5n f\u00f6rut. Jag l\u00e4ste den n\u00e4r jag gick p\u00e5 mellanstadiet och tyckte att det var det b\u00e4sta jag [&hellip;]\" \/>\n<meta property=\"og:url\" content=\"https:\/\/blogg.svenskakyrkan.se\/vandravagen\/2013\/01\/04\/disneyfierad-jag-om-en-stor-klassiker\/\" \/>\n<meta property=\"og:site_name\" content=\"Vandra V\u00e4gen\" \/>\n<meta property=\"article:publisher\" content=\"http:\/\/facebook.com\/vandravagen\" \/>\n<meta property=\"article:published_time\" content=\"2013-01-04T08:47:00+00:00\" \/>\n<meta property=\"og:image\" content=\"http:\/\/upload.wikimedia.org\/wikipedia\/commons\/thumb\/3\/3a\/Hunchback_of_Notre_Dame.jpg\/250px-Hunchback_of_Notre_Dame.jpg\" \/>\n<meta name=\"author\" content=\"Tomas Jarvid\" \/>\n<meta name=\"twitter:card\" content=\"summary_large_image\" \/>\n<meta name=\"twitter:creator\" content=\"@fadertomas\" \/>\n<meta name=\"twitter:site\" content=\"@fadertomas\" \/>\n<meta name=\"twitter:label1\" content=\"Skriven av\" \/>\n\t<meta name=\"twitter:data1\" content=\"Tomas Jarvid\" \/>\n\t<meta name=\"twitter:label2\" content=\"Ber\u00e4knad l\u00e4stid\" \/>\n\t<meta name=\"twitter:data2\" content=\"2 minuter\" \/>\n<script type=\"application\/ld+json\" class=\"yoast-schema-graph\">{\"@context\":\"https:\/\/schema.org\",\"@graph\":[{\"@type\":\"Article\",\"@id\":\"https:\/\/blogg.svenskakyrkan.se\/vandravagen\/2013\/01\/04\/disneyfierad-jag-om-en-stor-klassiker\/#article\",\"isPartOf\":{\"@id\":\"https:\/\/blogg.svenskakyrkan.se\/vandravagen\/2013\/01\/04\/disneyfierad-jag-om-en-stor-klassiker\/\"},\"author\":{\"name\":\"Tomas Jarvid\",\"@id\":\"https:\/\/blogg.svenskakyrkan.se\/vandravagen\/#\/schema\/person\/25da02d4f76b137d04291711e2c9fc16\"},\"headline\":\"Disneyfierad? Jag? Om en stor klassiker.\",\"datePublished\":\"2013-01-04T08:47:00+00:00\",\"mainEntityOfPage\":{\"@id\":\"https:\/\/blogg.svenskakyrkan.se\/vandravagen\/2013\/01\/04\/disneyfierad-jag-om-en-stor-klassiker\/\"},\"wordCount\":425,\"commentCount\":0,\"publisher\":{\"@id\":\"https:\/\/blogg.svenskakyrkan.se\/vandravagen\/#organization\"},\"image\":{\"@id\":\"https:\/\/blogg.svenskakyrkan.se\/vandravagen\/2013\/01\/04\/disneyfierad-jag-om-en-stor-klassiker\/#primaryimage\"},\"thumbnailUrl\":\"http:\/\/upload.wikimedia.org\/wikipedia\/commons\/thumb\/3\/3a\/Hunchback_of_Notre_Dame.jpg\/250px-Hunchback_of_Notre_Dame.jpg\",\"articleSection\":[\"b\u00f6cker\"],\"inLanguage\":\"sv-SE\",\"potentialAction\":[{\"@type\":\"CommentAction\",\"name\":\"Comment\",\"target\":[\"https:\/\/blogg.svenskakyrkan.se\/vandravagen\/2013\/01\/04\/disneyfierad-jag-om-en-stor-klassiker\/#respond\"]}]},{\"@type\":\"WebPage\",\"@id\":\"https:\/\/blogg.svenskakyrkan.se\/vandravagen\/2013\/01\/04\/disneyfierad-jag-om-en-stor-klassiker\/\",\"url\":\"https:\/\/blogg.svenskakyrkan.se\/vandravagen\/2013\/01\/04\/disneyfierad-jag-om-en-stor-klassiker\/\",\"name\":\"Disneyfierad? Jag? Om en stor klassiker. - Vandra V\u00e4gen\",\"isPartOf\":{\"@id\":\"https:\/\/blogg.svenskakyrkan.se\/vandravagen\/#website\"},\"primaryImageOfPage\":{\"@id\":\"https:\/\/blogg.svenskakyrkan.se\/vandravagen\/2013\/01\/04\/disneyfierad-jag-om-en-stor-klassiker\/#primaryimage\"},\"image\":{\"@id\":\"https:\/\/blogg.svenskakyrkan.se\/vandravagen\/2013\/01\/04\/disneyfierad-jag-om-en-stor-klassiker\/#primaryimage\"},\"thumbnailUrl\":\"http:\/\/upload.wikimedia.org\/wikipedia\/commons\/thumb\/3\/3a\/Hunchback_of_Notre_Dame.jpg\/250px-Hunchback_of_Notre_Dame.jpg\",\"datePublished\":\"2013-01-04T08:47:00+00:00\",\"breadcrumb\":{\"@id\":\"https:\/\/blogg.svenskakyrkan.se\/vandravagen\/2013\/01\/04\/disneyfierad-jag-om-en-stor-klassiker\/#breadcrumb\"},\"inLanguage\":\"sv-SE\",\"potentialAction\":[{\"@type\":\"ReadAction\",\"target\":[\"https:\/\/blogg.svenskakyrkan.se\/vandravagen\/2013\/01\/04\/disneyfierad-jag-om-en-stor-klassiker\/\"]}]},{\"@type\":\"ImageObject\",\"inLanguage\":\"sv-SE\",\"@id\":\"https:\/\/blogg.svenskakyrkan.se\/vandravagen\/2013\/01\/04\/disneyfierad-jag-om-en-stor-klassiker\/#primaryimage\",\"url\":\"http:\/\/upload.wikimedia.org\/wikipedia\/commons\/thumb\/3\/3a\/Hunchback_of_Notre_Dame.jpg\/250px-Hunchback_of_Notre_Dame.jpg\",\"contentUrl\":\"http:\/\/upload.wikimedia.org\/wikipedia\/commons\/thumb\/3\/3a\/Hunchback_of_Notre_Dame.jpg\/250px-Hunchback_of_Notre_Dame.jpg\"},{\"@type\":\"BreadcrumbList\",\"@id\":\"https:\/\/blogg.svenskakyrkan.se\/vandravagen\/2013\/01\/04\/disneyfierad-jag-om-en-stor-klassiker\/#breadcrumb\",\"itemListElement\":[{\"@type\":\"ListItem\",\"position\":1,\"name\":\"Hem\",\"item\":\"https:\/\/blogg.svenskakyrkan.se\/vandravagen\/\"},{\"@type\":\"ListItem\",\"position\":2,\"name\":\"Disneyfierad? Jag? Om en stor klassiker.\"}]},{\"@type\":\"WebSite\",\"@id\":\"https:\/\/blogg.svenskakyrkan.se\/vandravagen\/#website\",\"url\":\"https:\/\/blogg.svenskakyrkan.se\/vandravagen\/\",\"name\":\"Vandra V\u00e4gen\",\"description\":\"-Mot en tro f\u00f6r hela livet\",\"publisher\":{\"@id\":\"https:\/\/blogg.svenskakyrkan.se\/vandravagen\/#organization\"},\"potentialAction\":[{\"@type\":\"SearchAction\",\"target\":{\"@type\":\"EntryPoint\",\"urlTemplate\":\"https:\/\/blogg.svenskakyrkan.se\/vandravagen\/?s={search_term_string}\"},\"query-input\":{\"@type\":\"PropertyValueSpecification\",\"valueRequired\":true,\"valueName\":\"search_term_string\"}}],\"inLanguage\":\"sv-SE\"},{\"@type\":\"Organization\",\"@id\":\"https:\/\/blogg.svenskakyrkan.se\/vandravagen\/#organization\",\"name\":\"ulricehamns pastorat\",\"alternateName\":\"ulricehamns pastorat\",\"url\":\"https:\/\/blogg.svenskakyrkan.se\/vandravagen\/\",\"logo\":{\"@type\":\"ImageObject\",\"inLanguage\":\"sv-SE\",\"@id\":\"https:\/\/blogg.svenskakyrkan.se\/vandravagen\/#\/schema\/logo\/image\/\",\"url\":\"https:\/\/blogg.svenskakyrkan.se\/vandravagen\/files\/2023\/05\/Ulr_logo_RGB.png\",\"contentUrl\":\"https:\/\/blogg.svenskakyrkan.se\/vandravagen\/files\/2023\/05\/Ulr_logo_RGB.png\",\"width\":205,\"height\":77,\"caption\":\"ulricehamns pastorat\"},\"image\":{\"@id\":\"https:\/\/blogg.svenskakyrkan.se\/vandravagen\/#\/schema\/logo\/image\/\"},\"sameAs\":[\"http:\/\/facebook.com\/vandravagen\",\"https:\/\/x.com\/fadertomas\",\"http:\/\/www.facebook.com\/svenskakyrkaniulricehamn\"]},{\"@type\":\"Person\",\"@id\":\"https:\/\/blogg.svenskakyrkan.se\/vandravagen\/#\/schema\/person\/25da02d4f76b137d04291711e2c9fc16\",\"name\":\"Tomas Jarvid\",\"image\":{\"@type\":\"ImageObject\",\"inLanguage\":\"sv-SE\",\"@id\":\"https:\/\/blogg.svenskakyrkan.se\/vandravagen\/#\/schema\/person\/image\/\",\"url\":\"https:\/\/secure.gravatar.com\/avatar\/7fa71899795e8f540f615a1f5ab25255dc27aa40f05ee7ddd21aac521e01bf50?s=96&d=identicon&r=g\",\"contentUrl\":\"https:\/\/secure.gravatar.com\/avatar\/7fa71899795e8f540f615a1f5ab25255dc27aa40f05ee7ddd21aac521e01bf50?s=96&d=identicon&r=g\",\"caption\":\"Tomas Jarvid\"},\"description\":\"Jag bor i Ulricehamn i V\u00e4sterg\u00f6tland och \u00e4r f\u00f6rsamlingspr\u00e4st i Svenska Kyrkan f\u00f6r Dalstorps f\u00f6rsamling i Kinds pastorat. P\u00e5 den h\u00e4r bloggen skriver jag ner tankar om vandringen som kristen.\",\"sameAs\":[\"http:\/\/www.vandravagen.se\"],\"url\":\"https:\/\/blogg.svenskakyrkan.se\/vandravagen\/author\/vandravagen\/\"}]}<\/script>\n<!-- \/ Yoast SEO plugin. -->","yoast_head_json":{"title":"Disneyfierad? Jag? Om en stor klassiker. - Vandra V\u00e4gen","robots":{"index":"index","follow":"follow","max-snippet":"max-snippet:-1","max-image-preview":"max-image-preview:large","max-video-preview":"max-video-preview:-1"},"canonical":"https:\/\/blogg.svenskakyrkan.se\/vandravagen\/2013\/01\/04\/disneyfierad-jag-om-en-stor-klassiker\/","og_locale":"sv_SE","og_type":"article","og_title":"Disneyfierad? Jag? Om en stor klassiker. - Vandra V\u00e4gen","og_description":"Esmeralda ger Quasimodo vatten i en film jag g\u00e4rna vill se. Jag har h\u00f6rt &#8221;Ringaren in Notre Dame&#8221; av Victor Hugo som ljudbok. Det v\u00e4ckte m\u00e5nga tankar och de flesta var nog om min relation till boken fr\u00e5n f\u00f6rut. Jag l\u00e4ste den n\u00e4r jag gick p\u00e5 mellanstadiet och tyckte att det var det b\u00e4sta jag [&hellip;]","og_url":"https:\/\/blogg.svenskakyrkan.se\/vandravagen\/2013\/01\/04\/disneyfierad-jag-om-en-stor-klassiker\/","og_site_name":"Vandra V\u00e4gen","article_publisher":"http:\/\/facebook.com\/vandravagen","article_published_time":"2013-01-04T08:47:00+00:00","og_image":[{"url":"http:\/\/upload.wikimedia.org\/wikipedia\/commons\/thumb\/3\/3a\/Hunchback_of_Notre_Dame.jpg\/250px-Hunchback_of_Notre_Dame.jpg","type":"","width":"","height":""}],"author":"Tomas Jarvid","twitter_card":"summary_large_image","twitter_creator":"@fadertomas","twitter_site":"@fadertomas","twitter_misc":{"Skriven av":"Tomas Jarvid","Ber\u00e4knad l\u00e4stid":"2 minuter"},"schema":{"@context":"https:\/\/schema.org","@graph":[{"@type":"Article","@id":"https:\/\/blogg.svenskakyrkan.se\/vandravagen\/2013\/01\/04\/disneyfierad-jag-om-en-stor-klassiker\/#article","isPartOf":{"@id":"https:\/\/blogg.svenskakyrkan.se\/vandravagen\/2013\/01\/04\/disneyfierad-jag-om-en-stor-klassiker\/"},"author":{"name":"Tomas Jarvid","@id":"https:\/\/blogg.svenskakyrkan.se\/vandravagen\/#\/schema\/person\/25da02d4f76b137d04291711e2c9fc16"},"headline":"Disneyfierad? Jag? Om en stor klassiker.","datePublished":"2013-01-04T08:47:00+00:00","mainEntityOfPage":{"@id":"https:\/\/blogg.svenskakyrkan.se\/vandravagen\/2013\/01\/04\/disneyfierad-jag-om-en-stor-klassiker\/"},"wordCount":425,"commentCount":0,"publisher":{"@id":"https:\/\/blogg.svenskakyrkan.se\/vandravagen\/#organization"},"image":{"@id":"https:\/\/blogg.svenskakyrkan.se\/vandravagen\/2013\/01\/04\/disneyfierad-jag-om-en-stor-klassiker\/#primaryimage"},"thumbnailUrl":"http:\/\/upload.wikimedia.org\/wikipedia\/commons\/thumb\/3\/3a\/Hunchback_of_Notre_Dame.jpg\/250px-Hunchback_of_Notre_Dame.jpg","articleSection":["b\u00f6cker"],"inLanguage":"sv-SE","potentialAction":[{"@type":"CommentAction","name":"Comment","target":["https:\/\/blogg.svenskakyrkan.se\/vandravagen\/2013\/01\/04\/disneyfierad-jag-om-en-stor-klassiker\/#respond"]}]},{"@type":"WebPage","@id":"https:\/\/blogg.svenskakyrkan.se\/vandravagen\/2013\/01\/04\/disneyfierad-jag-om-en-stor-klassiker\/","url":"https:\/\/blogg.svenskakyrkan.se\/vandravagen\/2013\/01\/04\/disneyfierad-jag-om-en-stor-klassiker\/","name":"Disneyfierad? Jag? Om en stor klassiker. - Vandra V\u00e4gen","isPartOf":{"@id":"https:\/\/blogg.svenskakyrkan.se\/vandravagen\/#website"},"primaryImageOfPage":{"@id":"https:\/\/blogg.svenskakyrkan.se\/vandravagen\/2013\/01\/04\/disneyfierad-jag-om-en-stor-klassiker\/#primaryimage"},"image":{"@id":"https:\/\/blogg.svenskakyrkan.se\/vandravagen\/2013\/01\/04\/disneyfierad-jag-om-en-stor-klassiker\/#primaryimage"},"thumbnailUrl":"http:\/\/upload.wikimedia.org\/wikipedia\/commons\/thumb\/3\/3a\/Hunchback_of_Notre_Dame.jpg\/250px-Hunchback_of_Notre_Dame.jpg","datePublished":"2013-01-04T08:47:00+00:00","breadcrumb":{"@id":"https:\/\/blogg.svenskakyrkan.se\/vandravagen\/2013\/01\/04\/disneyfierad-jag-om-en-stor-klassiker\/#breadcrumb"},"inLanguage":"sv-SE","potentialAction":[{"@type":"ReadAction","target":["https:\/\/blogg.svenskakyrkan.se\/vandravagen\/2013\/01\/04\/disneyfierad-jag-om-en-stor-klassiker\/"]}]},{"@type":"ImageObject","inLanguage":"sv-SE","@id":"https:\/\/blogg.svenskakyrkan.se\/vandravagen\/2013\/01\/04\/disneyfierad-jag-om-en-stor-klassiker\/#primaryimage","url":"http:\/\/upload.wikimedia.org\/wikipedia\/commons\/thumb\/3\/3a\/Hunchback_of_Notre_Dame.jpg\/250px-Hunchback_of_Notre_Dame.jpg","contentUrl":"http:\/\/upload.wikimedia.org\/wikipedia\/commons\/thumb\/3\/3a\/Hunchback_of_Notre_Dame.jpg\/250px-Hunchback_of_Notre_Dame.jpg"},{"@type":"BreadcrumbList","@id":"https:\/\/blogg.svenskakyrkan.se\/vandravagen\/2013\/01\/04\/disneyfierad-jag-om-en-stor-klassiker\/#breadcrumb","itemListElement":[{"@type":"ListItem","position":1,"name":"Hem","item":"https:\/\/blogg.svenskakyrkan.se\/vandravagen\/"},{"@type":"ListItem","position":2,"name":"Disneyfierad? Jag? Om en stor klassiker."}]},{"@type":"WebSite","@id":"https:\/\/blogg.svenskakyrkan.se\/vandravagen\/#website","url":"https:\/\/blogg.svenskakyrkan.se\/vandravagen\/","name":"Vandra V\u00e4gen","description":"-Mot en tro f\u00f6r hela livet","publisher":{"@id":"https:\/\/blogg.svenskakyrkan.se\/vandravagen\/#organization"},"potentialAction":[{"@type":"SearchAction","target":{"@type":"EntryPoint","urlTemplate":"https:\/\/blogg.svenskakyrkan.se\/vandravagen\/?s={search_term_string}"},"query-input":{"@type":"PropertyValueSpecification","valueRequired":true,"valueName":"search_term_string"}}],"inLanguage":"sv-SE"},{"@type":"Organization","@id":"https:\/\/blogg.svenskakyrkan.se\/vandravagen\/#organization","name":"ulricehamns pastorat","alternateName":"ulricehamns pastorat","url":"https:\/\/blogg.svenskakyrkan.se\/vandravagen\/","logo":{"@type":"ImageObject","inLanguage":"sv-SE","@id":"https:\/\/blogg.svenskakyrkan.se\/vandravagen\/#\/schema\/logo\/image\/","url":"https:\/\/blogg.svenskakyrkan.se\/vandravagen\/files\/2023\/05\/Ulr_logo_RGB.png","contentUrl":"https:\/\/blogg.svenskakyrkan.se\/vandravagen\/files\/2023\/05\/Ulr_logo_RGB.png","width":205,"height":77,"caption":"ulricehamns pastorat"},"image":{"@id":"https:\/\/blogg.svenskakyrkan.se\/vandravagen\/#\/schema\/logo\/image\/"},"sameAs":["http:\/\/facebook.com\/vandravagen","https:\/\/x.com\/fadertomas","http:\/\/www.facebook.com\/svenskakyrkaniulricehamn"]},{"@type":"Person","@id":"https:\/\/blogg.svenskakyrkan.se\/vandravagen\/#\/schema\/person\/25da02d4f76b137d04291711e2c9fc16","name":"Tomas Jarvid","image":{"@type":"ImageObject","inLanguage":"sv-SE","@id":"https:\/\/blogg.svenskakyrkan.se\/vandravagen\/#\/schema\/person\/image\/","url":"https:\/\/secure.gravatar.com\/avatar\/7fa71899795e8f540f615a1f5ab25255dc27aa40f05ee7ddd21aac521e01bf50?s=96&d=identicon&r=g","contentUrl":"https:\/\/secure.gravatar.com\/avatar\/7fa71899795e8f540f615a1f5ab25255dc27aa40f05ee7ddd21aac521e01bf50?s=96&d=identicon&r=g","caption":"Tomas Jarvid"},"description":"Jag bor i Ulricehamn i V\u00e4sterg\u00f6tland och \u00e4r f\u00f6rsamlingspr\u00e4st i Svenska Kyrkan f\u00f6r Dalstorps f\u00f6rsamling i Kinds pastorat. P\u00e5 den h\u00e4r bloggen skriver jag ner tankar om vandringen som kristen.","sameAs":["http:\/\/www.vandravagen.se"],"url":"https:\/\/blogg.svenskakyrkan.se\/vandravagen\/author\/vandravagen\/"}]}},"author_meta":{"ID":"392","user_nicename":"vandravagen","user_url":"http:\/\/www.vandravagen.se","user_registered":"2014-05-19 05:44:52","display_name":"Tomas Jarvid","first_name":"Tomas","last_name":"Jarvid","avatar":"https:\/\/secure.gravatar.com\/avatar\/7fa71899795e8f540f615a1f5ab25255dc27aa40f05ee7ddd21aac521e01bf50?s=96&d=identicon&r=g"},"featured_image":false,"bloginfo":{"name":"Vandra V\u00e4gen","url":"https:\/\/blogg.svenskakyrkan.se\/vandravagen"},"_links":{"self":[{"href":"https:\/\/blogg.svenskakyrkan.se\/vandravagen\/wp-json\/wp\/v2\/posts\/780","targetHints":{"allow":["GET"]}}],"collection":[{"href":"https:\/\/blogg.svenskakyrkan.se\/vandravagen\/wp-json\/wp\/v2\/posts"}],"about":[{"href":"https:\/\/blogg.svenskakyrkan.se\/vandravagen\/wp-json\/wp\/v2\/types\/post"}],"author":[{"embeddable":true,"href":"https:\/\/blogg.svenskakyrkan.se\/vandravagen\/wp-json\/wp\/v2\/users\/392"}],"replies":[{"embeddable":true,"href":"https:\/\/blogg.svenskakyrkan.se\/vandravagen\/wp-json\/wp\/v2\/comments?post=780"}],"version-history":[{"count":0,"href":"https:\/\/blogg.svenskakyrkan.se\/vandravagen\/wp-json\/wp\/v2\/posts\/780\/revisions"}],"wp:attachment":[{"href":"https:\/\/blogg.svenskakyrkan.se\/vandravagen\/wp-json\/wp\/v2\/media?parent=780"}],"wp:term":[{"taxonomy":"category","embeddable":true,"href":"https:\/\/blogg.svenskakyrkan.se\/vandravagen\/wp-json\/wp\/v2\/categories?post=780"},{"taxonomy":"post_tag","embeddable":true,"href":"https:\/\/blogg.svenskakyrkan.se\/vandravagen\/wp-json\/wp\/v2\/tags?post=780"}],"curies":[{"name":"wp","href":"https:\/\/api.w.org\/{rel}","templated":true}]}}