{"id":7807,"date":"2020-05-27T07:00:00","date_gmt":"2020-05-27T05:00:00","guid":{"rendered":"http:\/\/blogg.svenskakyrkan.se\/vandravagen\/?p=7807"},"modified":"2020-05-26T21:09:39","modified_gmt":"2020-05-26T19:09:39","slug":"psaltarpsalm-22-om-jesus","status":"publish","type":"post","link":"https:\/\/blogg.svenskakyrkan.se\/vandravagen\/2020\/05\/27\/psaltarpsalm-22-om-jesus\/","title":{"rendered":"Psaltarpsalm 22 om Jesus"},"content":{"rendered":"\n\n\n<figure class=\"wp-block-image size-large\"><img loading=\"lazy\" decoding=\"async\" width=\"750\" height=\"749\" src=\"https:\/\/blogg.svenskakyrkan.se\/vandravagen\/files\/2020\/05\/22.jpg\" alt=\"\" class=\"wp-image-7940\" srcset=\"https:\/\/blogg.svenskakyrkan.se\/vandravagen\/files\/2020\/05\/22.jpg 750w, https:\/\/blogg.svenskakyrkan.se\/vandravagen\/files\/2020\/05\/22-300x300.jpg 300w, https:\/\/blogg.svenskakyrkan.se\/vandravagen\/files\/2020\/05\/22-150x150.jpg 150w, https:\/\/blogg.svenskakyrkan.se\/vandravagen\/files\/2020\/05\/22-640x640.jpg 640w\" sizes=\"auto, (max-width: 750px) 100vw, 750px\" \/><figcaption>Ortodox procession med ikoner och ljus, och s\u00e4kert lite psaltarl\u00e4sning.<\/figcaption><\/figure>\n\n\n\n<p>I slutet av sk\u00e4rtorsdagens m\u00e4ssa brukar vi, som m\u00e5nga andra, l\u00e4sa h\u00f6gt ur psaltarpsalm 22 medan altaret kl\u00e4ds av och kyrkan l\u00e4mnas \u00f6dslig inf\u00f6r l\u00e5ngfredagens sorgliga gudstj\u00e4nst. Jag tycker det \u00e4r bland det finaste i kyrko\u00e5ret och anledningen till att vi l\u00e4ser just den psalmen \u00e4r att n\u00e5gra av orden i den:<\/p>\n\n\n\n<blockquote class=\"wp-block-quote is-layout-flow wp-block-quote-is-layout-flow\"><p>Min Gud, min Gud, varf\u00f6r har du \u00f6vergivit mig<\/p><cite>ps 22<\/cite><\/blockquote>\n\n\n\n<p>\u00c4r orden Jesus sj\u00e4lv sedan s\u00e4ger p\u00e5 korset (han citerar allts\u00e5 bibeln \u00e4ven d\u00e5 han \u00e4r p\u00e5 sitt yttersta). D\u00e4r \u00e4r de orden med i ett l\u00e5ngt sammanhang om hur psalmens jagperson \u00e4r ansatt och pl\u00e5gad och h\u00e5nad av sina fiender. Det \u00e4r en v\u00e4ldigt passande psalm f\u00f6r Jesus att identifiera sig med p\u00e5 korset. <\/p>\n\n\n\n<p>MEN NU har jag f\u00e5tt veta att det finns mer i detta!<\/p>\n\n\n\n<p>Det \u00e4r i matteusevangeliet som Jesus g\u00f6r detta utrop p\u00e5 korset och d\u00e4r finns det sedan en rad ytterligare anspelningar p\u00e5 ps 22. Psalmen slutar liksom m\u00e5nga andra &#8221;klagopsalmer&#8221; trots allt i tacksamheten \u00f6ver Guds trofasthet och r\u00e4ddning till slut. Och liksom Jesus ropar orden i f\u00f6rtvivlan om Guds \u00f6vergivenhet s\u00e5 kommer Matteus sedan att anspela p\u00e5 dessa positiva psaltarverser n\u00e4r han skildrar h\u00e4ndelserna efter uppst\u00e5ndelsen!<\/p>\n\n\n\n<p>Ps 22:22 lyder till exempel &#8221;<strong>Jag ska f\u00f6rkunna ditt namn f\u00f6r mina br\u00f6der&#8221;<\/strong><\/p>\n\n\n\n<p>och n\u00e4r Jesus uppst\u00e5tt s\u00e4ger han till kvinnorna vid graven: &#8221;<strong>G\u00e5 och s\u00e4g till mina br\u00f6der<\/strong>&#8221; (matt 28:10)<\/p>\n\n\n\n<p>Ps 22:22 &#8221;<strong>Jag ska f\u00f6rkunna ditt namn&#8221;<\/strong> ekar i Matt 28:19 &#8221;<strong>I Faderns och Sonens och den Heliga Andens namn<\/strong>&#8221;<\/p>\n\n\n\n<p>Vidare talas det i psaltaren 22 om att alla Jakobs barn ska \u00e4ra Herren vilket avspeglas i de 11 l\u00e4rjungarna som tillber Jesus. Ps 22:28 s\u00e4ger att alla jordens \u00e4ndar ska omv\u00e4nda sig till Herren och i matt 28 s\u00e4nds ju l\u00e4rjungarna med ber\u00f6mda ord ut f\u00f6r att g\u00f6ra alla folk till l\u00e4rjungar. Detta \u00e4r inte ens alla paralleller som finns. <\/p>\n\n\n\n<p>Det h\u00e4r kan man med fog ta som int\u00e4kt p\u00e5 att Matteus var en som visste vad han h\u00f6ll p\u00e5 med och kunde sin bibel n\u00e4r han skrev evangeliet. Men det \u00e4r \u00e4nnu mer sp\u00e4nnande att t\u00e4nka p\u00e5 att alltihop (kanske skulle en del s\u00e4ga, vi vet ju inte om Jesus verkligen sade s\u00e5 eller om matteus l\u00e4gger orden i hans mun) b\u00f6rjade med ord ur Jesu egen mun n\u00e4r han citerade som ovan. F\u00f6rutsade han sin egen uppst\u00e5ndelse n\u00e4r han citerade b\u00f6rjan p\u00e5 psalmen? Alla visste ju hur den slutar? Eller \u00e4r det &#8221;bara&#8221; det att l\u00e4rjungarna efter\u00e5t kunde se att man kunde tolka det som h\u00e4nde Jesus utifr\u00e5n den psalmen?<\/p>\n\n\n\n<p>Jag skrev f\u00f6r ett tag sedan om &#8221;<a class=\"aioseop-link\" href=\"https:\/\/blogg.svenskakyrkan.se\/vandravagen\/2020\/05\/11\/att-lasa-bibeln-som-jesus\/\">Att l\u00e4sa bibeln som Jesus<\/a>&#8221; och om att Jesus kanske sj\u00e4lv \u00e4r den som hintar om hur vi ska f\u00f6rst\u00e5 det han g\u00f6r (till exempel genom att flitigt citera om den lidande tj\u00e4naren och om m\u00e4nniskosonen), \u00e4r det s\u00e5 ocks\u00e5 h\u00e4r? Hj\u00e4lper Jesus oss genom att servera oss en nyckeltext vi beh\u00f6ver f\u00f6r att f\u00f6rst\u00e5?<\/p>\n\n\n\n<p>Det \u00e4r \u00e5tminstone en sp\u00e4nnande tanke, eller vad s\u00e4ger du?<\/p>\n","protected":false},"excerpt":{"rendered":"<p>I slutet av sk\u00e4rtorsdagens m\u00e4ssa brukar vi, som m\u00e5nga andra, l\u00e4sa h\u00f6gt ur psaltarpsalm 22 medan altaret kl\u00e4ds av och kyrkan l\u00e4mnas \u00f6dslig inf\u00f6r l\u00e5ngfredagens sorgliga gudstj\u00e4nst. Jag tycker det \u00e4r bland det finaste i kyrko\u00e5ret och anledningen till att vi l\u00e4ser just den psalmen \u00e4r att n\u00e5gra av orden i den: Min Gud, min [&hellip;]<\/p>\n","protected":false},"author":392,"featured_media":7940,"comment_status":"open","ping_status":"open","sticky":false,"template":"","format":"standard","meta":{"_acf_changed":false,"footnotes":""},"categories":[8298,77928,7964,117],"tags":[],"class_list":["post-7807","post","type-post","status-publish","format-standard","has-post-thumbnail","hentry","category-bibeln","category-ikon","category-pask","category-teologi"],"acf":[],"yoast_head":"<!-- This site is optimized with the Yoast SEO plugin v27.1.1 - https:\/\/yoast.com\/product\/yoast-seo-wordpress\/ -->\n<title>Psaltarpsalm 22 om Jesus - Vandra V\u00e4gen<\/title>\n<meta name=\"robots\" content=\"index, follow, max-snippet:-1, max-image-preview:large, max-video-preview:-1\" \/>\n<link rel=\"canonical\" href=\"https:\/\/blogg.svenskakyrkan.se\/vandravagen\/2020\/05\/27\/psaltarpsalm-22-om-jesus\/\" \/>\n<meta property=\"og:locale\" content=\"sv_SE\" \/>\n<meta property=\"og:type\" content=\"article\" \/>\n<meta property=\"og:title\" content=\"Psaltarpsalm 22 om Jesus - Vandra V\u00e4gen\" \/>\n<meta property=\"og:description\" content=\"I slutet av sk\u00e4rtorsdagens m\u00e4ssa brukar vi, som m\u00e5nga andra, l\u00e4sa h\u00f6gt ur psaltarpsalm 22 medan altaret kl\u00e4ds av och kyrkan l\u00e4mnas \u00f6dslig inf\u00f6r l\u00e5ngfredagens sorgliga gudstj\u00e4nst. Jag tycker det \u00e4r bland det finaste i kyrko\u00e5ret och anledningen till att vi l\u00e4ser just den psalmen \u00e4r att n\u00e5gra av orden i den: Min Gud, min [&hellip;]\" \/>\n<meta property=\"og:url\" content=\"https:\/\/blogg.svenskakyrkan.se\/vandravagen\/2020\/05\/27\/psaltarpsalm-22-om-jesus\/\" \/>\n<meta property=\"og:site_name\" content=\"Vandra V\u00e4gen\" \/>\n<meta property=\"article:publisher\" content=\"http:\/\/facebook.com\/vandravagen\" \/>\n<meta property=\"article:published_time\" content=\"2020-05-27T05:00:00+00:00\" \/>\n<meta property=\"og:image\" content=\"https:\/\/blogg.svenskakyrkan.se\/vandravagen\/files\/2020\/05\/22.jpg\" \/>\n\t<meta property=\"og:image:width\" content=\"750\" \/>\n\t<meta property=\"og:image:height\" content=\"749\" \/>\n\t<meta property=\"og:image:type\" content=\"image\/jpeg\" \/>\n<meta name=\"author\" content=\"Tomas Jarvid\" \/>\n<meta name=\"twitter:card\" content=\"summary_large_image\" \/>\n<meta name=\"twitter:creator\" content=\"@fadertomas\" \/>\n<meta name=\"twitter:site\" content=\"@fadertomas\" \/>\n<meta name=\"twitter:label1\" content=\"Skriven av\" \/>\n\t<meta name=\"twitter:data1\" content=\"Tomas Jarvid\" \/>\n\t<meta name=\"twitter:label2\" content=\"Ber\u00e4knad l\u00e4stid\" \/>\n\t<meta name=\"twitter:data2\" content=\"3 minuter\" \/>\n<script type=\"application\/ld+json\" class=\"yoast-schema-graph\">{\"@context\":\"https:\/\/schema.org\",\"@graph\":[{\"@type\":\"Article\",\"@id\":\"https:\/\/blogg.svenskakyrkan.se\/vandravagen\/2020\/05\/27\/psaltarpsalm-22-om-jesus\/#article\",\"isPartOf\":{\"@id\":\"https:\/\/blogg.svenskakyrkan.se\/vandravagen\/2020\/05\/27\/psaltarpsalm-22-om-jesus\/\"},\"author\":{\"name\":\"Tomas Jarvid\",\"@id\":\"https:\/\/blogg.svenskakyrkan.se\/vandravagen\/#\/schema\/person\/25da02d4f76b137d04291711e2c9fc16\"},\"headline\":\"Psaltarpsalm 22 om Jesus\",\"datePublished\":\"2020-05-27T05:00:00+00:00\",\"mainEntityOfPage\":{\"@id\":\"https:\/\/blogg.svenskakyrkan.se\/vandravagen\/2020\/05\/27\/psaltarpsalm-22-om-jesus\/\"},\"wordCount\":577,\"commentCount\":2,\"publisher\":{\"@id\":\"https:\/\/blogg.svenskakyrkan.se\/vandravagen\/#organization\"},\"image\":{\"@id\":\"https:\/\/blogg.svenskakyrkan.se\/vandravagen\/2020\/05\/27\/psaltarpsalm-22-om-jesus\/#primaryimage\"},\"thumbnailUrl\":\"https:\/\/blogg.svenskakyrkan.se\/vandravagen\/files\/2020\/05\/22.jpg\",\"articleSection\":[\"Bibeln\",\"ikon\",\"p\u00e5sk\",\"Teologi\"],\"inLanguage\":\"sv-SE\",\"potentialAction\":[{\"@type\":\"CommentAction\",\"name\":\"Comment\",\"target\":[\"https:\/\/blogg.svenskakyrkan.se\/vandravagen\/2020\/05\/27\/psaltarpsalm-22-om-jesus\/#respond\"]}]},{\"@type\":\"WebPage\",\"@id\":\"https:\/\/blogg.svenskakyrkan.se\/vandravagen\/2020\/05\/27\/psaltarpsalm-22-om-jesus\/\",\"url\":\"https:\/\/blogg.svenskakyrkan.se\/vandravagen\/2020\/05\/27\/psaltarpsalm-22-om-jesus\/\",\"name\":\"Psaltarpsalm 22 om Jesus - Vandra V\u00e4gen\",\"isPartOf\":{\"@id\":\"https:\/\/blogg.svenskakyrkan.se\/vandravagen\/#website\"},\"primaryImageOfPage\":{\"@id\":\"https:\/\/blogg.svenskakyrkan.se\/vandravagen\/2020\/05\/27\/psaltarpsalm-22-om-jesus\/#primaryimage\"},\"image\":{\"@id\":\"https:\/\/blogg.svenskakyrkan.se\/vandravagen\/2020\/05\/27\/psaltarpsalm-22-om-jesus\/#primaryimage\"},\"thumbnailUrl\":\"https:\/\/blogg.svenskakyrkan.se\/vandravagen\/files\/2020\/05\/22.jpg\",\"datePublished\":\"2020-05-27T05:00:00+00:00\",\"breadcrumb\":{\"@id\":\"https:\/\/blogg.svenskakyrkan.se\/vandravagen\/2020\/05\/27\/psaltarpsalm-22-om-jesus\/#breadcrumb\"},\"inLanguage\":\"sv-SE\",\"potentialAction\":[{\"@type\":\"ReadAction\",\"target\":[\"https:\/\/blogg.svenskakyrkan.se\/vandravagen\/2020\/05\/27\/psaltarpsalm-22-om-jesus\/\"]}]},{\"@type\":\"ImageObject\",\"inLanguage\":\"sv-SE\",\"@id\":\"https:\/\/blogg.svenskakyrkan.se\/vandravagen\/2020\/05\/27\/psaltarpsalm-22-om-jesus\/#primaryimage\",\"url\":\"https:\/\/blogg.svenskakyrkan.se\/vandravagen\/files\/2020\/05\/22.jpg\",\"contentUrl\":\"https:\/\/blogg.svenskakyrkan.se\/vandravagen\/files\/2020\/05\/22.jpg\",\"width\":750,\"height\":749},{\"@type\":\"BreadcrumbList\",\"@id\":\"https:\/\/blogg.svenskakyrkan.se\/vandravagen\/2020\/05\/27\/psaltarpsalm-22-om-jesus\/#breadcrumb\",\"itemListElement\":[{\"@type\":\"ListItem\",\"position\":1,\"name\":\"Hem\",\"item\":\"https:\/\/blogg.svenskakyrkan.se\/vandravagen\/\"},{\"@type\":\"ListItem\",\"position\":2,\"name\":\"Psaltarpsalm 22 om Jesus\"}]},{\"@type\":\"WebSite\",\"@id\":\"https:\/\/blogg.svenskakyrkan.se\/vandravagen\/#website\",\"url\":\"https:\/\/blogg.svenskakyrkan.se\/vandravagen\/\",\"name\":\"Vandra V\u00e4gen\",\"description\":\"-Mot en tro f\u00f6r hela livet\",\"publisher\":{\"@id\":\"https:\/\/blogg.svenskakyrkan.se\/vandravagen\/#organization\"},\"potentialAction\":[{\"@type\":\"SearchAction\",\"target\":{\"@type\":\"EntryPoint\",\"urlTemplate\":\"https:\/\/blogg.svenskakyrkan.se\/vandravagen\/?s={search_term_string}\"},\"query-input\":{\"@type\":\"PropertyValueSpecification\",\"valueRequired\":true,\"valueName\":\"search_term_string\"}}],\"inLanguage\":\"sv-SE\"},{\"@type\":\"Organization\",\"@id\":\"https:\/\/blogg.svenskakyrkan.se\/vandravagen\/#organization\",\"name\":\"ulricehamns pastorat\",\"alternateName\":\"ulricehamns pastorat\",\"url\":\"https:\/\/blogg.svenskakyrkan.se\/vandravagen\/\",\"logo\":{\"@type\":\"ImageObject\",\"inLanguage\":\"sv-SE\",\"@id\":\"https:\/\/blogg.svenskakyrkan.se\/vandravagen\/#\/schema\/logo\/image\/\",\"url\":\"https:\/\/blogg.svenskakyrkan.se\/vandravagen\/files\/2023\/05\/Ulr_logo_RGB.png\",\"contentUrl\":\"https:\/\/blogg.svenskakyrkan.se\/vandravagen\/files\/2023\/05\/Ulr_logo_RGB.png\",\"width\":205,\"height\":77,\"caption\":\"ulricehamns pastorat\"},\"image\":{\"@id\":\"https:\/\/blogg.svenskakyrkan.se\/vandravagen\/#\/schema\/logo\/image\/\"},\"sameAs\":[\"http:\/\/facebook.com\/vandravagen\",\"https:\/\/x.com\/fadertomas\",\"http:\/\/www.facebook.com\/svenskakyrkaniulricehamn\"]},{\"@type\":\"Person\",\"@id\":\"https:\/\/blogg.svenskakyrkan.se\/vandravagen\/#\/schema\/person\/25da02d4f76b137d04291711e2c9fc16\",\"name\":\"Tomas Jarvid\",\"image\":{\"@type\":\"ImageObject\",\"inLanguage\":\"sv-SE\",\"@id\":\"https:\/\/blogg.svenskakyrkan.se\/vandravagen\/#\/schema\/person\/image\/\",\"url\":\"https:\/\/secure.gravatar.com\/avatar\/7fa71899795e8f540f615a1f5ab25255dc27aa40f05ee7ddd21aac521e01bf50?s=96&d=identicon&r=g\",\"contentUrl\":\"https:\/\/secure.gravatar.com\/avatar\/7fa71899795e8f540f615a1f5ab25255dc27aa40f05ee7ddd21aac521e01bf50?s=96&d=identicon&r=g\",\"caption\":\"Tomas Jarvid\"},\"description\":\"Jag bor i Ulricehamn i V\u00e4sterg\u00f6tland och \u00e4r f\u00f6rsamlingspr\u00e4st i Svenska Kyrkan f\u00f6r Dalstorps f\u00f6rsamling i Kinds pastorat. P\u00e5 den h\u00e4r bloggen skriver jag ner tankar om vandringen som kristen.\",\"sameAs\":[\"http:\/\/www.vandravagen.se\"],\"url\":\"https:\/\/blogg.svenskakyrkan.se\/vandravagen\/author\/vandravagen\/\"}]}<\/script>\n<!-- \/ Yoast SEO plugin. -->","yoast_head_json":{"title":"Psaltarpsalm 22 om Jesus - Vandra V\u00e4gen","robots":{"index":"index","follow":"follow","max-snippet":"max-snippet:-1","max-image-preview":"max-image-preview:large","max-video-preview":"max-video-preview:-1"},"canonical":"https:\/\/blogg.svenskakyrkan.se\/vandravagen\/2020\/05\/27\/psaltarpsalm-22-om-jesus\/","og_locale":"sv_SE","og_type":"article","og_title":"Psaltarpsalm 22 om Jesus - Vandra V\u00e4gen","og_description":"I slutet av sk\u00e4rtorsdagens m\u00e4ssa brukar vi, som m\u00e5nga andra, l\u00e4sa h\u00f6gt ur psaltarpsalm 22 medan altaret kl\u00e4ds av och kyrkan l\u00e4mnas \u00f6dslig inf\u00f6r l\u00e5ngfredagens sorgliga gudstj\u00e4nst. Jag tycker det \u00e4r bland det finaste i kyrko\u00e5ret och anledningen till att vi l\u00e4ser just den psalmen \u00e4r att n\u00e5gra av orden i den: Min Gud, min [&hellip;]","og_url":"https:\/\/blogg.svenskakyrkan.se\/vandravagen\/2020\/05\/27\/psaltarpsalm-22-om-jesus\/","og_site_name":"Vandra V\u00e4gen","article_publisher":"http:\/\/facebook.com\/vandravagen","article_published_time":"2020-05-27T05:00:00+00:00","og_image":[{"width":750,"height":749,"url":"https:\/\/blogg.svenskakyrkan.se\/vandravagen\/files\/2020\/05\/22.jpg","type":"image\/jpeg"}],"author":"Tomas Jarvid","twitter_card":"summary_large_image","twitter_creator":"@fadertomas","twitter_site":"@fadertomas","twitter_misc":{"Skriven av":"Tomas Jarvid","Ber\u00e4knad l\u00e4stid":"3 minuter"},"schema":{"@context":"https:\/\/schema.org","@graph":[{"@type":"Article","@id":"https:\/\/blogg.svenskakyrkan.se\/vandravagen\/2020\/05\/27\/psaltarpsalm-22-om-jesus\/#article","isPartOf":{"@id":"https:\/\/blogg.svenskakyrkan.se\/vandravagen\/2020\/05\/27\/psaltarpsalm-22-om-jesus\/"},"author":{"name":"Tomas Jarvid","@id":"https:\/\/blogg.svenskakyrkan.se\/vandravagen\/#\/schema\/person\/25da02d4f76b137d04291711e2c9fc16"},"headline":"Psaltarpsalm 22 om Jesus","datePublished":"2020-05-27T05:00:00+00:00","mainEntityOfPage":{"@id":"https:\/\/blogg.svenskakyrkan.se\/vandravagen\/2020\/05\/27\/psaltarpsalm-22-om-jesus\/"},"wordCount":577,"commentCount":2,"publisher":{"@id":"https:\/\/blogg.svenskakyrkan.se\/vandravagen\/#organization"},"image":{"@id":"https:\/\/blogg.svenskakyrkan.se\/vandravagen\/2020\/05\/27\/psaltarpsalm-22-om-jesus\/#primaryimage"},"thumbnailUrl":"https:\/\/blogg.svenskakyrkan.se\/vandravagen\/files\/2020\/05\/22.jpg","articleSection":["Bibeln","ikon","p\u00e5sk","Teologi"],"inLanguage":"sv-SE","potentialAction":[{"@type":"CommentAction","name":"Comment","target":["https:\/\/blogg.svenskakyrkan.se\/vandravagen\/2020\/05\/27\/psaltarpsalm-22-om-jesus\/#respond"]}]},{"@type":"WebPage","@id":"https:\/\/blogg.svenskakyrkan.se\/vandravagen\/2020\/05\/27\/psaltarpsalm-22-om-jesus\/","url":"https:\/\/blogg.svenskakyrkan.se\/vandravagen\/2020\/05\/27\/psaltarpsalm-22-om-jesus\/","name":"Psaltarpsalm 22 om Jesus - Vandra V\u00e4gen","isPartOf":{"@id":"https:\/\/blogg.svenskakyrkan.se\/vandravagen\/#website"},"primaryImageOfPage":{"@id":"https:\/\/blogg.svenskakyrkan.se\/vandravagen\/2020\/05\/27\/psaltarpsalm-22-om-jesus\/#primaryimage"},"image":{"@id":"https:\/\/blogg.svenskakyrkan.se\/vandravagen\/2020\/05\/27\/psaltarpsalm-22-om-jesus\/#primaryimage"},"thumbnailUrl":"https:\/\/blogg.svenskakyrkan.se\/vandravagen\/files\/2020\/05\/22.jpg","datePublished":"2020-05-27T05:00:00+00:00","breadcrumb":{"@id":"https:\/\/blogg.svenskakyrkan.se\/vandravagen\/2020\/05\/27\/psaltarpsalm-22-om-jesus\/#breadcrumb"},"inLanguage":"sv-SE","potentialAction":[{"@type":"ReadAction","target":["https:\/\/blogg.svenskakyrkan.se\/vandravagen\/2020\/05\/27\/psaltarpsalm-22-om-jesus\/"]}]},{"@type":"ImageObject","inLanguage":"sv-SE","@id":"https:\/\/blogg.svenskakyrkan.se\/vandravagen\/2020\/05\/27\/psaltarpsalm-22-om-jesus\/#primaryimage","url":"https:\/\/blogg.svenskakyrkan.se\/vandravagen\/files\/2020\/05\/22.jpg","contentUrl":"https:\/\/blogg.svenskakyrkan.se\/vandravagen\/files\/2020\/05\/22.jpg","width":750,"height":749},{"@type":"BreadcrumbList","@id":"https:\/\/blogg.svenskakyrkan.se\/vandravagen\/2020\/05\/27\/psaltarpsalm-22-om-jesus\/#breadcrumb","itemListElement":[{"@type":"ListItem","position":1,"name":"Hem","item":"https:\/\/blogg.svenskakyrkan.se\/vandravagen\/"},{"@type":"ListItem","position":2,"name":"Psaltarpsalm 22 om Jesus"}]},{"@type":"WebSite","@id":"https:\/\/blogg.svenskakyrkan.se\/vandravagen\/#website","url":"https:\/\/blogg.svenskakyrkan.se\/vandravagen\/","name":"Vandra V\u00e4gen","description":"-Mot en tro f\u00f6r hela livet","publisher":{"@id":"https:\/\/blogg.svenskakyrkan.se\/vandravagen\/#organization"},"potentialAction":[{"@type":"SearchAction","target":{"@type":"EntryPoint","urlTemplate":"https:\/\/blogg.svenskakyrkan.se\/vandravagen\/?s={search_term_string}"},"query-input":{"@type":"PropertyValueSpecification","valueRequired":true,"valueName":"search_term_string"}}],"inLanguage":"sv-SE"},{"@type":"Organization","@id":"https:\/\/blogg.svenskakyrkan.se\/vandravagen\/#organization","name":"ulricehamns pastorat","alternateName":"ulricehamns pastorat","url":"https:\/\/blogg.svenskakyrkan.se\/vandravagen\/","logo":{"@type":"ImageObject","inLanguage":"sv-SE","@id":"https:\/\/blogg.svenskakyrkan.se\/vandravagen\/#\/schema\/logo\/image\/","url":"https:\/\/blogg.svenskakyrkan.se\/vandravagen\/files\/2023\/05\/Ulr_logo_RGB.png","contentUrl":"https:\/\/blogg.svenskakyrkan.se\/vandravagen\/files\/2023\/05\/Ulr_logo_RGB.png","width":205,"height":77,"caption":"ulricehamns pastorat"},"image":{"@id":"https:\/\/blogg.svenskakyrkan.se\/vandravagen\/#\/schema\/logo\/image\/"},"sameAs":["http:\/\/facebook.com\/vandravagen","https:\/\/x.com\/fadertomas","http:\/\/www.facebook.com\/svenskakyrkaniulricehamn"]},{"@type":"Person","@id":"https:\/\/blogg.svenskakyrkan.se\/vandravagen\/#\/schema\/person\/25da02d4f76b137d04291711e2c9fc16","name":"Tomas Jarvid","image":{"@type":"ImageObject","inLanguage":"sv-SE","@id":"https:\/\/blogg.svenskakyrkan.se\/vandravagen\/#\/schema\/person\/image\/","url":"https:\/\/secure.gravatar.com\/avatar\/7fa71899795e8f540f615a1f5ab25255dc27aa40f05ee7ddd21aac521e01bf50?s=96&d=identicon&r=g","contentUrl":"https:\/\/secure.gravatar.com\/avatar\/7fa71899795e8f540f615a1f5ab25255dc27aa40f05ee7ddd21aac521e01bf50?s=96&d=identicon&r=g","caption":"Tomas Jarvid"},"description":"Jag bor i Ulricehamn i V\u00e4sterg\u00f6tland och \u00e4r f\u00f6rsamlingspr\u00e4st i Svenska Kyrkan f\u00f6r Dalstorps f\u00f6rsamling i Kinds pastorat. P\u00e5 den h\u00e4r bloggen skriver jag ner tankar om vandringen som kristen.","sameAs":["http:\/\/www.vandravagen.se"],"url":"https:\/\/blogg.svenskakyrkan.se\/vandravagen\/author\/vandravagen\/"}]}},"author_meta":{"ID":"392","user_nicename":"vandravagen","user_url":"http:\/\/www.vandravagen.se","user_registered":"2014-05-19 05:44:52","display_name":"Tomas Jarvid","first_name":"Tomas","last_name":"Jarvid","avatar":"https:\/\/secure.gravatar.com\/avatar\/7fa71899795e8f540f615a1f5ab25255dc27aa40f05ee7ddd21aac521e01bf50?s=96&d=identicon&r=g"},"featured_image":["https:\/\/blogg.svenskakyrkan.se\/vandravagen\/files\/2020\/05\/22.jpg",750,749,false],"bloginfo":{"name":"Vandra V\u00e4gen","url":"https:\/\/blogg.svenskakyrkan.se\/vandravagen"},"_links":{"self":[{"href":"https:\/\/blogg.svenskakyrkan.se\/vandravagen\/wp-json\/wp\/v2\/posts\/7807","targetHints":{"allow":["GET"]}}],"collection":[{"href":"https:\/\/blogg.svenskakyrkan.se\/vandravagen\/wp-json\/wp\/v2\/posts"}],"about":[{"href":"https:\/\/blogg.svenskakyrkan.se\/vandravagen\/wp-json\/wp\/v2\/types\/post"}],"author":[{"embeddable":true,"href":"https:\/\/blogg.svenskakyrkan.se\/vandravagen\/wp-json\/wp\/v2\/users\/392"}],"replies":[{"embeddable":true,"href":"https:\/\/blogg.svenskakyrkan.se\/vandravagen\/wp-json\/wp\/v2\/comments?post=7807"}],"version-history":[{"count":4,"href":"https:\/\/blogg.svenskakyrkan.se\/vandravagen\/wp-json\/wp\/v2\/posts\/7807\/revisions"}],"predecessor-version":[{"id":7941,"href":"https:\/\/blogg.svenskakyrkan.se\/vandravagen\/wp-json\/wp\/v2\/posts\/7807\/revisions\/7941"}],"wp:featuredmedia":[{"embeddable":true,"href":"https:\/\/blogg.svenskakyrkan.se\/vandravagen\/wp-json\/wp\/v2\/media\/7940"}],"wp:attachment":[{"href":"https:\/\/blogg.svenskakyrkan.se\/vandravagen\/wp-json\/wp\/v2\/media?parent=7807"}],"wp:term":[{"taxonomy":"category","embeddable":true,"href":"https:\/\/blogg.svenskakyrkan.se\/vandravagen\/wp-json\/wp\/v2\/categories?post=7807"},{"taxonomy":"post_tag","embeddable":true,"href":"https:\/\/blogg.svenskakyrkan.se\/vandravagen\/wp-json\/wp\/v2\/tags?post=7807"}],"curies":[{"name":"wp","href":"https:\/\/api.w.org\/{rel}","templated":true}]}}