{"id":784,"date":"2013-01-03T09:36:00","date_gmt":"2013-01-03T08:36:00","guid":{"rendered":"http:\/\/blogg.svenskakyrkan.se\/vandravagen\/2013\/01\/03\/pynt-i-mitt-hem-en-minihemma-hos\/"},"modified":"2013-01-03T09:36:00","modified_gmt":"2013-01-03T08:36:00","slug":"pynt-i-mitt-hem-en-minihemma-hos","status":"publish","type":"post","link":"https:\/\/blogg.svenskakyrkan.se\/vandravagen\/2013\/01\/03\/pynt-i-mitt-hem-en-minihemma-hos\/","title":{"rendered":"Pynt i mitt hem! (en minihemma-hos)"},"content":{"rendered":"<p>R\u00e4tt m\u00e5nga julinl\u00e4gg har det blivit h\u00e4r p\u00e5 bloggen. Nu kanske det snart \u00e4r dags att hitta annat att skriva om igen men jag t\u00e4nkte f\u00f6rst dela n\u00e5gra av mina julpynt med er. Varf\u00f6r det? Kanske f\u00f6r att visa p\u00e5 hur kristet m\u00f6ter andra traditioner i v\u00e5rt svenska julfirande?<\/p>\n<\/p>\n<div><a href=\"https:\/\/lh4.googleusercontent.com\/-BPCmIagZQc8\/UN7zVejMAGI\/AAAAAAAABgo\/UPWvdDDpX4c\/s640\/blogger-image-719663287.jpg\"><img decoding=\"async\" border=\"0\" src=\"https:\/\/lh4.googleusercontent.com\/-BPCmIagZQc8\/UN7zVejMAGI\/AAAAAAAABgo\/UPWvdDDpX4c\/s640\/blogger-image-719663287.jpg\"><\/a><\/div>\n<div><\/div>\n<div>I granen har vi en kinesisk herde som vaktar p\u00e5 f\u00e4lten. Eller \u00e4r det kanske den gode herden som f\u00f6tts?<\/div>\n<div><a href=\"https:\/\/lh3.googleusercontent.com\/-SLNwzXXap_8\/UN9799io0BI\/AAAAAAAABhk\/YiFNdWQ3Z-E\/s640\/blogger-image-1639065627.jpg\"><img decoding=\"async\" border=\"0\" src=\"https:\/\/lh3.googleusercontent.com\/-SLNwzXXap_8\/UN9799io0BI\/AAAAAAAABhk\/YiFNdWQ3Z-E\/s640\/blogger-image-1639065627.jpg\"><\/a><\/div>\n<div><\/div>\n<div>I f\u00f6nstret samsas tomtarna med Maria och barnet. Mariaikonen \u00e4r ju faktiskt en julbild att ha uppe \u00e5ret runt.<\/div>\n<div><a href=\"https:\/\/lh6.googleusercontent.com\/-L2P4CPL0NJY\/UN976tMgUgI\/AAAAAAAABhc\/sCc4rjAYHDY\/s640\/blogger-image--1129467692.jpg\"><img decoding=\"async\" border=\"0\" src=\"https:\/\/lh6.googleusercontent.com\/-L2P4CPL0NJY\/UN976tMgUgI\/AAAAAAAABhc\/sCc4rjAYHDY\/s640\/blogger-image--1129467692.jpg\"><\/a><\/div>\n<div><\/div>\n<div>Slutligen den som inte fick vara med i julkrubban f\u00f6r min fru. Jag som gjort den sj\u00e4lv och allt. Hon s\u00e4ger att det \u00e4r f\u00f6r att den inte \u00e4r skalenlig. F\u00e5r v\u00e4l hoppas det inte \u00e4r sk\u00f6nhetst\u00e4vling f\u00f6r att platsa i krubban.<\/div>\n<div><\/div>\n<div>F\u00f6r mer bildet fr\u00e5n hemmet rekommenderar jag &#8221;<a href=\"http:\/\/vagenixp.blogspot.se\/2012\/10\/ikoner-och-planbokskort.html\">Ikoner och pl\u00e5nbokskort<\/a>&#8221;.<\/div>\n","protected":false},"excerpt":{"rendered":"<p>R\u00e4tt m\u00e5nga julinl\u00e4gg har det blivit h\u00e4r p\u00e5 bloggen. Nu kanske det snart \u00e4r dags att hitta annat att skriva om igen men jag t\u00e4nkte f\u00f6rst dela n\u00e5gra av mina julpynt med er. Varf\u00f6r det? Kanske f\u00f6r att visa p\u00e5 hur kristet m\u00f6ter andra traditioner i v\u00e5rt svenska julfirande? I granen har vi en kinesisk [&hellip;]<\/p>\n","protected":false},"author":392,"featured_media":0,"comment_status":"open","ping_status":"open","sticky":false,"template":"","format":"standard","meta":{"_acf_changed":false,"footnotes":""},"categories":[56,8252],"tags":[],"class_list":["post-784","post","type-post","status-publish","format-standard","hentry","category-bilder","category-kyrkoaret"],"acf":[],"yoast_head":"<!-- This site is optimized with the Yoast SEO plugin v27.1.1 - https:\/\/yoast.com\/product\/yoast-seo-wordpress\/ -->\n<title>Pynt i mitt hem! (en minihemma-hos) - Vandra V\u00e4gen<\/title>\n<meta name=\"robots\" content=\"index, follow, max-snippet:-1, max-image-preview:large, max-video-preview:-1\" \/>\n<link rel=\"canonical\" href=\"https:\/\/blogg.svenskakyrkan.se\/vandravagen\/2013\/01\/03\/pynt-i-mitt-hem-en-minihemma-hos\/\" \/>\n<meta property=\"og:locale\" content=\"sv_SE\" \/>\n<meta property=\"og:type\" content=\"article\" \/>\n<meta property=\"og:title\" content=\"Pynt i mitt hem! (en minihemma-hos) - Vandra V\u00e4gen\" \/>\n<meta property=\"og:description\" content=\"R\u00e4tt m\u00e5nga julinl\u00e4gg har det blivit h\u00e4r p\u00e5 bloggen. Nu kanske det snart \u00e4r dags att hitta annat att skriva om igen men jag t\u00e4nkte f\u00f6rst dela n\u00e5gra av mina julpynt med er. Varf\u00f6r det? Kanske f\u00f6r att visa p\u00e5 hur kristet m\u00f6ter andra traditioner i v\u00e5rt svenska julfirande? I granen har vi en kinesisk [&hellip;]\" \/>\n<meta property=\"og:url\" content=\"https:\/\/blogg.svenskakyrkan.se\/vandravagen\/2013\/01\/03\/pynt-i-mitt-hem-en-minihemma-hos\/\" \/>\n<meta property=\"og:site_name\" content=\"Vandra V\u00e4gen\" \/>\n<meta property=\"article:publisher\" content=\"http:\/\/facebook.com\/vandravagen\" \/>\n<meta property=\"article:published_time\" content=\"2013-01-03T08:36:00+00:00\" \/>\n<meta property=\"og:image\" content=\"https:\/\/lh4.googleusercontent.com\/-BPCmIagZQc8\/UN7zVejMAGI\/AAAAAAAABgo\/UPWvdDDpX4c\/s640\/blogger-image-719663287.jpg\" \/>\n<meta name=\"author\" content=\"Tomas Jarvid\" \/>\n<meta name=\"twitter:card\" content=\"summary_large_image\" \/>\n<meta name=\"twitter:creator\" content=\"@fadertomas\" \/>\n<meta name=\"twitter:site\" content=\"@fadertomas\" \/>\n<meta name=\"twitter:label1\" content=\"Skriven av\" \/>\n\t<meta name=\"twitter:data1\" content=\"Tomas Jarvid\" \/>\n\t<meta name=\"twitter:label2\" content=\"Ber\u00e4knad l\u00e4stid\" \/>\n\t<meta name=\"twitter:data2\" content=\"1 minut\" \/>\n<script type=\"application\/ld+json\" class=\"yoast-schema-graph\">{\"@context\":\"https:\/\/schema.org\",\"@graph\":[{\"@type\":\"Article\",\"@id\":\"https:\/\/blogg.svenskakyrkan.se\/vandravagen\/2013\/01\/03\/pynt-i-mitt-hem-en-minihemma-hos\/#article\",\"isPartOf\":{\"@id\":\"https:\/\/blogg.svenskakyrkan.se\/vandravagen\/2013\/01\/03\/pynt-i-mitt-hem-en-minihemma-hos\/\"},\"author\":{\"name\":\"Tomas Jarvid\",\"@id\":\"https:\/\/blogg.svenskakyrkan.se\/vandravagen\/#\/schema\/person\/25da02d4f76b137d04291711e2c9fc16\"},\"headline\":\"Pynt i mitt hem! (en minihemma-hos)\",\"datePublished\":\"2013-01-03T08:36:00+00:00\",\"mainEntityOfPage\":{\"@id\":\"https:\/\/blogg.svenskakyrkan.se\/vandravagen\/2013\/01\/03\/pynt-i-mitt-hem-en-minihemma-hos\/\"},\"wordCount\":172,\"commentCount\":0,\"publisher\":{\"@id\":\"https:\/\/blogg.svenskakyrkan.se\/vandravagen\/#organization\"},\"image\":{\"@id\":\"https:\/\/blogg.svenskakyrkan.se\/vandravagen\/2013\/01\/03\/pynt-i-mitt-hem-en-minihemma-hos\/#primaryimage\"},\"thumbnailUrl\":\"https:\/\/lh4.googleusercontent.com\/-BPCmIagZQc8\/UN7zVejMAGI\/AAAAAAAABgo\/UPWvdDDpX4c\/s640\/blogger-image-719663287.jpg\",\"articleSection\":[\"bilder\",\"kyrko\u00e5ret\"],\"inLanguage\":\"sv-SE\",\"potentialAction\":[{\"@type\":\"CommentAction\",\"name\":\"Comment\",\"target\":[\"https:\/\/blogg.svenskakyrkan.se\/vandravagen\/2013\/01\/03\/pynt-i-mitt-hem-en-minihemma-hos\/#respond\"]}]},{\"@type\":\"WebPage\",\"@id\":\"https:\/\/blogg.svenskakyrkan.se\/vandravagen\/2013\/01\/03\/pynt-i-mitt-hem-en-minihemma-hos\/\",\"url\":\"https:\/\/blogg.svenskakyrkan.se\/vandravagen\/2013\/01\/03\/pynt-i-mitt-hem-en-minihemma-hos\/\",\"name\":\"Pynt i mitt hem! (en minihemma-hos) - Vandra V\u00e4gen\",\"isPartOf\":{\"@id\":\"https:\/\/blogg.svenskakyrkan.se\/vandravagen\/#website\"},\"primaryImageOfPage\":{\"@id\":\"https:\/\/blogg.svenskakyrkan.se\/vandravagen\/2013\/01\/03\/pynt-i-mitt-hem-en-minihemma-hos\/#primaryimage\"},\"image\":{\"@id\":\"https:\/\/blogg.svenskakyrkan.se\/vandravagen\/2013\/01\/03\/pynt-i-mitt-hem-en-minihemma-hos\/#primaryimage\"},\"thumbnailUrl\":\"https:\/\/lh4.googleusercontent.com\/-BPCmIagZQc8\/UN7zVejMAGI\/AAAAAAAABgo\/UPWvdDDpX4c\/s640\/blogger-image-719663287.jpg\",\"datePublished\":\"2013-01-03T08:36:00+00:00\",\"breadcrumb\":{\"@id\":\"https:\/\/blogg.svenskakyrkan.se\/vandravagen\/2013\/01\/03\/pynt-i-mitt-hem-en-minihemma-hos\/#breadcrumb\"},\"inLanguage\":\"sv-SE\",\"potentialAction\":[{\"@type\":\"ReadAction\",\"target\":[\"https:\/\/blogg.svenskakyrkan.se\/vandravagen\/2013\/01\/03\/pynt-i-mitt-hem-en-minihemma-hos\/\"]}]},{\"@type\":\"ImageObject\",\"inLanguage\":\"sv-SE\",\"@id\":\"https:\/\/blogg.svenskakyrkan.se\/vandravagen\/2013\/01\/03\/pynt-i-mitt-hem-en-minihemma-hos\/#primaryimage\",\"url\":\"https:\/\/lh4.googleusercontent.com\/-BPCmIagZQc8\/UN7zVejMAGI\/AAAAAAAABgo\/UPWvdDDpX4c\/s640\/blogger-image-719663287.jpg\",\"contentUrl\":\"https:\/\/lh4.googleusercontent.com\/-BPCmIagZQc8\/UN7zVejMAGI\/AAAAAAAABgo\/UPWvdDDpX4c\/s640\/blogger-image-719663287.jpg\"},{\"@type\":\"BreadcrumbList\",\"@id\":\"https:\/\/blogg.svenskakyrkan.se\/vandravagen\/2013\/01\/03\/pynt-i-mitt-hem-en-minihemma-hos\/#breadcrumb\",\"itemListElement\":[{\"@type\":\"ListItem\",\"position\":1,\"name\":\"Hem\",\"item\":\"https:\/\/blogg.svenskakyrkan.se\/vandravagen\/\"},{\"@type\":\"ListItem\",\"position\":2,\"name\":\"Pynt i mitt hem! (en minihemma-hos)\"}]},{\"@type\":\"WebSite\",\"@id\":\"https:\/\/blogg.svenskakyrkan.se\/vandravagen\/#website\",\"url\":\"https:\/\/blogg.svenskakyrkan.se\/vandravagen\/\",\"name\":\"Vandra V\u00e4gen\",\"description\":\"-Mot en tro f\u00f6r hela livet\",\"publisher\":{\"@id\":\"https:\/\/blogg.svenskakyrkan.se\/vandravagen\/#organization\"},\"potentialAction\":[{\"@type\":\"SearchAction\",\"target\":{\"@type\":\"EntryPoint\",\"urlTemplate\":\"https:\/\/blogg.svenskakyrkan.se\/vandravagen\/?s={search_term_string}\"},\"query-input\":{\"@type\":\"PropertyValueSpecification\",\"valueRequired\":true,\"valueName\":\"search_term_string\"}}],\"inLanguage\":\"sv-SE\"},{\"@type\":\"Organization\",\"@id\":\"https:\/\/blogg.svenskakyrkan.se\/vandravagen\/#organization\",\"name\":\"ulricehamns pastorat\",\"alternateName\":\"ulricehamns pastorat\",\"url\":\"https:\/\/blogg.svenskakyrkan.se\/vandravagen\/\",\"logo\":{\"@type\":\"ImageObject\",\"inLanguage\":\"sv-SE\",\"@id\":\"https:\/\/blogg.svenskakyrkan.se\/vandravagen\/#\/schema\/logo\/image\/\",\"url\":\"https:\/\/blogg.svenskakyrkan.se\/vandravagen\/files\/2023\/05\/Ulr_logo_RGB.png\",\"contentUrl\":\"https:\/\/blogg.svenskakyrkan.se\/vandravagen\/files\/2023\/05\/Ulr_logo_RGB.png\",\"width\":205,\"height\":77,\"caption\":\"ulricehamns pastorat\"},\"image\":{\"@id\":\"https:\/\/blogg.svenskakyrkan.se\/vandravagen\/#\/schema\/logo\/image\/\"},\"sameAs\":[\"http:\/\/facebook.com\/vandravagen\",\"https:\/\/x.com\/fadertomas\",\"http:\/\/www.facebook.com\/svenskakyrkaniulricehamn\"]},{\"@type\":\"Person\",\"@id\":\"https:\/\/blogg.svenskakyrkan.se\/vandravagen\/#\/schema\/person\/25da02d4f76b137d04291711e2c9fc16\",\"name\":\"Tomas Jarvid\",\"image\":{\"@type\":\"ImageObject\",\"inLanguage\":\"sv-SE\",\"@id\":\"https:\/\/blogg.svenskakyrkan.se\/vandravagen\/#\/schema\/person\/image\/\",\"url\":\"https:\/\/secure.gravatar.com\/avatar\/7fa71899795e8f540f615a1f5ab25255dc27aa40f05ee7ddd21aac521e01bf50?s=96&d=identicon&r=g\",\"contentUrl\":\"https:\/\/secure.gravatar.com\/avatar\/7fa71899795e8f540f615a1f5ab25255dc27aa40f05ee7ddd21aac521e01bf50?s=96&d=identicon&r=g\",\"caption\":\"Tomas Jarvid\"},\"description\":\"Jag bor i Ulricehamn i V\u00e4sterg\u00f6tland och \u00e4r f\u00f6rsamlingspr\u00e4st i Svenska Kyrkan f\u00f6r Dalstorps f\u00f6rsamling i Kinds pastorat. P\u00e5 den h\u00e4r bloggen skriver jag ner tankar om vandringen som kristen.\",\"sameAs\":[\"http:\/\/www.vandravagen.se\"],\"url\":\"https:\/\/blogg.svenskakyrkan.se\/vandravagen\/author\/vandravagen\/\"}]}<\/script>\n<!-- \/ Yoast SEO plugin. -->","yoast_head_json":{"title":"Pynt i mitt hem! (en minihemma-hos) - Vandra V\u00e4gen","robots":{"index":"index","follow":"follow","max-snippet":"max-snippet:-1","max-image-preview":"max-image-preview:large","max-video-preview":"max-video-preview:-1"},"canonical":"https:\/\/blogg.svenskakyrkan.se\/vandravagen\/2013\/01\/03\/pynt-i-mitt-hem-en-minihemma-hos\/","og_locale":"sv_SE","og_type":"article","og_title":"Pynt i mitt hem! (en minihemma-hos) - Vandra V\u00e4gen","og_description":"R\u00e4tt m\u00e5nga julinl\u00e4gg har det blivit h\u00e4r p\u00e5 bloggen. Nu kanske det snart \u00e4r dags att hitta annat att skriva om igen men jag t\u00e4nkte f\u00f6rst dela n\u00e5gra av mina julpynt med er. Varf\u00f6r det? Kanske f\u00f6r att visa p\u00e5 hur kristet m\u00f6ter andra traditioner i v\u00e5rt svenska julfirande? I granen har vi en kinesisk [&hellip;]","og_url":"https:\/\/blogg.svenskakyrkan.se\/vandravagen\/2013\/01\/03\/pynt-i-mitt-hem-en-minihemma-hos\/","og_site_name":"Vandra V\u00e4gen","article_publisher":"http:\/\/facebook.com\/vandravagen","article_published_time":"2013-01-03T08:36:00+00:00","og_image":[{"url":"https:\/\/lh4.googleusercontent.com\/-BPCmIagZQc8\/UN7zVejMAGI\/AAAAAAAABgo\/UPWvdDDpX4c\/s640\/blogger-image-719663287.jpg","type":"","width":"","height":""}],"author":"Tomas Jarvid","twitter_card":"summary_large_image","twitter_creator":"@fadertomas","twitter_site":"@fadertomas","twitter_misc":{"Skriven av":"Tomas Jarvid","Ber\u00e4knad l\u00e4stid":"1 minut"},"schema":{"@context":"https:\/\/schema.org","@graph":[{"@type":"Article","@id":"https:\/\/blogg.svenskakyrkan.se\/vandravagen\/2013\/01\/03\/pynt-i-mitt-hem-en-minihemma-hos\/#article","isPartOf":{"@id":"https:\/\/blogg.svenskakyrkan.se\/vandravagen\/2013\/01\/03\/pynt-i-mitt-hem-en-minihemma-hos\/"},"author":{"name":"Tomas Jarvid","@id":"https:\/\/blogg.svenskakyrkan.se\/vandravagen\/#\/schema\/person\/25da02d4f76b137d04291711e2c9fc16"},"headline":"Pynt i mitt hem! (en minihemma-hos)","datePublished":"2013-01-03T08:36:00+00:00","mainEntityOfPage":{"@id":"https:\/\/blogg.svenskakyrkan.se\/vandravagen\/2013\/01\/03\/pynt-i-mitt-hem-en-minihemma-hos\/"},"wordCount":172,"commentCount":0,"publisher":{"@id":"https:\/\/blogg.svenskakyrkan.se\/vandravagen\/#organization"},"image":{"@id":"https:\/\/blogg.svenskakyrkan.se\/vandravagen\/2013\/01\/03\/pynt-i-mitt-hem-en-minihemma-hos\/#primaryimage"},"thumbnailUrl":"https:\/\/lh4.googleusercontent.com\/-BPCmIagZQc8\/UN7zVejMAGI\/AAAAAAAABgo\/UPWvdDDpX4c\/s640\/blogger-image-719663287.jpg","articleSection":["bilder","kyrko\u00e5ret"],"inLanguage":"sv-SE","potentialAction":[{"@type":"CommentAction","name":"Comment","target":["https:\/\/blogg.svenskakyrkan.se\/vandravagen\/2013\/01\/03\/pynt-i-mitt-hem-en-minihemma-hos\/#respond"]}]},{"@type":"WebPage","@id":"https:\/\/blogg.svenskakyrkan.se\/vandravagen\/2013\/01\/03\/pynt-i-mitt-hem-en-minihemma-hos\/","url":"https:\/\/blogg.svenskakyrkan.se\/vandravagen\/2013\/01\/03\/pynt-i-mitt-hem-en-minihemma-hos\/","name":"Pynt i mitt hem! (en minihemma-hos) - Vandra V\u00e4gen","isPartOf":{"@id":"https:\/\/blogg.svenskakyrkan.se\/vandravagen\/#website"},"primaryImageOfPage":{"@id":"https:\/\/blogg.svenskakyrkan.se\/vandravagen\/2013\/01\/03\/pynt-i-mitt-hem-en-minihemma-hos\/#primaryimage"},"image":{"@id":"https:\/\/blogg.svenskakyrkan.se\/vandravagen\/2013\/01\/03\/pynt-i-mitt-hem-en-minihemma-hos\/#primaryimage"},"thumbnailUrl":"https:\/\/lh4.googleusercontent.com\/-BPCmIagZQc8\/UN7zVejMAGI\/AAAAAAAABgo\/UPWvdDDpX4c\/s640\/blogger-image-719663287.jpg","datePublished":"2013-01-03T08:36:00+00:00","breadcrumb":{"@id":"https:\/\/blogg.svenskakyrkan.se\/vandravagen\/2013\/01\/03\/pynt-i-mitt-hem-en-minihemma-hos\/#breadcrumb"},"inLanguage":"sv-SE","potentialAction":[{"@type":"ReadAction","target":["https:\/\/blogg.svenskakyrkan.se\/vandravagen\/2013\/01\/03\/pynt-i-mitt-hem-en-minihemma-hos\/"]}]},{"@type":"ImageObject","inLanguage":"sv-SE","@id":"https:\/\/blogg.svenskakyrkan.se\/vandravagen\/2013\/01\/03\/pynt-i-mitt-hem-en-minihemma-hos\/#primaryimage","url":"https:\/\/lh4.googleusercontent.com\/-BPCmIagZQc8\/UN7zVejMAGI\/AAAAAAAABgo\/UPWvdDDpX4c\/s640\/blogger-image-719663287.jpg","contentUrl":"https:\/\/lh4.googleusercontent.com\/-BPCmIagZQc8\/UN7zVejMAGI\/AAAAAAAABgo\/UPWvdDDpX4c\/s640\/blogger-image-719663287.jpg"},{"@type":"BreadcrumbList","@id":"https:\/\/blogg.svenskakyrkan.se\/vandravagen\/2013\/01\/03\/pynt-i-mitt-hem-en-minihemma-hos\/#breadcrumb","itemListElement":[{"@type":"ListItem","position":1,"name":"Hem","item":"https:\/\/blogg.svenskakyrkan.se\/vandravagen\/"},{"@type":"ListItem","position":2,"name":"Pynt i mitt hem! (en minihemma-hos)"}]},{"@type":"WebSite","@id":"https:\/\/blogg.svenskakyrkan.se\/vandravagen\/#website","url":"https:\/\/blogg.svenskakyrkan.se\/vandravagen\/","name":"Vandra V\u00e4gen","description":"-Mot en tro f\u00f6r hela livet","publisher":{"@id":"https:\/\/blogg.svenskakyrkan.se\/vandravagen\/#organization"},"potentialAction":[{"@type":"SearchAction","target":{"@type":"EntryPoint","urlTemplate":"https:\/\/blogg.svenskakyrkan.se\/vandravagen\/?s={search_term_string}"},"query-input":{"@type":"PropertyValueSpecification","valueRequired":true,"valueName":"search_term_string"}}],"inLanguage":"sv-SE"},{"@type":"Organization","@id":"https:\/\/blogg.svenskakyrkan.se\/vandravagen\/#organization","name":"ulricehamns pastorat","alternateName":"ulricehamns pastorat","url":"https:\/\/blogg.svenskakyrkan.se\/vandravagen\/","logo":{"@type":"ImageObject","inLanguage":"sv-SE","@id":"https:\/\/blogg.svenskakyrkan.se\/vandravagen\/#\/schema\/logo\/image\/","url":"https:\/\/blogg.svenskakyrkan.se\/vandravagen\/files\/2023\/05\/Ulr_logo_RGB.png","contentUrl":"https:\/\/blogg.svenskakyrkan.se\/vandravagen\/files\/2023\/05\/Ulr_logo_RGB.png","width":205,"height":77,"caption":"ulricehamns pastorat"},"image":{"@id":"https:\/\/blogg.svenskakyrkan.se\/vandravagen\/#\/schema\/logo\/image\/"},"sameAs":["http:\/\/facebook.com\/vandravagen","https:\/\/x.com\/fadertomas","http:\/\/www.facebook.com\/svenskakyrkaniulricehamn"]},{"@type":"Person","@id":"https:\/\/blogg.svenskakyrkan.se\/vandravagen\/#\/schema\/person\/25da02d4f76b137d04291711e2c9fc16","name":"Tomas Jarvid","image":{"@type":"ImageObject","inLanguage":"sv-SE","@id":"https:\/\/blogg.svenskakyrkan.se\/vandravagen\/#\/schema\/person\/image\/","url":"https:\/\/secure.gravatar.com\/avatar\/7fa71899795e8f540f615a1f5ab25255dc27aa40f05ee7ddd21aac521e01bf50?s=96&d=identicon&r=g","contentUrl":"https:\/\/secure.gravatar.com\/avatar\/7fa71899795e8f540f615a1f5ab25255dc27aa40f05ee7ddd21aac521e01bf50?s=96&d=identicon&r=g","caption":"Tomas Jarvid"},"description":"Jag bor i Ulricehamn i V\u00e4sterg\u00f6tland och \u00e4r f\u00f6rsamlingspr\u00e4st i Svenska Kyrkan f\u00f6r Dalstorps f\u00f6rsamling i Kinds pastorat. P\u00e5 den h\u00e4r bloggen skriver jag ner tankar om vandringen som kristen.","sameAs":["http:\/\/www.vandravagen.se"],"url":"https:\/\/blogg.svenskakyrkan.se\/vandravagen\/author\/vandravagen\/"}]}},"author_meta":{"ID":"392","user_nicename":"vandravagen","user_url":"http:\/\/www.vandravagen.se","user_registered":"2014-05-19 05:44:52","display_name":"Tomas Jarvid","first_name":"Tomas","last_name":"Jarvid","avatar":"https:\/\/secure.gravatar.com\/avatar\/7fa71899795e8f540f615a1f5ab25255dc27aa40f05ee7ddd21aac521e01bf50?s=96&d=identicon&r=g"},"featured_image":false,"bloginfo":{"name":"Vandra V\u00e4gen","url":"https:\/\/blogg.svenskakyrkan.se\/vandravagen"},"_links":{"self":[{"href":"https:\/\/blogg.svenskakyrkan.se\/vandravagen\/wp-json\/wp\/v2\/posts\/784","targetHints":{"allow":["GET"]}}],"collection":[{"href":"https:\/\/blogg.svenskakyrkan.se\/vandravagen\/wp-json\/wp\/v2\/posts"}],"about":[{"href":"https:\/\/blogg.svenskakyrkan.se\/vandravagen\/wp-json\/wp\/v2\/types\/post"}],"author":[{"embeddable":true,"href":"https:\/\/blogg.svenskakyrkan.se\/vandravagen\/wp-json\/wp\/v2\/users\/392"}],"replies":[{"embeddable":true,"href":"https:\/\/blogg.svenskakyrkan.se\/vandravagen\/wp-json\/wp\/v2\/comments?post=784"}],"version-history":[{"count":0,"href":"https:\/\/blogg.svenskakyrkan.se\/vandravagen\/wp-json\/wp\/v2\/posts\/784\/revisions"}],"wp:attachment":[{"href":"https:\/\/blogg.svenskakyrkan.se\/vandravagen\/wp-json\/wp\/v2\/media?parent=784"}],"wp:term":[{"taxonomy":"category","embeddable":true,"href":"https:\/\/blogg.svenskakyrkan.se\/vandravagen\/wp-json\/wp\/v2\/categories?post=784"},{"taxonomy":"post_tag","embeddable":true,"href":"https:\/\/blogg.svenskakyrkan.se\/vandravagen\/wp-json\/wp\/v2\/tags?post=784"}],"curies":[{"name":"wp","href":"https:\/\/api.w.org\/{rel}","templated":true}]}}