{"id":7881,"date":"2020-05-03T07:00:00","date_gmt":"2020-05-03T05:00:00","guid":{"rendered":"http:\/\/blogg.svenskakyrkan.se\/vandravagen\/?p=7881"},"modified":"2020-05-02T21:07:06","modified_gmt":"2020-05-02T19:07:06","slug":"9-blandade-tankar-pa-sondagen-106","status":"publish","type":"post","link":"https:\/\/blogg.svenskakyrkan.se\/vandravagen\/2020\/05\/03\/9-blandade-tankar-pa-sondagen-106\/","title":{"rendered":"9 blandade tankar p\u00e5 s\u00f6ndagen"},"content":{"rendered":"\n\n\n<figure class=\"wp-block-image size-large\"><img loading=\"lazy\" decoding=\"async\" width=\"1024\" height=\"768\" src=\"https:\/\/blogg.svenskakyrkan.se\/vandravagen\/files\/2020\/05\/IMG_4410-1024x768.jpg\" alt=\"\" class=\"wp-image-7882\" srcset=\"https:\/\/blogg.svenskakyrkan.se\/vandravagen\/files\/2020\/05\/IMG_4410-1024x768.jpg 1024w, https:\/\/blogg.svenskakyrkan.se\/vandravagen\/files\/2020\/05\/IMG_4410-300x225.jpg 300w, https:\/\/blogg.svenskakyrkan.se\/vandravagen\/files\/2020\/05\/IMG_4410-768x576.jpg 768w, https:\/\/blogg.svenskakyrkan.se\/vandravagen\/files\/2020\/05\/IMG_4410-1536x1152.jpg 1536w, https:\/\/blogg.svenskakyrkan.se\/vandravagen\/files\/2020\/05\/IMG_4410-1200x900.jpg 1200w, https:\/\/blogg.svenskakyrkan.se\/vandravagen\/files\/2020\/05\/IMG_4410.jpg 2016w\" sizes=\"auto, (max-width: 1024px) 100vw, 1024px\" \/><figcaption>V\u00e4g att vandra. <\/figcaption><\/figure>\n\n\n\n<p>1. Glad s\u00f6ndag k\u00e4ra l\u00e4sare!<\/p>\n\n\n\n<p>2. Eftersom vi nu inte har n\u00e5gra gudstj\u00e4nster vare sig i f\u00f6rsamlingen d\u00e4r jag bor eller d\u00e4r jag arbetar s\u00e5 blir det varken predikstol eller kyrkb\u00e4nk idag f\u00f6r min del. <\/p>\n\n\n\n<p>3. H\u00e4r \u00e4r i alla fall en gammal predikan (<a href=\"https:\/\/blogg.svenskakyrkan.se\/vandravagen\/2014\/05\/12\/vandra-vagen-till-livet\/\" class=\"aioseop-link\">Vandra V\u00e4gen till Livet<\/a>) p\u00e5 denna s\u00f6ndag som p\u00e5 n\u00e5got s\u00e4tt \u00e4r namnsdag f\u00f6r den h\u00e4r bloggen (temat \u00e4r V\u00e4gen till Livet). Kan du ju f\u00e5 l\u00e4sa om du vill.<\/p>\n\n\n\n<p>4. Under april har jag lagt upp en v\u00e4ldig massa bloggposter mot vad jag brukar m\u00e4kta med men nu har det lugnat ner sig n\u00e5got igen. Den h\u00e4r helgen f\u00f6rs\u00f6ker jag t\u00e4nka p\u00e5 jobbet s\u00e5 lite som m\u00f6jligt f\u00f6r att komma i n\u00e5gon slags j\u00e4mvikt och d\u00e5 ska jag inte t\u00e4nka p\u00e5 n\u00e5got sv\u00e5rare \u00e4n &#8221;blandade tankar&#8221;.<\/p>\n\n\n\n<p>5. D\u00e4remot har jag f\u00e5tt vara ute i skogen. Det \u00e4r bra f\u00f6r sj\u00e4len det. <\/p>\n\n\n\n<p>6. OCH jag har pusslat pussel. Det brukar b\u00f6rja med att n\u00e5got av barnen vill det men sedan \u00e4r det mest jag som h\u00e5ller p\u00e5. Jag har kommit p\u00e5 att pussel \u00e4r riggade ungef\u00e4r likadant som de sociala medierna, man f\u00e5r sm\u00e5 doser dopamin som bel\u00f6ning varje g\u00e5ng man hittar n\u00e5got nytt, alternativt f\u00e5r dit en pusselbit, och s\u00e5 forts\u00e4tter man lite till.<\/p>\n\n\n\n<p>7. Nu n\u00e4r s\u00e5 m\u00e5nga f\u00f6rsamlingar \u00e4r ute p\u00e5 internet och vevar s\u00e5 \u00e4r jag ju f\u00f6rst\u00e5s p\u00e5 ett s\u00e4tt v\u00e4ldigt glad \u00f6ver det. Jag tycker jag kommit p\u00e5 att den h\u00e4r bloggen n\u00e5tt gr\u00e4nsen f\u00f6r hur m\u00e5nga den kan n\u00e5 s\u00e5 vi beh\u00f6ver verkligen bli fler med att &#8221;evangelisera&#8221; p\u00e5 n\u00e4tet. Samtidigt \u00e4r det mycket dubbla k\u00e4nslor. Det \u00e4r mycket som s\u00e4nds och skriv som \u00e4r r\u00e4tt tr\u00e5kigt och pretenti\u00f6st och d\u00e5 blir jag ju tvivlande sj\u00e4lv inf\u00f6r vad jag h\u00e5ller p\u00e5 med h\u00e4r, s\u00e5 \u00e4r det v\u00e4l inte med mig? Sanningen \u00e4r kanske att man f\u00e5r leva med att vara r\u00e4tt ohipp, det \u00e4r kanske bara s\u00e5 det \u00e4r att verka som kyrka p\u00e5 n\u00e4tet?<\/p>\n\n\n\n<p>8. Jag undrar mycket hur kyrkan kommer f\u00f6r\u00e4ndras av den h\u00e4r pandemin. Det finns ju mycket som m\u00e5ste f\u00f6r\u00e4ndras s\u00e5 det kan leda till mycket gott men jag \u00e4r orolig att det blir tv\u00e4rtom.<\/p>\n\n\n\n<p>9. Vad g\u00f6r du idag? Hur har du det i \u00f6vrigt i vardag, isolering, kanske karant\u00e4n? Skriv en rad och ber\u00e4tta!<\/p>\n","protected":false},"excerpt":{"rendered":"<p>1. Glad s\u00f6ndag k\u00e4ra l\u00e4sare! 2. Eftersom vi nu inte har n\u00e5gra gudstj\u00e4nster vare sig i f\u00f6rsamlingen d\u00e4r jag bor eller d\u00e4r jag arbetar s\u00e5 blir det varken predikstol eller kyrkb\u00e4nk idag f\u00f6r min del. 3. H\u00e4r \u00e4r i alla fall en gammal predikan (Vandra V\u00e4gen till Livet) p\u00e5 denna s\u00f6ndag som p\u00e5 n\u00e5got s\u00e4tt [&hellip;]<\/p>\n","protected":false},"author":392,"featured_media":7882,"comment_status":"open","ping_status":"open","sticky":false,"template":"","format":"standard","meta":{"_acf_changed":false,"footnotes":""},"categories":[76766],"tags":[],"class_list":["post-7881","post","type-post","status-publish","format-standard","has-post-thumbnail","hentry","category-blandat"],"acf":[],"yoast_head":"<!-- This site is optimized with the Yoast SEO plugin v27.1.1 - https:\/\/yoast.com\/product\/yoast-seo-wordpress\/ -->\n<title>9 blandade tankar p\u00e5 s\u00f6ndagen - Vandra V\u00e4gen<\/title>\n<meta name=\"robots\" content=\"index, follow, max-snippet:-1, max-image-preview:large, max-video-preview:-1\" \/>\n<link rel=\"canonical\" href=\"https:\/\/blogg.svenskakyrkan.se\/vandravagen\/2020\/05\/03\/9-blandade-tankar-pa-sondagen-106\/\" \/>\n<meta property=\"og:locale\" content=\"sv_SE\" \/>\n<meta property=\"og:type\" content=\"article\" \/>\n<meta property=\"og:title\" content=\"9 blandade tankar p\u00e5 s\u00f6ndagen - Vandra V\u00e4gen\" \/>\n<meta property=\"og:description\" content=\"1. Glad s\u00f6ndag k\u00e4ra l\u00e4sare! 2. Eftersom vi nu inte har n\u00e5gra gudstj\u00e4nster vare sig i f\u00f6rsamlingen d\u00e4r jag bor eller d\u00e4r jag arbetar s\u00e5 blir det varken predikstol eller kyrkb\u00e4nk idag f\u00f6r min del. 3. H\u00e4r \u00e4r i alla fall en gammal predikan (Vandra V\u00e4gen till Livet) p\u00e5 denna s\u00f6ndag som p\u00e5 n\u00e5got s\u00e4tt [&hellip;]\" \/>\n<meta property=\"og:url\" content=\"https:\/\/blogg.svenskakyrkan.se\/vandravagen\/2020\/05\/03\/9-blandade-tankar-pa-sondagen-106\/\" \/>\n<meta property=\"og:site_name\" content=\"Vandra V\u00e4gen\" \/>\n<meta property=\"article:publisher\" content=\"http:\/\/facebook.com\/vandravagen\" \/>\n<meta property=\"article:published_time\" content=\"2020-05-03T05:00:00+00:00\" \/>\n<meta property=\"og:image\" content=\"https:\/\/blogg.svenskakyrkan.se\/vandravagen\/files\/2020\/05\/IMG_4410.jpg\" \/>\n\t<meta property=\"og:image:width\" content=\"2016\" \/>\n\t<meta property=\"og:image:height\" content=\"1512\" \/>\n\t<meta property=\"og:image:type\" content=\"image\/jpeg\" \/>\n<meta name=\"author\" content=\"Tomas Jarvid\" \/>\n<meta name=\"twitter:card\" content=\"summary_large_image\" \/>\n<meta name=\"twitter:creator\" content=\"@fadertomas\" \/>\n<meta name=\"twitter:site\" content=\"@fadertomas\" \/>\n<meta name=\"twitter:label1\" content=\"Skriven av\" \/>\n\t<meta name=\"twitter:data1\" content=\"Tomas Jarvid\" \/>\n\t<meta name=\"twitter:label2\" content=\"Ber\u00e4knad l\u00e4stid\" \/>\n\t<meta name=\"twitter:data2\" content=\"2 minuter\" \/>\n<script type=\"application\/ld+json\" class=\"yoast-schema-graph\">{\"@context\":\"https:\/\/schema.org\",\"@graph\":[{\"@type\":\"Article\",\"@id\":\"https:\/\/blogg.svenskakyrkan.se\/vandravagen\/2020\/05\/03\/9-blandade-tankar-pa-sondagen-106\/#article\",\"isPartOf\":{\"@id\":\"https:\/\/blogg.svenskakyrkan.se\/vandravagen\/2020\/05\/03\/9-blandade-tankar-pa-sondagen-106\/\"},\"author\":{\"name\":\"Tomas Jarvid\",\"@id\":\"https:\/\/blogg.svenskakyrkan.se\/vandravagen\/#\/schema\/person\/25da02d4f76b137d04291711e2c9fc16\"},\"headline\":\"9 blandade tankar p\u00e5 s\u00f6ndagen\",\"datePublished\":\"2020-05-03T05:00:00+00:00\",\"mainEntityOfPage\":{\"@id\":\"https:\/\/blogg.svenskakyrkan.se\/vandravagen\/2020\/05\/03\/9-blandade-tankar-pa-sondagen-106\/\"},\"wordCount\":465,\"commentCount\":8,\"publisher\":{\"@id\":\"https:\/\/blogg.svenskakyrkan.se\/vandravagen\/#organization\"},\"image\":{\"@id\":\"https:\/\/blogg.svenskakyrkan.se\/vandravagen\/2020\/05\/03\/9-blandade-tankar-pa-sondagen-106\/#primaryimage\"},\"thumbnailUrl\":\"https:\/\/blogg.svenskakyrkan.se\/vandravagen\/files\/2020\/05\/IMG_4410.jpg\",\"articleSection\":[\"blandat\"],\"inLanguage\":\"sv-SE\",\"potentialAction\":[{\"@type\":\"CommentAction\",\"name\":\"Comment\",\"target\":[\"https:\/\/blogg.svenskakyrkan.se\/vandravagen\/2020\/05\/03\/9-blandade-tankar-pa-sondagen-106\/#respond\"]}]},{\"@type\":\"WebPage\",\"@id\":\"https:\/\/blogg.svenskakyrkan.se\/vandravagen\/2020\/05\/03\/9-blandade-tankar-pa-sondagen-106\/\",\"url\":\"https:\/\/blogg.svenskakyrkan.se\/vandravagen\/2020\/05\/03\/9-blandade-tankar-pa-sondagen-106\/\",\"name\":\"9 blandade tankar p\u00e5 s\u00f6ndagen - Vandra V\u00e4gen\",\"isPartOf\":{\"@id\":\"https:\/\/blogg.svenskakyrkan.se\/vandravagen\/#website\"},\"primaryImageOfPage\":{\"@id\":\"https:\/\/blogg.svenskakyrkan.se\/vandravagen\/2020\/05\/03\/9-blandade-tankar-pa-sondagen-106\/#primaryimage\"},\"image\":{\"@id\":\"https:\/\/blogg.svenskakyrkan.se\/vandravagen\/2020\/05\/03\/9-blandade-tankar-pa-sondagen-106\/#primaryimage\"},\"thumbnailUrl\":\"https:\/\/blogg.svenskakyrkan.se\/vandravagen\/files\/2020\/05\/IMG_4410.jpg\",\"datePublished\":\"2020-05-03T05:00:00+00:00\",\"breadcrumb\":{\"@id\":\"https:\/\/blogg.svenskakyrkan.se\/vandravagen\/2020\/05\/03\/9-blandade-tankar-pa-sondagen-106\/#breadcrumb\"},\"inLanguage\":\"sv-SE\",\"potentialAction\":[{\"@type\":\"ReadAction\",\"target\":[\"https:\/\/blogg.svenskakyrkan.se\/vandravagen\/2020\/05\/03\/9-blandade-tankar-pa-sondagen-106\/\"]}]},{\"@type\":\"ImageObject\",\"inLanguage\":\"sv-SE\",\"@id\":\"https:\/\/blogg.svenskakyrkan.se\/vandravagen\/2020\/05\/03\/9-blandade-tankar-pa-sondagen-106\/#primaryimage\",\"url\":\"https:\/\/blogg.svenskakyrkan.se\/vandravagen\/files\/2020\/05\/IMG_4410.jpg\",\"contentUrl\":\"https:\/\/blogg.svenskakyrkan.se\/vandravagen\/files\/2020\/05\/IMG_4410.jpg\",\"width\":2016,\"height\":1512},{\"@type\":\"BreadcrumbList\",\"@id\":\"https:\/\/blogg.svenskakyrkan.se\/vandravagen\/2020\/05\/03\/9-blandade-tankar-pa-sondagen-106\/#breadcrumb\",\"itemListElement\":[{\"@type\":\"ListItem\",\"position\":1,\"name\":\"Hem\",\"item\":\"https:\/\/blogg.svenskakyrkan.se\/vandravagen\/\"},{\"@type\":\"ListItem\",\"position\":2,\"name\":\"9 blandade tankar p\u00e5 s\u00f6ndagen\"}]},{\"@type\":\"WebSite\",\"@id\":\"https:\/\/blogg.svenskakyrkan.se\/vandravagen\/#website\",\"url\":\"https:\/\/blogg.svenskakyrkan.se\/vandravagen\/\",\"name\":\"Vandra V\u00e4gen\",\"description\":\"-Mot en tro f\u00f6r hela livet\",\"publisher\":{\"@id\":\"https:\/\/blogg.svenskakyrkan.se\/vandravagen\/#organization\"},\"potentialAction\":[{\"@type\":\"SearchAction\",\"target\":{\"@type\":\"EntryPoint\",\"urlTemplate\":\"https:\/\/blogg.svenskakyrkan.se\/vandravagen\/?s={search_term_string}\"},\"query-input\":{\"@type\":\"PropertyValueSpecification\",\"valueRequired\":true,\"valueName\":\"search_term_string\"}}],\"inLanguage\":\"sv-SE\"},{\"@type\":\"Organization\",\"@id\":\"https:\/\/blogg.svenskakyrkan.se\/vandravagen\/#organization\",\"name\":\"ulricehamns pastorat\",\"alternateName\":\"ulricehamns pastorat\",\"url\":\"https:\/\/blogg.svenskakyrkan.se\/vandravagen\/\",\"logo\":{\"@type\":\"ImageObject\",\"inLanguage\":\"sv-SE\",\"@id\":\"https:\/\/blogg.svenskakyrkan.se\/vandravagen\/#\/schema\/logo\/image\/\",\"url\":\"https:\/\/blogg.svenskakyrkan.se\/vandravagen\/files\/2023\/05\/Ulr_logo_RGB.png\",\"contentUrl\":\"https:\/\/blogg.svenskakyrkan.se\/vandravagen\/files\/2023\/05\/Ulr_logo_RGB.png\",\"width\":205,\"height\":77,\"caption\":\"ulricehamns pastorat\"},\"image\":{\"@id\":\"https:\/\/blogg.svenskakyrkan.se\/vandravagen\/#\/schema\/logo\/image\/\"},\"sameAs\":[\"http:\/\/facebook.com\/vandravagen\",\"https:\/\/x.com\/fadertomas\",\"http:\/\/www.facebook.com\/svenskakyrkaniulricehamn\"]},{\"@type\":\"Person\",\"@id\":\"https:\/\/blogg.svenskakyrkan.se\/vandravagen\/#\/schema\/person\/25da02d4f76b137d04291711e2c9fc16\",\"name\":\"Tomas Jarvid\",\"image\":{\"@type\":\"ImageObject\",\"inLanguage\":\"sv-SE\",\"@id\":\"https:\/\/blogg.svenskakyrkan.se\/vandravagen\/#\/schema\/person\/image\/\",\"url\":\"https:\/\/secure.gravatar.com\/avatar\/7fa71899795e8f540f615a1f5ab25255dc27aa40f05ee7ddd21aac521e01bf50?s=96&d=identicon&r=g\",\"contentUrl\":\"https:\/\/secure.gravatar.com\/avatar\/7fa71899795e8f540f615a1f5ab25255dc27aa40f05ee7ddd21aac521e01bf50?s=96&d=identicon&r=g\",\"caption\":\"Tomas Jarvid\"},\"description\":\"Jag bor i Ulricehamn i V\u00e4sterg\u00f6tland och \u00e4r f\u00f6rsamlingspr\u00e4st i Svenska Kyrkan f\u00f6r Dalstorps f\u00f6rsamling i Kinds pastorat. P\u00e5 den h\u00e4r bloggen skriver jag ner tankar om vandringen som kristen.\",\"sameAs\":[\"http:\/\/www.vandravagen.se\"],\"url\":\"https:\/\/blogg.svenskakyrkan.se\/vandravagen\/author\/vandravagen\/\"}]}<\/script>\n<!-- \/ Yoast SEO plugin. -->","yoast_head_json":{"title":"9 blandade tankar p\u00e5 s\u00f6ndagen - Vandra V\u00e4gen","robots":{"index":"index","follow":"follow","max-snippet":"max-snippet:-1","max-image-preview":"max-image-preview:large","max-video-preview":"max-video-preview:-1"},"canonical":"https:\/\/blogg.svenskakyrkan.se\/vandravagen\/2020\/05\/03\/9-blandade-tankar-pa-sondagen-106\/","og_locale":"sv_SE","og_type":"article","og_title":"9 blandade tankar p\u00e5 s\u00f6ndagen - Vandra V\u00e4gen","og_description":"1. Glad s\u00f6ndag k\u00e4ra l\u00e4sare! 2. Eftersom vi nu inte har n\u00e5gra gudstj\u00e4nster vare sig i f\u00f6rsamlingen d\u00e4r jag bor eller d\u00e4r jag arbetar s\u00e5 blir det varken predikstol eller kyrkb\u00e4nk idag f\u00f6r min del. 3. H\u00e4r \u00e4r i alla fall en gammal predikan (Vandra V\u00e4gen till Livet) p\u00e5 denna s\u00f6ndag som p\u00e5 n\u00e5got s\u00e4tt [&hellip;]","og_url":"https:\/\/blogg.svenskakyrkan.se\/vandravagen\/2020\/05\/03\/9-blandade-tankar-pa-sondagen-106\/","og_site_name":"Vandra V\u00e4gen","article_publisher":"http:\/\/facebook.com\/vandravagen","article_published_time":"2020-05-03T05:00:00+00:00","og_image":[{"width":2016,"height":1512,"url":"https:\/\/blogg.svenskakyrkan.se\/vandravagen\/files\/2020\/05\/IMG_4410.jpg","type":"image\/jpeg"}],"author":"Tomas Jarvid","twitter_card":"summary_large_image","twitter_creator":"@fadertomas","twitter_site":"@fadertomas","twitter_misc":{"Skriven av":"Tomas Jarvid","Ber\u00e4knad l\u00e4stid":"2 minuter"},"schema":{"@context":"https:\/\/schema.org","@graph":[{"@type":"Article","@id":"https:\/\/blogg.svenskakyrkan.se\/vandravagen\/2020\/05\/03\/9-blandade-tankar-pa-sondagen-106\/#article","isPartOf":{"@id":"https:\/\/blogg.svenskakyrkan.se\/vandravagen\/2020\/05\/03\/9-blandade-tankar-pa-sondagen-106\/"},"author":{"name":"Tomas Jarvid","@id":"https:\/\/blogg.svenskakyrkan.se\/vandravagen\/#\/schema\/person\/25da02d4f76b137d04291711e2c9fc16"},"headline":"9 blandade tankar p\u00e5 s\u00f6ndagen","datePublished":"2020-05-03T05:00:00+00:00","mainEntityOfPage":{"@id":"https:\/\/blogg.svenskakyrkan.se\/vandravagen\/2020\/05\/03\/9-blandade-tankar-pa-sondagen-106\/"},"wordCount":465,"commentCount":8,"publisher":{"@id":"https:\/\/blogg.svenskakyrkan.se\/vandravagen\/#organization"},"image":{"@id":"https:\/\/blogg.svenskakyrkan.se\/vandravagen\/2020\/05\/03\/9-blandade-tankar-pa-sondagen-106\/#primaryimage"},"thumbnailUrl":"https:\/\/blogg.svenskakyrkan.se\/vandravagen\/files\/2020\/05\/IMG_4410.jpg","articleSection":["blandat"],"inLanguage":"sv-SE","potentialAction":[{"@type":"CommentAction","name":"Comment","target":["https:\/\/blogg.svenskakyrkan.se\/vandravagen\/2020\/05\/03\/9-blandade-tankar-pa-sondagen-106\/#respond"]}]},{"@type":"WebPage","@id":"https:\/\/blogg.svenskakyrkan.se\/vandravagen\/2020\/05\/03\/9-blandade-tankar-pa-sondagen-106\/","url":"https:\/\/blogg.svenskakyrkan.se\/vandravagen\/2020\/05\/03\/9-blandade-tankar-pa-sondagen-106\/","name":"9 blandade tankar p\u00e5 s\u00f6ndagen - Vandra V\u00e4gen","isPartOf":{"@id":"https:\/\/blogg.svenskakyrkan.se\/vandravagen\/#website"},"primaryImageOfPage":{"@id":"https:\/\/blogg.svenskakyrkan.se\/vandravagen\/2020\/05\/03\/9-blandade-tankar-pa-sondagen-106\/#primaryimage"},"image":{"@id":"https:\/\/blogg.svenskakyrkan.se\/vandravagen\/2020\/05\/03\/9-blandade-tankar-pa-sondagen-106\/#primaryimage"},"thumbnailUrl":"https:\/\/blogg.svenskakyrkan.se\/vandravagen\/files\/2020\/05\/IMG_4410.jpg","datePublished":"2020-05-03T05:00:00+00:00","breadcrumb":{"@id":"https:\/\/blogg.svenskakyrkan.se\/vandravagen\/2020\/05\/03\/9-blandade-tankar-pa-sondagen-106\/#breadcrumb"},"inLanguage":"sv-SE","potentialAction":[{"@type":"ReadAction","target":["https:\/\/blogg.svenskakyrkan.se\/vandravagen\/2020\/05\/03\/9-blandade-tankar-pa-sondagen-106\/"]}]},{"@type":"ImageObject","inLanguage":"sv-SE","@id":"https:\/\/blogg.svenskakyrkan.se\/vandravagen\/2020\/05\/03\/9-blandade-tankar-pa-sondagen-106\/#primaryimage","url":"https:\/\/blogg.svenskakyrkan.se\/vandravagen\/files\/2020\/05\/IMG_4410.jpg","contentUrl":"https:\/\/blogg.svenskakyrkan.se\/vandravagen\/files\/2020\/05\/IMG_4410.jpg","width":2016,"height":1512},{"@type":"BreadcrumbList","@id":"https:\/\/blogg.svenskakyrkan.se\/vandravagen\/2020\/05\/03\/9-blandade-tankar-pa-sondagen-106\/#breadcrumb","itemListElement":[{"@type":"ListItem","position":1,"name":"Hem","item":"https:\/\/blogg.svenskakyrkan.se\/vandravagen\/"},{"@type":"ListItem","position":2,"name":"9 blandade tankar p\u00e5 s\u00f6ndagen"}]},{"@type":"WebSite","@id":"https:\/\/blogg.svenskakyrkan.se\/vandravagen\/#website","url":"https:\/\/blogg.svenskakyrkan.se\/vandravagen\/","name":"Vandra V\u00e4gen","description":"-Mot en tro f\u00f6r hela livet","publisher":{"@id":"https:\/\/blogg.svenskakyrkan.se\/vandravagen\/#organization"},"potentialAction":[{"@type":"SearchAction","target":{"@type":"EntryPoint","urlTemplate":"https:\/\/blogg.svenskakyrkan.se\/vandravagen\/?s={search_term_string}"},"query-input":{"@type":"PropertyValueSpecification","valueRequired":true,"valueName":"search_term_string"}}],"inLanguage":"sv-SE"},{"@type":"Organization","@id":"https:\/\/blogg.svenskakyrkan.se\/vandravagen\/#organization","name":"ulricehamns pastorat","alternateName":"ulricehamns pastorat","url":"https:\/\/blogg.svenskakyrkan.se\/vandravagen\/","logo":{"@type":"ImageObject","inLanguage":"sv-SE","@id":"https:\/\/blogg.svenskakyrkan.se\/vandravagen\/#\/schema\/logo\/image\/","url":"https:\/\/blogg.svenskakyrkan.se\/vandravagen\/files\/2023\/05\/Ulr_logo_RGB.png","contentUrl":"https:\/\/blogg.svenskakyrkan.se\/vandravagen\/files\/2023\/05\/Ulr_logo_RGB.png","width":205,"height":77,"caption":"ulricehamns pastorat"},"image":{"@id":"https:\/\/blogg.svenskakyrkan.se\/vandravagen\/#\/schema\/logo\/image\/"},"sameAs":["http:\/\/facebook.com\/vandravagen","https:\/\/x.com\/fadertomas","http:\/\/www.facebook.com\/svenskakyrkaniulricehamn"]},{"@type":"Person","@id":"https:\/\/blogg.svenskakyrkan.se\/vandravagen\/#\/schema\/person\/25da02d4f76b137d04291711e2c9fc16","name":"Tomas Jarvid","image":{"@type":"ImageObject","inLanguage":"sv-SE","@id":"https:\/\/blogg.svenskakyrkan.se\/vandravagen\/#\/schema\/person\/image\/","url":"https:\/\/secure.gravatar.com\/avatar\/7fa71899795e8f540f615a1f5ab25255dc27aa40f05ee7ddd21aac521e01bf50?s=96&d=identicon&r=g","contentUrl":"https:\/\/secure.gravatar.com\/avatar\/7fa71899795e8f540f615a1f5ab25255dc27aa40f05ee7ddd21aac521e01bf50?s=96&d=identicon&r=g","caption":"Tomas Jarvid"},"description":"Jag bor i Ulricehamn i V\u00e4sterg\u00f6tland och \u00e4r f\u00f6rsamlingspr\u00e4st i Svenska Kyrkan f\u00f6r Dalstorps f\u00f6rsamling i Kinds pastorat. P\u00e5 den h\u00e4r bloggen skriver jag ner tankar om vandringen som kristen.","sameAs":["http:\/\/www.vandravagen.se"],"url":"https:\/\/blogg.svenskakyrkan.se\/vandravagen\/author\/vandravagen\/"}]}},"author_meta":{"ID":"392","user_nicename":"vandravagen","user_url":"http:\/\/www.vandravagen.se","user_registered":"2014-05-19 05:44:52","display_name":"Tomas Jarvid","first_name":"Tomas","last_name":"Jarvid","avatar":"https:\/\/secure.gravatar.com\/avatar\/7fa71899795e8f540f615a1f5ab25255dc27aa40f05ee7ddd21aac521e01bf50?s=96&d=identicon&r=g"},"featured_image":["https:\/\/blogg.svenskakyrkan.se\/vandravagen\/files\/2020\/05\/IMG_4410-1024x768.jpg",1024,768,true],"bloginfo":{"name":"Vandra V\u00e4gen","url":"https:\/\/blogg.svenskakyrkan.se\/vandravagen"},"_links":{"self":[{"href":"https:\/\/blogg.svenskakyrkan.se\/vandravagen\/wp-json\/wp\/v2\/posts\/7881","targetHints":{"allow":["GET"]}}],"collection":[{"href":"https:\/\/blogg.svenskakyrkan.se\/vandravagen\/wp-json\/wp\/v2\/posts"}],"about":[{"href":"https:\/\/blogg.svenskakyrkan.se\/vandravagen\/wp-json\/wp\/v2\/types\/post"}],"author":[{"embeddable":true,"href":"https:\/\/blogg.svenskakyrkan.se\/vandravagen\/wp-json\/wp\/v2\/users\/392"}],"replies":[{"embeddable":true,"href":"https:\/\/blogg.svenskakyrkan.se\/vandravagen\/wp-json\/wp\/v2\/comments?post=7881"}],"version-history":[{"count":1,"href":"https:\/\/blogg.svenskakyrkan.se\/vandravagen\/wp-json\/wp\/v2\/posts\/7881\/revisions"}],"predecessor-version":[{"id":7883,"href":"https:\/\/blogg.svenskakyrkan.se\/vandravagen\/wp-json\/wp\/v2\/posts\/7881\/revisions\/7883"}],"wp:featuredmedia":[{"embeddable":true,"href":"https:\/\/blogg.svenskakyrkan.se\/vandravagen\/wp-json\/wp\/v2\/media\/7882"}],"wp:attachment":[{"href":"https:\/\/blogg.svenskakyrkan.se\/vandravagen\/wp-json\/wp\/v2\/media?parent=7881"}],"wp:term":[{"taxonomy":"category","embeddable":true,"href":"https:\/\/blogg.svenskakyrkan.se\/vandravagen\/wp-json\/wp\/v2\/categories?post=7881"},{"taxonomy":"post_tag","embeddable":true,"href":"https:\/\/blogg.svenskakyrkan.se\/vandravagen\/wp-json\/wp\/v2\/tags?post=7881"}],"curies":[{"name":"wp","href":"https:\/\/api.w.org\/{rel}","templated":true}]}}