{"id":7893,"date":"2020-05-10T07:00:00","date_gmt":"2020-05-10T05:00:00","guid":{"rendered":"http:\/\/blogg.svenskakyrkan.se\/vandravagen\/?p=7893"},"modified":"2020-05-09T21:06:18","modified_gmt":"2020-05-09T19:06:18","slug":"9-blandade-tankar-pa-sondagen-107","status":"publish","type":"post","link":"https:\/\/blogg.svenskakyrkan.se\/vandravagen\/2020\/05\/10\/9-blandade-tankar-pa-sondagen-107\/","title":{"rendered":"9 blandade tankar p\u00e5 s\u00f6ndagen"},"content":{"rendered":"\n\n\n<figure class=\"wp-block-image size-large\"><img loading=\"lazy\" decoding=\"async\" width=\"723\" height=\"944\" src=\"https:\/\/blogg.svenskakyrkan.se\/vandravagen\/files\/2020\/05\/maj.jpg\" alt=\"\" class=\"wp-image-7894\" srcset=\"https:\/\/blogg.svenskakyrkan.se\/vandravagen\/files\/2020\/05\/maj.jpg 723w, https:\/\/blogg.svenskakyrkan.se\/vandravagen\/files\/2020\/05\/maj-300x392.jpg 300w\" sizes=\"auto, (max-width: 723px) 100vw, 723px\" \/><figcaption>Maj \u00e4r h\u00e4r och kommer med v\u00e5ren!<\/figcaption><\/figure>\n\n\n\n<p>1. Glad s\u00f6ndag, k\u00e4ra l\u00e4sare!<\/p>\n\n\n\n<p>2. Efter en otroligt t\u00e4tbloggad april har det nu stannat av r\u00e4tt bra med bloggposter h\u00e4r men frukta inte, det finns grejer p\u00e5 g\u00e5ng f\u00f6rst\u00e5s.<\/p>\n\n\n\n<p>3. Idag \u00e4r det femte s\u00f6ndagen i p\u00e5sktiden. I Dalstorps f\u00f6rsamling har vi nu \u00e4ven b\u00f6rjat med att kyrkan (Dalstorps kyrka dvs) \u00e4r \u00f6ppen f\u00f6r enskild andakt och samtal p\u00e5 s\u00f6ndagar kl 11 s\u00e5 nu kommer jag sitta i kyrkan som vanligt kl 11 f\u00f6r den som dyker upp. Jag ska ocks\u00e5 tr\u00e4ffa v\u00e5r lilla fina konfirmandgrupp idag och laga mat ute.<\/p>\n\n\n\n<p>4. Jag har inte m\u00e4ktat med att g\u00f6ra n\u00e5gon egen filmandakt den h\u00e4r veckan f\u00f6r jag har varit filmare \u00e5t kollegorna i L\u00e4nghem (och \u00e4n en g\u00e5ng slitit med att ordna textningen). \u00c4nd\u00e5 roligt att steg f\u00f6r steg l\u00e4ra sig fler knep i filmkonsten.<\/p>\n\n\n\n<figure class=\"wp-block-embed-vimeo wp-block-embed is-type-video is-provider-vimeo wp-embed-aspect-16-9 wp-has-aspect-ratio\"><div class=\"wp-block-embed__wrapper\">\nhttps:\/\/vimeo.com\/416421920\n<\/div><\/figure>\n\n\n\n<p>5. Annars \u00e4r det mycket cyklande h\u00e4r med olika stora barn som f\u00e5r ta nya utvecklingssteg. Antar att det blir mycket cykel och kanot i sommar (det \u00e4r ju coronas\u00e4kra aktiviteter) s\u00e5 det \u00e4r lika bra att inr\u00e4tta efter det.<\/p>\n\n\n\n<p>6. L\u00e4rde mig just att det finns &#8221;ted-talks&#8221; om teologi: &#8221;TheoEd&#8221;. R\u00e4tt coolt. F\u00e5r ha det som dr\u00f6m eller n\u00e5t.<\/p>\n\n\n\n<p>7. Nu b\u00f6rjar det vara s\u00e5 l\u00e5ngt in p\u00e5 v\u00e5ren att det kan f\u00e5 vara varmt p\u00e5 dagen utan att det mest ska k\u00e4nnas l\u00e4skigt.<\/p>\n\n\n\n<p>8. Det \u00e4r s\u00e5 extra tydligt hur mycket det egentligen finns att g\u00f6ra i f\u00f6rsamlingen och hur lite jag hinner. Men fint just nu att ringa runt mer \u00e4n vanligt f\u00f6r att h\u00f6ra hur folk har det. Det och b\u00f6nen \u00e4r n\u00e5got att ta vara p\u00e5 f\u00f6r gott.<\/p>\n\n\n\n<p>9. Vad g\u00f6r du idag? Skriv en rad och ber\u00e4tta!<\/p>\n","protected":false},"excerpt":{"rendered":"<p>1. Glad s\u00f6ndag, k\u00e4ra l\u00e4sare! 2. Efter en otroligt t\u00e4tbloggad april har det nu stannat av r\u00e4tt bra med bloggposter h\u00e4r men frukta inte, det finns grejer p\u00e5 g\u00e5ng f\u00f6rst\u00e5s. 3. Idag \u00e4r det femte s\u00f6ndagen i p\u00e5sktiden. I Dalstorps f\u00f6rsamling har vi nu \u00e4ven b\u00f6rjat med att kyrkan (Dalstorps kyrka dvs) \u00e4r \u00f6ppen f\u00f6r [&hellip;]<\/p>\n","protected":false},"author":392,"featured_media":7894,"comment_status":"open","ping_status":"open","sticky":false,"template":"","format":"standard","meta":{"_acf_changed":false,"footnotes":""},"categories":[76766],"tags":[],"class_list":["post-7893","post","type-post","status-publish","format-standard","has-post-thumbnail","hentry","category-blandat"],"acf":[],"yoast_head":"<!-- This site is optimized with the Yoast SEO plugin v27.1.1 - https:\/\/yoast.com\/product\/yoast-seo-wordpress\/ -->\n<title>9 blandade tankar p\u00e5 s\u00f6ndagen - Vandra V\u00e4gen<\/title>\n<meta name=\"robots\" content=\"index, follow, max-snippet:-1, max-image-preview:large, max-video-preview:-1\" \/>\n<link rel=\"canonical\" href=\"https:\/\/blogg.svenskakyrkan.se\/vandravagen\/2020\/05\/10\/9-blandade-tankar-pa-sondagen-107\/\" \/>\n<meta property=\"og:locale\" content=\"sv_SE\" \/>\n<meta property=\"og:type\" content=\"article\" \/>\n<meta property=\"og:title\" content=\"9 blandade tankar p\u00e5 s\u00f6ndagen - Vandra V\u00e4gen\" \/>\n<meta property=\"og:description\" content=\"1. Glad s\u00f6ndag, k\u00e4ra l\u00e4sare! 2. Efter en otroligt t\u00e4tbloggad april har det nu stannat av r\u00e4tt bra med bloggposter h\u00e4r men frukta inte, det finns grejer p\u00e5 g\u00e5ng f\u00f6rst\u00e5s. 3. Idag \u00e4r det femte s\u00f6ndagen i p\u00e5sktiden. I Dalstorps f\u00f6rsamling har vi nu \u00e4ven b\u00f6rjat med att kyrkan (Dalstorps kyrka dvs) \u00e4r \u00f6ppen f\u00f6r [&hellip;]\" \/>\n<meta property=\"og:url\" content=\"https:\/\/blogg.svenskakyrkan.se\/vandravagen\/2020\/05\/10\/9-blandade-tankar-pa-sondagen-107\/\" \/>\n<meta property=\"og:site_name\" content=\"Vandra V\u00e4gen\" \/>\n<meta property=\"article:publisher\" content=\"http:\/\/facebook.com\/vandravagen\" \/>\n<meta property=\"article:published_time\" content=\"2020-05-10T05:00:00+00:00\" \/>\n<meta property=\"og:image\" content=\"https:\/\/blogg.svenskakyrkan.se\/vandravagen\/files\/2020\/05\/maj.jpg\" \/>\n\t<meta property=\"og:image:width\" content=\"723\" \/>\n\t<meta property=\"og:image:height\" content=\"944\" \/>\n\t<meta property=\"og:image:type\" content=\"image\/jpeg\" \/>\n<meta name=\"author\" content=\"Tomas Jarvid\" \/>\n<meta name=\"twitter:card\" content=\"summary_large_image\" \/>\n<meta name=\"twitter:creator\" content=\"@fadertomas\" \/>\n<meta name=\"twitter:site\" content=\"@fadertomas\" \/>\n<meta name=\"twitter:label1\" content=\"Skriven av\" \/>\n\t<meta name=\"twitter:data1\" content=\"Tomas Jarvid\" \/>\n\t<meta name=\"twitter:label2\" content=\"Ber\u00e4knad l\u00e4stid\" \/>\n\t<meta name=\"twitter:data2\" content=\"2 minuter\" \/>\n<script type=\"application\/ld+json\" class=\"yoast-schema-graph\">{\"@context\":\"https:\/\/schema.org\",\"@graph\":[{\"@type\":\"Article\",\"@id\":\"https:\/\/blogg.svenskakyrkan.se\/vandravagen\/2020\/05\/10\/9-blandade-tankar-pa-sondagen-107\/#article\",\"isPartOf\":{\"@id\":\"https:\/\/blogg.svenskakyrkan.se\/vandravagen\/2020\/05\/10\/9-blandade-tankar-pa-sondagen-107\/\"},\"author\":{\"name\":\"Tomas Jarvid\",\"@id\":\"https:\/\/blogg.svenskakyrkan.se\/vandravagen\/#\/schema\/person\/25da02d4f76b137d04291711e2c9fc16\"},\"headline\":\"9 blandade tankar p\u00e5 s\u00f6ndagen\",\"datePublished\":\"2020-05-10T05:00:00+00:00\",\"mainEntityOfPage\":{\"@id\":\"https:\/\/blogg.svenskakyrkan.se\/vandravagen\/2020\/05\/10\/9-blandade-tankar-pa-sondagen-107\/\"},\"wordCount\":335,\"commentCount\":4,\"publisher\":{\"@id\":\"https:\/\/blogg.svenskakyrkan.se\/vandravagen\/#organization\"},\"image\":{\"@id\":\"https:\/\/blogg.svenskakyrkan.se\/vandravagen\/2020\/05\/10\/9-blandade-tankar-pa-sondagen-107\/#primaryimage\"},\"thumbnailUrl\":\"https:\/\/blogg.svenskakyrkan.se\/vandravagen\/files\/2020\/05\/maj.jpg\",\"articleSection\":[\"blandat\"],\"inLanguage\":\"sv-SE\",\"potentialAction\":[{\"@type\":\"CommentAction\",\"name\":\"Comment\",\"target\":[\"https:\/\/blogg.svenskakyrkan.se\/vandravagen\/2020\/05\/10\/9-blandade-tankar-pa-sondagen-107\/#respond\"]}]},{\"@type\":\"WebPage\",\"@id\":\"https:\/\/blogg.svenskakyrkan.se\/vandravagen\/2020\/05\/10\/9-blandade-tankar-pa-sondagen-107\/\",\"url\":\"https:\/\/blogg.svenskakyrkan.se\/vandravagen\/2020\/05\/10\/9-blandade-tankar-pa-sondagen-107\/\",\"name\":\"9 blandade tankar p\u00e5 s\u00f6ndagen - Vandra V\u00e4gen\",\"isPartOf\":{\"@id\":\"https:\/\/blogg.svenskakyrkan.se\/vandravagen\/#website\"},\"primaryImageOfPage\":{\"@id\":\"https:\/\/blogg.svenskakyrkan.se\/vandravagen\/2020\/05\/10\/9-blandade-tankar-pa-sondagen-107\/#primaryimage\"},\"image\":{\"@id\":\"https:\/\/blogg.svenskakyrkan.se\/vandravagen\/2020\/05\/10\/9-blandade-tankar-pa-sondagen-107\/#primaryimage\"},\"thumbnailUrl\":\"https:\/\/blogg.svenskakyrkan.se\/vandravagen\/files\/2020\/05\/maj.jpg\",\"datePublished\":\"2020-05-10T05:00:00+00:00\",\"breadcrumb\":{\"@id\":\"https:\/\/blogg.svenskakyrkan.se\/vandravagen\/2020\/05\/10\/9-blandade-tankar-pa-sondagen-107\/#breadcrumb\"},\"inLanguage\":\"sv-SE\",\"potentialAction\":[{\"@type\":\"ReadAction\",\"target\":[\"https:\/\/blogg.svenskakyrkan.se\/vandravagen\/2020\/05\/10\/9-blandade-tankar-pa-sondagen-107\/\"]}]},{\"@type\":\"ImageObject\",\"inLanguage\":\"sv-SE\",\"@id\":\"https:\/\/blogg.svenskakyrkan.se\/vandravagen\/2020\/05\/10\/9-blandade-tankar-pa-sondagen-107\/#primaryimage\",\"url\":\"https:\/\/blogg.svenskakyrkan.se\/vandravagen\/files\/2020\/05\/maj.jpg\",\"contentUrl\":\"https:\/\/blogg.svenskakyrkan.se\/vandravagen\/files\/2020\/05\/maj.jpg\",\"width\":723,\"height\":944},{\"@type\":\"BreadcrumbList\",\"@id\":\"https:\/\/blogg.svenskakyrkan.se\/vandravagen\/2020\/05\/10\/9-blandade-tankar-pa-sondagen-107\/#breadcrumb\",\"itemListElement\":[{\"@type\":\"ListItem\",\"position\":1,\"name\":\"Hem\",\"item\":\"https:\/\/blogg.svenskakyrkan.se\/vandravagen\/\"},{\"@type\":\"ListItem\",\"position\":2,\"name\":\"9 blandade tankar p\u00e5 s\u00f6ndagen\"}]},{\"@type\":\"WebSite\",\"@id\":\"https:\/\/blogg.svenskakyrkan.se\/vandravagen\/#website\",\"url\":\"https:\/\/blogg.svenskakyrkan.se\/vandravagen\/\",\"name\":\"Vandra V\u00e4gen\",\"description\":\"-Mot en tro f\u00f6r hela livet\",\"publisher\":{\"@id\":\"https:\/\/blogg.svenskakyrkan.se\/vandravagen\/#organization\"},\"potentialAction\":[{\"@type\":\"SearchAction\",\"target\":{\"@type\":\"EntryPoint\",\"urlTemplate\":\"https:\/\/blogg.svenskakyrkan.se\/vandravagen\/?s={search_term_string}\"},\"query-input\":{\"@type\":\"PropertyValueSpecification\",\"valueRequired\":true,\"valueName\":\"search_term_string\"}}],\"inLanguage\":\"sv-SE\"},{\"@type\":\"Organization\",\"@id\":\"https:\/\/blogg.svenskakyrkan.se\/vandravagen\/#organization\",\"name\":\"ulricehamns pastorat\",\"alternateName\":\"ulricehamns pastorat\",\"url\":\"https:\/\/blogg.svenskakyrkan.se\/vandravagen\/\",\"logo\":{\"@type\":\"ImageObject\",\"inLanguage\":\"sv-SE\",\"@id\":\"https:\/\/blogg.svenskakyrkan.se\/vandravagen\/#\/schema\/logo\/image\/\",\"url\":\"https:\/\/blogg.svenskakyrkan.se\/vandravagen\/files\/2023\/05\/Ulr_logo_RGB.png\",\"contentUrl\":\"https:\/\/blogg.svenskakyrkan.se\/vandravagen\/files\/2023\/05\/Ulr_logo_RGB.png\",\"width\":205,\"height\":77,\"caption\":\"ulricehamns pastorat\"},\"image\":{\"@id\":\"https:\/\/blogg.svenskakyrkan.se\/vandravagen\/#\/schema\/logo\/image\/\"},\"sameAs\":[\"http:\/\/facebook.com\/vandravagen\",\"https:\/\/x.com\/fadertomas\",\"http:\/\/www.facebook.com\/svenskakyrkaniulricehamn\"]},{\"@type\":\"Person\",\"@id\":\"https:\/\/blogg.svenskakyrkan.se\/vandravagen\/#\/schema\/person\/25da02d4f76b137d04291711e2c9fc16\",\"name\":\"Tomas Jarvid\",\"image\":{\"@type\":\"ImageObject\",\"inLanguage\":\"sv-SE\",\"@id\":\"https:\/\/blogg.svenskakyrkan.se\/vandravagen\/#\/schema\/person\/image\/\",\"url\":\"https:\/\/secure.gravatar.com\/avatar\/7fa71899795e8f540f615a1f5ab25255dc27aa40f05ee7ddd21aac521e01bf50?s=96&d=identicon&r=g\",\"contentUrl\":\"https:\/\/secure.gravatar.com\/avatar\/7fa71899795e8f540f615a1f5ab25255dc27aa40f05ee7ddd21aac521e01bf50?s=96&d=identicon&r=g\",\"caption\":\"Tomas Jarvid\"},\"description\":\"Jag bor i Ulricehamn i V\u00e4sterg\u00f6tland och \u00e4r f\u00f6rsamlingspr\u00e4st i Svenska Kyrkan f\u00f6r Dalstorps f\u00f6rsamling i Kinds pastorat. P\u00e5 den h\u00e4r bloggen skriver jag ner tankar om vandringen som kristen.\",\"sameAs\":[\"http:\/\/www.vandravagen.se\"],\"url\":\"https:\/\/blogg.svenskakyrkan.se\/vandravagen\/author\/vandravagen\/\"}]}<\/script>\n<!-- \/ Yoast SEO plugin. -->","yoast_head_json":{"title":"9 blandade tankar p\u00e5 s\u00f6ndagen - Vandra V\u00e4gen","robots":{"index":"index","follow":"follow","max-snippet":"max-snippet:-1","max-image-preview":"max-image-preview:large","max-video-preview":"max-video-preview:-1"},"canonical":"https:\/\/blogg.svenskakyrkan.se\/vandravagen\/2020\/05\/10\/9-blandade-tankar-pa-sondagen-107\/","og_locale":"sv_SE","og_type":"article","og_title":"9 blandade tankar p\u00e5 s\u00f6ndagen - Vandra V\u00e4gen","og_description":"1. Glad s\u00f6ndag, k\u00e4ra l\u00e4sare! 2. Efter en otroligt t\u00e4tbloggad april har det nu stannat av r\u00e4tt bra med bloggposter h\u00e4r men frukta inte, det finns grejer p\u00e5 g\u00e5ng f\u00f6rst\u00e5s. 3. Idag \u00e4r det femte s\u00f6ndagen i p\u00e5sktiden. I Dalstorps f\u00f6rsamling har vi nu \u00e4ven b\u00f6rjat med att kyrkan (Dalstorps kyrka dvs) \u00e4r \u00f6ppen f\u00f6r [&hellip;]","og_url":"https:\/\/blogg.svenskakyrkan.se\/vandravagen\/2020\/05\/10\/9-blandade-tankar-pa-sondagen-107\/","og_site_name":"Vandra V\u00e4gen","article_publisher":"http:\/\/facebook.com\/vandravagen","article_published_time":"2020-05-10T05:00:00+00:00","og_image":[{"width":723,"height":944,"url":"https:\/\/blogg.svenskakyrkan.se\/vandravagen\/files\/2020\/05\/maj.jpg","type":"image\/jpeg"}],"author":"Tomas Jarvid","twitter_card":"summary_large_image","twitter_creator":"@fadertomas","twitter_site":"@fadertomas","twitter_misc":{"Skriven av":"Tomas Jarvid","Ber\u00e4knad l\u00e4stid":"2 minuter"},"schema":{"@context":"https:\/\/schema.org","@graph":[{"@type":"Article","@id":"https:\/\/blogg.svenskakyrkan.se\/vandravagen\/2020\/05\/10\/9-blandade-tankar-pa-sondagen-107\/#article","isPartOf":{"@id":"https:\/\/blogg.svenskakyrkan.se\/vandravagen\/2020\/05\/10\/9-blandade-tankar-pa-sondagen-107\/"},"author":{"name":"Tomas Jarvid","@id":"https:\/\/blogg.svenskakyrkan.se\/vandravagen\/#\/schema\/person\/25da02d4f76b137d04291711e2c9fc16"},"headline":"9 blandade tankar p\u00e5 s\u00f6ndagen","datePublished":"2020-05-10T05:00:00+00:00","mainEntityOfPage":{"@id":"https:\/\/blogg.svenskakyrkan.se\/vandravagen\/2020\/05\/10\/9-blandade-tankar-pa-sondagen-107\/"},"wordCount":335,"commentCount":4,"publisher":{"@id":"https:\/\/blogg.svenskakyrkan.se\/vandravagen\/#organization"},"image":{"@id":"https:\/\/blogg.svenskakyrkan.se\/vandravagen\/2020\/05\/10\/9-blandade-tankar-pa-sondagen-107\/#primaryimage"},"thumbnailUrl":"https:\/\/blogg.svenskakyrkan.se\/vandravagen\/files\/2020\/05\/maj.jpg","articleSection":["blandat"],"inLanguage":"sv-SE","potentialAction":[{"@type":"CommentAction","name":"Comment","target":["https:\/\/blogg.svenskakyrkan.se\/vandravagen\/2020\/05\/10\/9-blandade-tankar-pa-sondagen-107\/#respond"]}]},{"@type":"WebPage","@id":"https:\/\/blogg.svenskakyrkan.se\/vandravagen\/2020\/05\/10\/9-blandade-tankar-pa-sondagen-107\/","url":"https:\/\/blogg.svenskakyrkan.se\/vandravagen\/2020\/05\/10\/9-blandade-tankar-pa-sondagen-107\/","name":"9 blandade tankar p\u00e5 s\u00f6ndagen - Vandra V\u00e4gen","isPartOf":{"@id":"https:\/\/blogg.svenskakyrkan.se\/vandravagen\/#website"},"primaryImageOfPage":{"@id":"https:\/\/blogg.svenskakyrkan.se\/vandravagen\/2020\/05\/10\/9-blandade-tankar-pa-sondagen-107\/#primaryimage"},"image":{"@id":"https:\/\/blogg.svenskakyrkan.se\/vandravagen\/2020\/05\/10\/9-blandade-tankar-pa-sondagen-107\/#primaryimage"},"thumbnailUrl":"https:\/\/blogg.svenskakyrkan.se\/vandravagen\/files\/2020\/05\/maj.jpg","datePublished":"2020-05-10T05:00:00+00:00","breadcrumb":{"@id":"https:\/\/blogg.svenskakyrkan.se\/vandravagen\/2020\/05\/10\/9-blandade-tankar-pa-sondagen-107\/#breadcrumb"},"inLanguage":"sv-SE","potentialAction":[{"@type":"ReadAction","target":["https:\/\/blogg.svenskakyrkan.se\/vandravagen\/2020\/05\/10\/9-blandade-tankar-pa-sondagen-107\/"]}]},{"@type":"ImageObject","inLanguage":"sv-SE","@id":"https:\/\/blogg.svenskakyrkan.se\/vandravagen\/2020\/05\/10\/9-blandade-tankar-pa-sondagen-107\/#primaryimage","url":"https:\/\/blogg.svenskakyrkan.se\/vandravagen\/files\/2020\/05\/maj.jpg","contentUrl":"https:\/\/blogg.svenskakyrkan.se\/vandravagen\/files\/2020\/05\/maj.jpg","width":723,"height":944},{"@type":"BreadcrumbList","@id":"https:\/\/blogg.svenskakyrkan.se\/vandravagen\/2020\/05\/10\/9-blandade-tankar-pa-sondagen-107\/#breadcrumb","itemListElement":[{"@type":"ListItem","position":1,"name":"Hem","item":"https:\/\/blogg.svenskakyrkan.se\/vandravagen\/"},{"@type":"ListItem","position":2,"name":"9 blandade tankar p\u00e5 s\u00f6ndagen"}]},{"@type":"WebSite","@id":"https:\/\/blogg.svenskakyrkan.se\/vandravagen\/#website","url":"https:\/\/blogg.svenskakyrkan.se\/vandravagen\/","name":"Vandra V\u00e4gen","description":"-Mot en tro f\u00f6r hela livet","publisher":{"@id":"https:\/\/blogg.svenskakyrkan.se\/vandravagen\/#organization"},"potentialAction":[{"@type":"SearchAction","target":{"@type":"EntryPoint","urlTemplate":"https:\/\/blogg.svenskakyrkan.se\/vandravagen\/?s={search_term_string}"},"query-input":{"@type":"PropertyValueSpecification","valueRequired":true,"valueName":"search_term_string"}}],"inLanguage":"sv-SE"},{"@type":"Organization","@id":"https:\/\/blogg.svenskakyrkan.se\/vandravagen\/#organization","name":"ulricehamns pastorat","alternateName":"ulricehamns pastorat","url":"https:\/\/blogg.svenskakyrkan.se\/vandravagen\/","logo":{"@type":"ImageObject","inLanguage":"sv-SE","@id":"https:\/\/blogg.svenskakyrkan.se\/vandravagen\/#\/schema\/logo\/image\/","url":"https:\/\/blogg.svenskakyrkan.se\/vandravagen\/files\/2023\/05\/Ulr_logo_RGB.png","contentUrl":"https:\/\/blogg.svenskakyrkan.se\/vandravagen\/files\/2023\/05\/Ulr_logo_RGB.png","width":205,"height":77,"caption":"ulricehamns pastorat"},"image":{"@id":"https:\/\/blogg.svenskakyrkan.se\/vandravagen\/#\/schema\/logo\/image\/"},"sameAs":["http:\/\/facebook.com\/vandravagen","https:\/\/x.com\/fadertomas","http:\/\/www.facebook.com\/svenskakyrkaniulricehamn"]},{"@type":"Person","@id":"https:\/\/blogg.svenskakyrkan.se\/vandravagen\/#\/schema\/person\/25da02d4f76b137d04291711e2c9fc16","name":"Tomas Jarvid","image":{"@type":"ImageObject","inLanguage":"sv-SE","@id":"https:\/\/blogg.svenskakyrkan.se\/vandravagen\/#\/schema\/person\/image\/","url":"https:\/\/secure.gravatar.com\/avatar\/7fa71899795e8f540f615a1f5ab25255dc27aa40f05ee7ddd21aac521e01bf50?s=96&d=identicon&r=g","contentUrl":"https:\/\/secure.gravatar.com\/avatar\/7fa71899795e8f540f615a1f5ab25255dc27aa40f05ee7ddd21aac521e01bf50?s=96&d=identicon&r=g","caption":"Tomas Jarvid"},"description":"Jag bor i Ulricehamn i V\u00e4sterg\u00f6tland och \u00e4r f\u00f6rsamlingspr\u00e4st i Svenska Kyrkan f\u00f6r Dalstorps f\u00f6rsamling i Kinds pastorat. P\u00e5 den h\u00e4r bloggen skriver jag ner tankar om vandringen som kristen.","sameAs":["http:\/\/www.vandravagen.se"],"url":"https:\/\/blogg.svenskakyrkan.se\/vandravagen\/author\/vandravagen\/"}]}},"author_meta":{"ID":"392","user_nicename":"vandravagen","user_url":"http:\/\/www.vandravagen.se","user_registered":"2014-05-19 05:44:52","display_name":"Tomas Jarvid","first_name":"Tomas","last_name":"Jarvid","avatar":"https:\/\/secure.gravatar.com\/avatar\/7fa71899795e8f540f615a1f5ab25255dc27aa40f05ee7ddd21aac521e01bf50?s=96&d=identicon&r=g"},"featured_image":["https:\/\/blogg.svenskakyrkan.se\/vandravagen\/files\/2020\/05\/maj.jpg",723,944,false],"bloginfo":{"name":"Vandra V\u00e4gen","url":"https:\/\/blogg.svenskakyrkan.se\/vandravagen"},"_links":{"self":[{"href":"https:\/\/blogg.svenskakyrkan.se\/vandravagen\/wp-json\/wp\/v2\/posts\/7893","targetHints":{"allow":["GET"]}}],"collection":[{"href":"https:\/\/blogg.svenskakyrkan.se\/vandravagen\/wp-json\/wp\/v2\/posts"}],"about":[{"href":"https:\/\/blogg.svenskakyrkan.se\/vandravagen\/wp-json\/wp\/v2\/types\/post"}],"author":[{"embeddable":true,"href":"https:\/\/blogg.svenskakyrkan.se\/vandravagen\/wp-json\/wp\/v2\/users\/392"}],"replies":[{"embeddable":true,"href":"https:\/\/blogg.svenskakyrkan.se\/vandravagen\/wp-json\/wp\/v2\/comments?post=7893"}],"version-history":[{"count":1,"href":"https:\/\/blogg.svenskakyrkan.se\/vandravagen\/wp-json\/wp\/v2\/posts\/7893\/revisions"}],"predecessor-version":[{"id":7895,"href":"https:\/\/blogg.svenskakyrkan.se\/vandravagen\/wp-json\/wp\/v2\/posts\/7893\/revisions\/7895"}],"wp:featuredmedia":[{"embeddable":true,"href":"https:\/\/blogg.svenskakyrkan.se\/vandravagen\/wp-json\/wp\/v2\/media\/7894"}],"wp:attachment":[{"href":"https:\/\/blogg.svenskakyrkan.se\/vandravagen\/wp-json\/wp\/v2\/media?parent=7893"}],"wp:term":[{"taxonomy":"category","embeddable":true,"href":"https:\/\/blogg.svenskakyrkan.se\/vandravagen\/wp-json\/wp\/v2\/categories?post=7893"},{"taxonomy":"post_tag","embeddable":true,"href":"https:\/\/blogg.svenskakyrkan.se\/vandravagen\/wp-json\/wp\/v2\/tags?post=7893"}],"curies":[{"name":"wp","href":"https:\/\/api.w.org\/{rel}","templated":true}]}}