{"id":791,"date":"2012-12-29T20:45:00","date_gmt":"2012-12-29T19:45:00","guid":{"rendered":"http:\/\/blogg.svenskakyrkan.se\/vandravagen\/2012\/12\/29\/julens-5-basta\/"},"modified":"2012-12-29T20:45:00","modified_gmt":"2012-12-29T19:45:00","slug":"julens-5-basta","status":"publish","type":"post","link":"https:\/\/blogg.svenskakyrkan.se\/vandravagen\/2012\/12\/29\/julens-5-basta\/","title":{"rendered":"Julens 5 b\u00e4sta!"},"content":{"rendered":"<table align=\"center\" cellpadding=\"0\" cellspacing=\"0\">\n<tbody>\n<tr>\n<td><a href=\"http:\/\/3.bp.blogspot.com\/-_i_yjiA3JNY\/UCgXE8GFd1I\/AAAAAAAAAX0\/FksyyAi7ByA\/s1600\/IMG_7600.JPG\"><img loading=\"lazy\" decoding=\"async\" border=\"0\" height=\"300\" src=\"http:\/\/3.bp.blogspot.com\/-_i_yjiA3JNY\/UCgXE8GFd1I\/AAAAAAAAAX0\/FksyyAi7ByA\/s400\/IMG_7600.JPG\" width=\"400\"><\/a><\/td>\n<\/tr>\n<tr>\n<td>H\u00e4ngt under mistlarna ist\u00e4llet f\u00f6r p\u00e5 bloggarna?<\/td>\n<\/tr>\n<\/tbody>\n<\/table>\n<p>Har du g\u00e5tt offline under helgen? B\u00f6rjar bloggl\u00e4sarvanorna \u00e5terg\u00e5 till normalt? H\u00e4r \u00e4r posterna jag tycker du ska ta p\u00e5 reprisen!<\/p>\n<p>1, F\u00f6rst ut en julb\u00f6n som egentligen passar lika bra n\u00e4rsom. <a href=\"http:\/\/vagenixp.blogspot.se\/2012\/12\/min-bon-infor-julhelgen.html\">B\u00f6n inf\u00f6r julhelgen.<\/a><\/p>\n<p>2, Sedan en reflektion utifr\u00e5n <a href=\"http:\/\/vagenixp.blogspot.se\/2012\/12\/adam-och-evas-namnsdagar-och-hogmassan.html\">Adam och Evas namnsdagar<\/a> i julhelgen.<\/p>\n<p>3, Ikon\u00e4lskare som jag \u00e4r blev det <a href=\"http:\/\/vagenixp.blogspot.se\/2012\/12\/josef-och-tvivlet-tankar-utifran.html\">en kort post om f\u00f6delseikonen<\/a>, speciellt om Josef och hans tvivel.<\/p>\n<p>4, F\u00f6r att ta i \u00e4nnu mer om Josef skrev jag ocks\u00e5 om <a href=\"http:\/\/vagenixp.blogspot.se\/2012\/12\/josef-som-gudsbild.html\">Josef som gudsbild<\/a>, det ni!<\/p>\n<p>5, Och slutligen, vad \u00e4r den d\u00e4r <a href=\"http:\/\/vagenixp.blogspot.se\/2012\/12\/menlosa-barns-dag-och-kyrkoaret.html\">menl\u00f6sa barns dag<\/a> f\u00f6r dag?<\/p>\n","protected":false},"excerpt":{"rendered":"<p>H\u00e4ngt under mistlarna ist\u00e4llet f\u00f6r p\u00e5 bloggarna? Har du g\u00e5tt offline under helgen? B\u00f6rjar bloggl\u00e4sarvanorna \u00e5terg\u00e5 till normalt? H\u00e4r \u00e4r posterna jag tycker du ska ta p\u00e5 reprisen! 1, F\u00f6rst ut en julb\u00f6n som egentligen passar lika bra n\u00e4rsom. B\u00f6n inf\u00f6r julhelgen. 2, Sedan en reflektion utifr\u00e5n Adam och Evas namnsdagar i julhelgen. 3, Ikon\u00e4lskare [&hellip;]<\/p>\n","protected":false},"author":392,"featured_media":0,"comment_status":"open","ping_status":"open","sticky":false,"template":"","format":"standard","meta":{"_acf_changed":false,"footnotes":""},"categories":[76608],"tags":[],"class_list":["post-791","post","type-post","status-publish","format-standard","hentry","category-bloggen"],"acf":[],"yoast_head":"<!-- This site is optimized with the Yoast SEO plugin v27.1.1 - https:\/\/yoast.com\/product\/yoast-seo-wordpress\/ -->\n<title>Julens 5 b\u00e4sta! - Vandra V\u00e4gen<\/title>\n<meta name=\"robots\" content=\"index, follow, max-snippet:-1, max-image-preview:large, max-video-preview:-1\" \/>\n<link rel=\"canonical\" href=\"https:\/\/blogg.svenskakyrkan.se\/vandravagen\/2012\/12\/29\/julens-5-basta\/\" \/>\n<meta property=\"og:locale\" content=\"sv_SE\" \/>\n<meta property=\"og:type\" content=\"article\" \/>\n<meta property=\"og:title\" content=\"Julens 5 b\u00e4sta! - Vandra V\u00e4gen\" \/>\n<meta property=\"og:description\" content=\"H\u00e4ngt under mistlarna ist\u00e4llet f\u00f6r p\u00e5 bloggarna? Har du g\u00e5tt offline under helgen? B\u00f6rjar bloggl\u00e4sarvanorna \u00e5terg\u00e5 till normalt? H\u00e4r \u00e4r posterna jag tycker du ska ta p\u00e5 reprisen! 1, F\u00f6rst ut en julb\u00f6n som egentligen passar lika bra n\u00e4rsom. B\u00f6n inf\u00f6r julhelgen. 2, Sedan en reflektion utifr\u00e5n Adam och Evas namnsdagar i julhelgen. 3, Ikon\u00e4lskare [&hellip;]\" \/>\n<meta property=\"og:url\" content=\"https:\/\/blogg.svenskakyrkan.se\/vandravagen\/2012\/12\/29\/julens-5-basta\/\" \/>\n<meta property=\"og:site_name\" content=\"Vandra V\u00e4gen\" \/>\n<meta property=\"article:publisher\" content=\"http:\/\/facebook.com\/vandravagen\" \/>\n<meta property=\"article:published_time\" content=\"2012-12-29T19:45:00+00:00\" \/>\n<meta property=\"og:image\" content=\"http:\/\/3.bp.blogspot.com\/-_i_yjiA3JNY\/UCgXE8GFd1I\/AAAAAAAAAX0\/FksyyAi7ByA\/s400\/IMG_7600.JPG\" \/>\n<meta name=\"author\" content=\"Tomas Jarvid\" \/>\n<meta name=\"twitter:card\" content=\"summary_large_image\" \/>\n<meta name=\"twitter:creator\" content=\"@fadertomas\" \/>\n<meta name=\"twitter:site\" content=\"@fadertomas\" \/>\n<meta name=\"twitter:label1\" content=\"Skriven av\" \/>\n\t<meta name=\"twitter:data1\" content=\"Tomas Jarvid\" \/>\n\t<meta name=\"twitter:label2\" content=\"Ber\u00e4knad l\u00e4stid\" \/>\n\t<meta name=\"twitter:data2\" content=\"1 minut\" \/>\n<script type=\"application\/ld+json\" class=\"yoast-schema-graph\">{\"@context\":\"https:\/\/schema.org\",\"@graph\":[{\"@type\":\"Article\",\"@id\":\"https:\/\/blogg.svenskakyrkan.se\/vandravagen\/2012\/12\/29\/julens-5-basta\/#article\",\"isPartOf\":{\"@id\":\"https:\/\/blogg.svenskakyrkan.se\/vandravagen\/2012\/12\/29\/julens-5-basta\/\"},\"author\":{\"name\":\"Tomas Jarvid\",\"@id\":\"https:\/\/blogg.svenskakyrkan.se\/vandravagen\/#\/schema\/person\/25da02d4f76b137d04291711e2c9fc16\"},\"headline\":\"Julens 5 b\u00e4sta!\",\"datePublished\":\"2012-12-29T19:45:00+00:00\",\"mainEntityOfPage\":{\"@id\":\"https:\/\/blogg.svenskakyrkan.se\/vandravagen\/2012\/12\/29\/julens-5-basta\/\"},\"wordCount\":118,\"commentCount\":0,\"publisher\":{\"@id\":\"https:\/\/blogg.svenskakyrkan.se\/vandravagen\/#organization\"},\"image\":{\"@id\":\"https:\/\/blogg.svenskakyrkan.se\/vandravagen\/2012\/12\/29\/julens-5-basta\/#primaryimage\"},\"thumbnailUrl\":\"http:\/\/3.bp.blogspot.com\/-_i_yjiA3JNY\/UCgXE8GFd1I\/AAAAAAAAAX0\/FksyyAi7ByA\/s400\/IMG_7600.JPG\",\"articleSection\":[\"bloggen\"],\"inLanguage\":\"sv-SE\",\"potentialAction\":[{\"@type\":\"CommentAction\",\"name\":\"Comment\",\"target\":[\"https:\/\/blogg.svenskakyrkan.se\/vandravagen\/2012\/12\/29\/julens-5-basta\/#respond\"]}]},{\"@type\":\"WebPage\",\"@id\":\"https:\/\/blogg.svenskakyrkan.se\/vandravagen\/2012\/12\/29\/julens-5-basta\/\",\"url\":\"https:\/\/blogg.svenskakyrkan.se\/vandravagen\/2012\/12\/29\/julens-5-basta\/\",\"name\":\"Julens 5 b\u00e4sta! - Vandra V\u00e4gen\",\"isPartOf\":{\"@id\":\"https:\/\/blogg.svenskakyrkan.se\/vandravagen\/#website\"},\"primaryImageOfPage\":{\"@id\":\"https:\/\/blogg.svenskakyrkan.se\/vandravagen\/2012\/12\/29\/julens-5-basta\/#primaryimage\"},\"image\":{\"@id\":\"https:\/\/blogg.svenskakyrkan.se\/vandravagen\/2012\/12\/29\/julens-5-basta\/#primaryimage\"},\"thumbnailUrl\":\"http:\/\/3.bp.blogspot.com\/-_i_yjiA3JNY\/UCgXE8GFd1I\/AAAAAAAAAX0\/FksyyAi7ByA\/s400\/IMG_7600.JPG\",\"datePublished\":\"2012-12-29T19:45:00+00:00\",\"breadcrumb\":{\"@id\":\"https:\/\/blogg.svenskakyrkan.se\/vandravagen\/2012\/12\/29\/julens-5-basta\/#breadcrumb\"},\"inLanguage\":\"sv-SE\",\"potentialAction\":[{\"@type\":\"ReadAction\",\"target\":[\"https:\/\/blogg.svenskakyrkan.se\/vandravagen\/2012\/12\/29\/julens-5-basta\/\"]}]},{\"@type\":\"ImageObject\",\"inLanguage\":\"sv-SE\",\"@id\":\"https:\/\/blogg.svenskakyrkan.se\/vandravagen\/2012\/12\/29\/julens-5-basta\/#primaryimage\",\"url\":\"http:\/\/3.bp.blogspot.com\/-_i_yjiA3JNY\/UCgXE8GFd1I\/AAAAAAAAAX0\/FksyyAi7ByA\/s400\/IMG_7600.JPG\",\"contentUrl\":\"http:\/\/3.bp.blogspot.com\/-_i_yjiA3JNY\/UCgXE8GFd1I\/AAAAAAAAAX0\/FksyyAi7ByA\/s400\/IMG_7600.JPG\"},{\"@type\":\"BreadcrumbList\",\"@id\":\"https:\/\/blogg.svenskakyrkan.se\/vandravagen\/2012\/12\/29\/julens-5-basta\/#breadcrumb\",\"itemListElement\":[{\"@type\":\"ListItem\",\"position\":1,\"name\":\"Hem\",\"item\":\"https:\/\/blogg.svenskakyrkan.se\/vandravagen\/\"},{\"@type\":\"ListItem\",\"position\":2,\"name\":\"Julens 5 b\u00e4sta!\"}]},{\"@type\":\"WebSite\",\"@id\":\"https:\/\/blogg.svenskakyrkan.se\/vandravagen\/#website\",\"url\":\"https:\/\/blogg.svenskakyrkan.se\/vandravagen\/\",\"name\":\"Vandra V\u00e4gen\",\"description\":\"-Mot en tro f\u00f6r hela livet\",\"publisher\":{\"@id\":\"https:\/\/blogg.svenskakyrkan.se\/vandravagen\/#organization\"},\"potentialAction\":[{\"@type\":\"SearchAction\",\"target\":{\"@type\":\"EntryPoint\",\"urlTemplate\":\"https:\/\/blogg.svenskakyrkan.se\/vandravagen\/?s={search_term_string}\"},\"query-input\":{\"@type\":\"PropertyValueSpecification\",\"valueRequired\":true,\"valueName\":\"search_term_string\"}}],\"inLanguage\":\"sv-SE\"},{\"@type\":\"Organization\",\"@id\":\"https:\/\/blogg.svenskakyrkan.se\/vandravagen\/#organization\",\"name\":\"ulricehamns pastorat\",\"alternateName\":\"ulricehamns pastorat\",\"url\":\"https:\/\/blogg.svenskakyrkan.se\/vandravagen\/\",\"logo\":{\"@type\":\"ImageObject\",\"inLanguage\":\"sv-SE\",\"@id\":\"https:\/\/blogg.svenskakyrkan.se\/vandravagen\/#\/schema\/logo\/image\/\",\"url\":\"https:\/\/blogg.svenskakyrkan.se\/vandravagen\/files\/2023\/05\/Ulr_logo_RGB.png\",\"contentUrl\":\"https:\/\/blogg.svenskakyrkan.se\/vandravagen\/files\/2023\/05\/Ulr_logo_RGB.png\",\"width\":205,\"height\":77,\"caption\":\"ulricehamns pastorat\"},\"image\":{\"@id\":\"https:\/\/blogg.svenskakyrkan.se\/vandravagen\/#\/schema\/logo\/image\/\"},\"sameAs\":[\"http:\/\/facebook.com\/vandravagen\",\"https:\/\/x.com\/fadertomas\",\"http:\/\/www.facebook.com\/svenskakyrkaniulricehamn\"]},{\"@type\":\"Person\",\"@id\":\"https:\/\/blogg.svenskakyrkan.se\/vandravagen\/#\/schema\/person\/25da02d4f76b137d04291711e2c9fc16\",\"name\":\"Tomas Jarvid\",\"image\":{\"@type\":\"ImageObject\",\"inLanguage\":\"sv-SE\",\"@id\":\"https:\/\/blogg.svenskakyrkan.se\/vandravagen\/#\/schema\/person\/image\/\",\"url\":\"https:\/\/secure.gravatar.com\/avatar\/7fa71899795e8f540f615a1f5ab25255dc27aa40f05ee7ddd21aac521e01bf50?s=96&d=identicon&r=g\",\"contentUrl\":\"https:\/\/secure.gravatar.com\/avatar\/7fa71899795e8f540f615a1f5ab25255dc27aa40f05ee7ddd21aac521e01bf50?s=96&d=identicon&r=g\",\"caption\":\"Tomas Jarvid\"},\"description\":\"Jag bor i Ulricehamn i V\u00e4sterg\u00f6tland och \u00e4r f\u00f6rsamlingspr\u00e4st i Svenska Kyrkan f\u00f6r Dalstorps f\u00f6rsamling i Kinds pastorat. P\u00e5 den h\u00e4r bloggen skriver jag ner tankar om vandringen som kristen.\",\"sameAs\":[\"http:\/\/www.vandravagen.se\"],\"url\":\"https:\/\/blogg.svenskakyrkan.se\/vandravagen\/author\/vandravagen\/\"}]}<\/script>\n<!-- \/ Yoast SEO plugin. -->","yoast_head_json":{"title":"Julens 5 b\u00e4sta! - Vandra V\u00e4gen","robots":{"index":"index","follow":"follow","max-snippet":"max-snippet:-1","max-image-preview":"max-image-preview:large","max-video-preview":"max-video-preview:-1"},"canonical":"https:\/\/blogg.svenskakyrkan.se\/vandravagen\/2012\/12\/29\/julens-5-basta\/","og_locale":"sv_SE","og_type":"article","og_title":"Julens 5 b\u00e4sta! - Vandra V\u00e4gen","og_description":"H\u00e4ngt under mistlarna ist\u00e4llet f\u00f6r p\u00e5 bloggarna? Har du g\u00e5tt offline under helgen? B\u00f6rjar bloggl\u00e4sarvanorna \u00e5terg\u00e5 till normalt? H\u00e4r \u00e4r posterna jag tycker du ska ta p\u00e5 reprisen! 1, F\u00f6rst ut en julb\u00f6n som egentligen passar lika bra n\u00e4rsom. B\u00f6n inf\u00f6r julhelgen. 2, Sedan en reflektion utifr\u00e5n Adam och Evas namnsdagar i julhelgen. 3, Ikon\u00e4lskare [&hellip;]","og_url":"https:\/\/blogg.svenskakyrkan.se\/vandravagen\/2012\/12\/29\/julens-5-basta\/","og_site_name":"Vandra V\u00e4gen","article_publisher":"http:\/\/facebook.com\/vandravagen","article_published_time":"2012-12-29T19:45:00+00:00","og_image":[{"url":"http:\/\/3.bp.blogspot.com\/-_i_yjiA3JNY\/UCgXE8GFd1I\/AAAAAAAAAX0\/FksyyAi7ByA\/s400\/IMG_7600.JPG","type":"","width":"","height":""}],"author":"Tomas Jarvid","twitter_card":"summary_large_image","twitter_creator":"@fadertomas","twitter_site":"@fadertomas","twitter_misc":{"Skriven av":"Tomas Jarvid","Ber\u00e4knad l\u00e4stid":"1 minut"},"schema":{"@context":"https:\/\/schema.org","@graph":[{"@type":"Article","@id":"https:\/\/blogg.svenskakyrkan.se\/vandravagen\/2012\/12\/29\/julens-5-basta\/#article","isPartOf":{"@id":"https:\/\/blogg.svenskakyrkan.se\/vandravagen\/2012\/12\/29\/julens-5-basta\/"},"author":{"name":"Tomas Jarvid","@id":"https:\/\/blogg.svenskakyrkan.se\/vandravagen\/#\/schema\/person\/25da02d4f76b137d04291711e2c9fc16"},"headline":"Julens 5 b\u00e4sta!","datePublished":"2012-12-29T19:45:00+00:00","mainEntityOfPage":{"@id":"https:\/\/blogg.svenskakyrkan.se\/vandravagen\/2012\/12\/29\/julens-5-basta\/"},"wordCount":118,"commentCount":0,"publisher":{"@id":"https:\/\/blogg.svenskakyrkan.se\/vandravagen\/#organization"},"image":{"@id":"https:\/\/blogg.svenskakyrkan.se\/vandravagen\/2012\/12\/29\/julens-5-basta\/#primaryimage"},"thumbnailUrl":"http:\/\/3.bp.blogspot.com\/-_i_yjiA3JNY\/UCgXE8GFd1I\/AAAAAAAAAX0\/FksyyAi7ByA\/s400\/IMG_7600.JPG","articleSection":["bloggen"],"inLanguage":"sv-SE","potentialAction":[{"@type":"CommentAction","name":"Comment","target":["https:\/\/blogg.svenskakyrkan.se\/vandravagen\/2012\/12\/29\/julens-5-basta\/#respond"]}]},{"@type":"WebPage","@id":"https:\/\/blogg.svenskakyrkan.se\/vandravagen\/2012\/12\/29\/julens-5-basta\/","url":"https:\/\/blogg.svenskakyrkan.se\/vandravagen\/2012\/12\/29\/julens-5-basta\/","name":"Julens 5 b\u00e4sta! - Vandra V\u00e4gen","isPartOf":{"@id":"https:\/\/blogg.svenskakyrkan.se\/vandravagen\/#website"},"primaryImageOfPage":{"@id":"https:\/\/blogg.svenskakyrkan.se\/vandravagen\/2012\/12\/29\/julens-5-basta\/#primaryimage"},"image":{"@id":"https:\/\/blogg.svenskakyrkan.se\/vandravagen\/2012\/12\/29\/julens-5-basta\/#primaryimage"},"thumbnailUrl":"http:\/\/3.bp.blogspot.com\/-_i_yjiA3JNY\/UCgXE8GFd1I\/AAAAAAAAAX0\/FksyyAi7ByA\/s400\/IMG_7600.JPG","datePublished":"2012-12-29T19:45:00+00:00","breadcrumb":{"@id":"https:\/\/blogg.svenskakyrkan.se\/vandravagen\/2012\/12\/29\/julens-5-basta\/#breadcrumb"},"inLanguage":"sv-SE","potentialAction":[{"@type":"ReadAction","target":["https:\/\/blogg.svenskakyrkan.se\/vandravagen\/2012\/12\/29\/julens-5-basta\/"]}]},{"@type":"ImageObject","inLanguage":"sv-SE","@id":"https:\/\/blogg.svenskakyrkan.se\/vandravagen\/2012\/12\/29\/julens-5-basta\/#primaryimage","url":"http:\/\/3.bp.blogspot.com\/-_i_yjiA3JNY\/UCgXE8GFd1I\/AAAAAAAAAX0\/FksyyAi7ByA\/s400\/IMG_7600.JPG","contentUrl":"http:\/\/3.bp.blogspot.com\/-_i_yjiA3JNY\/UCgXE8GFd1I\/AAAAAAAAAX0\/FksyyAi7ByA\/s400\/IMG_7600.JPG"},{"@type":"BreadcrumbList","@id":"https:\/\/blogg.svenskakyrkan.se\/vandravagen\/2012\/12\/29\/julens-5-basta\/#breadcrumb","itemListElement":[{"@type":"ListItem","position":1,"name":"Hem","item":"https:\/\/blogg.svenskakyrkan.se\/vandravagen\/"},{"@type":"ListItem","position":2,"name":"Julens 5 b\u00e4sta!"}]},{"@type":"WebSite","@id":"https:\/\/blogg.svenskakyrkan.se\/vandravagen\/#website","url":"https:\/\/blogg.svenskakyrkan.se\/vandravagen\/","name":"Vandra V\u00e4gen","description":"-Mot en tro f\u00f6r hela livet","publisher":{"@id":"https:\/\/blogg.svenskakyrkan.se\/vandravagen\/#organization"},"potentialAction":[{"@type":"SearchAction","target":{"@type":"EntryPoint","urlTemplate":"https:\/\/blogg.svenskakyrkan.se\/vandravagen\/?s={search_term_string}"},"query-input":{"@type":"PropertyValueSpecification","valueRequired":true,"valueName":"search_term_string"}}],"inLanguage":"sv-SE"},{"@type":"Organization","@id":"https:\/\/blogg.svenskakyrkan.se\/vandravagen\/#organization","name":"ulricehamns pastorat","alternateName":"ulricehamns pastorat","url":"https:\/\/blogg.svenskakyrkan.se\/vandravagen\/","logo":{"@type":"ImageObject","inLanguage":"sv-SE","@id":"https:\/\/blogg.svenskakyrkan.se\/vandravagen\/#\/schema\/logo\/image\/","url":"https:\/\/blogg.svenskakyrkan.se\/vandravagen\/files\/2023\/05\/Ulr_logo_RGB.png","contentUrl":"https:\/\/blogg.svenskakyrkan.se\/vandravagen\/files\/2023\/05\/Ulr_logo_RGB.png","width":205,"height":77,"caption":"ulricehamns pastorat"},"image":{"@id":"https:\/\/blogg.svenskakyrkan.se\/vandravagen\/#\/schema\/logo\/image\/"},"sameAs":["http:\/\/facebook.com\/vandravagen","https:\/\/x.com\/fadertomas","http:\/\/www.facebook.com\/svenskakyrkaniulricehamn"]},{"@type":"Person","@id":"https:\/\/blogg.svenskakyrkan.se\/vandravagen\/#\/schema\/person\/25da02d4f76b137d04291711e2c9fc16","name":"Tomas Jarvid","image":{"@type":"ImageObject","inLanguage":"sv-SE","@id":"https:\/\/blogg.svenskakyrkan.se\/vandravagen\/#\/schema\/person\/image\/","url":"https:\/\/secure.gravatar.com\/avatar\/7fa71899795e8f540f615a1f5ab25255dc27aa40f05ee7ddd21aac521e01bf50?s=96&d=identicon&r=g","contentUrl":"https:\/\/secure.gravatar.com\/avatar\/7fa71899795e8f540f615a1f5ab25255dc27aa40f05ee7ddd21aac521e01bf50?s=96&d=identicon&r=g","caption":"Tomas Jarvid"},"description":"Jag bor i Ulricehamn i V\u00e4sterg\u00f6tland och \u00e4r f\u00f6rsamlingspr\u00e4st i Svenska Kyrkan f\u00f6r Dalstorps f\u00f6rsamling i Kinds pastorat. P\u00e5 den h\u00e4r bloggen skriver jag ner tankar om vandringen som kristen.","sameAs":["http:\/\/www.vandravagen.se"],"url":"https:\/\/blogg.svenskakyrkan.se\/vandravagen\/author\/vandravagen\/"}]}},"author_meta":{"ID":"392","user_nicename":"vandravagen","user_url":"http:\/\/www.vandravagen.se","user_registered":"2014-05-19 05:44:52","display_name":"Tomas Jarvid","first_name":"Tomas","last_name":"Jarvid","avatar":"https:\/\/secure.gravatar.com\/avatar\/7fa71899795e8f540f615a1f5ab25255dc27aa40f05ee7ddd21aac521e01bf50?s=96&d=identicon&r=g"},"featured_image":false,"bloginfo":{"name":"Vandra V\u00e4gen","url":"https:\/\/blogg.svenskakyrkan.se\/vandravagen"},"_links":{"self":[{"href":"https:\/\/blogg.svenskakyrkan.se\/vandravagen\/wp-json\/wp\/v2\/posts\/791","targetHints":{"allow":["GET"]}}],"collection":[{"href":"https:\/\/blogg.svenskakyrkan.se\/vandravagen\/wp-json\/wp\/v2\/posts"}],"about":[{"href":"https:\/\/blogg.svenskakyrkan.se\/vandravagen\/wp-json\/wp\/v2\/types\/post"}],"author":[{"embeddable":true,"href":"https:\/\/blogg.svenskakyrkan.se\/vandravagen\/wp-json\/wp\/v2\/users\/392"}],"replies":[{"embeddable":true,"href":"https:\/\/blogg.svenskakyrkan.se\/vandravagen\/wp-json\/wp\/v2\/comments?post=791"}],"version-history":[{"count":0,"href":"https:\/\/blogg.svenskakyrkan.se\/vandravagen\/wp-json\/wp\/v2\/posts\/791\/revisions"}],"wp:attachment":[{"href":"https:\/\/blogg.svenskakyrkan.se\/vandravagen\/wp-json\/wp\/v2\/media?parent=791"}],"wp:term":[{"taxonomy":"category","embeddable":true,"href":"https:\/\/blogg.svenskakyrkan.se\/vandravagen\/wp-json\/wp\/v2\/categories?post=791"},{"taxonomy":"post_tag","embeddable":true,"href":"https:\/\/blogg.svenskakyrkan.se\/vandravagen\/wp-json\/wp\/v2\/tags?post=791"}],"curies":[{"name":"wp","href":"https:\/\/api.w.org\/{rel}","templated":true}]}}