{"id":794,"date":"2012-12-28T19:41:00","date_gmt":"2012-12-28T18:41:00","guid":{"rendered":"http:\/\/blogg.svenskakyrkan.se\/vandravagen\/2012\/12\/28\/menlosa-barns-dag-och-kyrkoaret\/"},"modified":"2012-12-28T19:41:00","modified_gmt":"2012-12-28T18:41:00","slug":"menlosa-barns-dag-och-kyrkoaret","status":"publish","type":"post","link":"https:\/\/blogg.svenskakyrkan.se\/vandravagen\/2012\/12\/28\/menlosa-barns-dag-och-kyrkoaret\/","title":{"rendered":"Menl\u00f6sa barns dag och kyrko\u00e5ret"},"content":{"rendered":"<table align=\"center\" cellpadding=\"0\" cellspacing=\"0\">\n<tbody>\n<tr>\n<td><a href=\"http:\/\/artbible.net\/3JC\/-Mat-02,16-Massacre%20of%20the_%20des%20innocents\/10%20AMIENS%20ND%20MASSACRE%20OF%20THE%20INNOCENTS.jpg\"><img loading=\"lazy\" decoding=\"async\" border=\"0\" height=\"282\" src=\"http:\/\/artbible.net\/3JC\/-Mat-02,16-Massacre%20of%20the_%20des%20innocents\/10%20AMIENS%20ND%20MASSACRE%20OF%20THE%20INNOCENTS.jpg\" width=\"320\"><\/a><\/td>\n<\/tr>\n<tr>\n<td>Stenrelief av hemskheterna<\/td>\n<\/tr>\n<\/tbody>\n<\/table>\n<p>Idag \u00e4r det dagen som egentligen numera heter &#8221;v\u00e4rnl\u00f6sa barns dag&#8221;. Dock tror jag att den fortfarande oftare kallas menl\u00f6sa barns dag \u00e4ven om f\u00e5 vet vad ordet betyder eller vad det egentligen \u00e4r f\u00f6r en dag. Ordet \u00e4r ju kul i vilket fall, och s\u00e5 kan man ju sk\u00e4mta. Som h\u00e4r i familjen Levengood&#8230;<\/p>\n<div><a href=\"http:\/\/1.bp.blogspot.com\/--2jT0Y-IkpE\/UN3WQy1bHEI\/AAAAAAAABfw\/V7xHxoRzjI0\/s1600\/Levengood.jpg\"><img loading=\"lazy\" decoding=\"async\" border=\"0\" height=\"123\" src=\"http:\/\/1.bp.blogspot.com\/--2jT0Y-IkpE\/UN3WQy1bHEI\/AAAAAAAABfw\/V7xHxoRzjI0\/s400\/Levengood.jpg\" width=\"400\"><\/a><\/div>\n<p>I andra l\u00e4nder framg\u00e5r det lite tydligare vad dagen p\u00e5minner om. &#8221;The holy innocents&#8221;, det vill s\u00e4ga de barn som enligt matteusevangeliet 2:16-18 blev offer f\u00f6r kung Herodes i hans f\u00f6rs\u00f6k att komma \u00e5t den nyf\u00f6dde kungen i Betlehem. Josef, Maria och barnet flydde till Egypten och de tre stj\u00e4rntydarna \u00e5terv\u00e4nde inte med information till Herodes om vart han kunde finna barnet. Det st\u00e5r i bibel 2000:<\/p>\n<\/p>\n<div><span>16<\/span>N\u00e4r Herodes m\u00e4rkte att han hade blivit lurad av stj\u00e4rntydarna blev han ursinnig, och han l\u00e4t d\u00f6da alla gossar i Betlehem och dess omnejd som var tv\u00e5 \u00e5r eller d\u00e4runder; det var den tid han hade f\u00e5tt fram genom att fr\u00e5ga ut stj\u00e4rntydarna.\u00a0<span>17<\/span>D\u00e5 uppfylldes det som sagts genom profeten Jeremia:\u00a0<span>18<\/span><em>Rop h\u00f6rs i Rama, gr\u00e5t och h\u00f6gljudd klagan: Rakel begr\u00e5ter sina barn, hon l\u00e5ter inte tr\u00f6sta sig, ty de finns inte mer.<\/em><\/div>\n<div><span>\u00c4ven om det kanske \u00e4r tydligare med p\u00e5sken s\u00e5 \u00e4r \u00e4ven julen en slags realtidsdrama i kyrko\u00e5ret. I tur och ordning och rimlig takt f\u00e4rdas vi genom h\u00e4ndelserna i evangelierna; fr\u00e5n f\u00f6delsen, herdarna, flykten till Egypten, barnamorden, trettondagen (h\u00e4r haltar v\u00e4l ordningen lite mellan kyrko\u00e5r och bibel?). D\u00e4refter forts\u00e4tter det med Jesus i templet, dop och s\u00e5 vidare \u00e4nda till p\u00e5sk och pingst. Mycket pedagogiskt!<\/span><\/div>\n<div><span><br \/><\/span><\/div>\n<div><span>Hur har du det med kyrko\u00e5ret? \u00c4r det till hj\u00e4lp eller f\u00f6rvirrar det mer?<\/span><\/div>\n","protected":false},"excerpt":{"rendered":"<p>Stenrelief av hemskheterna Idag \u00e4r det dagen som egentligen numera heter &#8221;v\u00e4rnl\u00f6sa barns dag&#8221;. Dock tror jag att den fortfarande oftare kallas menl\u00f6sa barns dag \u00e4ven om f\u00e5 vet vad ordet betyder eller vad det egentligen \u00e4r f\u00f6r en dag. Ordet \u00e4r ju kul i vilket fall, och s\u00e5 kan man ju sk\u00e4mta. Som h\u00e4r [&hellip;]<\/p>\n","protected":false},"author":392,"featured_media":0,"comment_status":"open","ping_status":"open","sticky":false,"template":"","format":"standard","meta":{"_acf_changed":false,"footnotes":""},"categories":[14252,8252],"tags":[],"class_list":["post-794","post","type-post","status-publish","format-standard","hentry","category-bibel","category-kyrkoaret"],"acf":[],"yoast_head":"<!-- This site is optimized with the Yoast SEO plugin v27.1.1 - https:\/\/yoast.com\/product\/yoast-seo-wordpress\/ -->\n<title>Menl\u00f6sa barns dag och kyrko\u00e5ret - Vandra V\u00e4gen<\/title>\n<meta name=\"robots\" content=\"index, follow, max-snippet:-1, max-image-preview:large, max-video-preview:-1\" \/>\n<link rel=\"canonical\" href=\"https:\/\/blogg.svenskakyrkan.se\/vandravagen\/2012\/12\/28\/menlosa-barns-dag-och-kyrkoaret\/\" \/>\n<meta property=\"og:locale\" content=\"sv_SE\" \/>\n<meta property=\"og:type\" content=\"article\" \/>\n<meta property=\"og:title\" content=\"Menl\u00f6sa barns dag och kyrko\u00e5ret - Vandra V\u00e4gen\" \/>\n<meta property=\"og:description\" content=\"Stenrelief av hemskheterna Idag \u00e4r det dagen som egentligen numera heter &#8221;v\u00e4rnl\u00f6sa barns dag&#8221;. Dock tror jag att den fortfarande oftare kallas menl\u00f6sa barns dag \u00e4ven om f\u00e5 vet vad ordet betyder eller vad det egentligen \u00e4r f\u00f6r en dag. Ordet \u00e4r ju kul i vilket fall, och s\u00e5 kan man ju sk\u00e4mta. Som h\u00e4r [&hellip;]\" \/>\n<meta property=\"og:url\" content=\"https:\/\/blogg.svenskakyrkan.se\/vandravagen\/2012\/12\/28\/menlosa-barns-dag-och-kyrkoaret\/\" \/>\n<meta property=\"og:site_name\" content=\"Vandra V\u00e4gen\" \/>\n<meta property=\"article:publisher\" content=\"http:\/\/facebook.com\/vandravagen\" \/>\n<meta property=\"article:published_time\" content=\"2012-12-28T18:41:00+00:00\" \/>\n<meta property=\"og:image\" content=\"http:\/\/artbible.net\/3JC\/-Mat-02,16-Massacre%20of%20the_%20des%20innocents\/10%20AMIENS%20ND%20MASSACRE%20OF%20THE%20INNOCENTS.jpg\" \/>\n<meta name=\"author\" content=\"Tomas Jarvid\" \/>\n<meta name=\"twitter:card\" content=\"summary_large_image\" \/>\n<meta name=\"twitter:creator\" content=\"@fadertomas\" \/>\n<meta name=\"twitter:site\" content=\"@fadertomas\" \/>\n<meta name=\"twitter:label1\" content=\"Skriven av\" \/>\n\t<meta name=\"twitter:data1\" content=\"Tomas Jarvid\" \/>\n\t<meta name=\"twitter:label2\" content=\"Ber\u00e4knad l\u00e4stid\" \/>\n\t<meta name=\"twitter:data2\" content=\"2 minuter\" \/>\n<script type=\"application\/ld+json\" class=\"yoast-schema-graph\">{\"@context\":\"https:\/\/schema.org\",\"@graph\":[{\"@type\":\"Article\",\"@id\":\"https:\/\/blogg.svenskakyrkan.se\/vandravagen\/2012\/12\/28\/menlosa-barns-dag-och-kyrkoaret\/#article\",\"isPartOf\":{\"@id\":\"https:\/\/blogg.svenskakyrkan.se\/vandravagen\/2012\/12\/28\/menlosa-barns-dag-och-kyrkoaret\/\"},\"author\":{\"name\":\"Tomas Jarvid\",\"@id\":\"https:\/\/blogg.svenskakyrkan.se\/vandravagen\/#\/schema\/person\/25da02d4f76b137d04291711e2c9fc16\"},\"headline\":\"Menl\u00f6sa barns dag och kyrko\u00e5ret\",\"datePublished\":\"2012-12-28T18:41:00+00:00\",\"mainEntityOfPage\":{\"@id\":\"https:\/\/blogg.svenskakyrkan.se\/vandravagen\/2012\/12\/28\/menlosa-barns-dag-och-kyrkoaret\/\"},\"wordCount\":330,\"commentCount\":0,\"publisher\":{\"@id\":\"https:\/\/blogg.svenskakyrkan.se\/vandravagen\/#organization\"},\"image\":{\"@id\":\"https:\/\/blogg.svenskakyrkan.se\/vandravagen\/2012\/12\/28\/menlosa-barns-dag-och-kyrkoaret\/#primaryimage\"},\"thumbnailUrl\":\"http:\/\/artbible.net\/3JC\/-Mat-02,16-Massacre%20of%20the_%20des%20innocents\/10%20AMIENS%20ND%20MASSACRE%20OF%20THE%20INNOCENTS.jpg\",\"articleSection\":[\"bibel\",\"kyrko\u00e5ret\"],\"inLanguage\":\"sv-SE\",\"potentialAction\":[{\"@type\":\"CommentAction\",\"name\":\"Comment\",\"target\":[\"https:\/\/blogg.svenskakyrkan.se\/vandravagen\/2012\/12\/28\/menlosa-barns-dag-och-kyrkoaret\/#respond\"]}]},{\"@type\":\"WebPage\",\"@id\":\"https:\/\/blogg.svenskakyrkan.se\/vandravagen\/2012\/12\/28\/menlosa-barns-dag-och-kyrkoaret\/\",\"url\":\"https:\/\/blogg.svenskakyrkan.se\/vandravagen\/2012\/12\/28\/menlosa-barns-dag-och-kyrkoaret\/\",\"name\":\"Menl\u00f6sa barns dag och kyrko\u00e5ret - Vandra V\u00e4gen\",\"isPartOf\":{\"@id\":\"https:\/\/blogg.svenskakyrkan.se\/vandravagen\/#website\"},\"primaryImageOfPage\":{\"@id\":\"https:\/\/blogg.svenskakyrkan.se\/vandravagen\/2012\/12\/28\/menlosa-barns-dag-och-kyrkoaret\/#primaryimage\"},\"image\":{\"@id\":\"https:\/\/blogg.svenskakyrkan.se\/vandravagen\/2012\/12\/28\/menlosa-barns-dag-och-kyrkoaret\/#primaryimage\"},\"thumbnailUrl\":\"http:\/\/artbible.net\/3JC\/-Mat-02,16-Massacre%20of%20the_%20des%20innocents\/10%20AMIENS%20ND%20MASSACRE%20OF%20THE%20INNOCENTS.jpg\",\"datePublished\":\"2012-12-28T18:41:00+00:00\",\"breadcrumb\":{\"@id\":\"https:\/\/blogg.svenskakyrkan.se\/vandravagen\/2012\/12\/28\/menlosa-barns-dag-och-kyrkoaret\/#breadcrumb\"},\"inLanguage\":\"sv-SE\",\"potentialAction\":[{\"@type\":\"ReadAction\",\"target\":[\"https:\/\/blogg.svenskakyrkan.se\/vandravagen\/2012\/12\/28\/menlosa-barns-dag-och-kyrkoaret\/\"]}]},{\"@type\":\"ImageObject\",\"inLanguage\":\"sv-SE\",\"@id\":\"https:\/\/blogg.svenskakyrkan.se\/vandravagen\/2012\/12\/28\/menlosa-barns-dag-och-kyrkoaret\/#primaryimage\",\"url\":\"http:\/\/artbible.net\/3JC\/-Mat-02,16-Massacre%20of%20the_%20des%20innocents\/10%20AMIENS%20ND%20MASSACRE%20OF%20THE%20INNOCENTS.jpg\",\"contentUrl\":\"http:\/\/artbible.net\/3JC\/-Mat-02,16-Massacre%20of%20the_%20des%20innocents\/10%20AMIENS%20ND%20MASSACRE%20OF%20THE%20INNOCENTS.jpg\"},{\"@type\":\"BreadcrumbList\",\"@id\":\"https:\/\/blogg.svenskakyrkan.se\/vandravagen\/2012\/12\/28\/menlosa-barns-dag-och-kyrkoaret\/#breadcrumb\",\"itemListElement\":[{\"@type\":\"ListItem\",\"position\":1,\"name\":\"Hem\",\"item\":\"https:\/\/blogg.svenskakyrkan.se\/vandravagen\/\"},{\"@type\":\"ListItem\",\"position\":2,\"name\":\"Menl\u00f6sa barns dag och kyrko\u00e5ret\"}]},{\"@type\":\"WebSite\",\"@id\":\"https:\/\/blogg.svenskakyrkan.se\/vandravagen\/#website\",\"url\":\"https:\/\/blogg.svenskakyrkan.se\/vandravagen\/\",\"name\":\"Vandra V\u00e4gen\",\"description\":\"-Mot en tro f\u00f6r hela livet\",\"publisher\":{\"@id\":\"https:\/\/blogg.svenskakyrkan.se\/vandravagen\/#organization\"},\"potentialAction\":[{\"@type\":\"SearchAction\",\"target\":{\"@type\":\"EntryPoint\",\"urlTemplate\":\"https:\/\/blogg.svenskakyrkan.se\/vandravagen\/?s={search_term_string}\"},\"query-input\":{\"@type\":\"PropertyValueSpecification\",\"valueRequired\":true,\"valueName\":\"search_term_string\"}}],\"inLanguage\":\"sv-SE\"},{\"@type\":\"Organization\",\"@id\":\"https:\/\/blogg.svenskakyrkan.se\/vandravagen\/#organization\",\"name\":\"ulricehamns pastorat\",\"alternateName\":\"ulricehamns pastorat\",\"url\":\"https:\/\/blogg.svenskakyrkan.se\/vandravagen\/\",\"logo\":{\"@type\":\"ImageObject\",\"inLanguage\":\"sv-SE\",\"@id\":\"https:\/\/blogg.svenskakyrkan.se\/vandravagen\/#\/schema\/logo\/image\/\",\"url\":\"https:\/\/blogg.svenskakyrkan.se\/vandravagen\/files\/2023\/05\/Ulr_logo_RGB.png\",\"contentUrl\":\"https:\/\/blogg.svenskakyrkan.se\/vandravagen\/files\/2023\/05\/Ulr_logo_RGB.png\",\"width\":205,\"height\":77,\"caption\":\"ulricehamns pastorat\"},\"image\":{\"@id\":\"https:\/\/blogg.svenskakyrkan.se\/vandravagen\/#\/schema\/logo\/image\/\"},\"sameAs\":[\"http:\/\/facebook.com\/vandravagen\",\"https:\/\/x.com\/fadertomas\",\"http:\/\/www.facebook.com\/svenskakyrkaniulricehamn\"]},{\"@type\":\"Person\",\"@id\":\"https:\/\/blogg.svenskakyrkan.se\/vandravagen\/#\/schema\/person\/25da02d4f76b137d04291711e2c9fc16\",\"name\":\"Tomas Jarvid\",\"image\":{\"@type\":\"ImageObject\",\"inLanguage\":\"sv-SE\",\"@id\":\"https:\/\/blogg.svenskakyrkan.se\/vandravagen\/#\/schema\/person\/image\/\",\"url\":\"https:\/\/secure.gravatar.com\/avatar\/7fa71899795e8f540f615a1f5ab25255dc27aa40f05ee7ddd21aac521e01bf50?s=96&d=identicon&r=g\",\"contentUrl\":\"https:\/\/secure.gravatar.com\/avatar\/7fa71899795e8f540f615a1f5ab25255dc27aa40f05ee7ddd21aac521e01bf50?s=96&d=identicon&r=g\",\"caption\":\"Tomas Jarvid\"},\"description\":\"Jag bor i Ulricehamn i V\u00e4sterg\u00f6tland och \u00e4r f\u00f6rsamlingspr\u00e4st i Svenska Kyrkan f\u00f6r Dalstorps f\u00f6rsamling i Kinds pastorat. P\u00e5 den h\u00e4r bloggen skriver jag ner tankar om vandringen som kristen.\",\"sameAs\":[\"http:\/\/www.vandravagen.se\"],\"url\":\"https:\/\/blogg.svenskakyrkan.se\/vandravagen\/author\/vandravagen\/\"}]}<\/script>\n<!-- \/ Yoast SEO plugin. -->","yoast_head_json":{"title":"Menl\u00f6sa barns dag och kyrko\u00e5ret - Vandra V\u00e4gen","robots":{"index":"index","follow":"follow","max-snippet":"max-snippet:-1","max-image-preview":"max-image-preview:large","max-video-preview":"max-video-preview:-1"},"canonical":"https:\/\/blogg.svenskakyrkan.se\/vandravagen\/2012\/12\/28\/menlosa-barns-dag-och-kyrkoaret\/","og_locale":"sv_SE","og_type":"article","og_title":"Menl\u00f6sa barns dag och kyrko\u00e5ret - Vandra V\u00e4gen","og_description":"Stenrelief av hemskheterna Idag \u00e4r det dagen som egentligen numera heter &#8221;v\u00e4rnl\u00f6sa barns dag&#8221;. Dock tror jag att den fortfarande oftare kallas menl\u00f6sa barns dag \u00e4ven om f\u00e5 vet vad ordet betyder eller vad det egentligen \u00e4r f\u00f6r en dag. Ordet \u00e4r ju kul i vilket fall, och s\u00e5 kan man ju sk\u00e4mta. Som h\u00e4r [&hellip;]","og_url":"https:\/\/blogg.svenskakyrkan.se\/vandravagen\/2012\/12\/28\/menlosa-barns-dag-och-kyrkoaret\/","og_site_name":"Vandra V\u00e4gen","article_publisher":"http:\/\/facebook.com\/vandravagen","article_published_time":"2012-12-28T18:41:00+00:00","og_image":[{"url":"http:\/\/artbible.net\/3JC\/-Mat-02,16-Massacre%20of%20the_%20des%20innocents\/10%20AMIENS%20ND%20MASSACRE%20OF%20THE%20INNOCENTS.jpg","type":"","width":"","height":""}],"author":"Tomas Jarvid","twitter_card":"summary_large_image","twitter_creator":"@fadertomas","twitter_site":"@fadertomas","twitter_misc":{"Skriven av":"Tomas Jarvid","Ber\u00e4knad l\u00e4stid":"2 minuter"},"schema":{"@context":"https:\/\/schema.org","@graph":[{"@type":"Article","@id":"https:\/\/blogg.svenskakyrkan.se\/vandravagen\/2012\/12\/28\/menlosa-barns-dag-och-kyrkoaret\/#article","isPartOf":{"@id":"https:\/\/blogg.svenskakyrkan.se\/vandravagen\/2012\/12\/28\/menlosa-barns-dag-och-kyrkoaret\/"},"author":{"name":"Tomas Jarvid","@id":"https:\/\/blogg.svenskakyrkan.se\/vandravagen\/#\/schema\/person\/25da02d4f76b137d04291711e2c9fc16"},"headline":"Menl\u00f6sa barns dag och kyrko\u00e5ret","datePublished":"2012-12-28T18:41:00+00:00","mainEntityOfPage":{"@id":"https:\/\/blogg.svenskakyrkan.se\/vandravagen\/2012\/12\/28\/menlosa-barns-dag-och-kyrkoaret\/"},"wordCount":330,"commentCount":0,"publisher":{"@id":"https:\/\/blogg.svenskakyrkan.se\/vandravagen\/#organization"},"image":{"@id":"https:\/\/blogg.svenskakyrkan.se\/vandravagen\/2012\/12\/28\/menlosa-barns-dag-och-kyrkoaret\/#primaryimage"},"thumbnailUrl":"http:\/\/artbible.net\/3JC\/-Mat-02,16-Massacre%20of%20the_%20des%20innocents\/10%20AMIENS%20ND%20MASSACRE%20OF%20THE%20INNOCENTS.jpg","articleSection":["bibel","kyrko\u00e5ret"],"inLanguage":"sv-SE","potentialAction":[{"@type":"CommentAction","name":"Comment","target":["https:\/\/blogg.svenskakyrkan.se\/vandravagen\/2012\/12\/28\/menlosa-barns-dag-och-kyrkoaret\/#respond"]}]},{"@type":"WebPage","@id":"https:\/\/blogg.svenskakyrkan.se\/vandravagen\/2012\/12\/28\/menlosa-barns-dag-och-kyrkoaret\/","url":"https:\/\/blogg.svenskakyrkan.se\/vandravagen\/2012\/12\/28\/menlosa-barns-dag-och-kyrkoaret\/","name":"Menl\u00f6sa barns dag och kyrko\u00e5ret - Vandra V\u00e4gen","isPartOf":{"@id":"https:\/\/blogg.svenskakyrkan.se\/vandravagen\/#website"},"primaryImageOfPage":{"@id":"https:\/\/blogg.svenskakyrkan.se\/vandravagen\/2012\/12\/28\/menlosa-barns-dag-och-kyrkoaret\/#primaryimage"},"image":{"@id":"https:\/\/blogg.svenskakyrkan.se\/vandravagen\/2012\/12\/28\/menlosa-barns-dag-och-kyrkoaret\/#primaryimage"},"thumbnailUrl":"http:\/\/artbible.net\/3JC\/-Mat-02,16-Massacre%20of%20the_%20des%20innocents\/10%20AMIENS%20ND%20MASSACRE%20OF%20THE%20INNOCENTS.jpg","datePublished":"2012-12-28T18:41:00+00:00","breadcrumb":{"@id":"https:\/\/blogg.svenskakyrkan.se\/vandravagen\/2012\/12\/28\/menlosa-barns-dag-och-kyrkoaret\/#breadcrumb"},"inLanguage":"sv-SE","potentialAction":[{"@type":"ReadAction","target":["https:\/\/blogg.svenskakyrkan.se\/vandravagen\/2012\/12\/28\/menlosa-barns-dag-och-kyrkoaret\/"]}]},{"@type":"ImageObject","inLanguage":"sv-SE","@id":"https:\/\/blogg.svenskakyrkan.se\/vandravagen\/2012\/12\/28\/menlosa-barns-dag-och-kyrkoaret\/#primaryimage","url":"http:\/\/artbible.net\/3JC\/-Mat-02,16-Massacre%20of%20the_%20des%20innocents\/10%20AMIENS%20ND%20MASSACRE%20OF%20THE%20INNOCENTS.jpg","contentUrl":"http:\/\/artbible.net\/3JC\/-Mat-02,16-Massacre%20of%20the_%20des%20innocents\/10%20AMIENS%20ND%20MASSACRE%20OF%20THE%20INNOCENTS.jpg"},{"@type":"BreadcrumbList","@id":"https:\/\/blogg.svenskakyrkan.se\/vandravagen\/2012\/12\/28\/menlosa-barns-dag-och-kyrkoaret\/#breadcrumb","itemListElement":[{"@type":"ListItem","position":1,"name":"Hem","item":"https:\/\/blogg.svenskakyrkan.se\/vandravagen\/"},{"@type":"ListItem","position":2,"name":"Menl\u00f6sa barns dag och kyrko\u00e5ret"}]},{"@type":"WebSite","@id":"https:\/\/blogg.svenskakyrkan.se\/vandravagen\/#website","url":"https:\/\/blogg.svenskakyrkan.se\/vandravagen\/","name":"Vandra V\u00e4gen","description":"-Mot en tro f\u00f6r hela livet","publisher":{"@id":"https:\/\/blogg.svenskakyrkan.se\/vandravagen\/#organization"},"potentialAction":[{"@type":"SearchAction","target":{"@type":"EntryPoint","urlTemplate":"https:\/\/blogg.svenskakyrkan.se\/vandravagen\/?s={search_term_string}"},"query-input":{"@type":"PropertyValueSpecification","valueRequired":true,"valueName":"search_term_string"}}],"inLanguage":"sv-SE"},{"@type":"Organization","@id":"https:\/\/blogg.svenskakyrkan.se\/vandravagen\/#organization","name":"ulricehamns pastorat","alternateName":"ulricehamns pastorat","url":"https:\/\/blogg.svenskakyrkan.se\/vandravagen\/","logo":{"@type":"ImageObject","inLanguage":"sv-SE","@id":"https:\/\/blogg.svenskakyrkan.se\/vandravagen\/#\/schema\/logo\/image\/","url":"https:\/\/blogg.svenskakyrkan.se\/vandravagen\/files\/2023\/05\/Ulr_logo_RGB.png","contentUrl":"https:\/\/blogg.svenskakyrkan.se\/vandravagen\/files\/2023\/05\/Ulr_logo_RGB.png","width":205,"height":77,"caption":"ulricehamns pastorat"},"image":{"@id":"https:\/\/blogg.svenskakyrkan.se\/vandravagen\/#\/schema\/logo\/image\/"},"sameAs":["http:\/\/facebook.com\/vandravagen","https:\/\/x.com\/fadertomas","http:\/\/www.facebook.com\/svenskakyrkaniulricehamn"]},{"@type":"Person","@id":"https:\/\/blogg.svenskakyrkan.se\/vandravagen\/#\/schema\/person\/25da02d4f76b137d04291711e2c9fc16","name":"Tomas Jarvid","image":{"@type":"ImageObject","inLanguage":"sv-SE","@id":"https:\/\/blogg.svenskakyrkan.se\/vandravagen\/#\/schema\/person\/image\/","url":"https:\/\/secure.gravatar.com\/avatar\/7fa71899795e8f540f615a1f5ab25255dc27aa40f05ee7ddd21aac521e01bf50?s=96&d=identicon&r=g","contentUrl":"https:\/\/secure.gravatar.com\/avatar\/7fa71899795e8f540f615a1f5ab25255dc27aa40f05ee7ddd21aac521e01bf50?s=96&d=identicon&r=g","caption":"Tomas Jarvid"},"description":"Jag bor i Ulricehamn i V\u00e4sterg\u00f6tland och \u00e4r f\u00f6rsamlingspr\u00e4st i Svenska Kyrkan f\u00f6r Dalstorps f\u00f6rsamling i Kinds pastorat. P\u00e5 den h\u00e4r bloggen skriver jag ner tankar om vandringen som kristen.","sameAs":["http:\/\/www.vandravagen.se"],"url":"https:\/\/blogg.svenskakyrkan.se\/vandravagen\/author\/vandravagen\/"}]}},"author_meta":{"ID":"392","user_nicename":"vandravagen","user_url":"http:\/\/www.vandravagen.se","user_registered":"2014-05-19 05:44:52","display_name":"Tomas Jarvid","first_name":"Tomas","last_name":"Jarvid","avatar":"https:\/\/secure.gravatar.com\/avatar\/7fa71899795e8f540f615a1f5ab25255dc27aa40f05ee7ddd21aac521e01bf50?s=96&d=identicon&r=g"},"featured_image":false,"bloginfo":{"name":"Vandra V\u00e4gen","url":"https:\/\/blogg.svenskakyrkan.se\/vandravagen"},"_links":{"self":[{"href":"https:\/\/blogg.svenskakyrkan.se\/vandravagen\/wp-json\/wp\/v2\/posts\/794","targetHints":{"allow":["GET"]}}],"collection":[{"href":"https:\/\/blogg.svenskakyrkan.se\/vandravagen\/wp-json\/wp\/v2\/posts"}],"about":[{"href":"https:\/\/blogg.svenskakyrkan.se\/vandravagen\/wp-json\/wp\/v2\/types\/post"}],"author":[{"embeddable":true,"href":"https:\/\/blogg.svenskakyrkan.se\/vandravagen\/wp-json\/wp\/v2\/users\/392"}],"replies":[{"embeddable":true,"href":"https:\/\/blogg.svenskakyrkan.se\/vandravagen\/wp-json\/wp\/v2\/comments?post=794"}],"version-history":[{"count":0,"href":"https:\/\/blogg.svenskakyrkan.se\/vandravagen\/wp-json\/wp\/v2\/posts\/794\/revisions"}],"wp:attachment":[{"href":"https:\/\/blogg.svenskakyrkan.se\/vandravagen\/wp-json\/wp\/v2\/media?parent=794"}],"wp:term":[{"taxonomy":"category","embeddable":true,"href":"https:\/\/blogg.svenskakyrkan.se\/vandravagen\/wp-json\/wp\/v2\/categories?post=794"},{"taxonomy":"post_tag","embeddable":true,"href":"https:\/\/blogg.svenskakyrkan.se\/vandravagen\/wp-json\/wp\/v2\/tags?post=794"}],"curies":[{"name":"wp","href":"https:\/\/api.w.org\/{rel}","templated":true}]}}