{"id":7945,"date":"2020-05-31T07:00:25","date_gmt":"2020-05-31T05:00:25","guid":{"rendered":"http:\/\/blogg.svenskakyrkan.se\/vandravagen\/?p=7945"},"modified":"2020-05-30T23:13:15","modified_gmt":"2020-05-30T21:13:15","slug":"8-blandade-tankar-pa-pingstdagen-3","status":"publish","type":"post","link":"https:\/\/blogg.svenskakyrkan.se\/vandravagen\/2020\/05\/31\/8-blandade-tankar-pa-pingstdagen-3\/","title":{"rendered":"8 blandade tankar p\u00e5 pingstdagen"},"content":{"rendered":"\n\n\n<figure class=\"wp-block-image size-large is-style-default\"><img loading=\"lazy\" decoding=\"async\" width=\"1024\" height=\"651\" src=\"https:\/\/blogg.svenskakyrkan.se\/vandravagen\/files\/2020\/05\/IMG_4792-1024x651.jpg\" alt=\"\" class=\"wp-image-7946\" srcset=\"https:\/\/blogg.svenskakyrkan.se\/vandravagen\/files\/2020\/05\/IMG_4792-1024x651.jpg 1024w, https:\/\/blogg.svenskakyrkan.se\/vandravagen\/files\/2020\/05\/IMG_4792-300x191.jpg 300w, https:\/\/blogg.svenskakyrkan.se\/vandravagen\/files\/2020\/05\/IMG_4792-768x488.jpg 768w, https:\/\/blogg.svenskakyrkan.se\/vandravagen\/files\/2020\/05\/IMG_4792.jpg 1106w\" sizes=\"auto, (max-width: 1024px) 100vw, 1024px\" \/><\/figure>\n\n\n\n<ol class=\"wp-block-list\"><li>Glad s\u00f6ndag, och glad pingst k\u00e4ra l\u00e4sare!<\/li><li>Idag \u00e4r det en m\u00e4rklig pingstdag. Det planerade var att det h\u00e4r \u00e4r dagen f\u00f6r f\u00f6rsamlingens sommarfest efter gudstj\u00e4nsten men s\u00e5 \u00e4r det ju nu inte. D\u00e4remot \u00e4r kyrkan i Dalstorp \u00f6ppen f\u00f6r enskild andakt mellan 11 och 12, kommer du dit s\u00e5 ses vi.<\/li><li>Det st\u00f6rsta som h\u00e4nt den h\u00e4r veckan \u00e4r att v\u00e5r nya kormatta har blivit lagd p\u00e5 plats. Det \u00e4r nu r\u00e4tt l\u00e4nge sedan den f\u00f6rra blev stulen och det har varit kalt i koret ett bra tag men nu f\u00e5r vi ha det fint hos oss igen. Det var mer k\u00e4nslosamt \u00e4n jag v\u00e4ntat mig att f\u00e5 vara med och smycka kyrkan p\u00e5 nytt.<\/li><li>Idag ska jag ocks\u00e5 paddla kanot p\u00e5 J\u00e4lm\u00e5n med konfirmanderna och l\u00e4ngs v\u00e4gen f\u00f6rbereda n\u00e5got inf\u00f6r konfirmationen (som nu f\u00e5r bli i h\u00f6st). J\u00e4lm\u00e5n \u00e4r verkligen en fin led b\u00e5de f\u00f6r paddling och vandring.<\/li><li>Vi har ocks\u00e5 s\u00e5tt m\u00e5nga fr\u00f6n hemma de senaste dagarna. Det k\u00e4nns kanske lite som att bit f\u00f6r bit bli som sina f\u00f6r\u00e4ldrar n\u00e4r vi nu har n\u00e5gra f\u00e5ror f\u00f6r gr\u00f6nskaker bredvid dem d\u00e4r de alltid haft det (och f\u00f6rf\u00e4der f\u00f6re dem och s\u00e5 vidare) men mest k\u00e4nns det v\u00e4ldigt roligt. <\/li><li>2020 blir n\u00e5n slags rekord\u00e5r f\u00f6r hemmaodling \u00f6verlag har jag f\u00f6rst\u00e5tt. Det kan v\u00e4l \u00e4nd\u00e5 bara vara bra f\u00f6r oss att vi f\u00e5r chans att vara n\u00e4ra jorden?<\/li><li>Den helige Ande \u00e4r ju stj\u00e4rnan f\u00f6r dagen. M\u00e5 Guds Ande leda sin kyrka, och dig och mig p\u00e5 v\u00e5r v\u00e4g mot framtiden denna oklara tid. <\/li><li>Vad g\u00f6r du idag? Skriv en rad och ber\u00e4tta!<\/li><\/ol>\n","protected":false},"excerpt":{"rendered":"<p>Glad s\u00f6ndag, och glad pingst k\u00e4ra l\u00e4sare! Idag \u00e4r det en m\u00e4rklig pingstdag. Det planerade var att det h\u00e4r \u00e4r dagen f\u00f6r f\u00f6rsamlingens sommarfest efter gudstj\u00e4nsten men s\u00e5 \u00e4r det ju nu inte. D\u00e4remot \u00e4r kyrkan i Dalstorp \u00f6ppen f\u00f6r enskild andakt mellan 11 och 12, kommer du dit s\u00e5 ses vi. Det st\u00f6rsta som [&hellip;]<\/p>\n","protected":false},"author":392,"featured_media":7946,"comment_status":"open","ping_status":"open","sticky":false,"template":"","format":"standard","meta":{"_acf_changed":false,"footnotes":""},"categories":[76766],"tags":[],"class_list":["post-7945","post","type-post","status-publish","format-standard","has-post-thumbnail","hentry","category-blandat"],"acf":[],"yoast_head":"<!-- This site is optimized with the Yoast SEO plugin v27.1.1 - https:\/\/yoast.com\/product\/yoast-seo-wordpress\/ -->\n<title>8 blandade tankar p\u00e5 pingstdagen - Vandra V\u00e4gen<\/title>\n<meta name=\"robots\" content=\"index, follow, max-snippet:-1, max-image-preview:large, max-video-preview:-1\" \/>\n<link rel=\"canonical\" href=\"https:\/\/blogg.svenskakyrkan.se\/vandravagen\/2020\/05\/31\/8-blandade-tankar-pa-pingstdagen-3\/\" \/>\n<meta property=\"og:locale\" content=\"sv_SE\" \/>\n<meta property=\"og:type\" content=\"article\" \/>\n<meta property=\"og:title\" content=\"8 blandade tankar p\u00e5 pingstdagen - Vandra V\u00e4gen\" \/>\n<meta property=\"og:description\" content=\"Glad s\u00f6ndag, och glad pingst k\u00e4ra l\u00e4sare! Idag \u00e4r det en m\u00e4rklig pingstdag. Det planerade var att det h\u00e4r \u00e4r dagen f\u00f6r f\u00f6rsamlingens sommarfest efter gudstj\u00e4nsten men s\u00e5 \u00e4r det ju nu inte. D\u00e4remot \u00e4r kyrkan i Dalstorp \u00f6ppen f\u00f6r enskild andakt mellan 11 och 12, kommer du dit s\u00e5 ses vi. Det st\u00f6rsta som [&hellip;]\" \/>\n<meta property=\"og:url\" content=\"https:\/\/blogg.svenskakyrkan.se\/vandravagen\/2020\/05\/31\/8-blandade-tankar-pa-pingstdagen-3\/\" \/>\n<meta property=\"og:site_name\" content=\"Vandra V\u00e4gen\" \/>\n<meta property=\"article:publisher\" content=\"http:\/\/facebook.com\/vandravagen\" \/>\n<meta property=\"article:published_time\" content=\"2020-05-31T05:00:25+00:00\" \/>\n<meta property=\"og:image\" content=\"https:\/\/blogg.svenskakyrkan.se\/vandravagen\/files\/2020\/05\/IMG_4792.jpg\" \/>\n\t<meta property=\"og:image:width\" content=\"1106\" \/>\n\t<meta property=\"og:image:height\" content=\"703\" \/>\n\t<meta property=\"og:image:type\" content=\"image\/jpeg\" \/>\n<meta name=\"author\" content=\"Tomas Jarvid\" \/>\n<meta name=\"twitter:card\" content=\"summary_large_image\" \/>\n<meta name=\"twitter:creator\" content=\"@fadertomas\" \/>\n<meta name=\"twitter:site\" content=\"@fadertomas\" \/>\n<meta name=\"twitter:label1\" content=\"Skriven av\" \/>\n\t<meta name=\"twitter:data1\" content=\"Tomas Jarvid\" \/>\n\t<meta name=\"twitter:label2\" content=\"Ber\u00e4knad l\u00e4stid\" \/>\n\t<meta name=\"twitter:data2\" content=\"2 minuter\" \/>\n<script type=\"application\/ld+json\" class=\"yoast-schema-graph\">{\"@context\":\"https:\/\/schema.org\",\"@graph\":[{\"@type\":\"Article\",\"@id\":\"https:\/\/blogg.svenskakyrkan.se\/vandravagen\/2020\/05\/31\/8-blandade-tankar-pa-pingstdagen-3\/#article\",\"isPartOf\":{\"@id\":\"https:\/\/blogg.svenskakyrkan.se\/vandravagen\/2020\/05\/31\/8-blandade-tankar-pa-pingstdagen-3\/\"},\"author\":{\"name\":\"Tomas Jarvid\",\"@id\":\"https:\/\/blogg.svenskakyrkan.se\/vandravagen\/#\/schema\/person\/25da02d4f76b137d04291711e2c9fc16\"},\"headline\":\"8 blandade tankar p\u00e5 pingstdagen\",\"datePublished\":\"2020-05-31T05:00:25+00:00\",\"mainEntityOfPage\":{\"@id\":\"https:\/\/blogg.svenskakyrkan.se\/vandravagen\/2020\/05\/31\/8-blandade-tankar-pa-pingstdagen-3\/\"},\"wordCount\":331,\"commentCount\":7,\"publisher\":{\"@id\":\"https:\/\/blogg.svenskakyrkan.se\/vandravagen\/#organization\"},\"image\":{\"@id\":\"https:\/\/blogg.svenskakyrkan.se\/vandravagen\/2020\/05\/31\/8-blandade-tankar-pa-pingstdagen-3\/#primaryimage\"},\"thumbnailUrl\":\"https:\/\/blogg.svenskakyrkan.se\/vandravagen\/files\/2020\/05\/IMG_4792.jpg\",\"articleSection\":[\"blandat\"],\"inLanguage\":\"sv-SE\",\"potentialAction\":[{\"@type\":\"CommentAction\",\"name\":\"Comment\",\"target\":[\"https:\/\/blogg.svenskakyrkan.se\/vandravagen\/2020\/05\/31\/8-blandade-tankar-pa-pingstdagen-3\/#respond\"]}]},{\"@type\":\"WebPage\",\"@id\":\"https:\/\/blogg.svenskakyrkan.se\/vandravagen\/2020\/05\/31\/8-blandade-tankar-pa-pingstdagen-3\/\",\"url\":\"https:\/\/blogg.svenskakyrkan.se\/vandravagen\/2020\/05\/31\/8-blandade-tankar-pa-pingstdagen-3\/\",\"name\":\"8 blandade tankar p\u00e5 pingstdagen - Vandra V\u00e4gen\",\"isPartOf\":{\"@id\":\"https:\/\/blogg.svenskakyrkan.se\/vandravagen\/#website\"},\"primaryImageOfPage\":{\"@id\":\"https:\/\/blogg.svenskakyrkan.se\/vandravagen\/2020\/05\/31\/8-blandade-tankar-pa-pingstdagen-3\/#primaryimage\"},\"image\":{\"@id\":\"https:\/\/blogg.svenskakyrkan.se\/vandravagen\/2020\/05\/31\/8-blandade-tankar-pa-pingstdagen-3\/#primaryimage\"},\"thumbnailUrl\":\"https:\/\/blogg.svenskakyrkan.se\/vandravagen\/files\/2020\/05\/IMG_4792.jpg\",\"datePublished\":\"2020-05-31T05:00:25+00:00\",\"breadcrumb\":{\"@id\":\"https:\/\/blogg.svenskakyrkan.se\/vandravagen\/2020\/05\/31\/8-blandade-tankar-pa-pingstdagen-3\/#breadcrumb\"},\"inLanguage\":\"sv-SE\",\"potentialAction\":[{\"@type\":\"ReadAction\",\"target\":[\"https:\/\/blogg.svenskakyrkan.se\/vandravagen\/2020\/05\/31\/8-blandade-tankar-pa-pingstdagen-3\/\"]}]},{\"@type\":\"ImageObject\",\"inLanguage\":\"sv-SE\",\"@id\":\"https:\/\/blogg.svenskakyrkan.se\/vandravagen\/2020\/05\/31\/8-blandade-tankar-pa-pingstdagen-3\/#primaryimage\",\"url\":\"https:\/\/blogg.svenskakyrkan.se\/vandravagen\/files\/2020\/05\/IMG_4792.jpg\",\"contentUrl\":\"https:\/\/blogg.svenskakyrkan.se\/vandravagen\/files\/2020\/05\/IMG_4792.jpg\",\"width\":1106,\"height\":703},{\"@type\":\"BreadcrumbList\",\"@id\":\"https:\/\/blogg.svenskakyrkan.se\/vandravagen\/2020\/05\/31\/8-blandade-tankar-pa-pingstdagen-3\/#breadcrumb\",\"itemListElement\":[{\"@type\":\"ListItem\",\"position\":1,\"name\":\"Hem\",\"item\":\"https:\/\/blogg.svenskakyrkan.se\/vandravagen\/\"},{\"@type\":\"ListItem\",\"position\":2,\"name\":\"8 blandade tankar p\u00e5 pingstdagen\"}]},{\"@type\":\"WebSite\",\"@id\":\"https:\/\/blogg.svenskakyrkan.se\/vandravagen\/#website\",\"url\":\"https:\/\/blogg.svenskakyrkan.se\/vandravagen\/\",\"name\":\"Vandra V\u00e4gen\",\"description\":\"-Mot en tro f\u00f6r hela livet\",\"publisher\":{\"@id\":\"https:\/\/blogg.svenskakyrkan.se\/vandravagen\/#organization\"},\"potentialAction\":[{\"@type\":\"SearchAction\",\"target\":{\"@type\":\"EntryPoint\",\"urlTemplate\":\"https:\/\/blogg.svenskakyrkan.se\/vandravagen\/?s={search_term_string}\"},\"query-input\":{\"@type\":\"PropertyValueSpecification\",\"valueRequired\":true,\"valueName\":\"search_term_string\"}}],\"inLanguage\":\"sv-SE\"},{\"@type\":\"Organization\",\"@id\":\"https:\/\/blogg.svenskakyrkan.se\/vandravagen\/#organization\",\"name\":\"ulricehamns pastorat\",\"alternateName\":\"ulricehamns pastorat\",\"url\":\"https:\/\/blogg.svenskakyrkan.se\/vandravagen\/\",\"logo\":{\"@type\":\"ImageObject\",\"inLanguage\":\"sv-SE\",\"@id\":\"https:\/\/blogg.svenskakyrkan.se\/vandravagen\/#\/schema\/logo\/image\/\",\"url\":\"https:\/\/blogg.svenskakyrkan.se\/vandravagen\/files\/2023\/05\/Ulr_logo_RGB.png\",\"contentUrl\":\"https:\/\/blogg.svenskakyrkan.se\/vandravagen\/files\/2023\/05\/Ulr_logo_RGB.png\",\"width\":205,\"height\":77,\"caption\":\"ulricehamns pastorat\"},\"image\":{\"@id\":\"https:\/\/blogg.svenskakyrkan.se\/vandravagen\/#\/schema\/logo\/image\/\"},\"sameAs\":[\"http:\/\/facebook.com\/vandravagen\",\"https:\/\/x.com\/fadertomas\",\"http:\/\/www.facebook.com\/svenskakyrkaniulricehamn\"]},{\"@type\":\"Person\",\"@id\":\"https:\/\/blogg.svenskakyrkan.se\/vandravagen\/#\/schema\/person\/25da02d4f76b137d04291711e2c9fc16\",\"name\":\"Tomas Jarvid\",\"image\":{\"@type\":\"ImageObject\",\"inLanguage\":\"sv-SE\",\"@id\":\"https:\/\/blogg.svenskakyrkan.se\/vandravagen\/#\/schema\/person\/image\/\",\"url\":\"https:\/\/secure.gravatar.com\/avatar\/7fa71899795e8f540f615a1f5ab25255dc27aa40f05ee7ddd21aac521e01bf50?s=96&d=identicon&r=g\",\"contentUrl\":\"https:\/\/secure.gravatar.com\/avatar\/7fa71899795e8f540f615a1f5ab25255dc27aa40f05ee7ddd21aac521e01bf50?s=96&d=identicon&r=g\",\"caption\":\"Tomas Jarvid\"},\"description\":\"Jag bor i Ulricehamn i V\u00e4sterg\u00f6tland och \u00e4r f\u00f6rsamlingspr\u00e4st i Svenska Kyrkan f\u00f6r Dalstorps f\u00f6rsamling i Kinds pastorat. P\u00e5 den h\u00e4r bloggen skriver jag ner tankar om vandringen som kristen.\",\"sameAs\":[\"http:\/\/www.vandravagen.se\"],\"url\":\"https:\/\/blogg.svenskakyrkan.se\/vandravagen\/author\/vandravagen\/\"}]}<\/script>\n<!-- \/ Yoast SEO plugin. -->","yoast_head_json":{"title":"8 blandade tankar p\u00e5 pingstdagen - Vandra V\u00e4gen","robots":{"index":"index","follow":"follow","max-snippet":"max-snippet:-1","max-image-preview":"max-image-preview:large","max-video-preview":"max-video-preview:-1"},"canonical":"https:\/\/blogg.svenskakyrkan.se\/vandravagen\/2020\/05\/31\/8-blandade-tankar-pa-pingstdagen-3\/","og_locale":"sv_SE","og_type":"article","og_title":"8 blandade tankar p\u00e5 pingstdagen - Vandra V\u00e4gen","og_description":"Glad s\u00f6ndag, och glad pingst k\u00e4ra l\u00e4sare! Idag \u00e4r det en m\u00e4rklig pingstdag. Det planerade var att det h\u00e4r \u00e4r dagen f\u00f6r f\u00f6rsamlingens sommarfest efter gudstj\u00e4nsten men s\u00e5 \u00e4r det ju nu inte. D\u00e4remot \u00e4r kyrkan i Dalstorp \u00f6ppen f\u00f6r enskild andakt mellan 11 och 12, kommer du dit s\u00e5 ses vi. Det st\u00f6rsta som [&hellip;]","og_url":"https:\/\/blogg.svenskakyrkan.se\/vandravagen\/2020\/05\/31\/8-blandade-tankar-pa-pingstdagen-3\/","og_site_name":"Vandra V\u00e4gen","article_publisher":"http:\/\/facebook.com\/vandravagen","article_published_time":"2020-05-31T05:00:25+00:00","og_image":[{"width":1106,"height":703,"url":"https:\/\/blogg.svenskakyrkan.se\/vandravagen\/files\/2020\/05\/IMG_4792.jpg","type":"image\/jpeg"}],"author":"Tomas Jarvid","twitter_card":"summary_large_image","twitter_creator":"@fadertomas","twitter_site":"@fadertomas","twitter_misc":{"Skriven av":"Tomas Jarvid","Ber\u00e4knad l\u00e4stid":"2 minuter"},"schema":{"@context":"https:\/\/schema.org","@graph":[{"@type":"Article","@id":"https:\/\/blogg.svenskakyrkan.se\/vandravagen\/2020\/05\/31\/8-blandade-tankar-pa-pingstdagen-3\/#article","isPartOf":{"@id":"https:\/\/blogg.svenskakyrkan.se\/vandravagen\/2020\/05\/31\/8-blandade-tankar-pa-pingstdagen-3\/"},"author":{"name":"Tomas Jarvid","@id":"https:\/\/blogg.svenskakyrkan.se\/vandravagen\/#\/schema\/person\/25da02d4f76b137d04291711e2c9fc16"},"headline":"8 blandade tankar p\u00e5 pingstdagen","datePublished":"2020-05-31T05:00:25+00:00","mainEntityOfPage":{"@id":"https:\/\/blogg.svenskakyrkan.se\/vandravagen\/2020\/05\/31\/8-blandade-tankar-pa-pingstdagen-3\/"},"wordCount":331,"commentCount":7,"publisher":{"@id":"https:\/\/blogg.svenskakyrkan.se\/vandravagen\/#organization"},"image":{"@id":"https:\/\/blogg.svenskakyrkan.se\/vandravagen\/2020\/05\/31\/8-blandade-tankar-pa-pingstdagen-3\/#primaryimage"},"thumbnailUrl":"https:\/\/blogg.svenskakyrkan.se\/vandravagen\/files\/2020\/05\/IMG_4792.jpg","articleSection":["blandat"],"inLanguage":"sv-SE","potentialAction":[{"@type":"CommentAction","name":"Comment","target":["https:\/\/blogg.svenskakyrkan.se\/vandravagen\/2020\/05\/31\/8-blandade-tankar-pa-pingstdagen-3\/#respond"]}]},{"@type":"WebPage","@id":"https:\/\/blogg.svenskakyrkan.se\/vandravagen\/2020\/05\/31\/8-blandade-tankar-pa-pingstdagen-3\/","url":"https:\/\/blogg.svenskakyrkan.se\/vandravagen\/2020\/05\/31\/8-blandade-tankar-pa-pingstdagen-3\/","name":"8 blandade tankar p\u00e5 pingstdagen - Vandra V\u00e4gen","isPartOf":{"@id":"https:\/\/blogg.svenskakyrkan.se\/vandravagen\/#website"},"primaryImageOfPage":{"@id":"https:\/\/blogg.svenskakyrkan.se\/vandravagen\/2020\/05\/31\/8-blandade-tankar-pa-pingstdagen-3\/#primaryimage"},"image":{"@id":"https:\/\/blogg.svenskakyrkan.se\/vandravagen\/2020\/05\/31\/8-blandade-tankar-pa-pingstdagen-3\/#primaryimage"},"thumbnailUrl":"https:\/\/blogg.svenskakyrkan.se\/vandravagen\/files\/2020\/05\/IMG_4792.jpg","datePublished":"2020-05-31T05:00:25+00:00","breadcrumb":{"@id":"https:\/\/blogg.svenskakyrkan.se\/vandravagen\/2020\/05\/31\/8-blandade-tankar-pa-pingstdagen-3\/#breadcrumb"},"inLanguage":"sv-SE","potentialAction":[{"@type":"ReadAction","target":["https:\/\/blogg.svenskakyrkan.se\/vandravagen\/2020\/05\/31\/8-blandade-tankar-pa-pingstdagen-3\/"]}]},{"@type":"ImageObject","inLanguage":"sv-SE","@id":"https:\/\/blogg.svenskakyrkan.se\/vandravagen\/2020\/05\/31\/8-blandade-tankar-pa-pingstdagen-3\/#primaryimage","url":"https:\/\/blogg.svenskakyrkan.se\/vandravagen\/files\/2020\/05\/IMG_4792.jpg","contentUrl":"https:\/\/blogg.svenskakyrkan.se\/vandravagen\/files\/2020\/05\/IMG_4792.jpg","width":1106,"height":703},{"@type":"BreadcrumbList","@id":"https:\/\/blogg.svenskakyrkan.se\/vandravagen\/2020\/05\/31\/8-blandade-tankar-pa-pingstdagen-3\/#breadcrumb","itemListElement":[{"@type":"ListItem","position":1,"name":"Hem","item":"https:\/\/blogg.svenskakyrkan.se\/vandravagen\/"},{"@type":"ListItem","position":2,"name":"8 blandade tankar p\u00e5 pingstdagen"}]},{"@type":"WebSite","@id":"https:\/\/blogg.svenskakyrkan.se\/vandravagen\/#website","url":"https:\/\/blogg.svenskakyrkan.se\/vandravagen\/","name":"Vandra V\u00e4gen","description":"-Mot en tro f\u00f6r hela livet","publisher":{"@id":"https:\/\/blogg.svenskakyrkan.se\/vandravagen\/#organization"},"potentialAction":[{"@type":"SearchAction","target":{"@type":"EntryPoint","urlTemplate":"https:\/\/blogg.svenskakyrkan.se\/vandravagen\/?s={search_term_string}"},"query-input":{"@type":"PropertyValueSpecification","valueRequired":true,"valueName":"search_term_string"}}],"inLanguage":"sv-SE"},{"@type":"Organization","@id":"https:\/\/blogg.svenskakyrkan.se\/vandravagen\/#organization","name":"ulricehamns pastorat","alternateName":"ulricehamns pastorat","url":"https:\/\/blogg.svenskakyrkan.se\/vandravagen\/","logo":{"@type":"ImageObject","inLanguage":"sv-SE","@id":"https:\/\/blogg.svenskakyrkan.se\/vandravagen\/#\/schema\/logo\/image\/","url":"https:\/\/blogg.svenskakyrkan.se\/vandravagen\/files\/2023\/05\/Ulr_logo_RGB.png","contentUrl":"https:\/\/blogg.svenskakyrkan.se\/vandravagen\/files\/2023\/05\/Ulr_logo_RGB.png","width":205,"height":77,"caption":"ulricehamns pastorat"},"image":{"@id":"https:\/\/blogg.svenskakyrkan.se\/vandravagen\/#\/schema\/logo\/image\/"},"sameAs":["http:\/\/facebook.com\/vandravagen","https:\/\/x.com\/fadertomas","http:\/\/www.facebook.com\/svenskakyrkaniulricehamn"]},{"@type":"Person","@id":"https:\/\/blogg.svenskakyrkan.se\/vandravagen\/#\/schema\/person\/25da02d4f76b137d04291711e2c9fc16","name":"Tomas Jarvid","image":{"@type":"ImageObject","inLanguage":"sv-SE","@id":"https:\/\/blogg.svenskakyrkan.se\/vandravagen\/#\/schema\/person\/image\/","url":"https:\/\/secure.gravatar.com\/avatar\/7fa71899795e8f540f615a1f5ab25255dc27aa40f05ee7ddd21aac521e01bf50?s=96&d=identicon&r=g","contentUrl":"https:\/\/secure.gravatar.com\/avatar\/7fa71899795e8f540f615a1f5ab25255dc27aa40f05ee7ddd21aac521e01bf50?s=96&d=identicon&r=g","caption":"Tomas Jarvid"},"description":"Jag bor i Ulricehamn i V\u00e4sterg\u00f6tland och \u00e4r f\u00f6rsamlingspr\u00e4st i Svenska Kyrkan f\u00f6r Dalstorps f\u00f6rsamling i Kinds pastorat. P\u00e5 den h\u00e4r bloggen skriver jag ner tankar om vandringen som kristen.","sameAs":["http:\/\/www.vandravagen.se"],"url":"https:\/\/blogg.svenskakyrkan.se\/vandravagen\/author\/vandravagen\/"}]}},"author_meta":{"ID":"392","user_nicename":"vandravagen","user_url":"http:\/\/www.vandravagen.se","user_registered":"2014-05-19 05:44:52","display_name":"Tomas Jarvid","first_name":"Tomas","last_name":"Jarvid","avatar":"https:\/\/secure.gravatar.com\/avatar\/7fa71899795e8f540f615a1f5ab25255dc27aa40f05ee7ddd21aac521e01bf50?s=96&d=identicon&r=g"},"featured_image":["https:\/\/blogg.svenskakyrkan.se\/vandravagen\/files\/2020\/05\/IMG_4792-1024x651.jpg",1024,651,true],"bloginfo":{"name":"Vandra V\u00e4gen","url":"https:\/\/blogg.svenskakyrkan.se\/vandravagen"},"_links":{"self":[{"href":"https:\/\/blogg.svenskakyrkan.se\/vandravagen\/wp-json\/wp\/v2\/posts\/7945","targetHints":{"allow":["GET"]}}],"collection":[{"href":"https:\/\/blogg.svenskakyrkan.se\/vandravagen\/wp-json\/wp\/v2\/posts"}],"about":[{"href":"https:\/\/blogg.svenskakyrkan.se\/vandravagen\/wp-json\/wp\/v2\/types\/post"}],"author":[{"embeddable":true,"href":"https:\/\/blogg.svenskakyrkan.se\/vandravagen\/wp-json\/wp\/v2\/users\/392"}],"replies":[{"embeddable":true,"href":"https:\/\/blogg.svenskakyrkan.se\/vandravagen\/wp-json\/wp\/v2\/comments?post=7945"}],"version-history":[{"count":1,"href":"https:\/\/blogg.svenskakyrkan.se\/vandravagen\/wp-json\/wp\/v2\/posts\/7945\/revisions"}],"predecessor-version":[{"id":7947,"href":"https:\/\/blogg.svenskakyrkan.se\/vandravagen\/wp-json\/wp\/v2\/posts\/7945\/revisions\/7947"}],"wp:featuredmedia":[{"embeddable":true,"href":"https:\/\/blogg.svenskakyrkan.se\/vandravagen\/wp-json\/wp\/v2\/media\/7946"}],"wp:attachment":[{"href":"https:\/\/blogg.svenskakyrkan.se\/vandravagen\/wp-json\/wp\/v2\/media?parent=7945"}],"wp:term":[{"taxonomy":"category","embeddable":true,"href":"https:\/\/blogg.svenskakyrkan.se\/vandravagen\/wp-json\/wp\/v2\/categories?post=7945"},{"taxonomy":"post_tag","embeddable":true,"href":"https:\/\/blogg.svenskakyrkan.se\/vandravagen\/wp-json\/wp\/v2\/tags?post=7945"}],"curies":[{"name":"wp","href":"https:\/\/api.w.org\/{rel}","templated":true}]}}