{"id":7960,"date":"2020-06-14T07:00:00","date_gmt":"2020-06-14T05:00:00","guid":{"rendered":"http:\/\/blogg.svenskakyrkan.se\/vandravagen\/?p=7960"},"modified":"2020-06-13T22:23:44","modified_gmt":"2020-06-13T20:23:44","slug":"9-blandade-tankar-pa-sondagen-109","status":"publish","type":"post","link":"https:\/\/blogg.svenskakyrkan.se\/vandravagen\/2020\/06\/14\/9-blandade-tankar-pa-sondagen-109\/","title":{"rendered":"9 blandade tankar p\u00e5 s\u00f6ndagen"},"content":{"rendered":"\n\n\n<figure class=\"wp-block-image size-large is-style-default\"><img loading=\"lazy\" decoding=\"async\" width=\"1024\" height=\"611\" src=\"https:\/\/blogg.svenskakyrkan.se\/vandravagen\/files\/2020\/06\/IMG_5229-1024x611.jpg\" alt=\"\" class=\"wp-image-7961\" srcset=\"https:\/\/blogg.svenskakyrkan.se\/vandravagen\/files\/2020\/06\/IMG_5229-1024x611.jpg 1024w, https:\/\/blogg.svenskakyrkan.se\/vandravagen\/files\/2020\/06\/IMG_5229-300x179.jpg 300w, https:\/\/blogg.svenskakyrkan.se\/vandravagen\/files\/2020\/06\/IMG_5229-768x459.jpg 768w, https:\/\/blogg.svenskakyrkan.se\/vandravagen\/files\/2020\/06\/IMG_5229-1536x917.jpg 1536w, https:\/\/blogg.svenskakyrkan.se\/vandravagen\/files\/2020\/06\/IMG_5229-2048x1223.jpg 2048w, https:\/\/blogg.svenskakyrkan.se\/vandravagen\/files\/2020\/06\/IMG_5229-1200x716.jpg 1200w\" sizes=\"auto, (max-width: 1024px) 100vw, 1024px\" \/><figcaption>Ett litet digitalt m\u00f6te med de jag blev pr\u00e4stvigd tillsammans med. Glad att det var med just dem.<\/figcaption><\/figure>\n\n\n\n<ol class=\"wp-block-list\"><li>Glad s\u00f6ndag k\u00e4ra l\u00e4sare!<\/li><li>Ig\u00e5r var det precis 10 \u00e5r sedan jag blev vigd till pr\u00e4st i Skara domkyrka. Dagen firades med ett samtal p\u00e5 zoom med mina 4 pr\u00e4stvigningskompisar. F\u00f6rhoppningsvis kan vi ses \u00f6ga mot \u00f6ga n\u00e4sta \u00e5r ist\u00e4llet men det var roligt att se dem \u00e4ven p\u00e5 sk\u00e4rmen.<\/li><li>Det \u00e4r sv\u00e5rt att sammanfatta de tio \u00e5ren och vad som h\u00e4nt med mig. Det har nog \u00e4nd\u00e5 f\u00f6r\u00e4ndrat mig betydligt mindre \u00e4n att bli f\u00f6r\u00e4lder vilket ju p\u00e5g\u00e5tt samtidigt. Men jag f\u00e5r v\u00e4l i alla fall f\u00f6rs\u00f6ka:<\/li><li>Jag \u00e4r mer s\u00e4ker \u00e4n f\u00f6r 10 \u00e5r sedan p\u00e5 att jag faktiskt f\u00f6rst\u00e5tt min kallelse r\u00e4tt. Jag tror det h\u00e4r \u00e4r uppgifterna jag ska verka i. Det k\u00e4nns eventuellt som att jag utvecklat en yrkesskada av \u00f6verdriven trevlighet och kanske ocks\u00e5 blivit ytligare \u00e4n jag var f\u00f6r 10 \u00e5r sedan. Det finns flera saker jag saknar att f\u00e5 utlopp f\u00f6r i min pr\u00e4sttj\u00e4nst men bloggen fyller de behoven \u00e5tminstone hyggligt. F\u00f6r framtiden \u00f6nskar jag mest att f\u00e5 h\u00e5lla p\u00e5 mer med undervisning om kristen tro p\u00e5 n\u00e5got mindre upphackat s\u00e4tt.<\/li><li>Jag fick frasen &#8221;det h\u00e4r \u00e4r inte slutet, det \u00e4r inte ens b\u00f6rjan p\u00e5 slutet men det \u00e4r slutet p\u00e5 b\u00f6rjan&#8221; i huvudet n\u00e4r jag t\u00e4nkte p\u00e5 mina pr\u00e4sttj\u00e4nsts\u00e5r och det st\u00e4mmer ju r\u00e4tt bra men \u00e5 andra sidan \u00e4r det ju retorik som kom till utifr\u00e5n ett v\u00e4rldskrig s\u00e5 det blir lite v\u00e4l dramatiskt. <\/li><li>G\u00e5rdagen var ocks\u00e5 min dopdag, vilket ju \u00e4r st\u00f6rre och viktigare i evighetsperpektivet men d\u00e4r \u00e4r det ju \u00e5 andra sidan inget j\u00e4mnt jubileum.<\/li><li>I veckan har jag haft begravningar f\u00f6r tv\u00e5 personer som jag k\u00e4nt i olika stor utstr\u00e4ckning s\u00e5 det k\u00e4ndes personligare \u00e4n det ofta \u00e4r (i regel k\u00e4nner jag inte de jag har begravning f\u00f6r). Efter nu fem \u00e5r i f\u00f6rsamlingen tycker jag att det h\u00e4nt mycket det sista \u00e5ret och att jag b\u00f6rjar k\u00e4nna f\u00f6rsamlingen mer.<\/li><li>Vi har sovit ute f\u00f6rra natten med alla barnen, givetvis vid den fina j\u00e4lm\u00e5leden. Det gick fint med bebisen ocks\u00e5 s\u00e5 nu antar jag att det \u00e4r det vi ska \u00e4gna sommaren \u00e5t. <\/li><li>Hur har du det? Skriv en kommentar och ber\u00e4tta!<\/li><\/ol>\n","protected":false},"excerpt":{"rendered":"<p>Glad s\u00f6ndag k\u00e4ra l\u00e4sare! Ig\u00e5r var det precis 10 \u00e5r sedan jag blev vigd till pr\u00e4st i Skara domkyrka. Dagen firades med ett samtal p\u00e5 zoom med mina 4 pr\u00e4stvigningskompisar. F\u00f6rhoppningsvis kan vi ses \u00f6ga mot \u00f6ga n\u00e4sta \u00e5r ist\u00e4llet men det var roligt att se dem \u00e4ven p\u00e5 sk\u00e4rmen. Det \u00e4r sv\u00e5rt att sammanfatta [&hellip;]<\/p>\n","protected":false},"author":392,"featured_media":7961,"comment_status":"open","ping_status":"open","sticky":false,"template":"","format":"standard","meta":{"_acf_changed":false,"footnotes":""},"categories":[76766],"tags":[],"class_list":["post-7960","post","type-post","status-publish","format-standard","has-post-thumbnail","hentry","category-blandat"],"acf":[],"yoast_head":"<!-- This site is optimized with the Yoast SEO plugin v27.1.1 - https:\/\/yoast.com\/product\/yoast-seo-wordpress\/ -->\n<title>9 blandade tankar p\u00e5 s\u00f6ndagen - Vandra V\u00e4gen<\/title>\n<meta name=\"robots\" content=\"index, follow, max-snippet:-1, max-image-preview:large, max-video-preview:-1\" \/>\n<link rel=\"canonical\" href=\"https:\/\/blogg.svenskakyrkan.se\/vandravagen\/2020\/06\/14\/9-blandade-tankar-pa-sondagen-109\/\" \/>\n<meta property=\"og:locale\" content=\"sv_SE\" \/>\n<meta property=\"og:type\" content=\"article\" \/>\n<meta property=\"og:title\" content=\"9 blandade tankar p\u00e5 s\u00f6ndagen - Vandra V\u00e4gen\" \/>\n<meta property=\"og:description\" content=\"Glad s\u00f6ndag k\u00e4ra l\u00e4sare! Ig\u00e5r var det precis 10 \u00e5r sedan jag blev vigd till pr\u00e4st i Skara domkyrka. Dagen firades med ett samtal p\u00e5 zoom med mina 4 pr\u00e4stvigningskompisar. F\u00f6rhoppningsvis kan vi ses \u00f6ga mot \u00f6ga n\u00e4sta \u00e5r ist\u00e4llet men det var roligt att se dem \u00e4ven p\u00e5 sk\u00e4rmen. Det \u00e4r sv\u00e5rt att sammanfatta [&hellip;]\" \/>\n<meta property=\"og:url\" content=\"https:\/\/blogg.svenskakyrkan.se\/vandravagen\/2020\/06\/14\/9-blandade-tankar-pa-sondagen-109\/\" \/>\n<meta property=\"og:site_name\" content=\"Vandra V\u00e4gen\" \/>\n<meta property=\"article:publisher\" content=\"http:\/\/facebook.com\/vandravagen\" \/>\n<meta property=\"article:published_time\" content=\"2020-06-14T05:00:00+00:00\" \/>\n<meta property=\"og:image\" content=\"https:\/\/blogg.svenskakyrkan.se\/vandravagen\/files\/2020\/06\/IMG_5229-scaled.jpg\" \/>\n\t<meta property=\"og:image:width\" content=\"2560\" \/>\n\t<meta property=\"og:image:height\" content=\"1529\" \/>\n\t<meta property=\"og:image:type\" content=\"image\/jpeg\" \/>\n<meta name=\"author\" content=\"Tomas Jarvid\" \/>\n<meta name=\"twitter:card\" content=\"summary_large_image\" \/>\n<meta name=\"twitter:creator\" content=\"@fadertomas\" \/>\n<meta name=\"twitter:site\" content=\"@fadertomas\" \/>\n<meta name=\"twitter:label1\" content=\"Skriven av\" \/>\n\t<meta name=\"twitter:data1\" content=\"Tomas Jarvid\" \/>\n\t<meta name=\"twitter:label2\" content=\"Ber\u00e4knad l\u00e4stid\" \/>\n\t<meta name=\"twitter:data2\" content=\"2 minuter\" \/>\n<script type=\"application\/ld+json\" class=\"yoast-schema-graph\">{\"@context\":\"https:\/\/schema.org\",\"@graph\":[{\"@type\":\"Article\",\"@id\":\"https:\/\/blogg.svenskakyrkan.se\/vandravagen\/2020\/06\/14\/9-blandade-tankar-pa-sondagen-109\/#article\",\"isPartOf\":{\"@id\":\"https:\/\/blogg.svenskakyrkan.se\/vandravagen\/2020\/06\/14\/9-blandade-tankar-pa-sondagen-109\/\"},\"author\":{\"name\":\"Tomas Jarvid\",\"@id\":\"https:\/\/blogg.svenskakyrkan.se\/vandravagen\/#\/schema\/person\/25da02d4f76b137d04291711e2c9fc16\"},\"headline\":\"9 blandade tankar p\u00e5 s\u00f6ndagen\",\"datePublished\":\"2020-06-14T05:00:00+00:00\",\"mainEntityOfPage\":{\"@id\":\"https:\/\/blogg.svenskakyrkan.se\/vandravagen\/2020\/06\/14\/9-blandade-tankar-pa-sondagen-109\/\"},\"wordCount\":444,\"commentCount\":2,\"publisher\":{\"@id\":\"https:\/\/blogg.svenskakyrkan.se\/vandravagen\/#organization\"},\"image\":{\"@id\":\"https:\/\/blogg.svenskakyrkan.se\/vandravagen\/2020\/06\/14\/9-blandade-tankar-pa-sondagen-109\/#primaryimage\"},\"thumbnailUrl\":\"https:\/\/blogg.svenskakyrkan.se\/vandravagen\/files\/2020\/06\/IMG_5229-scaled.jpg\",\"articleSection\":[\"blandat\"],\"inLanguage\":\"sv-SE\",\"potentialAction\":[{\"@type\":\"CommentAction\",\"name\":\"Comment\",\"target\":[\"https:\/\/blogg.svenskakyrkan.se\/vandravagen\/2020\/06\/14\/9-blandade-tankar-pa-sondagen-109\/#respond\"]}]},{\"@type\":\"WebPage\",\"@id\":\"https:\/\/blogg.svenskakyrkan.se\/vandravagen\/2020\/06\/14\/9-blandade-tankar-pa-sondagen-109\/\",\"url\":\"https:\/\/blogg.svenskakyrkan.se\/vandravagen\/2020\/06\/14\/9-blandade-tankar-pa-sondagen-109\/\",\"name\":\"9 blandade tankar p\u00e5 s\u00f6ndagen - Vandra V\u00e4gen\",\"isPartOf\":{\"@id\":\"https:\/\/blogg.svenskakyrkan.se\/vandravagen\/#website\"},\"primaryImageOfPage\":{\"@id\":\"https:\/\/blogg.svenskakyrkan.se\/vandravagen\/2020\/06\/14\/9-blandade-tankar-pa-sondagen-109\/#primaryimage\"},\"image\":{\"@id\":\"https:\/\/blogg.svenskakyrkan.se\/vandravagen\/2020\/06\/14\/9-blandade-tankar-pa-sondagen-109\/#primaryimage\"},\"thumbnailUrl\":\"https:\/\/blogg.svenskakyrkan.se\/vandravagen\/files\/2020\/06\/IMG_5229-scaled.jpg\",\"datePublished\":\"2020-06-14T05:00:00+00:00\",\"breadcrumb\":{\"@id\":\"https:\/\/blogg.svenskakyrkan.se\/vandravagen\/2020\/06\/14\/9-blandade-tankar-pa-sondagen-109\/#breadcrumb\"},\"inLanguage\":\"sv-SE\",\"potentialAction\":[{\"@type\":\"ReadAction\",\"target\":[\"https:\/\/blogg.svenskakyrkan.se\/vandravagen\/2020\/06\/14\/9-blandade-tankar-pa-sondagen-109\/\"]}]},{\"@type\":\"ImageObject\",\"inLanguage\":\"sv-SE\",\"@id\":\"https:\/\/blogg.svenskakyrkan.se\/vandravagen\/2020\/06\/14\/9-blandade-tankar-pa-sondagen-109\/#primaryimage\",\"url\":\"https:\/\/blogg.svenskakyrkan.se\/vandravagen\/files\/2020\/06\/IMG_5229-scaled.jpg\",\"contentUrl\":\"https:\/\/blogg.svenskakyrkan.se\/vandravagen\/files\/2020\/06\/IMG_5229-scaled.jpg\",\"width\":2560,\"height\":1529},{\"@type\":\"BreadcrumbList\",\"@id\":\"https:\/\/blogg.svenskakyrkan.se\/vandravagen\/2020\/06\/14\/9-blandade-tankar-pa-sondagen-109\/#breadcrumb\",\"itemListElement\":[{\"@type\":\"ListItem\",\"position\":1,\"name\":\"Hem\",\"item\":\"https:\/\/blogg.svenskakyrkan.se\/vandravagen\/\"},{\"@type\":\"ListItem\",\"position\":2,\"name\":\"9 blandade tankar p\u00e5 s\u00f6ndagen\"}]},{\"@type\":\"WebSite\",\"@id\":\"https:\/\/blogg.svenskakyrkan.se\/vandravagen\/#website\",\"url\":\"https:\/\/blogg.svenskakyrkan.se\/vandravagen\/\",\"name\":\"Vandra V\u00e4gen\",\"description\":\"-Mot en tro f\u00f6r hela livet\",\"publisher\":{\"@id\":\"https:\/\/blogg.svenskakyrkan.se\/vandravagen\/#organization\"},\"potentialAction\":[{\"@type\":\"SearchAction\",\"target\":{\"@type\":\"EntryPoint\",\"urlTemplate\":\"https:\/\/blogg.svenskakyrkan.se\/vandravagen\/?s={search_term_string}\"},\"query-input\":{\"@type\":\"PropertyValueSpecification\",\"valueRequired\":true,\"valueName\":\"search_term_string\"}}],\"inLanguage\":\"sv-SE\"},{\"@type\":\"Organization\",\"@id\":\"https:\/\/blogg.svenskakyrkan.se\/vandravagen\/#organization\",\"name\":\"ulricehamns pastorat\",\"alternateName\":\"ulricehamns pastorat\",\"url\":\"https:\/\/blogg.svenskakyrkan.se\/vandravagen\/\",\"logo\":{\"@type\":\"ImageObject\",\"inLanguage\":\"sv-SE\",\"@id\":\"https:\/\/blogg.svenskakyrkan.se\/vandravagen\/#\/schema\/logo\/image\/\",\"url\":\"https:\/\/blogg.svenskakyrkan.se\/vandravagen\/files\/2023\/05\/Ulr_logo_RGB.png\",\"contentUrl\":\"https:\/\/blogg.svenskakyrkan.se\/vandravagen\/files\/2023\/05\/Ulr_logo_RGB.png\",\"width\":205,\"height\":77,\"caption\":\"ulricehamns pastorat\"},\"image\":{\"@id\":\"https:\/\/blogg.svenskakyrkan.se\/vandravagen\/#\/schema\/logo\/image\/\"},\"sameAs\":[\"http:\/\/facebook.com\/vandravagen\",\"https:\/\/x.com\/fadertomas\",\"http:\/\/www.facebook.com\/svenskakyrkaniulricehamn\"]},{\"@type\":\"Person\",\"@id\":\"https:\/\/blogg.svenskakyrkan.se\/vandravagen\/#\/schema\/person\/25da02d4f76b137d04291711e2c9fc16\",\"name\":\"Tomas Jarvid\",\"image\":{\"@type\":\"ImageObject\",\"inLanguage\":\"sv-SE\",\"@id\":\"https:\/\/blogg.svenskakyrkan.se\/vandravagen\/#\/schema\/person\/image\/\",\"url\":\"https:\/\/secure.gravatar.com\/avatar\/7fa71899795e8f540f615a1f5ab25255dc27aa40f05ee7ddd21aac521e01bf50?s=96&d=identicon&r=g\",\"contentUrl\":\"https:\/\/secure.gravatar.com\/avatar\/7fa71899795e8f540f615a1f5ab25255dc27aa40f05ee7ddd21aac521e01bf50?s=96&d=identicon&r=g\",\"caption\":\"Tomas Jarvid\"},\"description\":\"Jag bor i Ulricehamn i V\u00e4sterg\u00f6tland och \u00e4r f\u00f6rsamlingspr\u00e4st i Svenska Kyrkan f\u00f6r Dalstorps f\u00f6rsamling i Kinds pastorat. P\u00e5 den h\u00e4r bloggen skriver jag ner tankar om vandringen som kristen.\",\"sameAs\":[\"http:\/\/www.vandravagen.se\"],\"url\":\"https:\/\/blogg.svenskakyrkan.se\/vandravagen\/author\/vandravagen\/\"}]}<\/script>\n<!-- \/ Yoast SEO plugin. -->","yoast_head_json":{"title":"9 blandade tankar p\u00e5 s\u00f6ndagen - Vandra V\u00e4gen","robots":{"index":"index","follow":"follow","max-snippet":"max-snippet:-1","max-image-preview":"max-image-preview:large","max-video-preview":"max-video-preview:-1"},"canonical":"https:\/\/blogg.svenskakyrkan.se\/vandravagen\/2020\/06\/14\/9-blandade-tankar-pa-sondagen-109\/","og_locale":"sv_SE","og_type":"article","og_title":"9 blandade tankar p\u00e5 s\u00f6ndagen - Vandra V\u00e4gen","og_description":"Glad s\u00f6ndag k\u00e4ra l\u00e4sare! Ig\u00e5r var det precis 10 \u00e5r sedan jag blev vigd till pr\u00e4st i Skara domkyrka. Dagen firades med ett samtal p\u00e5 zoom med mina 4 pr\u00e4stvigningskompisar. F\u00f6rhoppningsvis kan vi ses \u00f6ga mot \u00f6ga n\u00e4sta \u00e5r ist\u00e4llet men det var roligt att se dem \u00e4ven p\u00e5 sk\u00e4rmen. Det \u00e4r sv\u00e5rt att sammanfatta [&hellip;]","og_url":"https:\/\/blogg.svenskakyrkan.se\/vandravagen\/2020\/06\/14\/9-blandade-tankar-pa-sondagen-109\/","og_site_name":"Vandra V\u00e4gen","article_publisher":"http:\/\/facebook.com\/vandravagen","article_published_time":"2020-06-14T05:00:00+00:00","og_image":[{"width":2560,"height":1529,"url":"https:\/\/blogg.svenskakyrkan.se\/vandravagen\/files\/2020\/06\/IMG_5229-scaled.jpg","type":"image\/jpeg"}],"author":"Tomas Jarvid","twitter_card":"summary_large_image","twitter_creator":"@fadertomas","twitter_site":"@fadertomas","twitter_misc":{"Skriven av":"Tomas Jarvid","Ber\u00e4knad l\u00e4stid":"2 minuter"},"schema":{"@context":"https:\/\/schema.org","@graph":[{"@type":"Article","@id":"https:\/\/blogg.svenskakyrkan.se\/vandravagen\/2020\/06\/14\/9-blandade-tankar-pa-sondagen-109\/#article","isPartOf":{"@id":"https:\/\/blogg.svenskakyrkan.se\/vandravagen\/2020\/06\/14\/9-blandade-tankar-pa-sondagen-109\/"},"author":{"name":"Tomas Jarvid","@id":"https:\/\/blogg.svenskakyrkan.se\/vandravagen\/#\/schema\/person\/25da02d4f76b137d04291711e2c9fc16"},"headline":"9 blandade tankar p\u00e5 s\u00f6ndagen","datePublished":"2020-06-14T05:00:00+00:00","mainEntityOfPage":{"@id":"https:\/\/blogg.svenskakyrkan.se\/vandravagen\/2020\/06\/14\/9-blandade-tankar-pa-sondagen-109\/"},"wordCount":444,"commentCount":2,"publisher":{"@id":"https:\/\/blogg.svenskakyrkan.se\/vandravagen\/#organization"},"image":{"@id":"https:\/\/blogg.svenskakyrkan.se\/vandravagen\/2020\/06\/14\/9-blandade-tankar-pa-sondagen-109\/#primaryimage"},"thumbnailUrl":"https:\/\/blogg.svenskakyrkan.se\/vandravagen\/files\/2020\/06\/IMG_5229-scaled.jpg","articleSection":["blandat"],"inLanguage":"sv-SE","potentialAction":[{"@type":"CommentAction","name":"Comment","target":["https:\/\/blogg.svenskakyrkan.se\/vandravagen\/2020\/06\/14\/9-blandade-tankar-pa-sondagen-109\/#respond"]}]},{"@type":"WebPage","@id":"https:\/\/blogg.svenskakyrkan.se\/vandravagen\/2020\/06\/14\/9-blandade-tankar-pa-sondagen-109\/","url":"https:\/\/blogg.svenskakyrkan.se\/vandravagen\/2020\/06\/14\/9-blandade-tankar-pa-sondagen-109\/","name":"9 blandade tankar p\u00e5 s\u00f6ndagen - Vandra V\u00e4gen","isPartOf":{"@id":"https:\/\/blogg.svenskakyrkan.se\/vandravagen\/#website"},"primaryImageOfPage":{"@id":"https:\/\/blogg.svenskakyrkan.se\/vandravagen\/2020\/06\/14\/9-blandade-tankar-pa-sondagen-109\/#primaryimage"},"image":{"@id":"https:\/\/blogg.svenskakyrkan.se\/vandravagen\/2020\/06\/14\/9-blandade-tankar-pa-sondagen-109\/#primaryimage"},"thumbnailUrl":"https:\/\/blogg.svenskakyrkan.se\/vandravagen\/files\/2020\/06\/IMG_5229-scaled.jpg","datePublished":"2020-06-14T05:00:00+00:00","breadcrumb":{"@id":"https:\/\/blogg.svenskakyrkan.se\/vandravagen\/2020\/06\/14\/9-blandade-tankar-pa-sondagen-109\/#breadcrumb"},"inLanguage":"sv-SE","potentialAction":[{"@type":"ReadAction","target":["https:\/\/blogg.svenskakyrkan.se\/vandravagen\/2020\/06\/14\/9-blandade-tankar-pa-sondagen-109\/"]}]},{"@type":"ImageObject","inLanguage":"sv-SE","@id":"https:\/\/blogg.svenskakyrkan.se\/vandravagen\/2020\/06\/14\/9-blandade-tankar-pa-sondagen-109\/#primaryimage","url":"https:\/\/blogg.svenskakyrkan.se\/vandravagen\/files\/2020\/06\/IMG_5229-scaled.jpg","contentUrl":"https:\/\/blogg.svenskakyrkan.se\/vandravagen\/files\/2020\/06\/IMG_5229-scaled.jpg","width":2560,"height":1529},{"@type":"BreadcrumbList","@id":"https:\/\/blogg.svenskakyrkan.se\/vandravagen\/2020\/06\/14\/9-blandade-tankar-pa-sondagen-109\/#breadcrumb","itemListElement":[{"@type":"ListItem","position":1,"name":"Hem","item":"https:\/\/blogg.svenskakyrkan.se\/vandravagen\/"},{"@type":"ListItem","position":2,"name":"9 blandade tankar p\u00e5 s\u00f6ndagen"}]},{"@type":"WebSite","@id":"https:\/\/blogg.svenskakyrkan.se\/vandravagen\/#website","url":"https:\/\/blogg.svenskakyrkan.se\/vandravagen\/","name":"Vandra V\u00e4gen","description":"-Mot en tro f\u00f6r hela livet","publisher":{"@id":"https:\/\/blogg.svenskakyrkan.se\/vandravagen\/#organization"},"potentialAction":[{"@type":"SearchAction","target":{"@type":"EntryPoint","urlTemplate":"https:\/\/blogg.svenskakyrkan.se\/vandravagen\/?s={search_term_string}"},"query-input":{"@type":"PropertyValueSpecification","valueRequired":true,"valueName":"search_term_string"}}],"inLanguage":"sv-SE"},{"@type":"Organization","@id":"https:\/\/blogg.svenskakyrkan.se\/vandravagen\/#organization","name":"ulricehamns pastorat","alternateName":"ulricehamns pastorat","url":"https:\/\/blogg.svenskakyrkan.se\/vandravagen\/","logo":{"@type":"ImageObject","inLanguage":"sv-SE","@id":"https:\/\/blogg.svenskakyrkan.se\/vandravagen\/#\/schema\/logo\/image\/","url":"https:\/\/blogg.svenskakyrkan.se\/vandravagen\/files\/2023\/05\/Ulr_logo_RGB.png","contentUrl":"https:\/\/blogg.svenskakyrkan.se\/vandravagen\/files\/2023\/05\/Ulr_logo_RGB.png","width":205,"height":77,"caption":"ulricehamns pastorat"},"image":{"@id":"https:\/\/blogg.svenskakyrkan.se\/vandravagen\/#\/schema\/logo\/image\/"},"sameAs":["http:\/\/facebook.com\/vandravagen","https:\/\/x.com\/fadertomas","http:\/\/www.facebook.com\/svenskakyrkaniulricehamn"]},{"@type":"Person","@id":"https:\/\/blogg.svenskakyrkan.se\/vandravagen\/#\/schema\/person\/25da02d4f76b137d04291711e2c9fc16","name":"Tomas Jarvid","image":{"@type":"ImageObject","inLanguage":"sv-SE","@id":"https:\/\/blogg.svenskakyrkan.se\/vandravagen\/#\/schema\/person\/image\/","url":"https:\/\/secure.gravatar.com\/avatar\/7fa71899795e8f540f615a1f5ab25255dc27aa40f05ee7ddd21aac521e01bf50?s=96&d=identicon&r=g","contentUrl":"https:\/\/secure.gravatar.com\/avatar\/7fa71899795e8f540f615a1f5ab25255dc27aa40f05ee7ddd21aac521e01bf50?s=96&d=identicon&r=g","caption":"Tomas Jarvid"},"description":"Jag bor i Ulricehamn i V\u00e4sterg\u00f6tland och \u00e4r f\u00f6rsamlingspr\u00e4st i Svenska Kyrkan f\u00f6r Dalstorps f\u00f6rsamling i Kinds pastorat. P\u00e5 den h\u00e4r bloggen skriver jag ner tankar om vandringen som kristen.","sameAs":["http:\/\/www.vandravagen.se"],"url":"https:\/\/blogg.svenskakyrkan.se\/vandravagen\/author\/vandravagen\/"}]}},"author_meta":{"ID":"392","user_nicename":"vandravagen","user_url":"http:\/\/www.vandravagen.se","user_registered":"2014-05-19 05:44:52","display_name":"Tomas Jarvid","first_name":"Tomas","last_name":"Jarvid","avatar":"https:\/\/secure.gravatar.com\/avatar\/7fa71899795e8f540f615a1f5ab25255dc27aa40f05ee7ddd21aac521e01bf50?s=96&d=identicon&r=g"},"featured_image":["https:\/\/blogg.svenskakyrkan.se\/vandravagen\/files\/2020\/06\/IMG_5229-1024x611.jpg",1024,611,true],"bloginfo":{"name":"Vandra V\u00e4gen","url":"https:\/\/blogg.svenskakyrkan.se\/vandravagen"},"_links":{"self":[{"href":"https:\/\/blogg.svenskakyrkan.se\/vandravagen\/wp-json\/wp\/v2\/posts\/7960","targetHints":{"allow":["GET"]}}],"collection":[{"href":"https:\/\/blogg.svenskakyrkan.se\/vandravagen\/wp-json\/wp\/v2\/posts"}],"about":[{"href":"https:\/\/blogg.svenskakyrkan.se\/vandravagen\/wp-json\/wp\/v2\/types\/post"}],"author":[{"embeddable":true,"href":"https:\/\/blogg.svenskakyrkan.se\/vandravagen\/wp-json\/wp\/v2\/users\/392"}],"replies":[{"embeddable":true,"href":"https:\/\/blogg.svenskakyrkan.se\/vandravagen\/wp-json\/wp\/v2\/comments?post=7960"}],"version-history":[{"count":1,"href":"https:\/\/blogg.svenskakyrkan.se\/vandravagen\/wp-json\/wp\/v2\/posts\/7960\/revisions"}],"predecessor-version":[{"id":7962,"href":"https:\/\/blogg.svenskakyrkan.se\/vandravagen\/wp-json\/wp\/v2\/posts\/7960\/revisions\/7962"}],"wp:featuredmedia":[{"embeddable":true,"href":"https:\/\/blogg.svenskakyrkan.se\/vandravagen\/wp-json\/wp\/v2\/media\/7961"}],"wp:attachment":[{"href":"https:\/\/blogg.svenskakyrkan.se\/vandravagen\/wp-json\/wp\/v2\/media?parent=7960"}],"wp:term":[{"taxonomy":"category","embeddable":true,"href":"https:\/\/blogg.svenskakyrkan.se\/vandravagen\/wp-json\/wp\/v2\/categories?post=7960"},{"taxonomy":"post_tag","embeddable":true,"href":"https:\/\/blogg.svenskakyrkan.se\/vandravagen\/wp-json\/wp\/v2\/tags?post=7960"}],"curies":[{"name":"wp","href":"https:\/\/api.w.org\/{rel}","templated":true}]}}