{"id":797,"date":"2012-12-27T10:46:00","date_gmt":"2012-12-27T09:46:00","guid":{"rendered":"http:\/\/blogg.svenskakyrkan.se\/vandravagen\/2012\/12\/27\/josef-och-tvivlet-tankar-utifran-julikonen\/"},"modified":"2012-12-27T10:46:00","modified_gmt":"2012-12-27T09:46:00","slug":"josef-och-tvivlet-tankar-utifran-julikonen","status":"publish","type":"post","link":"https:\/\/blogg.svenskakyrkan.se\/vandravagen\/2012\/12\/27\/josef-och-tvivlet-tankar-utifran-julikonen\/","title":{"rendered":"Josef och tvivlet, tankar utifr\u00e5n julikonen"},"content":{"rendered":"<table align=\"center\" cellpadding=\"0\" cellspacing=\"0\">\n<tbody>\n<tr>\n<td><a href=\"http:\/\/ocawonder.files.wordpress.com\/2010\/12\/nativity-icon.jpg\"><img loading=\"lazy\" decoding=\"async\" border=\"0\" height=\"640\" src=\"http:\/\/ocawonder.files.wordpress.com\/2010\/12\/nativity-icon.jpg\" width=\"424\"><\/a><\/td>\n<\/tr>\n<tr>\n<td>F\u00f6delseikon, bildk\u00e4lla Ocawonder.com<\/td>\n<\/tr>\n<\/tbody>\n<\/table>\n<div>S\u00e5 h\u00e4r ser den traditionella julikonen ut. Det \u00e4r ett antal scener som visas samtidigt, ikoner h\u00e5ller ju p\u00e5 med symbolik, inte bild eller platsrealism. I mitten ser vi den vilande Maria med barnet i krubban, han som \u00e4r v\u00e4rldens br\u00f6d. Och \u00e5snan och oxen, symboler f\u00f6r b\u00e5de det judiska folket och den hedniska v\u00e4rlden. Enligt de ortodoxa hymnerna utbrister Maria i dessa ord:<\/p>\n<\/p>\n<div title=\"Page 1\">\n<div>\n<div>\n<div>\n<blockquote>\n<p><span>&#8221;Ska jag ge dig mj\u00f6lk, Du som f\u00f6der hela skapelsen?<\/span>\u00a0<\/p>\n<\/blockquote>\n<blockquote>\n<p><span>Skall jag h\u00e5lla Dig i mina armar, Du som uppeh\u00e5ller allt?<\/span>\u00a0<\/p>\n<\/blockquote>\n<blockquote>\n<p><span>Skall jag se utan fruktan p\u00e5 Dig, inf\u00f6r vilken de m\u00e5ng\u00f6gda keruberna inte v\u00e5gar lyfta sin blick?&#8221;<\/span><\/p>\n<\/blockquote>\n<\/div>\n<\/div>\n<\/div>\n<\/div>\n<p>Uppe till h\u00f6ger ser vi herdarna rygga inf\u00f6r \u00e4nglarna som pl\u00f6tsligt visar sig och till v\u00e4nster ser vi s\u00f6karna, de vise magerna fr\u00e5n \u00f6ster som s\u00f6ker Gud och finner honom i barnet i krubban.<\/p>\n<p>Nere till h\u00f6ger blir barnet badat. Men det jag t\u00e4nker oftast p\u00e5 i bilden \u00e4r det vi ser nere till v\u00e4nster; d\u00e4r sitter Josef.<\/p>\n<p>En skum man i p\u00e4ls talar till Josef som ser bekymrad ut. Enligt traditionen \u00e4r det tvivlet personifierat han m\u00f6ter och i hymnen uttrycker han sin of\u00f6rm\u00e5ga att f\u00f6rst\u00e5 vad som h\u00e4nder.<\/p>\n<\/p>\n<div title=\"Page 2\">\n<div>\n<div>\n<div>\n<blockquote>\n<p><span>&#8221;Vad \u00e4r detta, Maria, som jag ser i dig?<\/span><span>Jag kan inte f\u00f6rst\u00e5, \u00e4r h\u00e4pen, mitt sinne \u00e4r slaget av fruktan<\/span><span>Ist\u00e4llet f\u00f6r \u00e4ra har du bringat mig skam,<\/span><span>Ist\u00e4llet f\u00f6r gl\u00e4dje, sorg,<\/span><span>Ist\u00e4llet f\u00f6r ber\u00f6m, f\u00f6rebr\u00e5else,<\/span><span>Vad \u00e4r detta som jag nu ser? &#8221;<\/span><\/p>\n<\/blockquote>\n<\/div>\n<\/div>\n<\/div>\n<\/div>\n<p><span>Kanske finns det tr\u00f6st att h\u00e4mta i detta f\u00f6r n\u00e5gon. Inte ens bibelns stora gestalter var helt igenom troshj\u00e4ltar, \u00e4nd\u00e5 v\u00e4nde Gud sig till dem med sin kallelse. N\u00e4r jag pratade om julikoner med <a href=\"http:\/\/vagenixp.blogspot.se\/2012\/11\/pa-besok-hos-ikonograf-christina.html\">ikonograf Christina Lundstr\u00f6m<\/a> s\u00e5 tyckte hon att Josef brukade f\u00e5 en alltf\u00f6r undanskymd plats. I hennes julikon fick Josef och Maria st\u00e5 tillsammans och st\u00f6tta varandra ist\u00e4llet. Det \u00e4r bra tror jag att bereda lite mer plats \u00e5t Josef n\u00e4r vi t\u00e4nker kring julen. Mer om det en annan dag.<\/span><br \/><span><br \/><\/span><\/p>\n<\/div>\n","protected":false},"excerpt":{"rendered":"<p>F\u00f6delseikon, bildk\u00e4lla Ocawonder.com S\u00e5 h\u00e4r ser den traditionella julikonen ut. Det \u00e4r ett antal scener som visas samtidigt, ikoner h\u00e5ller ju p\u00e5 med symbolik, inte bild eller platsrealism. I mitten ser vi den vilande Maria med barnet i krubban, han som \u00e4r v\u00e4rldens br\u00f6d. Och \u00e5snan och oxen, symboler f\u00f6r b\u00e5de det judiska folket och [&hellip;]<\/p>\n","protected":false},"author":392,"featured_media":0,"comment_status":"open","ping_status":"open","sticky":false,"template":"","format":"standard","meta":{"_acf_changed":false,"footnotes":""},"categories":[75887,56,8252],"tags":[],"class_list":["post-797","post","type-post","status-publish","format-standard","hentry","category-andlighet","category-bilder","category-kyrkoaret"],"acf":[],"yoast_head":"<!-- This site is optimized with the Yoast SEO plugin v27.1.1 - https:\/\/yoast.com\/product\/yoast-seo-wordpress\/ -->\n<title>Josef och tvivlet, tankar utifr\u00e5n julikonen - Vandra V\u00e4gen<\/title>\n<meta name=\"robots\" content=\"index, follow, max-snippet:-1, max-image-preview:large, max-video-preview:-1\" \/>\n<link rel=\"canonical\" href=\"https:\/\/blogg.svenskakyrkan.se\/vandravagen\/2012\/12\/27\/josef-och-tvivlet-tankar-utifran-julikonen\/\" \/>\n<meta property=\"og:locale\" content=\"sv_SE\" \/>\n<meta property=\"og:type\" content=\"article\" \/>\n<meta property=\"og:title\" content=\"Josef och tvivlet, tankar utifr\u00e5n julikonen - Vandra V\u00e4gen\" \/>\n<meta property=\"og:description\" content=\"F\u00f6delseikon, bildk\u00e4lla Ocawonder.com S\u00e5 h\u00e4r ser den traditionella julikonen ut. Det \u00e4r ett antal scener som visas samtidigt, ikoner h\u00e5ller ju p\u00e5 med symbolik, inte bild eller platsrealism. I mitten ser vi den vilande Maria med barnet i krubban, han som \u00e4r v\u00e4rldens br\u00f6d. Och \u00e5snan och oxen, symboler f\u00f6r b\u00e5de det judiska folket och [&hellip;]\" \/>\n<meta property=\"og:url\" content=\"https:\/\/blogg.svenskakyrkan.se\/vandravagen\/2012\/12\/27\/josef-och-tvivlet-tankar-utifran-julikonen\/\" \/>\n<meta property=\"og:site_name\" content=\"Vandra V\u00e4gen\" \/>\n<meta property=\"article:publisher\" content=\"http:\/\/facebook.com\/vandravagen\" \/>\n<meta property=\"article:published_time\" content=\"2012-12-27T09:46:00+00:00\" \/>\n<meta property=\"og:image\" content=\"http:\/\/ocawonder.files.wordpress.com\/2010\/12\/nativity-icon.jpg\" \/>\n<meta name=\"author\" content=\"Tomas Jarvid\" \/>\n<meta name=\"twitter:card\" content=\"summary_large_image\" \/>\n<meta name=\"twitter:creator\" content=\"@fadertomas\" \/>\n<meta name=\"twitter:site\" content=\"@fadertomas\" \/>\n<meta name=\"twitter:label1\" content=\"Skriven av\" \/>\n\t<meta name=\"twitter:data1\" content=\"Tomas Jarvid\" \/>\n\t<meta name=\"twitter:label2\" content=\"Ber\u00e4knad l\u00e4stid\" \/>\n\t<meta name=\"twitter:data2\" content=\"2 minuter\" \/>\n<script type=\"application\/ld+json\" class=\"yoast-schema-graph\">{\"@context\":\"https:\/\/schema.org\",\"@graph\":[{\"@type\":\"Article\",\"@id\":\"https:\/\/blogg.svenskakyrkan.se\/vandravagen\/2012\/12\/27\/josef-och-tvivlet-tankar-utifran-julikonen\/#article\",\"isPartOf\":{\"@id\":\"https:\/\/blogg.svenskakyrkan.se\/vandravagen\/2012\/12\/27\/josef-och-tvivlet-tankar-utifran-julikonen\/\"},\"author\":{\"name\":\"Tomas Jarvid\",\"@id\":\"https:\/\/blogg.svenskakyrkan.se\/vandravagen\/#\/schema\/person\/25da02d4f76b137d04291711e2c9fc16\"},\"headline\":\"Josef och tvivlet, tankar utifr\u00e5n julikonen\",\"datePublished\":\"2012-12-27T09:46:00+00:00\",\"mainEntityOfPage\":{\"@id\":\"https:\/\/blogg.svenskakyrkan.se\/vandravagen\/2012\/12\/27\/josef-och-tvivlet-tankar-utifran-julikonen\/\"},\"wordCount\":390,\"commentCount\":0,\"publisher\":{\"@id\":\"https:\/\/blogg.svenskakyrkan.se\/vandravagen\/#organization\"},\"image\":{\"@id\":\"https:\/\/blogg.svenskakyrkan.se\/vandravagen\/2012\/12\/27\/josef-och-tvivlet-tankar-utifran-julikonen\/#primaryimage\"},\"thumbnailUrl\":\"http:\/\/ocawonder.files.wordpress.com\/2010\/12\/nativity-icon.jpg\",\"articleSection\":[\"andlighet\",\"bilder\",\"kyrko\u00e5ret\"],\"inLanguage\":\"sv-SE\",\"potentialAction\":[{\"@type\":\"CommentAction\",\"name\":\"Comment\",\"target\":[\"https:\/\/blogg.svenskakyrkan.se\/vandravagen\/2012\/12\/27\/josef-och-tvivlet-tankar-utifran-julikonen\/#respond\"]}]},{\"@type\":\"WebPage\",\"@id\":\"https:\/\/blogg.svenskakyrkan.se\/vandravagen\/2012\/12\/27\/josef-och-tvivlet-tankar-utifran-julikonen\/\",\"url\":\"https:\/\/blogg.svenskakyrkan.se\/vandravagen\/2012\/12\/27\/josef-och-tvivlet-tankar-utifran-julikonen\/\",\"name\":\"Josef och tvivlet, tankar utifr\u00e5n julikonen - Vandra V\u00e4gen\",\"isPartOf\":{\"@id\":\"https:\/\/blogg.svenskakyrkan.se\/vandravagen\/#website\"},\"primaryImageOfPage\":{\"@id\":\"https:\/\/blogg.svenskakyrkan.se\/vandravagen\/2012\/12\/27\/josef-och-tvivlet-tankar-utifran-julikonen\/#primaryimage\"},\"image\":{\"@id\":\"https:\/\/blogg.svenskakyrkan.se\/vandravagen\/2012\/12\/27\/josef-och-tvivlet-tankar-utifran-julikonen\/#primaryimage\"},\"thumbnailUrl\":\"http:\/\/ocawonder.files.wordpress.com\/2010\/12\/nativity-icon.jpg\",\"datePublished\":\"2012-12-27T09:46:00+00:00\",\"breadcrumb\":{\"@id\":\"https:\/\/blogg.svenskakyrkan.se\/vandravagen\/2012\/12\/27\/josef-och-tvivlet-tankar-utifran-julikonen\/#breadcrumb\"},\"inLanguage\":\"sv-SE\",\"potentialAction\":[{\"@type\":\"ReadAction\",\"target\":[\"https:\/\/blogg.svenskakyrkan.se\/vandravagen\/2012\/12\/27\/josef-och-tvivlet-tankar-utifran-julikonen\/\"]}]},{\"@type\":\"ImageObject\",\"inLanguage\":\"sv-SE\",\"@id\":\"https:\/\/blogg.svenskakyrkan.se\/vandravagen\/2012\/12\/27\/josef-och-tvivlet-tankar-utifran-julikonen\/#primaryimage\",\"url\":\"http:\/\/ocawonder.files.wordpress.com\/2010\/12\/nativity-icon.jpg\",\"contentUrl\":\"http:\/\/ocawonder.files.wordpress.com\/2010\/12\/nativity-icon.jpg\"},{\"@type\":\"BreadcrumbList\",\"@id\":\"https:\/\/blogg.svenskakyrkan.se\/vandravagen\/2012\/12\/27\/josef-och-tvivlet-tankar-utifran-julikonen\/#breadcrumb\",\"itemListElement\":[{\"@type\":\"ListItem\",\"position\":1,\"name\":\"Hem\",\"item\":\"https:\/\/blogg.svenskakyrkan.se\/vandravagen\/\"},{\"@type\":\"ListItem\",\"position\":2,\"name\":\"Josef och tvivlet, tankar utifr\u00e5n julikonen\"}]},{\"@type\":\"WebSite\",\"@id\":\"https:\/\/blogg.svenskakyrkan.se\/vandravagen\/#website\",\"url\":\"https:\/\/blogg.svenskakyrkan.se\/vandravagen\/\",\"name\":\"Vandra V\u00e4gen\",\"description\":\"-Mot en tro f\u00f6r hela livet\",\"publisher\":{\"@id\":\"https:\/\/blogg.svenskakyrkan.se\/vandravagen\/#organization\"},\"potentialAction\":[{\"@type\":\"SearchAction\",\"target\":{\"@type\":\"EntryPoint\",\"urlTemplate\":\"https:\/\/blogg.svenskakyrkan.se\/vandravagen\/?s={search_term_string}\"},\"query-input\":{\"@type\":\"PropertyValueSpecification\",\"valueRequired\":true,\"valueName\":\"search_term_string\"}}],\"inLanguage\":\"sv-SE\"},{\"@type\":\"Organization\",\"@id\":\"https:\/\/blogg.svenskakyrkan.se\/vandravagen\/#organization\",\"name\":\"ulricehamns pastorat\",\"alternateName\":\"ulricehamns pastorat\",\"url\":\"https:\/\/blogg.svenskakyrkan.se\/vandravagen\/\",\"logo\":{\"@type\":\"ImageObject\",\"inLanguage\":\"sv-SE\",\"@id\":\"https:\/\/blogg.svenskakyrkan.se\/vandravagen\/#\/schema\/logo\/image\/\",\"url\":\"https:\/\/blogg.svenskakyrkan.se\/vandravagen\/files\/2023\/05\/Ulr_logo_RGB.png\",\"contentUrl\":\"https:\/\/blogg.svenskakyrkan.se\/vandravagen\/files\/2023\/05\/Ulr_logo_RGB.png\",\"width\":205,\"height\":77,\"caption\":\"ulricehamns pastorat\"},\"image\":{\"@id\":\"https:\/\/blogg.svenskakyrkan.se\/vandravagen\/#\/schema\/logo\/image\/\"},\"sameAs\":[\"http:\/\/facebook.com\/vandravagen\",\"https:\/\/x.com\/fadertomas\",\"http:\/\/www.facebook.com\/svenskakyrkaniulricehamn\"]},{\"@type\":\"Person\",\"@id\":\"https:\/\/blogg.svenskakyrkan.se\/vandravagen\/#\/schema\/person\/25da02d4f76b137d04291711e2c9fc16\",\"name\":\"Tomas Jarvid\",\"image\":{\"@type\":\"ImageObject\",\"inLanguage\":\"sv-SE\",\"@id\":\"https:\/\/blogg.svenskakyrkan.se\/vandravagen\/#\/schema\/person\/image\/\",\"url\":\"https:\/\/secure.gravatar.com\/avatar\/7fa71899795e8f540f615a1f5ab25255dc27aa40f05ee7ddd21aac521e01bf50?s=96&d=identicon&r=g\",\"contentUrl\":\"https:\/\/secure.gravatar.com\/avatar\/7fa71899795e8f540f615a1f5ab25255dc27aa40f05ee7ddd21aac521e01bf50?s=96&d=identicon&r=g\",\"caption\":\"Tomas Jarvid\"},\"description\":\"Jag bor i Ulricehamn i V\u00e4sterg\u00f6tland och \u00e4r f\u00f6rsamlingspr\u00e4st i Svenska Kyrkan f\u00f6r Dalstorps f\u00f6rsamling i Kinds pastorat. P\u00e5 den h\u00e4r bloggen skriver jag ner tankar om vandringen som kristen.\",\"sameAs\":[\"http:\/\/www.vandravagen.se\"],\"url\":\"https:\/\/blogg.svenskakyrkan.se\/vandravagen\/author\/vandravagen\/\"}]}<\/script>\n<!-- \/ Yoast SEO plugin. -->","yoast_head_json":{"title":"Josef och tvivlet, tankar utifr\u00e5n julikonen - Vandra V\u00e4gen","robots":{"index":"index","follow":"follow","max-snippet":"max-snippet:-1","max-image-preview":"max-image-preview:large","max-video-preview":"max-video-preview:-1"},"canonical":"https:\/\/blogg.svenskakyrkan.se\/vandravagen\/2012\/12\/27\/josef-och-tvivlet-tankar-utifran-julikonen\/","og_locale":"sv_SE","og_type":"article","og_title":"Josef och tvivlet, tankar utifr\u00e5n julikonen - Vandra V\u00e4gen","og_description":"F\u00f6delseikon, bildk\u00e4lla Ocawonder.com S\u00e5 h\u00e4r ser den traditionella julikonen ut. Det \u00e4r ett antal scener som visas samtidigt, ikoner h\u00e5ller ju p\u00e5 med symbolik, inte bild eller platsrealism. I mitten ser vi den vilande Maria med barnet i krubban, han som \u00e4r v\u00e4rldens br\u00f6d. Och \u00e5snan och oxen, symboler f\u00f6r b\u00e5de det judiska folket och [&hellip;]","og_url":"https:\/\/blogg.svenskakyrkan.se\/vandravagen\/2012\/12\/27\/josef-och-tvivlet-tankar-utifran-julikonen\/","og_site_name":"Vandra V\u00e4gen","article_publisher":"http:\/\/facebook.com\/vandravagen","article_published_time":"2012-12-27T09:46:00+00:00","og_image":[{"url":"http:\/\/ocawonder.files.wordpress.com\/2010\/12\/nativity-icon.jpg","type":"","width":"","height":""}],"author":"Tomas Jarvid","twitter_card":"summary_large_image","twitter_creator":"@fadertomas","twitter_site":"@fadertomas","twitter_misc":{"Skriven av":"Tomas Jarvid","Ber\u00e4knad l\u00e4stid":"2 minuter"},"schema":{"@context":"https:\/\/schema.org","@graph":[{"@type":"Article","@id":"https:\/\/blogg.svenskakyrkan.se\/vandravagen\/2012\/12\/27\/josef-och-tvivlet-tankar-utifran-julikonen\/#article","isPartOf":{"@id":"https:\/\/blogg.svenskakyrkan.se\/vandravagen\/2012\/12\/27\/josef-och-tvivlet-tankar-utifran-julikonen\/"},"author":{"name":"Tomas Jarvid","@id":"https:\/\/blogg.svenskakyrkan.se\/vandravagen\/#\/schema\/person\/25da02d4f76b137d04291711e2c9fc16"},"headline":"Josef och tvivlet, tankar utifr\u00e5n julikonen","datePublished":"2012-12-27T09:46:00+00:00","mainEntityOfPage":{"@id":"https:\/\/blogg.svenskakyrkan.se\/vandravagen\/2012\/12\/27\/josef-och-tvivlet-tankar-utifran-julikonen\/"},"wordCount":390,"commentCount":0,"publisher":{"@id":"https:\/\/blogg.svenskakyrkan.se\/vandravagen\/#organization"},"image":{"@id":"https:\/\/blogg.svenskakyrkan.se\/vandravagen\/2012\/12\/27\/josef-och-tvivlet-tankar-utifran-julikonen\/#primaryimage"},"thumbnailUrl":"http:\/\/ocawonder.files.wordpress.com\/2010\/12\/nativity-icon.jpg","articleSection":["andlighet","bilder","kyrko\u00e5ret"],"inLanguage":"sv-SE","potentialAction":[{"@type":"CommentAction","name":"Comment","target":["https:\/\/blogg.svenskakyrkan.se\/vandravagen\/2012\/12\/27\/josef-och-tvivlet-tankar-utifran-julikonen\/#respond"]}]},{"@type":"WebPage","@id":"https:\/\/blogg.svenskakyrkan.se\/vandravagen\/2012\/12\/27\/josef-och-tvivlet-tankar-utifran-julikonen\/","url":"https:\/\/blogg.svenskakyrkan.se\/vandravagen\/2012\/12\/27\/josef-och-tvivlet-tankar-utifran-julikonen\/","name":"Josef och tvivlet, tankar utifr\u00e5n julikonen - Vandra V\u00e4gen","isPartOf":{"@id":"https:\/\/blogg.svenskakyrkan.se\/vandravagen\/#website"},"primaryImageOfPage":{"@id":"https:\/\/blogg.svenskakyrkan.se\/vandravagen\/2012\/12\/27\/josef-och-tvivlet-tankar-utifran-julikonen\/#primaryimage"},"image":{"@id":"https:\/\/blogg.svenskakyrkan.se\/vandravagen\/2012\/12\/27\/josef-och-tvivlet-tankar-utifran-julikonen\/#primaryimage"},"thumbnailUrl":"http:\/\/ocawonder.files.wordpress.com\/2010\/12\/nativity-icon.jpg","datePublished":"2012-12-27T09:46:00+00:00","breadcrumb":{"@id":"https:\/\/blogg.svenskakyrkan.se\/vandravagen\/2012\/12\/27\/josef-och-tvivlet-tankar-utifran-julikonen\/#breadcrumb"},"inLanguage":"sv-SE","potentialAction":[{"@type":"ReadAction","target":["https:\/\/blogg.svenskakyrkan.se\/vandravagen\/2012\/12\/27\/josef-och-tvivlet-tankar-utifran-julikonen\/"]}]},{"@type":"ImageObject","inLanguage":"sv-SE","@id":"https:\/\/blogg.svenskakyrkan.se\/vandravagen\/2012\/12\/27\/josef-och-tvivlet-tankar-utifran-julikonen\/#primaryimage","url":"http:\/\/ocawonder.files.wordpress.com\/2010\/12\/nativity-icon.jpg","contentUrl":"http:\/\/ocawonder.files.wordpress.com\/2010\/12\/nativity-icon.jpg"},{"@type":"BreadcrumbList","@id":"https:\/\/blogg.svenskakyrkan.se\/vandravagen\/2012\/12\/27\/josef-och-tvivlet-tankar-utifran-julikonen\/#breadcrumb","itemListElement":[{"@type":"ListItem","position":1,"name":"Hem","item":"https:\/\/blogg.svenskakyrkan.se\/vandravagen\/"},{"@type":"ListItem","position":2,"name":"Josef och tvivlet, tankar utifr\u00e5n julikonen"}]},{"@type":"WebSite","@id":"https:\/\/blogg.svenskakyrkan.se\/vandravagen\/#website","url":"https:\/\/blogg.svenskakyrkan.se\/vandravagen\/","name":"Vandra V\u00e4gen","description":"-Mot en tro f\u00f6r hela livet","publisher":{"@id":"https:\/\/blogg.svenskakyrkan.se\/vandravagen\/#organization"},"potentialAction":[{"@type":"SearchAction","target":{"@type":"EntryPoint","urlTemplate":"https:\/\/blogg.svenskakyrkan.se\/vandravagen\/?s={search_term_string}"},"query-input":{"@type":"PropertyValueSpecification","valueRequired":true,"valueName":"search_term_string"}}],"inLanguage":"sv-SE"},{"@type":"Organization","@id":"https:\/\/blogg.svenskakyrkan.se\/vandravagen\/#organization","name":"ulricehamns pastorat","alternateName":"ulricehamns pastorat","url":"https:\/\/blogg.svenskakyrkan.se\/vandravagen\/","logo":{"@type":"ImageObject","inLanguage":"sv-SE","@id":"https:\/\/blogg.svenskakyrkan.se\/vandravagen\/#\/schema\/logo\/image\/","url":"https:\/\/blogg.svenskakyrkan.se\/vandravagen\/files\/2023\/05\/Ulr_logo_RGB.png","contentUrl":"https:\/\/blogg.svenskakyrkan.se\/vandravagen\/files\/2023\/05\/Ulr_logo_RGB.png","width":205,"height":77,"caption":"ulricehamns pastorat"},"image":{"@id":"https:\/\/blogg.svenskakyrkan.se\/vandravagen\/#\/schema\/logo\/image\/"},"sameAs":["http:\/\/facebook.com\/vandravagen","https:\/\/x.com\/fadertomas","http:\/\/www.facebook.com\/svenskakyrkaniulricehamn"]},{"@type":"Person","@id":"https:\/\/blogg.svenskakyrkan.se\/vandravagen\/#\/schema\/person\/25da02d4f76b137d04291711e2c9fc16","name":"Tomas Jarvid","image":{"@type":"ImageObject","inLanguage":"sv-SE","@id":"https:\/\/blogg.svenskakyrkan.se\/vandravagen\/#\/schema\/person\/image\/","url":"https:\/\/secure.gravatar.com\/avatar\/7fa71899795e8f540f615a1f5ab25255dc27aa40f05ee7ddd21aac521e01bf50?s=96&d=identicon&r=g","contentUrl":"https:\/\/secure.gravatar.com\/avatar\/7fa71899795e8f540f615a1f5ab25255dc27aa40f05ee7ddd21aac521e01bf50?s=96&d=identicon&r=g","caption":"Tomas Jarvid"},"description":"Jag bor i Ulricehamn i V\u00e4sterg\u00f6tland och \u00e4r f\u00f6rsamlingspr\u00e4st i Svenska Kyrkan f\u00f6r Dalstorps f\u00f6rsamling i Kinds pastorat. P\u00e5 den h\u00e4r bloggen skriver jag ner tankar om vandringen som kristen.","sameAs":["http:\/\/www.vandravagen.se"],"url":"https:\/\/blogg.svenskakyrkan.se\/vandravagen\/author\/vandravagen\/"}]}},"author_meta":{"ID":"392","user_nicename":"vandravagen","user_url":"http:\/\/www.vandravagen.se","user_registered":"2014-05-19 05:44:52","display_name":"Tomas Jarvid","first_name":"Tomas","last_name":"Jarvid","avatar":"https:\/\/secure.gravatar.com\/avatar\/7fa71899795e8f540f615a1f5ab25255dc27aa40f05ee7ddd21aac521e01bf50?s=96&d=identicon&r=g"},"featured_image":false,"bloginfo":{"name":"Vandra V\u00e4gen","url":"https:\/\/blogg.svenskakyrkan.se\/vandravagen"},"_links":{"self":[{"href":"https:\/\/blogg.svenskakyrkan.se\/vandravagen\/wp-json\/wp\/v2\/posts\/797","targetHints":{"allow":["GET"]}}],"collection":[{"href":"https:\/\/blogg.svenskakyrkan.se\/vandravagen\/wp-json\/wp\/v2\/posts"}],"about":[{"href":"https:\/\/blogg.svenskakyrkan.se\/vandravagen\/wp-json\/wp\/v2\/types\/post"}],"author":[{"embeddable":true,"href":"https:\/\/blogg.svenskakyrkan.se\/vandravagen\/wp-json\/wp\/v2\/users\/392"}],"replies":[{"embeddable":true,"href":"https:\/\/blogg.svenskakyrkan.se\/vandravagen\/wp-json\/wp\/v2\/comments?post=797"}],"version-history":[{"count":0,"href":"https:\/\/blogg.svenskakyrkan.se\/vandravagen\/wp-json\/wp\/v2\/posts\/797\/revisions"}],"wp:attachment":[{"href":"https:\/\/blogg.svenskakyrkan.se\/vandravagen\/wp-json\/wp\/v2\/media?parent=797"}],"wp:term":[{"taxonomy":"category","embeddable":true,"href":"https:\/\/blogg.svenskakyrkan.se\/vandravagen\/wp-json\/wp\/v2\/categories?post=797"},{"taxonomy":"post_tag","embeddable":true,"href":"https:\/\/blogg.svenskakyrkan.se\/vandravagen\/wp-json\/wp\/v2\/tags?post=797"}],"curies":[{"name":"wp","href":"https:\/\/api.w.org\/{rel}","templated":true}]}}