{"id":799,"date":"2012-12-26T11:48:00","date_gmt":"2012-12-26T10:48:00","guid":{"rendered":"http:\/\/blogg.svenskakyrkan.se\/vandravagen\/2012\/12\/26\/adam-och-evas-namnsdagar-och-hogmassan\/"},"modified":"2012-12-26T11:48:00","modified_gmt":"2012-12-26T10:48:00","slug":"adam-och-evas-namnsdagar-och-hogmassan","status":"publish","type":"post","link":"https:\/\/blogg.svenskakyrkan.se\/vandravagen\/2012\/12\/26\/adam-och-evas-namnsdagar-och-hogmassan\/","title":{"rendered":"Adam och Evas namnsdagar och h\u00f6gm\u00e4ssan"},"content":{"rendered":"<table align=\"center\" cellpadding=\"0\" cellspacing=\"0\">\n<tbody>\n<tr>\n<td><a href=\"http:\/\/artbible.net\/1T\/Gen0301_2ndTale_disobedience\/images\/15%20A%20LE%20X%20AUX%20LIMBES%20ADAM%20ET%20EVE%20CHAMBERY%20MBA%20BB.jpg\"><img loading=\"lazy\" decoding=\"async\" border=\"0\" height=\"331\" src=\"http:\/\/artbible.net\/1T\/Gen0301_2ndTale_disobedience\/images\/15%20A%20LE%20X%20AUX%20LIMBES%20ADAM%20ET%20EVE%20CHAMBERY%20MBA%20BB.jpg\" width=\"400\"><\/a><\/td>\n<\/tr>\n<tr>\n<td>Kristus befriar Adam och Eva ur d\u00f6dsrikets k\u00e4ftar!<\/td>\n<\/tr>\n<\/tbody>\n<\/table>\n<p>24e och 25e december har Adam och Eva namnsdag. De var enligt bibeln de f\u00f6rsta m\u00e4nniskorna och som precis som alla vi senare sl\u00e4ktingar upplevde de problem i livet. B\u00e5de i relation till varandra och till Gud. Sedan ormen viskat l\u00f6gner i deras \u00f6ra och lurat dem att Gud inte var att lita p\u00e5 g\u00f6mde de sig f\u00f6r honom. De skylde ifr\u00e5n sig f\u00f6r frukten de \u00e4tit och g\u00f6mde sig ocks\u00e5 f\u00f6r varandra under fikonl\u00f6v.<\/p>\n<p>I Bibeln kallas Jesus ibland f\u00f6r den &#8221;andre Adam&#8221; och det \u00e4r ju hans f\u00f6delse vi just nu firar. Med honom f\u00e5r m\u00e4nskligheten en omstart. Han \u00e4r Gud med oss och undanr\u00f6jer allt som kan skilja oss fr\u00e5n Gud. V\u00e4gen till Gud st\u00e5r \u00f6ppen genom hans person.<\/p>\n<p>S\u00e5 vi beh\u00f6ver inte g\u00f6mma oss mer eller misstro Guds godhet. Vi tr\u00e4der ist\u00e4llet glada fram inf\u00f6r honom i gudstj\u00e4nsten. JUST DETTA \u00e4r sammanhanget man ska f\u00f6rst\u00e5 syndabek\u00e4nnelsen i. Vi g\u00f6mmer oss inte l\u00e4ngre utan vet att Gud \u00e4r god och uppr\u00e4ttande. Vi s\u00e4ger som det \u00e4r om allt i v\u00e5rt liv och vet att det leder till djupare gemenskap ist\u00e4llet f\u00f6r f\u00f6rd\u00f6manden.<\/p>\n<p>Och d\u00e4refter tr\u00e4der vi fram till m\u00e5ltiden och bordsgemenskap med Gud sj\u00e4lv. En m\u00e4ktig bild f\u00f6r den f\u00f6rnyade relationen vi f\u00e5r h\u00e4mta kraft ur och gl\u00e4dja oss \u00f6ver!<\/p>\n<p>S\u00e5 kan man t\u00e4nka om Adam och Eva och h\u00f6gm\u00e4ssan s\u00e5 h\u00e4r i jultider.<\/p>\n","protected":false},"excerpt":{"rendered":"<p>Kristus befriar Adam och Eva ur d\u00f6dsrikets k\u00e4ftar! 24e och 25e december har Adam och Eva namnsdag. De var enligt bibeln de f\u00f6rsta m\u00e4nniskorna och som precis som alla vi senare sl\u00e4ktingar upplevde de problem i livet. B\u00e5de i relation till varandra och till Gud. Sedan ormen viskat l\u00f6gner i deras \u00f6ra och lurat dem [&hellip;]<\/p>\n","protected":false},"author":392,"featured_media":0,"comment_status":"open","ping_status":"open","sticky":false,"template":"","format":"standard","meta":{"_acf_changed":false,"footnotes":""},"categories":[14252,8265,8252],"tags":[],"class_list":["post-799","post","type-post","status-publish","format-standard","hentry","category-bibel","category-gudstjanst","category-kyrkoaret"],"acf":[],"yoast_head":"<!-- This site is optimized with the Yoast SEO plugin v27.1.1 - https:\/\/yoast.com\/product\/yoast-seo-wordpress\/ -->\n<title>Adam och Evas namnsdagar och h\u00f6gm\u00e4ssan - Vandra V\u00e4gen<\/title>\n<meta name=\"robots\" content=\"index, follow, max-snippet:-1, max-image-preview:large, max-video-preview:-1\" \/>\n<link rel=\"canonical\" href=\"https:\/\/blogg.svenskakyrkan.se\/vandravagen\/2012\/12\/26\/adam-och-evas-namnsdagar-och-hogmassan\/\" \/>\n<meta property=\"og:locale\" content=\"sv_SE\" \/>\n<meta property=\"og:type\" content=\"article\" \/>\n<meta property=\"og:title\" content=\"Adam och Evas namnsdagar och h\u00f6gm\u00e4ssan - Vandra V\u00e4gen\" \/>\n<meta property=\"og:description\" content=\"Kristus befriar Adam och Eva ur d\u00f6dsrikets k\u00e4ftar! 24e och 25e december har Adam och Eva namnsdag. De var enligt bibeln de f\u00f6rsta m\u00e4nniskorna och som precis som alla vi senare sl\u00e4ktingar upplevde de problem i livet. B\u00e5de i relation till varandra och till Gud. Sedan ormen viskat l\u00f6gner i deras \u00f6ra och lurat dem [&hellip;]\" \/>\n<meta property=\"og:url\" content=\"https:\/\/blogg.svenskakyrkan.se\/vandravagen\/2012\/12\/26\/adam-och-evas-namnsdagar-och-hogmassan\/\" \/>\n<meta property=\"og:site_name\" content=\"Vandra V\u00e4gen\" \/>\n<meta property=\"article:publisher\" content=\"http:\/\/facebook.com\/vandravagen\" \/>\n<meta property=\"article:published_time\" content=\"2012-12-26T10:48:00+00:00\" \/>\n<meta property=\"og:image\" content=\"http:\/\/artbible.net\/1T\/Gen0301_2ndTale_disobedience\/images\/15%20A%20LE%20X%20AUX%20LIMBES%20ADAM%20ET%20EVE%20CHAMBERY%20MBA%20BB.jpg\" \/>\n<meta name=\"author\" content=\"Tomas Jarvid\" \/>\n<meta name=\"twitter:card\" content=\"summary_large_image\" \/>\n<meta name=\"twitter:creator\" content=\"@fadertomas\" \/>\n<meta name=\"twitter:site\" content=\"@fadertomas\" \/>\n<meta name=\"twitter:label1\" content=\"Skriven av\" \/>\n\t<meta name=\"twitter:data1\" content=\"Tomas Jarvid\" \/>\n\t<meta name=\"twitter:label2\" content=\"Ber\u00e4knad l\u00e4stid\" \/>\n\t<meta name=\"twitter:data2\" content=\"1 minut\" \/>\n<script type=\"application\/ld+json\" class=\"yoast-schema-graph\">{\"@context\":\"https:\/\/schema.org\",\"@graph\":[{\"@type\":\"Article\",\"@id\":\"https:\/\/blogg.svenskakyrkan.se\/vandravagen\/2012\/12\/26\/adam-och-evas-namnsdagar-och-hogmassan\/#article\",\"isPartOf\":{\"@id\":\"https:\/\/blogg.svenskakyrkan.se\/vandravagen\/2012\/12\/26\/adam-och-evas-namnsdagar-och-hogmassan\/\"},\"author\":{\"name\":\"Tomas Jarvid\",\"@id\":\"https:\/\/blogg.svenskakyrkan.se\/vandravagen\/#\/schema\/person\/25da02d4f76b137d04291711e2c9fc16\"},\"headline\":\"Adam och Evas namnsdagar och h\u00f6gm\u00e4ssan\",\"datePublished\":\"2012-12-26T10:48:00+00:00\",\"mainEntityOfPage\":{\"@id\":\"https:\/\/blogg.svenskakyrkan.se\/vandravagen\/2012\/12\/26\/adam-och-evas-namnsdagar-och-hogmassan\/\"},\"wordCount\":296,\"commentCount\":0,\"publisher\":{\"@id\":\"https:\/\/blogg.svenskakyrkan.se\/vandravagen\/#organization\"},\"image\":{\"@id\":\"https:\/\/blogg.svenskakyrkan.se\/vandravagen\/2012\/12\/26\/adam-och-evas-namnsdagar-och-hogmassan\/#primaryimage\"},\"thumbnailUrl\":\"http:\/\/artbible.net\/1T\/Gen0301_2ndTale_disobedience\/images\/15%20A%20LE%20X%20AUX%20LIMBES%20ADAM%20ET%20EVE%20CHAMBERY%20MBA%20BB.jpg\",\"articleSection\":[\"bibel\",\"Gudstj\u00e4nst\",\"kyrko\u00e5ret\"],\"inLanguage\":\"sv-SE\",\"potentialAction\":[{\"@type\":\"CommentAction\",\"name\":\"Comment\",\"target\":[\"https:\/\/blogg.svenskakyrkan.se\/vandravagen\/2012\/12\/26\/adam-och-evas-namnsdagar-och-hogmassan\/#respond\"]}]},{\"@type\":\"WebPage\",\"@id\":\"https:\/\/blogg.svenskakyrkan.se\/vandravagen\/2012\/12\/26\/adam-och-evas-namnsdagar-och-hogmassan\/\",\"url\":\"https:\/\/blogg.svenskakyrkan.se\/vandravagen\/2012\/12\/26\/adam-och-evas-namnsdagar-och-hogmassan\/\",\"name\":\"Adam och Evas namnsdagar och h\u00f6gm\u00e4ssan - Vandra V\u00e4gen\",\"isPartOf\":{\"@id\":\"https:\/\/blogg.svenskakyrkan.se\/vandravagen\/#website\"},\"primaryImageOfPage\":{\"@id\":\"https:\/\/blogg.svenskakyrkan.se\/vandravagen\/2012\/12\/26\/adam-och-evas-namnsdagar-och-hogmassan\/#primaryimage\"},\"image\":{\"@id\":\"https:\/\/blogg.svenskakyrkan.se\/vandravagen\/2012\/12\/26\/adam-och-evas-namnsdagar-och-hogmassan\/#primaryimage\"},\"thumbnailUrl\":\"http:\/\/artbible.net\/1T\/Gen0301_2ndTale_disobedience\/images\/15%20A%20LE%20X%20AUX%20LIMBES%20ADAM%20ET%20EVE%20CHAMBERY%20MBA%20BB.jpg\",\"datePublished\":\"2012-12-26T10:48:00+00:00\",\"breadcrumb\":{\"@id\":\"https:\/\/blogg.svenskakyrkan.se\/vandravagen\/2012\/12\/26\/adam-och-evas-namnsdagar-och-hogmassan\/#breadcrumb\"},\"inLanguage\":\"sv-SE\",\"potentialAction\":[{\"@type\":\"ReadAction\",\"target\":[\"https:\/\/blogg.svenskakyrkan.se\/vandravagen\/2012\/12\/26\/adam-och-evas-namnsdagar-och-hogmassan\/\"]}]},{\"@type\":\"ImageObject\",\"inLanguage\":\"sv-SE\",\"@id\":\"https:\/\/blogg.svenskakyrkan.se\/vandravagen\/2012\/12\/26\/adam-och-evas-namnsdagar-och-hogmassan\/#primaryimage\",\"url\":\"http:\/\/artbible.net\/1T\/Gen0301_2ndTale_disobedience\/images\/15%20A%20LE%20X%20AUX%20LIMBES%20ADAM%20ET%20EVE%20CHAMBERY%20MBA%20BB.jpg\",\"contentUrl\":\"http:\/\/artbible.net\/1T\/Gen0301_2ndTale_disobedience\/images\/15%20A%20LE%20X%20AUX%20LIMBES%20ADAM%20ET%20EVE%20CHAMBERY%20MBA%20BB.jpg\"},{\"@type\":\"BreadcrumbList\",\"@id\":\"https:\/\/blogg.svenskakyrkan.se\/vandravagen\/2012\/12\/26\/adam-och-evas-namnsdagar-och-hogmassan\/#breadcrumb\",\"itemListElement\":[{\"@type\":\"ListItem\",\"position\":1,\"name\":\"Hem\",\"item\":\"https:\/\/blogg.svenskakyrkan.se\/vandravagen\/\"},{\"@type\":\"ListItem\",\"position\":2,\"name\":\"Adam och Evas namnsdagar och h\u00f6gm\u00e4ssan\"}]},{\"@type\":\"WebSite\",\"@id\":\"https:\/\/blogg.svenskakyrkan.se\/vandravagen\/#website\",\"url\":\"https:\/\/blogg.svenskakyrkan.se\/vandravagen\/\",\"name\":\"Vandra V\u00e4gen\",\"description\":\"-Mot en tro f\u00f6r hela livet\",\"publisher\":{\"@id\":\"https:\/\/blogg.svenskakyrkan.se\/vandravagen\/#organization\"},\"potentialAction\":[{\"@type\":\"SearchAction\",\"target\":{\"@type\":\"EntryPoint\",\"urlTemplate\":\"https:\/\/blogg.svenskakyrkan.se\/vandravagen\/?s={search_term_string}\"},\"query-input\":{\"@type\":\"PropertyValueSpecification\",\"valueRequired\":true,\"valueName\":\"search_term_string\"}}],\"inLanguage\":\"sv-SE\"},{\"@type\":\"Organization\",\"@id\":\"https:\/\/blogg.svenskakyrkan.se\/vandravagen\/#organization\",\"name\":\"ulricehamns pastorat\",\"alternateName\":\"ulricehamns pastorat\",\"url\":\"https:\/\/blogg.svenskakyrkan.se\/vandravagen\/\",\"logo\":{\"@type\":\"ImageObject\",\"inLanguage\":\"sv-SE\",\"@id\":\"https:\/\/blogg.svenskakyrkan.se\/vandravagen\/#\/schema\/logo\/image\/\",\"url\":\"https:\/\/blogg.svenskakyrkan.se\/vandravagen\/files\/2023\/05\/Ulr_logo_RGB.png\",\"contentUrl\":\"https:\/\/blogg.svenskakyrkan.se\/vandravagen\/files\/2023\/05\/Ulr_logo_RGB.png\",\"width\":205,\"height\":77,\"caption\":\"ulricehamns pastorat\"},\"image\":{\"@id\":\"https:\/\/blogg.svenskakyrkan.se\/vandravagen\/#\/schema\/logo\/image\/\"},\"sameAs\":[\"http:\/\/facebook.com\/vandravagen\",\"https:\/\/x.com\/fadertomas\",\"http:\/\/www.facebook.com\/svenskakyrkaniulricehamn\"]},{\"@type\":\"Person\",\"@id\":\"https:\/\/blogg.svenskakyrkan.se\/vandravagen\/#\/schema\/person\/25da02d4f76b137d04291711e2c9fc16\",\"name\":\"Tomas Jarvid\",\"image\":{\"@type\":\"ImageObject\",\"inLanguage\":\"sv-SE\",\"@id\":\"https:\/\/blogg.svenskakyrkan.se\/vandravagen\/#\/schema\/person\/image\/\",\"url\":\"https:\/\/secure.gravatar.com\/avatar\/7fa71899795e8f540f615a1f5ab25255dc27aa40f05ee7ddd21aac521e01bf50?s=96&d=identicon&r=g\",\"contentUrl\":\"https:\/\/secure.gravatar.com\/avatar\/7fa71899795e8f540f615a1f5ab25255dc27aa40f05ee7ddd21aac521e01bf50?s=96&d=identicon&r=g\",\"caption\":\"Tomas Jarvid\"},\"description\":\"Jag bor i Ulricehamn i V\u00e4sterg\u00f6tland och \u00e4r f\u00f6rsamlingspr\u00e4st i Svenska Kyrkan f\u00f6r Dalstorps f\u00f6rsamling i Kinds pastorat. P\u00e5 den h\u00e4r bloggen skriver jag ner tankar om vandringen som kristen.\",\"sameAs\":[\"http:\/\/www.vandravagen.se\"],\"url\":\"https:\/\/blogg.svenskakyrkan.se\/vandravagen\/author\/vandravagen\/\"}]}<\/script>\n<!-- \/ Yoast SEO plugin. -->","yoast_head_json":{"title":"Adam och Evas namnsdagar och h\u00f6gm\u00e4ssan - Vandra V\u00e4gen","robots":{"index":"index","follow":"follow","max-snippet":"max-snippet:-1","max-image-preview":"max-image-preview:large","max-video-preview":"max-video-preview:-1"},"canonical":"https:\/\/blogg.svenskakyrkan.se\/vandravagen\/2012\/12\/26\/adam-och-evas-namnsdagar-och-hogmassan\/","og_locale":"sv_SE","og_type":"article","og_title":"Adam och Evas namnsdagar och h\u00f6gm\u00e4ssan - Vandra V\u00e4gen","og_description":"Kristus befriar Adam och Eva ur d\u00f6dsrikets k\u00e4ftar! 24e och 25e december har Adam och Eva namnsdag. De var enligt bibeln de f\u00f6rsta m\u00e4nniskorna och som precis som alla vi senare sl\u00e4ktingar upplevde de problem i livet. B\u00e5de i relation till varandra och till Gud. Sedan ormen viskat l\u00f6gner i deras \u00f6ra och lurat dem [&hellip;]","og_url":"https:\/\/blogg.svenskakyrkan.se\/vandravagen\/2012\/12\/26\/adam-och-evas-namnsdagar-och-hogmassan\/","og_site_name":"Vandra V\u00e4gen","article_publisher":"http:\/\/facebook.com\/vandravagen","article_published_time":"2012-12-26T10:48:00+00:00","og_image":[{"url":"http:\/\/artbible.net\/1T\/Gen0301_2ndTale_disobedience\/images\/15%20A%20LE%20X%20AUX%20LIMBES%20ADAM%20ET%20EVE%20CHAMBERY%20MBA%20BB.jpg","type":"","width":"","height":""}],"author":"Tomas Jarvid","twitter_card":"summary_large_image","twitter_creator":"@fadertomas","twitter_site":"@fadertomas","twitter_misc":{"Skriven av":"Tomas Jarvid","Ber\u00e4knad l\u00e4stid":"1 minut"},"schema":{"@context":"https:\/\/schema.org","@graph":[{"@type":"Article","@id":"https:\/\/blogg.svenskakyrkan.se\/vandravagen\/2012\/12\/26\/adam-och-evas-namnsdagar-och-hogmassan\/#article","isPartOf":{"@id":"https:\/\/blogg.svenskakyrkan.se\/vandravagen\/2012\/12\/26\/adam-och-evas-namnsdagar-och-hogmassan\/"},"author":{"name":"Tomas Jarvid","@id":"https:\/\/blogg.svenskakyrkan.se\/vandravagen\/#\/schema\/person\/25da02d4f76b137d04291711e2c9fc16"},"headline":"Adam och Evas namnsdagar och h\u00f6gm\u00e4ssan","datePublished":"2012-12-26T10:48:00+00:00","mainEntityOfPage":{"@id":"https:\/\/blogg.svenskakyrkan.se\/vandravagen\/2012\/12\/26\/adam-och-evas-namnsdagar-och-hogmassan\/"},"wordCount":296,"commentCount":0,"publisher":{"@id":"https:\/\/blogg.svenskakyrkan.se\/vandravagen\/#organization"},"image":{"@id":"https:\/\/blogg.svenskakyrkan.se\/vandravagen\/2012\/12\/26\/adam-och-evas-namnsdagar-och-hogmassan\/#primaryimage"},"thumbnailUrl":"http:\/\/artbible.net\/1T\/Gen0301_2ndTale_disobedience\/images\/15%20A%20LE%20X%20AUX%20LIMBES%20ADAM%20ET%20EVE%20CHAMBERY%20MBA%20BB.jpg","articleSection":["bibel","Gudstj\u00e4nst","kyrko\u00e5ret"],"inLanguage":"sv-SE","potentialAction":[{"@type":"CommentAction","name":"Comment","target":["https:\/\/blogg.svenskakyrkan.se\/vandravagen\/2012\/12\/26\/adam-och-evas-namnsdagar-och-hogmassan\/#respond"]}]},{"@type":"WebPage","@id":"https:\/\/blogg.svenskakyrkan.se\/vandravagen\/2012\/12\/26\/adam-och-evas-namnsdagar-och-hogmassan\/","url":"https:\/\/blogg.svenskakyrkan.se\/vandravagen\/2012\/12\/26\/adam-och-evas-namnsdagar-och-hogmassan\/","name":"Adam och Evas namnsdagar och h\u00f6gm\u00e4ssan - Vandra V\u00e4gen","isPartOf":{"@id":"https:\/\/blogg.svenskakyrkan.se\/vandravagen\/#website"},"primaryImageOfPage":{"@id":"https:\/\/blogg.svenskakyrkan.se\/vandravagen\/2012\/12\/26\/adam-och-evas-namnsdagar-och-hogmassan\/#primaryimage"},"image":{"@id":"https:\/\/blogg.svenskakyrkan.se\/vandravagen\/2012\/12\/26\/adam-och-evas-namnsdagar-och-hogmassan\/#primaryimage"},"thumbnailUrl":"http:\/\/artbible.net\/1T\/Gen0301_2ndTale_disobedience\/images\/15%20A%20LE%20X%20AUX%20LIMBES%20ADAM%20ET%20EVE%20CHAMBERY%20MBA%20BB.jpg","datePublished":"2012-12-26T10:48:00+00:00","breadcrumb":{"@id":"https:\/\/blogg.svenskakyrkan.se\/vandravagen\/2012\/12\/26\/adam-och-evas-namnsdagar-och-hogmassan\/#breadcrumb"},"inLanguage":"sv-SE","potentialAction":[{"@type":"ReadAction","target":["https:\/\/blogg.svenskakyrkan.se\/vandravagen\/2012\/12\/26\/adam-och-evas-namnsdagar-och-hogmassan\/"]}]},{"@type":"ImageObject","inLanguage":"sv-SE","@id":"https:\/\/blogg.svenskakyrkan.se\/vandravagen\/2012\/12\/26\/adam-och-evas-namnsdagar-och-hogmassan\/#primaryimage","url":"http:\/\/artbible.net\/1T\/Gen0301_2ndTale_disobedience\/images\/15%20A%20LE%20X%20AUX%20LIMBES%20ADAM%20ET%20EVE%20CHAMBERY%20MBA%20BB.jpg","contentUrl":"http:\/\/artbible.net\/1T\/Gen0301_2ndTale_disobedience\/images\/15%20A%20LE%20X%20AUX%20LIMBES%20ADAM%20ET%20EVE%20CHAMBERY%20MBA%20BB.jpg"},{"@type":"BreadcrumbList","@id":"https:\/\/blogg.svenskakyrkan.se\/vandravagen\/2012\/12\/26\/adam-och-evas-namnsdagar-och-hogmassan\/#breadcrumb","itemListElement":[{"@type":"ListItem","position":1,"name":"Hem","item":"https:\/\/blogg.svenskakyrkan.se\/vandravagen\/"},{"@type":"ListItem","position":2,"name":"Adam och Evas namnsdagar och h\u00f6gm\u00e4ssan"}]},{"@type":"WebSite","@id":"https:\/\/blogg.svenskakyrkan.se\/vandravagen\/#website","url":"https:\/\/blogg.svenskakyrkan.se\/vandravagen\/","name":"Vandra V\u00e4gen","description":"-Mot en tro f\u00f6r hela livet","publisher":{"@id":"https:\/\/blogg.svenskakyrkan.se\/vandravagen\/#organization"},"potentialAction":[{"@type":"SearchAction","target":{"@type":"EntryPoint","urlTemplate":"https:\/\/blogg.svenskakyrkan.se\/vandravagen\/?s={search_term_string}"},"query-input":{"@type":"PropertyValueSpecification","valueRequired":true,"valueName":"search_term_string"}}],"inLanguage":"sv-SE"},{"@type":"Organization","@id":"https:\/\/blogg.svenskakyrkan.se\/vandravagen\/#organization","name":"ulricehamns pastorat","alternateName":"ulricehamns pastorat","url":"https:\/\/blogg.svenskakyrkan.se\/vandravagen\/","logo":{"@type":"ImageObject","inLanguage":"sv-SE","@id":"https:\/\/blogg.svenskakyrkan.se\/vandravagen\/#\/schema\/logo\/image\/","url":"https:\/\/blogg.svenskakyrkan.se\/vandravagen\/files\/2023\/05\/Ulr_logo_RGB.png","contentUrl":"https:\/\/blogg.svenskakyrkan.se\/vandravagen\/files\/2023\/05\/Ulr_logo_RGB.png","width":205,"height":77,"caption":"ulricehamns pastorat"},"image":{"@id":"https:\/\/blogg.svenskakyrkan.se\/vandravagen\/#\/schema\/logo\/image\/"},"sameAs":["http:\/\/facebook.com\/vandravagen","https:\/\/x.com\/fadertomas","http:\/\/www.facebook.com\/svenskakyrkaniulricehamn"]},{"@type":"Person","@id":"https:\/\/blogg.svenskakyrkan.se\/vandravagen\/#\/schema\/person\/25da02d4f76b137d04291711e2c9fc16","name":"Tomas Jarvid","image":{"@type":"ImageObject","inLanguage":"sv-SE","@id":"https:\/\/blogg.svenskakyrkan.se\/vandravagen\/#\/schema\/person\/image\/","url":"https:\/\/secure.gravatar.com\/avatar\/7fa71899795e8f540f615a1f5ab25255dc27aa40f05ee7ddd21aac521e01bf50?s=96&d=identicon&r=g","contentUrl":"https:\/\/secure.gravatar.com\/avatar\/7fa71899795e8f540f615a1f5ab25255dc27aa40f05ee7ddd21aac521e01bf50?s=96&d=identicon&r=g","caption":"Tomas Jarvid"},"description":"Jag bor i Ulricehamn i V\u00e4sterg\u00f6tland och \u00e4r f\u00f6rsamlingspr\u00e4st i Svenska Kyrkan f\u00f6r Dalstorps f\u00f6rsamling i Kinds pastorat. P\u00e5 den h\u00e4r bloggen skriver jag ner tankar om vandringen som kristen.","sameAs":["http:\/\/www.vandravagen.se"],"url":"https:\/\/blogg.svenskakyrkan.se\/vandravagen\/author\/vandravagen\/"}]}},"author_meta":{"ID":"392","user_nicename":"vandravagen","user_url":"http:\/\/www.vandravagen.se","user_registered":"2014-05-19 05:44:52","display_name":"Tomas Jarvid","first_name":"Tomas","last_name":"Jarvid","avatar":"https:\/\/secure.gravatar.com\/avatar\/7fa71899795e8f540f615a1f5ab25255dc27aa40f05ee7ddd21aac521e01bf50?s=96&d=identicon&r=g"},"featured_image":false,"bloginfo":{"name":"Vandra V\u00e4gen","url":"https:\/\/blogg.svenskakyrkan.se\/vandravagen"},"_links":{"self":[{"href":"https:\/\/blogg.svenskakyrkan.se\/vandravagen\/wp-json\/wp\/v2\/posts\/799","targetHints":{"allow":["GET"]}}],"collection":[{"href":"https:\/\/blogg.svenskakyrkan.se\/vandravagen\/wp-json\/wp\/v2\/posts"}],"about":[{"href":"https:\/\/blogg.svenskakyrkan.se\/vandravagen\/wp-json\/wp\/v2\/types\/post"}],"author":[{"embeddable":true,"href":"https:\/\/blogg.svenskakyrkan.se\/vandravagen\/wp-json\/wp\/v2\/users\/392"}],"replies":[{"embeddable":true,"href":"https:\/\/blogg.svenskakyrkan.se\/vandravagen\/wp-json\/wp\/v2\/comments?post=799"}],"version-history":[{"count":0,"href":"https:\/\/blogg.svenskakyrkan.se\/vandravagen\/wp-json\/wp\/v2\/posts\/799\/revisions"}],"wp:attachment":[{"href":"https:\/\/blogg.svenskakyrkan.se\/vandravagen\/wp-json\/wp\/v2\/media?parent=799"}],"wp:term":[{"taxonomy":"category","embeddable":true,"href":"https:\/\/blogg.svenskakyrkan.se\/vandravagen\/wp-json\/wp\/v2\/categories?post=799"},{"taxonomy":"post_tag","embeddable":true,"href":"https:\/\/blogg.svenskakyrkan.se\/vandravagen\/wp-json\/wp\/v2\/tags?post=799"}],"curies":[{"name":"wp","href":"https:\/\/api.w.org\/{rel}","templated":true}]}}