{"id":8044,"date":"2020-08-09T07:00:00","date_gmt":"2020-08-09T05:00:00","guid":{"rendered":"http:\/\/blogg.svenskakyrkan.se\/vandravagen\/?p=8044"},"modified":"2020-08-08T23:10:29","modified_gmt":"2020-08-08T21:10:29","slug":"11-blandade-tankar-pa-sondagen-20","status":"publish","type":"post","link":"https:\/\/blogg.svenskakyrkan.se\/vandravagen\/2020\/08\/09\/11-blandade-tankar-pa-sondagen-20\/","title":{"rendered":"11 blandade tankar p\u00e5 s\u00f6ndagen"},"content":{"rendered":"\n\n\n<figure class=\"wp-block-image size-large is-resized is-style-default\"><img loading=\"lazy\" decoding=\"async\" src=\"https:\/\/blogg.svenskakyrkan.se\/vandravagen\/files\/2020\/08\/IMG_5983.jpg\" alt=\"\" class=\"wp-image-8045\" width=\"581\" height=\"774\" srcset=\"https:\/\/blogg.svenskakyrkan.se\/vandravagen\/files\/2020\/08\/IMG_5983.jpg 960w, https:\/\/blogg.svenskakyrkan.se\/vandravagen\/files\/2020\/08\/IMG_5983-300x400.jpg 300w, https:\/\/blogg.svenskakyrkan.se\/vandravagen\/files\/2020\/08\/IMG_5983-768x1024.jpg 768w\" sizes=\"auto, (max-width: 581px) 100vw, 581px\" \/><figcaption>Detta vackra gr\u00e4s skulle jag g\u00e4rna logga i biologg men jag vet inte vad det heter. Vad heter det?<\/figcaption><\/figure>\n\n\n\n<ol class=\"wp-block-list\"><li>Glad s\u00f6ndag, k\u00e4ra l\u00e4sare!<\/li><li>Idag kan man faktiskt fira gudstj\u00e4nst med mig som predikant fast jag \u00e4r p\u00e5 semester, \u00e5tminstone p\u00e5 n\u00e4tet. H\u00e4r \u00e4r jag f\u00f6rinspelad fr\u00e5n Dalstorps kyrka om att ta vara p\u00e5 det vi f\u00e5tt anf\u00f6rtrott:<\/li><\/ol>\n\n\n\n<figure class=\"wp-block-embed-vimeo wp-block-embed is-type-video is-provider-vimeo wp-embed-aspect-16-9 wp-has-aspect-ratio\"><div class=\"wp-block-embed__wrapper\">\nhttps:\/\/vimeo.com\/445778043\n<\/div><\/figure>\n\n\n\n<p>3. Annars kan man g\u00e5tt g\u00e5 till kyrkan vid 11 f\u00f6r enskild andakt. Min kollega Ulf \u00e4r d\u00e4r.<\/p>\n\n\n\n<p>4. Ig\u00e5r fick jag vandra stigar igen. Vi har en led som g\u00e5r runt Ulricehamns sj\u00f6 \u00c5sunden (originellt namn: \u00c5sundenleden) och jag och min fru och med bebis p\u00e5 ryggen har vi knatat den troligen finaste delen av leden, l\u00e4ngs sj\u00f6ns v\u00e4stsida. D\u00e4r \u00e4r verkligen osannolikt mycket uppf\u00f6rsbacke ibland men det \u00e4r ocks\u00e5 imponerande vilken fin led det \u00e4r!<\/p>\n\n\n\n<p>5. F\u00f6rra veckan hade jag f\u00f6r ovanlighetens skull en bild p\u00e5 mig och bebis h\u00e4r p\u00e5 bloggen. Jag kan verkligen f\u00f6rst\u00e5 att det \u00e4r lockande f\u00f6r influensers och s\u00e5 att blanda in familjen f\u00f6r j\u00f6sses vad mycket mer genomslag det blev. Fast jag vet ju att ni i hemlighet f\u00f6redrar mina konstiga bilder p\u00e5 bibelfigurer eller s\u00e5.<\/p>\n\n\n\n<p>6. Och s\u00e5 \u00e4ntligen efter n\u00e5gra veckor av torka har vi f\u00e5tt huset fullt av nya l\u00e5neb\u00f6cker fr\u00e5n biblioteket. Nu ska jag bara f\u00e5 tid att titta lite i allt jag optimistiskt l\u00e5nat hem till mig sj\u00e4lv.<\/p>\n\n\n\n<p>7. Mest \u00e4r det f\u00f6rst\u00e5s om gamla tr\u00e4d och s\u00e5nt.<\/p>\n\n\n\n<p>8. Jo! En sak! Om du anv\u00e4nder appen &#8221;biologg&#8221; d\u00e4r man samlar po\u00e4ng genom att logga arter man hittar (och hj\u00e4lpa forskningen samtidigt p\u00e5 n\u00e5got s\u00e4tt) s\u00e5 f\u00e5r du g\u00e4rna bli kompis med mig d\u00e4r: nummer 0403 0974 1694<\/p>\n\n\n\n<p>9. Eller l\u00e4gg g\u00e4rna till appen om du inte gjort det. Leta arter i naturen m\u00e5ste v\u00e4l vara det b\u00e4sta b\u00e5de som spel och som socialt medie?<\/p>\n\n\n\n<p>10. Passar ju ocks\u00e5 v\u00e4ldigt bra som ny syssla n\u00e4r vi nu har temat att f\u00f6rvalta Guds skapelse idag.<\/p>\n\n\n\n<p>11. Vad g\u00f6r du idag? Skriv en rad och ber\u00e4tta!<\/p>\n","protected":false},"excerpt":{"rendered":"<p>Glad s\u00f6ndag, k\u00e4ra l\u00e4sare! Idag kan man faktiskt fira gudstj\u00e4nst med mig som predikant fast jag \u00e4r p\u00e5 semester, \u00e5tminstone p\u00e5 n\u00e4tet. H\u00e4r \u00e4r jag f\u00f6rinspelad fr\u00e5n Dalstorps kyrka om att ta vara p\u00e5 det vi f\u00e5tt anf\u00f6rtrott: 3. Annars kan man g\u00e5tt g\u00e5 till kyrkan vid 11 f\u00f6r enskild andakt. Min kollega Ulf \u00e4r [&hellip;]<\/p>\n","protected":false},"author":392,"featured_media":8045,"comment_status":"open","ping_status":"open","sticky":false,"template":"","format":"standard","meta":{"_acf_changed":false,"footnotes":""},"categories":[76766],"tags":[],"class_list":["post-8044","post","type-post","status-publish","format-standard","has-post-thumbnail","hentry","category-blandat"],"acf":[],"yoast_head":"<!-- This site is optimized with the Yoast SEO plugin v27.1.1 - https:\/\/yoast.com\/product\/yoast-seo-wordpress\/ -->\n<title>11 blandade tankar p\u00e5 s\u00f6ndagen - Vandra V\u00e4gen<\/title>\n<meta name=\"robots\" content=\"index, follow, max-snippet:-1, max-image-preview:large, max-video-preview:-1\" \/>\n<link rel=\"canonical\" href=\"https:\/\/blogg.svenskakyrkan.se\/vandravagen\/2020\/08\/09\/11-blandade-tankar-pa-sondagen-20\/\" \/>\n<meta property=\"og:locale\" content=\"sv_SE\" \/>\n<meta property=\"og:type\" content=\"article\" \/>\n<meta property=\"og:title\" content=\"11 blandade tankar p\u00e5 s\u00f6ndagen - Vandra V\u00e4gen\" \/>\n<meta property=\"og:description\" content=\"Glad s\u00f6ndag, k\u00e4ra l\u00e4sare! Idag kan man faktiskt fira gudstj\u00e4nst med mig som predikant fast jag \u00e4r p\u00e5 semester, \u00e5tminstone p\u00e5 n\u00e4tet. H\u00e4r \u00e4r jag f\u00f6rinspelad fr\u00e5n Dalstorps kyrka om att ta vara p\u00e5 det vi f\u00e5tt anf\u00f6rtrott: 3. Annars kan man g\u00e5tt g\u00e5 till kyrkan vid 11 f\u00f6r enskild andakt. Min kollega Ulf \u00e4r [&hellip;]\" \/>\n<meta property=\"og:url\" content=\"https:\/\/blogg.svenskakyrkan.se\/vandravagen\/2020\/08\/09\/11-blandade-tankar-pa-sondagen-20\/\" \/>\n<meta property=\"og:site_name\" content=\"Vandra V\u00e4gen\" \/>\n<meta property=\"article:publisher\" content=\"http:\/\/facebook.com\/vandravagen\" \/>\n<meta property=\"article:published_time\" content=\"2020-08-09T05:00:00+00:00\" \/>\n<meta property=\"og:image\" content=\"https:\/\/blogg.svenskakyrkan.se\/vandravagen\/files\/2020\/08\/IMG_5983.jpg\" \/>\n\t<meta property=\"og:image:width\" content=\"960\" \/>\n\t<meta property=\"og:image:height\" content=\"1280\" \/>\n\t<meta property=\"og:image:type\" content=\"image\/jpeg\" \/>\n<meta name=\"author\" content=\"Tomas Jarvid\" \/>\n<meta name=\"twitter:card\" content=\"summary_large_image\" \/>\n<meta name=\"twitter:creator\" content=\"@fadertomas\" \/>\n<meta name=\"twitter:site\" content=\"@fadertomas\" \/>\n<meta name=\"twitter:label1\" content=\"Skriven av\" \/>\n\t<meta name=\"twitter:data1\" content=\"Tomas Jarvid\" \/>\n\t<meta name=\"twitter:label2\" content=\"Ber\u00e4knad l\u00e4stid\" \/>\n\t<meta name=\"twitter:data2\" content=\"2 minuter\" \/>\n<script type=\"application\/ld+json\" class=\"yoast-schema-graph\">{\"@context\":\"https:\/\/schema.org\",\"@graph\":[{\"@type\":\"Article\",\"@id\":\"https:\/\/blogg.svenskakyrkan.se\/vandravagen\/2020\/08\/09\/11-blandade-tankar-pa-sondagen-20\/#article\",\"isPartOf\":{\"@id\":\"https:\/\/blogg.svenskakyrkan.se\/vandravagen\/2020\/08\/09\/11-blandade-tankar-pa-sondagen-20\/\"},\"author\":{\"name\":\"Tomas Jarvid\",\"@id\":\"https:\/\/blogg.svenskakyrkan.se\/vandravagen\/#\/schema\/person\/25da02d4f76b137d04291711e2c9fc16\"},\"headline\":\"11 blandade tankar p\u00e5 s\u00f6ndagen\",\"datePublished\":\"2020-08-09T05:00:00+00:00\",\"mainEntityOfPage\":{\"@id\":\"https:\/\/blogg.svenskakyrkan.se\/vandravagen\/2020\/08\/09\/11-blandade-tankar-pa-sondagen-20\/\"},\"wordCount\":389,\"commentCount\":2,\"publisher\":{\"@id\":\"https:\/\/blogg.svenskakyrkan.se\/vandravagen\/#organization\"},\"image\":{\"@id\":\"https:\/\/blogg.svenskakyrkan.se\/vandravagen\/2020\/08\/09\/11-blandade-tankar-pa-sondagen-20\/#primaryimage\"},\"thumbnailUrl\":\"https:\/\/blogg.svenskakyrkan.se\/vandravagen\/files\/2020\/08\/IMG_5983.jpg\",\"articleSection\":[\"blandat\"],\"inLanguage\":\"sv-SE\",\"potentialAction\":[{\"@type\":\"CommentAction\",\"name\":\"Comment\",\"target\":[\"https:\/\/blogg.svenskakyrkan.se\/vandravagen\/2020\/08\/09\/11-blandade-tankar-pa-sondagen-20\/#respond\"]}]},{\"@type\":\"WebPage\",\"@id\":\"https:\/\/blogg.svenskakyrkan.se\/vandravagen\/2020\/08\/09\/11-blandade-tankar-pa-sondagen-20\/\",\"url\":\"https:\/\/blogg.svenskakyrkan.se\/vandravagen\/2020\/08\/09\/11-blandade-tankar-pa-sondagen-20\/\",\"name\":\"11 blandade tankar p\u00e5 s\u00f6ndagen - Vandra V\u00e4gen\",\"isPartOf\":{\"@id\":\"https:\/\/blogg.svenskakyrkan.se\/vandravagen\/#website\"},\"primaryImageOfPage\":{\"@id\":\"https:\/\/blogg.svenskakyrkan.se\/vandravagen\/2020\/08\/09\/11-blandade-tankar-pa-sondagen-20\/#primaryimage\"},\"image\":{\"@id\":\"https:\/\/blogg.svenskakyrkan.se\/vandravagen\/2020\/08\/09\/11-blandade-tankar-pa-sondagen-20\/#primaryimage\"},\"thumbnailUrl\":\"https:\/\/blogg.svenskakyrkan.se\/vandravagen\/files\/2020\/08\/IMG_5983.jpg\",\"datePublished\":\"2020-08-09T05:00:00+00:00\",\"breadcrumb\":{\"@id\":\"https:\/\/blogg.svenskakyrkan.se\/vandravagen\/2020\/08\/09\/11-blandade-tankar-pa-sondagen-20\/#breadcrumb\"},\"inLanguage\":\"sv-SE\",\"potentialAction\":[{\"@type\":\"ReadAction\",\"target\":[\"https:\/\/blogg.svenskakyrkan.se\/vandravagen\/2020\/08\/09\/11-blandade-tankar-pa-sondagen-20\/\"]}]},{\"@type\":\"ImageObject\",\"inLanguage\":\"sv-SE\",\"@id\":\"https:\/\/blogg.svenskakyrkan.se\/vandravagen\/2020\/08\/09\/11-blandade-tankar-pa-sondagen-20\/#primaryimage\",\"url\":\"https:\/\/blogg.svenskakyrkan.se\/vandravagen\/files\/2020\/08\/IMG_5983.jpg\",\"contentUrl\":\"https:\/\/blogg.svenskakyrkan.se\/vandravagen\/files\/2020\/08\/IMG_5983.jpg\",\"width\":960,\"height\":1280},{\"@type\":\"BreadcrumbList\",\"@id\":\"https:\/\/blogg.svenskakyrkan.se\/vandravagen\/2020\/08\/09\/11-blandade-tankar-pa-sondagen-20\/#breadcrumb\",\"itemListElement\":[{\"@type\":\"ListItem\",\"position\":1,\"name\":\"Hem\",\"item\":\"https:\/\/blogg.svenskakyrkan.se\/vandravagen\/\"},{\"@type\":\"ListItem\",\"position\":2,\"name\":\"11 blandade tankar p\u00e5 s\u00f6ndagen\"}]},{\"@type\":\"WebSite\",\"@id\":\"https:\/\/blogg.svenskakyrkan.se\/vandravagen\/#website\",\"url\":\"https:\/\/blogg.svenskakyrkan.se\/vandravagen\/\",\"name\":\"Vandra V\u00e4gen\",\"description\":\"-Mot en tro f\u00f6r hela livet\",\"publisher\":{\"@id\":\"https:\/\/blogg.svenskakyrkan.se\/vandravagen\/#organization\"},\"potentialAction\":[{\"@type\":\"SearchAction\",\"target\":{\"@type\":\"EntryPoint\",\"urlTemplate\":\"https:\/\/blogg.svenskakyrkan.se\/vandravagen\/?s={search_term_string}\"},\"query-input\":{\"@type\":\"PropertyValueSpecification\",\"valueRequired\":true,\"valueName\":\"search_term_string\"}}],\"inLanguage\":\"sv-SE\"},{\"@type\":\"Organization\",\"@id\":\"https:\/\/blogg.svenskakyrkan.se\/vandravagen\/#organization\",\"name\":\"ulricehamns pastorat\",\"alternateName\":\"ulricehamns pastorat\",\"url\":\"https:\/\/blogg.svenskakyrkan.se\/vandravagen\/\",\"logo\":{\"@type\":\"ImageObject\",\"inLanguage\":\"sv-SE\",\"@id\":\"https:\/\/blogg.svenskakyrkan.se\/vandravagen\/#\/schema\/logo\/image\/\",\"url\":\"https:\/\/blogg.svenskakyrkan.se\/vandravagen\/files\/2023\/05\/Ulr_logo_RGB.png\",\"contentUrl\":\"https:\/\/blogg.svenskakyrkan.se\/vandravagen\/files\/2023\/05\/Ulr_logo_RGB.png\",\"width\":205,\"height\":77,\"caption\":\"ulricehamns pastorat\"},\"image\":{\"@id\":\"https:\/\/blogg.svenskakyrkan.se\/vandravagen\/#\/schema\/logo\/image\/\"},\"sameAs\":[\"http:\/\/facebook.com\/vandravagen\",\"https:\/\/x.com\/fadertomas\",\"http:\/\/www.facebook.com\/svenskakyrkaniulricehamn\"]},{\"@type\":\"Person\",\"@id\":\"https:\/\/blogg.svenskakyrkan.se\/vandravagen\/#\/schema\/person\/25da02d4f76b137d04291711e2c9fc16\",\"name\":\"Tomas Jarvid\",\"image\":{\"@type\":\"ImageObject\",\"inLanguage\":\"sv-SE\",\"@id\":\"https:\/\/blogg.svenskakyrkan.se\/vandravagen\/#\/schema\/person\/image\/\",\"url\":\"https:\/\/secure.gravatar.com\/avatar\/7fa71899795e8f540f615a1f5ab25255dc27aa40f05ee7ddd21aac521e01bf50?s=96&d=identicon&r=g\",\"contentUrl\":\"https:\/\/secure.gravatar.com\/avatar\/7fa71899795e8f540f615a1f5ab25255dc27aa40f05ee7ddd21aac521e01bf50?s=96&d=identicon&r=g\",\"caption\":\"Tomas Jarvid\"},\"description\":\"Jag bor i Ulricehamn i V\u00e4sterg\u00f6tland och \u00e4r f\u00f6rsamlingspr\u00e4st i Svenska Kyrkan f\u00f6r Dalstorps f\u00f6rsamling i Kinds pastorat. P\u00e5 den h\u00e4r bloggen skriver jag ner tankar om vandringen som kristen.\",\"sameAs\":[\"http:\/\/www.vandravagen.se\"],\"url\":\"https:\/\/blogg.svenskakyrkan.se\/vandravagen\/author\/vandravagen\/\"}]}<\/script>\n<!-- \/ Yoast SEO plugin. -->","yoast_head_json":{"title":"11 blandade tankar p\u00e5 s\u00f6ndagen - Vandra V\u00e4gen","robots":{"index":"index","follow":"follow","max-snippet":"max-snippet:-1","max-image-preview":"max-image-preview:large","max-video-preview":"max-video-preview:-1"},"canonical":"https:\/\/blogg.svenskakyrkan.se\/vandravagen\/2020\/08\/09\/11-blandade-tankar-pa-sondagen-20\/","og_locale":"sv_SE","og_type":"article","og_title":"11 blandade tankar p\u00e5 s\u00f6ndagen - Vandra V\u00e4gen","og_description":"Glad s\u00f6ndag, k\u00e4ra l\u00e4sare! Idag kan man faktiskt fira gudstj\u00e4nst med mig som predikant fast jag \u00e4r p\u00e5 semester, \u00e5tminstone p\u00e5 n\u00e4tet. H\u00e4r \u00e4r jag f\u00f6rinspelad fr\u00e5n Dalstorps kyrka om att ta vara p\u00e5 det vi f\u00e5tt anf\u00f6rtrott: 3. Annars kan man g\u00e5tt g\u00e5 till kyrkan vid 11 f\u00f6r enskild andakt. Min kollega Ulf \u00e4r [&hellip;]","og_url":"https:\/\/blogg.svenskakyrkan.se\/vandravagen\/2020\/08\/09\/11-blandade-tankar-pa-sondagen-20\/","og_site_name":"Vandra V\u00e4gen","article_publisher":"http:\/\/facebook.com\/vandravagen","article_published_time":"2020-08-09T05:00:00+00:00","og_image":[{"width":960,"height":1280,"url":"https:\/\/blogg.svenskakyrkan.se\/vandravagen\/files\/2020\/08\/IMG_5983.jpg","type":"image\/jpeg"}],"author":"Tomas Jarvid","twitter_card":"summary_large_image","twitter_creator":"@fadertomas","twitter_site":"@fadertomas","twitter_misc":{"Skriven av":"Tomas Jarvid","Ber\u00e4knad l\u00e4stid":"2 minuter"},"schema":{"@context":"https:\/\/schema.org","@graph":[{"@type":"Article","@id":"https:\/\/blogg.svenskakyrkan.se\/vandravagen\/2020\/08\/09\/11-blandade-tankar-pa-sondagen-20\/#article","isPartOf":{"@id":"https:\/\/blogg.svenskakyrkan.se\/vandravagen\/2020\/08\/09\/11-blandade-tankar-pa-sondagen-20\/"},"author":{"name":"Tomas Jarvid","@id":"https:\/\/blogg.svenskakyrkan.se\/vandravagen\/#\/schema\/person\/25da02d4f76b137d04291711e2c9fc16"},"headline":"11 blandade tankar p\u00e5 s\u00f6ndagen","datePublished":"2020-08-09T05:00:00+00:00","mainEntityOfPage":{"@id":"https:\/\/blogg.svenskakyrkan.se\/vandravagen\/2020\/08\/09\/11-blandade-tankar-pa-sondagen-20\/"},"wordCount":389,"commentCount":2,"publisher":{"@id":"https:\/\/blogg.svenskakyrkan.se\/vandravagen\/#organization"},"image":{"@id":"https:\/\/blogg.svenskakyrkan.se\/vandravagen\/2020\/08\/09\/11-blandade-tankar-pa-sondagen-20\/#primaryimage"},"thumbnailUrl":"https:\/\/blogg.svenskakyrkan.se\/vandravagen\/files\/2020\/08\/IMG_5983.jpg","articleSection":["blandat"],"inLanguage":"sv-SE","potentialAction":[{"@type":"CommentAction","name":"Comment","target":["https:\/\/blogg.svenskakyrkan.se\/vandravagen\/2020\/08\/09\/11-blandade-tankar-pa-sondagen-20\/#respond"]}]},{"@type":"WebPage","@id":"https:\/\/blogg.svenskakyrkan.se\/vandravagen\/2020\/08\/09\/11-blandade-tankar-pa-sondagen-20\/","url":"https:\/\/blogg.svenskakyrkan.se\/vandravagen\/2020\/08\/09\/11-blandade-tankar-pa-sondagen-20\/","name":"11 blandade tankar p\u00e5 s\u00f6ndagen - Vandra V\u00e4gen","isPartOf":{"@id":"https:\/\/blogg.svenskakyrkan.se\/vandravagen\/#website"},"primaryImageOfPage":{"@id":"https:\/\/blogg.svenskakyrkan.se\/vandravagen\/2020\/08\/09\/11-blandade-tankar-pa-sondagen-20\/#primaryimage"},"image":{"@id":"https:\/\/blogg.svenskakyrkan.se\/vandravagen\/2020\/08\/09\/11-blandade-tankar-pa-sondagen-20\/#primaryimage"},"thumbnailUrl":"https:\/\/blogg.svenskakyrkan.se\/vandravagen\/files\/2020\/08\/IMG_5983.jpg","datePublished":"2020-08-09T05:00:00+00:00","breadcrumb":{"@id":"https:\/\/blogg.svenskakyrkan.se\/vandravagen\/2020\/08\/09\/11-blandade-tankar-pa-sondagen-20\/#breadcrumb"},"inLanguage":"sv-SE","potentialAction":[{"@type":"ReadAction","target":["https:\/\/blogg.svenskakyrkan.se\/vandravagen\/2020\/08\/09\/11-blandade-tankar-pa-sondagen-20\/"]}]},{"@type":"ImageObject","inLanguage":"sv-SE","@id":"https:\/\/blogg.svenskakyrkan.se\/vandravagen\/2020\/08\/09\/11-blandade-tankar-pa-sondagen-20\/#primaryimage","url":"https:\/\/blogg.svenskakyrkan.se\/vandravagen\/files\/2020\/08\/IMG_5983.jpg","contentUrl":"https:\/\/blogg.svenskakyrkan.se\/vandravagen\/files\/2020\/08\/IMG_5983.jpg","width":960,"height":1280},{"@type":"BreadcrumbList","@id":"https:\/\/blogg.svenskakyrkan.se\/vandravagen\/2020\/08\/09\/11-blandade-tankar-pa-sondagen-20\/#breadcrumb","itemListElement":[{"@type":"ListItem","position":1,"name":"Hem","item":"https:\/\/blogg.svenskakyrkan.se\/vandravagen\/"},{"@type":"ListItem","position":2,"name":"11 blandade tankar p\u00e5 s\u00f6ndagen"}]},{"@type":"WebSite","@id":"https:\/\/blogg.svenskakyrkan.se\/vandravagen\/#website","url":"https:\/\/blogg.svenskakyrkan.se\/vandravagen\/","name":"Vandra V\u00e4gen","description":"-Mot en tro f\u00f6r hela livet","publisher":{"@id":"https:\/\/blogg.svenskakyrkan.se\/vandravagen\/#organization"},"potentialAction":[{"@type":"SearchAction","target":{"@type":"EntryPoint","urlTemplate":"https:\/\/blogg.svenskakyrkan.se\/vandravagen\/?s={search_term_string}"},"query-input":{"@type":"PropertyValueSpecification","valueRequired":true,"valueName":"search_term_string"}}],"inLanguage":"sv-SE"},{"@type":"Organization","@id":"https:\/\/blogg.svenskakyrkan.se\/vandravagen\/#organization","name":"ulricehamns pastorat","alternateName":"ulricehamns pastorat","url":"https:\/\/blogg.svenskakyrkan.se\/vandravagen\/","logo":{"@type":"ImageObject","inLanguage":"sv-SE","@id":"https:\/\/blogg.svenskakyrkan.se\/vandravagen\/#\/schema\/logo\/image\/","url":"https:\/\/blogg.svenskakyrkan.se\/vandravagen\/files\/2023\/05\/Ulr_logo_RGB.png","contentUrl":"https:\/\/blogg.svenskakyrkan.se\/vandravagen\/files\/2023\/05\/Ulr_logo_RGB.png","width":205,"height":77,"caption":"ulricehamns pastorat"},"image":{"@id":"https:\/\/blogg.svenskakyrkan.se\/vandravagen\/#\/schema\/logo\/image\/"},"sameAs":["http:\/\/facebook.com\/vandravagen","https:\/\/x.com\/fadertomas","http:\/\/www.facebook.com\/svenskakyrkaniulricehamn"]},{"@type":"Person","@id":"https:\/\/blogg.svenskakyrkan.se\/vandravagen\/#\/schema\/person\/25da02d4f76b137d04291711e2c9fc16","name":"Tomas Jarvid","image":{"@type":"ImageObject","inLanguage":"sv-SE","@id":"https:\/\/blogg.svenskakyrkan.se\/vandravagen\/#\/schema\/person\/image\/","url":"https:\/\/secure.gravatar.com\/avatar\/7fa71899795e8f540f615a1f5ab25255dc27aa40f05ee7ddd21aac521e01bf50?s=96&d=identicon&r=g","contentUrl":"https:\/\/secure.gravatar.com\/avatar\/7fa71899795e8f540f615a1f5ab25255dc27aa40f05ee7ddd21aac521e01bf50?s=96&d=identicon&r=g","caption":"Tomas Jarvid"},"description":"Jag bor i Ulricehamn i V\u00e4sterg\u00f6tland och \u00e4r f\u00f6rsamlingspr\u00e4st i Svenska Kyrkan f\u00f6r Dalstorps f\u00f6rsamling i Kinds pastorat. P\u00e5 den h\u00e4r bloggen skriver jag ner tankar om vandringen som kristen.","sameAs":["http:\/\/www.vandravagen.se"],"url":"https:\/\/blogg.svenskakyrkan.se\/vandravagen\/author\/vandravagen\/"}]}},"author_meta":{"ID":"392","user_nicename":"vandravagen","user_url":"http:\/\/www.vandravagen.se","user_registered":"2014-05-19 05:44:52","display_name":"Tomas Jarvid","first_name":"Tomas","last_name":"Jarvid","avatar":"https:\/\/secure.gravatar.com\/avatar\/7fa71899795e8f540f615a1f5ab25255dc27aa40f05ee7ddd21aac521e01bf50?s=96&d=identicon&r=g"},"featured_image":["https:\/\/blogg.svenskakyrkan.se\/vandravagen\/files\/2020\/08\/IMG_5983.jpg",960,1280,false],"bloginfo":{"name":"Vandra V\u00e4gen","url":"https:\/\/blogg.svenskakyrkan.se\/vandravagen"},"_links":{"self":[{"href":"https:\/\/blogg.svenskakyrkan.se\/vandravagen\/wp-json\/wp\/v2\/posts\/8044","targetHints":{"allow":["GET"]}}],"collection":[{"href":"https:\/\/blogg.svenskakyrkan.se\/vandravagen\/wp-json\/wp\/v2\/posts"}],"about":[{"href":"https:\/\/blogg.svenskakyrkan.se\/vandravagen\/wp-json\/wp\/v2\/types\/post"}],"author":[{"embeddable":true,"href":"https:\/\/blogg.svenskakyrkan.se\/vandravagen\/wp-json\/wp\/v2\/users\/392"}],"replies":[{"embeddable":true,"href":"https:\/\/blogg.svenskakyrkan.se\/vandravagen\/wp-json\/wp\/v2\/comments?post=8044"}],"version-history":[{"count":1,"href":"https:\/\/blogg.svenskakyrkan.se\/vandravagen\/wp-json\/wp\/v2\/posts\/8044\/revisions"}],"predecessor-version":[{"id":8046,"href":"https:\/\/blogg.svenskakyrkan.se\/vandravagen\/wp-json\/wp\/v2\/posts\/8044\/revisions\/8046"}],"wp:featuredmedia":[{"embeddable":true,"href":"https:\/\/blogg.svenskakyrkan.se\/vandravagen\/wp-json\/wp\/v2\/media\/8045"}],"wp:attachment":[{"href":"https:\/\/blogg.svenskakyrkan.se\/vandravagen\/wp-json\/wp\/v2\/media?parent=8044"}],"wp:term":[{"taxonomy":"category","embeddable":true,"href":"https:\/\/blogg.svenskakyrkan.se\/vandravagen\/wp-json\/wp\/v2\/categories?post=8044"},{"taxonomy":"post_tag","embeddable":true,"href":"https:\/\/blogg.svenskakyrkan.se\/vandravagen\/wp-json\/wp\/v2\/tags?post=8044"}],"curies":[{"name":"wp","href":"https:\/\/api.w.org\/{rel}","templated":true}]}}