{"id":805,"date":"2012-12-22T09:45:00","date_gmt":"2012-12-22T08:45:00","guid":{"rendered":"http:\/\/blogg.svenskakyrkan.se\/vandravagen\/2012\/12\/22\/den-narvarande-guden\/"},"modified":"2012-12-22T09:45:00","modified_gmt":"2012-12-22T08:45:00","slug":"den-narvarande-guden","status":"publish","type":"post","link":"https:\/\/blogg.svenskakyrkan.se\/vandravagen\/2012\/12\/22\/den-narvarande-guden\/","title":{"rendered":"Den n\u00e4rvarande guden"},"content":{"rendered":"<p>Det finns de som menar att kristen tro \u00e4r tro p\u00e5 en gud som \u00e4r ganska avl\u00e4gsen. Det finns olika sk\u00e4l till det, dels den existentiella upplevelsen m\u00e5nga har av Guds g\u00e5tfulla och sm\u00e4rtsamma fr\u00e5nvaro (Vem \u00e4r du som fyller hela v\u00e4rlden med din fr\u00e5nvaro? -som P\u00e4r Lagerkvist skrev). Den upplevelsen \u00e4r vi nog m\u00e5nga som haft i tider av livet och den kanske jag kan skriva mer om en annan g\u00e5ng.<\/p>\n<p>Det jag d\u00e4remot v\u00e4nder mig emot \u00e4r den gudsbild som v\u00e4xte fram under upplysningstid och industrialism. Den moderna vetenskapens framv\u00e4xt innebar att man tyckte Guds insats i v\u00e4rlden inte beh\u00f6vde vara st\u00f6rre \u00e4n att ha satt ig\u00e5ng allt en g\u00e5ng och sedan dra sig tillbaka. Deism kallas den tankebanan f\u00f6r \u00f6vrigt (jag har n\u00e4mnt den ocks\u00e5 i inl\u00e4gget om &#8221;moralistisk terepeutisk deism&#8221;).<\/p>\n<p>Kristen tro \u00e4r n\u00e5got helt annat. Genom hela bibeln framg\u00e5r det klart att Gud \u00e4r en n\u00e4rvarande och engagerad gud. Gud m\u00f6ter m\u00e4nniskor personligen, uppr\u00e4ttar dem och leder dem s\u00e5 att det g\u00e5r dem v\u00e4l.<\/p>\n<p>Den kanske tydligaste symbolen f\u00f6r Guds n\u00e4rvaro i gamla testamentet \u00e4r Jerusalems tempel. F\u00f6r sin tid var det ett av v\u00e4rldens allra st\u00f6rsta tempel och centrum i livet f\u00f6r judarna p\u00e5 ett s\u00e4tt som kan vara sv\u00e5rt f\u00f6r oss att f\u00f6rst\u00e5. L\u00e4ngst in i templet fanns det allra heligaste, det rum d\u00e4r arken med de redan p\u00e5 Jesu tid urgamla stentavlorna med budorden p\u00e5. Mose lag. Ett rum d\u00e4r himmel och jord m\u00f6ttes s\u00e5 att i vanliga fall ingen ens fick g\u00e5 in d\u00e4r.<\/p>\n<p>Varje g\u00e5ng man som jude for till templet f\u00f6r att fira h\u00f6gtid, och h\u00f6jde blicken mot det stora templet s\u00e5 var det en p\u00e5minnelse om att Gud lika p\u00e5tagligt fast osynligt fanns n\u00e4rvarande mitt ibland dem. P\u00e5 samma s\u00e4tt fanns Gud n\u00e4rvarande i vardagslivet d\u00e5 man levde efter den lag Gud gett. Varje handling kunde p\u00e5minna om f\u00f6rbundet med Gud.<\/p>\n<\/p>\n<table align=\"center\" cellpadding=\"0\" cellspacing=\"0\">\n<tbody>\n<tr>\n<td><a href=\"https:\/\/lh5.googleusercontent.com\/-Q1sHFRuysto\/UHraUqnY4aI\/AAAAAAAAAwU\/Bi9Kb380Ypc\/s640\/blogger-image-1208141977.jpg\"><img decoding=\"async\" border=\"0\" src=\"https:\/\/lh5.googleusercontent.com\/-Q1sHFRuysto\/UHraUqnY4aI\/AAAAAAAAAwU\/Bi9Kb380Ypc\/s640\/blogger-image-1208141977.jpg\"><\/a><\/td>\n<\/tr>\n<tr>\n<td>Sjuarmad ljusstake i B\u00e4linge kyrka<\/td>\n<\/tr>\n<\/tbody>\n<\/table>\n<p>I templet fanns ocks\u00e5 den sjuarmade ljusstaken, Menoran, vars mittersta ljus symboliskt talade om Guds n\u00e4rvaro mitt i det kosmos han skapat. Shekinan kallas den ljusl\u00e5gan.<\/p>\n<table align=\"center\" cellpadding=\"0\" cellspacing=\"0\">\n<tbody>\n<tr>\n<td><a href=\"http:\/\/2.bp.blogspot.com\/-7hxwH6sJ4cM\/UNDi55dQbKI\/AAAAAAAABa4\/isEH0j-phZg\/s1600\/525079_537169219643318_1520795035_n.jpg\"><img loading=\"lazy\" decoding=\"async\" border=\"0\" height=\"400\" src=\"http:\/\/2.bp.blogspot.com\/-7hxwH6sJ4cM\/UNDi55dQbKI\/AAAAAAAABa4\/isEH0j-phZg\/s400\/525079_537169219643318_1520795035_n.jpg\" width=\"298\"><\/a><\/td>\n<\/tr>\n<tr>\n<td>Altare med sex ljus och krucifix.<\/td>\n<\/tr>\n<\/tbody>\n<\/table>\n<p>Faktiskt s\u00e5 hittar vi samma symbolik p\u00e5 altarna i v\u00e5ra svenska kyrkor idag. \u00c5tminstone vid s\u00e4rskilda tillf\u00e4llen d\u00e5 det \u00e4r extra pyntat. D\u00e5 kan det se ut s\u00e5 h\u00e4r:<\/p>\n<p>D\u00e4r ser vi egentligen samma sak, det \u00e4r bara det att &#8221;shekinan&#8221; i mitten av de sex ljusen, den som ska visa p\u00e5 Guds n\u00e4rvaro, \u00e4r utbytt mot krucifixet.<\/p>\n<div><\/div>\n<div>Jesu person \u00e4r en f\u00f6rl\u00e4ngning av teologin i gamla testamentet. Det \u00e4r i honom som himmel och jord m\u00f6ts, i hans person kan vi mer \u00e4n n\u00e5gon annanstans se Gud.\u00a0<\/div>\n<div><\/div>\n<div>Jesus s\u00e4ger ju ocks\u00e5 sj\u00e4lv:<\/div>\n<div><span><br \/><\/span><\/div>\n<div><span>\u201dRiv ner detta tempel, s\u00e5 skall jag l\u00e5ta det uppst\u00e5 igen p\u00e5 tre dagar.\u201d\u00a0<\/span><span>20<\/span><span>Judarna sade: \u201dI fyrtiosex \u00e5r har man byggt p\u00e5 det h\u00e4r templet, och du skall l\u00e5ta det uppst\u00e5 igen p\u00e5 tre dagar!\u201d\u00a0<\/span><span>21<\/span><span>Men det tempel han talade om var hans kropp.\u00a0<\/span><\/p>\n<p>Jesus knyter medvetet an till den symbolik som fanns kring templet!<\/p>\n<p>Precis som judarna p\u00e5 Jesu tid kunde se upp emot templet och minnas Guds f\u00f6rbund s\u00e5 kan vi kristna av idag ta emot Jesu kropp och blod i nattvarden, lyssna till ordet om honom och p\u00e5 andra s\u00e4tt p\u00e5minna oss om hans n\u00e4rvaro. Vi kan ju inte se Gud men vi f\u00e5r \u00e4nd\u00e5 lita p\u00e5 att vi \u00e4r hans!<\/p>\n<div><\/div>\n<div><\/div>\n<div><\/div>\n<div><\/div>\n<\/div>\n","protected":false},"excerpt":{"rendered":"<p>Det finns de som menar att kristen tro \u00e4r tro p\u00e5 en gud som \u00e4r ganska avl\u00e4gsen. Det finns olika sk\u00e4l till det, dels den existentiella upplevelsen m\u00e5nga har av Guds g\u00e5tfulla och sm\u00e4rtsamma fr\u00e5nvaro (Vem \u00e4r du som fyller hela v\u00e4rlden med din fr\u00e5nvaro? -som P\u00e4r Lagerkvist skrev). Den upplevelsen \u00e4r vi nog m\u00e5nga [&hellip;]<\/p>\n","protected":false},"author":392,"featured_media":0,"comment_status":"open","ping_status":"open","sticky":false,"template":"","format":"standard","meta":{"_acf_changed":false,"footnotes":""},"categories":[14252,117],"tags":[],"class_list":["post-805","post","type-post","status-publish","format-standard","hentry","category-bibel","category-teologi"],"acf":[],"yoast_head":"<!-- This site is optimized with the Yoast SEO plugin v27.1.1 - https:\/\/yoast.com\/product\/yoast-seo-wordpress\/ -->\n<title>Den n\u00e4rvarande guden - Vandra V\u00e4gen<\/title>\n<meta name=\"robots\" content=\"index, follow, max-snippet:-1, max-image-preview:large, max-video-preview:-1\" \/>\n<link rel=\"canonical\" href=\"https:\/\/blogg.svenskakyrkan.se\/vandravagen\/2012\/12\/22\/den-narvarande-guden\/\" \/>\n<meta property=\"og:locale\" content=\"sv_SE\" \/>\n<meta property=\"og:type\" content=\"article\" \/>\n<meta property=\"og:title\" content=\"Den n\u00e4rvarande guden - Vandra V\u00e4gen\" \/>\n<meta property=\"og:description\" content=\"Det finns de som menar att kristen tro \u00e4r tro p\u00e5 en gud som \u00e4r ganska avl\u00e4gsen. Det finns olika sk\u00e4l till det, dels den existentiella upplevelsen m\u00e5nga har av Guds g\u00e5tfulla och sm\u00e4rtsamma fr\u00e5nvaro (Vem \u00e4r du som fyller hela v\u00e4rlden med din fr\u00e5nvaro? -som P\u00e4r Lagerkvist skrev). Den upplevelsen \u00e4r vi nog m\u00e5nga [&hellip;]\" \/>\n<meta property=\"og:url\" content=\"https:\/\/blogg.svenskakyrkan.se\/vandravagen\/2012\/12\/22\/den-narvarande-guden\/\" \/>\n<meta property=\"og:site_name\" content=\"Vandra V\u00e4gen\" \/>\n<meta property=\"article:publisher\" content=\"http:\/\/facebook.com\/vandravagen\" \/>\n<meta property=\"article:published_time\" content=\"2012-12-22T08:45:00+00:00\" \/>\n<meta property=\"og:image\" content=\"https:\/\/lh5.googleusercontent.com\/-Q1sHFRuysto\/UHraUqnY4aI\/AAAAAAAAAwU\/Bi9Kb380Ypc\/s640\/blogger-image-1208141977.jpg\" \/>\n<meta name=\"author\" content=\"Tomas Jarvid\" \/>\n<meta name=\"twitter:card\" content=\"summary_large_image\" \/>\n<meta name=\"twitter:creator\" content=\"@fadertomas\" \/>\n<meta name=\"twitter:site\" content=\"@fadertomas\" \/>\n<meta name=\"twitter:label1\" content=\"Skriven av\" \/>\n\t<meta name=\"twitter:data1\" content=\"Tomas Jarvid\" \/>\n\t<meta name=\"twitter:label2\" content=\"Ber\u00e4knad l\u00e4stid\" \/>\n\t<meta name=\"twitter:data2\" content=\"3 minuter\" \/>\n<script type=\"application\/ld+json\" class=\"yoast-schema-graph\">{\"@context\":\"https:\/\/schema.org\",\"@graph\":[{\"@type\":\"Article\",\"@id\":\"https:\/\/blogg.svenskakyrkan.se\/vandravagen\/2012\/12\/22\/den-narvarande-guden\/#article\",\"isPartOf\":{\"@id\":\"https:\/\/blogg.svenskakyrkan.se\/vandravagen\/2012\/12\/22\/den-narvarande-guden\/\"},\"author\":{\"name\":\"Tomas Jarvid\",\"@id\":\"https:\/\/blogg.svenskakyrkan.se\/vandravagen\/#\/schema\/person\/25da02d4f76b137d04291711e2c9fc16\"},\"headline\":\"Den n\u00e4rvarande guden\",\"datePublished\":\"2012-12-22T08:45:00+00:00\",\"mainEntityOfPage\":{\"@id\":\"https:\/\/blogg.svenskakyrkan.se\/vandravagen\/2012\/12\/22\/den-narvarande-guden\/\"},\"wordCount\":642,\"commentCount\":1,\"publisher\":{\"@id\":\"https:\/\/blogg.svenskakyrkan.se\/vandravagen\/#organization\"},\"image\":{\"@id\":\"https:\/\/blogg.svenskakyrkan.se\/vandravagen\/2012\/12\/22\/den-narvarande-guden\/#primaryimage\"},\"thumbnailUrl\":\"https:\/\/lh5.googleusercontent.com\/-Q1sHFRuysto\/UHraUqnY4aI\/AAAAAAAAAwU\/Bi9Kb380Ypc\/s640\/blogger-image-1208141977.jpg\",\"articleSection\":[\"bibel\",\"Teologi\"],\"inLanguage\":\"sv-SE\",\"potentialAction\":[{\"@type\":\"CommentAction\",\"name\":\"Comment\",\"target\":[\"https:\/\/blogg.svenskakyrkan.se\/vandravagen\/2012\/12\/22\/den-narvarande-guden\/#respond\"]}]},{\"@type\":\"WebPage\",\"@id\":\"https:\/\/blogg.svenskakyrkan.se\/vandravagen\/2012\/12\/22\/den-narvarande-guden\/\",\"url\":\"https:\/\/blogg.svenskakyrkan.se\/vandravagen\/2012\/12\/22\/den-narvarande-guden\/\",\"name\":\"Den n\u00e4rvarande guden - Vandra V\u00e4gen\",\"isPartOf\":{\"@id\":\"https:\/\/blogg.svenskakyrkan.se\/vandravagen\/#website\"},\"primaryImageOfPage\":{\"@id\":\"https:\/\/blogg.svenskakyrkan.se\/vandravagen\/2012\/12\/22\/den-narvarande-guden\/#primaryimage\"},\"image\":{\"@id\":\"https:\/\/blogg.svenskakyrkan.se\/vandravagen\/2012\/12\/22\/den-narvarande-guden\/#primaryimage\"},\"thumbnailUrl\":\"https:\/\/lh5.googleusercontent.com\/-Q1sHFRuysto\/UHraUqnY4aI\/AAAAAAAAAwU\/Bi9Kb380Ypc\/s640\/blogger-image-1208141977.jpg\",\"datePublished\":\"2012-12-22T08:45:00+00:00\",\"breadcrumb\":{\"@id\":\"https:\/\/blogg.svenskakyrkan.se\/vandravagen\/2012\/12\/22\/den-narvarande-guden\/#breadcrumb\"},\"inLanguage\":\"sv-SE\",\"potentialAction\":[{\"@type\":\"ReadAction\",\"target\":[\"https:\/\/blogg.svenskakyrkan.se\/vandravagen\/2012\/12\/22\/den-narvarande-guden\/\"]}]},{\"@type\":\"ImageObject\",\"inLanguage\":\"sv-SE\",\"@id\":\"https:\/\/blogg.svenskakyrkan.se\/vandravagen\/2012\/12\/22\/den-narvarande-guden\/#primaryimage\",\"url\":\"https:\/\/lh5.googleusercontent.com\/-Q1sHFRuysto\/UHraUqnY4aI\/AAAAAAAAAwU\/Bi9Kb380Ypc\/s640\/blogger-image-1208141977.jpg\",\"contentUrl\":\"https:\/\/lh5.googleusercontent.com\/-Q1sHFRuysto\/UHraUqnY4aI\/AAAAAAAAAwU\/Bi9Kb380Ypc\/s640\/blogger-image-1208141977.jpg\"},{\"@type\":\"BreadcrumbList\",\"@id\":\"https:\/\/blogg.svenskakyrkan.se\/vandravagen\/2012\/12\/22\/den-narvarande-guden\/#breadcrumb\",\"itemListElement\":[{\"@type\":\"ListItem\",\"position\":1,\"name\":\"Hem\",\"item\":\"https:\/\/blogg.svenskakyrkan.se\/vandravagen\/\"},{\"@type\":\"ListItem\",\"position\":2,\"name\":\"Den n\u00e4rvarande guden\"}]},{\"@type\":\"WebSite\",\"@id\":\"https:\/\/blogg.svenskakyrkan.se\/vandravagen\/#website\",\"url\":\"https:\/\/blogg.svenskakyrkan.se\/vandravagen\/\",\"name\":\"Vandra V\u00e4gen\",\"description\":\"-Mot en tro f\u00f6r hela livet\",\"publisher\":{\"@id\":\"https:\/\/blogg.svenskakyrkan.se\/vandravagen\/#organization\"},\"potentialAction\":[{\"@type\":\"SearchAction\",\"target\":{\"@type\":\"EntryPoint\",\"urlTemplate\":\"https:\/\/blogg.svenskakyrkan.se\/vandravagen\/?s={search_term_string}\"},\"query-input\":{\"@type\":\"PropertyValueSpecification\",\"valueRequired\":true,\"valueName\":\"search_term_string\"}}],\"inLanguage\":\"sv-SE\"},{\"@type\":\"Organization\",\"@id\":\"https:\/\/blogg.svenskakyrkan.se\/vandravagen\/#organization\",\"name\":\"ulricehamns pastorat\",\"alternateName\":\"ulricehamns pastorat\",\"url\":\"https:\/\/blogg.svenskakyrkan.se\/vandravagen\/\",\"logo\":{\"@type\":\"ImageObject\",\"inLanguage\":\"sv-SE\",\"@id\":\"https:\/\/blogg.svenskakyrkan.se\/vandravagen\/#\/schema\/logo\/image\/\",\"url\":\"https:\/\/blogg.svenskakyrkan.se\/vandravagen\/files\/2023\/05\/Ulr_logo_RGB.png\",\"contentUrl\":\"https:\/\/blogg.svenskakyrkan.se\/vandravagen\/files\/2023\/05\/Ulr_logo_RGB.png\",\"width\":205,\"height\":77,\"caption\":\"ulricehamns pastorat\"},\"image\":{\"@id\":\"https:\/\/blogg.svenskakyrkan.se\/vandravagen\/#\/schema\/logo\/image\/\"},\"sameAs\":[\"http:\/\/facebook.com\/vandravagen\",\"https:\/\/x.com\/fadertomas\",\"http:\/\/www.facebook.com\/svenskakyrkaniulricehamn\"]},{\"@type\":\"Person\",\"@id\":\"https:\/\/blogg.svenskakyrkan.se\/vandravagen\/#\/schema\/person\/25da02d4f76b137d04291711e2c9fc16\",\"name\":\"Tomas Jarvid\",\"image\":{\"@type\":\"ImageObject\",\"inLanguage\":\"sv-SE\",\"@id\":\"https:\/\/blogg.svenskakyrkan.se\/vandravagen\/#\/schema\/person\/image\/\",\"url\":\"https:\/\/secure.gravatar.com\/avatar\/7fa71899795e8f540f615a1f5ab25255dc27aa40f05ee7ddd21aac521e01bf50?s=96&d=identicon&r=g\",\"contentUrl\":\"https:\/\/secure.gravatar.com\/avatar\/7fa71899795e8f540f615a1f5ab25255dc27aa40f05ee7ddd21aac521e01bf50?s=96&d=identicon&r=g\",\"caption\":\"Tomas Jarvid\"},\"description\":\"Jag bor i Ulricehamn i V\u00e4sterg\u00f6tland och \u00e4r f\u00f6rsamlingspr\u00e4st i Svenska Kyrkan f\u00f6r Dalstorps f\u00f6rsamling i Kinds pastorat. P\u00e5 den h\u00e4r bloggen skriver jag ner tankar om vandringen som kristen.\",\"sameAs\":[\"http:\/\/www.vandravagen.se\"],\"url\":\"https:\/\/blogg.svenskakyrkan.se\/vandravagen\/author\/vandravagen\/\"}]}<\/script>\n<!-- \/ Yoast SEO plugin. -->","yoast_head_json":{"title":"Den n\u00e4rvarande guden - Vandra V\u00e4gen","robots":{"index":"index","follow":"follow","max-snippet":"max-snippet:-1","max-image-preview":"max-image-preview:large","max-video-preview":"max-video-preview:-1"},"canonical":"https:\/\/blogg.svenskakyrkan.se\/vandravagen\/2012\/12\/22\/den-narvarande-guden\/","og_locale":"sv_SE","og_type":"article","og_title":"Den n\u00e4rvarande guden - Vandra V\u00e4gen","og_description":"Det finns de som menar att kristen tro \u00e4r tro p\u00e5 en gud som \u00e4r ganska avl\u00e4gsen. Det finns olika sk\u00e4l till det, dels den existentiella upplevelsen m\u00e5nga har av Guds g\u00e5tfulla och sm\u00e4rtsamma fr\u00e5nvaro (Vem \u00e4r du som fyller hela v\u00e4rlden med din fr\u00e5nvaro? -som P\u00e4r Lagerkvist skrev). Den upplevelsen \u00e4r vi nog m\u00e5nga [&hellip;]","og_url":"https:\/\/blogg.svenskakyrkan.se\/vandravagen\/2012\/12\/22\/den-narvarande-guden\/","og_site_name":"Vandra V\u00e4gen","article_publisher":"http:\/\/facebook.com\/vandravagen","article_published_time":"2012-12-22T08:45:00+00:00","og_image":[{"url":"https:\/\/lh5.googleusercontent.com\/-Q1sHFRuysto\/UHraUqnY4aI\/AAAAAAAAAwU\/Bi9Kb380Ypc\/s640\/blogger-image-1208141977.jpg","type":"","width":"","height":""}],"author":"Tomas Jarvid","twitter_card":"summary_large_image","twitter_creator":"@fadertomas","twitter_site":"@fadertomas","twitter_misc":{"Skriven av":"Tomas Jarvid","Ber\u00e4knad l\u00e4stid":"3 minuter"},"schema":{"@context":"https:\/\/schema.org","@graph":[{"@type":"Article","@id":"https:\/\/blogg.svenskakyrkan.se\/vandravagen\/2012\/12\/22\/den-narvarande-guden\/#article","isPartOf":{"@id":"https:\/\/blogg.svenskakyrkan.se\/vandravagen\/2012\/12\/22\/den-narvarande-guden\/"},"author":{"name":"Tomas Jarvid","@id":"https:\/\/blogg.svenskakyrkan.se\/vandravagen\/#\/schema\/person\/25da02d4f76b137d04291711e2c9fc16"},"headline":"Den n\u00e4rvarande guden","datePublished":"2012-12-22T08:45:00+00:00","mainEntityOfPage":{"@id":"https:\/\/blogg.svenskakyrkan.se\/vandravagen\/2012\/12\/22\/den-narvarande-guden\/"},"wordCount":642,"commentCount":1,"publisher":{"@id":"https:\/\/blogg.svenskakyrkan.se\/vandravagen\/#organization"},"image":{"@id":"https:\/\/blogg.svenskakyrkan.se\/vandravagen\/2012\/12\/22\/den-narvarande-guden\/#primaryimage"},"thumbnailUrl":"https:\/\/lh5.googleusercontent.com\/-Q1sHFRuysto\/UHraUqnY4aI\/AAAAAAAAAwU\/Bi9Kb380Ypc\/s640\/blogger-image-1208141977.jpg","articleSection":["bibel","Teologi"],"inLanguage":"sv-SE","potentialAction":[{"@type":"CommentAction","name":"Comment","target":["https:\/\/blogg.svenskakyrkan.se\/vandravagen\/2012\/12\/22\/den-narvarande-guden\/#respond"]}]},{"@type":"WebPage","@id":"https:\/\/blogg.svenskakyrkan.se\/vandravagen\/2012\/12\/22\/den-narvarande-guden\/","url":"https:\/\/blogg.svenskakyrkan.se\/vandravagen\/2012\/12\/22\/den-narvarande-guden\/","name":"Den n\u00e4rvarande guden - Vandra V\u00e4gen","isPartOf":{"@id":"https:\/\/blogg.svenskakyrkan.se\/vandravagen\/#website"},"primaryImageOfPage":{"@id":"https:\/\/blogg.svenskakyrkan.se\/vandravagen\/2012\/12\/22\/den-narvarande-guden\/#primaryimage"},"image":{"@id":"https:\/\/blogg.svenskakyrkan.se\/vandravagen\/2012\/12\/22\/den-narvarande-guden\/#primaryimage"},"thumbnailUrl":"https:\/\/lh5.googleusercontent.com\/-Q1sHFRuysto\/UHraUqnY4aI\/AAAAAAAAAwU\/Bi9Kb380Ypc\/s640\/blogger-image-1208141977.jpg","datePublished":"2012-12-22T08:45:00+00:00","breadcrumb":{"@id":"https:\/\/blogg.svenskakyrkan.se\/vandravagen\/2012\/12\/22\/den-narvarande-guden\/#breadcrumb"},"inLanguage":"sv-SE","potentialAction":[{"@type":"ReadAction","target":["https:\/\/blogg.svenskakyrkan.se\/vandravagen\/2012\/12\/22\/den-narvarande-guden\/"]}]},{"@type":"ImageObject","inLanguage":"sv-SE","@id":"https:\/\/blogg.svenskakyrkan.se\/vandravagen\/2012\/12\/22\/den-narvarande-guden\/#primaryimage","url":"https:\/\/lh5.googleusercontent.com\/-Q1sHFRuysto\/UHraUqnY4aI\/AAAAAAAAAwU\/Bi9Kb380Ypc\/s640\/blogger-image-1208141977.jpg","contentUrl":"https:\/\/lh5.googleusercontent.com\/-Q1sHFRuysto\/UHraUqnY4aI\/AAAAAAAAAwU\/Bi9Kb380Ypc\/s640\/blogger-image-1208141977.jpg"},{"@type":"BreadcrumbList","@id":"https:\/\/blogg.svenskakyrkan.se\/vandravagen\/2012\/12\/22\/den-narvarande-guden\/#breadcrumb","itemListElement":[{"@type":"ListItem","position":1,"name":"Hem","item":"https:\/\/blogg.svenskakyrkan.se\/vandravagen\/"},{"@type":"ListItem","position":2,"name":"Den n\u00e4rvarande guden"}]},{"@type":"WebSite","@id":"https:\/\/blogg.svenskakyrkan.se\/vandravagen\/#website","url":"https:\/\/blogg.svenskakyrkan.se\/vandravagen\/","name":"Vandra V\u00e4gen","description":"-Mot en tro f\u00f6r hela livet","publisher":{"@id":"https:\/\/blogg.svenskakyrkan.se\/vandravagen\/#organization"},"potentialAction":[{"@type":"SearchAction","target":{"@type":"EntryPoint","urlTemplate":"https:\/\/blogg.svenskakyrkan.se\/vandravagen\/?s={search_term_string}"},"query-input":{"@type":"PropertyValueSpecification","valueRequired":true,"valueName":"search_term_string"}}],"inLanguage":"sv-SE"},{"@type":"Organization","@id":"https:\/\/blogg.svenskakyrkan.se\/vandravagen\/#organization","name":"ulricehamns pastorat","alternateName":"ulricehamns pastorat","url":"https:\/\/blogg.svenskakyrkan.se\/vandravagen\/","logo":{"@type":"ImageObject","inLanguage":"sv-SE","@id":"https:\/\/blogg.svenskakyrkan.se\/vandravagen\/#\/schema\/logo\/image\/","url":"https:\/\/blogg.svenskakyrkan.se\/vandravagen\/files\/2023\/05\/Ulr_logo_RGB.png","contentUrl":"https:\/\/blogg.svenskakyrkan.se\/vandravagen\/files\/2023\/05\/Ulr_logo_RGB.png","width":205,"height":77,"caption":"ulricehamns pastorat"},"image":{"@id":"https:\/\/blogg.svenskakyrkan.se\/vandravagen\/#\/schema\/logo\/image\/"},"sameAs":["http:\/\/facebook.com\/vandravagen","https:\/\/x.com\/fadertomas","http:\/\/www.facebook.com\/svenskakyrkaniulricehamn"]},{"@type":"Person","@id":"https:\/\/blogg.svenskakyrkan.se\/vandravagen\/#\/schema\/person\/25da02d4f76b137d04291711e2c9fc16","name":"Tomas Jarvid","image":{"@type":"ImageObject","inLanguage":"sv-SE","@id":"https:\/\/blogg.svenskakyrkan.se\/vandravagen\/#\/schema\/person\/image\/","url":"https:\/\/secure.gravatar.com\/avatar\/7fa71899795e8f540f615a1f5ab25255dc27aa40f05ee7ddd21aac521e01bf50?s=96&d=identicon&r=g","contentUrl":"https:\/\/secure.gravatar.com\/avatar\/7fa71899795e8f540f615a1f5ab25255dc27aa40f05ee7ddd21aac521e01bf50?s=96&d=identicon&r=g","caption":"Tomas Jarvid"},"description":"Jag bor i Ulricehamn i V\u00e4sterg\u00f6tland och \u00e4r f\u00f6rsamlingspr\u00e4st i Svenska Kyrkan f\u00f6r Dalstorps f\u00f6rsamling i Kinds pastorat. P\u00e5 den h\u00e4r bloggen skriver jag ner tankar om vandringen som kristen.","sameAs":["http:\/\/www.vandravagen.se"],"url":"https:\/\/blogg.svenskakyrkan.se\/vandravagen\/author\/vandravagen\/"}]}},"author_meta":{"ID":"392","user_nicename":"vandravagen","user_url":"http:\/\/www.vandravagen.se","user_registered":"2014-05-19 05:44:52","display_name":"Tomas Jarvid","first_name":"Tomas","last_name":"Jarvid","avatar":"https:\/\/secure.gravatar.com\/avatar\/7fa71899795e8f540f615a1f5ab25255dc27aa40f05ee7ddd21aac521e01bf50?s=96&d=identicon&r=g"},"featured_image":false,"bloginfo":{"name":"Vandra V\u00e4gen","url":"https:\/\/blogg.svenskakyrkan.se\/vandravagen"},"_links":{"self":[{"href":"https:\/\/blogg.svenskakyrkan.se\/vandravagen\/wp-json\/wp\/v2\/posts\/805","targetHints":{"allow":["GET"]}}],"collection":[{"href":"https:\/\/blogg.svenskakyrkan.se\/vandravagen\/wp-json\/wp\/v2\/posts"}],"about":[{"href":"https:\/\/blogg.svenskakyrkan.se\/vandravagen\/wp-json\/wp\/v2\/types\/post"}],"author":[{"embeddable":true,"href":"https:\/\/blogg.svenskakyrkan.se\/vandravagen\/wp-json\/wp\/v2\/users\/392"}],"replies":[{"embeddable":true,"href":"https:\/\/blogg.svenskakyrkan.se\/vandravagen\/wp-json\/wp\/v2\/comments?post=805"}],"version-history":[{"count":0,"href":"https:\/\/blogg.svenskakyrkan.se\/vandravagen\/wp-json\/wp\/v2\/posts\/805\/revisions"}],"wp:attachment":[{"href":"https:\/\/blogg.svenskakyrkan.se\/vandravagen\/wp-json\/wp\/v2\/media?parent=805"}],"wp:term":[{"taxonomy":"category","embeddable":true,"href":"https:\/\/blogg.svenskakyrkan.se\/vandravagen\/wp-json\/wp\/v2\/categories?post=805"},{"taxonomy":"post_tag","embeddable":true,"href":"https:\/\/blogg.svenskakyrkan.se\/vandravagen\/wp-json\/wp\/v2\/tags?post=805"}],"curies":[{"name":"wp","href":"https:\/\/api.w.org\/{rel}","templated":true}]}}