{"id":8051,"date":"2020-08-23T07:00:48","date_gmt":"2020-08-23T05:00:48","guid":{"rendered":"http:\/\/blogg.svenskakyrkan.se\/vandravagen\/?p=8051"},"modified":"2020-08-22T22:01:49","modified_gmt":"2020-08-22T20:01:49","slug":"7-blandade-tankar-pa-sondagen-13","status":"publish","type":"post","link":"https:\/\/blogg.svenskakyrkan.se\/vandravagen\/2020\/08\/23\/7-blandade-tankar-pa-sondagen-13\/","title":{"rendered":"7 blandade tankar p\u00e5 s\u00f6ndagen"},"content":{"rendered":"\n\n\n<figure class=\"wp-block-image size-large\"><img loading=\"lazy\" decoding=\"async\" width=\"470\" height=\"352\" src=\"https:\/\/blogg.svenskakyrkan.se\/vandravagen\/files\/2020\/08\/wesley-preaching.jpg\" alt=\"\" class=\"wp-image-8055\" srcset=\"https:\/\/blogg.svenskakyrkan.se\/vandravagen\/files\/2020\/08\/wesley-preaching.jpg 470w, https:\/\/blogg.svenskakyrkan.se\/vandravagen\/files\/2020\/08\/wesley-preaching-300x225.jpg 300w\" sizes=\"auto, (max-width: 470px) 100vw, 470px\" \/><figcaption>Wesley predikade ju varje dag s\u00e5 ingen risk att han gl\u00f6mde hur det gick till!<\/figcaption><\/figure>\n\n\n\n<p>1. Glad s\u00f6ndag k\u00e4ra l\u00e4sare!<\/p>\n\n\n\n<p>2. I onsdags b\u00f6rjade jag jobba igen efter semestern och imorgon ska jag leda min f\u00f6rsta gudstj\u00e4nst sedan annandag p\u00e5sk. V\u00e4lkommen till Grims\u00e5s kl 11 s\u00e5 ses vi (vi f\u00f6ljer f\u00f6rst\u00e5s alla rekommendationer f\u00f6r trygghets skull)!<\/p>\n\n\n\n<p>3. Vi f\u00e5r se om jag kommer ih\u00e5g hur man predikar och s\u00e5. Det \u00e4r b\u00e5de lite fint och lite ledsamt att fira gudstj\u00e4nsten just i Grims\u00e5s. Fint f\u00f6r att det \u00e4r i dagarna 50 \u00e5r sedan invigningen av kyrkan (och Morgan Bl\u00e5berg som spelade d\u00e5 kommer att vara med nu ocks\u00e5) men det tr\u00e5kiga \u00e4r att vi f\u00e5tt skjuta upp planerna p\u00e5 stort jubileumsfirande till n\u00e5gon g\u00e5ng i framtiden.<\/p>\n\n\n\n<p>4. Jag har bara ett hemligt svampst\u00e4lle men d\u00e4r var vi ig\u00e5r. Och det har ju faktiskt g\u00e5tt generation till generation sedan min mors farbror. <\/p>\n\n\n\n<p>5. Jo just det, jag f\u00e5r v\u00e4l f\u00f6rs\u00f6ka b\u00f6rja med att g\u00f6ra n\u00e5n slags miniwebgudstj\u00e4nst i samband med gudstj\u00e4nsten. I p\u00e5skas fick f\u00f6rsamlingen p\u00e5 plats vara med och sjunga en psalm, det k\u00e4nns som ett v\u00e4ldigt fint s\u00e4tt f\u00f6r kristi kropp att \u00e4nd\u00e5 bli del i de h\u00e4r lite f\u00f6r soloshowaktiga webgrejerna.<\/p>\n\n\n\n<p>6. Jag har tr\u00e4nat mer \u00e4n vanligt (sprungit) den h\u00e4r semestern och funderar d\u00e5 ibland p\u00e5 vad jag har f\u00f6r m\u00e5l med det. Svaret \u00e4r v\u00e4l att jag inte just har n\u00e5gra. Det \u00e4r roligt att m\u00e4rka att jag orkar mer i backarna och det r\u00e4cker l\u00e5ngt f\u00f6r mig. <\/p>\n\n\n\n<p>7. Vad g\u00f6r du idag? Skriv en rad och ber\u00e4tta!<\/p>\n","protected":false},"excerpt":{"rendered":"<p>1. Glad s\u00f6ndag k\u00e4ra l\u00e4sare! 2. I onsdags b\u00f6rjade jag jobba igen efter semestern och imorgon ska jag leda min f\u00f6rsta gudstj\u00e4nst sedan annandag p\u00e5sk. V\u00e4lkommen till Grims\u00e5s kl 11 s\u00e5 ses vi (vi f\u00f6ljer f\u00f6rst\u00e5s alla rekommendationer f\u00f6r trygghets skull)! 3. Vi f\u00e5r se om jag kommer ih\u00e5g hur man predikar och s\u00e5. Det [&hellip;]<\/p>\n","protected":false},"author":392,"featured_media":8055,"comment_status":"open","ping_status":"open","sticky":false,"template":"","format":"standard","meta":{"_acf_changed":false,"footnotes":""},"categories":[76766],"tags":[],"class_list":["post-8051","post","type-post","status-publish","format-standard","has-post-thumbnail","hentry","category-blandat"],"acf":[],"yoast_head":"<!-- This site is optimized with the Yoast SEO plugin v27.1.1 - https:\/\/yoast.com\/product\/yoast-seo-wordpress\/ -->\n<title>7 blandade tankar p\u00e5 s\u00f6ndagen - Vandra V\u00e4gen<\/title>\n<meta name=\"robots\" content=\"index, follow, max-snippet:-1, max-image-preview:large, max-video-preview:-1\" \/>\n<link rel=\"canonical\" href=\"https:\/\/blogg.svenskakyrkan.se\/vandravagen\/2020\/08\/23\/7-blandade-tankar-pa-sondagen-13\/\" \/>\n<meta property=\"og:locale\" content=\"sv_SE\" \/>\n<meta property=\"og:type\" content=\"article\" \/>\n<meta property=\"og:title\" content=\"7 blandade tankar p\u00e5 s\u00f6ndagen - Vandra V\u00e4gen\" \/>\n<meta property=\"og:description\" content=\"1. Glad s\u00f6ndag k\u00e4ra l\u00e4sare! 2. I onsdags b\u00f6rjade jag jobba igen efter semestern och imorgon ska jag leda min f\u00f6rsta gudstj\u00e4nst sedan annandag p\u00e5sk. V\u00e4lkommen till Grims\u00e5s kl 11 s\u00e5 ses vi (vi f\u00f6ljer f\u00f6rst\u00e5s alla rekommendationer f\u00f6r trygghets skull)! 3. Vi f\u00e5r se om jag kommer ih\u00e5g hur man predikar och s\u00e5. Det [&hellip;]\" \/>\n<meta property=\"og:url\" content=\"https:\/\/blogg.svenskakyrkan.se\/vandravagen\/2020\/08\/23\/7-blandade-tankar-pa-sondagen-13\/\" \/>\n<meta property=\"og:site_name\" content=\"Vandra V\u00e4gen\" \/>\n<meta property=\"article:publisher\" content=\"http:\/\/facebook.com\/vandravagen\" \/>\n<meta property=\"article:published_time\" content=\"2020-08-23T05:00:48+00:00\" \/>\n<meta property=\"og:image\" content=\"https:\/\/blogg.svenskakyrkan.se\/vandravagen\/files\/2020\/08\/wesley-preaching.jpg\" \/>\n\t<meta property=\"og:image:width\" content=\"470\" \/>\n\t<meta property=\"og:image:height\" content=\"352\" \/>\n\t<meta property=\"og:image:type\" content=\"image\/jpeg\" \/>\n<meta name=\"author\" content=\"Tomas Jarvid\" \/>\n<meta name=\"twitter:card\" content=\"summary_large_image\" \/>\n<meta name=\"twitter:creator\" content=\"@fadertomas\" \/>\n<meta name=\"twitter:site\" content=\"@fadertomas\" \/>\n<meta name=\"twitter:label1\" content=\"Skriven av\" \/>\n\t<meta name=\"twitter:data1\" content=\"Tomas Jarvid\" \/>\n\t<meta name=\"twitter:label2\" content=\"Ber\u00e4knad l\u00e4stid\" \/>\n\t<meta name=\"twitter:data2\" content=\"2 minuter\" \/>\n<script type=\"application\/ld+json\" class=\"yoast-schema-graph\">{\"@context\":\"https:\/\/schema.org\",\"@graph\":[{\"@type\":\"Article\",\"@id\":\"https:\/\/blogg.svenskakyrkan.se\/vandravagen\/2020\/08\/23\/7-blandade-tankar-pa-sondagen-13\/#article\",\"isPartOf\":{\"@id\":\"https:\/\/blogg.svenskakyrkan.se\/vandravagen\/2020\/08\/23\/7-blandade-tankar-pa-sondagen-13\/\"},\"author\":{\"name\":\"Tomas Jarvid\",\"@id\":\"https:\/\/blogg.svenskakyrkan.se\/vandravagen\/#\/schema\/person\/25da02d4f76b137d04291711e2c9fc16\"},\"headline\":\"7 blandade tankar p\u00e5 s\u00f6ndagen\",\"datePublished\":\"2020-08-23T05:00:48+00:00\",\"mainEntityOfPage\":{\"@id\":\"https:\/\/blogg.svenskakyrkan.se\/vandravagen\/2020\/08\/23\/7-blandade-tankar-pa-sondagen-13\/\"},\"wordCount\":316,\"commentCount\":4,\"publisher\":{\"@id\":\"https:\/\/blogg.svenskakyrkan.se\/vandravagen\/#organization\"},\"image\":{\"@id\":\"https:\/\/blogg.svenskakyrkan.se\/vandravagen\/2020\/08\/23\/7-blandade-tankar-pa-sondagen-13\/#primaryimage\"},\"thumbnailUrl\":\"https:\/\/blogg.svenskakyrkan.se\/vandravagen\/files\/2020\/08\/wesley-preaching.jpg\",\"articleSection\":[\"blandat\"],\"inLanguage\":\"sv-SE\",\"potentialAction\":[{\"@type\":\"CommentAction\",\"name\":\"Comment\",\"target\":[\"https:\/\/blogg.svenskakyrkan.se\/vandravagen\/2020\/08\/23\/7-blandade-tankar-pa-sondagen-13\/#respond\"]}]},{\"@type\":\"WebPage\",\"@id\":\"https:\/\/blogg.svenskakyrkan.se\/vandravagen\/2020\/08\/23\/7-blandade-tankar-pa-sondagen-13\/\",\"url\":\"https:\/\/blogg.svenskakyrkan.se\/vandravagen\/2020\/08\/23\/7-blandade-tankar-pa-sondagen-13\/\",\"name\":\"7 blandade tankar p\u00e5 s\u00f6ndagen - Vandra V\u00e4gen\",\"isPartOf\":{\"@id\":\"https:\/\/blogg.svenskakyrkan.se\/vandravagen\/#website\"},\"primaryImageOfPage\":{\"@id\":\"https:\/\/blogg.svenskakyrkan.se\/vandravagen\/2020\/08\/23\/7-blandade-tankar-pa-sondagen-13\/#primaryimage\"},\"image\":{\"@id\":\"https:\/\/blogg.svenskakyrkan.se\/vandravagen\/2020\/08\/23\/7-blandade-tankar-pa-sondagen-13\/#primaryimage\"},\"thumbnailUrl\":\"https:\/\/blogg.svenskakyrkan.se\/vandravagen\/files\/2020\/08\/wesley-preaching.jpg\",\"datePublished\":\"2020-08-23T05:00:48+00:00\",\"breadcrumb\":{\"@id\":\"https:\/\/blogg.svenskakyrkan.se\/vandravagen\/2020\/08\/23\/7-blandade-tankar-pa-sondagen-13\/#breadcrumb\"},\"inLanguage\":\"sv-SE\",\"potentialAction\":[{\"@type\":\"ReadAction\",\"target\":[\"https:\/\/blogg.svenskakyrkan.se\/vandravagen\/2020\/08\/23\/7-blandade-tankar-pa-sondagen-13\/\"]}]},{\"@type\":\"ImageObject\",\"inLanguage\":\"sv-SE\",\"@id\":\"https:\/\/blogg.svenskakyrkan.se\/vandravagen\/2020\/08\/23\/7-blandade-tankar-pa-sondagen-13\/#primaryimage\",\"url\":\"https:\/\/blogg.svenskakyrkan.se\/vandravagen\/files\/2020\/08\/wesley-preaching.jpg\",\"contentUrl\":\"https:\/\/blogg.svenskakyrkan.se\/vandravagen\/files\/2020\/08\/wesley-preaching.jpg\",\"width\":470,\"height\":352},{\"@type\":\"BreadcrumbList\",\"@id\":\"https:\/\/blogg.svenskakyrkan.se\/vandravagen\/2020\/08\/23\/7-blandade-tankar-pa-sondagen-13\/#breadcrumb\",\"itemListElement\":[{\"@type\":\"ListItem\",\"position\":1,\"name\":\"Hem\",\"item\":\"https:\/\/blogg.svenskakyrkan.se\/vandravagen\/\"},{\"@type\":\"ListItem\",\"position\":2,\"name\":\"7 blandade tankar p\u00e5 s\u00f6ndagen\"}]},{\"@type\":\"WebSite\",\"@id\":\"https:\/\/blogg.svenskakyrkan.se\/vandravagen\/#website\",\"url\":\"https:\/\/blogg.svenskakyrkan.se\/vandravagen\/\",\"name\":\"Vandra V\u00e4gen\",\"description\":\"-Mot en tro f\u00f6r hela livet\",\"publisher\":{\"@id\":\"https:\/\/blogg.svenskakyrkan.se\/vandravagen\/#organization\"},\"potentialAction\":[{\"@type\":\"SearchAction\",\"target\":{\"@type\":\"EntryPoint\",\"urlTemplate\":\"https:\/\/blogg.svenskakyrkan.se\/vandravagen\/?s={search_term_string}\"},\"query-input\":{\"@type\":\"PropertyValueSpecification\",\"valueRequired\":true,\"valueName\":\"search_term_string\"}}],\"inLanguage\":\"sv-SE\"},{\"@type\":\"Organization\",\"@id\":\"https:\/\/blogg.svenskakyrkan.se\/vandravagen\/#organization\",\"name\":\"ulricehamns pastorat\",\"alternateName\":\"ulricehamns pastorat\",\"url\":\"https:\/\/blogg.svenskakyrkan.se\/vandravagen\/\",\"logo\":{\"@type\":\"ImageObject\",\"inLanguage\":\"sv-SE\",\"@id\":\"https:\/\/blogg.svenskakyrkan.se\/vandravagen\/#\/schema\/logo\/image\/\",\"url\":\"https:\/\/blogg.svenskakyrkan.se\/vandravagen\/files\/2023\/05\/Ulr_logo_RGB.png\",\"contentUrl\":\"https:\/\/blogg.svenskakyrkan.se\/vandravagen\/files\/2023\/05\/Ulr_logo_RGB.png\",\"width\":205,\"height\":77,\"caption\":\"ulricehamns pastorat\"},\"image\":{\"@id\":\"https:\/\/blogg.svenskakyrkan.se\/vandravagen\/#\/schema\/logo\/image\/\"},\"sameAs\":[\"http:\/\/facebook.com\/vandravagen\",\"https:\/\/x.com\/fadertomas\",\"http:\/\/www.facebook.com\/svenskakyrkaniulricehamn\"]},{\"@type\":\"Person\",\"@id\":\"https:\/\/blogg.svenskakyrkan.se\/vandravagen\/#\/schema\/person\/25da02d4f76b137d04291711e2c9fc16\",\"name\":\"Tomas Jarvid\",\"image\":{\"@type\":\"ImageObject\",\"inLanguage\":\"sv-SE\",\"@id\":\"https:\/\/blogg.svenskakyrkan.se\/vandravagen\/#\/schema\/person\/image\/\",\"url\":\"https:\/\/secure.gravatar.com\/avatar\/7fa71899795e8f540f615a1f5ab25255dc27aa40f05ee7ddd21aac521e01bf50?s=96&d=identicon&r=g\",\"contentUrl\":\"https:\/\/secure.gravatar.com\/avatar\/7fa71899795e8f540f615a1f5ab25255dc27aa40f05ee7ddd21aac521e01bf50?s=96&d=identicon&r=g\",\"caption\":\"Tomas Jarvid\"},\"description\":\"Jag bor i Ulricehamn i V\u00e4sterg\u00f6tland och \u00e4r f\u00f6rsamlingspr\u00e4st i Svenska Kyrkan f\u00f6r Dalstorps f\u00f6rsamling i Kinds pastorat. P\u00e5 den h\u00e4r bloggen skriver jag ner tankar om vandringen som kristen.\",\"sameAs\":[\"http:\/\/www.vandravagen.se\"],\"url\":\"https:\/\/blogg.svenskakyrkan.se\/vandravagen\/author\/vandravagen\/\"}]}<\/script>\n<!-- \/ Yoast SEO plugin. -->","yoast_head_json":{"title":"7 blandade tankar p\u00e5 s\u00f6ndagen - Vandra V\u00e4gen","robots":{"index":"index","follow":"follow","max-snippet":"max-snippet:-1","max-image-preview":"max-image-preview:large","max-video-preview":"max-video-preview:-1"},"canonical":"https:\/\/blogg.svenskakyrkan.se\/vandravagen\/2020\/08\/23\/7-blandade-tankar-pa-sondagen-13\/","og_locale":"sv_SE","og_type":"article","og_title":"7 blandade tankar p\u00e5 s\u00f6ndagen - Vandra V\u00e4gen","og_description":"1. Glad s\u00f6ndag k\u00e4ra l\u00e4sare! 2. I onsdags b\u00f6rjade jag jobba igen efter semestern och imorgon ska jag leda min f\u00f6rsta gudstj\u00e4nst sedan annandag p\u00e5sk. V\u00e4lkommen till Grims\u00e5s kl 11 s\u00e5 ses vi (vi f\u00f6ljer f\u00f6rst\u00e5s alla rekommendationer f\u00f6r trygghets skull)! 3. Vi f\u00e5r se om jag kommer ih\u00e5g hur man predikar och s\u00e5. Det [&hellip;]","og_url":"https:\/\/blogg.svenskakyrkan.se\/vandravagen\/2020\/08\/23\/7-blandade-tankar-pa-sondagen-13\/","og_site_name":"Vandra V\u00e4gen","article_publisher":"http:\/\/facebook.com\/vandravagen","article_published_time":"2020-08-23T05:00:48+00:00","og_image":[{"width":470,"height":352,"url":"https:\/\/blogg.svenskakyrkan.se\/vandravagen\/files\/2020\/08\/wesley-preaching.jpg","type":"image\/jpeg"}],"author":"Tomas Jarvid","twitter_card":"summary_large_image","twitter_creator":"@fadertomas","twitter_site":"@fadertomas","twitter_misc":{"Skriven av":"Tomas Jarvid","Ber\u00e4knad l\u00e4stid":"2 minuter"},"schema":{"@context":"https:\/\/schema.org","@graph":[{"@type":"Article","@id":"https:\/\/blogg.svenskakyrkan.se\/vandravagen\/2020\/08\/23\/7-blandade-tankar-pa-sondagen-13\/#article","isPartOf":{"@id":"https:\/\/blogg.svenskakyrkan.se\/vandravagen\/2020\/08\/23\/7-blandade-tankar-pa-sondagen-13\/"},"author":{"name":"Tomas Jarvid","@id":"https:\/\/blogg.svenskakyrkan.se\/vandravagen\/#\/schema\/person\/25da02d4f76b137d04291711e2c9fc16"},"headline":"7 blandade tankar p\u00e5 s\u00f6ndagen","datePublished":"2020-08-23T05:00:48+00:00","mainEntityOfPage":{"@id":"https:\/\/blogg.svenskakyrkan.se\/vandravagen\/2020\/08\/23\/7-blandade-tankar-pa-sondagen-13\/"},"wordCount":316,"commentCount":4,"publisher":{"@id":"https:\/\/blogg.svenskakyrkan.se\/vandravagen\/#organization"},"image":{"@id":"https:\/\/blogg.svenskakyrkan.se\/vandravagen\/2020\/08\/23\/7-blandade-tankar-pa-sondagen-13\/#primaryimage"},"thumbnailUrl":"https:\/\/blogg.svenskakyrkan.se\/vandravagen\/files\/2020\/08\/wesley-preaching.jpg","articleSection":["blandat"],"inLanguage":"sv-SE","potentialAction":[{"@type":"CommentAction","name":"Comment","target":["https:\/\/blogg.svenskakyrkan.se\/vandravagen\/2020\/08\/23\/7-blandade-tankar-pa-sondagen-13\/#respond"]}]},{"@type":"WebPage","@id":"https:\/\/blogg.svenskakyrkan.se\/vandravagen\/2020\/08\/23\/7-blandade-tankar-pa-sondagen-13\/","url":"https:\/\/blogg.svenskakyrkan.se\/vandravagen\/2020\/08\/23\/7-blandade-tankar-pa-sondagen-13\/","name":"7 blandade tankar p\u00e5 s\u00f6ndagen - Vandra V\u00e4gen","isPartOf":{"@id":"https:\/\/blogg.svenskakyrkan.se\/vandravagen\/#website"},"primaryImageOfPage":{"@id":"https:\/\/blogg.svenskakyrkan.se\/vandravagen\/2020\/08\/23\/7-blandade-tankar-pa-sondagen-13\/#primaryimage"},"image":{"@id":"https:\/\/blogg.svenskakyrkan.se\/vandravagen\/2020\/08\/23\/7-blandade-tankar-pa-sondagen-13\/#primaryimage"},"thumbnailUrl":"https:\/\/blogg.svenskakyrkan.se\/vandravagen\/files\/2020\/08\/wesley-preaching.jpg","datePublished":"2020-08-23T05:00:48+00:00","breadcrumb":{"@id":"https:\/\/blogg.svenskakyrkan.se\/vandravagen\/2020\/08\/23\/7-blandade-tankar-pa-sondagen-13\/#breadcrumb"},"inLanguage":"sv-SE","potentialAction":[{"@type":"ReadAction","target":["https:\/\/blogg.svenskakyrkan.se\/vandravagen\/2020\/08\/23\/7-blandade-tankar-pa-sondagen-13\/"]}]},{"@type":"ImageObject","inLanguage":"sv-SE","@id":"https:\/\/blogg.svenskakyrkan.se\/vandravagen\/2020\/08\/23\/7-blandade-tankar-pa-sondagen-13\/#primaryimage","url":"https:\/\/blogg.svenskakyrkan.se\/vandravagen\/files\/2020\/08\/wesley-preaching.jpg","contentUrl":"https:\/\/blogg.svenskakyrkan.se\/vandravagen\/files\/2020\/08\/wesley-preaching.jpg","width":470,"height":352},{"@type":"BreadcrumbList","@id":"https:\/\/blogg.svenskakyrkan.se\/vandravagen\/2020\/08\/23\/7-blandade-tankar-pa-sondagen-13\/#breadcrumb","itemListElement":[{"@type":"ListItem","position":1,"name":"Hem","item":"https:\/\/blogg.svenskakyrkan.se\/vandravagen\/"},{"@type":"ListItem","position":2,"name":"7 blandade tankar p\u00e5 s\u00f6ndagen"}]},{"@type":"WebSite","@id":"https:\/\/blogg.svenskakyrkan.se\/vandravagen\/#website","url":"https:\/\/blogg.svenskakyrkan.se\/vandravagen\/","name":"Vandra V\u00e4gen","description":"-Mot en tro f\u00f6r hela livet","publisher":{"@id":"https:\/\/blogg.svenskakyrkan.se\/vandravagen\/#organization"},"potentialAction":[{"@type":"SearchAction","target":{"@type":"EntryPoint","urlTemplate":"https:\/\/blogg.svenskakyrkan.se\/vandravagen\/?s={search_term_string}"},"query-input":{"@type":"PropertyValueSpecification","valueRequired":true,"valueName":"search_term_string"}}],"inLanguage":"sv-SE"},{"@type":"Organization","@id":"https:\/\/blogg.svenskakyrkan.se\/vandravagen\/#organization","name":"ulricehamns pastorat","alternateName":"ulricehamns pastorat","url":"https:\/\/blogg.svenskakyrkan.se\/vandravagen\/","logo":{"@type":"ImageObject","inLanguage":"sv-SE","@id":"https:\/\/blogg.svenskakyrkan.se\/vandravagen\/#\/schema\/logo\/image\/","url":"https:\/\/blogg.svenskakyrkan.se\/vandravagen\/files\/2023\/05\/Ulr_logo_RGB.png","contentUrl":"https:\/\/blogg.svenskakyrkan.se\/vandravagen\/files\/2023\/05\/Ulr_logo_RGB.png","width":205,"height":77,"caption":"ulricehamns pastorat"},"image":{"@id":"https:\/\/blogg.svenskakyrkan.se\/vandravagen\/#\/schema\/logo\/image\/"},"sameAs":["http:\/\/facebook.com\/vandravagen","https:\/\/x.com\/fadertomas","http:\/\/www.facebook.com\/svenskakyrkaniulricehamn"]},{"@type":"Person","@id":"https:\/\/blogg.svenskakyrkan.se\/vandravagen\/#\/schema\/person\/25da02d4f76b137d04291711e2c9fc16","name":"Tomas Jarvid","image":{"@type":"ImageObject","inLanguage":"sv-SE","@id":"https:\/\/blogg.svenskakyrkan.se\/vandravagen\/#\/schema\/person\/image\/","url":"https:\/\/secure.gravatar.com\/avatar\/7fa71899795e8f540f615a1f5ab25255dc27aa40f05ee7ddd21aac521e01bf50?s=96&d=identicon&r=g","contentUrl":"https:\/\/secure.gravatar.com\/avatar\/7fa71899795e8f540f615a1f5ab25255dc27aa40f05ee7ddd21aac521e01bf50?s=96&d=identicon&r=g","caption":"Tomas Jarvid"},"description":"Jag bor i Ulricehamn i V\u00e4sterg\u00f6tland och \u00e4r f\u00f6rsamlingspr\u00e4st i Svenska Kyrkan f\u00f6r Dalstorps f\u00f6rsamling i Kinds pastorat. P\u00e5 den h\u00e4r bloggen skriver jag ner tankar om vandringen som kristen.","sameAs":["http:\/\/www.vandravagen.se"],"url":"https:\/\/blogg.svenskakyrkan.se\/vandravagen\/author\/vandravagen\/"}]}},"author_meta":{"ID":"392","user_nicename":"vandravagen","user_url":"http:\/\/www.vandravagen.se","user_registered":"2014-05-19 05:44:52","display_name":"Tomas Jarvid","first_name":"Tomas","last_name":"Jarvid","avatar":"https:\/\/secure.gravatar.com\/avatar\/7fa71899795e8f540f615a1f5ab25255dc27aa40f05ee7ddd21aac521e01bf50?s=96&d=identicon&r=g"},"featured_image":["https:\/\/blogg.svenskakyrkan.se\/vandravagen\/files\/2020\/08\/wesley-preaching.jpg",470,352,false],"bloginfo":{"name":"Vandra V\u00e4gen","url":"https:\/\/blogg.svenskakyrkan.se\/vandravagen"},"_links":{"self":[{"href":"https:\/\/blogg.svenskakyrkan.se\/vandravagen\/wp-json\/wp\/v2\/posts\/8051","targetHints":{"allow":["GET"]}}],"collection":[{"href":"https:\/\/blogg.svenskakyrkan.se\/vandravagen\/wp-json\/wp\/v2\/posts"}],"about":[{"href":"https:\/\/blogg.svenskakyrkan.se\/vandravagen\/wp-json\/wp\/v2\/types\/post"}],"author":[{"embeddable":true,"href":"https:\/\/blogg.svenskakyrkan.se\/vandravagen\/wp-json\/wp\/v2\/users\/392"}],"replies":[{"embeddable":true,"href":"https:\/\/blogg.svenskakyrkan.se\/vandravagen\/wp-json\/wp\/v2\/comments?post=8051"}],"version-history":[{"count":4,"href":"https:\/\/blogg.svenskakyrkan.se\/vandravagen\/wp-json\/wp\/v2\/posts\/8051\/revisions"}],"predecessor-version":[{"id":8056,"href":"https:\/\/blogg.svenskakyrkan.se\/vandravagen\/wp-json\/wp\/v2\/posts\/8051\/revisions\/8056"}],"wp:featuredmedia":[{"embeddable":true,"href":"https:\/\/blogg.svenskakyrkan.se\/vandravagen\/wp-json\/wp\/v2\/media\/8055"}],"wp:attachment":[{"href":"https:\/\/blogg.svenskakyrkan.se\/vandravagen\/wp-json\/wp\/v2\/media?parent=8051"}],"wp:term":[{"taxonomy":"category","embeddable":true,"href":"https:\/\/blogg.svenskakyrkan.se\/vandravagen\/wp-json\/wp\/v2\/categories?post=8051"},{"taxonomy":"post_tag","embeddable":true,"href":"https:\/\/blogg.svenskakyrkan.se\/vandravagen\/wp-json\/wp\/v2\/tags?post=8051"}],"curies":[{"name":"wp","href":"https:\/\/api.w.org\/{rel}","templated":true}]}}