{"id":806,"date":"2012-12-21T10:49:00","date_gmt":"2012-12-21T09:49:00","guid":{"rendered":"http:\/\/blogg.svenskakyrkan.se\/vandravagen\/2012\/12\/21\/tomasdagen-idag-hurra-for-tomas\/"},"modified":"2012-12-21T10:49:00","modified_gmt":"2012-12-21T09:49:00","slug":"tomasdagen-idag-hurra-for-tomas","status":"publish","type":"post","link":"https:\/\/blogg.svenskakyrkan.se\/vandravagen\/2012\/12\/21\/tomasdagen-idag-hurra-for-tomas\/","title":{"rendered":"Tomasdagen idag! Hurra f\u00f6r Tomas!"},"content":{"rendered":"<table align=\"center\" cellpadding=\"0\" cellspacing=\"0\">\n<tbody>\n<tr>\n<td><a href=\"http:\/\/3.bp.blogspot.com\/-rrUmCFtiWjk\/UNQhE1UgPoI\/AAAAAAAABbs\/nOPH9whbazw\/s1600\/P2270055.JPG\"><img loading=\"lazy\" decoding=\"async\" border=\"0\" height=\"300\" src=\"http:\/\/3.bp.blogspot.com\/-rrUmCFtiWjk\/UNQhE1UgPoI\/AAAAAAAABbs\/nOPH9whbazw\/s400\/P2270055.JPG\" width=\"400\"><\/a><\/td>\n<\/tr>\n<tr>\n<td>Indiskt tomaskors, med helig Ande som kommer ner<\/td>\n<\/tr>\n<\/tbody>\n<\/table>\n<p>Idag \u00e4r det Tomasdagen enligt almanackan. Det \u00e4r egentligen inte n\u00e5gon s\u00e4rskilt stor dag, den kortaste av dem alla faktiskt, men det \u00e4r min namnsdag \u00e4nd\u00e5. N\u00e4r jag gick i skolan brukade det ocks\u00e5 vara d\u00e5 ungef\u00e4r som vi fick jullov s\u00e5 det var alltid en v\u00e4ldigt positivt laddad dag f\u00f6r mig.<\/p>\n<p>L\u00e4rjungen Tomas s\u00e4gs vara den person i bibeln som flest kan identifiera sig med. Kanske f\u00f6r att han kallas tvivlaren? Ofta talas det lite nedl\u00e5tande om honom men i andra delar av v\u00e4rlden \u00e4r det tv\u00e4rtom.<\/p>\n<p>Under min vistelse i Indien m\u00f6tte jag flera s\u00e5 kallade &#8221;tomaskristna&#8221;, kristna som r\u00e4knar sin kyrkas historia tillbaka till mission av aposteln Tomas i Indien f\u00f6r 2000 \u00e5r sedan. Den skeptiskt sinnade undrar kanske om det kan vara sant att kristendomen kom till Indien p\u00e5 det s\u00e4ttet, det finns inget om det i bibeln, men helt otroligt \u00e4r det inte. Det fanns redan d\u00e5 judiska bos\u00e4ttningar l\u00e4ngs den indiska kusten och apostlarna verkar ju haft som strategi (som Paulus) att resa runt i synagogor och ber\u00e4tta om Jesus. Helt klart har de kristna funnits i Indien mycket l\u00e4nge.<\/p>\n<p>Dessa tomaskristna har en helt annan syn p\u00e5 Tomas. F\u00f6r honom \u00e4r han en av de fr\u00e4msta l\u00e4rjungarna. En mycket intelligent man som till\u00e5ter sig att uttrycka sin skepsis och se nyktert p\u00e5 saker, men som ocks\u00e5 var en av de mest h\u00e4ngivna l\u00e4rjungarna. N\u00e4r det blir klart att Jesus t\u00e4nker fara upp till Jerusalem \u00e4r det ju Tomas som s\u00e4ger &#8221;l\u00e5t oss g\u00e5 med f\u00f6r att d\u00f6 med honom&#8221;. Ett kritiskt sinne g\u00e5r mycket v\u00e4l att f\u00f6rena med att vandra V\u00e4gen n\u00e4mligen. Goda nyheter f\u00f6r m\u00e5nga av oss.<\/p>\n<table align=\"center\" cellpadding=\"0\" cellspacing=\"0\">\n<tbody>\n<tr>\n<td><a href=\"https:\/\/lh3.googleusercontent.com\/-hT_4bcZrgeY\/UNQiSF5u19I\/AAAAAAAABb4\/644TUvNdl1k\/s640\/blogger-image--489662408.jpg\"><img decoding=\"async\" border=\"0\" src=\"https:\/\/lh3.googleusercontent.com\/-hT_4bcZrgeY\/UNQiSF5u19I\/AAAAAAAABb4\/644TUvNdl1k\/s640\/blogger-image--489662408.jpg\"><\/a><\/td>\n<\/tr>\n<tr>\n<td>Edin L\u00f6v\u00e5s ser ocks\u00e5 Tomas som ett f\u00f6red\u00f6me f\u00f6r oss, ska l\u00e4sa n\u00e5n dag.<\/td>\n<\/tr>\n<\/tbody>\n<\/table>\n<div><\/div>\n<div><\/div>\n<p>Vad har du f\u00f6r relation till l\u00e4rjungen Tomas?<\/p><\/p>\n","protected":false},"excerpt":{"rendered":"<p>Indiskt tomaskors, med helig Ande som kommer ner Idag \u00e4r det Tomasdagen enligt almanackan. Det \u00e4r egentligen inte n\u00e5gon s\u00e4rskilt stor dag, den kortaste av dem alla faktiskt, men det \u00e4r min namnsdag \u00e4nd\u00e5. N\u00e4r jag gick i skolan brukade det ocks\u00e5 vara d\u00e5 ungef\u00e4r som vi fick jullov s\u00e5 det var alltid en v\u00e4ldigt [&hellip;]<\/p>\n","protected":false},"author":392,"featured_media":0,"comment_status":"open","ping_status":"open","sticky":false,"template":"","format":"standard","meta":{"_acf_changed":false,"footnotes":""},"categories":[14252,33574,8252],"tags":[],"class_list":["post-806","post","type-post","status-publish","format-standard","hentry","category-bibel","category-kyrkan","category-kyrkoaret"],"acf":[],"yoast_head":"<!-- This site is optimized with the Yoast SEO plugin v27.1.1 - https:\/\/yoast.com\/product\/yoast-seo-wordpress\/ -->\n<title>Tomasdagen idag! Hurra f\u00f6r Tomas! - Vandra V\u00e4gen<\/title>\n<meta name=\"robots\" content=\"index, follow, max-snippet:-1, max-image-preview:large, max-video-preview:-1\" \/>\n<link rel=\"canonical\" href=\"https:\/\/blogg.svenskakyrkan.se\/vandravagen\/2012\/12\/21\/tomasdagen-idag-hurra-for-tomas\/\" \/>\n<meta property=\"og:locale\" content=\"sv_SE\" \/>\n<meta property=\"og:type\" content=\"article\" \/>\n<meta property=\"og:title\" content=\"Tomasdagen idag! Hurra f\u00f6r Tomas! - Vandra V\u00e4gen\" \/>\n<meta property=\"og:description\" content=\"Indiskt tomaskors, med helig Ande som kommer ner Idag \u00e4r det Tomasdagen enligt almanackan. Det \u00e4r egentligen inte n\u00e5gon s\u00e4rskilt stor dag, den kortaste av dem alla faktiskt, men det \u00e4r min namnsdag \u00e4nd\u00e5. N\u00e4r jag gick i skolan brukade det ocks\u00e5 vara d\u00e5 ungef\u00e4r som vi fick jullov s\u00e5 det var alltid en v\u00e4ldigt [&hellip;]\" \/>\n<meta property=\"og:url\" content=\"https:\/\/blogg.svenskakyrkan.se\/vandravagen\/2012\/12\/21\/tomasdagen-idag-hurra-for-tomas\/\" \/>\n<meta property=\"og:site_name\" content=\"Vandra V\u00e4gen\" \/>\n<meta property=\"article:publisher\" content=\"http:\/\/facebook.com\/vandravagen\" \/>\n<meta property=\"article:published_time\" content=\"2012-12-21T09:49:00+00:00\" \/>\n<meta property=\"og:image\" content=\"http:\/\/3.bp.blogspot.com\/-rrUmCFtiWjk\/UNQhE1UgPoI\/AAAAAAAABbs\/nOPH9whbazw\/s400\/P2270055.JPG\" \/>\n<meta name=\"author\" content=\"Tomas Jarvid\" \/>\n<meta name=\"twitter:card\" content=\"summary_large_image\" \/>\n<meta name=\"twitter:creator\" content=\"@fadertomas\" \/>\n<meta name=\"twitter:site\" content=\"@fadertomas\" \/>\n<meta name=\"twitter:label1\" content=\"Skriven av\" \/>\n\t<meta name=\"twitter:data1\" content=\"Tomas Jarvid\" \/>\n\t<meta name=\"twitter:label2\" content=\"Ber\u00e4knad l\u00e4stid\" \/>\n\t<meta name=\"twitter:data2\" content=\"2 minuter\" \/>\n<script type=\"application\/ld+json\" class=\"yoast-schema-graph\">{\"@context\":\"https:\/\/schema.org\",\"@graph\":[{\"@type\":\"Article\",\"@id\":\"https:\/\/blogg.svenskakyrkan.se\/vandravagen\/2012\/12\/21\/tomasdagen-idag-hurra-for-tomas\/#article\",\"isPartOf\":{\"@id\":\"https:\/\/blogg.svenskakyrkan.se\/vandravagen\/2012\/12\/21\/tomasdagen-idag-hurra-for-tomas\/\"},\"author\":{\"name\":\"Tomas Jarvid\",\"@id\":\"https:\/\/blogg.svenskakyrkan.se\/vandravagen\/#\/schema\/person\/25da02d4f76b137d04291711e2c9fc16\"},\"headline\":\"Tomasdagen idag! Hurra f\u00f6r Tomas!\",\"datePublished\":\"2012-12-21T09:49:00+00:00\",\"mainEntityOfPage\":{\"@id\":\"https:\/\/blogg.svenskakyrkan.se\/vandravagen\/2012\/12\/21\/tomasdagen-idag-hurra-for-tomas\/\"},\"wordCount\":357,\"commentCount\":1,\"publisher\":{\"@id\":\"https:\/\/blogg.svenskakyrkan.se\/vandravagen\/#organization\"},\"image\":{\"@id\":\"https:\/\/blogg.svenskakyrkan.se\/vandravagen\/2012\/12\/21\/tomasdagen-idag-hurra-for-tomas\/#primaryimage\"},\"thumbnailUrl\":\"http:\/\/3.bp.blogspot.com\/-rrUmCFtiWjk\/UNQhE1UgPoI\/AAAAAAAABbs\/nOPH9whbazw\/s400\/P2270055.JPG\",\"articleSection\":[\"bibel\",\"kyrkan\",\"kyrko\u00e5ret\"],\"inLanguage\":\"sv-SE\",\"potentialAction\":[{\"@type\":\"CommentAction\",\"name\":\"Comment\",\"target\":[\"https:\/\/blogg.svenskakyrkan.se\/vandravagen\/2012\/12\/21\/tomasdagen-idag-hurra-for-tomas\/#respond\"]}]},{\"@type\":\"WebPage\",\"@id\":\"https:\/\/blogg.svenskakyrkan.se\/vandravagen\/2012\/12\/21\/tomasdagen-idag-hurra-for-tomas\/\",\"url\":\"https:\/\/blogg.svenskakyrkan.se\/vandravagen\/2012\/12\/21\/tomasdagen-idag-hurra-for-tomas\/\",\"name\":\"Tomasdagen idag! Hurra f\u00f6r Tomas! - Vandra V\u00e4gen\",\"isPartOf\":{\"@id\":\"https:\/\/blogg.svenskakyrkan.se\/vandravagen\/#website\"},\"primaryImageOfPage\":{\"@id\":\"https:\/\/blogg.svenskakyrkan.se\/vandravagen\/2012\/12\/21\/tomasdagen-idag-hurra-for-tomas\/#primaryimage\"},\"image\":{\"@id\":\"https:\/\/blogg.svenskakyrkan.se\/vandravagen\/2012\/12\/21\/tomasdagen-idag-hurra-for-tomas\/#primaryimage\"},\"thumbnailUrl\":\"http:\/\/3.bp.blogspot.com\/-rrUmCFtiWjk\/UNQhE1UgPoI\/AAAAAAAABbs\/nOPH9whbazw\/s400\/P2270055.JPG\",\"datePublished\":\"2012-12-21T09:49:00+00:00\",\"breadcrumb\":{\"@id\":\"https:\/\/blogg.svenskakyrkan.se\/vandravagen\/2012\/12\/21\/tomasdagen-idag-hurra-for-tomas\/#breadcrumb\"},\"inLanguage\":\"sv-SE\",\"potentialAction\":[{\"@type\":\"ReadAction\",\"target\":[\"https:\/\/blogg.svenskakyrkan.se\/vandravagen\/2012\/12\/21\/tomasdagen-idag-hurra-for-tomas\/\"]}]},{\"@type\":\"ImageObject\",\"inLanguage\":\"sv-SE\",\"@id\":\"https:\/\/blogg.svenskakyrkan.se\/vandravagen\/2012\/12\/21\/tomasdagen-idag-hurra-for-tomas\/#primaryimage\",\"url\":\"http:\/\/3.bp.blogspot.com\/-rrUmCFtiWjk\/UNQhE1UgPoI\/AAAAAAAABbs\/nOPH9whbazw\/s400\/P2270055.JPG\",\"contentUrl\":\"http:\/\/3.bp.blogspot.com\/-rrUmCFtiWjk\/UNQhE1UgPoI\/AAAAAAAABbs\/nOPH9whbazw\/s400\/P2270055.JPG\"},{\"@type\":\"BreadcrumbList\",\"@id\":\"https:\/\/blogg.svenskakyrkan.se\/vandravagen\/2012\/12\/21\/tomasdagen-idag-hurra-for-tomas\/#breadcrumb\",\"itemListElement\":[{\"@type\":\"ListItem\",\"position\":1,\"name\":\"Hem\",\"item\":\"https:\/\/blogg.svenskakyrkan.se\/vandravagen\/\"},{\"@type\":\"ListItem\",\"position\":2,\"name\":\"Tomasdagen idag! Hurra f\u00f6r Tomas!\"}]},{\"@type\":\"WebSite\",\"@id\":\"https:\/\/blogg.svenskakyrkan.se\/vandravagen\/#website\",\"url\":\"https:\/\/blogg.svenskakyrkan.se\/vandravagen\/\",\"name\":\"Vandra V\u00e4gen\",\"description\":\"-Mot en tro f\u00f6r hela livet\",\"publisher\":{\"@id\":\"https:\/\/blogg.svenskakyrkan.se\/vandravagen\/#organization\"},\"potentialAction\":[{\"@type\":\"SearchAction\",\"target\":{\"@type\":\"EntryPoint\",\"urlTemplate\":\"https:\/\/blogg.svenskakyrkan.se\/vandravagen\/?s={search_term_string}\"},\"query-input\":{\"@type\":\"PropertyValueSpecification\",\"valueRequired\":true,\"valueName\":\"search_term_string\"}}],\"inLanguage\":\"sv-SE\"},{\"@type\":\"Organization\",\"@id\":\"https:\/\/blogg.svenskakyrkan.se\/vandravagen\/#organization\",\"name\":\"ulricehamns pastorat\",\"alternateName\":\"ulricehamns pastorat\",\"url\":\"https:\/\/blogg.svenskakyrkan.se\/vandravagen\/\",\"logo\":{\"@type\":\"ImageObject\",\"inLanguage\":\"sv-SE\",\"@id\":\"https:\/\/blogg.svenskakyrkan.se\/vandravagen\/#\/schema\/logo\/image\/\",\"url\":\"https:\/\/blogg.svenskakyrkan.se\/vandravagen\/files\/2023\/05\/Ulr_logo_RGB.png\",\"contentUrl\":\"https:\/\/blogg.svenskakyrkan.se\/vandravagen\/files\/2023\/05\/Ulr_logo_RGB.png\",\"width\":205,\"height\":77,\"caption\":\"ulricehamns pastorat\"},\"image\":{\"@id\":\"https:\/\/blogg.svenskakyrkan.se\/vandravagen\/#\/schema\/logo\/image\/\"},\"sameAs\":[\"http:\/\/facebook.com\/vandravagen\",\"https:\/\/x.com\/fadertomas\",\"http:\/\/www.facebook.com\/svenskakyrkaniulricehamn\"]},{\"@type\":\"Person\",\"@id\":\"https:\/\/blogg.svenskakyrkan.se\/vandravagen\/#\/schema\/person\/25da02d4f76b137d04291711e2c9fc16\",\"name\":\"Tomas Jarvid\",\"image\":{\"@type\":\"ImageObject\",\"inLanguage\":\"sv-SE\",\"@id\":\"https:\/\/blogg.svenskakyrkan.se\/vandravagen\/#\/schema\/person\/image\/\",\"url\":\"https:\/\/secure.gravatar.com\/avatar\/7fa71899795e8f540f615a1f5ab25255dc27aa40f05ee7ddd21aac521e01bf50?s=96&d=identicon&r=g\",\"contentUrl\":\"https:\/\/secure.gravatar.com\/avatar\/7fa71899795e8f540f615a1f5ab25255dc27aa40f05ee7ddd21aac521e01bf50?s=96&d=identicon&r=g\",\"caption\":\"Tomas Jarvid\"},\"description\":\"Jag bor i Ulricehamn i V\u00e4sterg\u00f6tland och \u00e4r f\u00f6rsamlingspr\u00e4st i Svenska Kyrkan f\u00f6r Dalstorps f\u00f6rsamling i Kinds pastorat. P\u00e5 den h\u00e4r bloggen skriver jag ner tankar om vandringen som kristen.\",\"sameAs\":[\"http:\/\/www.vandravagen.se\"],\"url\":\"https:\/\/blogg.svenskakyrkan.se\/vandravagen\/author\/vandravagen\/\"}]}<\/script>\n<!-- \/ Yoast SEO plugin. -->","yoast_head_json":{"title":"Tomasdagen idag! Hurra f\u00f6r Tomas! - Vandra V\u00e4gen","robots":{"index":"index","follow":"follow","max-snippet":"max-snippet:-1","max-image-preview":"max-image-preview:large","max-video-preview":"max-video-preview:-1"},"canonical":"https:\/\/blogg.svenskakyrkan.se\/vandravagen\/2012\/12\/21\/tomasdagen-idag-hurra-for-tomas\/","og_locale":"sv_SE","og_type":"article","og_title":"Tomasdagen idag! Hurra f\u00f6r Tomas! - Vandra V\u00e4gen","og_description":"Indiskt tomaskors, med helig Ande som kommer ner Idag \u00e4r det Tomasdagen enligt almanackan. Det \u00e4r egentligen inte n\u00e5gon s\u00e4rskilt stor dag, den kortaste av dem alla faktiskt, men det \u00e4r min namnsdag \u00e4nd\u00e5. N\u00e4r jag gick i skolan brukade det ocks\u00e5 vara d\u00e5 ungef\u00e4r som vi fick jullov s\u00e5 det var alltid en v\u00e4ldigt [&hellip;]","og_url":"https:\/\/blogg.svenskakyrkan.se\/vandravagen\/2012\/12\/21\/tomasdagen-idag-hurra-for-tomas\/","og_site_name":"Vandra V\u00e4gen","article_publisher":"http:\/\/facebook.com\/vandravagen","article_published_time":"2012-12-21T09:49:00+00:00","og_image":[{"url":"http:\/\/3.bp.blogspot.com\/-rrUmCFtiWjk\/UNQhE1UgPoI\/AAAAAAAABbs\/nOPH9whbazw\/s400\/P2270055.JPG","type":"","width":"","height":""}],"author":"Tomas Jarvid","twitter_card":"summary_large_image","twitter_creator":"@fadertomas","twitter_site":"@fadertomas","twitter_misc":{"Skriven av":"Tomas Jarvid","Ber\u00e4knad l\u00e4stid":"2 minuter"},"schema":{"@context":"https:\/\/schema.org","@graph":[{"@type":"Article","@id":"https:\/\/blogg.svenskakyrkan.se\/vandravagen\/2012\/12\/21\/tomasdagen-idag-hurra-for-tomas\/#article","isPartOf":{"@id":"https:\/\/blogg.svenskakyrkan.se\/vandravagen\/2012\/12\/21\/tomasdagen-idag-hurra-for-tomas\/"},"author":{"name":"Tomas Jarvid","@id":"https:\/\/blogg.svenskakyrkan.se\/vandravagen\/#\/schema\/person\/25da02d4f76b137d04291711e2c9fc16"},"headline":"Tomasdagen idag! Hurra f\u00f6r Tomas!","datePublished":"2012-12-21T09:49:00+00:00","mainEntityOfPage":{"@id":"https:\/\/blogg.svenskakyrkan.se\/vandravagen\/2012\/12\/21\/tomasdagen-idag-hurra-for-tomas\/"},"wordCount":357,"commentCount":1,"publisher":{"@id":"https:\/\/blogg.svenskakyrkan.se\/vandravagen\/#organization"},"image":{"@id":"https:\/\/blogg.svenskakyrkan.se\/vandravagen\/2012\/12\/21\/tomasdagen-idag-hurra-for-tomas\/#primaryimage"},"thumbnailUrl":"http:\/\/3.bp.blogspot.com\/-rrUmCFtiWjk\/UNQhE1UgPoI\/AAAAAAAABbs\/nOPH9whbazw\/s400\/P2270055.JPG","articleSection":["bibel","kyrkan","kyrko\u00e5ret"],"inLanguage":"sv-SE","potentialAction":[{"@type":"CommentAction","name":"Comment","target":["https:\/\/blogg.svenskakyrkan.se\/vandravagen\/2012\/12\/21\/tomasdagen-idag-hurra-for-tomas\/#respond"]}]},{"@type":"WebPage","@id":"https:\/\/blogg.svenskakyrkan.se\/vandravagen\/2012\/12\/21\/tomasdagen-idag-hurra-for-tomas\/","url":"https:\/\/blogg.svenskakyrkan.se\/vandravagen\/2012\/12\/21\/tomasdagen-idag-hurra-for-tomas\/","name":"Tomasdagen idag! Hurra f\u00f6r Tomas! - Vandra V\u00e4gen","isPartOf":{"@id":"https:\/\/blogg.svenskakyrkan.se\/vandravagen\/#website"},"primaryImageOfPage":{"@id":"https:\/\/blogg.svenskakyrkan.se\/vandravagen\/2012\/12\/21\/tomasdagen-idag-hurra-for-tomas\/#primaryimage"},"image":{"@id":"https:\/\/blogg.svenskakyrkan.se\/vandravagen\/2012\/12\/21\/tomasdagen-idag-hurra-for-tomas\/#primaryimage"},"thumbnailUrl":"http:\/\/3.bp.blogspot.com\/-rrUmCFtiWjk\/UNQhE1UgPoI\/AAAAAAAABbs\/nOPH9whbazw\/s400\/P2270055.JPG","datePublished":"2012-12-21T09:49:00+00:00","breadcrumb":{"@id":"https:\/\/blogg.svenskakyrkan.se\/vandravagen\/2012\/12\/21\/tomasdagen-idag-hurra-for-tomas\/#breadcrumb"},"inLanguage":"sv-SE","potentialAction":[{"@type":"ReadAction","target":["https:\/\/blogg.svenskakyrkan.se\/vandravagen\/2012\/12\/21\/tomasdagen-idag-hurra-for-tomas\/"]}]},{"@type":"ImageObject","inLanguage":"sv-SE","@id":"https:\/\/blogg.svenskakyrkan.se\/vandravagen\/2012\/12\/21\/tomasdagen-idag-hurra-for-tomas\/#primaryimage","url":"http:\/\/3.bp.blogspot.com\/-rrUmCFtiWjk\/UNQhE1UgPoI\/AAAAAAAABbs\/nOPH9whbazw\/s400\/P2270055.JPG","contentUrl":"http:\/\/3.bp.blogspot.com\/-rrUmCFtiWjk\/UNQhE1UgPoI\/AAAAAAAABbs\/nOPH9whbazw\/s400\/P2270055.JPG"},{"@type":"BreadcrumbList","@id":"https:\/\/blogg.svenskakyrkan.se\/vandravagen\/2012\/12\/21\/tomasdagen-idag-hurra-for-tomas\/#breadcrumb","itemListElement":[{"@type":"ListItem","position":1,"name":"Hem","item":"https:\/\/blogg.svenskakyrkan.se\/vandravagen\/"},{"@type":"ListItem","position":2,"name":"Tomasdagen idag! Hurra f\u00f6r Tomas!"}]},{"@type":"WebSite","@id":"https:\/\/blogg.svenskakyrkan.se\/vandravagen\/#website","url":"https:\/\/blogg.svenskakyrkan.se\/vandravagen\/","name":"Vandra V\u00e4gen","description":"-Mot en tro f\u00f6r hela livet","publisher":{"@id":"https:\/\/blogg.svenskakyrkan.se\/vandravagen\/#organization"},"potentialAction":[{"@type":"SearchAction","target":{"@type":"EntryPoint","urlTemplate":"https:\/\/blogg.svenskakyrkan.se\/vandravagen\/?s={search_term_string}"},"query-input":{"@type":"PropertyValueSpecification","valueRequired":true,"valueName":"search_term_string"}}],"inLanguage":"sv-SE"},{"@type":"Organization","@id":"https:\/\/blogg.svenskakyrkan.se\/vandravagen\/#organization","name":"ulricehamns pastorat","alternateName":"ulricehamns pastorat","url":"https:\/\/blogg.svenskakyrkan.se\/vandravagen\/","logo":{"@type":"ImageObject","inLanguage":"sv-SE","@id":"https:\/\/blogg.svenskakyrkan.se\/vandravagen\/#\/schema\/logo\/image\/","url":"https:\/\/blogg.svenskakyrkan.se\/vandravagen\/files\/2023\/05\/Ulr_logo_RGB.png","contentUrl":"https:\/\/blogg.svenskakyrkan.se\/vandravagen\/files\/2023\/05\/Ulr_logo_RGB.png","width":205,"height":77,"caption":"ulricehamns pastorat"},"image":{"@id":"https:\/\/blogg.svenskakyrkan.se\/vandravagen\/#\/schema\/logo\/image\/"},"sameAs":["http:\/\/facebook.com\/vandravagen","https:\/\/x.com\/fadertomas","http:\/\/www.facebook.com\/svenskakyrkaniulricehamn"]},{"@type":"Person","@id":"https:\/\/blogg.svenskakyrkan.se\/vandravagen\/#\/schema\/person\/25da02d4f76b137d04291711e2c9fc16","name":"Tomas Jarvid","image":{"@type":"ImageObject","inLanguage":"sv-SE","@id":"https:\/\/blogg.svenskakyrkan.se\/vandravagen\/#\/schema\/person\/image\/","url":"https:\/\/secure.gravatar.com\/avatar\/7fa71899795e8f540f615a1f5ab25255dc27aa40f05ee7ddd21aac521e01bf50?s=96&d=identicon&r=g","contentUrl":"https:\/\/secure.gravatar.com\/avatar\/7fa71899795e8f540f615a1f5ab25255dc27aa40f05ee7ddd21aac521e01bf50?s=96&d=identicon&r=g","caption":"Tomas Jarvid"},"description":"Jag bor i Ulricehamn i V\u00e4sterg\u00f6tland och \u00e4r f\u00f6rsamlingspr\u00e4st i Svenska Kyrkan f\u00f6r Dalstorps f\u00f6rsamling i Kinds pastorat. P\u00e5 den h\u00e4r bloggen skriver jag ner tankar om vandringen som kristen.","sameAs":["http:\/\/www.vandravagen.se"],"url":"https:\/\/blogg.svenskakyrkan.se\/vandravagen\/author\/vandravagen\/"}]}},"author_meta":{"ID":"392","user_nicename":"vandravagen","user_url":"http:\/\/www.vandravagen.se","user_registered":"2014-05-19 05:44:52","display_name":"Tomas Jarvid","first_name":"Tomas","last_name":"Jarvid","avatar":"https:\/\/secure.gravatar.com\/avatar\/7fa71899795e8f540f615a1f5ab25255dc27aa40f05ee7ddd21aac521e01bf50?s=96&d=identicon&r=g"},"featured_image":false,"bloginfo":{"name":"Vandra V\u00e4gen","url":"https:\/\/blogg.svenskakyrkan.se\/vandravagen"},"_links":{"self":[{"href":"https:\/\/blogg.svenskakyrkan.se\/vandravagen\/wp-json\/wp\/v2\/posts\/806","targetHints":{"allow":["GET"]}}],"collection":[{"href":"https:\/\/blogg.svenskakyrkan.se\/vandravagen\/wp-json\/wp\/v2\/posts"}],"about":[{"href":"https:\/\/blogg.svenskakyrkan.se\/vandravagen\/wp-json\/wp\/v2\/types\/post"}],"author":[{"embeddable":true,"href":"https:\/\/blogg.svenskakyrkan.se\/vandravagen\/wp-json\/wp\/v2\/users\/392"}],"replies":[{"embeddable":true,"href":"https:\/\/blogg.svenskakyrkan.se\/vandravagen\/wp-json\/wp\/v2\/comments?post=806"}],"version-history":[{"count":0,"href":"https:\/\/blogg.svenskakyrkan.se\/vandravagen\/wp-json\/wp\/v2\/posts\/806\/revisions"}],"wp:attachment":[{"href":"https:\/\/blogg.svenskakyrkan.se\/vandravagen\/wp-json\/wp\/v2\/media?parent=806"}],"wp:term":[{"taxonomy":"category","embeddable":true,"href":"https:\/\/blogg.svenskakyrkan.se\/vandravagen\/wp-json\/wp\/v2\/categories?post=806"},{"taxonomy":"post_tag","embeddable":true,"href":"https:\/\/blogg.svenskakyrkan.se\/vandravagen\/wp-json\/wp\/v2\/tags?post=806"}],"curies":[{"name":"wp","href":"https:\/\/api.w.org\/{rel}","templated":true}]}}