{"id":807,"date":"2012-12-20T08:44:00","date_gmt":"2012-12-20T07:44:00","guid":{"rendered":"http:\/\/blogg.svenskakyrkan.se\/vandravagen\/2012\/12\/20\/fortryckande-sekular-ortopraxi\/"},"modified":"2012-12-20T08:44:00","modified_gmt":"2012-12-20T07:44:00","slug":"fortryckande-sekular-ortopraxi","status":"publish","type":"post","link":"https:\/\/blogg.svenskakyrkan.se\/vandravagen\/2012\/12\/20\/fortryckande-sekular-ortopraxi\/","title":{"rendered":"F\u00f6rtryckande sekul\u00e4r ortopraxi"},"content":{"rendered":"<table align=\"center\" cellpadding=\"0\" cellspacing=\"0\">\n<tbody>\n<tr>\n<td><a href=\"http:\/\/4.bp.blogspot.com\/-4Ro88nCrYCI\/T9kBLZEEMeI\/AAAAAAAAAOo\/0Vl_Ky_kTuE\/s1600\/554313.jpg\"><img loading=\"lazy\" decoding=\"async\" border=\"0\" height=\"320\" src=\"http:\/\/4.bp.blogspot.com\/-4Ro88nCrYCI\/T9kBLZEEMeI\/AAAAAAAAAOo\/0Vl_Ky_kTuE\/s320\/554313.jpg\" width=\"265\"><\/a><\/td>\n<\/tr>\n<tr>\n<td>Bibel?<\/td>\n<\/tr>\n<\/tbody>\n<\/table>\n<p>Ofta f\u00f6rknippas religion med f\u00f6rtryck. Speciellt p\u00e5 den gamla hemska tiden d\u00e5 kyrkan hade mer makt i v\u00e5rt samh\u00e4lle. Man fick underordna sig speciella matregler med fasta och annat, man skulle g\u00f6ra speciellt p\u00e5bjudna saker som att g\u00e5 p\u00e5 gudstj\u00e4nst, och man skulle bek\u00e4nna sig till den r\u00e4tta l\u00e4ran (den \u00e4r f\u00f6rst\u00e5s fortfarande r\u00e4tt om ni fr\u00e5gar mig ;)).<\/p>\n<p>Men \u00e4ven utan religion, i v\u00e4rldens p\u00e5st\u00e5tt mest sekulariserade land, kommer man inte undan samma mekanism. Det \u00e4r visserligen f\u00e5 som ser kyrkan som auktoritet p\u00e5 samma s\u00e4tt nu men fr\u00e5gan \u00e4r om vi t\u00e4nker mer fritt, \u00e4ter mer som vi vill och g\u00f6r mer som vi sj\u00e4lva best\u00e4mt oss f\u00f6r f\u00f6r det?<\/p>\n<p>F\u00f6r \u00e4ven i v\u00e5r kultur finns det klara normer d\u00e4r den som handlar fel f\u00e5r dras med skam. K\u00f6tt i fastan f\u00e5r man visserligen \u00e4ta men ve den som bara \u00e4ter skr\u00e4pmat och f\u00f6r mycket kolhydrater. G\u00e5 i gudstj\u00e4nst \u00e4r det inte tv\u00e5ng p\u00e5 men den som inte g\u00e5r till gymmet \u00e4r allt r\u00e4tt oansvarig och slarvig. R\u00e4tt luthersk l\u00e4ra har f\u00e4rre nu men likv\u00e4l finns det en hel upps\u00e4ttning av \u00e5sikter som man m\u00e5ste ha om man ska kunna g\u00f6ra karri\u00e4r och komma upp\u00e5t i v\u00e5rt samh\u00e4lle.<\/p>\n<p>Vad vill jag s\u00e4ga med det h\u00e4r? Att det h\u00e4r verkar vara s\u00e5 vi m\u00e4nniskor fungerar, som \u00e4ngsliga flockdjur som g\u00e4rna reglerar varandra och har \u00e5sikter om att andra borde leva och tycka precis som jag. Ingen skugga b\u00f6r falla p\u00e5 Gud f\u00f6r att vi m\u00e4nniskor \u00e4r s\u00e5 mot varandra i hans namn. Gud \u00e4r alltid mer intresserad av oss, av att vara grunden f\u00f6r v\u00e5r tillit i allt, \u00e4n av formler f\u00f6r hur vi ska leva.<\/p>\n<p>Samtidigt blir jag bara alltmer \u00f6vertygad om vikten av m\u00e5nga handlingar, teologiska tankar och levnadsregler som ger stadga \u00e5t livet p\u00e5 v\u00e4gen. Som hj\u00e4lper oss att formas till att bli mer lika honom vi f\u00f6ljer och uppt\u00e4cka alltmer av vad Gud t\u00e4nkt med v\u00e5ra liv.<\/p>\n<p>Regler \u00e4r bara f\u00f6rtryck om de tvingas p\u00e5. V\u00e4ljer man de sj\u00e4lv kan man uppleva det som Jesus s\u00e4ger:<\/p>\n<table>\n<tbody>\n<tr>\n<td>\n<div>&#8221;Ta p\u00e5 er\u00a0<span>mitt<\/span>\u00a0<span>ok<\/span>\u00a0och l\u00e4r av mig, som har ett milt och \u00f6dmjukt hj\u00e4rta, s\u00e5 skall ni finna vila f\u00f6r er sj\u00e4l.\u00a0<span>Mitt<\/span>\u00a0<span>ok<\/span>\u00a0\u00e4r skonsamt och min b\u00f6rda \u00e4r l\u00e4tt.\u201d<\/div>\n<div><span>Det \u00e4r ett underbart ok eftersom det st\u00e4ller oss fria fr\u00e5n allt vad andra m\u00e4nniskor d\u00f6mer oss efter.<\/span><\/div>\n<div><span><br \/><\/span><\/div>\n<div><span>Har du fler exempel p\u00e5 normer i v\u00e5r kultur som gr\u00e4nsar till det religi\u00f6sa?<\/span><\/div>\n<div><\/div>\n<\/td>\n<\/tr>\n<tr>\n<td><\/td>\n<td><\/td>\n<\/tr>\n<\/tbody>\n<\/table>\n","protected":false},"excerpt":{"rendered":"<p>Bibel? Ofta f\u00f6rknippas religion med f\u00f6rtryck. Speciellt p\u00e5 den gamla hemska tiden d\u00e5 kyrkan hade mer makt i v\u00e5rt samh\u00e4lle. Man fick underordna sig speciella matregler med fasta och annat, man skulle g\u00f6ra speciellt p\u00e5bjudna saker som att g\u00e5 p\u00e5 gudstj\u00e4nst, och man skulle bek\u00e4nna sig till den r\u00e4tta l\u00e4ran (den \u00e4r f\u00f6rst\u00e5s fortfarande r\u00e4tt [&hellip;]<\/p>\n","protected":false},"author":392,"featured_media":0,"comment_status":"open","ping_status":"open","sticky":false,"template":"","format":"standard","meta":{"_acf_changed":false,"footnotes":""},"categories":[117],"tags":[],"class_list":["post-807","post","type-post","status-publish","format-standard","hentry","category-teologi"],"acf":[],"yoast_head":"<!-- This site is optimized with the Yoast SEO plugin v27.1.1 - https:\/\/yoast.com\/product\/yoast-seo-wordpress\/ -->\n<title>F\u00f6rtryckande sekul\u00e4r ortopraxi - Vandra V\u00e4gen<\/title>\n<meta name=\"robots\" content=\"index, follow, max-snippet:-1, max-image-preview:large, max-video-preview:-1\" \/>\n<link rel=\"canonical\" href=\"https:\/\/blogg.svenskakyrkan.se\/vandravagen\/2012\/12\/20\/fortryckande-sekular-ortopraxi\/\" \/>\n<meta property=\"og:locale\" content=\"sv_SE\" \/>\n<meta property=\"og:type\" content=\"article\" \/>\n<meta property=\"og:title\" content=\"F\u00f6rtryckande sekul\u00e4r ortopraxi - Vandra V\u00e4gen\" \/>\n<meta property=\"og:description\" content=\"Bibel? Ofta f\u00f6rknippas religion med f\u00f6rtryck. Speciellt p\u00e5 den gamla hemska tiden d\u00e5 kyrkan hade mer makt i v\u00e5rt samh\u00e4lle. Man fick underordna sig speciella matregler med fasta och annat, man skulle g\u00f6ra speciellt p\u00e5bjudna saker som att g\u00e5 p\u00e5 gudstj\u00e4nst, och man skulle bek\u00e4nna sig till den r\u00e4tta l\u00e4ran (den \u00e4r f\u00f6rst\u00e5s fortfarande r\u00e4tt [&hellip;]\" \/>\n<meta property=\"og:url\" content=\"https:\/\/blogg.svenskakyrkan.se\/vandravagen\/2012\/12\/20\/fortryckande-sekular-ortopraxi\/\" \/>\n<meta property=\"og:site_name\" content=\"Vandra V\u00e4gen\" \/>\n<meta property=\"article:publisher\" content=\"http:\/\/facebook.com\/vandravagen\" \/>\n<meta property=\"article:published_time\" content=\"2012-12-20T07:44:00+00:00\" \/>\n<meta property=\"og:image\" content=\"http:\/\/4.bp.blogspot.com\/-4Ro88nCrYCI\/T9kBLZEEMeI\/AAAAAAAAAOo\/0Vl_Ky_kTuE\/s320\/554313.jpg\" \/>\n<meta name=\"author\" content=\"Tomas Jarvid\" \/>\n<meta name=\"twitter:card\" content=\"summary_large_image\" \/>\n<meta name=\"twitter:creator\" content=\"@fadertomas\" \/>\n<meta name=\"twitter:site\" content=\"@fadertomas\" \/>\n<meta name=\"twitter:label1\" content=\"Skriven av\" \/>\n\t<meta name=\"twitter:data1\" content=\"Tomas Jarvid\" \/>\n\t<meta name=\"twitter:label2\" content=\"Ber\u00e4knad l\u00e4stid\" \/>\n\t<meta name=\"twitter:data2\" content=\"2 minuter\" \/>\n<script type=\"application\/ld+json\" class=\"yoast-schema-graph\">{\"@context\":\"https:\/\/schema.org\",\"@graph\":[{\"@type\":\"Article\",\"@id\":\"https:\/\/blogg.svenskakyrkan.se\/vandravagen\/2012\/12\/20\/fortryckande-sekular-ortopraxi\/#article\",\"isPartOf\":{\"@id\":\"https:\/\/blogg.svenskakyrkan.se\/vandravagen\/2012\/12\/20\/fortryckande-sekular-ortopraxi\/\"},\"author\":{\"name\":\"Tomas Jarvid\",\"@id\":\"https:\/\/blogg.svenskakyrkan.se\/vandravagen\/#\/schema\/person\/25da02d4f76b137d04291711e2c9fc16\"},\"headline\":\"F\u00f6rtryckande sekul\u00e4r ortopraxi\",\"datePublished\":\"2012-12-20T07:44:00+00:00\",\"mainEntityOfPage\":{\"@id\":\"https:\/\/blogg.svenskakyrkan.se\/vandravagen\/2012\/12\/20\/fortryckande-sekular-ortopraxi\/\"},\"wordCount\":494,\"commentCount\":1,\"publisher\":{\"@id\":\"https:\/\/blogg.svenskakyrkan.se\/vandravagen\/#organization\"},\"image\":{\"@id\":\"https:\/\/blogg.svenskakyrkan.se\/vandravagen\/2012\/12\/20\/fortryckande-sekular-ortopraxi\/#primaryimage\"},\"thumbnailUrl\":\"http:\/\/4.bp.blogspot.com\/-4Ro88nCrYCI\/T9kBLZEEMeI\/AAAAAAAAAOo\/0Vl_Ky_kTuE\/s320\/554313.jpg\",\"articleSection\":[\"Teologi\"],\"inLanguage\":\"sv-SE\",\"potentialAction\":[{\"@type\":\"CommentAction\",\"name\":\"Comment\",\"target\":[\"https:\/\/blogg.svenskakyrkan.se\/vandravagen\/2012\/12\/20\/fortryckande-sekular-ortopraxi\/#respond\"]}]},{\"@type\":\"WebPage\",\"@id\":\"https:\/\/blogg.svenskakyrkan.se\/vandravagen\/2012\/12\/20\/fortryckande-sekular-ortopraxi\/\",\"url\":\"https:\/\/blogg.svenskakyrkan.se\/vandravagen\/2012\/12\/20\/fortryckande-sekular-ortopraxi\/\",\"name\":\"F\u00f6rtryckande sekul\u00e4r ortopraxi - Vandra V\u00e4gen\",\"isPartOf\":{\"@id\":\"https:\/\/blogg.svenskakyrkan.se\/vandravagen\/#website\"},\"primaryImageOfPage\":{\"@id\":\"https:\/\/blogg.svenskakyrkan.se\/vandravagen\/2012\/12\/20\/fortryckande-sekular-ortopraxi\/#primaryimage\"},\"image\":{\"@id\":\"https:\/\/blogg.svenskakyrkan.se\/vandravagen\/2012\/12\/20\/fortryckande-sekular-ortopraxi\/#primaryimage\"},\"thumbnailUrl\":\"http:\/\/4.bp.blogspot.com\/-4Ro88nCrYCI\/T9kBLZEEMeI\/AAAAAAAAAOo\/0Vl_Ky_kTuE\/s320\/554313.jpg\",\"datePublished\":\"2012-12-20T07:44:00+00:00\",\"breadcrumb\":{\"@id\":\"https:\/\/blogg.svenskakyrkan.se\/vandravagen\/2012\/12\/20\/fortryckande-sekular-ortopraxi\/#breadcrumb\"},\"inLanguage\":\"sv-SE\",\"potentialAction\":[{\"@type\":\"ReadAction\",\"target\":[\"https:\/\/blogg.svenskakyrkan.se\/vandravagen\/2012\/12\/20\/fortryckande-sekular-ortopraxi\/\"]}]},{\"@type\":\"ImageObject\",\"inLanguage\":\"sv-SE\",\"@id\":\"https:\/\/blogg.svenskakyrkan.se\/vandravagen\/2012\/12\/20\/fortryckande-sekular-ortopraxi\/#primaryimage\",\"url\":\"http:\/\/4.bp.blogspot.com\/-4Ro88nCrYCI\/T9kBLZEEMeI\/AAAAAAAAAOo\/0Vl_Ky_kTuE\/s320\/554313.jpg\",\"contentUrl\":\"http:\/\/4.bp.blogspot.com\/-4Ro88nCrYCI\/T9kBLZEEMeI\/AAAAAAAAAOo\/0Vl_Ky_kTuE\/s320\/554313.jpg\"},{\"@type\":\"BreadcrumbList\",\"@id\":\"https:\/\/blogg.svenskakyrkan.se\/vandravagen\/2012\/12\/20\/fortryckande-sekular-ortopraxi\/#breadcrumb\",\"itemListElement\":[{\"@type\":\"ListItem\",\"position\":1,\"name\":\"Hem\",\"item\":\"https:\/\/blogg.svenskakyrkan.se\/vandravagen\/\"},{\"@type\":\"ListItem\",\"position\":2,\"name\":\"F\u00f6rtryckande sekul\u00e4r ortopraxi\"}]},{\"@type\":\"WebSite\",\"@id\":\"https:\/\/blogg.svenskakyrkan.se\/vandravagen\/#website\",\"url\":\"https:\/\/blogg.svenskakyrkan.se\/vandravagen\/\",\"name\":\"Vandra V\u00e4gen\",\"description\":\"-Mot en tro f\u00f6r hela livet\",\"publisher\":{\"@id\":\"https:\/\/blogg.svenskakyrkan.se\/vandravagen\/#organization\"},\"potentialAction\":[{\"@type\":\"SearchAction\",\"target\":{\"@type\":\"EntryPoint\",\"urlTemplate\":\"https:\/\/blogg.svenskakyrkan.se\/vandravagen\/?s={search_term_string}\"},\"query-input\":{\"@type\":\"PropertyValueSpecification\",\"valueRequired\":true,\"valueName\":\"search_term_string\"}}],\"inLanguage\":\"sv-SE\"},{\"@type\":\"Organization\",\"@id\":\"https:\/\/blogg.svenskakyrkan.se\/vandravagen\/#organization\",\"name\":\"ulricehamns pastorat\",\"alternateName\":\"ulricehamns pastorat\",\"url\":\"https:\/\/blogg.svenskakyrkan.se\/vandravagen\/\",\"logo\":{\"@type\":\"ImageObject\",\"inLanguage\":\"sv-SE\",\"@id\":\"https:\/\/blogg.svenskakyrkan.se\/vandravagen\/#\/schema\/logo\/image\/\",\"url\":\"https:\/\/blogg.svenskakyrkan.se\/vandravagen\/files\/2023\/05\/Ulr_logo_RGB.png\",\"contentUrl\":\"https:\/\/blogg.svenskakyrkan.se\/vandravagen\/files\/2023\/05\/Ulr_logo_RGB.png\",\"width\":205,\"height\":77,\"caption\":\"ulricehamns pastorat\"},\"image\":{\"@id\":\"https:\/\/blogg.svenskakyrkan.se\/vandravagen\/#\/schema\/logo\/image\/\"},\"sameAs\":[\"http:\/\/facebook.com\/vandravagen\",\"https:\/\/x.com\/fadertomas\",\"http:\/\/www.facebook.com\/svenskakyrkaniulricehamn\"]},{\"@type\":\"Person\",\"@id\":\"https:\/\/blogg.svenskakyrkan.se\/vandravagen\/#\/schema\/person\/25da02d4f76b137d04291711e2c9fc16\",\"name\":\"Tomas Jarvid\",\"image\":{\"@type\":\"ImageObject\",\"inLanguage\":\"sv-SE\",\"@id\":\"https:\/\/blogg.svenskakyrkan.se\/vandravagen\/#\/schema\/person\/image\/\",\"url\":\"https:\/\/secure.gravatar.com\/avatar\/7fa71899795e8f540f615a1f5ab25255dc27aa40f05ee7ddd21aac521e01bf50?s=96&d=identicon&r=g\",\"contentUrl\":\"https:\/\/secure.gravatar.com\/avatar\/7fa71899795e8f540f615a1f5ab25255dc27aa40f05ee7ddd21aac521e01bf50?s=96&d=identicon&r=g\",\"caption\":\"Tomas Jarvid\"},\"description\":\"Jag bor i Ulricehamn i V\u00e4sterg\u00f6tland och \u00e4r f\u00f6rsamlingspr\u00e4st i Svenska Kyrkan f\u00f6r Dalstorps f\u00f6rsamling i Kinds pastorat. P\u00e5 den h\u00e4r bloggen skriver jag ner tankar om vandringen som kristen.\",\"sameAs\":[\"http:\/\/www.vandravagen.se\"],\"url\":\"https:\/\/blogg.svenskakyrkan.se\/vandravagen\/author\/vandravagen\/\"}]}<\/script>\n<!-- \/ Yoast SEO plugin. -->","yoast_head_json":{"title":"F\u00f6rtryckande sekul\u00e4r ortopraxi - Vandra V\u00e4gen","robots":{"index":"index","follow":"follow","max-snippet":"max-snippet:-1","max-image-preview":"max-image-preview:large","max-video-preview":"max-video-preview:-1"},"canonical":"https:\/\/blogg.svenskakyrkan.se\/vandravagen\/2012\/12\/20\/fortryckande-sekular-ortopraxi\/","og_locale":"sv_SE","og_type":"article","og_title":"F\u00f6rtryckande sekul\u00e4r ortopraxi - Vandra V\u00e4gen","og_description":"Bibel? Ofta f\u00f6rknippas religion med f\u00f6rtryck. Speciellt p\u00e5 den gamla hemska tiden d\u00e5 kyrkan hade mer makt i v\u00e5rt samh\u00e4lle. Man fick underordna sig speciella matregler med fasta och annat, man skulle g\u00f6ra speciellt p\u00e5bjudna saker som att g\u00e5 p\u00e5 gudstj\u00e4nst, och man skulle bek\u00e4nna sig till den r\u00e4tta l\u00e4ran (den \u00e4r f\u00f6rst\u00e5s fortfarande r\u00e4tt [&hellip;]","og_url":"https:\/\/blogg.svenskakyrkan.se\/vandravagen\/2012\/12\/20\/fortryckande-sekular-ortopraxi\/","og_site_name":"Vandra V\u00e4gen","article_publisher":"http:\/\/facebook.com\/vandravagen","article_published_time":"2012-12-20T07:44:00+00:00","og_image":[{"url":"http:\/\/4.bp.blogspot.com\/-4Ro88nCrYCI\/T9kBLZEEMeI\/AAAAAAAAAOo\/0Vl_Ky_kTuE\/s320\/554313.jpg","type":"","width":"","height":""}],"author":"Tomas Jarvid","twitter_card":"summary_large_image","twitter_creator":"@fadertomas","twitter_site":"@fadertomas","twitter_misc":{"Skriven av":"Tomas Jarvid","Ber\u00e4knad l\u00e4stid":"2 minuter"},"schema":{"@context":"https:\/\/schema.org","@graph":[{"@type":"Article","@id":"https:\/\/blogg.svenskakyrkan.se\/vandravagen\/2012\/12\/20\/fortryckande-sekular-ortopraxi\/#article","isPartOf":{"@id":"https:\/\/blogg.svenskakyrkan.se\/vandravagen\/2012\/12\/20\/fortryckande-sekular-ortopraxi\/"},"author":{"name":"Tomas Jarvid","@id":"https:\/\/blogg.svenskakyrkan.se\/vandravagen\/#\/schema\/person\/25da02d4f76b137d04291711e2c9fc16"},"headline":"F\u00f6rtryckande sekul\u00e4r ortopraxi","datePublished":"2012-12-20T07:44:00+00:00","mainEntityOfPage":{"@id":"https:\/\/blogg.svenskakyrkan.se\/vandravagen\/2012\/12\/20\/fortryckande-sekular-ortopraxi\/"},"wordCount":494,"commentCount":1,"publisher":{"@id":"https:\/\/blogg.svenskakyrkan.se\/vandravagen\/#organization"},"image":{"@id":"https:\/\/blogg.svenskakyrkan.se\/vandravagen\/2012\/12\/20\/fortryckande-sekular-ortopraxi\/#primaryimage"},"thumbnailUrl":"http:\/\/4.bp.blogspot.com\/-4Ro88nCrYCI\/T9kBLZEEMeI\/AAAAAAAAAOo\/0Vl_Ky_kTuE\/s320\/554313.jpg","articleSection":["Teologi"],"inLanguage":"sv-SE","potentialAction":[{"@type":"CommentAction","name":"Comment","target":["https:\/\/blogg.svenskakyrkan.se\/vandravagen\/2012\/12\/20\/fortryckande-sekular-ortopraxi\/#respond"]}]},{"@type":"WebPage","@id":"https:\/\/blogg.svenskakyrkan.se\/vandravagen\/2012\/12\/20\/fortryckande-sekular-ortopraxi\/","url":"https:\/\/blogg.svenskakyrkan.se\/vandravagen\/2012\/12\/20\/fortryckande-sekular-ortopraxi\/","name":"F\u00f6rtryckande sekul\u00e4r ortopraxi - Vandra V\u00e4gen","isPartOf":{"@id":"https:\/\/blogg.svenskakyrkan.se\/vandravagen\/#website"},"primaryImageOfPage":{"@id":"https:\/\/blogg.svenskakyrkan.se\/vandravagen\/2012\/12\/20\/fortryckande-sekular-ortopraxi\/#primaryimage"},"image":{"@id":"https:\/\/blogg.svenskakyrkan.se\/vandravagen\/2012\/12\/20\/fortryckande-sekular-ortopraxi\/#primaryimage"},"thumbnailUrl":"http:\/\/4.bp.blogspot.com\/-4Ro88nCrYCI\/T9kBLZEEMeI\/AAAAAAAAAOo\/0Vl_Ky_kTuE\/s320\/554313.jpg","datePublished":"2012-12-20T07:44:00+00:00","breadcrumb":{"@id":"https:\/\/blogg.svenskakyrkan.se\/vandravagen\/2012\/12\/20\/fortryckande-sekular-ortopraxi\/#breadcrumb"},"inLanguage":"sv-SE","potentialAction":[{"@type":"ReadAction","target":["https:\/\/blogg.svenskakyrkan.se\/vandravagen\/2012\/12\/20\/fortryckande-sekular-ortopraxi\/"]}]},{"@type":"ImageObject","inLanguage":"sv-SE","@id":"https:\/\/blogg.svenskakyrkan.se\/vandravagen\/2012\/12\/20\/fortryckande-sekular-ortopraxi\/#primaryimage","url":"http:\/\/4.bp.blogspot.com\/-4Ro88nCrYCI\/T9kBLZEEMeI\/AAAAAAAAAOo\/0Vl_Ky_kTuE\/s320\/554313.jpg","contentUrl":"http:\/\/4.bp.blogspot.com\/-4Ro88nCrYCI\/T9kBLZEEMeI\/AAAAAAAAAOo\/0Vl_Ky_kTuE\/s320\/554313.jpg"},{"@type":"BreadcrumbList","@id":"https:\/\/blogg.svenskakyrkan.se\/vandravagen\/2012\/12\/20\/fortryckande-sekular-ortopraxi\/#breadcrumb","itemListElement":[{"@type":"ListItem","position":1,"name":"Hem","item":"https:\/\/blogg.svenskakyrkan.se\/vandravagen\/"},{"@type":"ListItem","position":2,"name":"F\u00f6rtryckande sekul\u00e4r ortopraxi"}]},{"@type":"WebSite","@id":"https:\/\/blogg.svenskakyrkan.se\/vandravagen\/#website","url":"https:\/\/blogg.svenskakyrkan.se\/vandravagen\/","name":"Vandra V\u00e4gen","description":"-Mot en tro f\u00f6r hela livet","publisher":{"@id":"https:\/\/blogg.svenskakyrkan.se\/vandravagen\/#organization"},"potentialAction":[{"@type":"SearchAction","target":{"@type":"EntryPoint","urlTemplate":"https:\/\/blogg.svenskakyrkan.se\/vandravagen\/?s={search_term_string}"},"query-input":{"@type":"PropertyValueSpecification","valueRequired":true,"valueName":"search_term_string"}}],"inLanguage":"sv-SE"},{"@type":"Organization","@id":"https:\/\/blogg.svenskakyrkan.se\/vandravagen\/#organization","name":"ulricehamns pastorat","alternateName":"ulricehamns pastorat","url":"https:\/\/blogg.svenskakyrkan.se\/vandravagen\/","logo":{"@type":"ImageObject","inLanguage":"sv-SE","@id":"https:\/\/blogg.svenskakyrkan.se\/vandravagen\/#\/schema\/logo\/image\/","url":"https:\/\/blogg.svenskakyrkan.se\/vandravagen\/files\/2023\/05\/Ulr_logo_RGB.png","contentUrl":"https:\/\/blogg.svenskakyrkan.se\/vandravagen\/files\/2023\/05\/Ulr_logo_RGB.png","width":205,"height":77,"caption":"ulricehamns pastorat"},"image":{"@id":"https:\/\/blogg.svenskakyrkan.se\/vandravagen\/#\/schema\/logo\/image\/"},"sameAs":["http:\/\/facebook.com\/vandravagen","https:\/\/x.com\/fadertomas","http:\/\/www.facebook.com\/svenskakyrkaniulricehamn"]},{"@type":"Person","@id":"https:\/\/blogg.svenskakyrkan.se\/vandravagen\/#\/schema\/person\/25da02d4f76b137d04291711e2c9fc16","name":"Tomas Jarvid","image":{"@type":"ImageObject","inLanguage":"sv-SE","@id":"https:\/\/blogg.svenskakyrkan.se\/vandravagen\/#\/schema\/person\/image\/","url":"https:\/\/secure.gravatar.com\/avatar\/7fa71899795e8f540f615a1f5ab25255dc27aa40f05ee7ddd21aac521e01bf50?s=96&d=identicon&r=g","contentUrl":"https:\/\/secure.gravatar.com\/avatar\/7fa71899795e8f540f615a1f5ab25255dc27aa40f05ee7ddd21aac521e01bf50?s=96&d=identicon&r=g","caption":"Tomas Jarvid"},"description":"Jag bor i Ulricehamn i V\u00e4sterg\u00f6tland och \u00e4r f\u00f6rsamlingspr\u00e4st i Svenska Kyrkan f\u00f6r Dalstorps f\u00f6rsamling i Kinds pastorat. P\u00e5 den h\u00e4r bloggen skriver jag ner tankar om vandringen som kristen.","sameAs":["http:\/\/www.vandravagen.se"],"url":"https:\/\/blogg.svenskakyrkan.se\/vandravagen\/author\/vandravagen\/"}]}},"author_meta":{"ID":"392","user_nicename":"vandravagen","user_url":"http:\/\/www.vandravagen.se","user_registered":"2014-05-19 05:44:52","display_name":"Tomas Jarvid","first_name":"Tomas","last_name":"Jarvid","avatar":"https:\/\/secure.gravatar.com\/avatar\/7fa71899795e8f540f615a1f5ab25255dc27aa40f05ee7ddd21aac521e01bf50?s=96&d=identicon&r=g"},"featured_image":false,"bloginfo":{"name":"Vandra V\u00e4gen","url":"https:\/\/blogg.svenskakyrkan.se\/vandravagen"},"_links":{"self":[{"href":"https:\/\/blogg.svenskakyrkan.se\/vandravagen\/wp-json\/wp\/v2\/posts\/807","targetHints":{"allow":["GET"]}}],"collection":[{"href":"https:\/\/blogg.svenskakyrkan.se\/vandravagen\/wp-json\/wp\/v2\/posts"}],"about":[{"href":"https:\/\/blogg.svenskakyrkan.se\/vandravagen\/wp-json\/wp\/v2\/types\/post"}],"author":[{"embeddable":true,"href":"https:\/\/blogg.svenskakyrkan.se\/vandravagen\/wp-json\/wp\/v2\/users\/392"}],"replies":[{"embeddable":true,"href":"https:\/\/blogg.svenskakyrkan.se\/vandravagen\/wp-json\/wp\/v2\/comments?post=807"}],"version-history":[{"count":0,"href":"https:\/\/blogg.svenskakyrkan.se\/vandravagen\/wp-json\/wp\/v2\/posts\/807\/revisions"}],"wp:attachment":[{"href":"https:\/\/blogg.svenskakyrkan.se\/vandravagen\/wp-json\/wp\/v2\/media?parent=807"}],"wp:term":[{"taxonomy":"category","embeddable":true,"href":"https:\/\/blogg.svenskakyrkan.se\/vandravagen\/wp-json\/wp\/v2\/categories?post=807"},{"taxonomy":"post_tag","embeddable":true,"href":"https:\/\/blogg.svenskakyrkan.se\/vandravagen\/wp-json\/wp\/v2\/tags?post=807"}],"curies":[{"name":"wp","href":"https:\/\/api.w.org\/{rel}","templated":true}]}}