{"id":808,"date":"2012-12-19T09:24:00","date_gmt":"2012-12-19T08:24:00","guid":{"rendered":"http:\/\/blogg.svenskakyrkan.se\/vandravagen\/2012\/12\/19\/kyrkan-som-pussel\/"},"modified":"2012-12-19T09:24:00","modified_gmt":"2012-12-19T08:24:00","slug":"kyrkan-som-pussel","status":"publish","type":"post","link":"https:\/\/blogg.svenskakyrkan.se\/vandravagen\/2012\/12\/19\/kyrkan-som-pussel\/","title":{"rendered":"Kyrkan som pussel"},"content":{"rendered":"<table align=\"center\" cellpadding=\"0\" cellspacing=\"0\">\n<tbody>\n<tr>\n<td><a href=\"http:\/\/4.bp.blogspot.com\/-WzYwHjfWm7g\/TyPZ5nP4YnI\/AAAAAAAAADo\/1gNXAfZSUU0\/s1600\/blogger-image--91870851.jpg\"><img loading=\"lazy\" decoding=\"async\" border=\"0\" height=\"320\" src=\"http:\/\/4.bp.blogspot.com\/-WzYwHjfWm7g\/TyPZ5nP4YnI\/AAAAAAAAADo\/1gNXAfZSUU0\/s320\/blogger-image--91870851.jpg\" width=\"240\"><\/a><\/td>\n<\/tr>\n<tr>\n<td>En ikon. Jag \u00e4r s\u00e5 glad att vi f\u00e5tt in den pusselbiten igen i v\u00e5rt land!<\/td>\n<\/tr>\n<\/tbody>\n<\/table>\n<p>Jag t\u00e4nker mig att den v\u00e4rldsvida Kyrkan och \u00e4ven d\u00e5 alla kristna samfund i v\u00e5rt land \u00e4r som ett pussel. Ingen del \u00e4r fullkomlig i sig och har det slutgiltiga svaret p\u00e5 vad det \u00e4r att vara Kyrka, eftersom vi alla har v\u00e5ra olika blinda fl\u00e4ckar och historiska hangups. I m\u00f6tet med andra samfund \u00e4r det ofta l\u00e4tt att se s\u00e5dant man inte h\u00e5ller med om och s\u00e5dant man tycker ens egna sammanhang f\u00f6rst\u00e5tt b\u00e4ttre men det finns alltid det motsatta ocks\u00e5. Det man sj\u00e4lv \u00e4r blind f\u00f6r eftersom det \u00e4r vattnet man simmar i.<\/p>\n<p>Det \u00e4r ju sk\u00f6nt att t\u00e4nka att mitt samfund \u00e4r de som har mest r\u00e4tt och \u00e4r b\u00e4st kristna. Eller samfund och samfund f\u00f6rresten. Att JAG nog \u00e4r den som fattat lite b\u00e4ttre \u00e4n alla andra vad det \u00e4r att vara kristen. Eller hur?<\/p>\n<p>B\u00e4ttre d\u00e5 att t\u00e4nka sig Kyrkan som ett pussel d\u00e4r det \u00e4r helheten av de m\u00e5ngas insikter som utg\u00f6r helheten och d\u00e4r vi beh\u00f6ver varandra att l\u00e4ra av och korrigeras av.<\/p>\n","protected":false},"excerpt":{"rendered":"<p>En ikon. Jag \u00e4r s\u00e5 glad att vi f\u00e5tt in den pusselbiten igen i v\u00e5rt land! Jag t\u00e4nker mig att den v\u00e4rldsvida Kyrkan och \u00e4ven d\u00e5 alla kristna samfund i v\u00e5rt land \u00e4r som ett pussel. Ingen del \u00e4r fullkomlig i sig och har det slutgiltiga svaret p\u00e5 vad det \u00e4r att vara Kyrka, eftersom [&hellip;]<\/p>\n","protected":false},"author":392,"featured_media":0,"comment_status":"open","ping_status":"open","sticky":false,"template":"","format":"standard","meta":{"_acf_changed":false,"footnotes":""},"categories":[33574],"tags":[],"class_list":["post-808","post","type-post","status-publish","format-standard","hentry","category-kyrkan"],"acf":[],"yoast_head":"<!-- This site is optimized with the Yoast SEO plugin v27.1.1 - https:\/\/yoast.com\/product\/yoast-seo-wordpress\/ -->\n<title>Kyrkan som pussel - Vandra V\u00e4gen<\/title>\n<meta name=\"robots\" content=\"index, follow, max-snippet:-1, max-image-preview:large, max-video-preview:-1\" \/>\n<link rel=\"canonical\" href=\"https:\/\/blogg.svenskakyrkan.se\/vandravagen\/2012\/12\/19\/kyrkan-som-pussel\/\" \/>\n<meta property=\"og:locale\" content=\"sv_SE\" \/>\n<meta property=\"og:type\" content=\"article\" \/>\n<meta property=\"og:title\" content=\"Kyrkan som pussel - Vandra V\u00e4gen\" \/>\n<meta property=\"og:description\" content=\"En ikon. Jag \u00e4r s\u00e5 glad att vi f\u00e5tt in den pusselbiten igen i v\u00e5rt land! Jag t\u00e4nker mig att den v\u00e4rldsvida Kyrkan och \u00e4ven d\u00e5 alla kristna samfund i v\u00e5rt land \u00e4r som ett pussel. Ingen del \u00e4r fullkomlig i sig och har det slutgiltiga svaret p\u00e5 vad det \u00e4r att vara Kyrka, eftersom [&hellip;]\" \/>\n<meta property=\"og:url\" content=\"https:\/\/blogg.svenskakyrkan.se\/vandravagen\/2012\/12\/19\/kyrkan-som-pussel\/\" \/>\n<meta property=\"og:site_name\" content=\"Vandra V\u00e4gen\" \/>\n<meta property=\"article:publisher\" content=\"http:\/\/facebook.com\/vandravagen\" \/>\n<meta property=\"article:published_time\" content=\"2012-12-19T08:24:00+00:00\" \/>\n<meta property=\"og:image\" content=\"http:\/\/4.bp.blogspot.com\/-WzYwHjfWm7g\/TyPZ5nP4YnI\/AAAAAAAAADo\/1gNXAfZSUU0\/s320\/blogger-image--91870851.jpg\" \/>\n<meta name=\"author\" content=\"Tomas Jarvid\" \/>\n<meta name=\"twitter:card\" content=\"summary_large_image\" \/>\n<meta name=\"twitter:creator\" content=\"@fadertomas\" \/>\n<meta name=\"twitter:site\" content=\"@fadertomas\" \/>\n<meta name=\"twitter:label1\" content=\"Skriven av\" \/>\n\t<meta name=\"twitter:data1\" content=\"Tomas Jarvid\" \/>\n\t<meta name=\"twitter:label2\" content=\"Ber\u00e4knad l\u00e4stid\" \/>\n\t<meta name=\"twitter:data2\" content=\"1 minut\" \/>\n<script type=\"application\/ld+json\" class=\"yoast-schema-graph\">{\"@context\":\"https:\/\/schema.org\",\"@graph\":[{\"@type\":\"Article\",\"@id\":\"https:\/\/blogg.svenskakyrkan.se\/vandravagen\/2012\/12\/19\/kyrkan-som-pussel\/#article\",\"isPartOf\":{\"@id\":\"https:\/\/blogg.svenskakyrkan.se\/vandravagen\/2012\/12\/19\/kyrkan-som-pussel\/\"},\"author\":{\"name\":\"Tomas Jarvid\",\"@id\":\"https:\/\/blogg.svenskakyrkan.se\/vandravagen\/#\/schema\/person\/25da02d4f76b137d04291711e2c9fc16\"},\"headline\":\"Kyrkan som pussel\",\"datePublished\":\"2012-12-19T08:24:00+00:00\",\"mainEntityOfPage\":{\"@id\":\"https:\/\/blogg.svenskakyrkan.se\/vandravagen\/2012\/12\/19\/kyrkan-som-pussel\/\"},\"wordCount\":220,\"commentCount\":1,\"publisher\":{\"@id\":\"https:\/\/blogg.svenskakyrkan.se\/vandravagen\/#organization\"},\"image\":{\"@id\":\"https:\/\/blogg.svenskakyrkan.se\/vandravagen\/2012\/12\/19\/kyrkan-som-pussel\/#primaryimage\"},\"thumbnailUrl\":\"http:\/\/4.bp.blogspot.com\/-WzYwHjfWm7g\/TyPZ5nP4YnI\/AAAAAAAAADo\/1gNXAfZSUU0\/s320\/blogger-image--91870851.jpg\",\"articleSection\":[\"kyrkan\"],\"inLanguage\":\"sv-SE\",\"potentialAction\":[{\"@type\":\"CommentAction\",\"name\":\"Comment\",\"target\":[\"https:\/\/blogg.svenskakyrkan.se\/vandravagen\/2012\/12\/19\/kyrkan-som-pussel\/#respond\"]}]},{\"@type\":\"WebPage\",\"@id\":\"https:\/\/blogg.svenskakyrkan.se\/vandravagen\/2012\/12\/19\/kyrkan-som-pussel\/\",\"url\":\"https:\/\/blogg.svenskakyrkan.se\/vandravagen\/2012\/12\/19\/kyrkan-som-pussel\/\",\"name\":\"Kyrkan som pussel - Vandra V\u00e4gen\",\"isPartOf\":{\"@id\":\"https:\/\/blogg.svenskakyrkan.se\/vandravagen\/#website\"},\"primaryImageOfPage\":{\"@id\":\"https:\/\/blogg.svenskakyrkan.se\/vandravagen\/2012\/12\/19\/kyrkan-som-pussel\/#primaryimage\"},\"image\":{\"@id\":\"https:\/\/blogg.svenskakyrkan.se\/vandravagen\/2012\/12\/19\/kyrkan-som-pussel\/#primaryimage\"},\"thumbnailUrl\":\"http:\/\/4.bp.blogspot.com\/-WzYwHjfWm7g\/TyPZ5nP4YnI\/AAAAAAAAADo\/1gNXAfZSUU0\/s320\/blogger-image--91870851.jpg\",\"datePublished\":\"2012-12-19T08:24:00+00:00\",\"breadcrumb\":{\"@id\":\"https:\/\/blogg.svenskakyrkan.se\/vandravagen\/2012\/12\/19\/kyrkan-som-pussel\/#breadcrumb\"},\"inLanguage\":\"sv-SE\",\"potentialAction\":[{\"@type\":\"ReadAction\",\"target\":[\"https:\/\/blogg.svenskakyrkan.se\/vandravagen\/2012\/12\/19\/kyrkan-som-pussel\/\"]}]},{\"@type\":\"ImageObject\",\"inLanguage\":\"sv-SE\",\"@id\":\"https:\/\/blogg.svenskakyrkan.se\/vandravagen\/2012\/12\/19\/kyrkan-som-pussel\/#primaryimage\",\"url\":\"http:\/\/4.bp.blogspot.com\/-WzYwHjfWm7g\/TyPZ5nP4YnI\/AAAAAAAAADo\/1gNXAfZSUU0\/s320\/blogger-image--91870851.jpg\",\"contentUrl\":\"http:\/\/4.bp.blogspot.com\/-WzYwHjfWm7g\/TyPZ5nP4YnI\/AAAAAAAAADo\/1gNXAfZSUU0\/s320\/blogger-image--91870851.jpg\"},{\"@type\":\"BreadcrumbList\",\"@id\":\"https:\/\/blogg.svenskakyrkan.se\/vandravagen\/2012\/12\/19\/kyrkan-som-pussel\/#breadcrumb\",\"itemListElement\":[{\"@type\":\"ListItem\",\"position\":1,\"name\":\"Hem\",\"item\":\"https:\/\/blogg.svenskakyrkan.se\/vandravagen\/\"},{\"@type\":\"ListItem\",\"position\":2,\"name\":\"Kyrkan som pussel\"}]},{\"@type\":\"WebSite\",\"@id\":\"https:\/\/blogg.svenskakyrkan.se\/vandravagen\/#website\",\"url\":\"https:\/\/blogg.svenskakyrkan.se\/vandravagen\/\",\"name\":\"Vandra V\u00e4gen\",\"description\":\"-Mot en tro f\u00f6r hela livet\",\"publisher\":{\"@id\":\"https:\/\/blogg.svenskakyrkan.se\/vandravagen\/#organization\"},\"potentialAction\":[{\"@type\":\"SearchAction\",\"target\":{\"@type\":\"EntryPoint\",\"urlTemplate\":\"https:\/\/blogg.svenskakyrkan.se\/vandravagen\/?s={search_term_string}\"},\"query-input\":{\"@type\":\"PropertyValueSpecification\",\"valueRequired\":true,\"valueName\":\"search_term_string\"}}],\"inLanguage\":\"sv-SE\"},{\"@type\":\"Organization\",\"@id\":\"https:\/\/blogg.svenskakyrkan.se\/vandravagen\/#organization\",\"name\":\"ulricehamns pastorat\",\"alternateName\":\"ulricehamns pastorat\",\"url\":\"https:\/\/blogg.svenskakyrkan.se\/vandravagen\/\",\"logo\":{\"@type\":\"ImageObject\",\"inLanguage\":\"sv-SE\",\"@id\":\"https:\/\/blogg.svenskakyrkan.se\/vandravagen\/#\/schema\/logo\/image\/\",\"url\":\"https:\/\/blogg.svenskakyrkan.se\/vandravagen\/files\/2023\/05\/Ulr_logo_RGB.png\",\"contentUrl\":\"https:\/\/blogg.svenskakyrkan.se\/vandravagen\/files\/2023\/05\/Ulr_logo_RGB.png\",\"width\":205,\"height\":77,\"caption\":\"ulricehamns pastorat\"},\"image\":{\"@id\":\"https:\/\/blogg.svenskakyrkan.se\/vandravagen\/#\/schema\/logo\/image\/\"},\"sameAs\":[\"http:\/\/facebook.com\/vandravagen\",\"https:\/\/x.com\/fadertomas\",\"http:\/\/www.facebook.com\/svenskakyrkaniulricehamn\"]},{\"@type\":\"Person\",\"@id\":\"https:\/\/blogg.svenskakyrkan.se\/vandravagen\/#\/schema\/person\/25da02d4f76b137d04291711e2c9fc16\",\"name\":\"Tomas Jarvid\",\"image\":{\"@type\":\"ImageObject\",\"inLanguage\":\"sv-SE\",\"@id\":\"https:\/\/blogg.svenskakyrkan.se\/vandravagen\/#\/schema\/person\/image\/\",\"url\":\"https:\/\/secure.gravatar.com\/avatar\/7fa71899795e8f540f615a1f5ab25255dc27aa40f05ee7ddd21aac521e01bf50?s=96&d=identicon&r=g\",\"contentUrl\":\"https:\/\/secure.gravatar.com\/avatar\/7fa71899795e8f540f615a1f5ab25255dc27aa40f05ee7ddd21aac521e01bf50?s=96&d=identicon&r=g\",\"caption\":\"Tomas Jarvid\"},\"description\":\"Jag bor i Ulricehamn i V\u00e4sterg\u00f6tland och \u00e4r f\u00f6rsamlingspr\u00e4st i Svenska Kyrkan f\u00f6r Dalstorps f\u00f6rsamling i Kinds pastorat. P\u00e5 den h\u00e4r bloggen skriver jag ner tankar om vandringen som kristen.\",\"sameAs\":[\"http:\/\/www.vandravagen.se\"],\"url\":\"https:\/\/blogg.svenskakyrkan.se\/vandravagen\/author\/vandravagen\/\"}]}<\/script>\n<!-- \/ Yoast SEO plugin. -->","yoast_head_json":{"title":"Kyrkan som pussel - Vandra V\u00e4gen","robots":{"index":"index","follow":"follow","max-snippet":"max-snippet:-1","max-image-preview":"max-image-preview:large","max-video-preview":"max-video-preview:-1"},"canonical":"https:\/\/blogg.svenskakyrkan.se\/vandravagen\/2012\/12\/19\/kyrkan-som-pussel\/","og_locale":"sv_SE","og_type":"article","og_title":"Kyrkan som pussel - Vandra V\u00e4gen","og_description":"En ikon. Jag \u00e4r s\u00e5 glad att vi f\u00e5tt in den pusselbiten igen i v\u00e5rt land! Jag t\u00e4nker mig att den v\u00e4rldsvida Kyrkan och \u00e4ven d\u00e5 alla kristna samfund i v\u00e5rt land \u00e4r som ett pussel. Ingen del \u00e4r fullkomlig i sig och har det slutgiltiga svaret p\u00e5 vad det \u00e4r att vara Kyrka, eftersom [&hellip;]","og_url":"https:\/\/blogg.svenskakyrkan.se\/vandravagen\/2012\/12\/19\/kyrkan-som-pussel\/","og_site_name":"Vandra V\u00e4gen","article_publisher":"http:\/\/facebook.com\/vandravagen","article_published_time":"2012-12-19T08:24:00+00:00","og_image":[{"url":"http:\/\/4.bp.blogspot.com\/-WzYwHjfWm7g\/TyPZ5nP4YnI\/AAAAAAAAADo\/1gNXAfZSUU0\/s320\/blogger-image--91870851.jpg","type":"","width":"","height":""}],"author":"Tomas Jarvid","twitter_card":"summary_large_image","twitter_creator":"@fadertomas","twitter_site":"@fadertomas","twitter_misc":{"Skriven av":"Tomas Jarvid","Ber\u00e4knad l\u00e4stid":"1 minut"},"schema":{"@context":"https:\/\/schema.org","@graph":[{"@type":"Article","@id":"https:\/\/blogg.svenskakyrkan.se\/vandravagen\/2012\/12\/19\/kyrkan-som-pussel\/#article","isPartOf":{"@id":"https:\/\/blogg.svenskakyrkan.se\/vandravagen\/2012\/12\/19\/kyrkan-som-pussel\/"},"author":{"name":"Tomas Jarvid","@id":"https:\/\/blogg.svenskakyrkan.se\/vandravagen\/#\/schema\/person\/25da02d4f76b137d04291711e2c9fc16"},"headline":"Kyrkan som pussel","datePublished":"2012-12-19T08:24:00+00:00","mainEntityOfPage":{"@id":"https:\/\/blogg.svenskakyrkan.se\/vandravagen\/2012\/12\/19\/kyrkan-som-pussel\/"},"wordCount":220,"commentCount":1,"publisher":{"@id":"https:\/\/blogg.svenskakyrkan.se\/vandravagen\/#organization"},"image":{"@id":"https:\/\/blogg.svenskakyrkan.se\/vandravagen\/2012\/12\/19\/kyrkan-som-pussel\/#primaryimage"},"thumbnailUrl":"http:\/\/4.bp.blogspot.com\/-WzYwHjfWm7g\/TyPZ5nP4YnI\/AAAAAAAAADo\/1gNXAfZSUU0\/s320\/blogger-image--91870851.jpg","articleSection":["kyrkan"],"inLanguage":"sv-SE","potentialAction":[{"@type":"CommentAction","name":"Comment","target":["https:\/\/blogg.svenskakyrkan.se\/vandravagen\/2012\/12\/19\/kyrkan-som-pussel\/#respond"]}]},{"@type":"WebPage","@id":"https:\/\/blogg.svenskakyrkan.se\/vandravagen\/2012\/12\/19\/kyrkan-som-pussel\/","url":"https:\/\/blogg.svenskakyrkan.se\/vandravagen\/2012\/12\/19\/kyrkan-som-pussel\/","name":"Kyrkan som pussel - Vandra V\u00e4gen","isPartOf":{"@id":"https:\/\/blogg.svenskakyrkan.se\/vandravagen\/#website"},"primaryImageOfPage":{"@id":"https:\/\/blogg.svenskakyrkan.se\/vandravagen\/2012\/12\/19\/kyrkan-som-pussel\/#primaryimage"},"image":{"@id":"https:\/\/blogg.svenskakyrkan.se\/vandravagen\/2012\/12\/19\/kyrkan-som-pussel\/#primaryimage"},"thumbnailUrl":"http:\/\/4.bp.blogspot.com\/-WzYwHjfWm7g\/TyPZ5nP4YnI\/AAAAAAAAADo\/1gNXAfZSUU0\/s320\/blogger-image--91870851.jpg","datePublished":"2012-12-19T08:24:00+00:00","breadcrumb":{"@id":"https:\/\/blogg.svenskakyrkan.se\/vandravagen\/2012\/12\/19\/kyrkan-som-pussel\/#breadcrumb"},"inLanguage":"sv-SE","potentialAction":[{"@type":"ReadAction","target":["https:\/\/blogg.svenskakyrkan.se\/vandravagen\/2012\/12\/19\/kyrkan-som-pussel\/"]}]},{"@type":"ImageObject","inLanguage":"sv-SE","@id":"https:\/\/blogg.svenskakyrkan.se\/vandravagen\/2012\/12\/19\/kyrkan-som-pussel\/#primaryimage","url":"http:\/\/4.bp.blogspot.com\/-WzYwHjfWm7g\/TyPZ5nP4YnI\/AAAAAAAAADo\/1gNXAfZSUU0\/s320\/blogger-image--91870851.jpg","contentUrl":"http:\/\/4.bp.blogspot.com\/-WzYwHjfWm7g\/TyPZ5nP4YnI\/AAAAAAAAADo\/1gNXAfZSUU0\/s320\/blogger-image--91870851.jpg"},{"@type":"BreadcrumbList","@id":"https:\/\/blogg.svenskakyrkan.se\/vandravagen\/2012\/12\/19\/kyrkan-som-pussel\/#breadcrumb","itemListElement":[{"@type":"ListItem","position":1,"name":"Hem","item":"https:\/\/blogg.svenskakyrkan.se\/vandravagen\/"},{"@type":"ListItem","position":2,"name":"Kyrkan som pussel"}]},{"@type":"WebSite","@id":"https:\/\/blogg.svenskakyrkan.se\/vandravagen\/#website","url":"https:\/\/blogg.svenskakyrkan.se\/vandravagen\/","name":"Vandra V\u00e4gen","description":"-Mot en tro f\u00f6r hela livet","publisher":{"@id":"https:\/\/blogg.svenskakyrkan.se\/vandravagen\/#organization"},"potentialAction":[{"@type":"SearchAction","target":{"@type":"EntryPoint","urlTemplate":"https:\/\/blogg.svenskakyrkan.se\/vandravagen\/?s={search_term_string}"},"query-input":{"@type":"PropertyValueSpecification","valueRequired":true,"valueName":"search_term_string"}}],"inLanguage":"sv-SE"},{"@type":"Organization","@id":"https:\/\/blogg.svenskakyrkan.se\/vandravagen\/#organization","name":"ulricehamns pastorat","alternateName":"ulricehamns pastorat","url":"https:\/\/blogg.svenskakyrkan.se\/vandravagen\/","logo":{"@type":"ImageObject","inLanguage":"sv-SE","@id":"https:\/\/blogg.svenskakyrkan.se\/vandravagen\/#\/schema\/logo\/image\/","url":"https:\/\/blogg.svenskakyrkan.se\/vandravagen\/files\/2023\/05\/Ulr_logo_RGB.png","contentUrl":"https:\/\/blogg.svenskakyrkan.se\/vandravagen\/files\/2023\/05\/Ulr_logo_RGB.png","width":205,"height":77,"caption":"ulricehamns pastorat"},"image":{"@id":"https:\/\/blogg.svenskakyrkan.se\/vandravagen\/#\/schema\/logo\/image\/"},"sameAs":["http:\/\/facebook.com\/vandravagen","https:\/\/x.com\/fadertomas","http:\/\/www.facebook.com\/svenskakyrkaniulricehamn"]},{"@type":"Person","@id":"https:\/\/blogg.svenskakyrkan.se\/vandravagen\/#\/schema\/person\/25da02d4f76b137d04291711e2c9fc16","name":"Tomas Jarvid","image":{"@type":"ImageObject","inLanguage":"sv-SE","@id":"https:\/\/blogg.svenskakyrkan.se\/vandravagen\/#\/schema\/person\/image\/","url":"https:\/\/secure.gravatar.com\/avatar\/7fa71899795e8f540f615a1f5ab25255dc27aa40f05ee7ddd21aac521e01bf50?s=96&d=identicon&r=g","contentUrl":"https:\/\/secure.gravatar.com\/avatar\/7fa71899795e8f540f615a1f5ab25255dc27aa40f05ee7ddd21aac521e01bf50?s=96&d=identicon&r=g","caption":"Tomas Jarvid"},"description":"Jag bor i Ulricehamn i V\u00e4sterg\u00f6tland och \u00e4r f\u00f6rsamlingspr\u00e4st i Svenska Kyrkan f\u00f6r Dalstorps f\u00f6rsamling i Kinds pastorat. P\u00e5 den h\u00e4r bloggen skriver jag ner tankar om vandringen som kristen.","sameAs":["http:\/\/www.vandravagen.se"],"url":"https:\/\/blogg.svenskakyrkan.se\/vandravagen\/author\/vandravagen\/"}]}},"author_meta":{"ID":"392","user_nicename":"vandravagen","user_url":"http:\/\/www.vandravagen.se","user_registered":"2014-05-19 05:44:52","display_name":"Tomas Jarvid","first_name":"Tomas","last_name":"Jarvid","avatar":"https:\/\/secure.gravatar.com\/avatar\/7fa71899795e8f540f615a1f5ab25255dc27aa40f05ee7ddd21aac521e01bf50?s=96&d=identicon&r=g"},"featured_image":false,"bloginfo":{"name":"Vandra V\u00e4gen","url":"https:\/\/blogg.svenskakyrkan.se\/vandravagen"},"_links":{"self":[{"href":"https:\/\/blogg.svenskakyrkan.se\/vandravagen\/wp-json\/wp\/v2\/posts\/808","targetHints":{"allow":["GET"]}}],"collection":[{"href":"https:\/\/blogg.svenskakyrkan.se\/vandravagen\/wp-json\/wp\/v2\/posts"}],"about":[{"href":"https:\/\/blogg.svenskakyrkan.se\/vandravagen\/wp-json\/wp\/v2\/types\/post"}],"author":[{"embeddable":true,"href":"https:\/\/blogg.svenskakyrkan.se\/vandravagen\/wp-json\/wp\/v2\/users\/392"}],"replies":[{"embeddable":true,"href":"https:\/\/blogg.svenskakyrkan.se\/vandravagen\/wp-json\/wp\/v2\/comments?post=808"}],"version-history":[{"count":0,"href":"https:\/\/blogg.svenskakyrkan.se\/vandravagen\/wp-json\/wp\/v2\/posts\/808\/revisions"}],"wp:attachment":[{"href":"https:\/\/blogg.svenskakyrkan.se\/vandravagen\/wp-json\/wp\/v2\/media?parent=808"}],"wp:term":[{"taxonomy":"category","embeddable":true,"href":"https:\/\/blogg.svenskakyrkan.se\/vandravagen\/wp-json\/wp\/v2\/categories?post=808"},{"taxonomy":"post_tag","embeddable":true,"href":"https:\/\/blogg.svenskakyrkan.se\/vandravagen\/wp-json\/wp\/v2\/tags?post=808"}],"curies":[{"name":"wp","href":"https:\/\/api.w.org\/{rel}","templated":true}]}}