{"id":809,"date":"2012-12-18T10:13:00","date_gmt":"2012-12-18T09:13:00","guid":{"rendered":"http:\/\/blogg.svenskakyrkan.se\/vandravagen\/2012\/12\/18\/joseph-conrad-och-morkrets-hjarta-och-jul\/"},"modified":"2012-12-18T10:13:00","modified_gmt":"2012-12-18T09:13:00","slug":"joseph-conrad-och-morkrets-hjarta-och-jul","status":"publish","type":"post","link":"https:\/\/blogg.svenskakyrkan.se\/vandravagen\/2012\/12\/18\/joseph-conrad-och-morkrets-hjarta-och-jul\/","title":{"rendered":"Joseph Conrad och m\u00f6rkrets hj\u00e4rta (och jul)"},"content":{"rendered":"<table align=\"center\" cellpadding=\"0\" cellspacing=\"0\">\n<tbody>\n<tr>\n<td><a href=\"http:\/\/1.bp.blogspot.com\/-VdTcnGk5E1c\/UM-BnmmW_LI\/AAAAAAAABaE\/o2qo_pzp8UI\/s1600\/4a03068r.jpg\"><img loading=\"lazy\" decoding=\"async\" border=\"0\" height=\"331\" src=\"http:\/\/1.bp.blogspot.com\/-VdTcnGk5E1c\/UM-BnmmW_LI\/AAAAAAAABaE\/o2qo_pzp8UI\/s400\/4a03068r.jpg\" width=\"400\"><\/a><\/td>\n<\/tr>\n<tr>\n<td>Mycket kolonialt<\/td>\n<\/tr>\n<\/tbody>\n<\/table>\n<p>Jag har nu lyssnat f\u00e4rdigt p\u00e5 ljudboksversionen av &#8221;m\u00f6rkrets hj\u00e4rta&#8221; av Joseph Conrad. Tidigare hade jag st\u00f6tt p\u00e5 handlingen \u00f6verf\u00f6rd till Vietnamkriget i &#8221;Apocalyps now&#8221; som jag tycker \u00e4r riktigt l\u00e4skig. &#8221;M\u00f6rkrets hj\u00e4rta&#8221; \u00e4r ocks\u00e5 ot\u00e4ck, \u00e4ven om den drypande hettan vid Kongofloden k\u00e4nns med avl\u00e4gsen n\u00e4r man vandrar runt i minusgrader och lyssnar.<\/p>\n<p>Conrad hade sj\u00e4lv arbetat p\u00e5 Kongofloden och skrev sin roman som kritik \u00f6ver den grymma girighet som r\u00e5dde i kolonin. L\u00e5ngt, l\u00e5ngt upp l\u00e4ngs floden finns mr Kurtz, en framst\u00e5ende agent f\u00f6r bolaget men som visar sig ha blivit alltmer monstru\u00f6s av tiden i landet. Huvudpersonen Marlow talar mycket om kontinenten Afrikas m\u00f6rker som f\u00f6rd\u00e4rvar de som kommer dit. En enda person verkar ha klarat sig, han m\u00f6ter en europeisk tj\u00e4nsteman som med stor disciplin forts\u00e4tter g\u00e5 i sina st\u00e4rkta skjortbr\u00f6st och handla effektivt och rationell. De andra f\u00f6rfaller.<\/p>\n<p>L\u00e4s g\u00e4rna boken om du inte redan gjort det. Talet om den &#8221;m\u00f6rka kontinenten&#8221; kan vara sv\u00e5rt att ta till sig men jag finner mycket annat i boken intressant. \u00c4ven f\u00f6r den h\u00e4r bloggens r\u00e4kning. Om man slutar skylla det onda p\u00e5 &#8221;kontinentens m\u00f6rker&#8221; eller n\u00e5got s\u00e5dant kan man ist\u00e4llet tolka det p\u00e5 ett annat s\u00e4tt. De m\u00e4n som for ut i kolonierna gjorde ett radikalt byte av b\u00e5de inre och yttre milj\u00f6. Pl\u00f6tsligt fanns inga av de mekanismer som brukade h\u00e5lla dem civiliserade hemma kvar d\u00e4r. Ist\u00e4llet befann de sig bland lokalbefolkning som inte ans\u00e5gs riktigt m\u00e4nsklig, i lagl\u00f6st land och med uppgiften att p\u00e5 vilket s\u00e4tt de fann f\u00f6r gott skaffa fram elfenben.<\/p>\n<p>De flesta av oss tj\u00e4nar v\u00e4ldigt mycket mer p\u00e5 att bete oss hyggligt \u00e4n p\u00e5 att berika oss med alla till buds st\u00e5ende medel. Vi vill inte f\u00f6rlora andras aktning och bli f\u00f6raktade av andra utan kunna utge oss f\u00f6r att vara goda m\u00e4nniskor. Men om f\u00f6ruts\u00e4ttningarna \u00e4ndras, till exempel vid en naturkatastrof eller krig, s\u00e5 att man kan stj\u00e4la, m\u00f6rda eller annat <i>utan risk f\u00f6r n\u00e5gra f\u00f6ljder<\/i> d\u00e5 g\u00f6r m\u00e5nga s\u00e5dant de aldrig skulle medge att de var kapabla till. Civilisationen h\u00e5ller oss i schack i vanliga fall. Men n\u00e4r den inte l\u00e4ngre \u00e4r d\u00e4r, d\u00e5 visar det sig vad som egentligen finns i v\u00e5ra m\u00f6rka hj\u00e4rtan.<\/p>\n<p>S\u00e5dan \u00e4r, som jag ser det, kopplingen ut mellan Conrads roman och den kristna l\u00e4ran om synden. Vi har alla drivkraften inom oss att handla utifr\u00e5n de l\u00e4gsta och mest sj\u00e4lviska motiv. Och vi g\u00f6r det. Vi talar illa bakom ryggen p\u00e5 varandra och skriver kanske anonyma elakheter p\u00e5 n\u00e4tet n\u00e4r ingen kommer p\u00e5 oss. Det kristna svaret p\u00e5 detta \u00e4r att \u00f6va sig i att leva med Jesus som f\u00f6rebild. Misslyckas ofta men inte ge upp eftersom man g\u00f6r det rotad i Guds omsorg om oss, tillit till att Gud inte l\u00e4mnar oss n\u00e4r vi misslyckas. Den som har inre motivation kan faktiskt forts\u00e4tta leva efter sina ideal \u00e4ven n\u00e4r det blir sv\u00e5rare, det \u00e4r bara det att det \u00e4r sv\u00e5rt f\u00f6r n\u00e5gon av oss att veta riktigt hur mycket vi egentligen skulle t\u00e5la innan tillf\u00e4llet f\u00f6rm\u00e5r g\u00f6ra tjuven.<\/p>\n<p>L\u00e4s g\u00e4rna mer om romanen p\u00e5 <a href=\"http:\/\/sv.wikipedia.org\/wiki\/M%C3%B6rkrets_hj%C3%A4rta\">wikipediasidan<\/a> eller i den h\u00e4r <a href=\"http:\/\/www.svd.se\/kultur\/litteratur\/kolonial-grymhet-utan-motstycke_33276.svdSynd\">recensionen<\/a>\u00a0i SvD. Finns mycket att l\u00e4ra sig om den belgiske kung Leopolds skr\u00e4ckv\u00e4lde och annat.<\/p>\n<p>F\u00f6r att s\u00e5 knyta an till \u00e5rstiden s\u00e5 \u00e4r h\u00e4r en v\u00e4lk\u00e4nd b\u00f6n f\u00f6r alla oss som k\u00e4mpar med m\u00f6rkret i v\u00e5ra hj\u00e4rtan.<\/p>\n<blockquote>\n<p>I varje hj\u00e4rta, armt och m\u00f6rkt<br \/>s\u00e4nd du en str\u00e5le blid.<br \/>En str\u00e5le av Guds k\u00e4rleks ljus<br \/>i signad juletid.<\/p>\n<\/blockquote>\n","protected":false},"excerpt":{"rendered":"<p>Mycket kolonialt Jag har nu lyssnat f\u00e4rdigt p\u00e5 ljudboksversionen av &#8221;m\u00f6rkrets hj\u00e4rta&#8221; av Joseph Conrad. Tidigare hade jag st\u00f6tt p\u00e5 handlingen \u00f6verf\u00f6rd till Vietnamkriget i &#8221;Apocalyps now&#8221; som jag tycker \u00e4r riktigt l\u00e4skig. &#8221;M\u00f6rkrets hj\u00e4rta&#8221; \u00e4r ocks\u00e5 ot\u00e4ck, \u00e4ven om den drypande hettan vid Kongofloden k\u00e4nns med avl\u00e4gsen n\u00e4r man vandrar runt i minusgrader och [&hellip;]<\/p>\n","protected":false},"author":392,"featured_media":0,"comment_status":"open","ping_status":"open","sticky":false,"template":"","format":"standard","meta":{"_acf_changed":false,"footnotes":""},"categories":[8253,42374,117,77554],"tags":[],"class_list":["post-809","post","type-post","status-publish","format-standard","hentry","category-bocker","category-boktips","category-teologi","category-vara-manniska"],"acf":[],"yoast_head":"<!-- This site is optimized with the Yoast SEO plugin v27.1.1 - https:\/\/yoast.com\/product\/yoast-seo-wordpress\/ -->\n<title>Joseph Conrad och m\u00f6rkrets hj\u00e4rta (och jul) - Vandra V\u00e4gen<\/title>\n<meta name=\"robots\" content=\"index, follow, max-snippet:-1, max-image-preview:large, max-video-preview:-1\" \/>\n<link rel=\"canonical\" href=\"https:\/\/blogg.svenskakyrkan.se\/vandravagen\/2012\/12\/18\/joseph-conrad-och-morkrets-hjarta-och-jul\/\" \/>\n<meta property=\"og:locale\" content=\"sv_SE\" \/>\n<meta property=\"og:type\" content=\"article\" \/>\n<meta property=\"og:title\" content=\"Joseph Conrad och m\u00f6rkrets hj\u00e4rta (och jul) - Vandra V\u00e4gen\" \/>\n<meta property=\"og:description\" content=\"Mycket kolonialt Jag har nu lyssnat f\u00e4rdigt p\u00e5 ljudboksversionen av &#8221;m\u00f6rkrets hj\u00e4rta&#8221; av Joseph Conrad. Tidigare hade jag st\u00f6tt p\u00e5 handlingen \u00f6verf\u00f6rd till Vietnamkriget i &#8221;Apocalyps now&#8221; som jag tycker \u00e4r riktigt l\u00e4skig. &#8221;M\u00f6rkrets hj\u00e4rta&#8221; \u00e4r ocks\u00e5 ot\u00e4ck, \u00e4ven om den drypande hettan vid Kongofloden k\u00e4nns med avl\u00e4gsen n\u00e4r man vandrar runt i minusgrader och [&hellip;]\" \/>\n<meta property=\"og:url\" content=\"https:\/\/blogg.svenskakyrkan.se\/vandravagen\/2012\/12\/18\/joseph-conrad-och-morkrets-hjarta-och-jul\/\" \/>\n<meta property=\"og:site_name\" content=\"Vandra V\u00e4gen\" \/>\n<meta property=\"article:publisher\" content=\"http:\/\/facebook.com\/vandravagen\" \/>\n<meta property=\"article:published_time\" content=\"2012-12-18T09:13:00+00:00\" \/>\n<meta property=\"og:image\" content=\"http:\/\/1.bp.blogspot.com\/-VdTcnGk5E1c\/UM-BnmmW_LI\/AAAAAAAABaE\/o2qo_pzp8UI\/s400\/4a03068r.jpg\" \/>\n<meta name=\"author\" content=\"Tomas Jarvid\" \/>\n<meta name=\"twitter:card\" content=\"summary_large_image\" \/>\n<meta name=\"twitter:creator\" content=\"@fadertomas\" \/>\n<meta name=\"twitter:site\" content=\"@fadertomas\" \/>\n<meta name=\"twitter:label1\" content=\"Skriven av\" \/>\n\t<meta name=\"twitter:data1\" content=\"Tomas Jarvid\" \/>\n\t<meta name=\"twitter:label2\" content=\"Ber\u00e4knad l\u00e4stid\" \/>\n\t<meta name=\"twitter:data2\" content=\"3 minuter\" \/>\n<script type=\"application\/ld+json\" class=\"yoast-schema-graph\">{\"@context\":\"https:\/\/schema.org\",\"@graph\":[{\"@type\":\"Article\",\"@id\":\"https:\/\/blogg.svenskakyrkan.se\/vandravagen\/2012\/12\/18\/joseph-conrad-och-morkrets-hjarta-och-jul\/#article\",\"isPartOf\":{\"@id\":\"https:\/\/blogg.svenskakyrkan.se\/vandravagen\/2012\/12\/18\/joseph-conrad-och-morkrets-hjarta-och-jul\/\"},\"author\":{\"name\":\"Tomas Jarvid\",\"@id\":\"https:\/\/blogg.svenskakyrkan.se\/vandravagen\/#\/schema\/person\/25da02d4f76b137d04291711e2c9fc16\"},\"headline\":\"Joseph Conrad och m\u00f6rkrets hj\u00e4rta (och jul)\",\"datePublished\":\"2012-12-18T09:13:00+00:00\",\"mainEntityOfPage\":{\"@id\":\"https:\/\/blogg.svenskakyrkan.se\/vandravagen\/2012\/12\/18\/joseph-conrad-och-morkrets-hjarta-och-jul\/\"},\"wordCount\":706,\"commentCount\":1,\"publisher\":{\"@id\":\"https:\/\/blogg.svenskakyrkan.se\/vandravagen\/#organization\"},\"image\":{\"@id\":\"https:\/\/blogg.svenskakyrkan.se\/vandravagen\/2012\/12\/18\/joseph-conrad-och-morkrets-hjarta-och-jul\/#primaryimage\"},\"thumbnailUrl\":\"http:\/\/1.bp.blogspot.com\/-VdTcnGk5E1c\/UM-BnmmW_LI\/AAAAAAAABaE\/o2qo_pzp8UI\/s400\/4a03068r.jpg\",\"articleSection\":[\"b\u00f6cker\",\"boktips\",\"Teologi\",\"vara m\u00e4nniska\"],\"inLanguage\":\"sv-SE\",\"potentialAction\":[{\"@type\":\"CommentAction\",\"name\":\"Comment\",\"target\":[\"https:\/\/blogg.svenskakyrkan.se\/vandravagen\/2012\/12\/18\/joseph-conrad-och-morkrets-hjarta-och-jul\/#respond\"]}]},{\"@type\":\"WebPage\",\"@id\":\"https:\/\/blogg.svenskakyrkan.se\/vandravagen\/2012\/12\/18\/joseph-conrad-och-morkrets-hjarta-och-jul\/\",\"url\":\"https:\/\/blogg.svenskakyrkan.se\/vandravagen\/2012\/12\/18\/joseph-conrad-och-morkrets-hjarta-och-jul\/\",\"name\":\"Joseph Conrad och m\u00f6rkrets hj\u00e4rta (och jul) - Vandra V\u00e4gen\",\"isPartOf\":{\"@id\":\"https:\/\/blogg.svenskakyrkan.se\/vandravagen\/#website\"},\"primaryImageOfPage\":{\"@id\":\"https:\/\/blogg.svenskakyrkan.se\/vandravagen\/2012\/12\/18\/joseph-conrad-och-morkrets-hjarta-och-jul\/#primaryimage\"},\"image\":{\"@id\":\"https:\/\/blogg.svenskakyrkan.se\/vandravagen\/2012\/12\/18\/joseph-conrad-och-morkrets-hjarta-och-jul\/#primaryimage\"},\"thumbnailUrl\":\"http:\/\/1.bp.blogspot.com\/-VdTcnGk5E1c\/UM-BnmmW_LI\/AAAAAAAABaE\/o2qo_pzp8UI\/s400\/4a03068r.jpg\",\"datePublished\":\"2012-12-18T09:13:00+00:00\",\"breadcrumb\":{\"@id\":\"https:\/\/blogg.svenskakyrkan.se\/vandravagen\/2012\/12\/18\/joseph-conrad-och-morkrets-hjarta-och-jul\/#breadcrumb\"},\"inLanguage\":\"sv-SE\",\"potentialAction\":[{\"@type\":\"ReadAction\",\"target\":[\"https:\/\/blogg.svenskakyrkan.se\/vandravagen\/2012\/12\/18\/joseph-conrad-och-morkrets-hjarta-och-jul\/\"]}]},{\"@type\":\"ImageObject\",\"inLanguage\":\"sv-SE\",\"@id\":\"https:\/\/blogg.svenskakyrkan.se\/vandravagen\/2012\/12\/18\/joseph-conrad-och-morkrets-hjarta-och-jul\/#primaryimage\",\"url\":\"http:\/\/1.bp.blogspot.com\/-VdTcnGk5E1c\/UM-BnmmW_LI\/AAAAAAAABaE\/o2qo_pzp8UI\/s400\/4a03068r.jpg\",\"contentUrl\":\"http:\/\/1.bp.blogspot.com\/-VdTcnGk5E1c\/UM-BnmmW_LI\/AAAAAAAABaE\/o2qo_pzp8UI\/s400\/4a03068r.jpg\"},{\"@type\":\"BreadcrumbList\",\"@id\":\"https:\/\/blogg.svenskakyrkan.se\/vandravagen\/2012\/12\/18\/joseph-conrad-och-morkrets-hjarta-och-jul\/#breadcrumb\",\"itemListElement\":[{\"@type\":\"ListItem\",\"position\":1,\"name\":\"Hem\",\"item\":\"https:\/\/blogg.svenskakyrkan.se\/vandravagen\/\"},{\"@type\":\"ListItem\",\"position\":2,\"name\":\"Joseph Conrad och m\u00f6rkrets hj\u00e4rta (och jul)\"}]},{\"@type\":\"WebSite\",\"@id\":\"https:\/\/blogg.svenskakyrkan.se\/vandravagen\/#website\",\"url\":\"https:\/\/blogg.svenskakyrkan.se\/vandravagen\/\",\"name\":\"Vandra V\u00e4gen\",\"description\":\"-Mot en tro f\u00f6r hela livet\",\"publisher\":{\"@id\":\"https:\/\/blogg.svenskakyrkan.se\/vandravagen\/#organization\"},\"potentialAction\":[{\"@type\":\"SearchAction\",\"target\":{\"@type\":\"EntryPoint\",\"urlTemplate\":\"https:\/\/blogg.svenskakyrkan.se\/vandravagen\/?s={search_term_string}\"},\"query-input\":{\"@type\":\"PropertyValueSpecification\",\"valueRequired\":true,\"valueName\":\"search_term_string\"}}],\"inLanguage\":\"sv-SE\"},{\"@type\":\"Organization\",\"@id\":\"https:\/\/blogg.svenskakyrkan.se\/vandravagen\/#organization\",\"name\":\"ulricehamns pastorat\",\"alternateName\":\"ulricehamns pastorat\",\"url\":\"https:\/\/blogg.svenskakyrkan.se\/vandravagen\/\",\"logo\":{\"@type\":\"ImageObject\",\"inLanguage\":\"sv-SE\",\"@id\":\"https:\/\/blogg.svenskakyrkan.se\/vandravagen\/#\/schema\/logo\/image\/\",\"url\":\"https:\/\/blogg.svenskakyrkan.se\/vandravagen\/files\/2023\/05\/Ulr_logo_RGB.png\",\"contentUrl\":\"https:\/\/blogg.svenskakyrkan.se\/vandravagen\/files\/2023\/05\/Ulr_logo_RGB.png\",\"width\":205,\"height\":77,\"caption\":\"ulricehamns pastorat\"},\"image\":{\"@id\":\"https:\/\/blogg.svenskakyrkan.se\/vandravagen\/#\/schema\/logo\/image\/\"},\"sameAs\":[\"http:\/\/facebook.com\/vandravagen\",\"https:\/\/x.com\/fadertomas\",\"http:\/\/www.facebook.com\/svenskakyrkaniulricehamn\"]},{\"@type\":\"Person\",\"@id\":\"https:\/\/blogg.svenskakyrkan.se\/vandravagen\/#\/schema\/person\/25da02d4f76b137d04291711e2c9fc16\",\"name\":\"Tomas Jarvid\",\"image\":{\"@type\":\"ImageObject\",\"inLanguage\":\"sv-SE\",\"@id\":\"https:\/\/blogg.svenskakyrkan.se\/vandravagen\/#\/schema\/person\/image\/\",\"url\":\"https:\/\/secure.gravatar.com\/avatar\/7fa71899795e8f540f615a1f5ab25255dc27aa40f05ee7ddd21aac521e01bf50?s=96&d=identicon&r=g\",\"contentUrl\":\"https:\/\/secure.gravatar.com\/avatar\/7fa71899795e8f540f615a1f5ab25255dc27aa40f05ee7ddd21aac521e01bf50?s=96&d=identicon&r=g\",\"caption\":\"Tomas Jarvid\"},\"description\":\"Jag bor i Ulricehamn i V\u00e4sterg\u00f6tland och \u00e4r f\u00f6rsamlingspr\u00e4st i Svenska Kyrkan f\u00f6r Dalstorps f\u00f6rsamling i Kinds pastorat. P\u00e5 den h\u00e4r bloggen skriver jag ner tankar om vandringen som kristen.\",\"sameAs\":[\"http:\/\/www.vandravagen.se\"],\"url\":\"https:\/\/blogg.svenskakyrkan.se\/vandravagen\/author\/vandravagen\/\"}]}<\/script>\n<!-- \/ Yoast SEO plugin. -->","yoast_head_json":{"title":"Joseph Conrad och m\u00f6rkrets hj\u00e4rta (och jul) - Vandra V\u00e4gen","robots":{"index":"index","follow":"follow","max-snippet":"max-snippet:-1","max-image-preview":"max-image-preview:large","max-video-preview":"max-video-preview:-1"},"canonical":"https:\/\/blogg.svenskakyrkan.se\/vandravagen\/2012\/12\/18\/joseph-conrad-och-morkrets-hjarta-och-jul\/","og_locale":"sv_SE","og_type":"article","og_title":"Joseph Conrad och m\u00f6rkrets hj\u00e4rta (och jul) - Vandra V\u00e4gen","og_description":"Mycket kolonialt Jag har nu lyssnat f\u00e4rdigt p\u00e5 ljudboksversionen av &#8221;m\u00f6rkrets hj\u00e4rta&#8221; av Joseph Conrad. Tidigare hade jag st\u00f6tt p\u00e5 handlingen \u00f6verf\u00f6rd till Vietnamkriget i &#8221;Apocalyps now&#8221; som jag tycker \u00e4r riktigt l\u00e4skig. &#8221;M\u00f6rkrets hj\u00e4rta&#8221; \u00e4r ocks\u00e5 ot\u00e4ck, \u00e4ven om den drypande hettan vid Kongofloden k\u00e4nns med avl\u00e4gsen n\u00e4r man vandrar runt i minusgrader och [&hellip;]","og_url":"https:\/\/blogg.svenskakyrkan.se\/vandravagen\/2012\/12\/18\/joseph-conrad-och-morkrets-hjarta-och-jul\/","og_site_name":"Vandra V\u00e4gen","article_publisher":"http:\/\/facebook.com\/vandravagen","article_published_time":"2012-12-18T09:13:00+00:00","og_image":[{"url":"http:\/\/1.bp.blogspot.com\/-VdTcnGk5E1c\/UM-BnmmW_LI\/AAAAAAAABaE\/o2qo_pzp8UI\/s400\/4a03068r.jpg","type":"","width":"","height":""}],"author":"Tomas Jarvid","twitter_card":"summary_large_image","twitter_creator":"@fadertomas","twitter_site":"@fadertomas","twitter_misc":{"Skriven av":"Tomas Jarvid","Ber\u00e4knad l\u00e4stid":"3 minuter"},"schema":{"@context":"https:\/\/schema.org","@graph":[{"@type":"Article","@id":"https:\/\/blogg.svenskakyrkan.se\/vandravagen\/2012\/12\/18\/joseph-conrad-och-morkrets-hjarta-och-jul\/#article","isPartOf":{"@id":"https:\/\/blogg.svenskakyrkan.se\/vandravagen\/2012\/12\/18\/joseph-conrad-och-morkrets-hjarta-och-jul\/"},"author":{"name":"Tomas Jarvid","@id":"https:\/\/blogg.svenskakyrkan.se\/vandravagen\/#\/schema\/person\/25da02d4f76b137d04291711e2c9fc16"},"headline":"Joseph Conrad och m\u00f6rkrets hj\u00e4rta (och jul)","datePublished":"2012-12-18T09:13:00+00:00","mainEntityOfPage":{"@id":"https:\/\/blogg.svenskakyrkan.se\/vandravagen\/2012\/12\/18\/joseph-conrad-och-morkrets-hjarta-och-jul\/"},"wordCount":706,"commentCount":1,"publisher":{"@id":"https:\/\/blogg.svenskakyrkan.se\/vandravagen\/#organization"},"image":{"@id":"https:\/\/blogg.svenskakyrkan.se\/vandravagen\/2012\/12\/18\/joseph-conrad-och-morkrets-hjarta-och-jul\/#primaryimage"},"thumbnailUrl":"http:\/\/1.bp.blogspot.com\/-VdTcnGk5E1c\/UM-BnmmW_LI\/AAAAAAAABaE\/o2qo_pzp8UI\/s400\/4a03068r.jpg","articleSection":["b\u00f6cker","boktips","Teologi","vara m\u00e4nniska"],"inLanguage":"sv-SE","potentialAction":[{"@type":"CommentAction","name":"Comment","target":["https:\/\/blogg.svenskakyrkan.se\/vandravagen\/2012\/12\/18\/joseph-conrad-och-morkrets-hjarta-och-jul\/#respond"]}]},{"@type":"WebPage","@id":"https:\/\/blogg.svenskakyrkan.se\/vandravagen\/2012\/12\/18\/joseph-conrad-och-morkrets-hjarta-och-jul\/","url":"https:\/\/blogg.svenskakyrkan.se\/vandravagen\/2012\/12\/18\/joseph-conrad-och-morkrets-hjarta-och-jul\/","name":"Joseph Conrad och m\u00f6rkrets hj\u00e4rta (och jul) - Vandra V\u00e4gen","isPartOf":{"@id":"https:\/\/blogg.svenskakyrkan.se\/vandravagen\/#website"},"primaryImageOfPage":{"@id":"https:\/\/blogg.svenskakyrkan.se\/vandravagen\/2012\/12\/18\/joseph-conrad-och-morkrets-hjarta-och-jul\/#primaryimage"},"image":{"@id":"https:\/\/blogg.svenskakyrkan.se\/vandravagen\/2012\/12\/18\/joseph-conrad-och-morkrets-hjarta-och-jul\/#primaryimage"},"thumbnailUrl":"http:\/\/1.bp.blogspot.com\/-VdTcnGk5E1c\/UM-BnmmW_LI\/AAAAAAAABaE\/o2qo_pzp8UI\/s400\/4a03068r.jpg","datePublished":"2012-12-18T09:13:00+00:00","breadcrumb":{"@id":"https:\/\/blogg.svenskakyrkan.se\/vandravagen\/2012\/12\/18\/joseph-conrad-och-morkrets-hjarta-och-jul\/#breadcrumb"},"inLanguage":"sv-SE","potentialAction":[{"@type":"ReadAction","target":["https:\/\/blogg.svenskakyrkan.se\/vandravagen\/2012\/12\/18\/joseph-conrad-och-morkrets-hjarta-och-jul\/"]}]},{"@type":"ImageObject","inLanguage":"sv-SE","@id":"https:\/\/blogg.svenskakyrkan.se\/vandravagen\/2012\/12\/18\/joseph-conrad-och-morkrets-hjarta-och-jul\/#primaryimage","url":"http:\/\/1.bp.blogspot.com\/-VdTcnGk5E1c\/UM-BnmmW_LI\/AAAAAAAABaE\/o2qo_pzp8UI\/s400\/4a03068r.jpg","contentUrl":"http:\/\/1.bp.blogspot.com\/-VdTcnGk5E1c\/UM-BnmmW_LI\/AAAAAAAABaE\/o2qo_pzp8UI\/s400\/4a03068r.jpg"},{"@type":"BreadcrumbList","@id":"https:\/\/blogg.svenskakyrkan.se\/vandravagen\/2012\/12\/18\/joseph-conrad-och-morkrets-hjarta-och-jul\/#breadcrumb","itemListElement":[{"@type":"ListItem","position":1,"name":"Hem","item":"https:\/\/blogg.svenskakyrkan.se\/vandravagen\/"},{"@type":"ListItem","position":2,"name":"Joseph Conrad och m\u00f6rkrets hj\u00e4rta (och jul)"}]},{"@type":"WebSite","@id":"https:\/\/blogg.svenskakyrkan.se\/vandravagen\/#website","url":"https:\/\/blogg.svenskakyrkan.se\/vandravagen\/","name":"Vandra V\u00e4gen","description":"-Mot en tro f\u00f6r hela livet","publisher":{"@id":"https:\/\/blogg.svenskakyrkan.se\/vandravagen\/#organization"},"potentialAction":[{"@type":"SearchAction","target":{"@type":"EntryPoint","urlTemplate":"https:\/\/blogg.svenskakyrkan.se\/vandravagen\/?s={search_term_string}"},"query-input":{"@type":"PropertyValueSpecification","valueRequired":true,"valueName":"search_term_string"}}],"inLanguage":"sv-SE"},{"@type":"Organization","@id":"https:\/\/blogg.svenskakyrkan.se\/vandravagen\/#organization","name":"ulricehamns pastorat","alternateName":"ulricehamns pastorat","url":"https:\/\/blogg.svenskakyrkan.se\/vandravagen\/","logo":{"@type":"ImageObject","inLanguage":"sv-SE","@id":"https:\/\/blogg.svenskakyrkan.se\/vandravagen\/#\/schema\/logo\/image\/","url":"https:\/\/blogg.svenskakyrkan.se\/vandravagen\/files\/2023\/05\/Ulr_logo_RGB.png","contentUrl":"https:\/\/blogg.svenskakyrkan.se\/vandravagen\/files\/2023\/05\/Ulr_logo_RGB.png","width":205,"height":77,"caption":"ulricehamns pastorat"},"image":{"@id":"https:\/\/blogg.svenskakyrkan.se\/vandravagen\/#\/schema\/logo\/image\/"},"sameAs":["http:\/\/facebook.com\/vandravagen","https:\/\/x.com\/fadertomas","http:\/\/www.facebook.com\/svenskakyrkaniulricehamn"]},{"@type":"Person","@id":"https:\/\/blogg.svenskakyrkan.se\/vandravagen\/#\/schema\/person\/25da02d4f76b137d04291711e2c9fc16","name":"Tomas Jarvid","image":{"@type":"ImageObject","inLanguage":"sv-SE","@id":"https:\/\/blogg.svenskakyrkan.se\/vandravagen\/#\/schema\/person\/image\/","url":"https:\/\/secure.gravatar.com\/avatar\/7fa71899795e8f540f615a1f5ab25255dc27aa40f05ee7ddd21aac521e01bf50?s=96&d=identicon&r=g","contentUrl":"https:\/\/secure.gravatar.com\/avatar\/7fa71899795e8f540f615a1f5ab25255dc27aa40f05ee7ddd21aac521e01bf50?s=96&d=identicon&r=g","caption":"Tomas Jarvid"},"description":"Jag bor i Ulricehamn i V\u00e4sterg\u00f6tland och \u00e4r f\u00f6rsamlingspr\u00e4st i Svenska Kyrkan f\u00f6r Dalstorps f\u00f6rsamling i Kinds pastorat. P\u00e5 den h\u00e4r bloggen skriver jag ner tankar om vandringen som kristen.","sameAs":["http:\/\/www.vandravagen.se"],"url":"https:\/\/blogg.svenskakyrkan.se\/vandravagen\/author\/vandravagen\/"}]}},"author_meta":{"ID":"392","user_nicename":"vandravagen","user_url":"http:\/\/www.vandravagen.se","user_registered":"2014-05-19 05:44:52","display_name":"Tomas Jarvid","first_name":"Tomas","last_name":"Jarvid","avatar":"https:\/\/secure.gravatar.com\/avatar\/7fa71899795e8f540f615a1f5ab25255dc27aa40f05ee7ddd21aac521e01bf50?s=96&d=identicon&r=g"},"featured_image":false,"bloginfo":{"name":"Vandra V\u00e4gen","url":"https:\/\/blogg.svenskakyrkan.se\/vandravagen"},"_links":{"self":[{"href":"https:\/\/blogg.svenskakyrkan.se\/vandravagen\/wp-json\/wp\/v2\/posts\/809","targetHints":{"allow":["GET"]}}],"collection":[{"href":"https:\/\/blogg.svenskakyrkan.se\/vandravagen\/wp-json\/wp\/v2\/posts"}],"about":[{"href":"https:\/\/blogg.svenskakyrkan.se\/vandravagen\/wp-json\/wp\/v2\/types\/post"}],"author":[{"embeddable":true,"href":"https:\/\/blogg.svenskakyrkan.se\/vandravagen\/wp-json\/wp\/v2\/users\/392"}],"replies":[{"embeddable":true,"href":"https:\/\/blogg.svenskakyrkan.se\/vandravagen\/wp-json\/wp\/v2\/comments?post=809"}],"version-history":[{"count":0,"href":"https:\/\/blogg.svenskakyrkan.se\/vandravagen\/wp-json\/wp\/v2\/posts\/809\/revisions"}],"wp:attachment":[{"href":"https:\/\/blogg.svenskakyrkan.se\/vandravagen\/wp-json\/wp\/v2\/media?parent=809"}],"wp:term":[{"taxonomy":"category","embeddable":true,"href":"https:\/\/blogg.svenskakyrkan.se\/vandravagen\/wp-json\/wp\/v2\/categories?post=809"},{"taxonomy":"post_tag","embeddable":true,"href":"https:\/\/blogg.svenskakyrkan.se\/vandravagen\/wp-json\/wp\/v2\/tags?post=809"}],"curies":[{"name":"wp","href":"https:\/\/api.w.org\/{rel}","templated":true}]}}