{"id":8094,"date":"2020-09-13T07:00:10","date_gmt":"2020-09-13T05:00:10","guid":{"rendered":"http:\/\/blogg.svenskakyrkan.se\/vandravagen\/?p=8094"},"modified":"2020-09-12T21:05:57","modified_gmt":"2020-09-12T19:05:57","slug":"9-blandade-tankar-pa-sondagen-115","status":"publish","type":"post","link":"https:\/\/blogg.svenskakyrkan.se\/vandravagen\/2020\/09\/13\/9-blandade-tankar-pa-sondagen-115\/","title":{"rendered":"9 blandade tankar p\u00e5 s\u00f6ndagen"},"content":{"rendered":"\n\n\n<figure class=\"wp-block-image size-large\"><img loading=\"lazy\" decoding=\"async\" width=\"1024\" height=\"1365\" src=\"https:\/\/blogg.svenskakyrkan.se\/vandravagen\/files\/2020\/09\/b\u00e4r-1024x1365.jpg\" alt=\"\" class=\"wp-image-8096\" srcset=\"https:\/\/blogg.svenskakyrkan.se\/vandravagen\/files\/2020\/09\/b\u00e4r-1024x1365.jpg 1024w, https:\/\/blogg.svenskakyrkan.se\/vandravagen\/files\/2020\/09\/b\u00e4r-300x400.jpg 300w, https:\/\/blogg.svenskakyrkan.se\/vandravagen\/files\/2020\/09\/b\u00e4r-768x1024.jpg 768w, https:\/\/blogg.svenskakyrkan.se\/vandravagen\/files\/2020\/09\/b\u00e4r-1152x1536.jpg 1152w, https:\/\/blogg.svenskakyrkan.se\/vandravagen\/files\/2020\/09\/b\u00e4r-1200x1600.jpg 1200w, https:\/\/blogg.svenskakyrkan.se\/vandravagen\/files\/2020\/09\/b\u00e4r-rotated.jpg 1512w\" sizes=\"auto, (max-width: 1024px) 100vw, 1024px\" \/><figcaption>Ok\u00e4nt b\u00e4r i Kinnared, H\u00f6ssna. Tar g\u00e4rna emot ett namn till det om du vet?<\/figcaption><\/figure>\n\n\n\n<p>1. Glad s\u00f6ndag k\u00e4ra l\u00e4sare!<\/p>\n\n\n\n<p>2. Idag leder jag inga gudstj\u00e4nster. D\u00e4remot kan det mycket v\u00e4l h\u00e4nda att jag f\u00e5r sitta i b\u00e4nken. Det \u00e4r ocks\u00e5 fint. <\/p>\n\n\n\n<p>3. Detta \u00e4r enhetens s\u00f6ndag p\u00e5 kyrko\u00e5ret. Jag \u00e4r glad att f\u00e5 h\u00f6ra samman med alla m\u00f6jliga trossyskon fr\u00e5n olika kyrkor och samfund i Sverige och i v\u00e4rlden. Och \u00f6nskar leva i fred med alla andra f\u00f6r den delen.<\/p>\n\n\n\n<p>4. Jag sprang ig\u00e5r. Det gick bara bra men sedan m\u00e5dde jag r\u00e4tt kass efter det, har vi n\u00e5gon sj\u00e4lvl\u00e4rd springexpert som har kommentarer p\u00e5 det?<\/p>\n\n\n\n<p>5. Ig\u00e5r var ocks\u00e5 vandringens dag och vi fick faktiskt i alla enkelhet till en liten kv\u00e4llsvandring med alla barnen. Vandring \u00e4r ju v\u00e4rt att fira!<\/p>\n\n\n\n<p>6. Jag \u00e4r en v\u00e4ldigt jobbig m\u00e4nniska n\u00e4r det kommer till att samla p\u00e5 h\u00f6g b\u00f6cker och ljudb\u00f6cker och poddar att lyssna p\u00e5. Det blir s\u00e5 v\u00e4ldigt mycket tunga grejer att v\u00e4lja mellan.<\/p>\n\n\n\n<p>7. Jag hittade b\u00e4ret p\u00e5 bilden n\u00e4r vi var och tog upp (v\u00e4ldigt f\u00e5) kr\u00e4ftor i H\u00f6ssna h\u00e4romdagen. N\u00e5n som vet vad det \u00e4r?<\/p>\n\n\n\n<p>8. L\u00e4ser b\u00f6ckerna om lilla huset p\u00e5 pr\u00e4rien f\u00f6r barnen. Det \u00e4r v\u00e4ldigt fascinerande p\u00e5 s\u00e5 m\u00e5nga s\u00e4tt. Aldrig sett tv-serien s\u00e5 det \u00e4r nytt f\u00f6r mig. Vad har du f\u00f6r relation till detta?<\/p>\n\n\n\n<p>9. Vad g\u00f6r du idag? Skriv en rad och ber\u00e4tta!<\/p>\n","protected":false},"excerpt":{"rendered":"<p>1. Glad s\u00f6ndag k\u00e4ra l\u00e4sare! 2. Idag leder jag inga gudstj\u00e4nster. D\u00e4remot kan det mycket v\u00e4l h\u00e4nda att jag f\u00e5r sitta i b\u00e4nken. Det \u00e4r ocks\u00e5 fint. 3. Detta \u00e4r enhetens s\u00f6ndag p\u00e5 kyrko\u00e5ret. Jag \u00e4r glad att f\u00e5 h\u00f6ra samman med alla m\u00f6jliga trossyskon fr\u00e5n olika kyrkor och samfund i Sverige och i v\u00e4rlden. [&hellip;]<\/p>\n","protected":false},"author":392,"featured_media":8096,"comment_status":"open","ping_status":"open","sticky":false,"template":"","format":"standard","meta":{"_acf_changed":false,"footnotes":""},"categories":[76766],"tags":[],"class_list":["post-8094","post","type-post","status-publish","format-standard","has-post-thumbnail","hentry","category-blandat"],"acf":[],"yoast_head":"<!-- This site is optimized with the Yoast SEO plugin v27.1.1 - https:\/\/yoast.com\/product\/yoast-seo-wordpress\/ -->\n<title>9 blandade tankar p\u00e5 s\u00f6ndagen - Vandra V\u00e4gen<\/title>\n<meta name=\"robots\" content=\"index, follow, max-snippet:-1, max-image-preview:large, max-video-preview:-1\" \/>\n<link rel=\"canonical\" href=\"https:\/\/blogg.svenskakyrkan.se\/vandravagen\/2020\/09\/13\/9-blandade-tankar-pa-sondagen-115\/\" \/>\n<meta property=\"og:locale\" content=\"sv_SE\" \/>\n<meta property=\"og:type\" content=\"article\" \/>\n<meta property=\"og:title\" content=\"9 blandade tankar p\u00e5 s\u00f6ndagen - Vandra V\u00e4gen\" \/>\n<meta property=\"og:description\" content=\"1. Glad s\u00f6ndag k\u00e4ra l\u00e4sare! 2. Idag leder jag inga gudstj\u00e4nster. D\u00e4remot kan det mycket v\u00e4l h\u00e4nda att jag f\u00e5r sitta i b\u00e4nken. Det \u00e4r ocks\u00e5 fint. 3. Detta \u00e4r enhetens s\u00f6ndag p\u00e5 kyrko\u00e5ret. Jag \u00e4r glad att f\u00e5 h\u00f6ra samman med alla m\u00f6jliga trossyskon fr\u00e5n olika kyrkor och samfund i Sverige och i v\u00e4rlden. [&hellip;]\" \/>\n<meta property=\"og:url\" content=\"https:\/\/blogg.svenskakyrkan.se\/vandravagen\/2020\/09\/13\/9-blandade-tankar-pa-sondagen-115\/\" \/>\n<meta property=\"og:site_name\" content=\"Vandra V\u00e4gen\" \/>\n<meta property=\"article:publisher\" content=\"http:\/\/facebook.com\/vandravagen\" \/>\n<meta property=\"article:published_time\" content=\"2020-09-13T05:00:10+00:00\" \/>\n<meta property=\"og:image\" content=\"https:\/\/blogg.svenskakyrkan.se\/vandravagen\/files\/2020\/09\/b\u00e4r-rotated.jpg\" \/>\n\t<meta property=\"og:image:width\" content=\"1512\" \/>\n\t<meta property=\"og:image:height\" content=\"2016\" \/>\n\t<meta property=\"og:image:type\" content=\"image\/jpeg\" \/>\n<meta name=\"author\" content=\"Tomas Jarvid\" \/>\n<meta name=\"twitter:card\" content=\"summary_large_image\" \/>\n<meta name=\"twitter:creator\" content=\"@fadertomas\" \/>\n<meta name=\"twitter:site\" content=\"@fadertomas\" \/>\n<meta name=\"twitter:label1\" content=\"Skriven av\" \/>\n\t<meta name=\"twitter:data1\" content=\"Tomas Jarvid\" \/>\n\t<meta name=\"twitter:label2\" content=\"Ber\u00e4knad l\u00e4stid\" \/>\n\t<meta name=\"twitter:data2\" content=\"1 minut\" \/>\n<script type=\"application\/ld+json\" class=\"yoast-schema-graph\">{\"@context\":\"https:\/\/schema.org\",\"@graph\":[{\"@type\":\"Article\",\"@id\":\"https:\/\/blogg.svenskakyrkan.se\/vandravagen\/2020\/09\/13\/9-blandade-tankar-pa-sondagen-115\/#article\",\"isPartOf\":{\"@id\":\"https:\/\/blogg.svenskakyrkan.se\/vandravagen\/2020\/09\/13\/9-blandade-tankar-pa-sondagen-115\/\"},\"author\":{\"name\":\"Tomas Jarvid\",\"@id\":\"https:\/\/blogg.svenskakyrkan.se\/vandravagen\/#\/schema\/person\/25da02d4f76b137d04291711e2c9fc16\"},\"headline\":\"9 blandade tankar p\u00e5 s\u00f6ndagen\",\"datePublished\":\"2020-09-13T05:00:10+00:00\",\"mainEntityOfPage\":{\"@id\":\"https:\/\/blogg.svenskakyrkan.se\/vandravagen\/2020\/09\/13\/9-blandade-tankar-pa-sondagen-115\/\"},\"wordCount\":285,\"commentCount\":2,\"publisher\":{\"@id\":\"https:\/\/blogg.svenskakyrkan.se\/vandravagen\/#organization\"},\"image\":{\"@id\":\"https:\/\/blogg.svenskakyrkan.se\/vandravagen\/2020\/09\/13\/9-blandade-tankar-pa-sondagen-115\/#primaryimage\"},\"thumbnailUrl\":\"https:\/\/blogg.svenskakyrkan.se\/vandravagen\/files\/2020\/09\/b\u00e4r-rotated.jpg\",\"articleSection\":[\"blandat\"],\"inLanguage\":\"sv-SE\",\"potentialAction\":[{\"@type\":\"CommentAction\",\"name\":\"Comment\",\"target\":[\"https:\/\/blogg.svenskakyrkan.se\/vandravagen\/2020\/09\/13\/9-blandade-tankar-pa-sondagen-115\/#respond\"]}]},{\"@type\":\"WebPage\",\"@id\":\"https:\/\/blogg.svenskakyrkan.se\/vandravagen\/2020\/09\/13\/9-blandade-tankar-pa-sondagen-115\/\",\"url\":\"https:\/\/blogg.svenskakyrkan.se\/vandravagen\/2020\/09\/13\/9-blandade-tankar-pa-sondagen-115\/\",\"name\":\"9 blandade tankar p\u00e5 s\u00f6ndagen - Vandra V\u00e4gen\",\"isPartOf\":{\"@id\":\"https:\/\/blogg.svenskakyrkan.se\/vandravagen\/#website\"},\"primaryImageOfPage\":{\"@id\":\"https:\/\/blogg.svenskakyrkan.se\/vandravagen\/2020\/09\/13\/9-blandade-tankar-pa-sondagen-115\/#primaryimage\"},\"image\":{\"@id\":\"https:\/\/blogg.svenskakyrkan.se\/vandravagen\/2020\/09\/13\/9-blandade-tankar-pa-sondagen-115\/#primaryimage\"},\"thumbnailUrl\":\"https:\/\/blogg.svenskakyrkan.se\/vandravagen\/files\/2020\/09\/b\u00e4r-rotated.jpg\",\"datePublished\":\"2020-09-13T05:00:10+00:00\",\"breadcrumb\":{\"@id\":\"https:\/\/blogg.svenskakyrkan.se\/vandravagen\/2020\/09\/13\/9-blandade-tankar-pa-sondagen-115\/#breadcrumb\"},\"inLanguage\":\"sv-SE\",\"potentialAction\":[{\"@type\":\"ReadAction\",\"target\":[\"https:\/\/blogg.svenskakyrkan.se\/vandravagen\/2020\/09\/13\/9-blandade-tankar-pa-sondagen-115\/\"]}]},{\"@type\":\"ImageObject\",\"inLanguage\":\"sv-SE\",\"@id\":\"https:\/\/blogg.svenskakyrkan.se\/vandravagen\/2020\/09\/13\/9-blandade-tankar-pa-sondagen-115\/#primaryimage\",\"url\":\"https:\/\/blogg.svenskakyrkan.se\/vandravagen\/files\/2020\/09\/b\u00e4r-rotated.jpg\",\"contentUrl\":\"https:\/\/blogg.svenskakyrkan.se\/vandravagen\/files\/2020\/09\/b\u00e4r-rotated.jpg\",\"width\":1512,\"height\":2016},{\"@type\":\"BreadcrumbList\",\"@id\":\"https:\/\/blogg.svenskakyrkan.se\/vandravagen\/2020\/09\/13\/9-blandade-tankar-pa-sondagen-115\/#breadcrumb\",\"itemListElement\":[{\"@type\":\"ListItem\",\"position\":1,\"name\":\"Hem\",\"item\":\"https:\/\/blogg.svenskakyrkan.se\/vandravagen\/\"},{\"@type\":\"ListItem\",\"position\":2,\"name\":\"9 blandade tankar p\u00e5 s\u00f6ndagen\"}]},{\"@type\":\"WebSite\",\"@id\":\"https:\/\/blogg.svenskakyrkan.se\/vandravagen\/#website\",\"url\":\"https:\/\/blogg.svenskakyrkan.se\/vandravagen\/\",\"name\":\"Vandra V\u00e4gen\",\"description\":\"-Mot en tro f\u00f6r hela livet\",\"publisher\":{\"@id\":\"https:\/\/blogg.svenskakyrkan.se\/vandravagen\/#organization\"},\"potentialAction\":[{\"@type\":\"SearchAction\",\"target\":{\"@type\":\"EntryPoint\",\"urlTemplate\":\"https:\/\/blogg.svenskakyrkan.se\/vandravagen\/?s={search_term_string}\"},\"query-input\":{\"@type\":\"PropertyValueSpecification\",\"valueRequired\":true,\"valueName\":\"search_term_string\"}}],\"inLanguage\":\"sv-SE\"},{\"@type\":\"Organization\",\"@id\":\"https:\/\/blogg.svenskakyrkan.se\/vandravagen\/#organization\",\"name\":\"ulricehamns pastorat\",\"alternateName\":\"ulricehamns pastorat\",\"url\":\"https:\/\/blogg.svenskakyrkan.se\/vandravagen\/\",\"logo\":{\"@type\":\"ImageObject\",\"inLanguage\":\"sv-SE\",\"@id\":\"https:\/\/blogg.svenskakyrkan.se\/vandravagen\/#\/schema\/logo\/image\/\",\"url\":\"https:\/\/blogg.svenskakyrkan.se\/vandravagen\/files\/2023\/05\/Ulr_logo_RGB.png\",\"contentUrl\":\"https:\/\/blogg.svenskakyrkan.se\/vandravagen\/files\/2023\/05\/Ulr_logo_RGB.png\",\"width\":205,\"height\":77,\"caption\":\"ulricehamns pastorat\"},\"image\":{\"@id\":\"https:\/\/blogg.svenskakyrkan.se\/vandravagen\/#\/schema\/logo\/image\/\"},\"sameAs\":[\"http:\/\/facebook.com\/vandravagen\",\"https:\/\/x.com\/fadertomas\",\"http:\/\/www.facebook.com\/svenskakyrkaniulricehamn\"]},{\"@type\":\"Person\",\"@id\":\"https:\/\/blogg.svenskakyrkan.se\/vandravagen\/#\/schema\/person\/25da02d4f76b137d04291711e2c9fc16\",\"name\":\"Tomas Jarvid\",\"image\":{\"@type\":\"ImageObject\",\"inLanguage\":\"sv-SE\",\"@id\":\"https:\/\/blogg.svenskakyrkan.se\/vandravagen\/#\/schema\/person\/image\/\",\"url\":\"https:\/\/secure.gravatar.com\/avatar\/7fa71899795e8f540f615a1f5ab25255dc27aa40f05ee7ddd21aac521e01bf50?s=96&d=identicon&r=g\",\"contentUrl\":\"https:\/\/secure.gravatar.com\/avatar\/7fa71899795e8f540f615a1f5ab25255dc27aa40f05ee7ddd21aac521e01bf50?s=96&d=identicon&r=g\",\"caption\":\"Tomas Jarvid\"},\"description\":\"Jag bor i Ulricehamn i V\u00e4sterg\u00f6tland och \u00e4r f\u00f6rsamlingspr\u00e4st i Svenska Kyrkan f\u00f6r Dalstorps f\u00f6rsamling i Kinds pastorat. P\u00e5 den h\u00e4r bloggen skriver jag ner tankar om vandringen som kristen.\",\"sameAs\":[\"http:\/\/www.vandravagen.se\"],\"url\":\"https:\/\/blogg.svenskakyrkan.se\/vandravagen\/author\/vandravagen\/\"}]}<\/script>\n<!-- \/ Yoast SEO plugin. -->","yoast_head_json":{"title":"9 blandade tankar p\u00e5 s\u00f6ndagen - Vandra V\u00e4gen","robots":{"index":"index","follow":"follow","max-snippet":"max-snippet:-1","max-image-preview":"max-image-preview:large","max-video-preview":"max-video-preview:-1"},"canonical":"https:\/\/blogg.svenskakyrkan.se\/vandravagen\/2020\/09\/13\/9-blandade-tankar-pa-sondagen-115\/","og_locale":"sv_SE","og_type":"article","og_title":"9 blandade tankar p\u00e5 s\u00f6ndagen - Vandra V\u00e4gen","og_description":"1. Glad s\u00f6ndag k\u00e4ra l\u00e4sare! 2. Idag leder jag inga gudstj\u00e4nster. D\u00e4remot kan det mycket v\u00e4l h\u00e4nda att jag f\u00e5r sitta i b\u00e4nken. Det \u00e4r ocks\u00e5 fint. 3. Detta \u00e4r enhetens s\u00f6ndag p\u00e5 kyrko\u00e5ret. Jag \u00e4r glad att f\u00e5 h\u00f6ra samman med alla m\u00f6jliga trossyskon fr\u00e5n olika kyrkor och samfund i Sverige och i v\u00e4rlden. [&hellip;]","og_url":"https:\/\/blogg.svenskakyrkan.se\/vandravagen\/2020\/09\/13\/9-blandade-tankar-pa-sondagen-115\/","og_site_name":"Vandra V\u00e4gen","article_publisher":"http:\/\/facebook.com\/vandravagen","article_published_time":"2020-09-13T05:00:10+00:00","og_image":[{"width":1512,"height":2016,"url":"https:\/\/blogg.svenskakyrkan.se\/vandravagen\/files\/2020\/09\/b\u00e4r-rotated.jpg","type":"image\/jpeg"}],"author":"Tomas Jarvid","twitter_card":"summary_large_image","twitter_creator":"@fadertomas","twitter_site":"@fadertomas","twitter_misc":{"Skriven av":"Tomas Jarvid","Ber\u00e4knad l\u00e4stid":"1 minut"},"schema":{"@context":"https:\/\/schema.org","@graph":[{"@type":"Article","@id":"https:\/\/blogg.svenskakyrkan.se\/vandravagen\/2020\/09\/13\/9-blandade-tankar-pa-sondagen-115\/#article","isPartOf":{"@id":"https:\/\/blogg.svenskakyrkan.se\/vandravagen\/2020\/09\/13\/9-blandade-tankar-pa-sondagen-115\/"},"author":{"name":"Tomas Jarvid","@id":"https:\/\/blogg.svenskakyrkan.se\/vandravagen\/#\/schema\/person\/25da02d4f76b137d04291711e2c9fc16"},"headline":"9 blandade tankar p\u00e5 s\u00f6ndagen","datePublished":"2020-09-13T05:00:10+00:00","mainEntityOfPage":{"@id":"https:\/\/blogg.svenskakyrkan.se\/vandravagen\/2020\/09\/13\/9-blandade-tankar-pa-sondagen-115\/"},"wordCount":285,"commentCount":2,"publisher":{"@id":"https:\/\/blogg.svenskakyrkan.se\/vandravagen\/#organization"},"image":{"@id":"https:\/\/blogg.svenskakyrkan.se\/vandravagen\/2020\/09\/13\/9-blandade-tankar-pa-sondagen-115\/#primaryimage"},"thumbnailUrl":"https:\/\/blogg.svenskakyrkan.se\/vandravagen\/files\/2020\/09\/b\u00e4r-rotated.jpg","articleSection":["blandat"],"inLanguage":"sv-SE","potentialAction":[{"@type":"CommentAction","name":"Comment","target":["https:\/\/blogg.svenskakyrkan.se\/vandravagen\/2020\/09\/13\/9-blandade-tankar-pa-sondagen-115\/#respond"]}]},{"@type":"WebPage","@id":"https:\/\/blogg.svenskakyrkan.se\/vandravagen\/2020\/09\/13\/9-blandade-tankar-pa-sondagen-115\/","url":"https:\/\/blogg.svenskakyrkan.se\/vandravagen\/2020\/09\/13\/9-blandade-tankar-pa-sondagen-115\/","name":"9 blandade tankar p\u00e5 s\u00f6ndagen - Vandra V\u00e4gen","isPartOf":{"@id":"https:\/\/blogg.svenskakyrkan.se\/vandravagen\/#website"},"primaryImageOfPage":{"@id":"https:\/\/blogg.svenskakyrkan.se\/vandravagen\/2020\/09\/13\/9-blandade-tankar-pa-sondagen-115\/#primaryimage"},"image":{"@id":"https:\/\/blogg.svenskakyrkan.se\/vandravagen\/2020\/09\/13\/9-blandade-tankar-pa-sondagen-115\/#primaryimage"},"thumbnailUrl":"https:\/\/blogg.svenskakyrkan.se\/vandravagen\/files\/2020\/09\/b\u00e4r-rotated.jpg","datePublished":"2020-09-13T05:00:10+00:00","breadcrumb":{"@id":"https:\/\/blogg.svenskakyrkan.se\/vandravagen\/2020\/09\/13\/9-blandade-tankar-pa-sondagen-115\/#breadcrumb"},"inLanguage":"sv-SE","potentialAction":[{"@type":"ReadAction","target":["https:\/\/blogg.svenskakyrkan.se\/vandravagen\/2020\/09\/13\/9-blandade-tankar-pa-sondagen-115\/"]}]},{"@type":"ImageObject","inLanguage":"sv-SE","@id":"https:\/\/blogg.svenskakyrkan.se\/vandravagen\/2020\/09\/13\/9-blandade-tankar-pa-sondagen-115\/#primaryimage","url":"https:\/\/blogg.svenskakyrkan.se\/vandravagen\/files\/2020\/09\/b\u00e4r-rotated.jpg","contentUrl":"https:\/\/blogg.svenskakyrkan.se\/vandravagen\/files\/2020\/09\/b\u00e4r-rotated.jpg","width":1512,"height":2016},{"@type":"BreadcrumbList","@id":"https:\/\/blogg.svenskakyrkan.se\/vandravagen\/2020\/09\/13\/9-blandade-tankar-pa-sondagen-115\/#breadcrumb","itemListElement":[{"@type":"ListItem","position":1,"name":"Hem","item":"https:\/\/blogg.svenskakyrkan.se\/vandravagen\/"},{"@type":"ListItem","position":2,"name":"9 blandade tankar p\u00e5 s\u00f6ndagen"}]},{"@type":"WebSite","@id":"https:\/\/blogg.svenskakyrkan.se\/vandravagen\/#website","url":"https:\/\/blogg.svenskakyrkan.se\/vandravagen\/","name":"Vandra V\u00e4gen","description":"-Mot en tro f\u00f6r hela livet","publisher":{"@id":"https:\/\/blogg.svenskakyrkan.se\/vandravagen\/#organization"},"potentialAction":[{"@type":"SearchAction","target":{"@type":"EntryPoint","urlTemplate":"https:\/\/blogg.svenskakyrkan.se\/vandravagen\/?s={search_term_string}"},"query-input":{"@type":"PropertyValueSpecification","valueRequired":true,"valueName":"search_term_string"}}],"inLanguage":"sv-SE"},{"@type":"Organization","@id":"https:\/\/blogg.svenskakyrkan.se\/vandravagen\/#organization","name":"ulricehamns pastorat","alternateName":"ulricehamns pastorat","url":"https:\/\/blogg.svenskakyrkan.se\/vandravagen\/","logo":{"@type":"ImageObject","inLanguage":"sv-SE","@id":"https:\/\/blogg.svenskakyrkan.se\/vandravagen\/#\/schema\/logo\/image\/","url":"https:\/\/blogg.svenskakyrkan.se\/vandravagen\/files\/2023\/05\/Ulr_logo_RGB.png","contentUrl":"https:\/\/blogg.svenskakyrkan.se\/vandravagen\/files\/2023\/05\/Ulr_logo_RGB.png","width":205,"height":77,"caption":"ulricehamns pastorat"},"image":{"@id":"https:\/\/blogg.svenskakyrkan.se\/vandravagen\/#\/schema\/logo\/image\/"},"sameAs":["http:\/\/facebook.com\/vandravagen","https:\/\/x.com\/fadertomas","http:\/\/www.facebook.com\/svenskakyrkaniulricehamn"]},{"@type":"Person","@id":"https:\/\/blogg.svenskakyrkan.se\/vandravagen\/#\/schema\/person\/25da02d4f76b137d04291711e2c9fc16","name":"Tomas Jarvid","image":{"@type":"ImageObject","inLanguage":"sv-SE","@id":"https:\/\/blogg.svenskakyrkan.se\/vandravagen\/#\/schema\/person\/image\/","url":"https:\/\/secure.gravatar.com\/avatar\/7fa71899795e8f540f615a1f5ab25255dc27aa40f05ee7ddd21aac521e01bf50?s=96&d=identicon&r=g","contentUrl":"https:\/\/secure.gravatar.com\/avatar\/7fa71899795e8f540f615a1f5ab25255dc27aa40f05ee7ddd21aac521e01bf50?s=96&d=identicon&r=g","caption":"Tomas Jarvid"},"description":"Jag bor i Ulricehamn i V\u00e4sterg\u00f6tland och \u00e4r f\u00f6rsamlingspr\u00e4st i Svenska Kyrkan f\u00f6r Dalstorps f\u00f6rsamling i Kinds pastorat. P\u00e5 den h\u00e4r bloggen skriver jag ner tankar om vandringen som kristen.","sameAs":["http:\/\/www.vandravagen.se"],"url":"https:\/\/blogg.svenskakyrkan.se\/vandravagen\/author\/vandravagen\/"}]}},"author_meta":{"ID":"392","user_nicename":"vandravagen","user_url":"http:\/\/www.vandravagen.se","user_registered":"2014-05-19 05:44:52","display_name":"Tomas Jarvid","first_name":"Tomas","last_name":"Jarvid","avatar":"https:\/\/secure.gravatar.com\/avatar\/7fa71899795e8f540f615a1f5ab25255dc27aa40f05ee7ddd21aac521e01bf50?s=96&d=identicon&r=g"},"featured_image":["https:\/\/blogg.svenskakyrkan.se\/vandravagen\/files\/2020\/09\/b\u00e4r-1024x1365.jpg",1024,1365,true],"bloginfo":{"name":"Vandra V\u00e4gen","url":"https:\/\/blogg.svenskakyrkan.se\/vandravagen"},"_links":{"self":[{"href":"https:\/\/blogg.svenskakyrkan.se\/vandravagen\/wp-json\/wp\/v2\/posts\/8094","targetHints":{"allow":["GET"]}}],"collection":[{"href":"https:\/\/blogg.svenskakyrkan.se\/vandravagen\/wp-json\/wp\/v2\/posts"}],"about":[{"href":"https:\/\/blogg.svenskakyrkan.se\/vandravagen\/wp-json\/wp\/v2\/types\/post"}],"author":[{"embeddable":true,"href":"https:\/\/blogg.svenskakyrkan.se\/vandravagen\/wp-json\/wp\/v2\/users\/392"}],"replies":[{"embeddable":true,"href":"https:\/\/blogg.svenskakyrkan.se\/vandravagen\/wp-json\/wp\/v2\/comments?post=8094"}],"version-history":[{"count":3,"href":"https:\/\/blogg.svenskakyrkan.se\/vandravagen\/wp-json\/wp\/v2\/posts\/8094\/revisions"}],"predecessor-version":[{"id":8098,"href":"https:\/\/blogg.svenskakyrkan.se\/vandravagen\/wp-json\/wp\/v2\/posts\/8094\/revisions\/8098"}],"wp:featuredmedia":[{"embeddable":true,"href":"https:\/\/blogg.svenskakyrkan.se\/vandravagen\/wp-json\/wp\/v2\/media\/8096"}],"wp:attachment":[{"href":"https:\/\/blogg.svenskakyrkan.se\/vandravagen\/wp-json\/wp\/v2\/media?parent=8094"}],"wp:term":[{"taxonomy":"category","embeddable":true,"href":"https:\/\/blogg.svenskakyrkan.se\/vandravagen\/wp-json\/wp\/v2\/categories?post=8094"},{"taxonomy":"post_tag","embeddable":true,"href":"https:\/\/blogg.svenskakyrkan.se\/vandravagen\/wp-json\/wp\/v2\/tags?post=8094"}],"curies":[{"name":"wp","href":"https:\/\/api.w.org\/{rel}","templated":true}]}}