{"id":810,"date":"2012-12-17T19:14:00","date_gmt":"2012-12-17T18:14:00","guid":{"rendered":"http:\/\/blogg.svenskakyrkan.se\/vandravagen\/2012\/12\/17\/veckans-samlade-visdomsord\/"},"modified":"2012-12-17T19:14:00","modified_gmt":"2012-12-17T18:14:00","slug":"veckans-samlade-visdomsord","status":"publish","type":"post","link":"https:\/\/blogg.svenskakyrkan.se\/vandravagen\/2012\/12\/17\/veckans-samlade-visdomsord\/","title":{"rendered":"Veckans samlade visdomsord"},"content":{"rendered":"<div>H\u00e4r kommer s\u00e5 \u00e4nnu en dusch av tweets fr\u00e5n veckan som g\u00e5tt. S\u00e5nt som skrivits och som jag tycker t\u00e5l en titt till innan tidens vindar suddar ut det som skrivits i sanden.<\/div>\n<div><\/div>\n<div><a href=\"http:\/\/1.bp.blogspot.com\/-LgkIfJYMyQ8\/UM4pVSdgWaI\/AAAAAAAABX4\/dg_wxmw6fzs\/s1600\/da.jpg\"><img decoding=\"async\" border=\"0\" src=\"http:\/\/1.bp.blogspot.com\/-LgkIfJYMyQ8\/UM4pVSdgWaI\/AAAAAAAABX4\/dg_wxmw6fzs\/s1600\/da.jpg\"><\/a><\/div>\n<div><\/div>\n<div><\/div>\n<div><\/div>\n<\/p>\n<div><a href=\"http:\/\/2.bp.blogspot.com\/-SV7TiB6Ycj0\/UM4pWbGtZTI\/AAAAAAAABYA\/DAxaWEA-Zkk\/s1600\/ethf.jpg\"><img decoding=\"async\" border=\"0\" src=\"http:\/\/2.bp.blogspot.com\/-SV7TiB6Ycj0\/UM4pWbGtZTI\/AAAAAAAABYA\/DAxaWEA-Zkk\/s1600\/ethf.jpg\"><\/a><\/div>\n<div><\/div>\n<div>Jonas Helgesson har skrivit flera mycket spridda b\u00f6cker om sitt liv med CP. I veckan har han g\u00e4sttwittrat p\u00e5 libris f\u00f6rlags konto s\u00e5 det \u00e4r liksom b\u00e5da parter som st\u00e5r bakom p\u00e5 n\u00e5got s\u00e4tt.<\/div>\n<\/p>\n<div><a href=\"http:\/\/2.bp.blogspot.com\/-90CnSt0ThCk\/UM4pX4i7ZXI\/AAAAAAAABYE\/mH5iMeZuEic\/s1600\/hj.jpg\"><img decoding=\"async\" border=\"0\" src=\"http:\/\/2.bp.blogspot.com\/-90CnSt0ThCk\/UM4pX4i7ZXI\/AAAAAAAABYE\/mH5iMeZuEic\/s1600\/hj.jpg\"><\/a><\/div>\n<div><\/div>\n<div>B\u00f6n som anstr\u00e4ngning, eller som vila och att sl\u00e4ppa taget?<\/div>\n<div><\/div>\n<div><\/div>\n<\/p>\n<div><a href=\"http:\/\/3.bp.blogspot.com\/-IkEHH7fV-KE\/UM4pYr0aLAI\/AAAAAAAABYQ\/XmjCz09V2ps\/s1600\/ih.jpg\"><img decoding=\"async\" border=\"0\" src=\"http:\/\/3.bp.blogspot.com\/-IkEHH7fV-KE\/UM4pYr0aLAI\/AAAAAAAABYQ\/XmjCz09V2ps\/s1600\/ih.jpg\"><\/a><\/div>\n<div><\/div>\n<div>Bibeln som l\u00e4xa, eller som brev hemifr\u00e5n till oss i fr\u00e4mlingslandet?<\/div>\n<div><\/div>\n<div><\/div>\n<\/p>\n<div><a href=\"http:\/\/3.bp.blogspot.com\/-l862B43Plp8\/UM4pZq_XzrI\/AAAAAAAABYU\/8RVABjEncsU\/s1600\/l.jpg\"><img decoding=\"async\" border=\"0\" src=\"http:\/\/3.bp.blogspot.com\/-l862B43Plp8\/UM4pZq_XzrI\/AAAAAAAABYU\/8RVABjEncsU\/s1600\/l.jpg\"><\/a><\/div>\n<div><\/div>\n<div>P\u00e5minner lite om det jag skrivit om\u00a0<a href=\"http:\/\/vagenixp.blogspot.se\/2012\/11\/ord-att-anvanda-gudsfruktan.html\">&#8221;Gudsfruktan&#8221;<\/a><\/div>\n<div><\/div>\n<div><\/div>\n<\/p>\n<div><a href=\"http:\/\/2.bp.blogspot.com\/-Q3n-bh_cku0\/UM4patbVG0I\/AAAAAAAABYg\/DHdpARhYoeI\/s1600\/li.jpg\"><img decoding=\"async\" border=\"0\" src=\"http:\/\/2.bp.blogspot.com\/-Q3n-bh_cku0\/UM4patbVG0I\/AAAAAAAABYg\/DHdpARhYoeI\/s1600\/li.jpg\"><\/a><\/div>\n<div><\/div>\n<div>Mer Helgesson<\/div>\n<div><\/div>\n<div><\/div>\n<\/p>\n<div><a href=\"http:\/\/1.bp.blogspot.com\/-eqa8QsW5Oow\/UM4pcG7DrvI\/AAAAAAAABYo\/-0U7v1A2CqE\/s1600\/lib.jpg\"><img decoding=\"async\" border=\"0\" src=\"http:\/\/1.bp.blogspot.com\/-eqa8QsW5Oow\/UM4pcG7DrvI\/AAAAAAAABYo\/-0U7v1A2CqE\/s1600\/lib.jpg\"><\/a><\/div>\n<div><\/div>\n<div>Och det h\u00e4r \u00e4r intressant. N\u00e5gra ord ur &#8221;<a href=\"http:\/\/www.libris.se\/nya-testamentet-the-message-pa-svenska.html\">the message, p\u00e5 svenska&#8221;<\/a>\u00a0En slags parafras\u00f6vers\u00e4ttning som f\u00f6rs\u00f6ker \u00f6verf\u00f6ra bibeln till modernare uttryckss\u00e4tt. Ibland blir det riktigt bra och \u00f6ppnar \u00f6gonen p\u00e5 nytt. Ibland lite klyschigt. K\u00e4nner du igen bibelordet?<\/div>\n<\/p>\n<div><a href=\"http:\/\/3.bp.blogspot.com\/-rO92tz5QcNE\/UM4pdWQtnmI\/AAAAAAAABYs\/2YgODdA31SU\/s1600\/qw.jpg\"><img decoding=\"async\" border=\"0\" src=\"http:\/\/3.bp.blogspot.com\/-rO92tz5QcNE\/UM4pdWQtnmI\/AAAAAAAABYs\/2YgODdA31SU\/s1600\/qw.jpg\"><\/a><\/div>\n<div><\/div>\n<div>Eddie Olsson skriver.<\/div>\n<\/p>\n<div><a href=\"http:\/\/1.bp.blogspot.com\/-RSVq1Pg0WfU\/UM4peBy3RWI\/AAAAAAAABY0\/8gFRopyEDH8\/s1600\/s.jpg\"><img decoding=\"async\" border=\"0\" src=\"http:\/\/1.bp.blogspot.com\/-RSVq1Pg0WfU\/UM4peBy3RWI\/AAAAAAAABY0\/8gFRopyEDH8\/s1600\/s.jpg\"><\/a><\/div>\n<div><\/div>\n<div><\/div>\n<\/p>\n<div><a href=\"http:\/\/3.bp.blogspot.com\/-v-eP5X-t9qs\/UM4pfLp8fzI\/AAAAAAAABZA\/4Kvs-K8gmi4\/s1600\/t.jpg\"><img decoding=\"async\" border=\"0\" src=\"http:\/\/3.bp.blogspot.com\/-v-eP5X-t9qs\/UM4pfLp8fzI\/AAAAAAAABZA\/4Kvs-K8gmi4\/s1600\/t.jpg\"><\/a><\/div>\n<div><\/div>\n<div>Det h\u00e4r tr\u00e4ffade mig.<\/div>\n<div><\/div>\n<div><\/div>\n<\/p>\n<div><a href=\"http:\/\/1.bp.blogspot.com\/-uJv5TnortG4\/UM4pglKY0sI\/AAAAAAAABZI\/6XKxwbJSe3A\/s1600\/v.jpg\"><img decoding=\"async\" border=\"0\" src=\"http:\/\/1.bp.blogspot.com\/-uJv5TnortG4\/UM4pglKY0sI\/AAAAAAAABZI\/6XKxwbJSe3A\/s1600\/v.jpg\"><\/a><\/div>\n<div><\/div>\n<div>Norska Tvitrekirken<\/div>\n<div><\/div>\n<div>Men Helgesson f\u00e5r ocks\u00e5 slutordet.<\/div>\n<\/p>\n<div><a href=\"http:\/\/3.bp.blogspot.com\/-dLYFfH2WSR0\/UM4phwBWuQI\/AAAAAAAABZM\/ThTeBDFqIHo\/s1600\/xdghgr.jpg\"><img decoding=\"async\" border=\"0\" src=\"http:\/\/3.bp.blogspot.com\/-dLYFfH2WSR0\/UM4phwBWuQI\/AAAAAAAABZM\/ThTeBDFqIHo\/s1600\/xdghgr.jpg\"><\/a><\/div>\n<\/p>\n<div><\/div>\n<div><\/div>\n","protected":false},"excerpt":{"rendered":"<p>H\u00e4r kommer s\u00e5 \u00e4nnu en dusch av tweets fr\u00e5n veckan som g\u00e5tt. S\u00e5nt som skrivits och som jag tycker t\u00e5l en titt till innan tidens vindar suddar ut det som skrivits i sanden. Jonas Helgesson har skrivit flera mycket spridda b\u00f6cker om sitt liv med CP. I veckan har han g\u00e4sttwittrat p\u00e5 libris f\u00f6rlags konto [&hellip;]<\/p>\n","protected":false},"author":392,"featured_media":0,"comment_status":"open","ping_status":"open","sticky":false,"template":"","format":"standard","meta":{"_acf_changed":false,"footnotes":""},"categories":[76766],"tags":[],"class_list":["post-810","post","type-post","status-publish","format-standard","hentry","category-blandat"],"acf":[],"yoast_head":"<!-- This site is optimized with the Yoast SEO plugin v27.1.1 - https:\/\/yoast.com\/product\/yoast-seo-wordpress\/ -->\n<title>Veckans samlade visdomsord - Vandra V\u00e4gen<\/title>\n<meta name=\"robots\" content=\"index, follow, max-snippet:-1, max-image-preview:large, max-video-preview:-1\" \/>\n<link rel=\"canonical\" href=\"https:\/\/blogg.svenskakyrkan.se\/vandravagen\/2012\/12\/17\/veckans-samlade-visdomsord\/\" \/>\n<meta property=\"og:locale\" content=\"sv_SE\" \/>\n<meta property=\"og:type\" content=\"article\" \/>\n<meta property=\"og:title\" content=\"Veckans samlade visdomsord - Vandra V\u00e4gen\" \/>\n<meta property=\"og:description\" content=\"H\u00e4r kommer s\u00e5 \u00e4nnu en dusch av tweets fr\u00e5n veckan som g\u00e5tt. S\u00e5nt som skrivits och som jag tycker t\u00e5l en titt till innan tidens vindar suddar ut det som skrivits i sanden. Jonas Helgesson har skrivit flera mycket spridda b\u00f6cker om sitt liv med CP. I veckan har han g\u00e4sttwittrat p\u00e5 libris f\u00f6rlags konto [&hellip;]\" \/>\n<meta property=\"og:url\" content=\"https:\/\/blogg.svenskakyrkan.se\/vandravagen\/2012\/12\/17\/veckans-samlade-visdomsord\/\" \/>\n<meta property=\"og:site_name\" content=\"Vandra V\u00e4gen\" \/>\n<meta property=\"article:publisher\" content=\"http:\/\/facebook.com\/vandravagen\" \/>\n<meta property=\"article:published_time\" content=\"2012-12-17T18:14:00+00:00\" \/>\n<meta property=\"og:image\" content=\"http:\/\/1.bp.blogspot.com\/-LgkIfJYMyQ8\/UM4pVSdgWaI\/AAAAAAAABX4\/dg_wxmw6fzs\/s1600\/da.jpg\" \/>\n<meta name=\"author\" content=\"Tomas Jarvid\" \/>\n<meta name=\"twitter:card\" content=\"summary_large_image\" \/>\n<meta name=\"twitter:creator\" content=\"@fadertomas\" \/>\n<meta name=\"twitter:site\" content=\"@fadertomas\" \/>\n<meta name=\"twitter:label1\" content=\"Skriven av\" \/>\n\t<meta name=\"twitter:data1\" content=\"Tomas Jarvid\" \/>\n\t<meta name=\"twitter:label2\" content=\"Ber\u00e4knad l\u00e4stid\" \/>\n\t<meta name=\"twitter:data2\" content=\"1 minut\" \/>\n<script type=\"application\/ld+json\" class=\"yoast-schema-graph\">{\"@context\":\"https:\/\/schema.org\",\"@graph\":[{\"@type\":\"Article\",\"@id\":\"https:\/\/blogg.svenskakyrkan.se\/vandravagen\/2012\/12\/17\/veckans-samlade-visdomsord\/#article\",\"isPartOf\":{\"@id\":\"https:\/\/blogg.svenskakyrkan.se\/vandravagen\/2012\/12\/17\/veckans-samlade-visdomsord\/\"},\"author\":{\"name\":\"Tomas Jarvid\",\"@id\":\"https:\/\/blogg.svenskakyrkan.se\/vandravagen\/#\/schema\/person\/25da02d4f76b137d04291711e2c9fc16\"},\"headline\":\"Veckans samlade visdomsord\",\"datePublished\":\"2012-12-17T18:14:00+00:00\",\"mainEntityOfPage\":{\"@id\":\"https:\/\/blogg.svenskakyrkan.se\/vandravagen\/2012\/12\/17\/veckans-samlade-visdomsord\/\"},\"wordCount\":185,\"commentCount\":1,\"publisher\":{\"@id\":\"https:\/\/blogg.svenskakyrkan.se\/vandravagen\/#organization\"},\"image\":{\"@id\":\"https:\/\/blogg.svenskakyrkan.se\/vandravagen\/2012\/12\/17\/veckans-samlade-visdomsord\/#primaryimage\"},\"thumbnailUrl\":\"http:\/\/1.bp.blogspot.com\/-LgkIfJYMyQ8\/UM4pVSdgWaI\/AAAAAAAABX4\/dg_wxmw6fzs\/s1600\/da.jpg\",\"articleSection\":[\"blandat\"],\"inLanguage\":\"sv-SE\",\"potentialAction\":[{\"@type\":\"CommentAction\",\"name\":\"Comment\",\"target\":[\"https:\/\/blogg.svenskakyrkan.se\/vandravagen\/2012\/12\/17\/veckans-samlade-visdomsord\/#respond\"]}]},{\"@type\":\"WebPage\",\"@id\":\"https:\/\/blogg.svenskakyrkan.se\/vandravagen\/2012\/12\/17\/veckans-samlade-visdomsord\/\",\"url\":\"https:\/\/blogg.svenskakyrkan.se\/vandravagen\/2012\/12\/17\/veckans-samlade-visdomsord\/\",\"name\":\"Veckans samlade visdomsord - Vandra V\u00e4gen\",\"isPartOf\":{\"@id\":\"https:\/\/blogg.svenskakyrkan.se\/vandravagen\/#website\"},\"primaryImageOfPage\":{\"@id\":\"https:\/\/blogg.svenskakyrkan.se\/vandravagen\/2012\/12\/17\/veckans-samlade-visdomsord\/#primaryimage\"},\"image\":{\"@id\":\"https:\/\/blogg.svenskakyrkan.se\/vandravagen\/2012\/12\/17\/veckans-samlade-visdomsord\/#primaryimage\"},\"thumbnailUrl\":\"http:\/\/1.bp.blogspot.com\/-LgkIfJYMyQ8\/UM4pVSdgWaI\/AAAAAAAABX4\/dg_wxmw6fzs\/s1600\/da.jpg\",\"datePublished\":\"2012-12-17T18:14:00+00:00\",\"breadcrumb\":{\"@id\":\"https:\/\/blogg.svenskakyrkan.se\/vandravagen\/2012\/12\/17\/veckans-samlade-visdomsord\/#breadcrumb\"},\"inLanguage\":\"sv-SE\",\"potentialAction\":[{\"@type\":\"ReadAction\",\"target\":[\"https:\/\/blogg.svenskakyrkan.se\/vandravagen\/2012\/12\/17\/veckans-samlade-visdomsord\/\"]}]},{\"@type\":\"ImageObject\",\"inLanguage\":\"sv-SE\",\"@id\":\"https:\/\/blogg.svenskakyrkan.se\/vandravagen\/2012\/12\/17\/veckans-samlade-visdomsord\/#primaryimage\",\"url\":\"http:\/\/1.bp.blogspot.com\/-LgkIfJYMyQ8\/UM4pVSdgWaI\/AAAAAAAABX4\/dg_wxmw6fzs\/s1600\/da.jpg\",\"contentUrl\":\"http:\/\/1.bp.blogspot.com\/-LgkIfJYMyQ8\/UM4pVSdgWaI\/AAAAAAAABX4\/dg_wxmw6fzs\/s1600\/da.jpg\"},{\"@type\":\"BreadcrumbList\",\"@id\":\"https:\/\/blogg.svenskakyrkan.se\/vandravagen\/2012\/12\/17\/veckans-samlade-visdomsord\/#breadcrumb\",\"itemListElement\":[{\"@type\":\"ListItem\",\"position\":1,\"name\":\"Hem\",\"item\":\"https:\/\/blogg.svenskakyrkan.se\/vandravagen\/\"},{\"@type\":\"ListItem\",\"position\":2,\"name\":\"Veckans samlade visdomsord\"}]},{\"@type\":\"WebSite\",\"@id\":\"https:\/\/blogg.svenskakyrkan.se\/vandravagen\/#website\",\"url\":\"https:\/\/blogg.svenskakyrkan.se\/vandravagen\/\",\"name\":\"Vandra V\u00e4gen\",\"description\":\"-Mot en tro f\u00f6r hela livet\",\"publisher\":{\"@id\":\"https:\/\/blogg.svenskakyrkan.se\/vandravagen\/#organization\"},\"potentialAction\":[{\"@type\":\"SearchAction\",\"target\":{\"@type\":\"EntryPoint\",\"urlTemplate\":\"https:\/\/blogg.svenskakyrkan.se\/vandravagen\/?s={search_term_string}\"},\"query-input\":{\"@type\":\"PropertyValueSpecification\",\"valueRequired\":true,\"valueName\":\"search_term_string\"}}],\"inLanguage\":\"sv-SE\"},{\"@type\":\"Organization\",\"@id\":\"https:\/\/blogg.svenskakyrkan.se\/vandravagen\/#organization\",\"name\":\"ulricehamns pastorat\",\"alternateName\":\"ulricehamns pastorat\",\"url\":\"https:\/\/blogg.svenskakyrkan.se\/vandravagen\/\",\"logo\":{\"@type\":\"ImageObject\",\"inLanguage\":\"sv-SE\",\"@id\":\"https:\/\/blogg.svenskakyrkan.se\/vandravagen\/#\/schema\/logo\/image\/\",\"url\":\"https:\/\/blogg.svenskakyrkan.se\/vandravagen\/files\/2023\/05\/Ulr_logo_RGB.png\",\"contentUrl\":\"https:\/\/blogg.svenskakyrkan.se\/vandravagen\/files\/2023\/05\/Ulr_logo_RGB.png\",\"width\":205,\"height\":77,\"caption\":\"ulricehamns pastorat\"},\"image\":{\"@id\":\"https:\/\/blogg.svenskakyrkan.se\/vandravagen\/#\/schema\/logo\/image\/\"},\"sameAs\":[\"http:\/\/facebook.com\/vandravagen\",\"https:\/\/x.com\/fadertomas\",\"http:\/\/www.facebook.com\/svenskakyrkaniulricehamn\"]},{\"@type\":\"Person\",\"@id\":\"https:\/\/blogg.svenskakyrkan.se\/vandravagen\/#\/schema\/person\/25da02d4f76b137d04291711e2c9fc16\",\"name\":\"Tomas Jarvid\",\"image\":{\"@type\":\"ImageObject\",\"inLanguage\":\"sv-SE\",\"@id\":\"https:\/\/blogg.svenskakyrkan.se\/vandravagen\/#\/schema\/person\/image\/\",\"url\":\"https:\/\/secure.gravatar.com\/avatar\/7fa71899795e8f540f615a1f5ab25255dc27aa40f05ee7ddd21aac521e01bf50?s=96&d=identicon&r=g\",\"contentUrl\":\"https:\/\/secure.gravatar.com\/avatar\/7fa71899795e8f540f615a1f5ab25255dc27aa40f05ee7ddd21aac521e01bf50?s=96&d=identicon&r=g\",\"caption\":\"Tomas Jarvid\"},\"description\":\"Jag bor i Ulricehamn i V\u00e4sterg\u00f6tland och \u00e4r f\u00f6rsamlingspr\u00e4st i Svenska Kyrkan f\u00f6r Dalstorps f\u00f6rsamling i Kinds pastorat. P\u00e5 den h\u00e4r bloggen skriver jag ner tankar om vandringen som kristen.\",\"sameAs\":[\"http:\/\/www.vandravagen.se\"],\"url\":\"https:\/\/blogg.svenskakyrkan.se\/vandravagen\/author\/vandravagen\/\"}]}<\/script>\n<!-- \/ Yoast SEO plugin. -->","yoast_head_json":{"title":"Veckans samlade visdomsord - Vandra V\u00e4gen","robots":{"index":"index","follow":"follow","max-snippet":"max-snippet:-1","max-image-preview":"max-image-preview:large","max-video-preview":"max-video-preview:-1"},"canonical":"https:\/\/blogg.svenskakyrkan.se\/vandravagen\/2012\/12\/17\/veckans-samlade-visdomsord\/","og_locale":"sv_SE","og_type":"article","og_title":"Veckans samlade visdomsord - Vandra V\u00e4gen","og_description":"H\u00e4r kommer s\u00e5 \u00e4nnu en dusch av tweets fr\u00e5n veckan som g\u00e5tt. S\u00e5nt som skrivits och som jag tycker t\u00e5l en titt till innan tidens vindar suddar ut det som skrivits i sanden. Jonas Helgesson har skrivit flera mycket spridda b\u00f6cker om sitt liv med CP. I veckan har han g\u00e4sttwittrat p\u00e5 libris f\u00f6rlags konto [&hellip;]","og_url":"https:\/\/blogg.svenskakyrkan.se\/vandravagen\/2012\/12\/17\/veckans-samlade-visdomsord\/","og_site_name":"Vandra V\u00e4gen","article_publisher":"http:\/\/facebook.com\/vandravagen","article_published_time":"2012-12-17T18:14:00+00:00","og_image":[{"url":"http:\/\/1.bp.blogspot.com\/-LgkIfJYMyQ8\/UM4pVSdgWaI\/AAAAAAAABX4\/dg_wxmw6fzs\/s1600\/da.jpg","type":"","width":"","height":""}],"author":"Tomas Jarvid","twitter_card":"summary_large_image","twitter_creator":"@fadertomas","twitter_site":"@fadertomas","twitter_misc":{"Skriven av":"Tomas Jarvid","Ber\u00e4knad l\u00e4stid":"1 minut"},"schema":{"@context":"https:\/\/schema.org","@graph":[{"@type":"Article","@id":"https:\/\/blogg.svenskakyrkan.se\/vandravagen\/2012\/12\/17\/veckans-samlade-visdomsord\/#article","isPartOf":{"@id":"https:\/\/blogg.svenskakyrkan.se\/vandravagen\/2012\/12\/17\/veckans-samlade-visdomsord\/"},"author":{"name":"Tomas Jarvid","@id":"https:\/\/blogg.svenskakyrkan.se\/vandravagen\/#\/schema\/person\/25da02d4f76b137d04291711e2c9fc16"},"headline":"Veckans samlade visdomsord","datePublished":"2012-12-17T18:14:00+00:00","mainEntityOfPage":{"@id":"https:\/\/blogg.svenskakyrkan.se\/vandravagen\/2012\/12\/17\/veckans-samlade-visdomsord\/"},"wordCount":185,"commentCount":1,"publisher":{"@id":"https:\/\/blogg.svenskakyrkan.se\/vandravagen\/#organization"},"image":{"@id":"https:\/\/blogg.svenskakyrkan.se\/vandravagen\/2012\/12\/17\/veckans-samlade-visdomsord\/#primaryimage"},"thumbnailUrl":"http:\/\/1.bp.blogspot.com\/-LgkIfJYMyQ8\/UM4pVSdgWaI\/AAAAAAAABX4\/dg_wxmw6fzs\/s1600\/da.jpg","articleSection":["blandat"],"inLanguage":"sv-SE","potentialAction":[{"@type":"CommentAction","name":"Comment","target":["https:\/\/blogg.svenskakyrkan.se\/vandravagen\/2012\/12\/17\/veckans-samlade-visdomsord\/#respond"]}]},{"@type":"WebPage","@id":"https:\/\/blogg.svenskakyrkan.se\/vandravagen\/2012\/12\/17\/veckans-samlade-visdomsord\/","url":"https:\/\/blogg.svenskakyrkan.se\/vandravagen\/2012\/12\/17\/veckans-samlade-visdomsord\/","name":"Veckans samlade visdomsord - Vandra V\u00e4gen","isPartOf":{"@id":"https:\/\/blogg.svenskakyrkan.se\/vandravagen\/#website"},"primaryImageOfPage":{"@id":"https:\/\/blogg.svenskakyrkan.se\/vandravagen\/2012\/12\/17\/veckans-samlade-visdomsord\/#primaryimage"},"image":{"@id":"https:\/\/blogg.svenskakyrkan.se\/vandravagen\/2012\/12\/17\/veckans-samlade-visdomsord\/#primaryimage"},"thumbnailUrl":"http:\/\/1.bp.blogspot.com\/-LgkIfJYMyQ8\/UM4pVSdgWaI\/AAAAAAAABX4\/dg_wxmw6fzs\/s1600\/da.jpg","datePublished":"2012-12-17T18:14:00+00:00","breadcrumb":{"@id":"https:\/\/blogg.svenskakyrkan.se\/vandravagen\/2012\/12\/17\/veckans-samlade-visdomsord\/#breadcrumb"},"inLanguage":"sv-SE","potentialAction":[{"@type":"ReadAction","target":["https:\/\/blogg.svenskakyrkan.se\/vandravagen\/2012\/12\/17\/veckans-samlade-visdomsord\/"]}]},{"@type":"ImageObject","inLanguage":"sv-SE","@id":"https:\/\/blogg.svenskakyrkan.se\/vandravagen\/2012\/12\/17\/veckans-samlade-visdomsord\/#primaryimage","url":"http:\/\/1.bp.blogspot.com\/-LgkIfJYMyQ8\/UM4pVSdgWaI\/AAAAAAAABX4\/dg_wxmw6fzs\/s1600\/da.jpg","contentUrl":"http:\/\/1.bp.blogspot.com\/-LgkIfJYMyQ8\/UM4pVSdgWaI\/AAAAAAAABX4\/dg_wxmw6fzs\/s1600\/da.jpg"},{"@type":"BreadcrumbList","@id":"https:\/\/blogg.svenskakyrkan.se\/vandravagen\/2012\/12\/17\/veckans-samlade-visdomsord\/#breadcrumb","itemListElement":[{"@type":"ListItem","position":1,"name":"Hem","item":"https:\/\/blogg.svenskakyrkan.se\/vandravagen\/"},{"@type":"ListItem","position":2,"name":"Veckans samlade visdomsord"}]},{"@type":"WebSite","@id":"https:\/\/blogg.svenskakyrkan.se\/vandravagen\/#website","url":"https:\/\/blogg.svenskakyrkan.se\/vandravagen\/","name":"Vandra V\u00e4gen","description":"-Mot en tro f\u00f6r hela livet","publisher":{"@id":"https:\/\/blogg.svenskakyrkan.se\/vandravagen\/#organization"},"potentialAction":[{"@type":"SearchAction","target":{"@type":"EntryPoint","urlTemplate":"https:\/\/blogg.svenskakyrkan.se\/vandravagen\/?s={search_term_string}"},"query-input":{"@type":"PropertyValueSpecification","valueRequired":true,"valueName":"search_term_string"}}],"inLanguage":"sv-SE"},{"@type":"Organization","@id":"https:\/\/blogg.svenskakyrkan.se\/vandravagen\/#organization","name":"ulricehamns pastorat","alternateName":"ulricehamns pastorat","url":"https:\/\/blogg.svenskakyrkan.se\/vandravagen\/","logo":{"@type":"ImageObject","inLanguage":"sv-SE","@id":"https:\/\/blogg.svenskakyrkan.se\/vandravagen\/#\/schema\/logo\/image\/","url":"https:\/\/blogg.svenskakyrkan.se\/vandravagen\/files\/2023\/05\/Ulr_logo_RGB.png","contentUrl":"https:\/\/blogg.svenskakyrkan.se\/vandravagen\/files\/2023\/05\/Ulr_logo_RGB.png","width":205,"height":77,"caption":"ulricehamns pastorat"},"image":{"@id":"https:\/\/blogg.svenskakyrkan.se\/vandravagen\/#\/schema\/logo\/image\/"},"sameAs":["http:\/\/facebook.com\/vandravagen","https:\/\/x.com\/fadertomas","http:\/\/www.facebook.com\/svenskakyrkaniulricehamn"]},{"@type":"Person","@id":"https:\/\/blogg.svenskakyrkan.se\/vandravagen\/#\/schema\/person\/25da02d4f76b137d04291711e2c9fc16","name":"Tomas Jarvid","image":{"@type":"ImageObject","inLanguage":"sv-SE","@id":"https:\/\/blogg.svenskakyrkan.se\/vandravagen\/#\/schema\/person\/image\/","url":"https:\/\/secure.gravatar.com\/avatar\/7fa71899795e8f540f615a1f5ab25255dc27aa40f05ee7ddd21aac521e01bf50?s=96&d=identicon&r=g","contentUrl":"https:\/\/secure.gravatar.com\/avatar\/7fa71899795e8f540f615a1f5ab25255dc27aa40f05ee7ddd21aac521e01bf50?s=96&d=identicon&r=g","caption":"Tomas Jarvid"},"description":"Jag bor i Ulricehamn i V\u00e4sterg\u00f6tland och \u00e4r f\u00f6rsamlingspr\u00e4st i Svenska Kyrkan f\u00f6r Dalstorps f\u00f6rsamling i Kinds pastorat. P\u00e5 den h\u00e4r bloggen skriver jag ner tankar om vandringen som kristen.","sameAs":["http:\/\/www.vandravagen.se"],"url":"https:\/\/blogg.svenskakyrkan.se\/vandravagen\/author\/vandravagen\/"}]}},"author_meta":{"ID":"392","user_nicename":"vandravagen","user_url":"http:\/\/www.vandravagen.se","user_registered":"2014-05-19 05:44:52","display_name":"Tomas Jarvid","first_name":"Tomas","last_name":"Jarvid","avatar":"https:\/\/secure.gravatar.com\/avatar\/7fa71899795e8f540f615a1f5ab25255dc27aa40f05ee7ddd21aac521e01bf50?s=96&d=identicon&r=g"},"featured_image":false,"bloginfo":{"name":"Vandra V\u00e4gen","url":"https:\/\/blogg.svenskakyrkan.se\/vandravagen"},"_links":{"self":[{"href":"https:\/\/blogg.svenskakyrkan.se\/vandravagen\/wp-json\/wp\/v2\/posts\/810","targetHints":{"allow":["GET"]}}],"collection":[{"href":"https:\/\/blogg.svenskakyrkan.se\/vandravagen\/wp-json\/wp\/v2\/posts"}],"about":[{"href":"https:\/\/blogg.svenskakyrkan.se\/vandravagen\/wp-json\/wp\/v2\/types\/post"}],"author":[{"embeddable":true,"href":"https:\/\/blogg.svenskakyrkan.se\/vandravagen\/wp-json\/wp\/v2\/users\/392"}],"replies":[{"embeddable":true,"href":"https:\/\/blogg.svenskakyrkan.se\/vandravagen\/wp-json\/wp\/v2\/comments?post=810"}],"version-history":[{"count":0,"href":"https:\/\/blogg.svenskakyrkan.se\/vandravagen\/wp-json\/wp\/v2\/posts\/810\/revisions"}],"wp:attachment":[{"href":"https:\/\/blogg.svenskakyrkan.se\/vandravagen\/wp-json\/wp\/v2\/media?parent=810"}],"wp:term":[{"taxonomy":"category","embeddable":true,"href":"https:\/\/blogg.svenskakyrkan.se\/vandravagen\/wp-json\/wp\/v2\/categories?post=810"},{"taxonomy":"post_tag","embeddable":true,"href":"https:\/\/blogg.svenskakyrkan.se\/vandravagen\/wp-json\/wp\/v2\/tags?post=810"}],"curies":[{"name":"wp","href":"https:\/\/api.w.org\/{rel}","templated":true}]}}