{"id":811,"date":"2012-12-17T10:55:00","date_gmt":"2012-12-17T09:55:00","guid":{"rendered":"http:\/\/blogg.svenskakyrkan.se\/vandravagen\/2012\/12\/17\/vandra-vagen-har-varit-i-tidningen\/"},"modified":"2012-12-17T10:55:00","modified_gmt":"2012-12-17T09:55:00","slug":"vandra-vagen-har-varit-i-tidningen","status":"publish","type":"post","link":"https:\/\/blogg.svenskakyrkan.se\/vandravagen\/2012\/12\/17\/vandra-vagen-har-varit-i-tidningen\/","title":{"rendered":"Vandra V\u00e4gen har varit i tidningen!"},"content":{"rendered":"<table align=\"center\" cellpadding=\"0\" cellspacing=\"0\">\n<tbody>\n<tr>\n<td><a href=\"http:\/\/1.bp.blogspot.com\/-MPW9IiG165s\/T_52Fr0UcKI\/AAAAAAAAASc\/1l-A6Jr9bVs\/s1600\/P5050027.JPG\"><img loading=\"lazy\" decoding=\"async\" border=\"0\" height=\"400\" src=\"http:\/\/1.bp.blogspot.com\/-MPW9IiG165s\/T_52Fr0UcKI\/AAAAAAAAASc\/1l-A6Jr9bVs\/s400\/P5050027.JPG\" width=\"315\"><\/a><\/td>\n<\/tr>\n<tr>\n<td>Fanfar!<\/td>\n<\/tr>\n<\/tbody>\n<\/table>\n<p>S\u00e5d\u00e4r ja! Ett steg till mot \u00e4ra och ber\u00f6mmelse f\u00f6r denna enkla lilla blogg. Tidningen Dagen har n\u00e4mligen f\u00f6r ett tag sedan h\u00f6rt av sig och st\u00e4llt fr\u00e5gor efter att journalisten st\u00f6tt p\u00e5 inl\u00e4gget om <a href=\"http:\/\/vagenixp.blogspot.se\/2012\/11\/surdegar-i-bibeln-och-livet.html\">surdegar i bibeln och i livet<\/a>. S\u00e5 g\u00e5r det tydligen till nu i gammelmedierna, roligt att bli uppm\u00e4rksammad hursomhelst. Nu har artikeln kommit ut p\u00e5 internet ocks\u00e5. Du hittar den h\u00e4r &#8221;<a href=\"http:\/\/www.dagen.se\/vardag\/darfor-ar-surdegen-viktig-i-bibeln\/\">D\u00e4rf\u00f6r \u00e4r surdegen viktig i Bibeln<\/a>&#8221;.<\/p>\n<p>I artikeln varvas mina tankar snyggt med sj\u00e4lvaste lundabiskopens, inte illa.<\/p><\/p>\n","protected":false},"excerpt":{"rendered":"<p>Fanfar! S\u00e5d\u00e4r ja! Ett steg till mot \u00e4ra och ber\u00f6mmelse f\u00f6r denna enkla lilla blogg. Tidningen Dagen har n\u00e4mligen f\u00f6r ett tag sedan h\u00f6rt av sig och st\u00e4llt fr\u00e5gor efter att journalisten st\u00f6tt p\u00e5 inl\u00e4gget om surdegar i bibeln och i livet. S\u00e5 g\u00e5r det tydligen till nu i gammelmedierna, roligt att bli uppm\u00e4rksammad hursomhelst. [&hellip;]<\/p>\n","protected":false},"author":392,"featured_media":0,"comment_status":"open","ping_status":"open","sticky":false,"template":"","format":"standard","meta":{"_acf_changed":false,"footnotes":""},"categories":[76608],"tags":[],"class_list":["post-811","post","type-post","status-publish","format-standard","hentry","category-bloggen"],"acf":[],"yoast_head":"<!-- This site is optimized with the Yoast SEO plugin v27.1.1 - https:\/\/yoast.com\/product\/yoast-seo-wordpress\/ -->\n<title>Vandra V\u00e4gen har varit i tidningen! - Vandra V\u00e4gen<\/title>\n<meta name=\"robots\" content=\"index, follow, max-snippet:-1, max-image-preview:large, max-video-preview:-1\" \/>\n<link rel=\"canonical\" href=\"https:\/\/blogg.svenskakyrkan.se\/vandravagen\/2012\/12\/17\/vandra-vagen-har-varit-i-tidningen\/\" \/>\n<meta property=\"og:locale\" content=\"sv_SE\" \/>\n<meta property=\"og:type\" content=\"article\" \/>\n<meta property=\"og:title\" content=\"Vandra V\u00e4gen har varit i tidningen! - Vandra V\u00e4gen\" \/>\n<meta property=\"og:description\" content=\"Fanfar! S\u00e5d\u00e4r ja! Ett steg till mot \u00e4ra och ber\u00f6mmelse f\u00f6r denna enkla lilla blogg. Tidningen Dagen har n\u00e4mligen f\u00f6r ett tag sedan h\u00f6rt av sig och st\u00e4llt fr\u00e5gor efter att journalisten st\u00f6tt p\u00e5 inl\u00e4gget om surdegar i bibeln och i livet. S\u00e5 g\u00e5r det tydligen till nu i gammelmedierna, roligt att bli uppm\u00e4rksammad hursomhelst. [&hellip;]\" \/>\n<meta property=\"og:url\" content=\"https:\/\/blogg.svenskakyrkan.se\/vandravagen\/2012\/12\/17\/vandra-vagen-har-varit-i-tidningen\/\" \/>\n<meta property=\"og:site_name\" content=\"Vandra V\u00e4gen\" \/>\n<meta property=\"article:publisher\" content=\"http:\/\/facebook.com\/vandravagen\" \/>\n<meta property=\"article:published_time\" content=\"2012-12-17T09:55:00+00:00\" \/>\n<meta property=\"og:image\" content=\"http:\/\/1.bp.blogspot.com\/-MPW9IiG165s\/T_52Fr0UcKI\/AAAAAAAAASc\/1l-A6Jr9bVs\/s400\/P5050027.JPG\" \/>\n<meta name=\"author\" content=\"Tomas Jarvid\" \/>\n<meta name=\"twitter:card\" content=\"summary_large_image\" \/>\n<meta name=\"twitter:creator\" content=\"@fadertomas\" \/>\n<meta name=\"twitter:site\" content=\"@fadertomas\" \/>\n<meta name=\"twitter:label1\" content=\"Skriven av\" \/>\n\t<meta name=\"twitter:data1\" content=\"Tomas Jarvid\" \/>\n\t<meta name=\"twitter:label2\" content=\"Ber\u00e4knad l\u00e4stid\" \/>\n\t<meta name=\"twitter:data2\" content=\"1 minut\" \/>\n<script type=\"application\/ld+json\" class=\"yoast-schema-graph\">{\"@context\":\"https:\/\/schema.org\",\"@graph\":[{\"@type\":\"Article\",\"@id\":\"https:\/\/blogg.svenskakyrkan.se\/vandravagen\/2012\/12\/17\/vandra-vagen-har-varit-i-tidningen\/#article\",\"isPartOf\":{\"@id\":\"https:\/\/blogg.svenskakyrkan.se\/vandravagen\/2012\/12\/17\/vandra-vagen-har-varit-i-tidningen\/\"},\"author\":{\"name\":\"Tomas Jarvid\",\"@id\":\"https:\/\/blogg.svenskakyrkan.se\/vandravagen\/#\/schema\/person\/25da02d4f76b137d04291711e2c9fc16\"},\"headline\":\"Vandra V\u00e4gen har varit i tidningen!\",\"datePublished\":\"2012-12-17T09:55:00+00:00\",\"mainEntityOfPage\":{\"@id\":\"https:\/\/blogg.svenskakyrkan.se\/vandravagen\/2012\/12\/17\/vandra-vagen-har-varit-i-tidningen\/\"},\"wordCount\":108,\"commentCount\":1,\"publisher\":{\"@id\":\"https:\/\/blogg.svenskakyrkan.se\/vandravagen\/#organization\"},\"image\":{\"@id\":\"https:\/\/blogg.svenskakyrkan.se\/vandravagen\/2012\/12\/17\/vandra-vagen-har-varit-i-tidningen\/#primaryimage\"},\"thumbnailUrl\":\"http:\/\/1.bp.blogspot.com\/-MPW9IiG165s\/T_52Fr0UcKI\/AAAAAAAAASc\/1l-A6Jr9bVs\/s400\/P5050027.JPG\",\"articleSection\":[\"bloggen\"],\"inLanguage\":\"sv-SE\",\"potentialAction\":[{\"@type\":\"CommentAction\",\"name\":\"Comment\",\"target\":[\"https:\/\/blogg.svenskakyrkan.se\/vandravagen\/2012\/12\/17\/vandra-vagen-har-varit-i-tidningen\/#respond\"]}]},{\"@type\":\"WebPage\",\"@id\":\"https:\/\/blogg.svenskakyrkan.se\/vandravagen\/2012\/12\/17\/vandra-vagen-har-varit-i-tidningen\/\",\"url\":\"https:\/\/blogg.svenskakyrkan.se\/vandravagen\/2012\/12\/17\/vandra-vagen-har-varit-i-tidningen\/\",\"name\":\"Vandra V\u00e4gen har varit i tidningen! - Vandra V\u00e4gen\",\"isPartOf\":{\"@id\":\"https:\/\/blogg.svenskakyrkan.se\/vandravagen\/#website\"},\"primaryImageOfPage\":{\"@id\":\"https:\/\/blogg.svenskakyrkan.se\/vandravagen\/2012\/12\/17\/vandra-vagen-har-varit-i-tidningen\/#primaryimage\"},\"image\":{\"@id\":\"https:\/\/blogg.svenskakyrkan.se\/vandravagen\/2012\/12\/17\/vandra-vagen-har-varit-i-tidningen\/#primaryimage\"},\"thumbnailUrl\":\"http:\/\/1.bp.blogspot.com\/-MPW9IiG165s\/T_52Fr0UcKI\/AAAAAAAAASc\/1l-A6Jr9bVs\/s400\/P5050027.JPG\",\"datePublished\":\"2012-12-17T09:55:00+00:00\",\"breadcrumb\":{\"@id\":\"https:\/\/blogg.svenskakyrkan.se\/vandravagen\/2012\/12\/17\/vandra-vagen-har-varit-i-tidningen\/#breadcrumb\"},\"inLanguage\":\"sv-SE\",\"potentialAction\":[{\"@type\":\"ReadAction\",\"target\":[\"https:\/\/blogg.svenskakyrkan.se\/vandravagen\/2012\/12\/17\/vandra-vagen-har-varit-i-tidningen\/\"]}]},{\"@type\":\"ImageObject\",\"inLanguage\":\"sv-SE\",\"@id\":\"https:\/\/blogg.svenskakyrkan.se\/vandravagen\/2012\/12\/17\/vandra-vagen-har-varit-i-tidningen\/#primaryimage\",\"url\":\"http:\/\/1.bp.blogspot.com\/-MPW9IiG165s\/T_52Fr0UcKI\/AAAAAAAAASc\/1l-A6Jr9bVs\/s400\/P5050027.JPG\",\"contentUrl\":\"http:\/\/1.bp.blogspot.com\/-MPW9IiG165s\/T_52Fr0UcKI\/AAAAAAAAASc\/1l-A6Jr9bVs\/s400\/P5050027.JPG\"},{\"@type\":\"BreadcrumbList\",\"@id\":\"https:\/\/blogg.svenskakyrkan.se\/vandravagen\/2012\/12\/17\/vandra-vagen-har-varit-i-tidningen\/#breadcrumb\",\"itemListElement\":[{\"@type\":\"ListItem\",\"position\":1,\"name\":\"Hem\",\"item\":\"https:\/\/blogg.svenskakyrkan.se\/vandravagen\/\"},{\"@type\":\"ListItem\",\"position\":2,\"name\":\"Vandra V\u00e4gen har varit i tidningen!\"}]},{\"@type\":\"WebSite\",\"@id\":\"https:\/\/blogg.svenskakyrkan.se\/vandravagen\/#website\",\"url\":\"https:\/\/blogg.svenskakyrkan.se\/vandravagen\/\",\"name\":\"Vandra V\u00e4gen\",\"description\":\"-Mot en tro f\u00f6r hela livet\",\"publisher\":{\"@id\":\"https:\/\/blogg.svenskakyrkan.se\/vandravagen\/#organization\"},\"potentialAction\":[{\"@type\":\"SearchAction\",\"target\":{\"@type\":\"EntryPoint\",\"urlTemplate\":\"https:\/\/blogg.svenskakyrkan.se\/vandravagen\/?s={search_term_string}\"},\"query-input\":{\"@type\":\"PropertyValueSpecification\",\"valueRequired\":true,\"valueName\":\"search_term_string\"}}],\"inLanguage\":\"sv-SE\"},{\"@type\":\"Organization\",\"@id\":\"https:\/\/blogg.svenskakyrkan.se\/vandravagen\/#organization\",\"name\":\"ulricehamns pastorat\",\"alternateName\":\"ulricehamns pastorat\",\"url\":\"https:\/\/blogg.svenskakyrkan.se\/vandravagen\/\",\"logo\":{\"@type\":\"ImageObject\",\"inLanguage\":\"sv-SE\",\"@id\":\"https:\/\/blogg.svenskakyrkan.se\/vandravagen\/#\/schema\/logo\/image\/\",\"url\":\"https:\/\/blogg.svenskakyrkan.se\/vandravagen\/files\/2023\/05\/Ulr_logo_RGB.png\",\"contentUrl\":\"https:\/\/blogg.svenskakyrkan.se\/vandravagen\/files\/2023\/05\/Ulr_logo_RGB.png\",\"width\":205,\"height\":77,\"caption\":\"ulricehamns pastorat\"},\"image\":{\"@id\":\"https:\/\/blogg.svenskakyrkan.se\/vandravagen\/#\/schema\/logo\/image\/\"},\"sameAs\":[\"http:\/\/facebook.com\/vandravagen\",\"https:\/\/x.com\/fadertomas\",\"http:\/\/www.facebook.com\/svenskakyrkaniulricehamn\"]},{\"@type\":\"Person\",\"@id\":\"https:\/\/blogg.svenskakyrkan.se\/vandravagen\/#\/schema\/person\/25da02d4f76b137d04291711e2c9fc16\",\"name\":\"Tomas Jarvid\",\"image\":{\"@type\":\"ImageObject\",\"inLanguage\":\"sv-SE\",\"@id\":\"https:\/\/blogg.svenskakyrkan.se\/vandravagen\/#\/schema\/person\/image\/\",\"url\":\"https:\/\/secure.gravatar.com\/avatar\/7fa71899795e8f540f615a1f5ab25255dc27aa40f05ee7ddd21aac521e01bf50?s=96&d=identicon&r=g\",\"contentUrl\":\"https:\/\/secure.gravatar.com\/avatar\/7fa71899795e8f540f615a1f5ab25255dc27aa40f05ee7ddd21aac521e01bf50?s=96&d=identicon&r=g\",\"caption\":\"Tomas Jarvid\"},\"description\":\"Jag bor i Ulricehamn i V\u00e4sterg\u00f6tland och \u00e4r f\u00f6rsamlingspr\u00e4st i Svenska Kyrkan f\u00f6r Dalstorps f\u00f6rsamling i Kinds pastorat. P\u00e5 den h\u00e4r bloggen skriver jag ner tankar om vandringen som kristen.\",\"sameAs\":[\"http:\/\/www.vandravagen.se\"],\"url\":\"https:\/\/blogg.svenskakyrkan.se\/vandravagen\/author\/vandravagen\/\"}]}<\/script>\n<!-- \/ Yoast SEO plugin. -->","yoast_head_json":{"title":"Vandra V\u00e4gen har varit i tidningen! - Vandra V\u00e4gen","robots":{"index":"index","follow":"follow","max-snippet":"max-snippet:-1","max-image-preview":"max-image-preview:large","max-video-preview":"max-video-preview:-1"},"canonical":"https:\/\/blogg.svenskakyrkan.se\/vandravagen\/2012\/12\/17\/vandra-vagen-har-varit-i-tidningen\/","og_locale":"sv_SE","og_type":"article","og_title":"Vandra V\u00e4gen har varit i tidningen! - Vandra V\u00e4gen","og_description":"Fanfar! S\u00e5d\u00e4r ja! Ett steg till mot \u00e4ra och ber\u00f6mmelse f\u00f6r denna enkla lilla blogg. Tidningen Dagen har n\u00e4mligen f\u00f6r ett tag sedan h\u00f6rt av sig och st\u00e4llt fr\u00e5gor efter att journalisten st\u00f6tt p\u00e5 inl\u00e4gget om surdegar i bibeln och i livet. S\u00e5 g\u00e5r det tydligen till nu i gammelmedierna, roligt att bli uppm\u00e4rksammad hursomhelst. [&hellip;]","og_url":"https:\/\/blogg.svenskakyrkan.se\/vandravagen\/2012\/12\/17\/vandra-vagen-har-varit-i-tidningen\/","og_site_name":"Vandra V\u00e4gen","article_publisher":"http:\/\/facebook.com\/vandravagen","article_published_time":"2012-12-17T09:55:00+00:00","og_image":[{"url":"http:\/\/1.bp.blogspot.com\/-MPW9IiG165s\/T_52Fr0UcKI\/AAAAAAAAASc\/1l-A6Jr9bVs\/s400\/P5050027.JPG","type":"","width":"","height":""}],"author":"Tomas Jarvid","twitter_card":"summary_large_image","twitter_creator":"@fadertomas","twitter_site":"@fadertomas","twitter_misc":{"Skriven av":"Tomas Jarvid","Ber\u00e4knad l\u00e4stid":"1 minut"},"schema":{"@context":"https:\/\/schema.org","@graph":[{"@type":"Article","@id":"https:\/\/blogg.svenskakyrkan.se\/vandravagen\/2012\/12\/17\/vandra-vagen-har-varit-i-tidningen\/#article","isPartOf":{"@id":"https:\/\/blogg.svenskakyrkan.se\/vandravagen\/2012\/12\/17\/vandra-vagen-har-varit-i-tidningen\/"},"author":{"name":"Tomas Jarvid","@id":"https:\/\/blogg.svenskakyrkan.se\/vandravagen\/#\/schema\/person\/25da02d4f76b137d04291711e2c9fc16"},"headline":"Vandra V\u00e4gen har varit i tidningen!","datePublished":"2012-12-17T09:55:00+00:00","mainEntityOfPage":{"@id":"https:\/\/blogg.svenskakyrkan.se\/vandravagen\/2012\/12\/17\/vandra-vagen-har-varit-i-tidningen\/"},"wordCount":108,"commentCount":1,"publisher":{"@id":"https:\/\/blogg.svenskakyrkan.se\/vandravagen\/#organization"},"image":{"@id":"https:\/\/blogg.svenskakyrkan.se\/vandravagen\/2012\/12\/17\/vandra-vagen-har-varit-i-tidningen\/#primaryimage"},"thumbnailUrl":"http:\/\/1.bp.blogspot.com\/-MPW9IiG165s\/T_52Fr0UcKI\/AAAAAAAAASc\/1l-A6Jr9bVs\/s400\/P5050027.JPG","articleSection":["bloggen"],"inLanguage":"sv-SE","potentialAction":[{"@type":"CommentAction","name":"Comment","target":["https:\/\/blogg.svenskakyrkan.se\/vandravagen\/2012\/12\/17\/vandra-vagen-har-varit-i-tidningen\/#respond"]}]},{"@type":"WebPage","@id":"https:\/\/blogg.svenskakyrkan.se\/vandravagen\/2012\/12\/17\/vandra-vagen-har-varit-i-tidningen\/","url":"https:\/\/blogg.svenskakyrkan.se\/vandravagen\/2012\/12\/17\/vandra-vagen-har-varit-i-tidningen\/","name":"Vandra V\u00e4gen har varit i tidningen! - Vandra V\u00e4gen","isPartOf":{"@id":"https:\/\/blogg.svenskakyrkan.se\/vandravagen\/#website"},"primaryImageOfPage":{"@id":"https:\/\/blogg.svenskakyrkan.se\/vandravagen\/2012\/12\/17\/vandra-vagen-har-varit-i-tidningen\/#primaryimage"},"image":{"@id":"https:\/\/blogg.svenskakyrkan.se\/vandravagen\/2012\/12\/17\/vandra-vagen-har-varit-i-tidningen\/#primaryimage"},"thumbnailUrl":"http:\/\/1.bp.blogspot.com\/-MPW9IiG165s\/T_52Fr0UcKI\/AAAAAAAAASc\/1l-A6Jr9bVs\/s400\/P5050027.JPG","datePublished":"2012-12-17T09:55:00+00:00","breadcrumb":{"@id":"https:\/\/blogg.svenskakyrkan.se\/vandravagen\/2012\/12\/17\/vandra-vagen-har-varit-i-tidningen\/#breadcrumb"},"inLanguage":"sv-SE","potentialAction":[{"@type":"ReadAction","target":["https:\/\/blogg.svenskakyrkan.se\/vandravagen\/2012\/12\/17\/vandra-vagen-har-varit-i-tidningen\/"]}]},{"@type":"ImageObject","inLanguage":"sv-SE","@id":"https:\/\/blogg.svenskakyrkan.se\/vandravagen\/2012\/12\/17\/vandra-vagen-har-varit-i-tidningen\/#primaryimage","url":"http:\/\/1.bp.blogspot.com\/-MPW9IiG165s\/T_52Fr0UcKI\/AAAAAAAAASc\/1l-A6Jr9bVs\/s400\/P5050027.JPG","contentUrl":"http:\/\/1.bp.blogspot.com\/-MPW9IiG165s\/T_52Fr0UcKI\/AAAAAAAAASc\/1l-A6Jr9bVs\/s400\/P5050027.JPG"},{"@type":"BreadcrumbList","@id":"https:\/\/blogg.svenskakyrkan.se\/vandravagen\/2012\/12\/17\/vandra-vagen-har-varit-i-tidningen\/#breadcrumb","itemListElement":[{"@type":"ListItem","position":1,"name":"Hem","item":"https:\/\/blogg.svenskakyrkan.se\/vandravagen\/"},{"@type":"ListItem","position":2,"name":"Vandra V\u00e4gen har varit i tidningen!"}]},{"@type":"WebSite","@id":"https:\/\/blogg.svenskakyrkan.se\/vandravagen\/#website","url":"https:\/\/blogg.svenskakyrkan.se\/vandravagen\/","name":"Vandra V\u00e4gen","description":"-Mot en tro f\u00f6r hela livet","publisher":{"@id":"https:\/\/blogg.svenskakyrkan.se\/vandravagen\/#organization"},"potentialAction":[{"@type":"SearchAction","target":{"@type":"EntryPoint","urlTemplate":"https:\/\/blogg.svenskakyrkan.se\/vandravagen\/?s={search_term_string}"},"query-input":{"@type":"PropertyValueSpecification","valueRequired":true,"valueName":"search_term_string"}}],"inLanguage":"sv-SE"},{"@type":"Organization","@id":"https:\/\/blogg.svenskakyrkan.se\/vandravagen\/#organization","name":"ulricehamns pastorat","alternateName":"ulricehamns pastorat","url":"https:\/\/blogg.svenskakyrkan.se\/vandravagen\/","logo":{"@type":"ImageObject","inLanguage":"sv-SE","@id":"https:\/\/blogg.svenskakyrkan.se\/vandravagen\/#\/schema\/logo\/image\/","url":"https:\/\/blogg.svenskakyrkan.se\/vandravagen\/files\/2023\/05\/Ulr_logo_RGB.png","contentUrl":"https:\/\/blogg.svenskakyrkan.se\/vandravagen\/files\/2023\/05\/Ulr_logo_RGB.png","width":205,"height":77,"caption":"ulricehamns pastorat"},"image":{"@id":"https:\/\/blogg.svenskakyrkan.se\/vandravagen\/#\/schema\/logo\/image\/"},"sameAs":["http:\/\/facebook.com\/vandravagen","https:\/\/x.com\/fadertomas","http:\/\/www.facebook.com\/svenskakyrkaniulricehamn"]},{"@type":"Person","@id":"https:\/\/blogg.svenskakyrkan.se\/vandravagen\/#\/schema\/person\/25da02d4f76b137d04291711e2c9fc16","name":"Tomas Jarvid","image":{"@type":"ImageObject","inLanguage":"sv-SE","@id":"https:\/\/blogg.svenskakyrkan.se\/vandravagen\/#\/schema\/person\/image\/","url":"https:\/\/secure.gravatar.com\/avatar\/7fa71899795e8f540f615a1f5ab25255dc27aa40f05ee7ddd21aac521e01bf50?s=96&d=identicon&r=g","contentUrl":"https:\/\/secure.gravatar.com\/avatar\/7fa71899795e8f540f615a1f5ab25255dc27aa40f05ee7ddd21aac521e01bf50?s=96&d=identicon&r=g","caption":"Tomas Jarvid"},"description":"Jag bor i Ulricehamn i V\u00e4sterg\u00f6tland och \u00e4r f\u00f6rsamlingspr\u00e4st i Svenska Kyrkan f\u00f6r Dalstorps f\u00f6rsamling i Kinds pastorat. P\u00e5 den h\u00e4r bloggen skriver jag ner tankar om vandringen som kristen.","sameAs":["http:\/\/www.vandravagen.se"],"url":"https:\/\/blogg.svenskakyrkan.se\/vandravagen\/author\/vandravagen\/"}]}},"author_meta":{"ID":"392","user_nicename":"vandravagen","user_url":"http:\/\/www.vandravagen.se","user_registered":"2014-05-19 05:44:52","display_name":"Tomas Jarvid","first_name":"Tomas","last_name":"Jarvid","avatar":"https:\/\/secure.gravatar.com\/avatar\/7fa71899795e8f540f615a1f5ab25255dc27aa40f05ee7ddd21aac521e01bf50?s=96&d=identicon&r=g"},"featured_image":false,"bloginfo":{"name":"Vandra V\u00e4gen","url":"https:\/\/blogg.svenskakyrkan.se\/vandravagen"},"_links":{"self":[{"href":"https:\/\/blogg.svenskakyrkan.se\/vandravagen\/wp-json\/wp\/v2\/posts\/811","targetHints":{"allow":["GET"]}}],"collection":[{"href":"https:\/\/blogg.svenskakyrkan.se\/vandravagen\/wp-json\/wp\/v2\/posts"}],"about":[{"href":"https:\/\/blogg.svenskakyrkan.se\/vandravagen\/wp-json\/wp\/v2\/types\/post"}],"author":[{"embeddable":true,"href":"https:\/\/blogg.svenskakyrkan.se\/vandravagen\/wp-json\/wp\/v2\/users\/392"}],"replies":[{"embeddable":true,"href":"https:\/\/blogg.svenskakyrkan.se\/vandravagen\/wp-json\/wp\/v2\/comments?post=811"}],"version-history":[{"count":0,"href":"https:\/\/blogg.svenskakyrkan.se\/vandravagen\/wp-json\/wp\/v2\/posts\/811\/revisions"}],"wp:attachment":[{"href":"https:\/\/blogg.svenskakyrkan.se\/vandravagen\/wp-json\/wp\/v2\/media?parent=811"}],"wp:term":[{"taxonomy":"category","embeddable":true,"href":"https:\/\/blogg.svenskakyrkan.se\/vandravagen\/wp-json\/wp\/v2\/categories?post=811"},{"taxonomy":"post_tag","embeddable":true,"href":"https:\/\/blogg.svenskakyrkan.se\/vandravagen\/wp-json\/wp\/v2\/tags?post=811"}],"curies":[{"name":"wp","href":"https:\/\/api.w.org\/{rel}","templated":true}]}}