{"id":8140,"date":"2020-10-23T07:00:10","date_gmt":"2020-10-23T05:00:10","guid":{"rendered":"http:\/\/blogg.svenskakyrkan.se\/vandravagen\/?p=8140"},"modified":"2020-10-22T22:26:05","modified_gmt":"2020-10-22T20:26:05","slug":"en-lag-som-gor-att-man-slipper-spa-i-inalvor","status":"publish","type":"post","link":"https:\/\/blogg.svenskakyrkan.se\/vandravagen\/2020\/10\/23\/en-lag-som-gor-att-man-slipper-spa-i-inalvor\/","title":{"rendered":"En lag som g\u00f6r att man slipper sp\u00e5 i in\u00e4lvor"},"content":{"rendered":"\n\n\n<figure class=\"wp-block-image size-large\"><img loading=\"lazy\" decoding=\"async\" width=\"694\" height=\"900\" src=\"https:\/\/blogg.svenskakyrkan.se\/vandravagen\/files\/2020\/10\/IMG_6395.jpg\" alt=\"\" class=\"wp-image-8227\" srcset=\"https:\/\/blogg.svenskakyrkan.se\/vandravagen\/files\/2020\/10\/IMG_6395.jpg 694w, https:\/\/blogg.svenskakyrkan.se\/vandravagen\/files\/2020\/10\/IMG_6395-300x389.jpg 300w\" sizes=\"auto, (max-width: 694px) 100vw, 694px\" \/><figcaption>Mose med sina bud. Sk\u00f6nt att f\u00e5 veta Guds vilja!<\/figcaption><\/figure>\n\n\n\n<p>Gud gav Israels folk Toran, de 10 orden, och s\u00e5 en hel m\u00e4ngd andra bud att f\u00f6lja. F\u00f6r de flesta m\u00e4nniskor verkar det <strong>inte s\u00e4rskilt fantastiskt att f\u00e5 en m\u00e4ngd regler?<\/strong><\/p>\n\n\n\n<p><strong>Men t\u00e4nk d\u00e5 p\u00e5 f\u00f6ljande<\/strong>. F\u00f6r andra folk vid samma tid var det extremt sv\u00e5rt att veta gudarnas vilja. Man sp\u00e5dde i in\u00e4lvor p\u00e5 djur eller hade orakel som skulle uttyda vad gudarna egentligen ville. Hela tiden kunde man vara orolig att r\u00e5ka g\u00f6ra n\u00e5got som f\u00f6rargade gudarna utan att man visste om det. Carmen Joy Imes (\u00e4ven denna bloggpost l\u00e5nar det mesta fr\u00e5n hennes bok &#8221;Bearing Gods name&#8221;) ger exempel p\u00e5 en b\u00f6n samtida med bibelns d\u00e4r den stackars bedjaren ber om f\u00f6rl\u00e5telse f\u00f6r saker hon kanske r\u00e5kat g\u00f6ra mot gudens vilja utan att veta om det.<\/p>\n\n\n\n<p>I kontrast har vi Toran, moselagen. Mycket grundligt f\u00e5r folket l\u00e4ra k\u00e4nna Guds vilja. Inte nog med det. De f\u00e5r ocks\u00e5 f\u00f6rst\u00e5 att Gud inte pl\u00f6tsligt kommer \u00e4ndra sig utan st\u00e5 fast vid detta \u00e4ven fram\u00f6ver, n\u00e5got som inte heller var sj\u00e4lvklart vad g\u00e4ller ombytliga stamgudar i antiken.<\/p>\n\n\n\n<p>Aprop\u00e5 det d\u00e4r med att f\u00e5 regler s\u00e5 menar ocks\u00e5 Carmen Joy Imes att det finns v\u00e4ldigt lite bel\u00e4gg f\u00f6r att Toran anv\u00e4ndes i r\u00e4ttskipning. Den fungerade snarare ofta som moraliskt r\u00e4ttesn\u00f6re, som en bild av det goda samh\u00e4llet n\u00e4r alla lever efter Guds vilja.<\/p>\n\n\n\n<p>Och, f\u00f6r att hamra p\u00e5 en spik jag slagit p\u00e5 f\u00f6rut, detta \u00e4r gott \u00e4ven f\u00f6r oss. Nu g\u00e5r det inte riktigt att \u00f6vers\u00e4tta Toran s\u00e5 att den blir riktad rakt av till oss men jag har st\u00f6tt p\u00e5 fr\u00e5n olika h\u00e5ll p\u00e5 senaste tiden att ett problem f\u00f6r nutidsm\u00e4nniskan \u00e4r att hon forts\u00e4tter vara en syndare. Men hon vet inte vad hon har f\u00f6r skuld.<\/p>\n\n\n\n<p>\u00c4ven den som inte tror sig ansvarig f\u00f6r sitt liv inf\u00f6r Gud lever med en k\u00e4nsla av att vara syndare. Att vara otillr\u00e4cklig p\u00e5 n\u00e5got s\u00e4tt och beh\u00f6va f\u00e5 godk\u00e4nnande \u00f6ver sitt liv n\u00e5gonstansifr\u00e5n. Om inte fr\u00e5n Gud s\u00e5 fr\u00e5n samh\u00e4llet eller omgivningen. Ingen av oss klarar att st\u00e5 stadigt helt sj\u00e4lva, inte n\u00e4r det kommer till kritan. <\/p>\n\n\n\n<p>D\u00e5 \u00e4r det b\u00e4ttre ocks\u00e5 f\u00f6r oss att f\u00e5 ha l\u00e4rt k\u00e4nna Guds vilja och l\u00e5ta den vara det vi m\u00e4ter v\u00e5ra liv efter. Den \u00e4r inte ombytlig som tidsandan och den \u00e4r klart uttalad och vi l\u00e4r k\u00e4nna den via den k\u00e4rleksfulle Jesus Kristus som vill oss v\u00e4l.<\/p>\n\n\n\n<p>Vad s\u00e4ger du om detta? Jag \u00e4r glad att ta del av dina tankar!<\/p>\n","protected":false},"excerpt":{"rendered":"<p>Gud gav Israels folk Toran, de 10 orden, och s\u00e5 en hel m\u00e4ngd andra bud att f\u00f6lja. F\u00f6r de flesta m\u00e4nniskor verkar det inte s\u00e4rskilt fantastiskt att f\u00e5 en m\u00e4ngd regler? Men t\u00e4nk d\u00e5 p\u00e5 f\u00f6ljande. F\u00f6r andra folk vid samma tid var det extremt sv\u00e5rt att veta gudarnas vilja. Man sp\u00e5dde i in\u00e4lvor p\u00e5 [&hellip;]<\/p>\n","protected":false},"author":392,"featured_media":8227,"comment_status":"open","ping_status":"open","sticky":false,"template":"","format":"standard","meta":{"_acf_changed":false,"footnotes":""},"categories":[14252,8298,117],"tags":[],"class_list":["post-8140","post","type-post","status-publish","format-standard","has-post-thumbnail","hentry","category-bibel","category-bibeln","category-teologi"],"acf":[],"yoast_head":"<!-- This site is optimized with the Yoast SEO plugin v27.1.1 - https:\/\/yoast.com\/product\/yoast-seo-wordpress\/ -->\n<title>En lag som g\u00f6r att man slipper sp\u00e5 i in\u00e4lvor - Vandra V\u00e4gen<\/title>\n<meta name=\"robots\" content=\"index, follow, max-snippet:-1, max-image-preview:large, max-video-preview:-1\" \/>\n<link rel=\"canonical\" href=\"https:\/\/blogg.svenskakyrkan.se\/vandravagen\/2020\/10\/23\/en-lag-som-gor-att-man-slipper-spa-i-inalvor\/\" \/>\n<meta property=\"og:locale\" content=\"sv_SE\" \/>\n<meta property=\"og:type\" content=\"article\" \/>\n<meta property=\"og:title\" content=\"En lag som g\u00f6r att man slipper sp\u00e5 i in\u00e4lvor - Vandra V\u00e4gen\" \/>\n<meta property=\"og:description\" content=\"Gud gav Israels folk Toran, de 10 orden, och s\u00e5 en hel m\u00e4ngd andra bud att f\u00f6lja. F\u00f6r de flesta m\u00e4nniskor verkar det inte s\u00e4rskilt fantastiskt att f\u00e5 en m\u00e4ngd regler? Men t\u00e4nk d\u00e5 p\u00e5 f\u00f6ljande. F\u00f6r andra folk vid samma tid var det extremt sv\u00e5rt att veta gudarnas vilja. Man sp\u00e5dde i in\u00e4lvor p\u00e5 [&hellip;]\" \/>\n<meta property=\"og:url\" content=\"https:\/\/blogg.svenskakyrkan.se\/vandravagen\/2020\/10\/23\/en-lag-som-gor-att-man-slipper-spa-i-inalvor\/\" \/>\n<meta property=\"og:site_name\" content=\"Vandra V\u00e4gen\" \/>\n<meta property=\"article:publisher\" content=\"http:\/\/facebook.com\/vandravagen\" \/>\n<meta property=\"article:published_time\" content=\"2020-10-23T05:00:10+00:00\" \/>\n<meta property=\"og:image\" content=\"https:\/\/blogg.svenskakyrkan.se\/vandravagen\/files\/2020\/10\/IMG_6395.jpg\" \/>\n\t<meta property=\"og:image:width\" content=\"694\" \/>\n\t<meta property=\"og:image:height\" content=\"900\" \/>\n\t<meta property=\"og:image:type\" content=\"image\/jpeg\" \/>\n<meta name=\"author\" content=\"Tomas Jarvid\" \/>\n<meta name=\"twitter:card\" content=\"summary_large_image\" \/>\n<meta name=\"twitter:creator\" content=\"@fadertomas\" \/>\n<meta name=\"twitter:site\" content=\"@fadertomas\" \/>\n<meta name=\"twitter:label1\" content=\"Skriven av\" \/>\n\t<meta name=\"twitter:data1\" content=\"Tomas Jarvid\" \/>\n\t<meta name=\"twitter:label2\" content=\"Ber\u00e4knad l\u00e4stid\" \/>\n\t<meta name=\"twitter:data2\" content=\"3 minuter\" \/>\n<script type=\"application\/ld+json\" class=\"yoast-schema-graph\">{\"@context\":\"https:\/\/schema.org\",\"@graph\":[{\"@type\":\"Article\",\"@id\":\"https:\/\/blogg.svenskakyrkan.se\/vandravagen\/2020\/10\/23\/en-lag-som-gor-att-man-slipper-spa-i-inalvor\/#article\",\"isPartOf\":{\"@id\":\"https:\/\/blogg.svenskakyrkan.se\/vandravagen\/2020\/10\/23\/en-lag-som-gor-att-man-slipper-spa-i-inalvor\/\"},\"author\":{\"name\":\"Tomas Jarvid\",\"@id\":\"https:\/\/blogg.svenskakyrkan.se\/vandravagen\/#\/schema\/person\/25da02d4f76b137d04291711e2c9fc16\"},\"headline\":\"En lag som g\u00f6r att man slipper sp\u00e5 i in\u00e4lvor\",\"datePublished\":\"2020-10-23T05:00:10+00:00\",\"mainEntityOfPage\":{\"@id\":\"https:\/\/blogg.svenskakyrkan.se\/vandravagen\/2020\/10\/23\/en-lag-som-gor-att-man-slipper-spa-i-inalvor\/\"},\"wordCount\":515,\"commentCount\":4,\"publisher\":{\"@id\":\"https:\/\/blogg.svenskakyrkan.se\/vandravagen\/#organization\"},\"image\":{\"@id\":\"https:\/\/blogg.svenskakyrkan.se\/vandravagen\/2020\/10\/23\/en-lag-som-gor-att-man-slipper-spa-i-inalvor\/#primaryimage\"},\"thumbnailUrl\":\"https:\/\/blogg.svenskakyrkan.se\/vandravagen\/files\/2020\/10\/IMG_6395.jpg\",\"articleSection\":[\"bibel\",\"Bibeln\",\"Teologi\"],\"inLanguage\":\"sv-SE\",\"potentialAction\":[{\"@type\":\"CommentAction\",\"name\":\"Comment\",\"target\":[\"https:\/\/blogg.svenskakyrkan.se\/vandravagen\/2020\/10\/23\/en-lag-som-gor-att-man-slipper-spa-i-inalvor\/#respond\"]}]},{\"@type\":\"WebPage\",\"@id\":\"https:\/\/blogg.svenskakyrkan.se\/vandravagen\/2020\/10\/23\/en-lag-som-gor-att-man-slipper-spa-i-inalvor\/\",\"url\":\"https:\/\/blogg.svenskakyrkan.se\/vandravagen\/2020\/10\/23\/en-lag-som-gor-att-man-slipper-spa-i-inalvor\/\",\"name\":\"En lag som g\u00f6r att man slipper sp\u00e5 i in\u00e4lvor - Vandra V\u00e4gen\",\"isPartOf\":{\"@id\":\"https:\/\/blogg.svenskakyrkan.se\/vandravagen\/#website\"},\"primaryImageOfPage\":{\"@id\":\"https:\/\/blogg.svenskakyrkan.se\/vandravagen\/2020\/10\/23\/en-lag-som-gor-att-man-slipper-spa-i-inalvor\/#primaryimage\"},\"image\":{\"@id\":\"https:\/\/blogg.svenskakyrkan.se\/vandravagen\/2020\/10\/23\/en-lag-som-gor-att-man-slipper-spa-i-inalvor\/#primaryimage\"},\"thumbnailUrl\":\"https:\/\/blogg.svenskakyrkan.se\/vandravagen\/files\/2020\/10\/IMG_6395.jpg\",\"datePublished\":\"2020-10-23T05:00:10+00:00\",\"breadcrumb\":{\"@id\":\"https:\/\/blogg.svenskakyrkan.se\/vandravagen\/2020\/10\/23\/en-lag-som-gor-att-man-slipper-spa-i-inalvor\/#breadcrumb\"},\"inLanguage\":\"sv-SE\",\"potentialAction\":[{\"@type\":\"ReadAction\",\"target\":[\"https:\/\/blogg.svenskakyrkan.se\/vandravagen\/2020\/10\/23\/en-lag-som-gor-att-man-slipper-spa-i-inalvor\/\"]}]},{\"@type\":\"ImageObject\",\"inLanguage\":\"sv-SE\",\"@id\":\"https:\/\/blogg.svenskakyrkan.se\/vandravagen\/2020\/10\/23\/en-lag-som-gor-att-man-slipper-spa-i-inalvor\/#primaryimage\",\"url\":\"https:\/\/blogg.svenskakyrkan.se\/vandravagen\/files\/2020\/10\/IMG_6395.jpg\",\"contentUrl\":\"https:\/\/blogg.svenskakyrkan.se\/vandravagen\/files\/2020\/10\/IMG_6395.jpg\",\"width\":694,\"height\":900},{\"@type\":\"BreadcrumbList\",\"@id\":\"https:\/\/blogg.svenskakyrkan.se\/vandravagen\/2020\/10\/23\/en-lag-som-gor-att-man-slipper-spa-i-inalvor\/#breadcrumb\",\"itemListElement\":[{\"@type\":\"ListItem\",\"position\":1,\"name\":\"Hem\",\"item\":\"https:\/\/blogg.svenskakyrkan.se\/vandravagen\/\"},{\"@type\":\"ListItem\",\"position\":2,\"name\":\"En lag som g\u00f6r att man slipper sp\u00e5 i in\u00e4lvor\"}]},{\"@type\":\"WebSite\",\"@id\":\"https:\/\/blogg.svenskakyrkan.se\/vandravagen\/#website\",\"url\":\"https:\/\/blogg.svenskakyrkan.se\/vandravagen\/\",\"name\":\"Vandra V\u00e4gen\",\"description\":\"-Mot en tro f\u00f6r hela livet\",\"publisher\":{\"@id\":\"https:\/\/blogg.svenskakyrkan.se\/vandravagen\/#organization\"},\"potentialAction\":[{\"@type\":\"SearchAction\",\"target\":{\"@type\":\"EntryPoint\",\"urlTemplate\":\"https:\/\/blogg.svenskakyrkan.se\/vandravagen\/?s={search_term_string}\"},\"query-input\":{\"@type\":\"PropertyValueSpecification\",\"valueRequired\":true,\"valueName\":\"search_term_string\"}}],\"inLanguage\":\"sv-SE\"},{\"@type\":\"Organization\",\"@id\":\"https:\/\/blogg.svenskakyrkan.se\/vandravagen\/#organization\",\"name\":\"ulricehamns pastorat\",\"alternateName\":\"ulricehamns pastorat\",\"url\":\"https:\/\/blogg.svenskakyrkan.se\/vandravagen\/\",\"logo\":{\"@type\":\"ImageObject\",\"inLanguage\":\"sv-SE\",\"@id\":\"https:\/\/blogg.svenskakyrkan.se\/vandravagen\/#\/schema\/logo\/image\/\",\"url\":\"https:\/\/blogg.svenskakyrkan.se\/vandravagen\/files\/2023\/05\/Ulr_logo_RGB.png\",\"contentUrl\":\"https:\/\/blogg.svenskakyrkan.se\/vandravagen\/files\/2023\/05\/Ulr_logo_RGB.png\",\"width\":205,\"height\":77,\"caption\":\"ulricehamns pastorat\"},\"image\":{\"@id\":\"https:\/\/blogg.svenskakyrkan.se\/vandravagen\/#\/schema\/logo\/image\/\"},\"sameAs\":[\"http:\/\/facebook.com\/vandravagen\",\"https:\/\/x.com\/fadertomas\",\"http:\/\/www.facebook.com\/svenskakyrkaniulricehamn\"]},{\"@type\":\"Person\",\"@id\":\"https:\/\/blogg.svenskakyrkan.se\/vandravagen\/#\/schema\/person\/25da02d4f76b137d04291711e2c9fc16\",\"name\":\"Tomas Jarvid\",\"image\":{\"@type\":\"ImageObject\",\"inLanguage\":\"sv-SE\",\"@id\":\"https:\/\/blogg.svenskakyrkan.se\/vandravagen\/#\/schema\/person\/image\/\",\"url\":\"https:\/\/secure.gravatar.com\/avatar\/7fa71899795e8f540f615a1f5ab25255dc27aa40f05ee7ddd21aac521e01bf50?s=96&d=identicon&r=g\",\"contentUrl\":\"https:\/\/secure.gravatar.com\/avatar\/7fa71899795e8f540f615a1f5ab25255dc27aa40f05ee7ddd21aac521e01bf50?s=96&d=identicon&r=g\",\"caption\":\"Tomas Jarvid\"},\"description\":\"Jag bor i Ulricehamn i V\u00e4sterg\u00f6tland och \u00e4r f\u00f6rsamlingspr\u00e4st i Svenska Kyrkan f\u00f6r Dalstorps f\u00f6rsamling i Kinds pastorat. P\u00e5 den h\u00e4r bloggen skriver jag ner tankar om vandringen som kristen.\",\"sameAs\":[\"http:\/\/www.vandravagen.se\"],\"url\":\"https:\/\/blogg.svenskakyrkan.se\/vandravagen\/author\/vandravagen\/\"}]}<\/script>\n<!-- \/ Yoast SEO plugin. -->","yoast_head_json":{"title":"En lag som g\u00f6r att man slipper sp\u00e5 i in\u00e4lvor - Vandra V\u00e4gen","robots":{"index":"index","follow":"follow","max-snippet":"max-snippet:-1","max-image-preview":"max-image-preview:large","max-video-preview":"max-video-preview:-1"},"canonical":"https:\/\/blogg.svenskakyrkan.se\/vandravagen\/2020\/10\/23\/en-lag-som-gor-att-man-slipper-spa-i-inalvor\/","og_locale":"sv_SE","og_type":"article","og_title":"En lag som g\u00f6r att man slipper sp\u00e5 i in\u00e4lvor - Vandra V\u00e4gen","og_description":"Gud gav Israels folk Toran, de 10 orden, och s\u00e5 en hel m\u00e4ngd andra bud att f\u00f6lja. F\u00f6r de flesta m\u00e4nniskor verkar det inte s\u00e4rskilt fantastiskt att f\u00e5 en m\u00e4ngd regler? Men t\u00e4nk d\u00e5 p\u00e5 f\u00f6ljande. F\u00f6r andra folk vid samma tid var det extremt sv\u00e5rt att veta gudarnas vilja. Man sp\u00e5dde i in\u00e4lvor p\u00e5 [&hellip;]","og_url":"https:\/\/blogg.svenskakyrkan.se\/vandravagen\/2020\/10\/23\/en-lag-som-gor-att-man-slipper-spa-i-inalvor\/","og_site_name":"Vandra V\u00e4gen","article_publisher":"http:\/\/facebook.com\/vandravagen","article_published_time":"2020-10-23T05:00:10+00:00","og_image":[{"width":694,"height":900,"url":"https:\/\/blogg.svenskakyrkan.se\/vandravagen\/files\/2020\/10\/IMG_6395.jpg","type":"image\/jpeg"}],"author":"Tomas Jarvid","twitter_card":"summary_large_image","twitter_creator":"@fadertomas","twitter_site":"@fadertomas","twitter_misc":{"Skriven av":"Tomas Jarvid","Ber\u00e4knad l\u00e4stid":"3 minuter"},"schema":{"@context":"https:\/\/schema.org","@graph":[{"@type":"Article","@id":"https:\/\/blogg.svenskakyrkan.se\/vandravagen\/2020\/10\/23\/en-lag-som-gor-att-man-slipper-spa-i-inalvor\/#article","isPartOf":{"@id":"https:\/\/blogg.svenskakyrkan.se\/vandravagen\/2020\/10\/23\/en-lag-som-gor-att-man-slipper-spa-i-inalvor\/"},"author":{"name":"Tomas Jarvid","@id":"https:\/\/blogg.svenskakyrkan.se\/vandravagen\/#\/schema\/person\/25da02d4f76b137d04291711e2c9fc16"},"headline":"En lag som g\u00f6r att man slipper sp\u00e5 i in\u00e4lvor","datePublished":"2020-10-23T05:00:10+00:00","mainEntityOfPage":{"@id":"https:\/\/blogg.svenskakyrkan.se\/vandravagen\/2020\/10\/23\/en-lag-som-gor-att-man-slipper-spa-i-inalvor\/"},"wordCount":515,"commentCount":4,"publisher":{"@id":"https:\/\/blogg.svenskakyrkan.se\/vandravagen\/#organization"},"image":{"@id":"https:\/\/blogg.svenskakyrkan.se\/vandravagen\/2020\/10\/23\/en-lag-som-gor-att-man-slipper-spa-i-inalvor\/#primaryimage"},"thumbnailUrl":"https:\/\/blogg.svenskakyrkan.se\/vandravagen\/files\/2020\/10\/IMG_6395.jpg","articleSection":["bibel","Bibeln","Teologi"],"inLanguage":"sv-SE","potentialAction":[{"@type":"CommentAction","name":"Comment","target":["https:\/\/blogg.svenskakyrkan.se\/vandravagen\/2020\/10\/23\/en-lag-som-gor-att-man-slipper-spa-i-inalvor\/#respond"]}]},{"@type":"WebPage","@id":"https:\/\/blogg.svenskakyrkan.se\/vandravagen\/2020\/10\/23\/en-lag-som-gor-att-man-slipper-spa-i-inalvor\/","url":"https:\/\/blogg.svenskakyrkan.se\/vandravagen\/2020\/10\/23\/en-lag-som-gor-att-man-slipper-spa-i-inalvor\/","name":"En lag som g\u00f6r att man slipper sp\u00e5 i in\u00e4lvor - Vandra V\u00e4gen","isPartOf":{"@id":"https:\/\/blogg.svenskakyrkan.se\/vandravagen\/#website"},"primaryImageOfPage":{"@id":"https:\/\/blogg.svenskakyrkan.se\/vandravagen\/2020\/10\/23\/en-lag-som-gor-att-man-slipper-spa-i-inalvor\/#primaryimage"},"image":{"@id":"https:\/\/blogg.svenskakyrkan.se\/vandravagen\/2020\/10\/23\/en-lag-som-gor-att-man-slipper-spa-i-inalvor\/#primaryimage"},"thumbnailUrl":"https:\/\/blogg.svenskakyrkan.se\/vandravagen\/files\/2020\/10\/IMG_6395.jpg","datePublished":"2020-10-23T05:00:10+00:00","breadcrumb":{"@id":"https:\/\/blogg.svenskakyrkan.se\/vandravagen\/2020\/10\/23\/en-lag-som-gor-att-man-slipper-spa-i-inalvor\/#breadcrumb"},"inLanguage":"sv-SE","potentialAction":[{"@type":"ReadAction","target":["https:\/\/blogg.svenskakyrkan.se\/vandravagen\/2020\/10\/23\/en-lag-som-gor-att-man-slipper-spa-i-inalvor\/"]}]},{"@type":"ImageObject","inLanguage":"sv-SE","@id":"https:\/\/blogg.svenskakyrkan.se\/vandravagen\/2020\/10\/23\/en-lag-som-gor-att-man-slipper-spa-i-inalvor\/#primaryimage","url":"https:\/\/blogg.svenskakyrkan.se\/vandravagen\/files\/2020\/10\/IMG_6395.jpg","contentUrl":"https:\/\/blogg.svenskakyrkan.se\/vandravagen\/files\/2020\/10\/IMG_6395.jpg","width":694,"height":900},{"@type":"BreadcrumbList","@id":"https:\/\/blogg.svenskakyrkan.se\/vandravagen\/2020\/10\/23\/en-lag-som-gor-att-man-slipper-spa-i-inalvor\/#breadcrumb","itemListElement":[{"@type":"ListItem","position":1,"name":"Hem","item":"https:\/\/blogg.svenskakyrkan.se\/vandravagen\/"},{"@type":"ListItem","position":2,"name":"En lag som g\u00f6r att man slipper sp\u00e5 i in\u00e4lvor"}]},{"@type":"WebSite","@id":"https:\/\/blogg.svenskakyrkan.se\/vandravagen\/#website","url":"https:\/\/blogg.svenskakyrkan.se\/vandravagen\/","name":"Vandra V\u00e4gen","description":"-Mot en tro f\u00f6r hela livet","publisher":{"@id":"https:\/\/blogg.svenskakyrkan.se\/vandravagen\/#organization"},"potentialAction":[{"@type":"SearchAction","target":{"@type":"EntryPoint","urlTemplate":"https:\/\/blogg.svenskakyrkan.se\/vandravagen\/?s={search_term_string}"},"query-input":{"@type":"PropertyValueSpecification","valueRequired":true,"valueName":"search_term_string"}}],"inLanguage":"sv-SE"},{"@type":"Organization","@id":"https:\/\/blogg.svenskakyrkan.se\/vandravagen\/#organization","name":"ulricehamns pastorat","alternateName":"ulricehamns pastorat","url":"https:\/\/blogg.svenskakyrkan.se\/vandravagen\/","logo":{"@type":"ImageObject","inLanguage":"sv-SE","@id":"https:\/\/blogg.svenskakyrkan.se\/vandravagen\/#\/schema\/logo\/image\/","url":"https:\/\/blogg.svenskakyrkan.se\/vandravagen\/files\/2023\/05\/Ulr_logo_RGB.png","contentUrl":"https:\/\/blogg.svenskakyrkan.se\/vandravagen\/files\/2023\/05\/Ulr_logo_RGB.png","width":205,"height":77,"caption":"ulricehamns pastorat"},"image":{"@id":"https:\/\/blogg.svenskakyrkan.se\/vandravagen\/#\/schema\/logo\/image\/"},"sameAs":["http:\/\/facebook.com\/vandravagen","https:\/\/x.com\/fadertomas","http:\/\/www.facebook.com\/svenskakyrkaniulricehamn"]},{"@type":"Person","@id":"https:\/\/blogg.svenskakyrkan.se\/vandravagen\/#\/schema\/person\/25da02d4f76b137d04291711e2c9fc16","name":"Tomas Jarvid","image":{"@type":"ImageObject","inLanguage":"sv-SE","@id":"https:\/\/blogg.svenskakyrkan.se\/vandravagen\/#\/schema\/person\/image\/","url":"https:\/\/secure.gravatar.com\/avatar\/7fa71899795e8f540f615a1f5ab25255dc27aa40f05ee7ddd21aac521e01bf50?s=96&d=identicon&r=g","contentUrl":"https:\/\/secure.gravatar.com\/avatar\/7fa71899795e8f540f615a1f5ab25255dc27aa40f05ee7ddd21aac521e01bf50?s=96&d=identicon&r=g","caption":"Tomas Jarvid"},"description":"Jag bor i Ulricehamn i V\u00e4sterg\u00f6tland och \u00e4r f\u00f6rsamlingspr\u00e4st i Svenska Kyrkan f\u00f6r Dalstorps f\u00f6rsamling i Kinds pastorat. P\u00e5 den h\u00e4r bloggen skriver jag ner tankar om vandringen som kristen.","sameAs":["http:\/\/www.vandravagen.se"],"url":"https:\/\/blogg.svenskakyrkan.se\/vandravagen\/author\/vandravagen\/"}]}},"author_meta":{"ID":"392","user_nicename":"vandravagen","user_url":"http:\/\/www.vandravagen.se","user_registered":"2014-05-19 05:44:52","display_name":"Tomas Jarvid","first_name":"Tomas","last_name":"Jarvid","avatar":"https:\/\/secure.gravatar.com\/avatar\/7fa71899795e8f540f615a1f5ab25255dc27aa40f05ee7ddd21aac521e01bf50?s=96&d=identicon&r=g"},"featured_image":["https:\/\/blogg.svenskakyrkan.se\/vandravagen\/files\/2020\/10\/IMG_6395.jpg",694,900,false],"bloginfo":{"name":"Vandra V\u00e4gen","url":"https:\/\/blogg.svenskakyrkan.se\/vandravagen"},"_links":{"self":[{"href":"https:\/\/blogg.svenskakyrkan.se\/vandravagen\/wp-json\/wp\/v2\/posts\/8140","targetHints":{"allow":["GET"]}}],"collection":[{"href":"https:\/\/blogg.svenskakyrkan.se\/vandravagen\/wp-json\/wp\/v2\/posts"}],"about":[{"href":"https:\/\/blogg.svenskakyrkan.se\/vandravagen\/wp-json\/wp\/v2\/types\/post"}],"author":[{"embeddable":true,"href":"https:\/\/blogg.svenskakyrkan.se\/vandravagen\/wp-json\/wp\/v2\/users\/392"}],"replies":[{"embeddable":true,"href":"https:\/\/blogg.svenskakyrkan.se\/vandravagen\/wp-json\/wp\/v2\/comments?post=8140"}],"version-history":[{"count":4,"href":"https:\/\/blogg.svenskakyrkan.se\/vandravagen\/wp-json\/wp\/v2\/posts\/8140\/revisions"}],"predecessor-version":[{"id":8228,"href":"https:\/\/blogg.svenskakyrkan.se\/vandravagen\/wp-json\/wp\/v2\/posts\/8140\/revisions\/8228"}],"wp:featuredmedia":[{"embeddable":true,"href":"https:\/\/blogg.svenskakyrkan.se\/vandravagen\/wp-json\/wp\/v2\/media\/8227"}],"wp:attachment":[{"href":"https:\/\/blogg.svenskakyrkan.se\/vandravagen\/wp-json\/wp\/v2\/media?parent=8140"}],"wp:term":[{"taxonomy":"category","embeddable":true,"href":"https:\/\/blogg.svenskakyrkan.se\/vandravagen\/wp-json\/wp\/v2\/categories?post=8140"},{"taxonomy":"post_tag","embeddable":true,"href":"https:\/\/blogg.svenskakyrkan.se\/vandravagen\/wp-json\/wp\/v2\/tags?post=8140"}],"curies":[{"name":"wp","href":"https:\/\/api.w.org\/{rel}","templated":true}]}}