{"id":815,"date":"2012-12-15T19:34:00","date_gmt":"2012-12-15T18:34:00","guid":{"rendered":"http:\/\/blogg.svenskakyrkan.se\/vandravagen\/2012\/12\/15\/bye-bye-balinge\/"},"modified":"2012-12-15T19:34:00","modified_gmt":"2012-12-15T18:34:00","slug":"bye-bye-balinge","status":"publish","type":"post","link":"https:\/\/blogg.svenskakyrkan.se\/vandravagen\/2012\/12\/15\/bye-bye-balinge\/","title":{"rendered":"Bye bye B\u00e4linge"},"content":{"rendered":"<table align=\"center\" cellpadding=\"0\" cellspacing=\"0\">\n<tbody>\n<tr>\n<td><a href=\"http:\/\/1.bp.blogspot.com\/-j7YUadX53MA\/UMoW2jdBotI\/AAAAAAAABVI\/F9NbhxYgYZw\/s1600\/IMG_1651.JPG\"><img loading=\"lazy\" decoding=\"async\" border=\"0\" height=\"320\" src=\"http:\/\/1.bp.blogspot.com\/-j7YUadX53MA\/UMoW2jdBotI\/AAAAAAAABVI\/F9NbhxYgYZw\/s320\/IMG_1651.JPG\" width=\"320\"><\/a><\/td>\n<\/tr>\n<tr>\n<td>Det f\u00f6rsta jag s\u00e5g n\u00e4r vi kom till B\u00e4linge. Avskr\u00e4ckande?<\/td>\n<\/tr>\n<\/tbody>\n<\/table>\n<div><\/div>\n<div><\/div>\n<p>Under n\u00e5gra m\u00e5naders tid har jag och Jenny och lillan bott i B\u00e4linge utanf\u00f6r Uppsala. Idag \u00e4r det dags att flytta hem igen till G\u00f6tene s\u00e5 idag \u00e4r det en dag f\u00f6r st\u00e4dning, bil\u00e5kning och att summera. Summera \u00e4r jag r\u00e4tt svag f\u00f6r.<\/p>\n<div><\/div>\n<div>B\u00e4linge \u00e4r en plats d\u00e4r m\u00e5nga stora personligheter i den svenska kyrkohistorien vistats. En bit h\u00e4rifr\u00e5n f\u00f6ddes den saligf\u00f6rklarade biskop Hemming av \u00c5bo (som jag skrev om i &#8221;<a href=\"http:\/\/vagenixp.blogspot.se\/2012\/09\/hemming-fran-balinge-local-saint.html\">the local saint<\/a>&#8221;). I den vackra kyrkan finns delar kvar av v\u00e4ggm\u00e5lningar som <a href=\"http:\/\/sv.wikipedia.org\/wiki\/Albertus_Pictor\">Albertus Pictor<\/a> gjort p\u00e5 1400-talet och i biskopsg\u00e5rden intill kyrkan har en l\u00e5ng rad \u00e4rkebiskopar spenderat somrarna fram tills Nathan S\u00f6derblom flyttade h\u00e4rifr\u00e5n. Och s\u00e5 har d\u00e5 ocks\u00e5 vi bott h\u00e4r.<\/div>\n<div><\/div>\n<div><\/div>\n<table align=\"center\" cellpadding=\"0\" cellspacing=\"0\">\n<tbody>\n<tr>\n<td><a href=\"http:\/\/2.bp.blogspot.com\/-r5r7dXtFryY\/UMoW5IoWleI\/AAAAAAAABVQ\/bIvSecircPI\/s1600\/IMG_1671.JPG\"><img loading=\"lazy\" decoding=\"async\" border=\"0\" height=\"320\" src=\"http:\/\/2.bp.blogspot.com\/-r5r7dXtFryY\/UMoW5IoWleI\/AAAAAAAABVQ\/bIvSecircPI\/s320\/IMG_1671.JPG\" width=\"320\"><\/a><\/td>\n<\/tr>\n<tr>\n<td>B\u00e4linge kyrka<\/td>\n<\/tr>\n<\/tbody>\n<\/table>\n<div><\/div>\n<div><\/div>\n<div>Det \u00e4r p\u00e5 B\u00e4linge kyrkog\u00e5rd man hittar en av de gravstenar jag skrivit ner tankar om (&#8221;<a href=\"http:\/\/vagenixp.blogspot.se\/2012\/10\/gravallvarligt.html\">gravallvarligt<\/a>&#8221;) och det \u00e4r den kyrkan jag skrivit om i mitt inl\u00e4gg om hur h\u00e4rligt det \u00e4r att vara kristen och ha en kyrka till hem vart man \u00e4n kommer (&#8221;<a href=\"http:\/\/vagenixp.blogspot.se\/2012\/10\/underbart-att-fira-gudstjanst.html\">underbart att fira gudstj\u00e4nst&#8221;<\/a>). Till och med en \u00e5ker utanf\u00f6r B\u00e4linge har figurerat (&#8221;<a href=\"http:\/\/vagenixp.blogspot.se\/2012\/11\/tankar-om-en-aker-om-hosten.html\">tankar om en \u00e5ker om h\u00f6sten<\/a>&#8221;).<\/div>\n<div><\/div>\n<div>Bland de verkligt fina minnena h\u00e4rifr\u00e5n har f\u00f6rst\u00e5s <a href=\"http:\/\/vagenixp.blogspot.se\/2012\/11\/pa-besok-hos-ikonograf-christina.html\">bes\u00f6ket hos ikonograf Christina Lundstr\u00f6m<\/a> en hedersplats.<\/div>\n<div><\/div>\n<div>S\u00e5 \u00e4r det med platser f\u00f6r mig. De blir p\u00e5 n\u00e5got s\u00e4tt b\u00e4rare av minnet om vem man var en g\u00e5ng n\u00e4r man var d\u00e4r. I B\u00e4linge har jag haft samma roll som Maria p\u00e5 bilden nedan. Att skydda och ta hand om ett litet barn. Inget kan vara viktigare.<\/div>\n<div><\/div>\n<table align=\"center\" cellpadding=\"0\" cellspacing=\"0\">\n<tbody>\n<tr>\n<td><a href=\"http:\/\/4.bp.blogspot.com\/-p25JPUivdiM\/UMoW6duB7NI\/AAAAAAAABVY\/gt8h3cuTykY\/s1600\/IMG_1871.JPG\"><img loading=\"lazy\" decoding=\"async\" border=\"0\" height=\"320\" src=\"http:\/\/4.bp.blogspot.com\/-p25JPUivdiM\/UMoW6duB7NI\/AAAAAAAABVY\/gt8h3cuTykY\/s320\/IMG_1871.JPG\" width=\"320\"><\/a><\/td>\n<\/tr>\n<tr>\n<td>Maria och barnet fr\u00e5n B\u00e4linge kyrka<\/td>\n<\/tr>\n<\/tbody>\n<\/table>\n<p>Har du som l\u00e4ser varit i B\u00e4linge n\u00e5gon g\u00e5ng? Ut\u00f6ver Eskil tror jag inte jag har n\u00e5gra B\u00e4lingebor bland l\u00e4sarna?<\/p><\/p>\n","protected":false},"excerpt":{"rendered":"<p>Det f\u00f6rsta jag s\u00e5g n\u00e4r vi kom till B\u00e4linge. Avskr\u00e4ckande? Under n\u00e5gra m\u00e5naders tid har jag och Jenny och lillan bott i B\u00e4linge utanf\u00f6r Uppsala. Idag \u00e4r det dags att flytta hem igen till G\u00f6tene s\u00e5 idag \u00e4r det en dag f\u00f6r st\u00e4dning, bil\u00e5kning och att summera. Summera \u00e4r jag r\u00e4tt svag f\u00f6r. B\u00e4linge \u00e4r [&hellip;]<\/p>\n","protected":false},"author":392,"featured_media":0,"comment_status":"open","ping_status":"open","sticky":false,"template":"","format":"standard","meta":{"_acf_changed":false,"footnotes":""},"categories":[76608,77554],"tags":[],"class_list":["post-815","post","type-post","status-publish","format-standard","hentry","category-bloggen","category-vara-manniska"],"acf":[],"yoast_head":"<!-- This site is optimized with the Yoast SEO plugin v27.1.1 - https:\/\/yoast.com\/product\/yoast-seo-wordpress\/ -->\n<title>Bye bye B\u00e4linge - Vandra V\u00e4gen<\/title>\n<meta name=\"robots\" content=\"index, follow, max-snippet:-1, max-image-preview:large, max-video-preview:-1\" \/>\n<link rel=\"canonical\" href=\"https:\/\/blogg.svenskakyrkan.se\/vandravagen\/2012\/12\/15\/bye-bye-balinge\/\" \/>\n<meta property=\"og:locale\" content=\"sv_SE\" \/>\n<meta property=\"og:type\" content=\"article\" \/>\n<meta property=\"og:title\" content=\"Bye bye B\u00e4linge - Vandra V\u00e4gen\" \/>\n<meta property=\"og:description\" content=\"Det f\u00f6rsta jag s\u00e5g n\u00e4r vi kom till B\u00e4linge. Avskr\u00e4ckande? Under n\u00e5gra m\u00e5naders tid har jag och Jenny och lillan bott i B\u00e4linge utanf\u00f6r Uppsala. Idag \u00e4r det dags att flytta hem igen till G\u00f6tene s\u00e5 idag \u00e4r det en dag f\u00f6r st\u00e4dning, bil\u00e5kning och att summera. Summera \u00e4r jag r\u00e4tt svag f\u00f6r. B\u00e4linge \u00e4r [&hellip;]\" \/>\n<meta property=\"og:url\" content=\"https:\/\/blogg.svenskakyrkan.se\/vandravagen\/2012\/12\/15\/bye-bye-balinge\/\" \/>\n<meta property=\"og:site_name\" content=\"Vandra V\u00e4gen\" \/>\n<meta property=\"article:publisher\" content=\"http:\/\/facebook.com\/vandravagen\" \/>\n<meta property=\"article:published_time\" content=\"2012-12-15T18:34:00+00:00\" \/>\n<meta property=\"og:image\" content=\"http:\/\/1.bp.blogspot.com\/-j7YUadX53MA\/UMoW2jdBotI\/AAAAAAAABVI\/F9NbhxYgYZw\/s320\/IMG_1651.JPG\" \/>\n<meta name=\"author\" content=\"Tomas Jarvid\" \/>\n<meta name=\"twitter:card\" content=\"summary_large_image\" \/>\n<meta name=\"twitter:creator\" content=\"@fadertomas\" \/>\n<meta name=\"twitter:site\" content=\"@fadertomas\" \/>\n<meta name=\"twitter:label1\" content=\"Skriven av\" \/>\n\t<meta name=\"twitter:data1\" content=\"Tomas Jarvid\" \/>\n\t<meta name=\"twitter:label2\" content=\"Ber\u00e4knad l\u00e4stid\" \/>\n\t<meta name=\"twitter:data2\" content=\"2 minuter\" \/>\n<script type=\"application\/ld+json\" class=\"yoast-schema-graph\">{\"@context\":\"https:\/\/schema.org\",\"@graph\":[{\"@type\":\"Article\",\"@id\":\"https:\/\/blogg.svenskakyrkan.se\/vandravagen\/2012\/12\/15\/bye-bye-balinge\/#article\",\"isPartOf\":{\"@id\":\"https:\/\/blogg.svenskakyrkan.se\/vandravagen\/2012\/12\/15\/bye-bye-balinge\/\"},\"author\":{\"name\":\"Tomas Jarvid\",\"@id\":\"https:\/\/blogg.svenskakyrkan.se\/vandravagen\/#\/schema\/person\/25da02d4f76b137d04291711e2c9fc16\"},\"headline\":\"Bye bye B\u00e4linge\",\"datePublished\":\"2012-12-15T18:34:00+00:00\",\"mainEntityOfPage\":{\"@id\":\"https:\/\/blogg.svenskakyrkan.se\/vandravagen\/2012\/12\/15\/bye-bye-balinge\/\"},\"wordCount\":350,\"commentCount\":0,\"publisher\":{\"@id\":\"https:\/\/blogg.svenskakyrkan.se\/vandravagen\/#organization\"},\"image\":{\"@id\":\"https:\/\/blogg.svenskakyrkan.se\/vandravagen\/2012\/12\/15\/bye-bye-balinge\/#primaryimage\"},\"thumbnailUrl\":\"http:\/\/1.bp.blogspot.com\/-j7YUadX53MA\/UMoW2jdBotI\/AAAAAAAABVI\/F9NbhxYgYZw\/s320\/IMG_1651.JPG\",\"articleSection\":[\"bloggen\",\"vara m\u00e4nniska\"],\"inLanguage\":\"sv-SE\",\"potentialAction\":[{\"@type\":\"CommentAction\",\"name\":\"Comment\",\"target\":[\"https:\/\/blogg.svenskakyrkan.se\/vandravagen\/2012\/12\/15\/bye-bye-balinge\/#respond\"]}]},{\"@type\":\"WebPage\",\"@id\":\"https:\/\/blogg.svenskakyrkan.se\/vandravagen\/2012\/12\/15\/bye-bye-balinge\/\",\"url\":\"https:\/\/blogg.svenskakyrkan.se\/vandravagen\/2012\/12\/15\/bye-bye-balinge\/\",\"name\":\"Bye bye B\u00e4linge - Vandra V\u00e4gen\",\"isPartOf\":{\"@id\":\"https:\/\/blogg.svenskakyrkan.se\/vandravagen\/#website\"},\"primaryImageOfPage\":{\"@id\":\"https:\/\/blogg.svenskakyrkan.se\/vandravagen\/2012\/12\/15\/bye-bye-balinge\/#primaryimage\"},\"image\":{\"@id\":\"https:\/\/blogg.svenskakyrkan.se\/vandravagen\/2012\/12\/15\/bye-bye-balinge\/#primaryimage\"},\"thumbnailUrl\":\"http:\/\/1.bp.blogspot.com\/-j7YUadX53MA\/UMoW2jdBotI\/AAAAAAAABVI\/F9NbhxYgYZw\/s320\/IMG_1651.JPG\",\"datePublished\":\"2012-12-15T18:34:00+00:00\",\"breadcrumb\":{\"@id\":\"https:\/\/blogg.svenskakyrkan.se\/vandravagen\/2012\/12\/15\/bye-bye-balinge\/#breadcrumb\"},\"inLanguage\":\"sv-SE\",\"potentialAction\":[{\"@type\":\"ReadAction\",\"target\":[\"https:\/\/blogg.svenskakyrkan.se\/vandravagen\/2012\/12\/15\/bye-bye-balinge\/\"]}]},{\"@type\":\"ImageObject\",\"inLanguage\":\"sv-SE\",\"@id\":\"https:\/\/blogg.svenskakyrkan.se\/vandravagen\/2012\/12\/15\/bye-bye-balinge\/#primaryimage\",\"url\":\"http:\/\/1.bp.blogspot.com\/-j7YUadX53MA\/UMoW2jdBotI\/AAAAAAAABVI\/F9NbhxYgYZw\/s320\/IMG_1651.JPG\",\"contentUrl\":\"http:\/\/1.bp.blogspot.com\/-j7YUadX53MA\/UMoW2jdBotI\/AAAAAAAABVI\/F9NbhxYgYZw\/s320\/IMG_1651.JPG\"},{\"@type\":\"BreadcrumbList\",\"@id\":\"https:\/\/blogg.svenskakyrkan.se\/vandravagen\/2012\/12\/15\/bye-bye-balinge\/#breadcrumb\",\"itemListElement\":[{\"@type\":\"ListItem\",\"position\":1,\"name\":\"Hem\",\"item\":\"https:\/\/blogg.svenskakyrkan.se\/vandravagen\/\"},{\"@type\":\"ListItem\",\"position\":2,\"name\":\"Bye bye B\u00e4linge\"}]},{\"@type\":\"WebSite\",\"@id\":\"https:\/\/blogg.svenskakyrkan.se\/vandravagen\/#website\",\"url\":\"https:\/\/blogg.svenskakyrkan.se\/vandravagen\/\",\"name\":\"Vandra V\u00e4gen\",\"description\":\"-Mot en tro f\u00f6r hela livet\",\"publisher\":{\"@id\":\"https:\/\/blogg.svenskakyrkan.se\/vandravagen\/#organization\"},\"potentialAction\":[{\"@type\":\"SearchAction\",\"target\":{\"@type\":\"EntryPoint\",\"urlTemplate\":\"https:\/\/blogg.svenskakyrkan.se\/vandravagen\/?s={search_term_string}\"},\"query-input\":{\"@type\":\"PropertyValueSpecification\",\"valueRequired\":true,\"valueName\":\"search_term_string\"}}],\"inLanguage\":\"sv-SE\"},{\"@type\":\"Organization\",\"@id\":\"https:\/\/blogg.svenskakyrkan.se\/vandravagen\/#organization\",\"name\":\"ulricehamns pastorat\",\"alternateName\":\"ulricehamns pastorat\",\"url\":\"https:\/\/blogg.svenskakyrkan.se\/vandravagen\/\",\"logo\":{\"@type\":\"ImageObject\",\"inLanguage\":\"sv-SE\",\"@id\":\"https:\/\/blogg.svenskakyrkan.se\/vandravagen\/#\/schema\/logo\/image\/\",\"url\":\"https:\/\/blogg.svenskakyrkan.se\/vandravagen\/files\/2023\/05\/Ulr_logo_RGB.png\",\"contentUrl\":\"https:\/\/blogg.svenskakyrkan.se\/vandravagen\/files\/2023\/05\/Ulr_logo_RGB.png\",\"width\":205,\"height\":77,\"caption\":\"ulricehamns pastorat\"},\"image\":{\"@id\":\"https:\/\/blogg.svenskakyrkan.se\/vandravagen\/#\/schema\/logo\/image\/\"},\"sameAs\":[\"http:\/\/facebook.com\/vandravagen\",\"https:\/\/x.com\/fadertomas\",\"http:\/\/www.facebook.com\/svenskakyrkaniulricehamn\"]},{\"@type\":\"Person\",\"@id\":\"https:\/\/blogg.svenskakyrkan.se\/vandravagen\/#\/schema\/person\/25da02d4f76b137d04291711e2c9fc16\",\"name\":\"Tomas Jarvid\",\"image\":{\"@type\":\"ImageObject\",\"inLanguage\":\"sv-SE\",\"@id\":\"https:\/\/blogg.svenskakyrkan.se\/vandravagen\/#\/schema\/person\/image\/\",\"url\":\"https:\/\/secure.gravatar.com\/avatar\/7fa71899795e8f540f615a1f5ab25255dc27aa40f05ee7ddd21aac521e01bf50?s=96&d=identicon&r=g\",\"contentUrl\":\"https:\/\/secure.gravatar.com\/avatar\/7fa71899795e8f540f615a1f5ab25255dc27aa40f05ee7ddd21aac521e01bf50?s=96&d=identicon&r=g\",\"caption\":\"Tomas Jarvid\"},\"description\":\"Jag bor i Ulricehamn i V\u00e4sterg\u00f6tland och \u00e4r f\u00f6rsamlingspr\u00e4st i Svenska Kyrkan f\u00f6r Dalstorps f\u00f6rsamling i Kinds pastorat. P\u00e5 den h\u00e4r bloggen skriver jag ner tankar om vandringen som kristen.\",\"sameAs\":[\"http:\/\/www.vandravagen.se\"],\"url\":\"https:\/\/blogg.svenskakyrkan.se\/vandravagen\/author\/vandravagen\/\"}]}<\/script>\n<!-- \/ Yoast SEO plugin. -->","yoast_head_json":{"title":"Bye bye B\u00e4linge - Vandra V\u00e4gen","robots":{"index":"index","follow":"follow","max-snippet":"max-snippet:-1","max-image-preview":"max-image-preview:large","max-video-preview":"max-video-preview:-1"},"canonical":"https:\/\/blogg.svenskakyrkan.se\/vandravagen\/2012\/12\/15\/bye-bye-balinge\/","og_locale":"sv_SE","og_type":"article","og_title":"Bye bye B\u00e4linge - Vandra V\u00e4gen","og_description":"Det f\u00f6rsta jag s\u00e5g n\u00e4r vi kom till B\u00e4linge. Avskr\u00e4ckande? Under n\u00e5gra m\u00e5naders tid har jag och Jenny och lillan bott i B\u00e4linge utanf\u00f6r Uppsala. Idag \u00e4r det dags att flytta hem igen till G\u00f6tene s\u00e5 idag \u00e4r det en dag f\u00f6r st\u00e4dning, bil\u00e5kning och att summera. Summera \u00e4r jag r\u00e4tt svag f\u00f6r. B\u00e4linge \u00e4r [&hellip;]","og_url":"https:\/\/blogg.svenskakyrkan.se\/vandravagen\/2012\/12\/15\/bye-bye-balinge\/","og_site_name":"Vandra V\u00e4gen","article_publisher":"http:\/\/facebook.com\/vandravagen","article_published_time":"2012-12-15T18:34:00+00:00","og_image":[{"url":"http:\/\/1.bp.blogspot.com\/-j7YUadX53MA\/UMoW2jdBotI\/AAAAAAAABVI\/F9NbhxYgYZw\/s320\/IMG_1651.JPG","type":"","width":"","height":""}],"author":"Tomas Jarvid","twitter_card":"summary_large_image","twitter_creator":"@fadertomas","twitter_site":"@fadertomas","twitter_misc":{"Skriven av":"Tomas Jarvid","Ber\u00e4knad l\u00e4stid":"2 minuter"},"schema":{"@context":"https:\/\/schema.org","@graph":[{"@type":"Article","@id":"https:\/\/blogg.svenskakyrkan.se\/vandravagen\/2012\/12\/15\/bye-bye-balinge\/#article","isPartOf":{"@id":"https:\/\/blogg.svenskakyrkan.se\/vandravagen\/2012\/12\/15\/bye-bye-balinge\/"},"author":{"name":"Tomas Jarvid","@id":"https:\/\/blogg.svenskakyrkan.se\/vandravagen\/#\/schema\/person\/25da02d4f76b137d04291711e2c9fc16"},"headline":"Bye bye B\u00e4linge","datePublished":"2012-12-15T18:34:00+00:00","mainEntityOfPage":{"@id":"https:\/\/blogg.svenskakyrkan.se\/vandravagen\/2012\/12\/15\/bye-bye-balinge\/"},"wordCount":350,"commentCount":0,"publisher":{"@id":"https:\/\/blogg.svenskakyrkan.se\/vandravagen\/#organization"},"image":{"@id":"https:\/\/blogg.svenskakyrkan.se\/vandravagen\/2012\/12\/15\/bye-bye-balinge\/#primaryimage"},"thumbnailUrl":"http:\/\/1.bp.blogspot.com\/-j7YUadX53MA\/UMoW2jdBotI\/AAAAAAAABVI\/F9NbhxYgYZw\/s320\/IMG_1651.JPG","articleSection":["bloggen","vara m\u00e4nniska"],"inLanguage":"sv-SE","potentialAction":[{"@type":"CommentAction","name":"Comment","target":["https:\/\/blogg.svenskakyrkan.se\/vandravagen\/2012\/12\/15\/bye-bye-balinge\/#respond"]}]},{"@type":"WebPage","@id":"https:\/\/blogg.svenskakyrkan.se\/vandravagen\/2012\/12\/15\/bye-bye-balinge\/","url":"https:\/\/blogg.svenskakyrkan.se\/vandravagen\/2012\/12\/15\/bye-bye-balinge\/","name":"Bye bye B\u00e4linge - Vandra V\u00e4gen","isPartOf":{"@id":"https:\/\/blogg.svenskakyrkan.se\/vandravagen\/#website"},"primaryImageOfPage":{"@id":"https:\/\/blogg.svenskakyrkan.se\/vandravagen\/2012\/12\/15\/bye-bye-balinge\/#primaryimage"},"image":{"@id":"https:\/\/blogg.svenskakyrkan.se\/vandravagen\/2012\/12\/15\/bye-bye-balinge\/#primaryimage"},"thumbnailUrl":"http:\/\/1.bp.blogspot.com\/-j7YUadX53MA\/UMoW2jdBotI\/AAAAAAAABVI\/F9NbhxYgYZw\/s320\/IMG_1651.JPG","datePublished":"2012-12-15T18:34:00+00:00","breadcrumb":{"@id":"https:\/\/blogg.svenskakyrkan.se\/vandravagen\/2012\/12\/15\/bye-bye-balinge\/#breadcrumb"},"inLanguage":"sv-SE","potentialAction":[{"@type":"ReadAction","target":["https:\/\/blogg.svenskakyrkan.se\/vandravagen\/2012\/12\/15\/bye-bye-balinge\/"]}]},{"@type":"ImageObject","inLanguage":"sv-SE","@id":"https:\/\/blogg.svenskakyrkan.se\/vandravagen\/2012\/12\/15\/bye-bye-balinge\/#primaryimage","url":"http:\/\/1.bp.blogspot.com\/-j7YUadX53MA\/UMoW2jdBotI\/AAAAAAAABVI\/F9NbhxYgYZw\/s320\/IMG_1651.JPG","contentUrl":"http:\/\/1.bp.blogspot.com\/-j7YUadX53MA\/UMoW2jdBotI\/AAAAAAAABVI\/F9NbhxYgYZw\/s320\/IMG_1651.JPG"},{"@type":"BreadcrumbList","@id":"https:\/\/blogg.svenskakyrkan.se\/vandravagen\/2012\/12\/15\/bye-bye-balinge\/#breadcrumb","itemListElement":[{"@type":"ListItem","position":1,"name":"Hem","item":"https:\/\/blogg.svenskakyrkan.se\/vandravagen\/"},{"@type":"ListItem","position":2,"name":"Bye bye B\u00e4linge"}]},{"@type":"WebSite","@id":"https:\/\/blogg.svenskakyrkan.se\/vandravagen\/#website","url":"https:\/\/blogg.svenskakyrkan.se\/vandravagen\/","name":"Vandra V\u00e4gen","description":"-Mot en tro f\u00f6r hela livet","publisher":{"@id":"https:\/\/blogg.svenskakyrkan.se\/vandravagen\/#organization"},"potentialAction":[{"@type":"SearchAction","target":{"@type":"EntryPoint","urlTemplate":"https:\/\/blogg.svenskakyrkan.se\/vandravagen\/?s={search_term_string}"},"query-input":{"@type":"PropertyValueSpecification","valueRequired":true,"valueName":"search_term_string"}}],"inLanguage":"sv-SE"},{"@type":"Organization","@id":"https:\/\/blogg.svenskakyrkan.se\/vandravagen\/#organization","name":"ulricehamns pastorat","alternateName":"ulricehamns pastorat","url":"https:\/\/blogg.svenskakyrkan.se\/vandravagen\/","logo":{"@type":"ImageObject","inLanguage":"sv-SE","@id":"https:\/\/blogg.svenskakyrkan.se\/vandravagen\/#\/schema\/logo\/image\/","url":"https:\/\/blogg.svenskakyrkan.se\/vandravagen\/files\/2023\/05\/Ulr_logo_RGB.png","contentUrl":"https:\/\/blogg.svenskakyrkan.se\/vandravagen\/files\/2023\/05\/Ulr_logo_RGB.png","width":205,"height":77,"caption":"ulricehamns pastorat"},"image":{"@id":"https:\/\/blogg.svenskakyrkan.se\/vandravagen\/#\/schema\/logo\/image\/"},"sameAs":["http:\/\/facebook.com\/vandravagen","https:\/\/x.com\/fadertomas","http:\/\/www.facebook.com\/svenskakyrkaniulricehamn"]},{"@type":"Person","@id":"https:\/\/blogg.svenskakyrkan.se\/vandravagen\/#\/schema\/person\/25da02d4f76b137d04291711e2c9fc16","name":"Tomas Jarvid","image":{"@type":"ImageObject","inLanguage":"sv-SE","@id":"https:\/\/blogg.svenskakyrkan.se\/vandravagen\/#\/schema\/person\/image\/","url":"https:\/\/secure.gravatar.com\/avatar\/7fa71899795e8f540f615a1f5ab25255dc27aa40f05ee7ddd21aac521e01bf50?s=96&d=identicon&r=g","contentUrl":"https:\/\/secure.gravatar.com\/avatar\/7fa71899795e8f540f615a1f5ab25255dc27aa40f05ee7ddd21aac521e01bf50?s=96&d=identicon&r=g","caption":"Tomas Jarvid"},"description":"Jag bor i Ulricehamn i V\u00e4sterg\u00f6tland och \u00e4r f\u00f6rsamlingspr\u00e4st i Svenska Kyrkan f\u00f6r Dalstorps f\u00f6rsamling i Kinds pastorat. P\u00e5 den h\u00e4r bloggen skriver jag ner tankar om vandringen som kristen.","sameAs":["http:\/\/www.vandravagen.se"],"url":"https:\/\/blogg.svenskakyrkan.se\/vandravagen\/author\/vandravagen\/"}]}},"author_meta":{"ID":"392","user_nicename":"vandravagen","user_url":"http:\/\/www.vandravagen.se","user_registered":"2014-05-19 05:44:52","display_name":"Tomas Jarvid","first_name":"Tomas","last_name":"Jarvid","avatar":"https:\/\/secure.gravatar.com\/avatar\/7fa71899795e8f540f615a1f5ab25255dc27aa40f05ee7ddd21aac521e01bf50?s=96&d=identicon&r=g"},"featured_image":false,"bloginfo":{"name":"Vandra V\u00e4gen","url":"https:\/\/blogg.svenskakyrkan.se\/vandravagen"},"_links":{"self":[{"href":"https:\/\/blogg.svenskakyrkan.se\/vandravagen\/wp-json\/wp\/v2\/posts\/815","targetHints":{"allow":["GET"]}}],"collection":[{"href":"https:\/\/blogg.svenskakyrkan.se\/vandravagen\/wp-json\/wp\/v2\/posts"}],"about":[{"href":"https:\/\/blogg.svenskakyrkan.se\/vandravagen\/wp-json\/wp\/v2\/types\/post"}],"author":[{"embeddable":true,"href":"https:\/\/blogg.svenskakyrkan.se\/vandravagen\/wp-json\/wp\/v2\/users\/392"}],"replies":[{"embeddable":true,"href":"https:\/\/blogg.svenskakyrkan.se\/vandravagen\/wp-json\/wp\/v2\/comments?post=815"}],"version-history":[{"count":0,"href":"https:\/\/blogg.svenskakyrkan.se\/vandravagen\/wp-json\/wp\/v2\/posts\/815\/revisions"}],"wp:attachment":[{"href":"https:\/\/blogg.svenskakyrkan.se\/vandravagen\/wp-json\/wp\/v2\/media?parent=815"}],"wp:term":[{"taxonomy":"category","embeddable":true,"href":"https:\/\/blogg.svenskakyrkan.se\/vandravagen\/wp-json\/wp\/v2\/categories?post=815"},{"taxonomy":"post_tag","embeddable":true,"href":"https:\/\/blogg.svenskakyrkan.se\/vandravagen\/wp-json\/wp\/v2\/tags?post=815"}],"curies":[{"name":"wp","href":"https:\/\/api.w.org\/{rel}","templated":true}]}}