{"id":816,"date":"2012-12-14T14:39:00","date_gmt":"2012-12-14T13:39:00","guid":{"rendered":"http:\/\/blogg.svenskakyrkan.se\/vandravagen\/2012\/12\/14\/katter-i-bibeln\/"},"modified":"2012-12-14T14:39:00","modified_gmt":"2012-12-14T13:39:00","slug":"katter-i-bibeln","status":"publish","type":"post","link":"https:\/\/blogg.svenskakyrkan.se\/vandravagen\/2012\/12\/14\/katter-i-bibeln\/","title":{"rendered":"Katter i Bibeln"},"content":{"rendered":"<table align=\"center\" cellpadding=\"0\" cellspacing=\"0\">\n<tbody>\n<tr>\n<td><a href=\"http:\/\/2.bp.blogspot.com\/-LL5YjnXJWtQ\/T1efOnnHFdI\/AAAAAAAAAGQ\/yhbshOnihBA\/s1600\/P5150039.JPG\"><img loading=\"lazy\" decoding=\"async\" border=\"0\" height=\"300\" src=\"http:\/\/2.bp.blogspot.com\/-LL5YjnXJWtQ\/T1efOnnHFdI\/AAAAAAAAAGQ\/yhbshOnihBA\/s400\/P5150039.JPG\" width=\"400\"><\/a><\/td>\n<\/tr>\n<tr>\n<td>Nej, den h\u00e4r katten \u00e4r inte i Bibeln. Det \u00e4r en annan bok.<\/td>\n<\/tr>\n<\/tbody>\n<\/table>\n<p>N\u00e4r jag skrev om &#8221;<a href=\"http:\/\/vagenixp.blogspot.se\/2012\/12\/sno-i-bibeln.html\">sn\u00f6 i Bibeln<\/a>&#8221; fick jag en kommentar med fr\u00e5gan varf\u00f6r det inte finns n\u00e5gra katter i Bibeln. Ja, varf\u00f6r inte? Det finns hundar och en massa andra djur. Katter fanns f\u00f6rmodligen i Israel d\u00e5 som idag s\u00e5 varf\u00f6r n\u00e4mns de inte?<\/p>\n<p>N\u00e4r man b\u00f6rjat googla p\u00e5 &#8221;why no cats&#8221; s\u00e5 kommer &#8221;in the bible&#8221; upp som f\u00f6rslag r\u00e4tt h\u00f6gt upp s\u00e5 det l\u00e4r vara m\u00e5nga som undrat detsamma. Det visade sig att det till och med finns en bok i \u00e4mnet &#8221;<a href=\"http:\/\/www.amazon.ca\/Why-Are-There-Cats-Bible\/dp\/0785824936\">Why are there no cats in the Bible<\/a>&#8221; (fast recensionerna \u00e4r r\u00e4tt blandade s\u00e5 jag vet inte om den \u00e4r n\u00e5got att ha).<\/p>\n<p>I mitt s\u00f6kande st\u00f6tte jag ocks\u00e5 p\u00e5 en m\u00e4rklig sida som verkade tillh\u00f6ra n\u00e5gon fr\u00e5n Jehovas vittnen. D\u00e4r kunde man f\u00e5 svar p\u00e5 fr\u00e5gan om kristna borde ha katter (&#8221;<a href=\"http:\/\/www.towerwatch.com\/Stories\/are_cats_for_christians.htm\">are cats for christians<\/a>&#8221;). Alltmer best\u00f6rt l\u00e4ste jag h\u00e5rresande argument, det ena m\u00e4rkligare \u00e4n det andra. Till sist s\u00e5g jag att det var en bluffsida som ville belysa hur argument brukar drivas inom Jehovas vittnen. Illa nog om det \u00e4r s\u00e5. Jag rekommenderar \u00e4nd\u00e5 en titt p\u00e5 sidan, det \u00e4r verkligen mycket underh\u00e5llande, \u00e4ven om det \u00e4r orimligt dumt.<\/p>\n<p>F\u00f6r att d\u00e5 komma till saken till slut s\u00e5 har jag \u00e4nd\u00e5 inget riktigt bra svar p\u00e5 varf\u00f6r katterna saknas i bibeln. Kanske \u00e4r det f\u00f6r att de f\u00f6rknippats med egyptiska gudar s\u00e5 att man inte velat n\u00e4mna dem?<\/p>\n<p>Slutligen \u00e4r det s\u00e5 att det faktiskt finns katter p\u00e5 ETT st\u00e4lle i Bibeln. Eller i alla fall i apokryferna till gamla testamentet. I Jeremias brev st\u00e5r det om hedniska gudabilder, att:<\/p>\n<p><span><span>21<\/span><span>Fladderm\u00f6ss och svalor och andra f\u00e5glar kommer flygande och s\u00e4tter sig p\u00e5 deras kroppar och huvuden, och katterna ocks\u00e5.\u00a0<\/span><span>22<\/span><span>Av detta kan ni f\u00f6rst\u00e5 att de inte \u00e4r gudar; frukta dem inte.<\/span><\/span><\/p>\n<p>De \u00e4r allts\u00e5 kraftl\u00f6sa gudar om de inte ens kan stoppa en katt fr\u00e5n att s\u00e4tta sig p\u00e5 dem. Jaja, s\u00e4ger inte s\u00e5 mycket om katter kanske, men det \u00e4r i alla fall kul att de finns d\u00e4r lite grann.<\/p><\/p>\n","protected":false},"excerpt":{"rendered":"<p>Nej, den h\u00e4r katten \u00e4r inte i Bibeln. Det \u00e4r en annan bok. N\u00e4r jag skrev om &#8221;sn\u00f6 i Bibeln&#8221; fick jag en kommentar med fr\u00e5gan varf\u00f6r det inte finns n\u00e5gra katter i Bibeln. Ja, varf\u00f6r inte? Det finns hundar och en massa andra djur. Katter fanns f\u00f6rmodligen i Israel d\u00e5 som idag s\u00e5 varf\u00f6r [&hellip;]<\/p>\n","protected":false},"author":392,"featured_media":0,"comment_status":"open","ping_status":"open","sticky":false,"template":"","format":"standard","meta":{"_acf_changed":false,"footnotes":""},"categories":[14252],"tags":[],"class_list":["post-816","post","type-post","status-publish","format-standard","hentry","category-bibel"],"acf":[],"yoast_head":"<!-- This site is optimized with the Yoast SEO plugin v27.1.1 - https:\/\/yoast.com\/product\/yoast-seo-wordpress\/ -->\n<title>Katter i Bibeln - Vandra V\u00e4gen<\/title>\n<meta name=\"robots\" content=\"index, follow, max-snippet:-1, max-image-preview:large, max-video-preview:-1\" \/>\n<link rel=\"canonical\" href=\"https:\/\/blogg.svenskakyrkan.se\/vandravagen\/2012\/12\/14\/katter-i-bibeln\/\" \/>\n<meta property=\"og:locale\" content=\"sv_SE\" \/>\n<meta property=\"og:type\" content=\"article\" \/>\n<meta property=\"og:title\" content=\"Katter i Bibeln - Vandra V\u00e4gen\" \/>\n<meta property=\"og:description\" content=\"Nej, den h\u00e4r katten \u00e4r inte i Bibeln. Det \u00e4r en annan bok. N\u00e4r jag skrev om &#8221;sn\u00f6 i Bibeln&#8221; fick jag en kommentar med fr\u00e5gan varf\u00f6r det inte finns n\u00e5gra katter i Bibeln. Ja, varf\u00f6r inte? Det finns hundar och en massa andra djur. Katter fanns f\u00f6rmodligen i Israel d\u00e5 som idag s\u00e5 varf\u00f6r [&hellip;]\" \/>\n<meta property=\"og:url\" content=\"https:\/\/blogg.svenskakyrkan.se\/vandravagen\/2012\/12\/14\/katter-i-bibeln\/\" \/>\n<meta property=\"og:site_name\" content=\"Vandra V\u00e4gen\" \/>\n<meta property=\"article:publisher\" content=\"http:\/\/facebook.com\/vandravagen\" \/>\n<meta property=\"article:published_time\" content=\"2012-12-14T13:39:00+00:00\" \/>\n<meta property=\"og:image\" content=\"http:\/\/2.bp.blogspot.com\/-LL5YjnXJWtQ\/T1efOnnHFdI\/AAAAAAAAAGQ\/yhbshOnihBA\/s400\/P5150039.JPG\" \/>\n<meta name=\"author\" content=\"Tomas Jarvid\" \/>\n<meta name=\"twitter:card\" content=\"summary_large_image\" \/>\n<meta name=\"twitter:creator\" content=\"@fadertomas\" \/>\n<meta name=\"twitter:site\" content=\"@fadertomas\" \/>\n<meta name=\"twitter:label1\" content=\"Skriven av\" \/>\n\t<meta name=\"twitter:data1\" content=\"Tomas Jarvid\" \/>\n\t<meta name=\"twitter:label2\" content=\"Ber\u00e4knad l\u00e4stid\" \/>\n\t<meta name=\"twitter:data2\" content=\"2 minuter\" \/>\n<script type=\"application\/ld+json\" class=\"yoast-schema-graph\">{\"@context\":\"https:\/\/schema.org\",\"@graph\":[{\"@type\":\"Article\",\"@id\":\"https:\/\/blogg.svenskakyrkan.se\/vandravagen\/2012\/12\/14\/katter-i-bibeln\/#article\",\"isPartOf\":{\"@id\":\"https:\/\/blogg.svenskakyrkan.se\/vandravagen\/2012\/12\/14\/katter-i-bibeln\/\"},\"author\":{\"name\":\"Tomas Jarvid\",\"@id\":\"https:\/\/blogg.svenskakyrkan.se\/vandravagen\/#\/schema\/person\/25da02d4f76b137d04291711e2c9fc16\"},\"headline\":\"Katter i Bibeln\",\"datePublished\":\"2012-12-14T13:39:00+00:00\",\"mainEntityOfPage\":{\"@id\":\"https:\/\/blogg.svenskakyrkan.se\/vandravagen\/2012\/12\/14\/katter-i-bibeln\/\"},\"wordCount\":403,\"commentCount\":1,\"publisher\":{\"@id\":\"https:\/\/blogg.svenskakyrkan.se\/vandravagen\/#organization\"},\"image\":{\"@id\":\"https:\/\/blogg.svenskakyrkan.se\/vandravagen\/2012\/12\/14\/katter-i-bibeln\/#primaryimage\"},\"thumbnailUrl\":\"http:\/\/2.bp.blogspot.com\/-LL5YjnXJWtQ\/T1efOnnHFdI\/AAAAAAAAAGQ\/yhbshOnihBA\/s400\/P5150039.JPG\",\"articleSection\":[\"bibel\"],\"inLanguage\":\"sv-SE\",\"potentialAction\":[{\"@type\":\"CommentAction\",\"name\":\"Comment\",\"target\":[\"https:\/\/blogg.svenskakyrkan.se\/vandravagen\/2012\/12\/14\/katter-i-bibeln\/#respond\"]}]},{\"@type\":\"WebPage\",\"@id\":\"https:\/\/blogg.svenskakyrkan.se\/vandravagen\/2012\/12\/14\/katter-i-bibeln\/\",\"url\":\"https:\/\/blogg.svenskakyrkan.se\/vandravagen\/2012\/12\/14\/katter-i-bibeln\/\",\"name\":\"Katter i Bibeln - Vandra V\u00e4gen\",\"isPartOf\":{\"@id\":\"https:\/\/blogg.svenskakyrkan.se\/vandravagen\/#website\"},\"primaryImageOfPage\":{\"@id\":\"https:\/\/blogg.svenskakyrkan.se\/vandravagen\/2012\/12\/14\/katter-i-bibeln\/#primaryimage\"},\"image\":{\"@id\":\"https:\/\/blogg.svenskakyrkan.se\/vandravagen\/2012\/12\/14\/katter-i-bibeln\/#primaryimage\"},\"thumbnailUrl\":\"http:\/\/2.bp.blogspot.com\/-LL5YjnXJWtQ\/T1efOnnHFdI\/AAAAAAAAAGQ\/yhbshOnihBA\/s400\/P5150039.JPG\",\"datePublished\":\"2012-12-14T13:39:00+00:00\",\"breadcrumb\":{\"@id\":\"https:\/\/blogg.svenskakyrkan.se\/vandravagen\/2012\/12\/14\/katter-i-bibeln\/#breadcrumb\"},\"inLanguage\":\"sv-SE\",\"potentialAction\":[{\"@type\":\"ReadAction\",\"target\":[\"https:\/\/blogg.svenskakyrkan.se\/vandravagen\/2012\/12\/14\/katter-i-bibeln\/\"]}]},{\"@type\":\"ImageObject\",\"inLanguage\":\"sv-SE\",\"@id\":\"https:\/\/blogg.svenskakyrkan.se\/vandravagen\/2012\/12\/14\/katter-i-bibeln\/#primaryimage\",\"url\":\"http:\/\/2.bp.blogspot.com\/-LL5YjnXJWtQ\/T1efOnnHFdI\/AAAAAAAAAGQ\/yhbshOnihBA\/s400\/P5150039.JPG\",\"contentUrl\":\"http:\/\/2.bp.blogspot.com\/-LL5YjnXJWtQ\/T1efOnnHFdI\/AAAAAAAAAGQ\/yhbshOnihBA\/s400\/P5150039.JPG\"},{\"@type\":\"BreadcrumbList\",\"@id\":\"https:\/\/blogg.svenskakyrkan.se\/vandravagen\/2012\/12\/14\/katter-i-bibeln\/#breadcrumb\",\"itemListElement\":[{\"@type\":\"ListItem\",\"position\":1,\"name\":\"Hem\",\"item\":\"https:\/\/blogg.svenskakyrkan.se\/vandravagen\/\"},{\"@type\":\"ListItem\",\"position\":2,\"name\":\"Katter i Bibeln\"}]},{\"@type\":\"WebSite\",\"@id\":\"https:\/\/blogg.svenskakyrkan.se\/vandravagen\/#website\",\"url\":\"https:\/\/blogg.svenskakyrkan.se\/vandravagen\/\",\"name\":\"Vandra V\u00e4gen\",\"description\":\"-Mot en tro f\u00f6r hela livet\",\"publisher\":{\"@id\":\"https:\/\/blogg.svenskakyrkan.se\/vandravagen\/#organization\"},\"potentialAction\":[{\"@type\":\"SearchAction\",\"target\":{\"@type\":\"EntryPoint\",\"urlTemplate\":\"https:\/\/blogg.svenskakyrkan.se\/vandravagen\/?s={search_term_string}\"},\"query-input\":{\"@type\":\"PropertyValueSpecification\",\"valueRequired\":true,\"valueName\":\"search_term_string\"}}],\"inLanguage\":\"sv-SE\"},{\"@type\":\"Organization\",\"@id\":\"https:\/\/blogg.svenskakyrkan.se\/vandravagen\/#organization\",\"name\":\"ulricehamns pastorat\",\"alternateName\":\"ulricehamns pastorat\",\"url\":\"https:\/\/blogg.svenskakyrkan.se\/vandravagen\/\",\"logo\":{\"@type\":\"ImageObject\",\"inLanguage\":\"sv-SE\",\"@id\":\"https:\/\/blogg.svenskakyrkan.se\/vandravagen\/#\/schema\/logo\/image\/\",\"url\":\"https:\/\/blogg.svenskakyrkan.se\/vandravagen\/files\/2023\/05\/Ulr_logo_RGB.png\",\"contentUrl\":\"https:\/\/blogg.svenskakyrkan.se\/vandravagen\/files\/2023\/05\/Ulr_logo_RGB.png\",\"width\":205,\"height\":77,\"caption\":\"ulricehamns pastorat\"},\"image\":{\"@id\":\"https:\/\/blogg.svenskakyrkan.se\/vandravagen\/#\/schema\/logo\/image\/\"},\"sameAs\":[\"http:\/\/facebook.com\/vandravagen\",\"https:\/\/x.com\/fadertomas\",\"http:\/\/www.facebook.com\/svenskakyrkaniulricehamn\"]},{\"@type\":\"Person\",\"@id\":\"https:\/\/blogg.svenskakyrkan.se\/vandravagen\/#\/schema\/person\/25da02d4f76b137d04291711e2c9fc16\",\"name\":\"Tomas Jarvid\",\"image\":{\"@type\":\"ImageObject\",\"inLanguage\":\"sv-SE\",\"@id\":\"https:\/\/blogg.svenskakyrkan.se\/vandravagen\/#\/schema\/person\/image\/\",\"url\":\"https:\/\/secure.gravatar.com\/avatar\/7fa71899795e8f540f615a1f5ab25255dc27aa40f05ee7ddd21aac521e01bf50?s=96&d=identicon&r=g\",\"contentUrl\":\"https:\/\/secure.gravatar.com\/avatar\/7fa71899795e8f540f615a1f5ab25255dc27aa40f05ee7ddd21aac521e01bf50?s=96&d=identicon&r=g\",\"caption\":\"Tomas Jarvid\"},\"description\":\"Jag bor i Ulricehamn i V\u00e4sterg\u00f6tland och \u00e4r f\u00f6rsamlingspr\u00e4st i Svenska Kyrkan f\u00f6r Dalstorps f\u00f6rsamling i Kinds pastorat. P\u00e5 den h\u00e4r bloggen skriver jag ner tankar om vandringen som kristen.\",\"sameAs\":[\"http:\/\/www.vandravagen.se\"],\"url\":\"https:\/\/blogg.svenskakyrkan.se\/vandravagen\/author\/vandravagen\/\"}]}<\/script>\n<!-- \/ Yoast SEO plugin. -->","yoast_head_json":{"title":"Katter i Bibeln - Vandra V\u00e4gen","robots":{"index":"index","follow":"follow","max-snippet":"max-snippet:-1","max-image-preview":"max-image-preview:large","max-video-preview":"max-video-preview:-1"},"canonical":"https:\/\/blogg.svenskakyrkan.se\/vandravagen\/2012\/12\/14\/katter-i-bibeln\/","og_locale":"sv_SE","og_type":"article","og_title":"Katter i Bibeln - Vandra V\u00e4gen","og_description":"Nej, den h\u00e4r katten \u00e4r inte i Bibeln. Det \u00e4r en annan bok. N\u00e4r jag skrev om &#8221;sn\u00f6 i Bibeln&#8221; fick jag en kommentar med fr\u00e5gan varf\u00f6r det inte finns n\u00e5gra katter i Bibeln. Ja, varf\u00f6r inte? Det finns hundar och en massa andra djur. Katter fanns f\u00f6rmodligen i Israel d\u00e5 som idag s\u00e5 varf\u00f6r [&hellip;]","og_url":"https:\/\/blogg.svenskakyrkan.se\/vandravagen\/2012\/12\/14\/katter-i-bibeln\/","og_site_name":"Vandra V\u00e4gen","article_publisher":"http:\/\/facebook.com\/vandravagen","article_published_time":"2012-12-14T13:39:00+00:00","og_image":[{"url":"http:\/\/2.bp.blogspot.com\/-LL5YjnXJWtQ\/T1efOnnHFdI\/AAAAAAAAAGQ\/yhbshOnihBA\/s400\/P5150039.JPG","type":"","width":"","height":""}],"author":"Tomas Jarvid","twitter_card":"summary_large_image","twitter_creator":"@fadertomas","twitter_site":"@fadertomas","twitter_misc":{"Skriven av":"Tomas Jarvid","Ber\u00e4knad l\u00e4stid":"2 minuter"},"schema":{"@context":"https:\/\/schema.org","@graph":[{"@type":"Article","@id":"https:\/\/blogg.svenskakyrkan.se\/vandravagen\/2012\/12\/14\/katter-i-bibeln\/#article","isPartOf":{"@id":"https:\/\/blogg.svenskakyrkan.se\/vandravagen\/2012\/12\/14\/katter-i-bibeln\/"},"author":{"name":"Tomas Jarvid","@id":"https:\/\/blogg.svenskakyrkan.se\/vandravagen\/#\/schema\/person\/25da02d4f76b137d04291711e2c9fc16"},"headline":"Katter i Bibeln","datePublished":"2012-12-14T13:39:00+00:00","mainEntityOfPage":{"@id":"https:\/\/blogg.svenskakyrkan.se\/vandravagen\/2012\/12\/14\/katter-i-bibeln\/"},"wordCount":403,"commentCount":1,"publisher":{"@id":"https:\/\/blogg.svenskakyrkan.se\/vandravagen\/#organization"},"image":{"@id":"https:\/\/blogg.svenskakyrkan.se\/vandravagen\/2012\/12\/14\/katter-i-bibeln\/#primaryimage"},"thumbnailUrl":"http:\/\/2.bp.blogspot.com\/-LL5YjnXJWtQ\/T1efOnnHFdI\/AAAAAAAAAGQ\/yhbshOnihBA\/s400\/P5150039.JPG","articleSection":["bibel"],"inLanguage":"sv-SE","potentialAction":[{"@type":"CommentAction","name":"Comment","target":["https:\/\/blogg.svenskakyrkan.se\/vandravagen\/2012\/12\/14\/katter-i-bibeln\/#respond"]}]},{"@type":"WebPage","@id":"https:\/\/blogg.svenskakyrkan.se\/vandravagen\/2012\/12\/14\/katter-i-bibeln\/","url":"https:\/\/blogg.svenskakyrkan.se\/vandravagen\/2012\/12\/14\/katter-i-bibeln\/","name":"Katter i Bibeln - Vandra V\u00e4gen","isPartOf":{"@id":"https:\/\/blogg.svenskakyrkan.se\/vandravagen\/#website"},"primaryImageOfPage":{"@id":"https:\/\/blogg.svenskakyrkan.se\/vandravagen\/2012\/12\/14\/katter-i-bibeln\/#primaryimage"},"image":{"@id":"https:\/\/blogg.svenskakyrkan.se\/vandravagen\/2012\/12\/14\/katter-i-bibeln\/#primaryimage"},"thumbnailUrl":"http:\/\/2.bp.blogspot.com\/-LL5YjnXJWtQ\/T1efOnnHFdI\/AAAAAAAAAGQ\/yhbshOnihBA\/s400\/P5150039.JPG","datePublished":"2012-12-14T13:39:00+00:00","breadcrumb":{"@id":"https:\/\/blogg.svenskakyrkan.se\/vandravagen\/2012\/12\/14\/katter-i-bibeln\/#breadcrumb"},"inLanguage":"sv-SE","potentialAction":[{"@type":"ReadAction","target":["https:\/\/blogg.svenskakyrkan.se\/vandravagen\/2012\/12\/14\/katter-i-bibeln\/"]}]},{"@type":"ImageObject","inLanguage":"sv-SE","@id":"https:\/\/blogg.svenskakyrkan.se\/vandravagen\/2012\/12\/14\/katter-i-bibeln\/#primaryimage","url":"http:\/\/2.bp.blogspot.com\/-LL5YjnXJWtQ\/T1efOnnHFdI\/AAAAAAAAAGQ\/yhbshOnihBA\/s400\/P5150039.JPG","contentUrl":"http:\/\/2.bp.blogspot.com\/-LL5YjnXJWtQ\/T1efOnnHFdI\/AAAAAAAAAGQ\/yhbshOnihBA\/s400\/P5150039.JPG"},{"@type":"BreadcrumbList","@id":"https:\/\/blogg.svenskakyrkan.se\/vandravagen\/2012\/12\/14\/katter-i-bibeln\/#breadcrumb","itemListElement":[{"@type":"ListItem","position":1,"name":"Hem","item":"https:\/\/blogg.svenskakyrkan.se\/vandravagen\/"},{"@type":"ListItem","position":2,"name":"Katter i Bibeln"}]},{"@type":"WebSite","@id":"https:\/\/blogg.svenskakyrkan.se\/vandravagen\/#website","url":"https:\/\/blogg.svenskakyrkan.se\/vandravagen\/","name":"Vandra V\u00e4gen","description":"-Mot en tro f\u00f6r hela livet","publisher":{"@id":"https:\/\/blogg.svenskakyrkan.se\/vandravagen\/#organization"},"potentialAction":[{"@type":"SearchAction","target":{"@type":"EntryPoint","urlTemplate":"https:\/\/blogg.svenskakyrkan.se\/vandravagen\/?s={search_term_string}"},"query-input":{"@type":"PropertyValueSpecification","valueRequired":true,"valueName":"search_term_string"}}],"inLanguage":"sv-SE"},{"@type":"Organization","@id":"https:\/\/blogg.svenskakyrkan.se\/vandravagen\/#organization","name":"ulricehamns pastorat","alternateName":"ulricehamns pastorat","url":"https:\/\/blogg.svenskakyrkan.se\/vandravagen\/","logo":{"@type":"ImageObject","inLanguage":"sv-SE","@id":"https:\/\/blogg.svenskakyrkan.se\/vandravagen\/#\/schema\/logo\/image\/","url":"https:\/\/blogg.svenskakyrkan.se\/vandravagen\/files\/2023\/05\/Ulr_logo_RGB.png","contentUrl":"https:\/\/blogg.svenskakyrkan.se\/vandravagen\/files\/2023\/05\/Ulr_logo_RGB.png","width":205,"height":77,"caption":"ulricehamns pastorat"},"image":{"@id":"https:\/\/blogg.svenskakyrkan.se\/vandravagen\/#\/schema\/logo\/image\/"},"sameAs":["http:\/\/facebook.com\/vandravagen","https:\/\/x.com\/fadertomas","http:\/\/www.facebook.com\/svenskakyrkaniulricehamn"]},{"@type":"Person","@id":"https:\/\/blogg.svenskakyrkan.se\/vandravagen\/#\/schema\/person\/25da02d4f76b137d04291711e2c9fc16","name":"Tomas Jarvid","image":{"@type":"ImageObject","inLanguage":"sv-SE","@id":"https:\/\/blogg.svenskakyrkan.se\/vandravagen\/#\/schema\/person\/image\/","url":"https:\/\/secure.gravatar.com\/avatar\/7fa71899795e8f540f615a1f5ab25255dc27aa40f05ee7ddd21aac521e01bf50?s=96&d=identicon&r=g","contentUrl":"https:\/\/secure.gravatar.com\/avatar\/7fa71899795e8f540f615a1f5ab25255dc27aa40f05ee7ddd21aac521e01bf50?s=96&d=identicon&r=g","caption":"Tomas Jarvid"},"description":"Jag bor i Ulricehamn i V\u00e4sterg\u00f6tland och \u00e4r f\u00f6rsamlingspr\u00e4st i Svenska Kyrkan f\u00f6r Dalstorps f\u00f6rsamling i Kinds pastorat. P\u00e5 den h\u00e4r bloggen skriver jag ner tankar om vandringen som kristen.","sameAs":["http:\/\/www.vandravagen.se"],"url":"https:\/\/blogg.svenskakyrkan.se\/vandravagen\/author\/vandravagen\/"}]}},"author_meta":{"ID":"392","user_nicename":"vandravagen","user_url":"http:\/\/www.vandravagen.se","user_registered":"2014-05-19 05:44:52","display_name":"Tomas Jarvid","first_name":"Tomas","last_name":"Jarvid","avatar":"https:\/\/secure.gravatar.com\/avatar\/7fa71899795e8f540f615a1f5ab25255dc27aa40f05ee7ddd21aac521e01bf50?s=96&d=identicon&r=g"},"featured_image":false,"bloginfo":{"name":"Vandra V\u00e4gen","url":"https:\/\/blogg.svenskakyrkan.se\/vandravagen"},"_links":{"self":[{"href":"https:\/\/blogg.svenskakyrkan.se\/vandravagen\/wp-json\/wp\/v2\/posts\/816","targetHints":{"allow":["GET"]}}],"collection":[{"href":"https:\/\/blogg.svenskakyrkan.se\/vandravagen\/wp-json\/wp\/v2\/posts"}],"about":[{"href":"https:\/\/blogg.svenskakyrkan.se\/vandravagen\/wp-json\/wp\/v2\/types\/post"}],"author":[{"embeddable":true,"href":"https:\/\/blogg.svenskakyrkan.se\/vandravagen\/wp-json\/wp\/v2\/users\/392"}],"replies":[{"embeddable":true,"href":"https:\/\/blogg.svenskakyrkan.se\/vandravagen\/wp-json\/wp\/v2\/comments?post=816"}],"version-history":[{"count":0,"href":"https:\/\/blogg.svenskakyrkan.se\/vandravagen\/wp-json\/wp\/v2\/posts\/816\/revisions"}],"wp:attachment":[{"href":"https:\/\/blogg.svenskakyrkan.se\/vandravagen\/wp-json\/wp\/v2\/media?parent=816"}],"wp:term":[{"taxonomy":"category","embeddable":true,"href":"https:\/\/blogg.svenskakyrkan.se\/vandravagen\/wp-json\/wp\/v2\/categories?post=816"},{"taxonomy":"post_tag","embeddable":true,"href":"https:\/\/blogg.svenskakyrkan.se\/vandravagen\/wp-json\/wp\/v2\/tags?post=816"}],"curies":[{"name":"wp","href":"https:\/\/api.w.org\/{rel}","templated":true}]}}