{"id":8161,"date":"2020-10-07T07:00:00","date_gmt":"2020-10-07T05:00:00","guid":{"rendered":"http:\/\/blogg.svenskakyrkan.se\/vandravagen\/?p=8161"},"modified":"2020-10-06T21:40:10","modified_gmt":"2020-10-06T19:40:10","slug":"efter-ett-halvar-i-oknen","status":"publish","type":"post","link":"https:\/\/blogg.svenskakyrkan.se\/vandravagen\/2020\/10\/07\/efter-ett-halvar-i-oknen\/","title":{"rendered":"Efter ett halv\u00e5r i \u00f6knen"},"content":{"rendered":"\n\n\n<figure class=\"wp-block-image size-large\"><img loading=\"lazy\" decoding=\"async\" width=\"940\" height=\"788\" src=\"https:\/\/blogg.svenskakyrkan.se\/vandravagen\/files\/2020\/10\/\u00f6ken.jpg\" alt=\"\" class=\"wp-image-8178\" srcset=\"https:\/\/blogg.svenskakyrkan.se\/vandravagen\/files\/2020\/10\/\u00f6ken.jpg 940w, https:\/\/blogg.svenskakyrkan.se\/vandravagen\/files\/2020\/10\/\u00f6ken-300x251.jpg 300w, https:\/\/blogg.svenskakyrkan.se\/vandravagen\/files\/2020\/10\/\u00f6ken-768x644.jpg 768w\" sizes=\"auto, (max-width: 940px) 100vw, 940px\" \/><\/figure>\n\n\n\n<p>Jag skrev i ett kort till seniora f\u00f6rsamlingsbor nu i somras:<\/p>\n\n\n\n<blockquote class=\"wp-block-quote is-layout-flow wp-block-quote-is-layout-flow\"><p>Jesus var i \u00f6knen i 40 dagar av ensamhet och kamp. Nu har vi levt med coronapandemin betydligt l\u00e4ngre \u00e4n s\u00e5 och det har t\u00e4rt p\u00e5 m\u00e5nga av oss. Exakt hur vi har det \u00e4r olika men ingen har det som vanligt. Jag \u00f6nskar dig efter de h\u00e4r f\u00f6ruts\u00e4ttningarna en s\u00e5 god sommar som m\u00f6jligt.<\/p><\/blockquote>\n\n\n\n<p>Och nu har det ju verkligen g\u00e5tt ganska l\u00e5ng tid. Om man r\u00e4knar att det var i mars som samh\u00e4llet st\u00e4ngde ner p\u00e5 allvar s\u00e5 har det nu passerat ett halv\u00e5r. <\/p>\n\n\n\n<p>I ett tidigt skede h\u00f6rde jag n\u00e5gon s\u00e4ga att den h\u00e4r tiden blir en \u00f6kenvandring, det syftade allts\u00e5 p\u00e5 den bibliska ber\u00e4ttelsen om hur Israels folk g\u00e5r genom s\u00e4vhavet med Mose men sedan tvingas vandra i \u00f6knen i 40 \u00e5r innan de kommer fram till landet Gud lovat dem. Nu n\u00e4r &#8221;\u00f6kenvandringen&#8221; p\u00e5g\u00e5tt l\u00e4nge kan man fundera mer p\u00e5 det och k\u00e4nna igen sig i mycket fr\u00e5n bibelber\u00e4ttelsen.<\/p>\n\n\n\n<p>Israels folk b\u00f6rjar vid gott mod men ganska snart blir det ont om mat och vatten och de k\u00e4nner av sv\u00e5righeterna. <strong>D\u00e5 b\u00f6rjar de m\u00e5la upp bilder f\u00f6r sig sj\u00e4lva av hur fantastiskt bra de egentligen hade det f\u00f6rut<\/strong>. I minnet s\u00e5g de framf\u00f6r sig hur de brukade sitta vid r\u00e5gade k\u00f6ttgrytor i Egypten. I verkligheten var det ju knappast s\u00e5 glassigt att tillh\u00f6ra slavfolket under faraos sko. S\u00e5 kan det kanske vara f\u00f6r en del. Man ser tillbaka p\u00e5 det gamla &#8221;normall\u00e4get&#8221; och i minnet var det en helt bekymmersfri tillvaro, vilket det s\u00e4kert inte var f\u00f6r s\u00e4rskilt m\u00e5nga. <\/p>\n\n\n\n<p><strong>Israels folk kan inte g\u00e5 tillbaka<\/strong>. Ibland talas det bland dem om att bryta upp och g\u00e5 tillbaka n\u00e4r livet i \u00f6knen \u00e4r outh\u00e4rdligt. Men vi f\u00f6rst\u00e5r ju i coronatiden att det inte g\u00e5r. Hur framtiden ser ut och hur tidsperspektiven ser ut vet ingen. Och i m\u00e5nga fler \u00e4n i mig finns det ocks\u00e5 en tanke om att det h\u00e4r kanske var v\u00e4rldens sista chans att inte bara forts\u00e4tta rusa p\u00e5 som vanligt mot klimatkollaps och allt annat som &#8221;business as usual&#8221; inneb\u00e4r.<\/p>\n\n\n\n<p><strong>De blir arga p\u00e5 Moses<\/strong>. Det \u00e4r inte l\u00e4tt att vara ledare i dessa tider. Man f\u00e5r p\u00e5 n\u00e5got s\u00e4tt kl\u00e4 skott f\u00f6r olika saker och den uppd\u00e4mda frustrationen \u00e4r stor. Ena dagen kan man vara en hj\u00e4lte och n\u00e4sta dag en syndabock. Lite samma f\u00f6r Mose som f\u00f6r Tegnell allts\u00e5.<\/p>\n\n\n\n<p><strong>Livet i \u00f6knen \u00e4r avskalat<\/strong>. I bibeln st\u00e5r det om hur folket levde enkelt i \u00f6knen. De samlade sitt manna varje dag och \u00e5t av det. F\u00f6r en del har ekonomi och annat blivit sv\u00e5rt nu. I det h\u00e4r sammanhanget t\u00e4nker jag ocks\u00e5 p\u00e5 de mycket enkla andaktsstunder vi haft i v\u00e5r kyrka. Det \u00e4r tider d\u00e5 man helst inte talar f\u00f6r stora ord s\u00e5 kanske f\u00e5r man syn p\u00e5 sig sj\u00e4lv l\u00e4ttare?<\/p>\n\n\n\n<p><strong>Att inte bjuda in<\/strong>. Jag vet inte hur jag ska koppla det till Mose men det har varit v\u00e4ldigt konstigt att vara kyrka utan att bjuda in och kalla till gemenskap. Det g\u00e5r ju emot hela kyrkans id\u00e9 (som i ordet f\u00f6rsamling till exempel). <\/p>\n\n\n\n<p><strong>Gud \u00e4r med dem i \u00f6knen<\/strong>. Slutligen \u00e4r Gud med sitt folk i \u00f6knen. \u00d6knen k\u00e4nns kanske som ett tillst\u00e5nd d\u00e5 Gud \u00e4r avl\u00e4gsen men det kan ocks\u00e5 vara s\u00e5 att vi f\u00e5r uppleva att vi \u00e4r burna. Det st\u00e5r om israels folk att deras kl\u00e4der inte slets ut under alla \u00e5r i \u00f6knen. Kanske kan vi ocks\u00e5 se tecken p\u00e5 Guds n\u00e4rvaro och n\u00e5d p\u00e5 ov\u00e4ntade s\u00e4tt nu?<\/p>\n\n\n\n<p>Jag skrev den h\u00e4r dikten som p\u00e5 n\u00e5got s\u00e4tt h\u00f6r ihop med livet nu ett halv\u00e5r in i coronatiden:<\/p>\n\n\n\n<p><em>Ibland \u00e4r det l\u00e4nge sedan d\u00f6den<\/em><\/p>\n\n\n\n<p><em>med tiden blir det allt viktigare<\/em><\/p>\n\n\n\n<p><em>att leva igen.<\/em><\/p>\n","protected":false},"excerpt":{"rendered":"<p>Jag skrev i ett kort till seniora f\u00f6rsamlingsbor nu i somras: Jesus var i \u00f6knen i 40 dagar av ensamhet och kamp. Nu har vi levt med coronapandemin betydligt l\u00e4ngre \u00e4n s\u00e5 och det har t\u00e4rt p\u00e5 m\u00e5nga av oss. Exakt hur vi har det \u00e4r olika men ingen har det som vanligt. Jag \u00f6nskar [&hellip;]<\/p>\n","protected":false},"author":392,"featured_media":8178,"comment_status":"open","ping_status":"open","sticky":false,"template":"","format":"standard","meta":{"_acf_changed":false,"footnotes":""},"categories":[8298,76766,117,77554],"tags":[],"class_list":["post-8161","post","type-post","status-publish","format-standard","has-post-thumbnail","hentry","category-bibeln","category-blandat","category-teologi","category-vara-manniska"],"acf":[],"yoast_head":"<!-- This site is optimized with the Yoast SEO plugin v27.1.1 - https:\/\/yoast.com\/product\/yoast-seo-wordpress\/ -->\n<title>Efter ett halv\u00e5r i \u00f6knen - Vandra V\u00e4gen<\/title>\n<meta name=\"robots\" content=\"index, follow, max-snippet:-1, max-image-preview:large, max-video-preview:-1\" \/>\n<link rel=\"canonical\" href=\"https:\/\/blogg.svenskakyrkan.se\/vandravagen\/2020\/10\/07\/efter-ett-halvar-i-oknen\/\" \/>\n<meta property=\"og:locale\" content=\"sv_SE\" \/>\n<meta property=\"og:type\" content=\"article\" \/>\n<meta property=\"og:title\" content=\"Efter ett halv\u00e5r i \u00f6knen - Vandra V\u00e4gen\" \/>\n<meta property=\"og:description\" content=\"Jag skrev i ett kort till seniora f\u00f6rsamlingsbor nu i somras: Jesus var i \u00f6knen i 40 dagar av ensamhet och kamp. Nu har vi levt med coronapandemin betydligt l\u00e4ngre \u00e4n s\u00e5 och det har t\u00e4rt p\u00e5 m\u00e5nga av oss. Exakt hur vi har det \u00e4r olika men ingen har det som vanligt. Jag \u00f6nskar [&hellip;]\" \/>\n<meta property=\"og:url\" content=\"https:\/\/blogg.svenskakyrkan.se\/vandravagen\/2020\/10\/07\/efter-ett-halvar-i-oknen\/\" \/>\n<meta property=\"og:site_name\" content=\"Vandra V\u00e4gen\" \/>\n<meta property=\"article:publisher\" content=\"http:\/\/facebook.com\/vandravagen\" \/>\n<meta property=\"article:published_time\" content=\"2020-10-07T05:00:00+00:00\" \/>\n<meta property=\"og:image\" content=\"https:\/\/blogg.svenskakyrkan.se\/vandravagen\/files\/2020\/10\/\u00f6ken.jpg\" \/>\n\t<meta property=\"og:image:width\" content=\"940\" \/>\n\t<meta property=\"og:image:height\" content=\"788\" \/>\n\t<meta property=\"og:image:type\" content=\"image\/jpeg\" \/>\n<meta name=\"author\" content=\"Tomas Jarvid\" \/>\n<meta name=\"twitter:card\" content=\"summary_large_image\" \/>\n<meta name=\"twitter:creator\" content=\"@fadertomas\" \/>\n<meta name=\"twitter:site\" content=\"@fadertomas\" \/>\n<meta name=\"twitter:label1\" content=\"Skriven av\" \/>\n\t<meta name=\"twitter:data1\" content=\"Tomas Jarvid\" \/>\n\t<meta name=\"twitter:label2\" content=\"Ber\u00e4knad l\u00e4stid\" \/>\n\t<meta name=\"twitter:data2\" content=\"4 minuter\" \/>\n<script type=\"application\/ld+json\" class=\"yoast-schema-graph\">{\"@context\":\"https:\/\/schema.org\",\"@graph\":[{\"@type\":\"Article\",\"@id\":\"https:\/\/blogg.svenskakyrkan.se\/vandravagen\/2020\/10\/07\/efter-ett-halvar-i-oknen\/#article\",\"isPartOf\":{\"@id\":\"https:\/\/blogg.svenskakyrkan.se\/vandravagen\/2020\/10\/07\/efter-ett-halvar-i-oknen\/\"},\"author\":{\"name\":\"Tomas Jarvid\",\"@id\":\"https:\/\/blogg.svenskakyrkan.se\/vandravagen\/#\/schema\/person\/25da02d4f76b137d04291711e2c9fc16\"},\"headline\":\"Efter ett halv\u00e5r i \u00f6knen\",\"datePublished\":\"2020-10-07T05:00:00+00:00\",\"mainEntityOfPage\":{\"@id\":\"https:\/\/blogg.svenskakyrkan.se\/vandravagen\/2020\/10\/07\/efter-ett-halvar-i-oknen\/\"},\"wordCount\":721,\"commentCount\":2,\"publisher\":{\"@id\":\"https:\/\/blogg.svenskakyrkan.se\/vandravagen\/#organization\"},\"image\":{\"@id\":\"https:\/\/blogg.svenskakyrkan.se\/vandravagen\/2020\/10\/07\/efter-ett-halvar-i-oknen\/#primaryimage\"},\"thumbnailUrl\":\"https:\/\/blogg.svenskakyrkan.se\/vandravagen\/files\/2020\/10\/\u00f6ken.jpg\",\"articleSection\":[\"Bibeln\",\"blandat\",\"Teologi\",\"vara m\u00e4nniska\"],\"inLanguage\":\"sv-SE\",\"potentialAction\":[{\"@type\":\"CommentAction\",\"name\":\"Comment\",\"target\":[\"https:\/\/blogg.svenskakyrkan.se\/vandravagen\/2020\/10\/07\/efter-ett-halvar-i-oknen\/#respond\"]}]},{\"@type\":\"WebPage\",\"@id\":\"https:\/\/blogg.svenskakyrkan.se\/vandravagen\/2020\/10\/07\/efter-ett-halvar-i-oknen\/\",\"url\":\"https:\/\/blogg.svenskakyrkan.se\/vandravagen\/2020\/10\/07\/efter-ett-halvar-i-oknen\/\",\"name\":\"Efter ett halv\u00e5r i \u00f6knen - Vandra V\u00e4gen\",\"isPartOf\":{\"@id\":\"https:\/\/blogg.svenskakyrkan.se\/vandravagen\/#website\"},\"primaryImageOfPage\":{\"@id\":\"https:\/\/blogg.svenskakyrkan.se\/vandravagen\/2020\/10\/07\/efter-ett-halvar-i-oknen\/#primaryimage\"},\"image\":{\"@id\":\"https:\/\/blogg.svenskakyrkan.se\/vandravagen\/2020\/10\/07\/efter-ett-halvar-i-oknen\/#primaryimage\"},\"thumbnailUrl\":\"https:\/\/blogg.svenskakyrkan.se\/vandravagen\/files\/2020\/10\/\u00f6ken.jpg\",\"datePublished\":\"2020-10-07T05:00:00+00:00\",\"breadcrumb\":{\"@id\":\"https:\/\/blogg.svenskakyrkan.se\/vandravagen\/2020\/10\/07\/efter-ett-halvar-i-oknen\/#breadcrumb\"},\"inLanguage\":\"sv-SE\",\"potentialAction\":[{\"@type\":\"ReadAction\",\"target\":[\"https:\/\/blogg.svenskakyrkan.se\/vandravagen\/2020\/10\/07\/efter-ett-halvar-i-oknen\/\"]}]},{\"@type\":\"ImageObject\",\"inLanguage\":\"sv-SE\",\"@id\":\"https:\/\/blogg.svenskakyrkan.se\/vandravagen\/2020\/10\/07\/efter-ett-halvar-i-oknen\/#primaryimage\",\"url\":\"https:\/\/blogg.svenskakyrkan.se\/vandravagen\/files\/2020\/10\/\u00f6ken.jpg\",\"contentUrl\":\"https:\/\/blogg.svenskakyrkan.se\/vandravagen\/files\/2020\/10\/\u00f6ken.jpg\",\"width\":940,\"height\":788},{\"@type\":\"BreadcrumbList\",\"@id\":\"https:\/\/blogg.svenskakyrkan.se\/vandravagen\/2020\/10\/07\/efter-ett-halvar-i-oknen\/#breadcrumb\",\"itemListElement\":[{\"@type\":\"ListItem\",\"position\":1,\"name\":\"Hem\",\"item\":\"https:\/\/blogg.svenskakyrkan.se\/vandravagen\/\"},{\"@type\":\"ListItem\",\"position\":2,\"name\":\"Efter ett halv\u00e5r i \u00f6knen\"}]},{\"@type\":\"WebSite\",\"@id\":\"https:\/\/blogg.svenskakyrkan.se\/vandravagen\/#website\",\"url\":\"https:\/\/blogg.svenskakyrkan.se\/vandravagen\/\",\"name\":\"Vandra V\u00e4gen\",\"description\":\"-Mot en tro f\u00f6r hela livet\",\"publisher\":{\"@id\":\"https:\/\/blogg.svenskakyrkan.se\/vandravagen\/#organization\"},\"potentialAction\":[{\"@type\":\"SearchAction\",\"target\":{\"@type\":\"EntryPoint\",\"urlTemplate\":\"https:\/\/blogg.svenskakyrkan.se\/vandravagen\/?s={search_term_string}\"},\"query-input\":{\"@type\":\"PropertyValueSpecification\",\"valueRequired\":true,\"valueName\":\"search_term_string\"}}],\"inLanguage\":\"sv-SE\"},{\"@type\":\"Organization\",\"@id\":\"https:\/\/blogg.svenskakyrkan.se\/vandravagen\/#organization\",\"name\":\"ulricehamns pastorat\",\"alternateName\":\"ulricehamns pastorat\",\"url\":\"https:\/\/blogg.svenskakyrkan.se\/vandravagen\/\",\"logo\":{\"@type\":\"ImageObject\",\"inLanguage\":\"sv-SE\",\"@id\":\"https:\/\/blogg.svenskakyrkan.se\/vandravagen\/#\/schema\/logo\/image\/\",\"url\":\"https:\/\/blogg.svenskakyrkan.se\/vandravagen\/files\/2023\/05\/Ulr_logo_RGB.png\",\"contentUrl\":\"https:\/\/blogg.svenskakyrkan.se\/vandravagen\/files\/2023\/05\/Ulr_logo_RGB.png\",\"width\":205,\"height\":77,\"caption\":\"ulricehamns pastorat\"},\"image\":{\"@id\":\"https:\/\/blogg.svenskakyrkan.se\/vandravagen\/#\/schema\/logo\/image\/\"},\"sameAs\":[\"http:\/\/facebook.com\/vandravagen\",\"https:\/\/x.com\/fadertomas\",\"http:\/\/www.facebook.com\/svenskakyrkaniulricehamn\"]},{\"@type\":\"Person\",\"@id\":\"https:\/\/blogg.svenskakyrkan.se\/vandravagen\/#\/schema\/person\/25da02d4f76b137d04291711e2c9fc16\",\"name\":\"Tomas Jarvid\",\"image\":{\"@type\":\"ImageObject\",\"inLanguage\":\"sv-SE\",\"@id\":\"https:\/\/blogg.svenskakyrkan.se\/vandravagen\/#\/schema\/person\/image\/\",\"url\":\"https:\/\/secure.gravatar.com\/avatar\/7fa71899795e8f540f615a1f5ab25255dc27aa40f05ee7ddd21aac521e01bf50?s=96&d=identicon&r=g\",\"contentUrl\":\"https:\/\/secure.gravatar.com\/avatar\/7fa71899795e8f540f615a1f5ab25255dc27aa40f05ee7ddd21aac521e01bf50?s=96&d=identicon&r=g\",\"caption\":\"Tomas Jarvid\"},\"description\":\"Jag bor i Ulricehamn i V\u00e4sterg\u00f6tland och \u00e4r f\u00f6rsamlingspr\u00e4st i Svenska Kyrkan f\u00f6r Dalstorps f\u00f6rsamling i Kinds pastorat. P\u00e5 den h\u00e4r bloggen skriver jag ner tankar om vandringen som kristen.\",\"sameAs\":[\"http:\/\/www.vandravagen.se\"],\"url\":\"https:\/\/blogg.svenskakyrkan.se\/vandravagen\/author\/vandravagen\/\"}]}<\/script>\n<!-- \/ Yoast SEO plugin. -->","yoast_head_json":{"title":"Efter ett halv\u00e5r i \u00f6knen - Vandra V\u00e4gen","robots":{"index":"index","follow":"follow","max-snippet":"max-snippet:-1","max-image-preview":"max-image-preview:large","max-video-preview":"max-video-preview:-1"},"canonical":"https:\/\/blogg.svenskakyrkan.se\/vandravagen\/2020\/10\/07\/efter-ett-halvar-i-oknen\/","og_locale":"sv_SE","og_type":"article","og_title":"Efter ett halv\u00e5r i \u00f6knen - Vandra V\u00e4gen","og_description":"Jag skrev i ett kort till seniora f\u00f6rsamlingsbor nu i somras: Jesus var i \u00f6knen i 40 dagar av ensamhet och kamp. Nu har vi levt med coronapandemin betydligt l\u00e4ngre \u00e4n s\u00e5 och det har t\u00e4rt p\u00e5 m\u00e5nga av oss. Exakt hur vi har det \u00e4r olika men ingen har det som vanligt. Jag \u00f6nskar [&hellip;]","og_url":"https:\/\/blogg.svenskakyrkan.se\/vandravagen\/2020\/10\/07\/efter-ett-halvar-i-oknen\/","og_site_name":"Vandra V\u00e4gen","article_publisher":"http:\/\/facebook.com\/vandravagen","article_published_time":"2020-10-07T05:00:00+00:00","og_image":[{"width":940,"height":788,"url":"https:\/\/blogg.svenskakyrkan.se\/vandravagen\/files\/2020\/10\/\u00f6ken.jpg","type":"image\/jpeg"}],"author":"Tomas Jarvid","twitter_card":"summary_large_image","twitter_creator":"@fadertomas","twitter_site":"@fadertomas","twitter_misc":{"Skriven av":"Tomas Jarvid","Ber\u00e4knad l\u00e4stid":"4 minuter"},"schema":{"@context":"https:\/\/schema.org","@graph":[{"@type":"Article","@id":"https:\/\/blogg.svenskakyrkan.se\/vandravagen\/2020\/10\/07\/efter-ett-halvar-i-oknen\/#article","isPartOf":{"@id":"https:\/\/blogg.svenskakyrkan.se\/vandravagen\/2020\/10\/07\/efter-ett-halvar-i-oknen\/"},"author":{"name":"Tomas Jarvid","@id":"https:\/\/blogg.svenskakyrkan.se\/vandravagen\/#\/schema\/person\/25da02d4f76b137d04291711e2c9fc16"},"headline":"Efter ett halv\u00e5r i \u00f6knen","datePublished":"2020-10-07T05:00:00+00:00","mainEntityOfPage":{"@id":"https:\/\/blogg.svenskakyrkan.se\/vandravagen\/2020\/10\/07\/efter-ett-halvar-i-oknen\/"},"wordCount":721,"commentCount":2,"publisher":{"@id":"https:\/\/blogg.svenskakyrkan.se\/vandravagen\/#organization"},"image":{"@id":"https:\/\/blogg.svenskakyrkan.se\/vandravagen\/2020\/10\/07\/efter-ett-halvar-i-oknen\/#primaryimage"},"thumbnailUrl":"https:\/\/blogg.svenskakyrkan.se\/vandravagen\/files\/2020\/10\/\u00f6ken.jpg","articleSection":["Bibeln","blandat","Teologi","vara m\u00e4nniska"],"inLanguage":"sv-SE","potentialAction":[{"@type":"CommentAction","name":"Comment","target":["https:\/\/blogg.svenskakyrkan.se\/vandravagen\/2020\/10\/07\/efter-ett-halvar-i-oknen\/#respond"]}]},{"@type":"WebPage","@id":"https:\/\/blogg.svenskakyrkan.se\/vandravagen\/2020\/10\/07\/efter-ett-halvar-i-oknen\/","url":"https:\/\/blogg.svenskakyrkan.se\/vandravagen\/2020\/10\/07\/efter-ett-halvar-i-oknen\/","name":"Efter ett halv\u00e5r i \u00f6knen - Vandra V\u00e4gen","isPartOf":{"@id":"https:\/\/blogg.svenskakyrkan.se\/vandravagen\/#website"},"primaryImageOfPage":{"@id":"https:\/\/blogg.svenskakyrkan.se\/vandravagen\/2020\/10\/07\/efter-ett-halvar-i-oknen\/#primaryimage"},"image":{"@id":"https:\/\/blogg.svenskakyrkan.se\/vandravagen\/2020\/10\/07\/efter-ett-halvar-i-oknen\/#primaryimage"},"thumbnailUrl":"https:\/\/blogg.svenskakyrkan.se\/vandravagen\/files\/2020\/10\/\u00f6ken.jpg","datePublished":"2020-10-07T05:00:00+00:00","breadcrumb":{"@id":"https:\/\/blogg.svenskakyrkan.se\/vandravagen\/2020\/10\/07\/efter-ett-halvar-i-oknen\/#breadcrumb"},"inLanguage":"sv-SE","potentialAction":[{"@type":"ReadAction","target":["https:\/\/blogg.svenskakyrkan.se\/vandravagen\/2020\/10\/07\/efter-ett-halvar-i-oknen\/"]}]},{"@type":"ImageObject","inLanguage":"sv-SE","@id":"https:\/\/blogg.svenskakyrkan.se\/vandravagen\/2020\/10\/07\/efter-ett-halvar-i-oknen\/#primaryimage","url":"https:\/\/blogg.svenskakyrkan.se\/vandravagen\/files\/2020\/10\/\u00f6ken.jpg","contentUrl":"https:\/\/blogg.svenskakyrkan.se\/vandravagen\/files\/2020\/10\/\u00f6ken.jpg","width":940,"height":788},{"@type":"BreadcrumbList","@id":"https:\/\/blogg.svenskakyrkan.se\/vandravagen\/2020\/10\/07\/efter-ett-halvar-i-oknen\/#breadcrumb","itemListElement":[{"@type":"ListItem","position":1,"name":"Hem","item":"https:\/\/blogg.svenskakyrkan.se\/vandravagen\/"},{"@type":"ListItem","position":2,"name":"Efter ett halv\u00e5r i \u00f6knen"}]},{"@type":"WebSite","@id":"https:\/\/blogg.svenskakyrkan.se\/vandravagen\/#website","url":"https:\/\/blogg.svenskakyrkan.se\/vandravagen\/","name":"Vandra V\u00e4gen","description":"-Mot en tro f\u00f6r hela livet","publisher":{"@id":"https:\/\/blogg.svenskakyrkan.se\/vandravagen\/#organization"},"potentialAction":[{"@type":"SearchAction","target":{"@type":"EntryPoint","urlTemplate":"https:\/\/blogg.svenskakyrkan.se\/vandravagen\/?s={search_term_string}"},"query-input":{"@type":"PropertyValueSpecification","valueRequired":true,"valueName":"search_term_string"}}],"inLanguage":"sv-SE"},{"@type":"Organization","@id":"https:\/\/blogg.svenskakyrkan.se\/vandravagen\/#organization","name":"ulricehamns pastorat","alternateName":"ulricehamns pastorat","url":"https:\/\/blogg.svenskakyrkan.se\/vandravagen\/","logo":{"@type":"ImageObject","inLanguage":"sv-SE","@id":"https:\/\/blogg.svenskakyrkan.se\/vandravagen\/#\/schema\/logo\/image\/","url":"https:\/\/blogg.svenskakyrkan.se\/vandravagen\/files\/2023\/05\/Ulr_logo_RGB.png","contentUrl":"https:\/\/blogg.svenskakyrkan.se\/vandravagen\/files\/2023\/05\/Ulr_logo_RGB.png","width":205,"height":77,"caption":"ulricehamns pastorat"},"image":{"@id":"https:\/\/blogg.svenskakyrkan.se\/vandravagen\/#\/schema\/logo\/image\/"},"sameAs":["http:\/\/facebook.com\/vandravagen","https:\/\/x.com\/fadertomas","http:\/\/www.facebook.com\/svenskakyrkaniulricehamn"]},{"@type":"Person","@id":"https:\/\/blogg.svenskakyrkan.se\/vandravagen\/#\/schema\/person\/25da02d4f76b137d04291711e2c9fc16","name":"Tomas Jarvid","image":{"@type":"ImageObject","inLanguage":"sv-SE","@id":"https:\/\/blogg.svenskakyrkan.se\/vandravagen\/#\/schema\/person\/image\/","url":"https:\/\/secure.gravatar.com\/avatar\/7fa71899795e8f540f615a1f5ab25255dc27aa40f05ee7ddd21aac521e01bf50?s=96&d=identicon&r=g","contentUrl":"https:\/\/secure.gravatar.com\/avatar\/7fa71899795e8f540f615a1f5ab25255dc27aa40f05ee7ddd21aac521e01bf50?s=96&d=identicon&r=g","caption":"Tomas Jarvid"},"description":"Jag bor i Ulricehamn i V\u00e4sterg\u00f6tland och \u00e4r f\u00f6rsamlingspr\u00e4st i Svenska Kyrkan f\u00f6r Dalstorps f\u00f6rsamling i Kinds pastorat. P\u00e5 den h\u00e4r bloggen skriver jag ner tankar om vandringen som kristen.","sameAs":["http:\/\/www.vandravagen.se"],"url":"https:\/\/blogg.svenskakyrkan.se\/vandravagen\/author\/vandravagen\/"}]}},"author_meta":{"ID":"392","user_nicename":"vandravagen","user_url":"http:\/\/www.vandravagen.se","user_registered":"2014-05-19 05:44:52","display_name":"Tomas Jarvid","first_name":"Tomas","last_name":"Jarvid","avatar":"https:\/\/secure.gravatar.com\/avatar\/7fa71899795e8f540f615a1f5ab25255dc27aa40f05ee7ddd21aac521e01bf50?s=96&d=identicon&r=g"},"featured_image":["https:\/\/blogg.svenskakyrkan.se\/vandravagen\/files\/2020\/10\/\u00f6ken.jpg",940,788,false],"bloginfo":{"name":"Vandra V\u00e4gen","url":"https:\/\/blogg.svenskakyrkan.se\/vandravagen"},"_links":{"self":[{"href":"https:\/\/blogg.svenskakyrkan.se\/vandravagen\/wp-json\/wp\/v2\/posts\/8161","targetHints":{"allow":["GET"]}}],"collection":[{"href":"https:\/\/blogg.svenskakyrkan.se\/vandravagen\/wp-json\/wp\/v2\/posts"}],"about":[{"href":"https:\/\/blogg.svenskakyrkan.se\/vandravagen\/wp-json\/wp\/v2\/types\/post"}],"author":[{"embeddable":true,"href":"https:\/\/blogg.svenskakyrkan.se\/vandravagen\/wp-json\/wp\/v2\/users\/392"}],"replies":[{"embeddable":true,"href":"https:\/\/blogg.svenskakyrkan.se\/vandravagen\/wp-json\/wp\/v2\/comments?post=8161"}],"version-history":[{"count":3,"href":"https:\/\/blogg.svenskakyrkan.se\/vandravagen\/wp-json\/wp\/v2\/posts\/8161\/revisions"}],"predecessor-version":[{"id":8179,"href":"https:\/\/blogg.svenskakyrkan.se\/vandravagen\/wp-json\/wp\/v2\/posts\/8161\/revisions\/8179"}],"wp:featuredmedia":[{"embeddable":true,"href":"https:\/\/blogg.svenskakyrkan.se\/vandravagen\/wp-json\/wp\/v2\/media\/8178"}],"wp:attachment":[{"href":"https:\/\/blogg.svenskakyrkan.se\/vandravagen\/wp-json\/wp\/v2\/media?parent=8161"}],"wp:term":[{"taxonomy":"category","embeddable":true,"href":"https:\/\/blogg.svenskakyrkan.se\/vandravagen\/wp-json\/wp\/v2\/categories?post=8161"},{"taxonomy":"post_tag","embeddable":true,"href":"https:\/\/blogg.svenskakyrkan.se\/vandravagen\/wp-json\/wp\/v2\/tags?post=8161"}],"curies":[{"name":"wp","href":"https:\/\/api.w.org\/{rel}","templated":true}]}}