{"id":818,"date":"2012-12-13T09:40:00","date_gmt":"2012-12-13T08:40:00","guid":{"rendered":"http:\/\/blogg.svenskakyrkan.se\/vandravagen\/2012\/12\/13\/vrede-och-ilska-och-synd\/"},"modified":"2012-12-13T09:40:00","modified_gmt":"2012-12-13T08:40:00","slug":"vrede-och-ilska-och-synd","status":"publish","type":"post","link":"https:\/\/blogg.svenskakyrkan.se\/vandravagen\/2012\/12\/13\/vrede-och-ilska-och-synd\/","title":{"rendered":"Vrede och ilska och synd"},"content":{"rendered":"<table align=\"center\" cellpadding=\"0\" cellspacing=\"0\">\n<tbody>\n<tr>\n<td><a href=\"http:\/\/artbible.net\/3JC\/-Mat-21,12_Money_Changers_Marchands_du_temple\/16%20BASSANO%20PURIFICATION%20OF%20THE%20TEMPLE.jpg\"><img loading=\"lazy\" decoding=\"async\" border=\"0\" height=\"376\" src=\"http:\/\/artbible.net\/3JC\/-Mat-21,12_Money_Changers_Marchands_du_temple\/16%20BASSANO%20PURIFICATION%20OF%20THE%20TEMPLE.jpg\" width=\"640\"><\/a><\/td>\n<\/tr>\n<tr>\n<td>Jesus blev arg han ocks\u00e5. H\u00e4r driver han ut m\u00e5nglarna ur templet.<\/td>\n<\/tr>\n<\/tbody>\n<\/table>\n<p>M\u00e5nga kristna har problem med att visa ilska eller vrede. Det g\u00e4ller nog m\u00e5nga som bara \u00e4r vanligt mj\u00e4kiga ocks\u00e5 f\u00f6r \u00f6vrigt men i kristna sammanhang har det ibland ansetts fel att som &#8221;andlig&#8221; eller &#8221;from&#8221; bli arg och visa det.<\/p>\n<p>Tack vare en predikan jag h\u00f6rde fick jag anledning att fundera lite p\u00e5 det d\u00e4r med vrede och synd. Det g\u00e4llde Efesierbrevet 4:26. I bibel 2000 st\u00e5r det &#8221;<i>grips ni av vrede, s\u00e5 synda inte<\/i>&#8221;. Och det \u00e4r en ganska tvetydig formulering. Inneb\u00e4r det att det \u00e4r ok att gripas av vrede eller inte?<\/p>\n<p>Ibland framst\u00e4lls det som att vi bara har tv\u00e5 alternativ n\u00e4r det kommer till vrede. Antingen sl\u00e4pper man ut allt h\u00e4nsynsl\u00f6st eller s\u00e5 h\u00e5ller man allt inom sig. Det g\u00e4ller f\u00f6r vrede, men det g\u00e4ller lika mycket f\u00f6r alla andra k\u00e4nslor vi inte vill k\u00e4nnas vid. Hat, sorg, misslyckande.<\/p>\n<p>Som jag uppfattar bibeln s\u00e5 \u00e4r k\u00e4nslor i sig aldrig fel. Vi k\u00e4nner det vi k\u00e4nner och det \u00e4r en viktig del av att vara m\u00e4nniska att ha tillg\u00e5ng till sina k\u00e4nslor. \u00c5 andra sidan \u00e4r det inte heller r\u00e4tt att alltid h\u00e4mningsl\u00f6st sl\u00e4ppa ut sina k\u00e4nslor. En tredje v\u00e4g \u00e4r m\u00f6jlig.<\/p>\n<p>I andra \u00f6vers\u00e4ttningar av ef 2:26 tycker jag att den kommer fram tydligare. I den gamla \u00f6vers\u00e4ttningen fr\u00e5n 1917 st\u00e5r det ist\u00e4llet &#8221;<i>Vredgens, med synden icke<\/i>&#8221;. Man ocks\u00e5 j\u00e4mf\u00f6ra med en modern engelsk bibel\u00f6vers\u00e4ttning jag hittade som skriver &#8221;<i>Be angry, yet do not sin<\/i>&#8221;. En helt annan inneb\u00f6rd \u00e4n bibel 2000 i mina \u00f6ron.<\/p>\n<p>Inget fel p\u00e5 vreden i sig allts\u00e5, den \u00e4r en kraft som \u00e4r till f\u00f6r att skydda det man h\u00e5ller k\u00e4rt (l\u00e4s mer om det i min bloggpost &#8221;<a href=\"http:\/\/vagenixp.blogspot.se\/2012\/11\/vem-vill-inte-tro-pa-en-gud-som-domer.html\">vem vill INTE tro p\u00e5 en Gud som d\u00f6mer<\/a>&#8221;). Men att vi \u00e4r arga, eller ledsna, eller morgontr\u00f6tta eller vad det nu \u00e4r vi \u00e4r, ger oss f\u00f6rst\u00e5s inte heller n\u00e5gon r\u00e4tt att handla illa mot andra. Vi har ett ansvar f\u00f6r vad vi g\u00f6r, inte f\u00f6r vad vi k\u00e4nner. Vi har ocks\u00e5 ett ansvar f\u00f6r vad k\u00e4nslorna g\u00f6r med oss sj\u00e4lva. Blir vi bittra och b\u00f6rjar \u00f6nska ont \u00e5t v\u00e5r n\u00e4sta? D\u00e5 har vi n\u00e5got att ta itu med.<\/p>\n<p>L\u00e5t mig \u00e4n en g\u00e5ng p\u00e5minna om att livet p\u00e5 v\u00e4gen inte alls fr\u00e4mst handlar om att leva moraliskt gott av egen kraft. Om man inte har en n\u00e5dig Gud att v\u00e4nda sig till s\u00e5 kommer f\u00f6rs\u00f6ken bara leda till att du uppt\u00e4cker din egen of\u00f6rm\u00e5ga och till f\u00f6rtvivlan. Men medge att det \u00e4r en viktig \u00e5tskillnad att g\u00f6ra mellan k\u00e4nsla och vad man uttrycker i ord eller handling?<\/p>\n","protected":false},"excerpt":{"rendered":"<p>Jesus blev arg han ocks\u00e5. H\u00e4r driver han ut m\u00e5nglarna ur templet. M\u00e5nga kristna har problem med att visa ilska eller vrede. Det g\u00e4ller nog m\u00e5nga som bara \u00e4r vanligt mj\u00e4kiga ocks\u00e5 f\u00f6r \u00f6vrigt men i kristna sammanhang har det ibland ansetts fel att som &#8221;andlig&#8221; eller &#8221;from&#8221; bli arg och visa det. Tack vare [&hellip;]<\/p>\n","protected":false},"author":392,"featured_media":0,"comment_status":"open","ping_status":"open","sticky":false,"template":"","format":"standard","meta":{"_acf_changed":false,"footnotes":""},"categories":[14252,117],"tags":[],"class_list":["post-818","post","type-post","status-publish","format-standard","hentry","category-bibel","category-teologi"],"acf":[],"yoast_head":"<!-- This site is optimized with the Yoast SEO plugin v27.1.1 - https:\/\/yoast.com\/product\/yoast-seo-wordpress\/ -->\n<title>Vrede och ilska och synd - Vandra V\u00e4gen<\/title>\n<meta name=\"robots\" content=\"index, follow, max-snippet:-1, max-image-preview:large, max-video-preview:-1\" \/>\n<link rel=\"canonical\" href=\"https:\/\/blogg.svenskakyrkan.se\/vandravagen\/2012\/12\/13\/vrede-och-ilska-och-synd\/\" \/>\n<meta property=\"og:locale\" content=\"sv_SE\" \/>\n<meta property=\"og:type\" content=\"article\" \/>\n<meta property=\"og:title\" content=\"Vrede och ilska och synd - Vandra V\u00e4gen\" \/>\n<meta property=\"og:description\" content=\"Jesus blev arg han ocks\u00e5. H\u00e4r driver han ut m\u00e5nglarna ur templet. M\u00e5nga kristna har problem med att visa ilska eller vrede. Det g\u00e4ller nog m\u00e5nga som bara \u00e4r vanligt mj\u00e4kiga ocks\u00e5 f\u00f6r \u00f6vrigt men i kristna sammanhang har det ibland ansetts fel att som &#8221;andlig&#8221; eller &#8221;from&#8221; bli arg och visa det. Tack vare [&hellip;]\" \/>\n<meta property=\"og:url\" content=\"https:\/\/blogg.svenskakyrkan.se\/vandravagen\/2012\/12\/13\/vrede-och-ilska-och-synd\/\" \/>\n<meta property=\"og:site_name\" content=\"Vandra V\u00e4gen\" \/>\n<meta property=\"article:publisher\" content=\"http:\/\/facebook.com\/vandravagen\" \/>\n<meta property=\"article:published_time\" content=\"2012-12-13T08:40:00+00:00\" \/>\n<meta property=\"og:image\" content=\"http:\/\/artbible.net\/3JC\/-Mat-21,12_Money_Changers_Marchands_du_temple\/16%20BASSANO%20PURIFICATION%20OF%20THE%20TEMPLE.jpg\" \/>\n<meta name=\"author\" content=\"Tomas Jarvid\" \/>\n<meta name=\"twitter:card\" content=\"summary_large_image\" \/>\n<meta name=\"twitter:creator\" content=\"@fadertomas\" \/>\n<meta name=\"twitter:site\" content=\"@fadertomas\" \/>\n<meta name=\"twitter:label1\" content=\"Skriven av\" \/>\n\t<meta name=\"twitter:data1\" content=\"Tomas Jarvid\" \/>\n\t<meta name=\"twitter:label2\" content=\"Ber\u00e4knad l\u00e4stid\" \/>\n\t<meta name=\"twitter:data2\" content=\"3 minuter\" \/>\n<script type=\"application\/ld+json\" class=\"yoast-schema-graph\">{\"@context\":\"https:\/\/schema.org\",\"@graph\":[{\"@type\":\"Article\",\"@id\":\"https:\/\/blogg.svenskakyrkan.se\/vandravagen\/2012\/12\/13\/vrede-och-ilska-och-synd\/#article\",\"isPartOf\":{\"@id\":\"https:\/\/blogg.svenskakyrkan.se\/vandravagen\/2012\/12\/13\/vrede-och-ilska-och-synd\/\"},\"author\":{\"name\":\"Tomas Jarvid\",\"@id\":\"https:\/\/blogg.svenskakyrkan.se\/vandravagen\/#\/schema\/person\/25da02d4f76b137d04291711e2c9fc16\"},\"headline\":\"Vrede och ilska och synd\",\"datePublished\":\"2012-12-13T08:40:00+00:00\",\"mainEntityOfPage\":{\"@id\":\"https:\/\/blogg.svenskakyrkan.se\/vandravagen\/2012\/12\/13\/vrede-och-ilska-och-synd\/\"},\"wordCount\":522,\"commentCount\":5,\"publisher\":{\"@id\":\"https:\/\/blogg.svenskakyrkan.se\/vandravagen\/#organization\"},\"image\":{\"@id\":\"https:\/\/blogg.svenskakyrkan.se\/vandravagen\/2012\/12\/13\/vrede-och-ilska-och-synd\/#primaryimage\"},\"thumbnailUrl\":\"http:\/\/artbible.net\/3JC\/-Mat-21,12_Money_Changers_Marchands_du_temple\/16%20BASSANO%20PURIFICATION%20OF%20THE%20TEMPLE.jpg\",\"articleSection\":[\"bibel\",\"Teologi\"],\"inLanguage\":\"sv-SE\",\"potentialAction\":[{\"@type\":\"CommentAction\",\"name\":\"Comment\",\"target\":[\"https:\/\/blogg.svenskakyrkan.se\/vandravagen\/2012\/12\/13\/vrede-och-ilska-och-synd\/#respond\"]}]},{\"@type\":\"WebPage\",\"@id\":\"https:\/\/blogg.svenskakyrkan.se\/vandravagen\/2012\/12\/13\/vrede-och-ilska-och-synd\/\",\"url\":\"https:\/\/blogg.svenskakyrkan.se\/vandravagen\/2012\/12\/13\/vrede-och-ilska-och-synd\/\",\"name\":\"Vrede och ilska och synd - Vandra V\u00e4gen\",\"isPartOf\":{\"@id\":\"https:\/\/blogg.svenskakyrkan.se\/vandravagen\/#website\"},\"primaryImageOfPage\":{\"@id\":\"https:\/\/blogg.svenskakyrkan.se\/vandravagen\/2012\/12\/13\/vrede-och-ilska-och-synd\/#primaryimage\"},\"image\":{\"@id\":\"https:\/\/blogg.svenskakyrkan.se\/vandravagen\/2012\/12\/13\/vrede-och-ilska-och-synd\/#primaryimage\"},\"thumbnailUrl\":\"http:\/\/artbible.net\/3JC\/-Mat-21,12_Money_Changers_Marchands_du_temple\/16%20BASSANO%20PURIFICATION%20OF%20THE%20TEMPLE.jpg\",\"datePublished\":\"2012-12-13T08:40:00+00:00\",\"breadcrumb\":{\"@id\":\"https:\/\/blogg.svenskakyrkan.se\/vandravagen\/2012\/12\/13\/vrede-och-ilska-och-synd\/#breadcrumb\"},\"inLanguage\":\"sv-SE\",\"potentialAction\":[{\"@type\":\"ReadAction\",\"target\":[\"https:\/\/blogg.svenskakyrkan.se\/vandravagen\/2012\/12\/13\/vrede-och-ilska-och-synd\/\"]}]},{\"@type\":\"ImageObject\",\"inLanguage\":\"sv-SE\",\"@id\":\"https:\/\/blogg.svenskakyrkan.se\/vandravagen\/2012\/12\/13\/vrede-och-ilska-och-synd\/#primaryimage\",\"url\":\"http:\/\/artbible.net\/3JC\/-Mat-21,12_Money_Changers_Marchands_du_temple\/16%20BASSANO%20PURIFICATION%20OF%20THE%20TEMPLE.jpg\",\"contentUrl\":\"http:\/\/artbible.net\/3JC\/-Mat-21,12_Money_Changers_Marchands_du_temple\/16%20BASSANO%20PURIFICATION%20OF%20THE%20TEMPLE.jpg\"},{\"@type\":\"BreadcrumbList\",\"@id\":\"https:\/\/blogg.svenskakyrkan.se\/vandravagen\/2012\/12\/13\/vrede-och-ilska-och-synd\/#breadcrumb\",\"itemListElement\":[{\"@type\":\"ListItem\",\"position\":1,\"name\":\"Hem\",\"item\":\"https:\/\/blogg.svenskakyrkan.se\/vandravagen\/\"},{\"@type\":\"ListItem\",\"position\":2,\"name\":\"Vrede och ilska och synd\"}]},{\"@type\":\"WebSite\",\"@id\":\"https:\/\/blogg.svenskakyrkan.se\/vandravagen\/#website\",\"url\":\"https:\/\/blogg.svenskakyrkan.se\/vandravagen\/\",\"name\":\"Vandra V\u00e4gen\",\"description\":\"-Mot en tro f\u00f6r hela livet\",\"publisher\":{\"@id\":\"https:\/\/blogg.svenskakyrkan.se\/vandravagen\/#organization\"},\"potentialAction\":[{\"@type\":\"SearchAction\",\"target\":{\"@type\":\"EntryPoint\",\"urlTemplate\":\"https:\/\/blogg.svenskakyrkan.se\/vandravagen\/?s={search_term_string}\"},\"query-input\":{\"@type\":\"PropertyValueSpecification\",\"valueRequired\":true,\"valueName\":\"search_term_string\"}}],\"inLanguage\":\"sv-SE\"},{\"@type\":\"Organization\",\"@id\":\"https:\/\/blogg.svenskakyrkan.se\/vandravagen\/#organization\",\"name\":\"ulricehamns pastorat\",\"alternateName\":\"ulricehamns pastorat\",\"url\":\"https:\/\/blogg.svenskakyrkan.se\/vandravagen\/\",\"logo\":{\"@type\":\"ImageObject\",\"inLanguage\":\"sv-SE\",\"@id\":\"https:\/\/blogg.svenskakyrkan.se\/vandravagen\/#\/schema\/logo\/image\/\",\"url\":\"https:\/\/blogg.svenskakyrkan.se\/vandravagen\/files\/2023\/05\/Ulr_logo_RGB.png\",\"contentUrl\":\"https:\/\/blogg.svenskakyrkan.se\/vandravagen\/files\/2023\/05\/Ulr_logo_RGB.png\",\"width\":205,\"height\":77,\"caption\":\"ulricehamns pastorat\"},\"image\":{\"@id\":\"https:\/\/blogg.svenskakyrkan.se\/vandravagen\/#\/schema\/logo\/image\/\"},\"sameAs\":[\"http:\/\/facebook.com\/vandravagen\",\"https:\/\/x.com\/fadertomas\",\"http:\/\/www.facebook.com\/svenskakyrkaniulricehamn\"]},{\"@type\":\"Person\",\"@id\":\"https:\/\/blogg.svenskakyrkan.se\/vandravagen\/#\/schema\/person\/25da02d4f76b137d04291711e2c9fc16\",\"name\":\"Tomas Jarvid\",\"image\":{\"@type\":\"ImageObject\",\"inLanguage\":\"sv-SE\",\"@id\":\"https:\/\/blogg.svenskakyrkan.se\/vandravagen\/#\/schema\/person\/image\/\",\"url\":\"https:\/\/secure.gravatar.com\/avatar\/7fa71899795e8f540f615a1f5ab25255dc27aa40f05ee7ddd21aac521e01bf50?s=96&d=identicon&r=g\",\"contentUrl\":\"https:\/\/secure.gravatar.com\/avatar\/7fa71899795e8f540f615a1f5ab25255dc27aa40f05ee7ddd21aac521e01bf50?s=96&d=identicon&r=g\",\"caption\":\"Tomas Jarvid\"},\"description\":\"Jag bor i Ulricehamn i V\u00e4sterg\u00f6tland och \u00e4r f\u00f6rsamlingspr\u00e4st i Svenska Kyrkan f\u00f6r Dalstorps f\u00f6rsamling i Kinds pastorat. P\u00e5 den h\u00e4r bloggen skriver jag ner tankar om vandringen som kristen.\",\"sameAs\":[\"http:\/\/www.vandravagen.se\"],\"url\":\"https:\/\/blogg.svenskakyrkan.se\/vandravagen\/author\/vandravagen\/\"}]}<\/script>\n<!-- \/ Yoast SEO plugin. -->","yoast_head_json":{"title":"Vrede och ilska och synd - Vandra V\u00e4gen","robots":{"index":"index","follow":"follow","max-snippet":"max-snippet:-1","max-image-preview":"max-image-preview:large","max-video-preview":"max-video-preview:-1"},"canonical":"https:\/\/blogg.svenskakyrkan.se\/vandravagen\/2012\/12\/13\/vrede-och-ilska-och-synd\/","og_locale":"sv_SE","og_type":"article","og_title":"Vrede och ilska och synd - Vandra V\u00e4gen","og_description":"Jesus blev arg han ocks\u00e5. H\u00e4r driver han ut m\u00e5nglarna ur templet. M\u00e5nga kristna har problem med att visa ilska eller vrede. Det g\u00e4ller nog m\u00e5nga som bara \u00e4r vanligt mj\u00e4kiga ocks\u00e5 f\u00f6r \u00f6vrigt men i kristna sammanhang har det ibland ansetts fel att som &#8221;andlig&#8221; eller &#8221;from&#8221; bli arg och visa det. Tack vare [&hellip;]","og_url":"https:\/\/blogg.svenskakyrkan.se\/vandravagen\/2012\/12\/13\/vrede-och-ilska-och-synd\/","og_site_name":"Vandra V\u00e4gen","article_publisher":"http:\/\/facebook.com\/vandravagen","article_published_time":"2012-12-13T08:40:00+00:00","og_image":[{"url":"http:\/\/artbible.net\/3JC\/-Mat-21,12_Money_Changers_Marchands_du_temple\/16%20BASSANO%20PURIFICATION%20OF%20THE%20TEMPLE.jpg","type":"","width":"","height":""}],"author":"Tomas Jarvid","twitter_card":"summary_large_image","twitter_creator":"@fadertomas","twitter_site":"@fadertomas","twitter_misc":{"Skriven av":"Tomas Jarvid","Ber\u00e4knad l\u00e4stid":"3 minuter"},"schema":{"@context":"https:\/\/schema.org","@graph":[{"@type":"Article","@id":"https:\/\/blogg.svenskakyrkan.se\/vandravagen\/2012\/12\/13\/vrede-och-ilska-och-synd\/#article","isPartOf":{"@id":"https:\/\/blogg.svenskakyrkan.se\/vandravagen\/2012\/12\/13\/vrede-och-ilska-och-synd\/"},"author":{"name":"Tomas Jarvid","@id":"https:\/\/blogg.svenskakyrkan.se\/vandravagen\/#\/schema\/person\/25da02d4f76b137d04291711e2c9fc16"},"headline":"Vrede och ilska och synd","datePublished":"2012-12-13T08:40:00+00:00","mainEntityOfPage":{"@id":"https:\/\/blogg.svenskakyrkan.se\/vandravagen\/2012\/12\/13\/vrede-och-ilska-och-synd\/"},"wordCount":522,"commentCount":5,"publisher":{"@id":"https:\/\/blogg.svenskakyrkan.se\/vandravagen\/#organization"},"image":{"@id":"https:\/\/blogg.svenskakyrkan.se\/vandravagen\/2012\/12\/13\/vrede-och-ilska-och-synd\/#primaryimage"},"thumbnailUrl":"http:\/\/artbible.net\/3JC\/-Mat-21,12_Money_Changers_Marchands_du_temple\/16%20BASSANO%20PURIFICATION%20OF%20THE%20TEMPLE.jpg","articleSection":["bibel","Teologi"],"inLanguage":"sv-SE","potentialAction":[{"@type":"CommentAction","name":"Comment","target":["https:\/\/blogg.svenskakyrkan.se\/vandravagen\/2012\/12\/13\/vrede-och-ilska-och-synd\/#respond"]}]},{"@type":"WebPage","@id":"https:\/\/blogg.svenskakyrkan.se\/vandravagen\/2012\/12\/13\/vrede-och-ilska-och-synd\/","url":"https:\/\/blogg.svenskakyrkan.se\/vandravagen\/2012\/12\/13\/vrede-och-ilska-och-synd\/","name":"Vrede och ilska och synd - Vandra V\u00e4gen","isPartOf":{"@id":"https:\/\/blogg.svenskakyrkan.se\/vandravagen\/#website"},"primaryImageOfPage":{"@id":"https:\/\/blogg.svenskakyrkan.se\/vandravagen\/2012\/12\/13\/vrede-och-ilska-och-synd\/#primaryimage"},"image":{"@id":"https:\/\/blogg.svenskakyrkan.se\/vandravagen\/2012\/12\/13\/vrede-och-ilska-och-synd\/#primaryimage"},"thumbnailUrl":"http:\/\/artbible.net\/3JC\/-Mat-21,12_Money_Changers_Marchands_du_temple\/16%20BASSANO%20PURIFICATION%20OF%20THE%20TEMPLE.jpg","datePublished":"2012-12-13T08:40:00+00:00","breadcrumb":{"@id":"https:\/\/blogg.svenskakyrkan.se\/vandravagen\/2012\/12\/13\/vrede-och-ilska-och-synd\/#breadcrumb"},"inLanguage":"sv-SE","potentialAction":[{"@type":"ReadAction","target":["https:\/\/blogg.svenskakyrkan.se\/vandravagen\/2012\/12\/13\/vrede-och-ilska-och-synd\/"]}]},{"@type":"ImageObject","inLanguage":"sv-SE","@id":"https:\/\/blogg.svenskakyrkan.se\/vandravagen\/2012\/12\/13\/vrede-och-ilska-och-synd\/#primaryimage","url":"http:\/\/artbible.net\/3JC\/-Mat-21,12_Money_Changers_Marchands_du_temple\/16%20BASSANO%20PURIFICATION%20OF%20THE%20TEMPLE.jpg","contentUrl":"http:\/\/artbible.net\/3JC\/-Mat-21,12_Money_Changers_Marchands_du_temple\/16%20BASSANO%20PURIFICATION%20OF%20THE%20TEMPLE.jpg"},{"@type":"BreadcrumbList","@id":"https:\/\/blogg.svenskakyrkan.se\/vandravagen\/2012\/12\/13\/vrede-och-ilska-och-synd\/#breadcrumb","itemListElement":[{"@type":"ListItem","position":1,"name":"Hem","item":"https:\/\/blogg.svenskakyrkan.se\/vandravagen\/"},{"@type":"ListItem","position":2,"name":"Vrede och ilska och synd"}]},{"@type":"WebSite","@id":"https:\/\/blogg.svenskakyrkan.se\/vandravagen\/#website","url":"https:\/\/blogg.svenskakyrkan.se\/vandravagen\/","name":"Vandra V\u00e4gen","description":"-Mot en tro f\u00f6r hela livet","publisher":{"@id":"https:\/\/blogg.svenskakyrkan.se\/vandravagen\/#organization"},"potentialAction":[{"@type":"SearchAction","target":{"@type":"EntryPoint","urlTemplate":"https:\/\/blogg.svenskakyrkan.se\/vandravagen\/?s={search_term_string}"},"query-input":{"@type":"PropertyValueSpecification","valueRequired":true,"valueName":"search_term_string"}}],"inLanguage":"sv-SE"},{"@type":"Organization","@id":"https:\/\/blogg.svenskakyrkan.se\/vandravagen\/#organization","name":"ulricehamns pastorat","alternateName":"ulricehamns pastorat","url":"https:\/\/blogg.svenskakyrkan.se\/vandravagen\/","logo":{"@type":"ImageObject","inLanguage":"sv-SE","@id":"https:\/\/blogg.svenskakyrkan.se\/vandravagen\/#\/schema\/logo\/image\/","url":"https:\/\/blogg.svenskakyrkan.se\/vandravagen\/files\/2023\/05\/Ulr_logo_RGB.png","contentUrl":"https:\/\/blogg.svenskakyrkan.se\/vandravagen\/files\/2023\/05\/Ulr_logo_RGB.png","width":205,"height":77,"caption":"ulricehamns pastorat"},"image":{"@id":"https:\/\/blogg.svenskakyrkan.se\/vandravagen\/#\/schema\/logo\/image\/"},"sameAs":["http:\/\/facebook.com\/vandravagen","https:\/\/x.com\/fadertomas","http:\/\/www.facebook.com\/svenskakyrkaniulricehamn"]},{"@type":"Person","@id":"https:\/\/blogg.svenskakyrkan.se\/vandravagen\/#\/schema\/person\/25da02d4f76b137d04291711e2c9fc16","name":"Tomas Jarvid","image":{"@type":"ImageObject","inLanguage":"sv-SE","@id":"https:\/\/blogg.svenskakyrkan.se\/vandravagen\/#\/schema\/person\/image\/","url":"https:\/\/secure.gravatar.com\/avatar\/7fa71899795e8f540f615a1f5ab25255dc27aa40f05ee7ddd21aac521e01bf50?s=96&d=identicon&r=g","contentUrl":"https:\/\/secure.gravatar.com\/avatar\/7fa71899795e8f540f615a1f5ab25255dc27aa40f05ee7ddd21aac521e01bf50?s=96&d=identicon&r=g","caption":"Tomas Jarvid"},"description":"Jag bor i Ulricehamn i V\u00e4sterg\u00f6tland och \u00e4r f\u00f6rsamlingspr\u00e4st i Svenska Kyrkan f\u00f6r Dalstorps f\u00f6rsamling i Kinds pastorat. P\u00e5 den h\u00e4r bloggen skriver jag ner tankar om vandringen som kristen.","sameAs":["http:\/\/www.vandravagen.se"],"url":"https:\/\/blogg.svenskakyrkan.se\/vandravagen\/author\/vandravagen\/"}]}},"author_meta":{"ID":"392","user_nicename":"vandravagen","user_url":"http:\/\/www.vandravagen.se","user_registered":"2014-05-19 05:44:52","display_name":"Tomas Jarvid","first_name":"Tomas","last_name":"Jarvid","avatar":"https:\/\/secure.gravatar.com\/avatar\/7fa71899795e8f540f615a1f5ab25255dc27aa40f05ee7ddd21aac521e01bf50?s=96&d=identicon&r=g"},"featured_image":false,"bloginfo":{"name":"Vandra V\u00e4gen","url":"https:\/\/blogg.svenskakyrkan.se\/vandravagen"},"_links":{"self":[{"href":"https:\/\/blogg.svenskakyrkan.se\/vandravagen\/wp-json\/wp\/v2\/posts\/818","targetHints":{"allow":["GET"]}}],"collection":[{"href":"https:\/\/blogg.svenskakyrkan.se\/vandravagen\/wp-json\/wp\/v2\/posts"}],"about":[{"href":"https:\/\/blogg.svenskakyrkan.se\/vandravagen\/wp-json\/wp\/v2\/types\/post"}],"author":[{"embeddable":true,"href":"https:\/\/blogg.svenskakyrkan.se\/vandravagen\/wp-json\/wp\/v2\/users\/392"}],"replies":[{"embeddable":true,"href":"https:\/\/blogg.svenskakyrkan.se\/vandravagen\/wp-json\/wp\/v2\/comments?post=818"}],"version-history":[{"count":0,"href":"https:\/\/blogg.svenskakyrkan.se\/vandravagen\/wp-json\/wp\/v2\/posts\/818\/revisions"}],"wp:attachment":[{"href":"https:\/\/blogg.svenskakyrkan.se\/vandravagen\/wp-json\/wp\/v2\/media?parent=818"}],"wp:term":[{"taxonomy":"category","embeddable":true,"href":"https:\/\/blogg.svenskakyrkan.se\/vandravagen\/wp-json\/wp\/v2\/categories?post=818"},{"taxonomy":"post_tag","embeddable":true,"href":"https:\/\/blogg.svenskakyrkan.se\/vandravagen\/wp-json\/wp\/v2\/tags?post=818"}],"curies":[{"name":"wp","href":"https:\/\/api.w.org\/{rel}","templated":true}]}}