{"id":8189,"date":"2020-10-22T07:00:31","date_gmt":"2020-10-22T05:00:31","guid":{"rendered":"http:\/\/blogg.svenskakyrkan.se\/vandravagen\/?p=8189"},"modified":"2020-10-21T22:00:40","modified_gmt":"2020-10-21T20:00:40","slug":"guds-langa-langa-nasa","status":"publish","type":"post","link":"https:\/\/blogg.svenskakyrkan.se\/vandravagen\/2020\/10\/22\/guds-langa-langa-nasa\/","title":{"rendered":"Guds l\u00e5nga, l\u00e5nga n\u00e4sa"},"content":{"rendered":"\n\n\n<figure class=\"wp-block-image size-large\"><img loading=\"lazy\" decoding=\"async\" width=\"940\" height=\"788\" src=\"https:\/\/blogg.svenskakyrkan.se\/vandravagen\/files\/2020\/10\/l\u00e5ngn\u00e4sa.jpg\" alt=\"\" class=\"wp-image-8190\" srcset=\"https:\/\/blogg.svenskakyrkan.se\/vandravagen\/files\/2020\/10\/l\u00e5ngn\u00e4sa.jpg 940w, https:\/\/blogg.svenskakyrkan.se\/vandravagen\/files\/2020\/10\/l\u00e5ngn\u00e4sa-300x251.jpg 300w, https:\/\/blogg.svenskakyrkan.se\/vandravagen\/files\/2020\/10\/l\u00e5ngn\u00e4sa-768x644.jpg 768w\" sizes=\"auto, (max-width: 940px) 100vw, 940px\" \/><\/figure>\n\n\n\n<p>Hebreiskan \u00e4r ett lustigt spr\u00e5k, inte minst f\u00f6r att det g\u00e4rna uttrycker m\u00e5nga saker betydligt kroppsligare \u00e4n vi brukar g\u00f6ra. Det \u00e4r d\u00e4rf\u00f6r det st\u00e5r s\u00e5 mycket i bibeln om Guds starka arm och s\u00e5dant fast \u00e4ven de gamla hebr\u00e9erna f\u00f6rst\u00e5s f\u00f6rstod att Gud inte har en kropp p\u00e5 det s\u00e4ttet.<\/p>\n\n\n\n<p>Nu har jag fr\u00e5n olika h\u00e5ll st\u00f6tt p\u00e5 att det hebreiska uttrycket f\u00f6r <strong>vrede \u00e4r att ens &#8221;n\u00e4sa br\u00e4nner hett<\/strong>&#8221;. Kanske som en kombination av att man blir r\u00f6d i ansiktet n\u00e4r man \u00e4r arg och att man kanske sp\u00e4rrar ut n\u00e4svingarna? Fullt rimligt uttryck om du fr\u00e5gar mig. <\/p>\n\n\n\n<p>S\u00e5 n\u00e4r det sedan st\u00e5r om Gud att Gud \u00e4r &#8221;sen till vrede&#8221; s\u00e5 blir det p\u00e5 hebreiska att Gud &#8221;har l\u00e5nga n\u00e4sborrar&#8221;, eller &#8221;en l\u00e5ng n\u00e4sa&#8221;. Detta ska allts\u00e5 tolkas s\u00e5 att <strong>Gud har l\u00e5ng stubin<\/strong>, han reagerar inte snabbt i vrede. Efter vad jag f\u00f6rst\u00e5tt det \u00e4r Guds vrede ocks\u00e5 l\u00f6skopplat fr\u00e5n Guds domar i bibeln, Gud lever s\u00e5 att s\u00e4ga upp till bibelordet &#8221;Grips ni av vrede s\u00e5 synda inte&#8221; (och g\u00f6r n\u00e5got ni inte kan st\u00e5 f\u00f6r) (jag skrev om det en g\u00e5ng: &#8221;<a href=\"https:\/\/blogg.svenskakyrkan.se\/vandravagen\/2012\/12\/13\/vrede-och-ilska-och-synd\/\">Vrede och ilska och synd<\/a>&#8221;)<\/p>\n\n\n\n<p>Bibelns Gud framst\u00e5r alltid som k\u00e4nslom\u00e4ssigt engagerad i oss och jag tycker det \u00e4r vackert s\u00e5. Mycket b\u00e4ttre \u00e4n n\u00e5gon opersonlig filosofisk modell av Gud. Finare d\u00e5 att ha en Gud vars n\u00e4sa br\u00e4nner till ibland?<\/p>\n\n\n\n<p>Skriv g\u00e4rna en kommentar om detta!<\/p>\n","protected":false},"excerpt":{"rendered":"<p>Hebreiskan \u00e4r ett lustigt spr\u00e5k, inte minst f\u00f6r att det g\u00e4rna uttrycker m\u00e5nga saker betydligt kroppsligare \u00e4n vi brukar g\u00f6ra. Det \u00e4r d\u00e4rf\u00f6r det st\u00e5r s\u00e5 mycket i bibeln om Guds starka arm och s\u00e5dant fast \u00e4ven de gamla hebr\u00e9erna f\u00f6rst\u00e5s f\u00f6rstod att Gud inte har en kropp p\u00e5 det s\u00e4ttet. Nu har jag fr\u00e5n [&hellip;]<\/p>\n","protected":false},"author":392,"featured_media":8190,"comment_status":"open","ping_status":"open","sticky":false,"template":"","format":"standard","meta":{"_acf_changed":false,"footnotes":""},"categories":[14252,8298,117],"tags":[],"class_list":["post-8189","post","type-post","status-publish","format-standard","has-post-thumbnail","hentry","category-bibel","category-bibeln","category-teologi"],"acf":[],"yoast_head":"<!-- This site is optimized with the Yoast SEO plugin v27.1.1 - https:\/\/yoast.com\/product\/yoast-seo-wordpress\/ -->\n<title>Guds l\u00e5nga, l\u00e5nga n\u00e4sa - Vandra V\u00e4gen<\/title>\n<meta name=\"robots\" content=\"index, follow, max-snippet:-1, max-image-preview:large, max-video-preview:-1\" \/>\n<link rel=\"canonical\" href=\"https:\/\/blogg.svenskakyrkan.se\/vandravagen\/2020\/10\/22\/guds-langa-langa-nasa\/\" \/>\n<meta property=\"og:locale\" content=\"sv_SE\" \/>\n<meta property=\"og:type\" content=\"article\" \/>\n<meta property=\"og:title\" content=\"Guds l\u00e5nga, l\u00e5nga n\u00e4sa - Vandra V\u00e4gen\" \/>\n<meta property=\"og:description\" content=\"Hebreiskan \u00e4r ett lustigt spr\u00e5k, inte minst f\u00f6r att det g\u00e4rna uttrycker m\u00e5nga saker betydligt kroppsligare \u00e4n vi brukar g\u00f6ra. Det \u00e4r d\u00e4rf\u00f6r det st\u00e5r s\u00e5 mycket i bibeln om Guds starka arm och s\u00e5dant fast \u00e4ven de gamla hebr\u00e9erna f\u00f6rst\u00e5s f\u00f6rstod att Gud inte har en kropp p\u00e5 det s\u00e4ttet. Nu har jag fr\u00e5n [&hellip;]\" \/>\n<meta property=\"og:url\" content=\"https:\/\/blogg.svenskakyrkan.se\/vandravagen\/2020\/10\/22\/guds-langa-langa-nasa\/\" \/>\n<meta property=\"og:site_name\" content=\"Vandra V\u00e4gen\" \/>\n<meta property=\"article:publisher\" content=\"http:\/\/facebook.com\/vandravagen\" \/>\n<meta property=\"article:published_time\" content=\"2020-10-22T05:00:31+00:00\" \/>\n<meta property=\"og:image\" content=\"https:\/\/blogg.svenskakyrkan.se\/vandravagen\/files\/2020\/10\/l\u00e5ngn\u00e4sa.jpg\" \/>\n\t<meta property=\"og:image:width\" content=\"940\" \/>\n\t<meta property=\"og:image:height\" content=\"788\" \/>\n\t<meta property=\"og:image:type\" content=\"image\/jpeg\" \/>\n<meta name=\"author\" content=\"Tomas Jarvid\" \/>\n<meta name=\"twitter:card\" content=\"summary_large_image\" \/>\n<meta name=\"twitter:creator\" content=\"@fadertomas\" \/>\n<meta name=\"twitter:site\" content=\"@fadertomas\" \/>\n<meta name=\"twitter:label1\" content=\"Skriven av\" \/>\n\t<meta name=\"twitter:data1\" content=\"Tomas Jarvid\" \/>\n\t<meta name=\"twitter:label2\" content=\"Ber\u00e4knad l\u00e4stid\" \/>\n\t<meta name=\"twitter:data2\" content=\"1 minut\" \/>\n<script type=\"application\/ld+json\" class=\"yoast-schema-graph\">{\"@context\":\"https:\/\/schema.org\",\"@graph\":[{\"@type\":\"Article\",\"@id\":\"https:\/\/blogg.svenskakyrkan.se\/vandravagen\/2020\/10\/22\/guds-langa-langa-nasa\/#article\",\"isPartOf\":{\"@id\":\"https:\/\/blogg.svenskakyrkan.se\/vandravagen\/2020\/10\/22\/guds-langa-langa-nasa\/\"},\"author\":{\"name\":\"Tomas Jarvid\",\"@id\":\"https:\/\/blogg.svenskakyrkan.se\/vandravagen\/#\/schema\/person\/25da02d4f76b137d04291711e2c9fc16\"},\"headline\":\"Guds l\u00e5nga, l\u00e5nga n\u00e4sa\",\"datePublished\":\"2020-10-22T05:00:31+00:00\",\"mainEntityOfPage\":{\"@id\":\"https:\/\/blogg.svenskakyrkan.se\/vandravagen\/2020\/10\/22\/guds-langa-langa-nasa\/\"},\"wordCount\":290,\"commentCount\":2,\"publisher\":{\"@id\":\"https:\/\/blogg.svenskakyrkan.se\/vandravagen\/#organization\"},\"image\":{\"@id\":\"https:\/\/blogg.svenskakyrkan.se\/vandravagen\/2020\/10\/22\/guds-langa-langa-nasa\/#primaryimage\"},\"thumbnailUrl\":\"https:\/\/blogg.svenskakyrkan.se\/vandravagen\/files\/2020\/10\/l\u00e5ngn\u00e4sa.jpg\",\"articleSection\":[\"bibel\",\"Bibeln\",\"Teologi\"],\"inLanguage\":\"sv-SE\",\"potentialAction\":[{\"@type\":\"CommentAction\",\"name\":\"Comment\",\"target\":[\"https:\/\/blogg.svenskakyrkan.se\/vandravagen\/2020\/10\/22\/guds-langa-langa-nasa\/#respond\"]}]},{\"@type\":\"WebPage\",\"@id\":\"https:\/\/blogg.svenskakyrkan.se\/vandravagen\/2020\/10\/22\/guds-langa-langa-nasa\/\",\"url\":\"https:\/\/blogg.svenskakyrkan.se\/vandravagen\/2020\/10\/22\/guds-langa-langa-nasa\/\",\"name\":\"Guds l\u00e5nga, l\u00e5nga n\u00e4sa - Vandra V\u00e4gen\",\"isPartOf\":{\"@id\":\"https:\/\/blogg.svenskakyrkan.se\/vandravagen\/#website\"},\"primaryImageOfPage\":{\"@id\":\"https:\/\/blogg.svenskakyrkan.se\/vandravagen\/2020\/10\/22\/guds-langa-langa-nasa\/#primaryimage\"},\"image\":{\"@id\":\"https:\/\/blogg.svenskakyrkan.se\/vandravagen\/2020\/10\/22\/guds-langa-langa-nasa\/#primaryimage\"},\"thumbnailUrl\":\"https:\/\/blogg.svenskakyrkan.se\/vandravagen\/files\/2020\/10\/l\u00e5ngn\u00e4sa.jpg\",\"datePublished\":\"2020-10-22T05:00:31+00:00\",\"breadcrumb\":{\"@id\":\"https:\/\/blogg.svenskakyrkan.se\/vandravagen\/2020\/10\/22\/guds-langa-langa-nasa\/#breadcrumb\"},\"inLanguage\":\"sv-SE\",\"potentialAction\":[{\"@type\":\"ReadAction\",\"target\":[\"https:\/\/blogg.svenskakyrkan.se\/vandravagen\/2020\/10\/22\/guds-langa-langa-nasa\/\"]}]},{\"@type\":\"ImageObject\",\"inLanguage\":\"sv-SE\",\"@id\":\"https:\/\/blogg.svenskakyrkan.se\/vandravagen\/2020\/10\/22\/guds-langa-langa-nasa\/#primaryimage\",\"url\":\"https:\/\/blogg.svenskakyrkan.se\/vandravagen\/files\/2020\/10\/l\u00e5ngn\u00e4sa.jpg\",\"contentUrl\":\"https:\/\/blogg.svenskakyrkan.se\/vandravagen\/files\/2020\/10\/l\u00e5ngn\u00e4sa.jpg\",\"width\":940,\"height\":788},{\"@type\":\"BreadcrumbList\",\"@id\":\"https:\/\/blogg.svenskakyrkan.se\/vandravagen\/2020\/10\/22\/guds-langa-langa-nasa\/#breadcrumb\",\"itemListElement\":[{\"@type\":\"ListItem\",\"position\":1,\"name\":\"Hem\",\"item\":\"https:\/\/blogg.svenskakyrkan.se\/vandravagen\/\"},{\"@type\":\"ListItem\",\"position\":2,\"name\":\"Guds l\u00e5nga, l\u00e5nga n\u00e4sa\"}]},{\"@type\":\"WebSite\",\"@id\":\"https:\/\/blogg.svenskakyrkan.se\/vandravagen\/#website\",\"url\":\"https:\/\/blogg.svenskakyrkan.se\/vandravagen\/\",\"name\":\"Vandra V\u00e4gen\",\"description\":\"-Mot en tro f\u00f6r hela livet\",\"publisher\":{\"@id\":\"https:\/\/blogg.svenskakyrkan.se\/vandravagen\/#organization\"},\"potentialAction\":[{\"@type\":\"SearchAction\",\"target\":{\"@type\":\"EntryPoint\",\"urlTemplate\":\"https:\/\/blogg.svenskakyrkan.se\/vandravagen\/?s={search_term_string}\"},\"query-input\":{\"@type\":\"PropertyValueSpecification\",\"valueRequired\":true,\"valueName\":\"search_term_string\"}}],\"inLanguage\":\"sv-SE\"},{\"@type\":\"Organization\",\"@id\":\"https:\/\/blogg.svenskakyrkan.se\/vandravagen\/#organization\",\"name\":\"ulricehamns pastorat\",\"alternateName\":\"ulricehamns pastorat\",\"url\":\"https:\/\/blogg.svenskakyrkan.se\/vandravagen\/\",\"logo\":{\"@type\":\"ImageObject\",\"inLanguage\":\"sv-SE\",\"@id\":\"https:\/\/blogg.svenskakyrkan.se\/vandravagen\/#\/schema\/logo\/image\/\",\"url\":\"https:\/\/blogg.svenskakyrkan.se\/vandravagen\/files\/2023\/05\/Ulr_logo_RGB.png\",\"contentUrl\":\"https:\/\/blogg.svenskakyrkan.se\/vandravagen\/files\/2023\/05\/Ulr_logo_RGB.png\",\"width\":205,\"height\":77,\"caption\":\"ulricehamns pastorat\"},\"image\":{\"@id\":\"https:\/\/blogg.svenskakyrkan.se\/vandravagen\/#\/schema\/logo\/image\/\"},\"sameAs\":[\"http:\/\/facebook.com\/vandravagen\",\"https:\/\/x.com\/fadertomas\",\"http:\/\/www.facebook.com\/svenskakyrkaniulricehamn\"]},{\"@type\":\"Person\",\"@id\":\"https:\/\/blogg.svenskakyrkan.se\/vandravagen\/#\/schema\/person\/25da02d4f76b137d04291711e2c9fc16\",\"name\":\"Tomas Jarvid\",\"image\":{\"@type\":\"ImageObject\",\"inLanguage\":\"sv-SE\",\"@id\":\"https:\/\/blogg.svenskakyrkan.se\/vandravagen\/#\/schema\/person\/image\/\",\"url\":\"https:\/\/secure.gravatar.com\/avatar\/7fa71899795e8f540f615a1f5ab25255dc27aa40f05ee7ddd21aac521e01bf50?s=96&d=identicon&r=g\",\"contentUrl\":\"https:\/\/secure.gravatar.com\/avatar\/7fa71899795e8f540f615a1f5ab25255dc27aa40f05ee7ddd21aac521e01bf50?s=96&d=identicon&r=g\",\"caption\":\"Tomas Jarvid\"},\"description\":\"Jag bor i Ulricehamn i V\u00e4sterg\u00f6tland och \u00e4r f\u00f6rsamlingspr\u00e4st i Svenska Kyrkan f\u00f6r Dalstorps f\u00f6rsamling i Kinds pastorat. P\u00e5 den h\u00e4r bloggen skriver jag ner tankar om vandringen som kristen.\",\"sameAs\":[\"http:\/\/www.vandravagen.se\"],\"url\":\"https:\/\/blogg.svenskakyrkan.se\/vandravagen\/author\/vandravagen\/\"}]}<\/script>\n<!-- \/ Yoast SEO plugin. -->","yoast_head_json":{"title":"Guds l\u00e5nga, l\u00e5nga n\u00e4sa - Vandra V\u00e4gen","robots":{"index":"index","follow":"follow","max-snippet":"max-snippet:-1","max-image-preview":"max-image-preview:large","max-video-preview":"max-video-preview:-1"},"canonical":"https:\/\/blogg.svenskakyrkan.se\/vandravagen\/2020\/10\/22\/guds-langa-langa-nasa\/","og_locale":"sv_SE","og_type":"article","og_title":"Guds l\u00e5nga, l\u00e5nga n\u00e4sa - Vandra V\u00e4gen","og_description":"Hebreiskan \u00e4r ett lustigt spr\u00e5k, inte minst f\u00f6r att det g\u00e4rna uttrycker m\u00e5nga saker betydligt kroppsligare \u00e4n vi brukar g\u00f6ra. Det \u00e4r d\u00e4rf\u00f6r det st\u00e5r s\u00e5 mycket i bibeln om Guds starka arm och s\u00e5dant fast \u00e4ven de gamla hebr\u00e9erna f\u00f6rst\u00e5s f\u00f6rstod att Gud inte har en kropp p\u00e5 det s\u00e4ttet. Nu har jag fr\u00e5n [&hellip;]","og_url":"https:\/\/blogg.svenskakyrkan.se\/vandravagen\/2020\/10\/22\/guds-langa-langa-nasa\/","og_site_name":"Vandra V\u00e4gen","article_publisher":"http:\/\/facebook.com\/vandravagen","article_published_time":"2020-10-22T05:00:31+00:00","og_image":[{"width":940,"height":788,"url":"https:\/\/blogg.svenskakyrkan.se\/vandravagen\/files\/2020\/10\/l\u00e5ngn\u00e4sa.jpg","type":"image\/jpeg"}],"author":"Tomas Jarvid","twitter_card":"summary_large_image","twitter_creator":"@fadertomas","twitter_site":"@fadertomas","twitter_misc":{"Skriven av":"Tomas Jarvid","Ber\u00e4knad l\u00e4stid":"1 minut"},"schema":{"@context":"https:\/\/schema.org","@graph":[{"@type":"Article","@id":"https:\/\/blogg.svenskakyrkan.se\/vandravagen\/2020\/10\/22\/guds-langa-langa-nasa\/#article","isPartOf":{"@id":"https:\/\/blogg.svenskakyrkan.se\/vandravagen\/2020\/10\/22\/guds-langa-langa-nasa\/"},"author":{"name":"Tomas Jarvid","@id":"https:\/\/blogg.svenskakyrkan.se\/vandravagen\/#\/schema\/person\/25da02d4f76b137d04291711e2c9fc16"},"headline":"Guds l\u00e5nga, l\u00e5nga n\u00e4sa","datePublished":"2020-10-22T05:00:31+00:00","mainEntityOfPage":{"@id":"https:\/\/blogg.svenskakyrkan.se\/vandravagen\/2020\/10\/22\/guds-langa-langa-nasa\/"},"wordCount":290,"commentCount":2,"publisher":{"@id":"https:\/\/blogg.svenskakyrkan.se\/vandravagen\/#organization"},"image":{"@id":"https:\/\/blogg.svenskakyrkan.se\/vandravagen\/2020\/10\/22\/guds-langa-langa-nasa\/#primaryimage"},"thumbnailUrl":"https:\/\/blogg.svenskakyrkan.se\/vandravagen\/files\/2020\/10\/l\u00e5ngn\u00e4sa.jpg","articleSection":["bibel","Bibeln","Teologi"],"inLanguage":"sv-SE","potentialAction":[{"@type":"CommentAction","name":"Comment","target":["https:\/\/blogg.svenskakyrkan.se\/vandravagen\/2020\/10\/22\/guds-langa-langa-nasa\/#respond"]}]},{"@type":"WebPage","@id":"https:\/\/blogg.svenskakyrkan.se\/vandravagen\/2020\/10\/22\/guds-langa-langa-nasa\/","url":"https:\/\/blogg.svenskakyrkan.se\/vandravagen\/2020\/10\/22\/guds-langa-langa-nasa\/","name":"Guds l\u00e5nga, l\u00e5nga n\u00e4sa - Vandra V\u00e4gen","isPartOf":{"@id":"https:\/\/blogg.svenskakyrkan.se\/vandravagen\/#website"},"primaryImageOfPage":{"@id":"https:\/\/blogg.svenskakyrkan.se\/vandravagen\/2020\/10\/22\/guds-langa-langa-nasa\/#primaryimage"},"image":{"@id":"https:\/\/blogg.svenskakyrkan.se\/vandravagen\/2020\/10\/22\/guds-langa-langa-nasa\/#primaryimage"},"thumbnailUrl":"https:\/\/blogg.svenskakyrkan.se\/vandravagen\/files\/2020\/10\/l\u00e5ngn\u00e4sa.jpg","datePublished":"2020-10-22T05:00:31+00:00","breadcrumb":{"@id":"https:\/\/blogg.svenskakyrkan.se\/vandravagen\/2020\/10\/22\/guds-langa-langa-nasa\/#breadcrumb"},"inLanguage":"sv-SE","potentialAction":[{"@type":"ReadAction","target":["https:\/\/blogg.svenskakyrkan.se\/vandravagen\/2020\/10\/22\/guds-langa-langa-nasa\/"]}]},{"@type":"ImageObject","inLanguage":"sv-SE","@id":"https:\/\/blogg.svenskakyrkan.se\/vandravagen\/2020\/10\/22\/guds-langa-langa-nasa\/#primaryimage","url":"https:\/\/blogg.svenskakyrkan.se\/vandravagen\/files\/2020\/10\/l\u00e5ngn\u00e4sa.jpg","contentUrl":"https:\/\/blogg.svenskakyrkan.se\/vandravagen\/files\/2020\/10\/l\u00e5ngn\u00e4sa.jpg","width":940,"height":788},{"@type":"BreadcrumbList","@id":"https:\/\/blogg.svenskakyrkan.se\/vandravagen\/2020\/10\/22\/guds-langa-langa-nasa\/#breadcrumb","itemListElement":[{"@type":"ListItem","position":1,"name":"Hem","item":"https:\/\/blogg.svenskakyrkan.se\/vandravagen\/"},{"@type":"ListItem","position":2,"name":"Guds l\u00e5nga, l\u00e5nga n\u00e4sa"}]},{"@type":"WebSite","@id":"https:\/\/blogg.svenskakyrkan.se\/vandravagen\/#website","url":"https:\/\/blogg.svenskakyrkan.se\/vandravagen\/","name":"Vandra V\u00e4gen","description":"-Mot en tro f\u00f6r hela livet","publisher":{"@id":"https:\/\/blogg.svenskakyrkan.se\/vandravagen\/#organization"},"potentialAction":[{"@type":"SearchAction","target":{"@type":"EntryPoint","urlTemplate":"https:\/\/blogg.svenskakyrkan.se\/vandravagen\/?s={search_term_string}"},"query-input":{"@type":"PropertyValueSpecification","valueRequired":true,"valueName":"search_term_string"}}],"inLanguage":"sv-SE"},{"@type":"Organization","@id":"https:\/\/blogg.svenskakyrkan.se\/vandravagen\/#organization","name":"ulricehamns pastorat","alternateName":"ulricehamns pastorat","url":"https:\/\/blogg.svenskakyrkan.se\/vandravagen\/","logo":{"@type":"ImageObject","inLanguage":"sv-SE","@id":"https:\/\/blogg.svenskakyrkan.se\/vandravagen\/#\/schema\/logo\/image\/","url":"https:\/\/blogg.svenskakyrkan.se\/vandravagen\/files\/2023\/05\/Ulr_logo_RGB.png","contentUrl":"https:\/\/blogg.svenskakyrkan.se\/vandravagen\/files\/2023\/05\/Ulr_logo_RGB.png","width":205,"height":77,"caption":"ulricehamns pastorat"},"image":{"@id":"https:\/\/blogg.svenskakyrkan.se\/vandravagen\/#\/schema\/logo\/image\/"},"sameAs":["http:\/\/facebook.com\/vandravagen","https:\/\/x.com\/fadertomas","http:\/\/www.facebook.com\/svenskakyrkaniulricehamn"]},{"@type":"Person","@id":"https:\/\/blogg.svenskakyrkan.se\/vandravagen\/#\/schema\/person\/25da02d4f76b137d04291711e2c9fc16","name":"Tomas Jarvid","image":{"@type":"ImageObject","inLanguage":"sv-SE","@id":"https:\/\/blogg.svenskakyrkan.se\/vandravagen\/#\/schema\/person\/image\/","url":"https:\/\/secure.gravatar.com\/avatar\/7fa71899795e8f540f615a1f5ab25255dc27aa40f05ee7ddd21aac521e01bf50?s=96&d=identicon&r=g","contentUrl":"https:\/\/secure.gravatar.com\/avatar\/7fa71899795e8f540f615a1f5ab25255dc27aa40f05ee7ddd21aac521e01bf50?s=96&d=identicon&r=g","caption":"Tomas Jarvid"},"description":"Jag bor i Ulricehamn i V\u00e4sterg\u00f6tland och \u00e4r f\u00f6rsamlingspr\u00e4st i Svenska Kyrkan f\u00f6r Dalstorps f\u00f6rsamling i Kinds pastorat. P\u00e5 den h\u00e4r bloggen skriver jag ner tankar om vandringen som kristen.","sameAs":["http:\/\/www.vandravagen.se"],"url":"https:\/\/blogg.svenskakyrkan.se\/vandravagen\/author\/vandravagen\/"}]}},"author_meta":{"ID":"392","user_nicename":"vandravagen","user_url":"http:\/\/www.vandravagen.se","user_registered":"2014-05-19 05:44:52","display_name":"Tomas Jarvid","first_name":"Tomas","last_name":"Jarvid","avatar":"https:\/\/secure.gravatar.com\/avatar\/7fa71899795e8f540f615a1f5ab25255dc27aa40f05ee7ddd21aac521e01bf50?s=96&d=identicon&r=g"},"featured_image":["https:\/\/blogg.svenskakyrkan.se\/vandravagen\/files\/2020\/10\/l\u00e5ngn\u00e4sa.jpg",940,788,false],"bloginfo":{"name":"Vandra V\u00e4gen","url":"https:\/\/blogg.svenskakyrkan.se\/vandravagen"},"_links":{"self":[{"href":"https:\/\/blogg.svenskakyrkan.se\/vandravagen\/wp-json\/wp\/v2\/posts\/8189","targetHints":{"allow":["GET"]}}],"collection":[{"href":"https:\/\/blogg.svenskakyrkan.se\/vandravagen\/wp-json\/wp\/v2\/posts"}],"about":[{"href":"https:\/\/blogg.svenskakyrkan.se\/vandravagen\/wp-json\/wp\/v2\/types\/post"}],"author":[{"embeddable":true,"href":"https:\/\/blogg.svenskakyrkan.se\/vandravagen\/wp-json\/wp\/v2\/users\/392"}],"replies":[{"embeddable":true,"href":"https:\/\/blogg.svenskakyrkan.se\/vandravagen\/wp-json\/wp\/v2\/comments?post=8189"}],"version-history":[{"count":1,"href":"https:\/\/blogg.svenskakyrkan.se\/vandravagen\/wp-json\/wp\/v2\/posts\/8189\/revisions"}],"predecessor-version":[{"id":8191,"href":"https:\/\/blogg.svenskakyrkan.se\/vandravagen\/wp-json\/wp\/v2\/posts\/8189\/revisions\/8191"}],"wp:featuredmedia":[{"embeddable":true,"href":"https:\/\/blogg.svenskakyrkan.se\/vandravagen\/wp-json\/wp\/v2\/media\/8190"}],"wp:attachment":[{"href":"https:\/\/blogg.svenskakyrkan.se\/vandravagen\/wp-json\/wp\/v2\/media?parent=8189"}],"wp:term":[{"taxonomy":"category","embeddable":true,"href":"https:\/\/blogg.svenskakyrkan.se\/vandravagen\/wp-json\/wp\/v2\/categories?post=8189"},{"taxonomy":"post_tag","embeddable":true,"href":"https:\/\/blogg.svenskakyrkan.se\/vandravagen\/wp-json\/wp\/v2\/tags?post=8189"}],"curies":[{"name":"wp","href":"https:\/\/api.w.org\/{rel}","templated":true}]}}