{"id":821,"date":"2012-12-11T10:13:00","date_gmt":"2012-12-11T09:13:00","guid":{"rendered":"http:\/\/blogg.svenskakyrkan.se\/vandravagen\/2012\/12\/11\/ida-berggren-ett-inlagg-om-att-landa\/"},"modified":"2012-12-11T10:13:00","modified_gmt":"2012-12-11T09:13:00","slug":"ida-berggren-ett-inlagg-om-att-landa","status":"publish","type":"post","link":"https:\/\/blogg.svenskakyrkan.se\/vandravagen\/2012\/12\/11\/ida-berggren-ett-inlagg-om-att-landa\/","title":{"rendered":"Ida Berggren -Ett inl\u00e4gg om att landa."},"content":{"rendered":"<p>Kommer ni ih\u00e5g Ida Berggren som f\u00f6r ett tag sedan skrev p\u00e5 Vandra V\u00e4gen om sina tankar som deltagare i utbytesprogrammet &#8221;Ung i den v\u00e4rldsvida Kyrkan&#8221; och resen\u00e4r till Filippinerna. Annars kan du l\u00e4sa detta: &#8221;<a href=\"http:\/\/vagenixp.blogspot.se\/2012\/10\/ida-berggren-i-nagon-annans-vardag.html\">Ida Berggren -i n\u00e5gon annans vardag<\/a>&#8221;. Nu har Ida kommit hem till V\u00e4sterg\u00f6tland igen och i samband med hemkomsten har hon skrivit \u00e4nnu ett inl\u00e4gg till bloggen. Om vad tro inneb\u00e4r, speciellt f\u00f6r en ung tjej p\u00e5 Filippinerna! Tack Ida ocks\u00e5 f\u00f6r detta inl\u00e4gg!<\/p>\n<\/p>\n<div>\n<table align=\"center\" cellpadding=\"0\" cellspacing=\"0\">\n<tbody>\n<tr>\n<td><a href=\"http:\/\/3.bp.blogspot.com\/-SXuOfbEkt7k\/UMXuaMvAZoI\/AAAAAAAABTI\/zP7o5Gn3Res\/s1600\/Ris.JPG\"><img loading=\"lazy\" decoding=\"async\" border=\"0\" height=\"400\" src=\"http:\/\/3.bp.blogspot.com\/-SXuOfbEkt7k\/UMXuaMvAZoI\/AAAAAAAABTI\/zP7o5Gn3Res\/s400\/Ris.JPG\" width=\"300\"><\/a><\/td>\n<\/tr>\n<tr>\n<td>Omplantering av ris, foto Anne Eliasson<\/td>\n<\/tr>\n<\/tbody>\n<\/table>\n<p><span><br \/><\/span><span><br \/><\/span><span>Hejsan, Ida h\u00e4r igen fr\u00e5n Fillippinerna.<\/span><\/div>\n<div><span>Vad \u00e4r tro egentligen ?<\/span><\/div>\n<div><span><span><\/span><br \/><\/span><\/div>\n<div><span>Nu \u00e4r de bara tv\u00e5 veckor kvar av utbytet som skulle bli en resa som jag visste p\u00e5 n\u00e5got vis skulle f\u00f6r\u00e4ndra mig. Men fr\u00e5gan \u00e4r om inte den h\u00e4r resan har varit n\u00e5got s\u00e5 mycket st\u00f6rre \u00e4n jag kan f\u00f6rst\u00e5.<\/span><\/div>\n<div><span>Gud gav mig chansen att \u00e5ka hit, Svenska Kyrkan och s\u00e5 m\u00e5nga m\u00e4nniskor i Sverige och i Filippinerna har gjort den h\u00e4r resan m\u00f6jlig. D\u00e4rf\u00f6r k\u00e4nner jag mig v\u00e4ldigt tacksam.\u00a0<\/span><\/div>\n<div><span><span><\/span><br \/><\/span><\/div>\n<div><span>Resan har gett mig mycket, den har \u00f6ppnat mina \u00f6gon och mitt hj\u00e4rta f\u00f6r n\u00e5got som \u00e4r s\u00e5 l\u00e5ngt ifr\u00e5n min verklighet i Sverige. Att st\u00e4ndigt m\u00f6ta m\u00e4nniskor som k\u00e4mpar f\u00f6r sina r\u00e4ttigheter men som alltid skrattar. De \u00e4r beundransv\u00e4rt, de finns en gl\u00e4dje hos de filippinska folket. Ett hopp om att ett b\u00e4ttre liv kommer snart.<\/span><br \/><span><br \/><\/span><\/div>\n<div><span>Att de tror p\u00e5 en Gud som kommer att snart f\u00f6r\u00e4ndra deras liv, ett hopp och stark tro. Det \u00e4r just det som jag k\u00e4nner har f\u00f6renat mig b\u00e4st med de Filippinska folket. Att de bottnar i en och samma tro. Och jag vet att de \u00e4r katoliker och att det finns mycket som skiljer dem fr\u00e5n svenska kyrkan, men det spelar ingen roll. Det \u00e4r inte det viktiga h\u00e4r, samma gud har f\u00f6renat oss alla. Samma stora Gud som \u00e4r s\u00e5 sv\u00e5r att f\u00f6rst\u00e5 sig p\u00e5.\u00a0<\/span><\/div>\n<div><span><span><\/span><br \/><\/span><\/div>\n<div><span>Tr\u00e4ffade en tjej h\u00e4r i Filippinerna, l\u00e5t oss kalla henne Therese. Therese var en v\u00e4ldigt trevligt glad och sprallig ungdom som gjorde allt f\u00f6r att vi skulle trivas. Hon hade stort hj\u00e4rta och v\u00e4ldigt \u00f6ppet sinne mot alla hon m\u00f6tte. Men n\u00e4r denna tjejen efter bara 3 veckor av v\u00e4nskap valde att \u00f6ppna sig till mig, fick denna tjejen en helt annan plats i mitt hj\u00e4rta, n\u00e5got s\u00e5 mycket mer hade den h\u00e4r tjejen i sitt liv.<\/span><\/div>\n<div><span><span><\/span><br \/><\/span><\/div>\n<div><span><span>IFI, den kyrkan jag \u00e4r med i driver v\u00e4ldigt mycket aktivitet i politiken och d\u00e5 genrellt f\u00f6r m\u00e4nskliga r\u00e4ttigheter. S\u00e5klart uppskattas inte deras st\u00e4llningstaganden av alla, s\u00e5 \u00e4r det hemma med, men p\u00e5\u00a0<\/span>Filippinerna<span>\u00a0k\u00e4mpar man inte med ett annat argument utan man hotar eller i v\u00e4rsta fall d\u00f6dar sk politiskt grundad d\u00f6d.<\/span><\/span><\/div>\n<div><span><span><\/span><br \/><\/span><\/div>\n<div><span>Sen s\u00e5 tillbaka till tjejen Therese. Hennes Pappa \u00e4r pr\u00e4st i IFI och har varit detta i m\u00e5nga \u00e5r. Han \u00e4r en v\u00e4ldigt aktiv s\u00e5dan och har under flertal \u00e5r k\u00e4mpat med mycket i de politiska striderna. Pga detta s\u00e5 var therese pappa f\u00f6r ca 10 \u00e5r sedan tvungen att l\u00e4mna hela sin familj f\u00f6r att skydda sig fr\u00e5n att bli d\u00f6dad. D\u00e5 var therese 5 \u00e5r och hennes pappa befann sig borta i 4 \u00e5r innan det v\u00e4rsta hade lagts sig och han kunde \u00e5terv\u00e4nda till sin fru och sina 3 barn. Men nu under tiden jag varit d\u00e4r har denna pr\u00e4sten och hans familj blivit hotade, pr\u00e4sten har lagt ner mycket av sitt arbete s\u00e5 l\u00e4nge men de lever i Skr\u00e4ck. Therese s\u00e4ger &#8221;att veta att ens pappa kan d\u00f6 f\u00f6r det han tror p\u00e5 g\u00f6r mig b\u00e5de stolt och r\u00e4dd, vill ju s\u00e5klart ha min pappa kvar i livet.&#8221;<\/span><\/div>\n<div><span><span><\/span><br \/><\/span><\/div>\n<div><span>Therese lyckas trots att hela hennes familj \u00e4r i fara finna hopp och stolthet f\u00f6r sin Pappa. Hon \u00e4r en inspiration f\u00f6r alla oss som n\u00e5gon g\u00e5ng ibland k\u00e4nner oss hoppl\u00f6sa, att ingenting \u00e4r v\u00e4rt n\u00e5got. Hon k\u00e4mpar f\u00f6r sitt liv och hon \u00e4r en av de mest hoppfulla och gl\u00e4djefulla m\u00e4nnsikor jag tr\u00e4ffat. Trots att hon bara \u00e4r ton\u00e5ring har hon gjort mer f\u00f6r kyrkan \u00e4n vad hela svenska kyrkans unga g\u00f6r p\u00e5 ett \u00e5r i Sverige. Inget negativt med de, men utan henne i kyrkan skulle det inte funka. Hon \u00e4r gudtj\u00e4nsthj\u00e4lpreda, hon spelar musik, hon sjunger, hon samlar in kollekt och l\u00e4ser texter , vilket s\u00e5klart g\u00f6r hennes pappa stolt. N\u00e4r jag fr\u00e5gar henne om hon vill bli pr\u00e4st svara hon s\u00e5 coolt som bara unga ton\u00e5ringar kan &#8221;men d\u00e5 m\u00e5ste jag g\u00e5 p\u00e5 tr\u00e5kiga m\u00f6ten och b\u00e4ra fula kl\u00e4der&#8221;\u00a0<\/span><\/div>\n<div><span><span><\/span><br \/><\/span><\/div>\n<div><span>Det h\u00e4r \u00e4r det som kallas tro, hon \u00e4r med i kyrkan och dess verksamhet och hon tj\u00e4nar gud med hela sig sj\u00e4lv. Framf\u00f6rallt s\u00e5 kommer hon aldrig ge upp sin tro eller hopp. Hon vet och \u00e4r s\u00e4ker p\u00e5 att gud finns d\u00e4r och hj\u00e4lper henne vandra v\u00e4gen { snyggt att l\u00e4gga in bloggrubriken??}.<\/span><\/div>\n<div><span>Jag tror att bara vill alla kan ha lite av hennes hopp s\u00e5 kan vi alla b\u00f6rja tj\u00e4na gud mer, hennes k\u00e4mparstil och envishet att skapa aktiva medlemmar \u00e4r n\u00e5got som aldrig kommer l\u00e4mna mitt hj\u00e4rta. Det h\u00e4r \u00e4r Gud!<\/span><br \/><span><br \/><\/span><\/p>\n<table align=\"center\" cellpadding=\"0\" cellspacing=\"0\">\n<tbody>\n<tr>\n<td><a href=\"http:\/\/3.bp.blogspot.com\/-hUlJtw0DDRg\/UMXupZ8t3qI\/AAAAAAAABTQ\/wXL-mLJl084\/s1600\/P2150051.JPG\"><img loading=\"lazy\" decoding=\"async\" border=\"0\" height=\"300\" src=\"http:\/\/3.bp.blogspot.com\/-hUlJtw0DDRg\/UMXupZ8t3qI\/AAAAAAAABTQ\/wXL-mLJl084\/s400\/P2150051.JPG\" width=\"400\"><\/a><\/td>\n<\/tr>\n<tr>\n<td>Trafikbild full med &#8221;Jeepneys&#8221;<\/td>\n<\/tr>\n<\/tbody>\n<\/table>\n<\/div>\n","protected":false},"excerpt":{"rendered":"<p>Kommer ni ih\u00e5g Ida Berggren som f\u00f6r ett tag sedan skrev p\u00e5 Vandra V\u00e4gen om sina tankar som deltagare i utbytesprogrammet &#8221;Ung i den v\u00e4rldsvida Kyrkan&#8221; och resen\u00e4r till Filippinerna. Annars kan du l\u00e4sa detta: &#8221;Ida Berggren -i n\u00e5gon annans vardag&#8221;. Nu har Ida kommit hem till V\u00e4sterg\u00f6tland igen och i samband med hemkomsten har [&hellip;]<\/p>\n","protected":false},"author":392,"featured_media":0,"comment_status":"open","ping_status":"open","sticky":false,"template":"","format":"standard","meta":{"_acf_changed":false,"footnotes":""},"categories":[75887,17359,33574],"tags":[],"class_list":["post-821","post","type-post","status-publish","format-standard","hentry","category-andlighet","category-gastbloggare","category-kyrkan"],"acf":[],"yoast_head":"<!-- This site is optimized with the Yoast SEO plugin v27.1.1 - https:\/\/yoast.com\/product\/yoast-seo-wordpress\/ -->\n<title>Ida Berggren -Ett inl\u00e4gg om att landa. - Vandra V\u00e4gen<\/title>\n<meta name=\"robots\" content=\"index, follow, max-snippet:-1, max-image-preview:large, max-video-preview:-1\" \/>\n<link rel=\"canonical\" href=\"https:\/\/blogg.svenskakyrkan.se\/vandravagen\/2012\/12\/11\/ida-berggren-ett-inlagg-om-att-landa\/\" \/>\n<meta property=\"og:locale\" content=\"sv_SE\" \/>\n<meta property=\"og:type\" content=\"article\" \/>\n<meta property=\"og:title\" content=\"Ida Berggren -Ett inl\u00e4gg om att landa. - Vandra V\u00e4gen\" \/>\n<meta property=\"og:description\" content=\"Kommer ni ih\u00e5g Ida Berggren som f\u00f6r ett tag sedan skrev p\u00e5 Vandra V\u00e4gen om sina tankar som deltagare i utbytesprogrammet &#8221;Ung i den v\u00e4rldsvida Kyrkan&#8221; och resen\u00e4r till Filippinerna. Annars kan du l\u00e4sa detta: &#8221;Ida Berggren -i n\u00e5gon annans vardag&#8221;. Nu har Ida kommit hem till V\u00e4sterg\u00f6tland igen och i samband med hemkomsten har [&hellip;]\" \/>\n<meta property=\"og:url\" content=\"https:\/\/blogg.svenskakyrkan.se\/vandravagen\/2012\/12\/11\/ida-berggren-ett-inlagg-om-att-landa\/\" \/>\n<meta property=\"og:site_name\" content=\"Vandra V\u00e4gen\" \/>\n<meta property=\"article:publisher\" content=\"http:\/\/facebook.com\/vandravagen\" \/>\n<meta property=\"article:published_time\" content=\"2012-12-11T09:13:00+00:00\" \/>\n<meta property=\"og:image\" content=\"http:\/\/3.bp.blogspot.com\/-SXuOfbEkt7k\/UMXuaMvAZoI\/AAAAAAAABTI\/zP7o5Gn3Res\/s400\/Ris.JPG\" \/>\n<meta name=\"author\" content=\"Tomas Jarvid\" \/>\n<meta name=\"twitter:card\" content=\"summary_large_image\" \/>\n<meta name=\"twitter:creator\" content=\"@fadertomas\" \/>\n<meta name=\"twitter:site\" content=\"@fadertomas\" \/>\n<meta name=\"twitter:label1\" content=\"Skriven av\" \/>\n\t<meta name=\"twitter:data1\" content=\"Tomas Jarvid\" \/>\n\t<meta name=\"twitter:label2\" content=\"Ber\u00e4knad l\u00e4stid\" \/>\n\t<meta name=\"twitter:data2\" content=\"5 minuter\" \/>\n<script type=\"application\/ld+json\" class=\"yoast-schema-graph\">{\"@context\":\"https:\/\/schema.org\",\"@graph\":[{\"@type\":\"Article\",\"@id\":\"https:\/\/blogg.svenskakyrkan.se\/vandravagen\/2012\/12\/11\/ida-berggren-ett-inlagg-om-att-landa\/#article\",\"isPartOf\":{\"@id\":\"https:\/\/blogg.svenskakyrkan.se\/vandravagen\/2012\/12\/11\/ida-berggren-ett-inlagg-om-att-landa\/\"},\"author\":{\"name\":\"Tomas Jarvid\",\"@id\":\"https:\/\/blogg.svenskakyrkan.se\/vandravagen\/#\/schema\/person\/25da02d4f76b137d04291711e2c9fc16\"},\"headline\":\"Ida Berggren -Ett inl\u00e4gg om att landa.\",\"datePublished\":\"2012-12-11T09:13:00+00:00\",\"mainEntityOfPage\":{\"@id\":\"https:\/\/blogg.svenskakyrkan.se\/vandravagen\/2012\/12\/11\/ida-berggren-ett-inlagg-om-att-landa\/\"},\"wordCount\":983,\"commentCount\":0,\"publisher\":{\"@id\":\"https:\/\/blogg.svenskakyrkan.se\/vandravagen\/#organization\"},\"image\":{\"@id\":\"https:\/\/blogg.svenskakyrkan.se\/vandravagen\/2012\/12\/11\/ida-berggren-ett-inlagg-om-att-landa\/#primaryimage\"},\"thumbnailUrl\":\"http:\/\/3.bp.blogspot.com\/-SXuOfbEkt7k\/UMXuaMvAZoI\/AAAAAAAABTI\/zP7o5Gn3Res\/s400\/Ris.JPG\",\"articleSection\":[\"andlighet\",\"g\u00e4stbloggare\",\"kyrkan\"],\"inLanguage\":\"sv-SE\",\"potentialAction\":[{\"@type\":\"CommentAction\",\"name\":\"Comment\",\"target\":[\"https:\/\/blogg.svenskakyrkan.se\/vandravagen\/2012\/12\/11\/ida-berggren-ett-inlagg-om-att-landa\/#respond\"]}]},{\"@type\":\"WebPage\",\"@id\":\"https:\/\/blogg.svenskakyrkan.se\/vandravagen\/2012\/12\/11\/ida-berggren-ett-inlagg-om-att-landa\/\",\"url\":\"https:\/\/blogg.svenskakyrkan.se\/vandravagen\/2012\/12\/11\/ida-berggren-ett-inlagg-om-att-landa\/\",\"name\":\"Ida Berggren -Ett inl\u00e4gg om att landa. - Vandra V\u00e4gen\",\"isPartOf\":{\"@id\":\"https:\/\/blogg.svenskakyrkan.se\/vandravagen\/#website\"},\"primaryImageOfPage\":{\"@id\":\"https:\/\/blogg.svenskakyrkan.se\/vandravagen\/2012\/12\/11\/ida-berggren-ett-inlagg-om-att-landa\/#primaryimage\"},\"image\":{\"@id\":\"https:\/\/blogg.svenskakyrkan.se\/vandravagen\/2012\/12\/11\/ida-berggren-ett-inlagg-om-att-landa\/#primaryimage\"},\"thumbnailUrl\":\"http:\/\/3.bp.blogspot.com\/-SXuOfbEkt7k\/UMXuaMvAZoI\/AAAAAAAABTI\/zP7o5Gn3Res\/s400\/Ris.JPG\",\"datePublished\":\"2012-12-11T09:13:00+00:00\",\"breadcrumb\":{\"@id\":\"https:\/\/blogg.svenskakyrkan.se\/vandravagen\/2012\/12\/11\/ida-berggren-ett-inlagg-om-att-landa\/#breadcrumb\"},\"inLanguage\":\"sv-SE\",\"potentialAction\":[{\"@type\":\"ReadAction\",\"target\":[\"https:\/\/blogg.svenskakyrkan.se\/vandravagen\/2012\/12\/11\/ida-berggren-ett-inlagg-om-att-landa\/\"]}]},{\"@type\":\"ImageObject\",\"inLanguage\":\"sv-SE\",\"@id\":\"https:\/\/blogg.svenskakyrkan.se\/vandravagen\/2012\/12\/11\/ida-berggren-ett-inlagg-om-att-landa\/#primaryimage\",\"url\":\"http:\/\/3.bp.blogspot.com\/-SXuOfbEkt7k\/UMXuaMvAZoI\/AAAAAAAABTI\/zP7o5Gn3Res\/s400\/Ris.JPG\",\"contentUrl\":\"http:\/\/3.bp.blogspot.com\/-SXuOfbEkt7k\/UMXuaMvAZoI\/AAAAAAAABTI\/zP7o5Gn3Res\/s400\/Ris.JPG\"},{\"@type\":\"BreadcrumbList\",\"@id\":\"https:\/\/blogg.svenskakyrkan.se\/vandravagen\/2012\/12\/11\/ida-berggren-ett-inlagg-om-att-landa\/#breadcrumb\",\"itemListElement\":[{\"@type\":\"ListItem\",\"position\":1,\"name\":\"Hem\",\"item\":\"https:\/\/blogg.svenskakyrkan.se\/vandravagen\/\"},{\"@type\":\"ListItem\",\"position\":2,\"name\":\"Ida Berggren -Ett inl\u00e4gg om att landa.\"}]},{\"@type\":\"WebSite\",\"@id\":\"https:\/\/blogg.svenskakyrkan.se\/vandravagen\/#website\",\"url\":\"https:\/\/blogg.svenskakyrkan.se\/vandravagen\/\",\"name\":\"Vandra V\u00e4gen\",\"description\":\"-Mot en tro f\u00f6r hela livet\",\"publisher\":{\"@id\":\"https:\/\/blogg.svenskakyrkan.se\/vandravagen\/#organization\"},\"potentialAction\":[{\"@type\":\"SearchAction\",\"target\":{\"@type\":\"EntryPoint\",\"urlTemplate\":\"https:\/\/blogg.svenskakyrkan.se\/vandravagen\/?s={search_term_string}\"},\"query-input\":{\"@type\":\"PropertyValueSpecification\",\"valueRequired\":true,\"valueName\":\"search_term_string\"}}],\"inLanguage\":\"sv-SE\"},{\"@type\":\"Organization\",\"@id\":\"https:\/\/blogg.svenskakyrkan.se\/vandravagen\/#organization\",\"name\":\"ulricehamns pastorat\",\"alternateName\":\"ulricehamns pastorat\",\"url\":\"https:\/\/blogg.svenskakyrkan.se\/vandravagen\/\",\"logo\":{\"@type\":\"ImageObject\",\"inLanguage\":\"sv-SE\",\"@id\":\"https:\/\/blogg.svenskakyrkan.se\/vandravagen\/#\/schema\/logo\/image\/\",\"url\":\"https:\/\/blogg.svenskakyrkan.se\/vandravagen\/files\/2023\/05\/Ulr_logo_RGB.png\",\"contentUrl\":\"https:\/\/blogg.svenskakyrkan.se\/vandravagen\/files\/2023\/05\/Ulr_logo_RGB.png\",\"width\":205,\"height\":77,\"caption\":\"ulricehamns pastorat\"},\"image\":{\"@id\":\"https:\/\/blogg.svenskakyrkan.se\/vandravagen\/#\/schema\/logo\/image\/\"},\"sameAs\":[\"http:\/\/facebook.com\/vandravagen\",\"https:\/\/x.com\/fadertomas\",\"http:\/\/www.facebook.com\/svenskakyrkaniulricehamn\"]},{\"@type\":\"Person\",\"@id\":\"https:\/\/blogg.svenskakyrkan.se\/vandravagen\/#\/schema\/person\/25da02d4f76b137d04291711e2c9fc16\",\"name\":\"Tomas Jarvid\",\"image\":{\"@type\":\"ImageObject\",\"inLanguage\":\"sv-SE\",\"@id\":\"https:\/\/blogg.svenskakyrkan.se\/vandravagen\/#\/schema\/person\/image\/\",\"url\":\"https:\/\/secure.gravatar.com\/avatar\/7fa71899795e8f540f615a1f5ab25255dc27aa40f05ee7ddd21aac521e01bf50?s=96&d=identicon&r=g\",\"contentUrl\":\"https:\/\/secure.gravatar.com\/avatar\/7fa71899795e8f540f615a1f5ab25255dc27aa40f05ee7ddd21aac521e01bf50?s=96&d=identicon&r=g\",\"caption\":\"Tomas Jarvid\"},\"description\":\"Jag bor i Ulricehamn i V\u00e4sterg\u00f6tland och \u00e4r f\u00f6rsamlingspr\u00e4st i Svenska Kyrkan f\u00f6r Dalstorps f\u00f6rsamling i Kinds pastorat. P\u00e5 den h\u00e4r bloggen skriver jag ner tankar om vandringen som kristen.\",\"sameAs\":[\"http:\/\/www.vandravagen.se\"],\"url\":\"https:\/\/blogg.svenskakyrkan.se\/vandravagen\/author\/vandravagen\/\"}]}<\/script>\n<!-- \/ Yoast SEO plugin. -->","yoast_head_json":{"title":"Ida Berggren -Ett inl\u00e4gg om att landa. - Vandra V\u00e4gen","robots":{"index":"index","follow":"follow","max-snippet":"max-snippet:-1","max-image-preview":"max-image-preview:large","max-video-preview":"max-video-preview:-1"},"canonical":"https:\/\/blogg.svenskakyrkan.se\/vandravagen\/2012\/12\/11\/ida-berggren-ett-inlagg-om-att-landa\/","og_locale":"sv_SE","og_type":"article","og_title":"Ida Berggren -Ett inl\u00e4gg om att landa. - Vandra V\u00e4gen","og_description":"Kommer ni ih\u00e5g Ida Berggren som f\u00f6r ett tag sedan skrev p\u00e5 Vandra V\u00e4gen om sina tankar som deltagare i utbytesprogrammet &#8221;Ung i den v\u00e4rldsvida Kyrkan&#8221; och resen\u00e4r till Filippinerna. Annars kan du l\u00e4sa detta: &#8221;Ida Berggren -i n\u00e5gon annans vardag&#8221;. Nu har Ida kommit hem till V\u00e4sterg\u00f6tland igen och i samband med hemkomsten har [&hellip;]","og_url":"https:\/\/blogg.svenskakyrkan.se\/vandravagen\/2012\/12\/11\/ida-berggren-ett-inlagg-om-att-landa\/","og_site_name":"Vandra V\u00e4gen","article_publisher":"http:\/\/facebook.com\/vandravagen","article_published_time":"2012-12-11T09:13:00+00:00","og_image":[{"url":"http:\/\/3.bp.blogspot.com\/-SXuOfbEkt7k\/UMXuaMvAZoI\/AAAAAAAABTI\/zP7o5Gn3Res\/s400\/Ris.JPG","type":"","width":"","height":""}],"author":"Tomas Jarvid","twitter_card":"summary_large_image","twitter_creator":"@fadertomas","twitter_site":"@fadertomas","twitter_misc":{"Skriven av":"Tomas Jarvid","Ber\u00e4knad l\u00e4stid":"5 minuter"},"schema":{"@context":"https:\/\/schema.org","@graph":[{"@type":"Article","@id":"https:\/\/blogg.svenskakyrkan.se\/vandravagen\/2012\/12\/11\/ida-berggren-ett-inlagg-om-att-landa\/#article","isPartOf":{"@id":"https:\/\/blogg.svenskakyrkan.se\/vandravagen\/2012\/12\/11\/ida-berggren-ett-inlagg-om-att-landa\/"},"author":{"name":"Tomas Jarvid","@id":"https:\/\/blogg.svenskakyrkan.se\/vandravagen\/#\/schema\/person\/25da02d4f76b137d04291711e2c9fc16"},"headline":"Ida Berggren -Ett inl\u00e4gg om att landa.","datePublished":"2012-12-11T09:13:00+00:00","mainEntityOfPage":{"@id":"https:\/\/blogg.svenskakyrkan.se\/vandravagen\/2012\/12\/11\/ida-berggren-ett-inlagg-om-att-landa\/"},"wordCount":983,"commentCount":0,"publisher":{"@id":"https:\/\/blogg.svenskakyrkan.se\/vandravagen\/#organization"},"image":{"@id":"https:\/\/blogg.svenskakyrkan.se\/vandravagen\/2012\/12\/11\/ida-berggren-ett-inlagg-om-att-landa\/#primaryimage"},"thumbnailUrl":"http:\/\/3.bp.blogspot.com\/-SXuOfbEkt7k\/UMXuaMvAZoI\/AAAAAAAABTI\/zP7o5Gn3Res\/s400\/Ris.JPG","articleSection":["andlighet","g\u00e4stbloggare","kyrkan"],"inLanguage":"sv-SE","potentialAction":[{"@type":"CommentAction","name":"Comment","target":["https:\/\/blogg.svenskakyrkan.se\/vandravagen\/2012\/12\/11\/ida-berggren-ett-inlagg-om-att-landa\/#respond"]}]},{"@type":"WebPage","@id":"https:\/\/blogg.svenskakyrkan.se\/vandravagen\/2012\/12\/11\/ida-berggren-ett-inlagg-om-att-landa\/","url":"https:\/\/blogg.svenskakyrkan.se\/vandravagen\/2012\/12\/11\/ida-berggren-ett-inlagg-om-att-landa\/","name":"Ida Berggren -Ett inl\u00e4gg om att landa. - Vandra V\u00e4gen","isPartOf":{"@id":"https:\/\/blogg.svenskakyrkan.se\/vandravagen\/#website"},"primaryImageOfPage":{"@id":"https:\/\/blogg.svenskakyrkan.se\/vandravagen\/2012\/12\/11\/ida-berggren-ett-inlagg-om-att-landa\/#primaryimage"},"image":{"@id":"https:\/\/blogg.svenskakyrkan.se\/vandravagen\/2012\/12\/11\/ida-berggren-ett-inlagg-om-att-landa\/#primaryimage"},"thumbnailUrl":"http:\/\/3.bp.blogspot.com\/-SXuOfbEkt7k\/UMXuaMvAZoI\/AAAAAAAABTI\/zP7o5Gn3Res\/s400\/Ris.JPG","datePublished":"2012-12-11T09:13:00+00:00","breadcrumb":{"@id":"https:\/\/blogg.svenskakyrkan.se\/vandravagen\/2012\/12\/11\/ida-berggren-ett-inlagg-om-att-landa\/#breadcrumb"},"inLanguage":"sv-SE","potentialAction":[{"@type":"ReadAction","target":["https:\/\/blogg.svenskakyrkan.se\/vandravagen\/2012\/12\/11\/ida-berggren-ett-inlagg-om-att-landa\/"]}]},{"@type":"ImageObject","inLanguage":"sv-SE","@id":"https:\/\/blogg.svenskakyrkan.se\/vandravagen\/2012\/12\/11\/ida-berggren-ett-inlagg-om-att-landa\/#primaryimage","url":"http:\/\/3.bp.blogspot.com\/-SXuOfbEkt7k\/UMXuaMvAZoI\/AAAAAAAABTI\/zP7o5Gn3Res\/s400\/Ris.JPG","contentUrl":"http:\/\/3.bp.blogspot.com\/-SXuOfbEkt7k\/UMXuaMvAZoI\/AAAAAAAABTI\/zP7o5Gn3Res\/s400\/Ris.JPG"},{"@type":"BreadcrumbList","@id":"https:\/\/blogg.svenskakyrkan.se\/vandravagen\/2012\/12\/11\/ida-berggren-ett-inlagg-om-att-landa\/#breadcrumb","itemListElement":[{"@type":"ListItem","position":1,"name":"Hem","item":"https:\/\/blogg.svenskakyrkan.se\/vandravagen\/"},{"@type":"ListItem","position":2,"name":"Ida Berggren -Ett inl\u00e4gg om att landa."}]},{"@type":"WebSite","@id":"https:\/\/blogg.svenskakyrkan.se\/vandravagen\/#website","url":"https:\/\/blogg.svenskakyrkan.se\/vandravagen\/","name":"Vandra V\u00e4gen","description":"-Mot en tro f\u00f6r hela livet","publisher":{"@id":"https:\/\/blogg.svenskakyrkan.se\/vandravagen\/#organization"},"potentialAction":[{"@type":"SearchAction","target":{"@type":"EntryPoint","urlTemplate":"https:\/\/blogg.svenskakyrkan.se\/vandravagen\/?s={search_term_string}"},"query-input":{"@type":"PropertyValueSpecification","valueRequired":true,"valueName":"search_term_string"}}],"inLanguage":"sv-SE"},{"@type":"Organization","@id":"https:\/\/blogg.svenskakyrkan.se\/vandravagen\/#organization","name":"ulricehamns pastorat","alternateName":"ulricehamns pastorat","url":"https:\/\/blogg.svenskakyrkan.se\/vandravagen\/","logo":{"@type":"ImageObject","inLanguage":"sv-SE","@id":"https:\/\/blogg.svenskakyrkan.se\/vandravagen\/#\/schema\/logo\/image\/","url":"https:\/\/blogg.svenskakyrkan.se\/vandravagen\/files\/2023\/05\/Ulr_logo_RGB.png","contentUrl":"https:\/\/blogg.svenskakyrkan.se\/vandravagen\/files\/2023\/05\/Ulr_logo_RGB.png","width":205,"height":77,"caption":"ulricehamns pastorat"},"image":{"@id":"https:\/\/blogg.svenskakyrkan.se\/vandravagen\/#\/schema\/logo\/image\/"},"sameAs":["http:\/\/facebook.com\/vandravagen","https:\/\/x.com\/fadertomas","http:\/\/www.facebook.com\/svenskakyrkaniulricehamn"]},{"@type":"Person","@id":"https:\/\/blogg.svenskakyrkan.se\/vandravagen\/#\/schema\/person\/25da02d4f76b137d04291711e2c9fc16","name":"Tomas Jarvid","image":{"@type":"ImageObject","inLanguage":"sv-SE","@id":"https:\/\/blogg.svenskakyrkan.se\/vandravagen\/#\/schema\/person\/image\/","url":"https:\/\/secure.gravatar.com\/avatar\/7fa71899795e8f540f615a1f5ab25255dc27aa40f05ee7ddd21aac521e01bf50?s=96&d=identicon&r=g","contentUrl":"https:\/\/secure.gravatar.com\/avatar\/7fa71899795e8f540f615a1f5ab25255dc27aa40f05ee7ddd21aac521e01bf50?s=96&d=identicon&r=g","caption":"Tomas Jarvid"},"description":"Jag bor i Ulricehamn i V\u00e4sterg\u00f6tland och \u00e4r f\u00f6rsamlingspr\u00e4st i Svenska Kyrkan f\u00f6r Dalstorps f\u00f6rsamling i Kinds pastorat. P\u00e5 den h\u00e4r bloggen skriver jag ner tankar om vandringen som kristen.","sameAs":["http:\/\/www.vandravagen.se"],"url":"https:\/\/blogg.svenskakyrkan.se\/vandravagen\/author\/vandravagen\/"}]}},"author_meta":{"ID":"392","user_nicename":"vandravagen","user_url":"http:\/\/www.vandravagen.se","user_registered":"2014-05-19 05:44:52","display_name":"Tomas Jarvid","first_name":"Tomas","last_name":"Jarvid","avatar":"https:\/\/secure.gravatar.com\/avatar\/7fa71899795e8f540f615a1f5ab25255dc27aa40f05ee7ddd21aac521e01bf50?s=96&d=identicon&r=g"},"featured_image":false,"bloginfo":{"name":"Vandra V\u00e4gen","url":"https:\/\/blogg.svenskakyrkan.se\/vandravagen"},"_links":{"self":[{"href":"https:\/\/blogg.svenskakyrkan.se\/vandravagen\/wp-json\/wp\/v2\/posts\/821","targetHints":{"allow":["GET"]}}],"collection":[{"href":"https:\/\/blogg.svenskakyrkan.se\/vandravagen\/wp-json\/wp\/v2\/posts"}],"about":[{"href":"https:\/\/blogg.svenskakyrkan.se\/vandravagen\/wp-json\/wp\/v2\/types\/post"}],"author":[{"embeddable":true,"href":"https:\/\/blogg.svenskakyrkan.se\/vandravagen\/wp-json\/wp\/v2\/users\/392"}],"replies":[{"embeddable":true,"href":"https:\/\/blogg.svenskakyrkan.se\/vandravagen\/wp-json\/wp\/v2\/comments?post=821"}],"version-history":[{"count":0,"href":"https:\/\/blogg.svenskakyrkan.se\/vandravagen\/wp-json\/wp\/v2\/posts\/821\/revisions"}],"wp:attachment":[{"href":"https:\/\/blogg.svenskakyrkan.se\/vandravagen\/wp-json\/wp\/v2\/media?parent=821"}],"wp:term":[{"taxonomy":"category","embeddable":true,"href":"https:\/\/blogg.svenskakyrkan.se\/vandravagen\/wp-json\/wp\/v2\/categories?post=821"},{"taxonomy":"post_tag","embeddable":true,"href":"https:\/\/blogg.svenskakyrkan.se\/vandravagen\/wp-json\/wp\/v2\/tags?post=821"}],"curies":[{"name":"wp","href":"https:\/\/api.w.org\/{rel}","templated":true}]}}