{"id":822,"date":"2012-12-10T19:38:00","date_gmt":"2012-12-10T18:38:00","guid":{"rendered":"http:\/\/blogg.svenskakyrkan.se\/vandravagen\/2012\/12\/10\/ekosystemstjanster-en-prasts-tankar\/"},"modified":"2012-12-10T19:38:00","modified_gmt":"2012-12-10T18:38:00","slug":"ekosystemstjanster-en-prasts-tankar","status":"publish","type":"post","link":"https:\/\/blogg.svenskakyrkan.se\/vandravagen\/2012\/12\/10\/ekosystemstjanster-en-prasts-tankar\/","title":{"rendered":"Ekosystemstj\u00e4nster, en pr\u00e4sts tankar"},"content":{"rendered":"<table align=\"center\" cellpadding=\"0\" cellspacing=\"0\">\n<tbody>\n<tr>\n<td><a href=\"http:\/\/2.bp.blogspot.com\/-0U7-pa7SSHw\/T6ltPLdYAGI\/AAAAAAAAALE\/-sfKgUZba6Y\/s1600\/sp%25C3%25A5ng3.jpg\"><img loading=\"lazy\" decoding=\"async\" border=\"0\" height=\"298\" src=\"http:\/\/2.bp.blogspot.com\/-0U7-pa7SSHw\/T6ltPLdYAGI\/AAAAAAAAALE\/-sfKgUZba6Y\/s400\/sp%25C3%25A5ng3.jpg\" width=\"400\"><\/a><\/td>\n<\/tr>\n<tr>\n<td>Komosse, en skyddad och nyttig mosse. Dessb\u00e4ttre skyddad.<\/td>\n<\/tr>\n<\/tbody>\n<\/table>\n<p>Det talas ibland om ekosystemstj\u00e4nster. S\u00e5dant som naturen servar m\u00e4nniskan med alldeles gratis om den f\u00e5r fungera ost\u00f6rt. Mossar som renar vatten, bin som pollinerar m\u00e4ngder av insekter (en ber\u00e4kning s\u00e4ger att bin producerar honung f\u00f6r 100 miljoner kronor per \u00e5r men att polineringen \u00e4r v\u00e4rd m\u00e5nga g\u00e5nger mer \u00e4n s\u00e5 f\u00f6r b\u00f6nder och odlare i v\u00e5rt land. Helt gratis.).<\/p>\n<p>Anledningen till att termen myntats \u00e4r f\u00f6rst\u00e5s att ekosystem hotas alltmer och att det riskerar att leda till b\u00e5de milj\u00f6m\u00e4ssig OCH ekonomisk katastrof eftersom vi, \u00e4ven om vi inte l\u00e5tsas om det v\u00e4rst mycket, faktiskt \u00e4r helt beroende av jorden f\u00f6r v\u00e5r \u00f6verlevnad.<\/p>\n<p>Jag h\u00f6rde nyligen om ekosystemstj\u00e4nster p\u00e5 radioprogrammet klotet (<a href=\"http:\/\/api.sr.se\/api\/rssfeed\/rssfeed.aspx?poddfeed=6230\">h\u00e4r \u00e4r programmet<\/a>). En forskare sysslade med att omr\u00e4kna olika naturresurser i vad de ger i pengar p\u00e5 ett motsvarande s\u00e4tt som bina ovan.<\/p>\n<p>Man kan tycka att det \u00e4r rimligt och rationellt. Om vi synligg\u00f6r det ekonomiska v\u00e4rdet som \u00e4r hotat finns det ekonomiskt incitament att skydda naturen, s\u00e5 \u00e4r tanken. Men jag tror att det \u00e4r en farlig v\u00e4g \u00e4ven om mycket talar f\u00f6r att ekonomiskt v\u00e4rde \u00e4r det enda v\u00e4rde som marknaden f\u00f6rst\u00e5r sig p\u00e5.<\/p>\n<p>V\u00e5r v\u00e4sterl\u00e4ndska marknadsekonomi lever i f\u00f6rest\u00e4llningen att allt kan k\u00f6pas med pengar. Pengar \u00e4r det ultimata l\u00f6sningsmedlet som allt kan bed\u00f6mas utifr\u00e5n. Vi kan s\u00e4tta en prislapp p\u00e5 tid vi befinner oss p\u00e5 arbetet, p\u00e5 en bit mark som fanns d\u00e4r l\u00e5ngt f\u00f6re oss och finns kvar l\u00e5ngt efter oss och p\u00e5 mycket annat. Alltmer sprider sig tanken att allt kan r\u00e4knas om i pengar. Och det \u00e4r det som \u00e4r s\u00e5 skr\u00e4mmande med tanken p\u00e5 priss\u00e4ttning av ekosystemstj\u00e4nsterna.<\/p>\n<p>Det handlar om en l\u00f6sning byggt p\u00e5 samma logik som skapade problemet. Vad h\u00e4nder sedan? Kommer f\u00f6retag kunna k\u00f6pa och \u00e4ga ekosystemtj\u00e4nsterna n\u00e4r priset \u00e4r utr\u00e4knat? Vad h\u00e4nder om man kommer fram till att man inte &#8221;har r\u00e5d&#8221; att skydda naturen?<\/p>\n<p>I psaltaren 24 st\u00e5r det: &#8221;Jorden \u00e4r Herrens med allt vad den rymmer, v\u00e4rlden och alla som bor i den.&#8221;<\/p>\n<p>Vad som beh\u00f6vs \u00e4r inte mer av samma logik utan besinning. En gr\u00e4ns f\u00f6r girigheten och insikten om att en del saker inte kan k\u00f6pas f\u00f6r pengar. \u00c4r de borta \u00e4r de borta. Naturen \u00e4r helig, den har ett v\u00e4rde oavsett oss m\u00e4nniskor. Ett egenv\u00e4rde. M\u00e4nniskans giriga fingrar har inte r\u00e4tt att tafsa p\u00e5 vad de vill.<\/p>\n<p>Jag rekommenderar den som vill t\u00e4nka vidare att l\u00e4sa Mikael Kurkialas bok &#8221;<a href=\"http:\/\/www.bokus.com\/bok\/9789173249607\/i-varje-trumslag-jordens-puls-om-var-tids-radsla-for-skillnader\/\">I varje trumslag jordens puls<\/a>&#8221;, eller n\u00e5gon av Arne Naess b\u00f6cker om Ekosofi.<\/p>\n<p>Har du h\u00f6rt talas om begreppet ekosystemtj\u00e4nster innan? Vad t\u00e4nker du om det?<\/p>\n","protected":false},"excerpt":{"rendered":"<p>Komosse, en skyddad och nyttig mosse. Dessb\u00e4ttre skyddad. Det talas ibland om ekosystemstj\u00e4nster. S\u00e5dant som naturen servar m\u00e4nniskan med alldeles gratis om den f\u00e5r fungera ost\u00f6rt. Mossar som renar vatten, bin som pollinerar m\u00e4ngder av insekter (en ber\u00e4kning s\u00e4ger att bin producerar honung f\u00f6r 100 miljoner kronor per \u00e5r men att polineringen \u00e4r v\u00e4rd m\u00e5nga [&hellip;]<\/p>\n","protected":false},"author":392,"featured_media":0,"comment_status":"open","ping_status":"open","sticky":false,"template":"","format":"standard","meta":{"_acf_changed":false,"footnotes":""},"categories":[75887,117,77554],"tags":[],"class_list":["post-822","post","type-post","status-publish","format-standard","hentry","category-andlighet","category-teologi","category-vara-manniska"],"acf":[],"yoast_head":"<!-- This site is optimized with the Yoast SEO plugin v27.1.1 - https:\/\/yoast.com\/product\/yoast-seo-wordpress\/ -->\n<title>Ekosystemstj\u00e4nster, en pr\u00e4sts tankar - Vandra V\u00e4gen<\/title>\n<meta name=\"robots\" content=\"index, follow, max-snippet:-1, max-image-preview:large, max-video-preview:-1\" \/>\n<link rel=\"canonical\" href=\"https:\/\/blogg.svenskakyrkan.se\/vandravagen\/2012\/12\/10\/ekosystemstjanster-en-prasts-tankar\/\" \/>\n<meta property=\"og:locale\" content=\"sv_SE\" \/>\n<meta property=\"og:type\" content=\"article\" \/>\n<meta property=\"og:title\" content=\"Ekosystemstj\u00e4nster, en pr\u00e4sts tankar - Vandra V\u00e4gen\" \/>\n<meta property=\"og:description\" content=\"Komosse, en skyddad och nyttig mosse. Dessb\u00e4ttre skyddad. Det talas ibland om ekosystemstj\u00e4nster. S\u00e5dant som naturen servar m\u00e4nniskan med alldeles gratis om den f\u00e5r fungera ost\u00f6rt. Mossar som renar vatten, bin som pollinerar m\u00e4ngder av insekter (en ber\u00e4kning s\u00e4ger att bin producerar honung f\u00f6r 100 miljoner kronor per \u00e5r men att polineringen \u00e4r v\u00e4rd m\u00e5nga [&hellip;]\" \/>\n<meta property=\"og:url\" content=\"https:\/\/blogg.svenskakyrkan.se\/vandravagen\/2012\/12\/10\/ekosystemstjanster-en-prasts-tankar\/\" \/>\n<meta property=\"og:site_name\" content=\"Vandra V\u00e4gen\" \/>\n<meta property=\"article:publisher\" content=\"http:\/\/facebook.com\/vandravagen\" \/>\n<meta property=\"article:published_time\" content=\"2012-12-10T18:38:00+00:00\" \/>\n<meta property=\"og:image\" content=\"http:\/\/2.bp.blogspot.com\/-0U7-pa7SSHw\/T6ltPLdYAGI\/AAAAAAAAALE\/-sfKgUZba6Y\/s400\/sp%25C3%25A5ng3.jpg\" \/>\n<meta name=\"author\" content=\"Tomas Jarvid\" \/>\n<meta name=\"twitter:card\" content=\"summary_large_image\" \/>\n<meta name=\"twitter:creator\" content=\"@fadertomas\" \/>\n<meta name=\"twitter:site\" content=\"@fadertomas\" \/>\n<meta name=\"twitter:label1\" content=\"Skriven av\" \/>\n\t<meta name=\"twitter:data1\" content=\"Tomas Jarvid\" \/>\n\t<meta name=\"twitter:label2\" content=\"Ber\u00e4knad l\u00e4stid\" \/>\n\t<meta name=\"twitter:data2\" content=\"3 minuter\" \/>\n<script type=\"application\/ld+json\" class=\"yoast-schema-graph\">{\"@context\":\"https:\/\/schema.org\",\"@graph\":[{\"@type\":\"Article\",\"@id\":\"https:\/\/blogg.svenskakyrkan.se\/vandravagen\/2012\/12\/10\/ekosystemstjanster-en-prasts-tankar\/#article\",\"isPartOf\":{\"@id\":\"https:\/\/blogg.svenskakyrkan.se\/vandravagen\/2012\/12\/10\/ekosystemstjanster-en-prasts-tankar\/\"},\"author\":{\"name\":\"Tomas Jarvid\",\"@id\":\"https:\/\/blogg.svenskakyrkan.se\/vandravagen\/#\/schema\/person\/25da02d4f76b137d04291711e2c9fc16\"},\"headline\":\"Ekosystemstj\u00e4nster, en pr\u00e4sts tankar\",\"datePublished\":\"2012-12-10T18:38:00+00:00\",\"mainEntityOfPage\":{\"@id\":\"https:\/\/blogg.svenskakyrkan.se\/vandravagen\/2012\/12\/10\/ekosystemstjanster-en-prasts-tankar\/\"},\"wordCount\":520,\"commentCount\":1,\"publisher\":{\"@id\":\"https:\/\/blogg.svenskakyrkan.se\/vandravagen\/#organization\"},\"image\":{\"@id\":\"https:\/\/blogg.svenskakyrkan.se\/vandravagen\/2012\/12\/10\/ekosystemstjanster-en-prasts-tankar\/#primaryimage\"},\"thumbnailUrl\":\"http:\/\/2.bp.blogspot.com\/-0U7-pa7SSHw\/T6ltPLdYAGI\/AAAAAAAAALE\/-sfKgUZba6Y\/s400\/sp%25C3%25A5ng3.jpg\",\"articleSection\":[\"andlighet\",\"Teologi\",\"vara m\u00e4nniska\"],\"inLanguage\":\"sv-SE\",\"potentialAction\":[{\"@type\":\"CommentAction\",\"name\":\"Comment\",\"target\":[\"https:\/\/blogg.svenskakyrkan.se\/vandravagen\/2012\/12\/10\/ekosystemstjanster-en-prasts-tankar\/#respond\"]}]},{\"@type\":\"WebPage\",\"@id\":\"https:\/\/blogg.svenskakyrkan.se\/vandravagen\/2012\/12\/10\/ekosystemstjanster-en-prasts-tankar\/\",\"url\":\"https:\/\/blogg.svenskakyrkan.se\/vandravagen\/2012\/12\/10\/ekosystemstjanster-en-prasts-tankar\/\",\"name\":\"Ekosystemstj\u00e4nster, en pr\u00e4sts tankar - Vandra V\u00e4gen\",\"isPartOf\":{\"@id\":\"https:\/\/blogg.svenskakyrkan.se\/vandravagen\/#website\"},\"primaryImageOfPage\":{\"@id\":\"https:\/\/blogg.svenskakyrkan.se\/vandravagen\/2012\/12\/10\/ekosystemstjanster-en-prasts-tankar\/#primaryimage\"},\"image\":{\"@id\":\"https:\/\/blogg.svenskakyrkan.se\/vandravagen\/2012\/12\/10\/ekosystemstjanster-en-prasts-tankar\/#primaryimage\"},\"thumbnailUrl\":\"http:\/\/2.bp.blogspot.com\/-0U7-pa7SSHw\/T6ltPLdYAGI\/AAAAAAAAALE\/-sfKgUZba6Y\/s400\/sp%25C3%25A5ng3.jpg\",\"datePublished\":\"2012-12-10T18:38:00+00:00\",\"breadcrumb\":{\"@id\":\"https:\/\/blogg.svenskakyrkan.se\/vandravagen\/2012\/12\/10\/ekosystemstjanster-en-prasts-tankar\/#breadcrumb\"},\"inLanguage\":\"sv-SE\",\"potentialAction\":[{\"@type\":\"ReadAction\",\"target\":[\"https:\/\/blogg.svenskakyrkan.se\/vandravagen\/2012\/12\/10\/ekosystemstjanster-en-prasts-tankar\/\"]}]},{\"@type\":\"ImageObject\",\"inLanguage\":\"sv-SE\",\"@id\":\"https:\/\/blogg.svenskakyrkan.se\/vandravagen\/2012\/12\/10\/ekosystemstjanster-en-prasts-tankar\/#primaryimage\",\"url\":\"http:\/\/2.bp.blogspot.com\/-0U7-pa7SSHw\/T6ltPLdYAGI\/AAAAAAAAALE\/-sfKgUZba6Y\/s400\/sp%25C3%25A5ng3.jpg\",\"contentUrl\":\"http:\/\/2.bp.blogspot.com\/-0U7-pa7SSHw\/T6ltPLdYAGI\/AAAAAAAAALE\/-sfKgUZba6Y\/s400\/sp%25C3%25A5ng3.jpg\"},{\"@type\":\"BreadcrumbList\",\"@id\":\"https:\/\/blogg.svenskakyrkan.se\/vandravagen\/2012\/12\/10\/ekosystemstjanster-en-prasts-tankar\/#breadcrumb\",\"itemListElement\":[{\"@type\":\"ListItem\",\"position\":1,\"name\":\"Hem\",\"item\":\"https:\/\/blogg.svenskakyrkan.se\/vandravagen\/\"},{\"@type\":\"ListItem\",\"position\":2,\"name\":\"Ekosystemstj\u00e4nster, en pr\u00e4sts tankar\"}]},{\"@type\":\"WebSite\",\"@id\":\"https:\/\/blogg.svenskakyrkan.se\/vandravagen\/#website\",\"url\":\"https:\/\/blogg.svenskakyrkan.se\/vandravagen\/\",\"name\":\"Vandra V\u00e4gen\",\"description\":\"-Mot en tro f\u00f6r hela livet\",\"publisher\":{\"@id\":\"https:\/\/blogg.svenskakyrkan.se\/vandravagen\/#organization\"},\"potentialAction\":[{\"@type\":\"SearchAction\",\"target\":{\"@type\":\"EntryPoint\",\"urlTemplate\":\"https:\/\/blogg.svenskakyrkan.se\/vandravagen\/?s={search_term_string}\"},\"query-input\":{\"@type\":\"PropertyValueSpecification\",\"valueRequired\":true,\"valueName\":\"search_term_string\"}}],\"inLanguage\":\"sv-SE\"},{\"@type\":\"Organization\",\"@id\":\"https:\/\/blogg.svenskakyrkan.se\/vandravagen\/#organization\",\"name\":\"ulricehamns pastorat\",\"alternateName\":\"ulricehamns pastorat\",\"url\":\"https:\/\/blogg.svenskakyrkan.se\/vandravagen\/\",\"logo\":{\"@type\":\"ImageObject\",\"inLanguage\":\"sv-SE\",\"@id\":\"https:\/\/blogg.svenskakyrkan.se\/vandravagen\/#\/schema\/logo\/image\/\",\"url\":\"https:\/\/blogg.svenskakyrkan.se\/vandravagen\/files\/2023\/05\/Ulr_logo_RGB.png\",\"contentUrl\":\"https:\/\/blogg.svenskakyrkan.se\/vandravagen\/files\/2023\/05\/Ulr_logo_RGB.png\",\"width\":205,\"height\":77,\"caption\":\"ulricehamns pastorat\"},\"image\":{\"@id\":\"https:\/\/blogg.svenskakyrkan.se\/vandravagen\/#\/schema\/logo\/image\/\"},\"sameAs\":[\"http:\/\/facebook.com\/vandravagen\",\"https:\/\/x.com\/fadertomas\",\"http:\/\/www.facebook.com\/svenskakyrkaniulricehamn\"]},{\"@type\":\"Person\",\"@id\":\"https:\/\/blogg.svenskakyrkan.se\/vandravagen\/#\/schema\/person\/25da02d4f76b137d04291711e2c9fc16\",\"name\":\"Tomas Jarvid\",\"image\":{\"@type\":\"ImageObject\",\"inLanguage\":\"sv-SE\",\"@id\":\"https:\/\/blogg.svenskakyrkan.se\/vandravagen\/#\/schema\/person\/image\/\",\"url\":\"https:\/\/secure.gravatar.com\/avatar\/7fa71899795e8f540f615a1f5ab25255dc27aa40f05ee7ddd21aac521e01bf50?s=96&d=identicon&r=g\",\"contentUrl\":\"https:\/\/secure.gravatar.com\/avatar\/7fa71899795e8f540f615a1f5ab25255dc27aa40f05ee7ddd21aac521e01bf50?s=96&d=identicon&r=g\",\"caption\":\"Tomas Jarvid\"},\"description\":\"Jag bor i Ulricehamn i V\u00e4sterg\u00f6tland och \u00e4r f\u00f6rsamlingspr\u00e4st i Svenska Kyrkan f\u00f6r Dalstorps f\u00f6rsamling i Kinds pastorat. P\u00e5 den h\u00e4r bloggen skriver jag ner tankar om vandringen som kristen.\",\"sameAs\":[\"http:\/\/www.vandravagen.se\"],\"url\":\"https:\/\/blogg.svenskakyrkan.se\/vandravagen\/author\/vandravagen\/\"}]}<\/script>\n<!-- \/ Yoast SEO plugin. -->","yoast_head_json":{"title":"Ekosystemstj\u00e4nster, en pr\u00e4sts tankar - Vandra V\u00e4gen","robots":{"index":"index","follow":"follow","max-snippet":"max-snippet:-1","max-image-preview":"max-image-preview:large","max-video-preview":"max-video-preview:-1"},"canonical":"https:\/\/blogg.svenskakyrkan.se\/vandravagen\/2012\/12\/10\/ekosystemstjanster-en-prasts-tankar\/","og_locale":"sv_SE","og_type":"article","og_title":"Ekosystemstj\u00e4nster, en pr\u00e4sts tankar - Vandra V\u00e4gen","og_description":"Komosse, en skyddad och nyttig mosse. Dessb\u00e4ttre skyddad. Det talas ibland om ekosystemstj\u00e4nster. S\u00e5dant som naturen servar m\u00e4nniskan med alldeles gratis om den f\u00e5r fungera ost\u00f6rt. Mossar som renar vatten, bin som pollinerar m\u00e4ngder av insekter (en ber\u00e4kning s\u00e4ger att bin producerar honung f\u00f6r 100 miljoner kronor per \u00e5r men att polineringen \u00e4r v\u00e4rd m\u00e5nga [&hellip;]","og_url":"https:\/\/blogg.svenskakyrkan.se\/vandravagen\/2012\/12\/10\/ekosystemstjanster-en-prasts-tankar\/","og_site_name":"Vandra V\u00e4gen","article_publisher":"http:\/\/facebook.com\/vandravagen","article_published_time":"2012-12-10T18:38:00+00:00","og_image":[{"url":"http:\/\/2.bp.blogspot.com\/-0U7-pa7SSHw\/T6ltPLdYAGI\/AAAAAAAAALE\/-sfKgUZba6Y\/s400\/sp%25C3%25A5ng3.jpg","type":"","width":"","height":""}],"author":"Tomas Jarvid","twitter_card":"summary_large_image","twitter_creator":"@fadertomas","twitter_site":"@fadertomas","twitter_misc":{"Skriven av":"Tomas Jarvid","Ber\u00e4knad l\u00e4stid":"3 minuter"},"schema":{"@context":"https:\/\/schema.org","@graph":[{"@type":"Article","@id":"https:\/\/blogg.svenskakyrkan.se\/vandravagen\/2012\/12\/10\/ekosystemstjanster-en-prasts-tankar\/#article","isPartOf":{"@id":"https:\/\/blogg.svenskakyrkan.se\/vandravagen\/2012\/12\/10\/ekosystemstjanster-en-prasts-tankar\/"},"author":{"name":"Tomas Jarvid","@id":"https:\/\/blogg.svenskakyrkan.se\/vandravagen\/#\/schema\/person\/25da02d4f76b137d04291711e2c9fc16"},"headline":"Ekosystemstj\u00e4nster, en pr\u00e4sts tankar","datePublished":"2012-12-10T18:38:00+00:00","mainEntityOfPage":{"@id":"https:\/\/blogg.svenskakyrkan.se\/vandravagen\/2012\/12\/10\/ekosystemstjanster-en-prasts-tankar\/"},"wordCount":520,"commentCount":1,"publisher":{"@id":"https:\/\/blogg.svenskakyrkan.se\/vandravagen\/#organization"},"image":{"@id":"https:\/\/blogg.svenskakyrkan.se\/vandravagen\/2012\/12\/10\/ekosystemstjanster-en-prasts-tankar\/#primaryimage"},"thumbnailUrl":"http:\/\/2.bp.blogspot.com\/-0U7-pa7SSHw\/T6ltPLdYAGI\/AAAAAAAAALE\/-sfKgUZba6Y\/s400\/sp%25C3%25A5ng3.jpg","articleSection":["andlighet","Teologi","vara m\u00e4nniska"],"inLanguage":"sv-SE","potentialAction":[{"@type":"CommentAction","name":"Comment","target":["https:\/\/blogg.svenskakyrkan.se\/vandravagen\/2012\/12\/10\/ekosystemstjanster-en-prasts-tankar\/#respond"]}]},{"@type":"WebPage","@id":"https:\/\/blogg.svenskakyrkan.se\/vandravagen\/2012\/12\/10\/ekosystemstjanster-en-prasts-tankar\/","url":"https:\/\/blogg.svenskakyrkan.se\/vandravagen\/2012\/12\/10\/ekosystemstjanster-en-prasts-tankar\/","name":"Ekosystemstj\u00e4nster, en pr\u00e4sts tankar - Vandra V\u00e4gen","isPartOf":{"@id":"https:\/\/blogg.svenskakyrkan.se\/vandravagen\/#website"},"primaryImageOfPage":{"@id":"https:\/\/blogg.svenskakyrkan.se\/vandravagen\/2012\/12\/10\/ekosystemstjanster-en-prasts-tankar\/#primaryimage"},"image":{"@id":"https:\/\/blogg.svenskakyrkan.se\/vandravagen\/2012\/12\/10\/ekosystemstjanster-en-prasts-tankar\/#primaryimage"},"thumbnailUrl":"http:\/\/2.bp.blogspot.com\/-0U7-pa7SSHw\/T6ltPLdYAGI\/AAAAAAAAALE\/-sfKgUZba6Y\/s400\/sp%25C3%25A5ng3.jpg","datePublished":"2012-12-10T18:38:00+00:00","breadcrumb":{"@id":"https:\/\/blogg.svenskakyrkan.se\/vandravagen\/2012\/12\/10\/ekosystemstjanster-en-prasts-tankar\/#breadcrumb"},"inLanguage":"sv-SE","potentialAction":[{"@type":"ReadAction","target":["https:\/\/blogg.svenskakyrkan.se\/vandravagen\/2012\/12\/10\/ekosystemstjanster-en-prasts-tankar\/"]}]},{"@type":"ImageObject","inLanguage":"sv-SE","@id":"https:\/\/blogg.svenskakyrkan.se\/vandravagen\/2012\/12\/10\/ekosystemstjanster-en-prasts-tankar\/#primaryimage","url":"http:\/\/2.bp.blogspot.com\/-0U7-pa7SSHw\/T6ltPLdYAGI\/AAAAAAAAALE\/-sfKgUZba6Y\/s400\/sp%25C3%25A5ng3.jpg","contentUrl":"http:\/\/2.bp.blogspot.com\/-0U7-pa7SSHw\/T6ltPLdYAGI\/AAAAAAAAALE\/-sfKgUZba6Y\/s400\/sp%25C3%25A5ng3.jpg"},{"@type":"BreadcrumbList","@id":"https:\/\/blogg.svenskakyrkan.se\/vandravagen\/2012\/12\/10\/ekosystemstjanster-en-prasts-tankar\/#breadcrumb","itemListElement":[{"@type":"ListItem","position":1,"name":"Hem","item":"https:\/\/blogg.svenskakyrkan.se\/vandravagen\/"},{"@type":"ListItem","position":2,"name":"Ekosystemstj\u00e4nster, en pr\u00e4sts tankar"}]},{"@type":"WebSite","@id":"https:\/\/blogg.svenskakyrkan.se\/vandravagen\/#website","url":"https:\/\/blogg.svenskakyrkan.se\/vandravagen\/","name":"Vandra V\u00e4gen","description":"-Mot en tro f\u00f6r hela livet","publisher":{"@id":"https:\/\/blogg.svenskakyrkan.se\/vandravagen\/#organization"},"potentialAction":[{"@type":"SearchAction","target":{"@type":"EntryPoint","urlTemplate":"https:\/\/blogg.svenskakyrkan.se\/vandravagen\/?s={search_term_string}"},"query-input":{"@type":"PropertyValueSpecification","valueRequired":true,"valueName":"search_term_string"}}],"inLanguage":"sv-SE"},{"@type":"Organization","@id":"https:\/\/blogg.svenskakyrkan.se\/vandravagen\/#organization","name":"ulricehamns pastorat","alternateName":"ulricehamns pastorat","url":"https:\/\/blogg.svenskakyrkan.se\/vandravagen\/","logo":{"@type":"ImageObject","inLanguage":"sv-SE","@id":"https:\/\/blogg.svenskakyrkan.se\/vandravagen\/#\/schema\/logo\/image\/","url":"https:\/\/blogg.svenskakyrkan.se\/vandravagen\/files\/2023\/05\/Ulr_logo_RGB.png","contentUrl":"https:\/\/blogg.svenskakyrkan.se\/vandravagen\/files\/2023\/05\/Ulr_logo_RGB.png","width":205,"height":77,"caption":"ulricehamns pastorat"},"image":{"@id":"https:\/\/blogg.svenskakyrkan.se\/vandravagen\/#\/schema\/logo\/image\/"},"sameAs":["http:\/\/facebook.com\/vandravagen","https:\/\/x.com\/fadertomas","http:\/\/www.facebook.com\/svenskakyrkaniulricehamn"]},{"@type":"Person","@id":"https:\/\/blogg.svenskakyrkan.se\/vandravagen\/#\/schema\/person\/25da02d4f76b137d04291711e2c9fc16","name":"Tomas Jarvid","image":{"@type":"ImageObject","inLanguage":"sv-SE","@id":"https:\/\/blogg.svenskakyrkan.se\/vandravagen\/#\/schema\/person\/image\/","url":"https:\/\/secure.gravatar.com\/avatar\/7fa71899795e8f540f615a1f5ab25255dc27aa40f05ee7ddd21aac521e01bf50?s=96&d=identicon&r=g","contentUrl":"https:\/\/secure.gravatar.com\/avatar\/7fa71899795e8f540f615a1f5ab25255dc27aa40f05ee7ddd21aac521e01bf50?s=96&d=identicon&r=g","caption":"Tomas Jarvid"},"description":"Jag bor i Ulricehamn i V\u00e4sterg\u00f6tland och \u00e4r f\u00f6rsamlingspr\u00e4st i Svenska Kyrkan f\u00f6r Dalstorps f\u00f6rsamling i Kinds pastorat. P\u00e5 den h\u00e4r bloggen skriver jag ner tankar om vandringen som kristen.","sameAs":["http:\/\/www.vandravagen.se"],"url":"https:\/\/blogg.svenskakyrkan.se\/vandravagen\/author\/vandravagen\/"}]}},"author_meta":{"ID":"392","user_nicename":"vandravagen","user_url":"http:\/\/www.vandravagen.se","user_registered":"2014-05-19 05:44:52","display_name":"Tomas Jarvid","first_name":"Tomas","last_name":"Jarvid","avatar":"https:\/\/secure.gravatar.com\/avatar\/7fa71899795e8f540f615a1f5ab25255dc27aa40f05ee7ddd21aac521e01bf50?s=96&d=identicon&r=g"},"featured_image":false,"bloginfo":{"name":"Vandra V\u00e4gen","url":"https:\/\/blogg.svenskakyrkan.se\/vandravagen"},"_links":{"self":[{"href":"https:\/\/blogg.svenskakyrkan.se\/vandravagen\/wp-json\/wp\/v2\/posts\/822","targetHints":{"allow":["GET"]}}],"collection":[{"href":"https:\/\/blogg.svenskakyrkan.se\/vandravagen\/wp-json\/wp\/v2\/posts"}],"about":[{"href":"https:\/\/blogg.svenskakyrkan.se\/vandravagen\/wp-json\/wp\/v2\/types\/post"}],"author":[{"embeddable":true,"href":"https:\/\/blogg.svenskakyrkan.se\/vandravagen\/wp-json\/wp\/v2\/users\/392"}],"replies":[{"embeddable":true,"href":"https:\/\/blogg.svenskakyrkan.se\/vandravagen\/wp-json\/wp\/v2\/comments?post=822"}],"version-history":[{"count":0,"href":"https:\/\/blogg.svenskakyrkan.se\/vandravagen\/wp-json\/wp\/v2\/posts\/822\/revisions"}],"wp:attachment":[{"href":"https:\/\/blogg.svenskakyrkan.se\/vandravagen\/wp-json\/wp\/v2\/media?parent=822"}],"wp:term":[{"taxonomy":"category","embeddable":true,"href":"https:\/\/blogg.svenskakyrkan.se\/vandravagen\/wp-json\/wp\/v2\/categories?post=822"},{"taxonomy":"post_tag","embeddable":true,"href":"https:\/\/blogg.svenskakyrkan.se\/vandravagen\/wp-json\/wp\/v2\/tags?post=822"}],"curies":[{"name":"wp","href":"https:\/\/api.w.org\/{rel}","templated":true}]}}