{"id":823,"date":"2012-12-10T09:26:00","date_gmt":"2012-12-10T08:26:00","guid":{"rendered":"http:\/\/blogg.svenskakyrkan.se\/vandravagen\/2012\/12\/10\/buffy-the-vampire-slayer-och-kristen-tro\/"},"modified":"2012-12-10T09:26:00","modified_gmt":"2012-12-10T08:26:00","slug":"buffy-the-vampire-slayer-och-kristen-tro","status":"publish","type":"post","link":"https:\/\/blogg.svenskakyrkan.se\/vandravagen\/2012\/12\/10\/buffy-the-vampire-slayer-och-kristen-tro\/","title":{"rendered":"Buffy the vampire slayer och kristen tro"},"content":{"rendered":"<\/p>\n<table align=\"center\" cellpadding=\"0\" cellspacing=\"0\">\n<tbody>\n<tr>\n<td><a href=\"https:\/\/lh3.googleusercontent.com\/-W4Po65bSy78\/ULvKiebeInI\/AAAAAAAABO0\/UaJtjC_lKsw\/s640\/blogger-image-882946773.jpg\"><img loading=\"lazy\" decoding=\"async\" border=\"0\" height=\"298\" src=\"https:\/\/lh3.googleusercontent.com\/-W4Po65bSy78\/ULvKiebeInI\/AAAAAAAABO0\/UaJtjC_lKsw\/s400\/blogger-image-882946773.jpg\" width=\"400\"><\/a><\/td>\n<\/tr>\n<tr>\n<td>En stack vampyrserier<\/td>\n<\/tr>\n<\/tbody>\n<\/table>\n<div><\/div>\n<div>En fin sak med att bo tillf\u00e4lligt utanf\u00f6r Uppsala \u00e4r att man har tillg\u00e5ng till det fina stadsbiblioteket igen. Sist jag var dit hittade jag en hel driva med serier som s\u00e5g intressanta ut och i paniken \u00f6ver att snart \u00e5ka h\u00e4rifr\u00e5n f\u00f6r gott s\u00e5 l\u00e5nade jag rubbet. Och lyckades till slut sl\u00e4pa hem det ocks\u00e5.\u00a0<\/div>\n<div><\/div>\n<div>Bland l\u00e5nen fanns en hel h\u00f6g med album om &#8221;Buffy, the vampire slayer&#8221;, mest k\u00e4nd som tv-serie f\u00f6rst\u00e5s. I serien har Buffy lyckats \u00f6verf\u00f6ra sin slayerkraft till en massa andra tjejer ocks\u00e5 och striderna mot det onda har lyft till en helt ny skala.<\/div>\n<div><\/div>\n<div>Serierna \u00e4r bra och snygga \u00e4ven om det kanske \u00e4r lite v\u00e4l mycket ton\u00e5rstilltal f\u00f6r en gamling som jag. Jag t\u00e4nkte ist\u00e4llet n\u00e4mna n\u00e5got om vad jag som pr\u00e4st t\u00e4nker p\u00e5 efter l\u00e4sningen. L\u00e5t mig genast s\u00e4ga att jag tycker det \u00e4r r\u00e4tt ofarligt att l\u00e4sa om monster och magi i sig utan jag t\u00e4nkte mer kring vad det \u00e4r f\u00f6r slags v\u00e4rld Buffy verkar i men det \u00e4r intressant att fundera p\u00e5 varf\u00f6r den ser ut som den g\u00f6r.<\/div>\n<div><\/div>\n<div>Den v\u00e4rld som vampyrerna och dr\u00e5parna (\u00f6vers\u00e4tt coolare sj\u00e4lva om ni kan) befolkar \u00e4r en v\u00e4rld d\u00e4r magi \u00e4r n\u00e4rvarande men inte n\u00e5gon gud. I alla fall inte s\u00e5 vitt jag kunnat se. Buffy har hj\u00e4lp av sina v\u00e4nner med s\u00e5v\u00e4l magi som med profetiorna ur gamla luntor (Giles). Buffy \u00e4r ocks\u00e5 den tydligaste fr\u00e4lsaregestalten som dr\u00e4per de onda och envist k\u00e4mpar vidare mot alla odds. Och p\u00e5 ett mer existentialistiskt plan \u00e4r hon b\u00e5de en av m\u00e4nniskorna och hela tiden ensam och utanf\u00f6r p\u00e5 grund av sitt uppdrag. Det h\u00e4r \u00e4r kanske det mest intressanta draget i serien, ytterst sett st\u00e5r hon, som vi alla g\u00f6r p\u00e5 ett s\u00e4tt, ensam med det uppdrag hon f\u00e5tt.<\/div>\n<div><\/div>\n<div>P\u00e5 andra s\u00e4tt \u00e4r skillnaderna mot kristen tro desto st\u00f6rre.<\/div>\n<div><\/div>\n<div>Om jag fattat r\u00e4tt s\u00e5 bygger kampen mellan gott och ont p\u00e5 att det finns en balans som st\u00e4ndigt m\u00e5ste uppr\u00e4tth\u00e5llas. En slags yin och yang-dualism om man s\u00e5 vill.\u00a0<\/div>\n<div><\/div>\n<div>Det \u00e4r alltid intressant att fundera p\u00e5 hur &#8221;andliga&#8221; verkligheter skildras i popul\u00e4rkulturen. I en postmodern och individualistisk tid \u00e4r individen universums centrum.\u00a0<\/div>\n<div><\/div>\n<div>Har du sett tv-serien eller l\u00e4st serien?<\/div>\n","protected":false},"excerpt":{"rendered":"<p>En stack vampyrserier En fin sak med att bo tillf\u00e4lligt utanf\u00f6r Uppsala \u00e4r att man har tillg\u00e5ng till det fina stadsbiblioteket igen. Sist jag var dit hittade jag en hel driva med serier som s\u00e5g intressanta ut och i paniken \u00f6ver att snart \u00e5ka h\u00e4rifr\u00e5n f\u00f6r gott s\u00e5 l\u00e5nade jag rubbet. Och lyckades till slut [&hellip;]<\/p>\n","protected":false},"author":392,"featured_media":0,"comment_status":"open","ping_status":"open","sticky":false,"template":"","format":"standard","meta":{"_acf_changed":false,"footnotes":""},"categories":[80416,80161,117],"tags":[],"class_list":["post-823","post","type-post","status-publish","format-standard","hentry","category-serier","category-superhjaltar","category-teologi"],"acf":[],"yoast_head":"<!-- This site is optimized with the Yoast SEO plugin v27.1.1 - https:\/\/yoast.com\/product\/yoast-seo-wordpress\/ -->\n<title>Buffy the vampire slayer och kristen tro - Vandra V\u00e4gen<\/title>\n<meta name=\"robots\" content=\"index, follow, max-snippet:-1, max-image-preview:large, max-video-preview:-1\" \/>\n<link rel=\"canonical\" href=\"https:\/\/blogg.svenskakyrkan.se\/vandravagen\/2012\/12\/10\/buffy-the-vampire-slayer-och-kristen-tro\/\" \/>\n<meta property=\"og:locale\" content=\"sv_SE\" \/>\n<meta property=\"og:type\" content=\"article\" \/>\n<meta property=\"og:title\" content=\"Buffy the vampire slayer och kristen tro - Vandra V\u00e4gen\" \/>\n<meta property=\"og:description\" content=\"En stack vampyrserier En fin sak med att bo tillf\u00e4lligt utanf\u00f6r Uppsala \u00e4r att man har tillg\u00e5ng till det fina stadsbiblioteket igen. Sist jag var dit hittade jag en hel driva med serier som s\u00e5g intressanta ut och i paniken \u00f6ver att snart \u00e5ka h\u00e4rifr\u00e5n f\u00f6r gott s\u00e5 l\u00e5nade jag rubbet. Och lyckades till slut [&hellip;]\" \/>\n<meta property=\"og:url\" content=\"https:\/\/blogg.svenskakyrkan.se\/vandravagen\/2012\/12\/10\/buffy-the-vampire-slayer-och-kristen-tro\/\" \/>\n<meta property=\"og:site_name\" content=\"Vandra V\u00e4gen\" \/>\n<meta property=\"article:publisher\" content=\"http:\/\/facebook.com\/vandravagen\" \/>\n<meta property=\"article:published_time\" content=\"2012-12-10T08:26:00+00:00\" \/>\n<meta property=\"og:image\" content=\"https:\/\/lh3.googleusercontent.com\/-W4Po65bSy78\/ULvKiebeInI\/AAAAAAAABO0\/UaJtjC_lKsw\/s400\/blogger-image-882946773.jpg\" \/>\n<meta name=\"author\" content=\"Tomas Jarvid\" \/>\n<meta name=\"twitter:card\" content=\"summary_large_image\" \/>\n<meta name=\"twitter:creator\" content=\"@fadertomas\" \/>\n<meta name=\"twitter:site\" content=\"@fadertomas\" \/>\n<meta name=\"twitter:label1\" content=\"Skriven av\" \/>\n\t<meta name=\"twitter:data1\" content=\"Tomas Jarvid\" \/>\n\t<meta name=\"twitter:label2\" content=\"Ber\u00e4knad l\u00e4stid\" \/>\n\t<meta name=\"twitter:data2\" content=\"2 minuter\" \/>\n<script type=\"application\/ld+json\" class=\"yoast-schema-graph\">{\"@context\":\"https:\/\/schema.org\",\"@graph\":[{\"@type\":\"Article\",\"@id\":\"https:\/\/blogg.svenskakyrkan.se\/vandravagen\/2012\/12\/10\/buffy-the-vampire-slayer-och-kristen-tro\/#article\",\"isPartOf\":{\"@id\":\"https:\/\/blogg.svenskakyrkan.se\/vandravagen\/2012\/12\/10\/buffy-the-vampire-slayer-och-kristen-tro\/\"},\"author\":{\"name\":\"Tomas Jarvid\",\"@id\":\"https:\/\/blogg.svenskakyrkan.se\/vandravagen\/#\/schema\/person\/25da02d4f76b137d04291711e2c9fc16\"},\"headline\":\"Buffy the vampire slayer och kristen tro\",\"datePublished\":\"2012-12-10T08:26:00+00:00\",\"mainEntityOfPage\":{\"@id\":\"https:\/\/blogg.svenskakyrkan.se\/vandravagen\/2012\/12\/10\/buffy-the-vampire-slayer-och-kristen-tro\/\"},\"wordCount\":442,\"commentCount\":8,\"publisher\":{\"@id\":\"https:\/\/blogg.svenskakyrkan.se\/vandravagen\/#organization\"},\"image\":{\"@id\":\"https:\/\/blogg.svenskakyrkan.se\/vandravagen\/2012\/12\/10\/buffy-the-vampire-slayer-och-kristen-tro\/#primaryimage\"},\"thumbnailUrl\":\"https:\/\/lh3.googleusercontent.com\/-W4Po65bSy78\/ULvKiebeInI\/AAAAAAAABO0\/UaJtjC_lKsw\/s400\/blogger-image-882946773.jpg\",\"articleSection\":[\"serier\",\"superhj\u00e4ltar\",\"Teologi\"],\"inLanguage\":\"sv-SE\",\"potentialAction\":[{\"@type\":\"CommentAction\",\"name\":\"Comment\",\"target\":[\"https:\/\/blogg.svenskakyrkan.se\/vandravagen\/2012\/12\/10\/buffy-the-vampire-slayer-och-kristen-tro\/#respond\"]}]},{\"@type\":\"WebPage\",\"@id\":\"https:\/\/blogg.svenskakyrkan.se\/vandravagen\/2012\/12\/10\/buffy-the-vampire-slayer-och-kristen-tro\/\",\"url\":\"https:\/\/blogg.svenskakyrkan.se\/vandravagen\/2012\/12\/10\/buffy-the-vampire-slayer-och-kristen-tro\/\",\"name\":\"Buffy the vampire slayer och kristen tro - Vandra V\u00e4gen\",\"isPartOf\":{\"@id\":\"https:\/\/blogg.svenskakyrkan.se\/vandravagen\/#website\"},\"primaryImageOfPage\":{\"@id\":\"https:\/\/blogg.svenskakyrkan.se\/vandravagen\/2012\/12\/10\/buffy-the-vampire-slayer-och-kristen-tro\/#primaryimage\"},\"image\":{\"@id\":\"https:\/\/blogg.svenskakyrkan.se\/vandravagen\/2012\/12\/10\/buffy-the-vampire-slayer-och-kristen-tro\/#primaryimage\"},\"thumbnailUrl\":\"https:\/\/lh3.googleusercontent.com\/-W4Po65bSy78\/ULvKiebeInI\/AAAAAAAABO0\/UaJtjC_lKsw\/s400\/blogger-image-882946773.jpg\",\"datePublished\":\"2012-12-10T08:26:00+00:00\",\"breadcrumb\":{\"@id\":\"https:\/\/blogg.svenskakyrkan.se\/vandravagen\/2012\/12\/10\/buffy-the-vampire-slayer-och-kristen-tro\/#breadcrumb\"},\"inLanguage\":\"sv-SE\",\"potentialAction\":[{\"@type\":\"ReadAction\",\"target\":[\"https:\/\/blogg.svenskakyrkan.se\/vandravagen\/2012\/12\/10\/buffy-the-vampire-slayer-och-kristen-tro\/\"]}]},{\"@type\":\"ImageObject\",\"inLanguage\":\"sv-SE\",\"@id\":\"https:\/\/blogg.svenskakyrkan.se\/vandravagen\/2012\/12\/10\/buffy-the-vampire-slayer-och-kristen-tro\/#primaryimage\",\"url\":\"https:\/\/lh3.googleusercontent.com\/-W4Po65bSy78\/ULvKiebeInI\/AAAAAAAABO0\/UaJtjC_lKsw\/s400\/blogger-image-882946773.jpg\",\"contentUrl\":\"https:\/\/lh3.googleusercontent.com\/-W4Po65bSy78\/ULvKiebeInI\/AAAAAAAABO0\/UaJtjC_lKsw\/s400\/blogger-image-882946773.jpg\"},{\"@type\":\"BreadcrumbList\",\"@id\":\"https:\/\/blogg.svenskakyrkan.se\/vandravagen\/2012\/12\/10\/buffy-the-vampire-slayer-och-kristen-tro\/#breadcrumb\",\"itemListElement\":[{\"@type\":\"ListItem\",\"position\":1,\"name\":\"Hem\",\"item\":\"https:\/\/blogg.svenskakyrkan.se\/vandravagen\/\"},{\"@type\":\"ListItem\",\"position\":2,\"name\":\"Buffy the vampire slayer och kristen tro\"}]},{\"@type\":\"WebSite\",\"@id\":\"https:\/\/blogg.svenskakyrkan.se\/vandravagen\/#website\",\"url\":\"https:\/\/blogg.svenskakyrkan.se\/vandravagen\/\",\"name\":\"Vandra V\u00e4gen\",\"description\":\"-Mot en tro f\u00f6r hela livet\",\"publisher\":{\"@id\":\"https:\/\/blogg.svenskakyrkan.se\/vandravagen\/#organization\"},\"potentialAction\":[{\"@type\":\"SearchAction\",\"target\":{\"@type\":\"EntryPoint\",\"urlTemplate\":\"https:\/\/blogg.svenskakyrkan.se\/vandravagen\/?s={search_term_string}\"},\"query-input\":{\"@type\":\"PropertyValueSpecification\",\"valueRequired\":true,\"valueName\":\"search_term_string\"}}],\"inLanguage\":\"sv-SE\"},{\"@type\":\"Organization\",\"@id\":\"https:\/\/blogg.svenskakyrkan.se\/vandravagen\/#organization\",\"name\":\"ulricehamns pastorat\",\"alternateName\":\"ulricehamns pastorat\",\"url\":\"https:\/\/blogg.svenskakyrkan.se\/vandravagen\/\",\"logo\":{\"@type\":\"ImageObject\",\"inLanguage\":\"sv-SE\",\"@id\":\"https:\/\/blogg.svenskakyrkan.se\/vandravagen\/#\/schema\/logo\/image\/\",\"url\":\"https:\/\/blogg.svenskakyrkan.se\/vandravagen\/files\/2023\/05\/Ulr_logo_RGB.png\",\"contentUrl\":\"https:\/\/blogg.svenskakyrkan.se\/vandravagen\/files\/2023\/05\/Ulr_logo_RGB.png\",\"width\":205,\"height\":77,\"caption\":\"ulricehamns pastorat\"},\"image\":{\"@id\":\"https:\/\/blogg.svenskakyrkan.se\/vandravagen\/#\/schema\/logo\/image\/\"},\"sameAs\":[\"http:\/\/facebook.com\/vandravagen\",\"https:\/\/x.com\/fadertomas\",\"http:\/\/www.facebook.com\/svenskakyrkaniulricehamn\"]},{\"@type\":\"Person\",\"@id\":\"https:\/\/blogg.svenskakyrkan.se\/vandravagen\/#\/schema\/person\/25da02d4f76b137d04291711e2c9fc16\",\"name\":\"Tomas Jarvid\",\"image\":{\"@type\":\"ImageObject\",\"inLanguage\":\"sv-SE\",\"@id\":\"https:\/\/blogg.svenskakyrkan.se\/vandravagen\/#\/schema\/person\/image\/\",\"url\":\"https:\/\/secure.gravatar.com\/avatar\/7fa71899795e8f540f615a1f5ab25255dc27aa40f05ee7ddd21aac521e01bf50?s=96&d=identicon&r=g\",\"contentUrl\":\"https:\/\/secure.gravatar.com\/avatar\/7fa71899795e8f540f615a1f5ab25255dc27aa40f05ee7ddd21aac521e01bf50?s=96&d=identicon&r=g\",\"caption\":\"Tomas Jarvid\"},\"description\":\"Jag bor i Ulricehamn i V\u00e4sterg\u00f6tland och \u00e4r f\u00f6rsamlingspr\u00e4st i Svenska Kyrkan f\u00f6r Dalstorps f\u00f6rsamling i Kinds pastorat. P\u00e5 den h\u00e4r bloggen skriver jag ner tankar om vandringen som kristen.\",\"sameAs\":[\"http:\/\/www.vandravagen.se\"],\"url\":\"https:\/\/blogg.svenskakyrkan.se\/vandravagen\/author\/vandravagen\/\"}]}<\/script>\n<!-- \/ Yoast SEO plugin. -->","yoast_head_json":{"title":"Buffy the vampire slayer och kristen tro - Vandra V\u00e4gen","robots":{"index":"index","follow":"follow","max-snippet":"max-snippet:-1","max-image-preview":"max-image-preview:large","max-video-preview":"max-video-preview:-1"},"canonical":"https:\/\/blogg.svenskakyrkan.se\/vandravagen\/2012\/12\/10\/buffy-the-vampire-slayer-och-kristen-tro\/","og_locale":"sv_SE","og_type":"article","og_title":"Buffy the vampire slayer och kristen tro - Vandra V\u00e4gen","og_description":"En stack vampyrserier En fin sak med att bo tillf\u00e4lligt utanf\u00f6r Uppsala \u00e4r att man har tillg\u00e5ng till det fina stadsbiblioteket igen. Sist jag var dit hittade jag en hel driva med serier som s\u00e5g intressanta ut och i paniken \u00f6ver att snart \u00e5ka h\u00e4rifr\u00e5n f\u00f6r gott s\u00e5 l\u00e5nade jag rubbet. Och lyckades till slut [&hellip;]","og_url":"https:\/\/blogg.svenskakyrkan.se\/vandravagen\/2012\/12\/10\/buffy-the-vampire-slayer-och-kristen-tro\/","og_site_name":"Vandra V\u00e4gen","article_publisher":"http:\/\/facebook.com\/vandravagen","article_published_time":"2012-12-10T08:26:00+00:00","og_image":[{"url":"https:\/\/lh3.googleusercontent.com\/-W4Po65bSy78\/ULvKiebeInI\/AAAAAAAABO0\/UaJtjC_lKsw\/s400\/blogger-image-882946773.jpg","type":"","width":"","height":""}],"author":"Tomas Jarvid","twitter_card":"summary_large_image","twitter_creator":"@fadertomas","twitter_site":"@fadertomas","twitter_misc":{"Skriven av":"Tomas Jarvid","Ber\u00e4knad l\u00e4stid":"2 minuter"},"schema":{"@context":"https:\/\/schema.org","@graph":[{"@type":"Article","@id":"https:\/\/blogg.svenskakyrkan.se\/vandravagen\/2012\/12\/10\/buffy-the-vampire-slayer-och-kristen-tro\/#article","isPartOf":{"@id":"https:\/\/blogg.svenskakyrkan.se\/vandravagen\/2012\/12\/10\/buffy-the-vampire-slayer-och-kristen-tro\/"},"author":{"name":"Tomas Jarvid","@id":"https:\/\/blogg.svenskakyrkan.se\/vandravagen\/#\/schema\/person\/25da02d4f76b137d04291711e2c9fc16"},"headline":"Buffy the vampire slayer och kristen tro","datePublished":"2012-12-10T08:26:00+00:00","mainEntityOfPage":{"@id":"https:\/\/blogg.svenskakyrkan.se\/vandravagen\/2012\/12\/10\/buffy-the-vampire-slayer-och-kristen-tro\/"},"wordCount":442,"commentCount":8,"publisher":{"@id":"https:\/\/blogg.svenskakyrkan.se\/vandravagen\/#organization"},"image":{"@id":"https:\/\/blogg.svenskakyrkan.se\/vandravagen\/2012\/12\/10\/buffy-the-vampire-slayer-och-kristen-tro\/#primaryimage"},"thumbnailUrl":"https:\/\/lh3.googleusercontent.com\/-W4Po65bSy78\/ULvKiebeInI\/AAAAAAAABO0\/UaJtjC_lKsw\/s400\/blogger-image-882946773.jpg","articleSection":["serier","superhj\u00e4ltar","Teologi"],"inLanguage":"sv-SE","potentialAction":[{"@type":"CommentAction","name":"Comment","target":["https:\/\/blogg.svenskakyrkan.se\/vandravagen\/2012\/12\/10\/buffy-the-vampire-slayer-och-kristen-tro\/#respond"]}]},{"@type":"WebPage","@id":"https:\/\/blogg.svenskakyrkan.se\/vandravagen\/2012\/12\/10\/buffy-the-vampire-slayer-och-kristen-tro\/","url":"https:\/\/blogg.svenskakyrkan.se\/vandravagen\/2012\/12\/10\/buffy-the-vampire-slayer-och-kristen-tro\/","name":"Buffy the vampire slayer och kristen tro - Vandra V\u00e4gen","isPartOf":{"@id":"https:\/\/blogg.svenskakyrkan.se\/vandravagen\/#website"},"primaryImageOfPage":{"@id":"https:\/\/blogg.svenskakyrkan.se\/vandravagen\/2012\/12\/10\/buffy-the-vampire-slayer-och-kristen-tro\/#primaryimage"},"image":{"@id":"https:\/\/blogg.svenskakyrkan.se\/vandravagen\/2012\/12\/10\/buffy-the-vampire-slayer-och-kristen-tro\/#primaryimage"},"thumbnailUrl":"https:\/\/lh3.googleusercontent.com\/-W4Po65bSy78\/ULvKiebeInI\/AAAAAAAABO0\/UaJtjC_lKsw\/s400\/blogger-image-882946773.jpg","datePublished":"2012-12-10T08:26:00+00:00","breadcrumb":{"@id":"https:\/\/blogg.svenskakyrkan.se\/vandravagen\/2012\/12\/10\/buffy-the-vampire-slayer-och-kristen-tro\/#breadcrumb"},"inLanguage":"sv-SE","potentialAction":[{"@type":"ReadAction","target":["https:\/\/blogg.svenskakyrkan.se\/vandravagen\/2012\/12\/10\/buffy-the-vampire-slayer-och-kristen-tro\/"]}]},{"@type":"ImageObject","inLanguage":"sv-SE","@id":"https:\/\/blogg.svenskakyrkan.se\/vandravagen\/2012\/12\/10\/buffy-the-vampire-slayer-och-kristen-tro\/#primaryimage","url":"https:\/\/lh3.googleusercontent.com\/-W4Po65bSy78\/ULvKiebeInI\/AAAAAAAABO0\/UaJtjC_lKsw\/s400\/blogger-image-882946773.jpg","contentUrl":"https:\/\/lh3.googleusercontent.com\/-W4Po65bSy78\/ULvKiebeInI\/AAAAAAAABO0\/UaJtjC_lKsw\/s400\/blogger-image-882946773.jpg"},{"@type":"BreadcrumbList","@id":"https:\/\/blogg.svenskakyrkan.se\/vandravagen\/2012\/12\/10\/buffy-the-vampire-slayer-och-kristen-tro\/#breadcrumb","itemListElement":[{"@type":"ListItem","position":1,"name":"Hem","item":"https:\/\/blogg.svenskakyrkan.se\/vandravagen\/"},{"@type":"ListItem","position":2,"name":"Buffy the vampire slayer och kristen tro"}]},{"@type":"WebSite","@id":"https:\/\/blogg.svenskakyrkan.se\/vandravagen\/#website","url":"https:\/\/blogg.svenskakyrkan.se\/vandravagen\/","name":"Vandra V\u00e4gen","description":"-Mot en tro f\u00f6r hela livet","publisher":{"@id":"https:\/\/blogg.svenskakyrkan.se\/vandravagen\/#organization"},"potentialAction":[{"@type":"SearchAction","target":{"@type":"EntryPoint","urlTemplate":"https:\/\/blogg.svenskakyrkan.se\/vandravagen\/?s={search_term_string}"},"query-input":{"@type":"PropertyValueSpecification","valueRequired":true,"valueName":"search_term_string"}}],"inLanguage":"sv-SE"},{"@type":"Organization","@id":"https:\/\/blogg.svenskakyrkan.se\/vandravagen\/#organization","name":"ulricehamns pastorat","alternateName":"ulricehamns pastorat","url":"https:\/\/blogg.svenskakyrkan.se\/vandravagen\/","logo":{"@type":"ImageObject","inLanguage":"sv-SE","@id":"https:\/\/blogg.svenskakyrkan.se\/vandravagen\/#\/schema\/logo\/image\/","url":"https:\/\/blogg.svenskakyrkan.se\/vandravagen\/files\/2023\/05\/Ulr_logo_RGB.png","contentUrl":"https:\/\/blogg.svenskakyrkan.se\/vandravagen\/files\/2023\/05\/Ulr_logo_RGB.png","width":205,"height":77,"caption":"ulricehamns pastorat"},"image":{"@id":"https:\/\/blogg.svenskakyrkan.se\/vandravagen\/#\/schema\/logo\/image\/"},"sameAs":["http:\/\/facebook.com\/vandravagen","https:\/\/x.com\/fadertomas","http:\/\/www.facebook.com\/svenskakyrkaniulricehamn"]},{"@type":"Person","@id":"https:\/\/blogg.svenskakyrkan.se\/vandravagen\/#\/schema\/person\/25da02d4f76b137d04291711e2c9fc16","name":"Tomas Jarvid","image":{"@type":"ImageObject","inLanguage":"sv-SE","@id":"https:\/\/blogg.svenskakyrkan.se\/vandravagen\/#\/schema\/person\/image\/","url":"https:\/\/secure.gravatar.com\/avatar\/7fa71899795e8f540f615a1f5ab25255dc27aa40f05ee7ddd21aac521e01bf50?s=96&d=identicon&r=g","contentUrl":"https:\/\/secure.gravatar.com\/avatar\/7fa71899795e8f540f615a1f5ab25255dc27aa40f05ee7ddd21aac521e01bf50?s=96&d=identicon&r=g","caption":"Tomas Jarvid"},"description":"Jag bor i Ulricehamn i V\u00e4sterg\u00f6tland och \u00e4r f\u00f6rsamlingspr\u00e4st i Svenska Kyrkan f\u00f6r Dalstorps f\u00f6rsamling i Kinds pastorat. P\u00e5 den h\u00e4r bloggen skriver jag ner tankar om vandringen som kristen.","sameAs":["http:\/\/www.vandravagen.se"],"url":"https:\/\/blogg.svenskakyrkan.se\/vandravagen\/author\/vandravagen\/"}]}},"author_meta":{"ID":"392","user_nicename":"vandravagen","user_url":"http:\/\/www.vandravagen.se","user_registered":"2014-05-19 05:44:52","display_name":"Tomas Jarvid","first_name":"Tomas","last_name":"Jarvid","avatar":"https:\/\/secure.gravatar.com\/avatar\/7fa71899795e8f540f615a1f5ab25255dc27aa40f05ee7ddd21aac521e01bf50?s=96&d=identicon&r=g"},"featured_image":false,"bloginfo":{"name":"Vandra V\u00e4gen","url":"https:\/\/blogg.svenskakyrkan.se\/vandravagen"},"_links":{"self":[{"href":"https:\/\/blogg.svenskakyrkan.se\/vandravagen\/wp-json\/wp\/v2\/posts\/823","targetHints":{"allow":["GET"]}}],"collection":[{"href":"https:\/\/blogg.svenskakyrkan.se\/vandravagen\/wp-json\/wp\/v2\/posts"}],"about":[{"href":"https:\/\/blogg.svenskakyrkan.se\/vandravagen\/wp-json\/wp\/v2\/types\/post"}],"author":[{"embeddable":true,"href":"https:\/\/blogg.svenskakyrkan.se\/vandravagen\/wp-json\/wp\/v2\/users\/392"}],"replies":[{"embeddable":true,"href":"https:\/\/blogg.svenskakyrkan.se\/vandravagen\/wp-json\/wp\/v2\/comments?post=823"}],"version-history":[{"count":0,"href":"https:\/\/blogg.svenskakyrkan.se\/vandravagen\/wp-json\/wp\/v2\/posts\/823\/revisions"}],"wp:attachment":[{"href":"https:\/\/blogg.svenskakyrkan.se\/vandravagen\/wp-json\/wp\/v2\/media?parent=823"}],"wp:term":[{"taxonomy":"category","embeddable":true,"href":"https:\/\/blogg.svenskakyrkan.se\/vandravagen\/wp-json\/wp\/v2\/categories?post=823"},{"taxonomy":"post_tag","embeddable":true,"href":"https:\/\/blogg.svenskakyrkan.se\/vandravagen\/wp-json\/wp\/v2\/tags?post=823"}],"curies":[{"name":"wp","href":"https:\/\/api.w.org\/{rel}","templated":true}]}}