{"id":824,"date":"2012-12-09T21:43:00","date_gmt":"2012-12-09T20:43:00","guid":{"rendered":"http:\/\/blogg.svenskakyrkan.se\/vandravagen\/2012\/12\/09\/veckans-samlade-twittervisdom-3\/"},"modified":"2012-12-09T21:43:00","modified_gmt":"2012-12-09T20:43:00","slug":"veckans-samlade-twittervisdom-3","status":"publish","type":"post","link":"https:\/\/blogg.svenskakyrkan.se\/vandravagen\/2012\/12\/09\/veckans-samlade-twittervisdom-3\/","title":{"rendered":"Veckans samlade twittervisdom"},"content":{"rendered":"<div>S\u00e5 \u00e4r det dags att sammanfatta twitterveckan igen. H\u00e4r \u00e4r mina favoriter bland veckans favoritmarkeringar.<\/div>\n<div><\/div>\n<div><a href=\"http:\/\/1.bp.blogspot.com\/-rpVPd7hrjiU\/UMTm-gQsvmI\/AAAAAAAABRI\/luan-l8pyYo\/s1600\/barth.jpg\"><img loading=\"lazy\" decoding=\"async\" border=\"0\" height=\"107\" src=\"http:\/\/1.bp.blogspot.com\/-rpVPd7hrjiU\/UMTm-gQsvmI\/AAAAAAAABRI\/luan-l8pyYo\/s400\/barth.jpg\" width=\"400\"><\/a><\/div>\n<div><\/div>\n<div>Karl Barth, stor reformert teolog vet hur det \u00e4r. Bra f\u00f6r undertecknad att komma ih\u00e5g.<\/div>\n<\/p>\n<div><a href=\"http:\/\/4.bp.blogspot.com\/-Rn7fSLppsLo\/UMTm_vmR-AI\/AAAAAAAABRM\/9wK-D2Grpt4\/s1600\/bjb.jpg\"><img loading=\"lazy\" decoding=\"async\" border=\"0\" height=\"99\" src=\"http:\/\/4.bp.blogspot.com\/-Rn7fSLppsLo\/UMTm_vmR-AI\/AAAAAAAABRM\/9wK-D2Grpt4\/s400\/bjb.jpg\" width=\"400\"><\/a><\/div>\n<div><\/div>\n<div>Kallsk\u00e4nkan, Jenny Wrangborg, poet.<\/div>\n<\/p>\n<div><a href=\"http:\/\/3.bp.blogspot.com\/-eshCMNC9rlY\/UMTnAduJ6kI\/AAAAAAAABRU\/B8gObnhbag4\/s1600\/f.jpg\"><img loading=\"lazy\" decoding=\"async\" border=\"0\" height=\"103\" src=\"http:\/\/3.bp.blogspot.com\/-eshCMNC9rlY\/UMTnAduJ6kI\/AAAAAAAABRU\/B8gObnhbag4\/s400\/f.jpg\" width=\"400\"><\/a><\/div>\n<div><\/div>\n<div>Barth igen.<\/div>\n<\/p>\n<div><a href=\"http:\/\/1.bp.blogspot.com\/-gBmVyTan7BE\/UMTnBDff5iI\/AAAAAAAABRc\/FrK0WJoq5bM\/s1600\/fg.jpg\"><img loading=\"lazy\" decoding=\"async\" border=\"0\" height=\"93\" src=\"http:\/\/1.bp.blogspot.com\/-gBmVyTan7BE\/UMTnBDff5iI\/AAAAAAAABRc\/FrK0WJoq5bM\/s400\/fg.jpg\" width=\"400\"><\/a><\/div>\n<div><\/div>\n<div>Kan man fly fr\u00e5n sig sj\u00e4lv in i en relation? In i kloster? Knappast.<\/div>\n<div><\/div>\n<\/p>\n<div><a href=\"http:\/\/2.bp.blogspot.com\/-Tdyqvb_tOdw\/UMTnB7CvtdI\/AAAAAAAABRk\/xEIHt-2piPQ\/s1600\/g.jpg\"><img loading=\"lazy\" decoding=\"async\" border=\"0\" height=\"123\" src=\"http:\/\/2.bp.blogspot.com\/-Tdyqvb_tOdw\/UMTnB7CvtdI\/AAAAAAAABRk\/xEIHt-2piPQ\/s400\/g.jpg\" width=\"400\"><\/a><\/div>\n<div><\/div>\n<div>Good point d\u00e4r.<\/div>\n<div><\/div>\n<\/p>\n<div><a href=\"http:\/\/2.bp.blogspot.com\/-x9DUqdjALzc\/UMTnC1WPXXI\/AAAAAAAABRw\/KT_AOvICFiY\/s1600\/hi.jpg\"><img loading=\"lazy\" decoding=\"async\" border=\"0\" height=\"113\" src=\"http:\/\/2.bp.blogspot.com\/-x9DUqdjALzc\/UMTnC1WPXXI\/AAAAAAAABRw\/KT_AOvICFiY\/s400\/hi.jpg\" width=\"400\"><\/a><\/div>\n<div><\/div>\n<div>Har TT rapporterat detta p\u00e5 riktigt? Heja G\u00f6tene.<\/div>\n<div><\/div>\n<div><\/div>\n<\/p>\n<div><a href=\"http:\/\/3.bp.blogspot.com\/-T6wzzaJ_huc\/UMTnED7SPBI\/AAAAAAAABR0\/TVkNfE32cVg\/s1600\/jb.jpg\"><img loading=\"lazy\" decoding=\"async\" border=\"0\" height=\"132\" src=\"http:\/\/3.bp.blogspot.com\/-T6wzzaJ_huc\/UMTnED7SPBI\/AAAAAAAABR0\/TVkNfE32cVg\/s400\/jb.jpg\" width=\"400\"><\/a><\/div>\n<div><\/div>\n<div>Ha!<\/div>\n<\/p>\n<div><a href=\"http:\/\/4.bp.blogspot.com\/-uGRSXd24XXQ\/UMTnFGLCy-I\/AAAAAAAABR8\/xe911jvWsts\/s1600\/kniple.jpg\"><img loading=\"lazy\" decoding=\"async\" border=\"0\" height=\"146\" src=\"http:\/\/4.bp.blogspot.com\/-uGRSXd24XXQ\/UMTnFGLCy-I\/AAAAAAAABR8\/xe911jvWsts\/s400\/kniple.jpg\" width=\"400\"><\/a><\/div>\n<div><\/div>\n<div>Knipplebo, ocks\u00e5 p\u00e5 veckans lista.<\/div>\n<\/p>\n<div><a href=\"http:\/\/4.bp.blogspot.com\/-15bLehZ3gCs\/UMTnF6qfjrI\/AAAAAAAABSE\/8UFrg182Xuo\/s1600\/lews.jpg\"><img loading=\"lazy\" decoding=\"async\" border=\"0\" height=\"116\" src=\"http:\/\/4.bp.blogspot.com\/-15bLehZ3gCs\/UMTnF6qfjrI\/AAAAAAAABSE\/8UFrg182Xuo\/s400\/lews.jpg\" width=\"400\"><\/a><\/div>\n<div><\/div>\n<div>S\u00e5 ocks\u00e5 Lewis. Alltid med.<\/div>\n<\/p>\n<div><a href=\"http:\/\/4.bp.blogspot.com\/-K_aO5KGVTwI\/UMTnG9dzhxI\/AAAAAAAABSM\/kQqRv6rb5QA\/s1600\/o%CC%88.jpg\"><img loading=\"lazy\" decoding=\"async\" border=\"0\" height=\"110\" src=\"http:\/\/4.bp.blogspot.com\/-K_aO5KGVTwI\/UMTnG9dzhxI\/AAAAAAAABSM\/kQqRv6rb5QA\/s400\/o%CC%88.jpg\" width=\"400\"><\/a><\/div>\n<div><\/div>\n<div>Talmudvisdom.<\/div>\n<\/p>\n<div><a href=\"http:\/\/2.bp.blogspot.com\/-ClYYGzWRNqk\/UMTnHr0Ay6I\/AAAAAAAABSU\/cf1dztC8dAA\/s1600\/z.jpg\"><img loading=\"lazy\" decoding=\"async\" border=\"0\" height=\"101\" src=\"http:\/\/2.bp.blogspot.com\/-ClYYGzWRNqk\/UMTnHr0Ay6I\/AAAAAAAABSU\/cf1dztC8dAA\/s400\/z.jpg\" width=\"400\"><\/a><\/div>\n<div><\/div>\n<div>Och sista ordet g\u00e5r till d\u00f6den. F\u00f6rst\u00e5s.<\/div><\/p>\n","protected":false},"excerpt":{"rendered":"<p>S\u00e5 \u00e4r det dags att sammanfatta twitterveckan igen. H\u00e4r \u00e4r mina favoriter bland veckans favoritmarkeringar. Karl Barth, stor reformert teolog vet hur det \u00e4r. Bra f\u00f6r undertecknad att komma ih\u00e5g. Kallsk\u00e4nkan, Jenny Wrangborg, poet. Barth igen. Kan man fly fr\u00e5n sig sj\u00e4lv in i en relation? In i kloster? Knappast. Good point d\u00e4r. Har TT [&hellip;]<\/p>\n","protected":false},"author":392,"featured_media":0,"comment_status":"open","ping_status":"open","sticky":false,"template":"","format":"standard","meta":{"_acf_changed":false,"footnotes":""},"categories":[75887,77554],"tags":[],"class_list":["post-824","post","type-post","status-publish","format-standard","hentry","category-andlighet","category-vara-manniska"],"acf":[],"yoast_head":"<!-- This site is optimized with the Yoast SEO plugin v27.1.1 - https:\/\/yoast.com\/product\/yoast-seo-wordpress\/ -->\n<title>Veckans samlade twittervisdom - Vandra V\u00e4gen<\/title>\n<meta name=\"robots\" content=\"index, follow, max-snippet:-1, max-image-preview:large, max-video-preview:-1\" \/>\n<link rel=\"canonical\" href=\"https:\/\/blogg.svenskakyrkan.se\/vandravagen\/2012\/12\/09\/veckans-samlade-twittervisdom-3\/\" \/>\n<meta property=\"og:locale\" content=\"sv_SE\" \/>\n<meta property=\"og:type\" content=\"article\" \/>\n<meta property=\"og:title\" content=\"Veckans samlade twittervisdom - Vandra V\u00e4gen\" \/>\n<meta property=\"og:description\" content=\"S\u00e5 \u00e4r det dags att sammanfatta twitterveckan igen. H\u00e4r \u00e4r mina favoriter bland veckans favoritmarkeringar. Karl Barth, stor reformert teolog vet hur det \u00e4r. Bra f\u00f6r undertecknad att komma ih\u00e5g. Kallsk\u00e4nkan, Jenny Wrangborg, poet. Barth igen. Kan man fly fr\u00e5n sig sj\u00e4lv in i en relation? In i kloster? Knappast. Good point d\u00e4r. Har TT [&hellip;]\" \/>\n<meta property=\"og:url\" content=\"https:\/\/blogg.svenskakyrkan.se\/vandravagen\/2012\/12\/09\/veckans-samlade-twittervisdom-3\/\" \/>\n<meta property=\"og:site_name\" content=\"Vandra V\u00e4gen\" \/>\n<meta property=\"article:publisher\" content=\"http:\/\/facebook.com\/vandravagen\" \/>\n<meta property=\"article:published_time\" content=\"2012-12-09T20:43:00+00:00\" \/>\n<meta property=\"og:image\" content=\"http:\/\/1.bp.blogspot.com\/-rpVPd7hrjiU\/UMTm-gQsvmI\/AAAAAAAABRI\/luan-l8pyYo\/s400\/barth.jpg\" \/>\n<meta name=\"author\" content=\"Tomas Jarvid\" \/>\n<meta name=\"twitter:card\" content=\"summary_large_image\" \/>\n<meta name=\"twitter:creator\" content=\"@fadertomas\" \/>\n<meta name=\"twitter:site\" content=\"@fadertomas\" \/>\n<meta name=\"twitter:label1\" content=\"Skriven av\" \/>\n\t<meta name=\"twitter:data1\" content=\"Tomas Jarvid\" \/>\n<script type=\"application\/ld+json\" class=\"yoast-schema-graph\">{\"@context\":\"https:\/\/schema.org\",\"@graph\":[{\"@type\":\"Article\",\"@id\":\"https:\/\/blogg.svenskakyrkan.se\/vandravagen\/2012\/12\/09\/veckans-samlade-twittervisdom-3\/#article\",\"isPartOf\":{\"@id\":\"https:\/\/blogg.svenskakyrkan.se\/vandravagen\/2012\/12\/09\/veckans-samlade-twittervisdom-3\/\"},\"author\":{\"name\":\"Tomas Jarvid\",\"@id\":\"https:\/\/blogg.svenskakyrkan.se\/vandravagen\/#\/schema\/person\/25da02d4f76b137d04291711e2c9fc16\"},\"headline\":\"Veckans samlade twittervisdom\",\"datePublished\":\"2012-12-09T20:43:00+00:00\",\"mainEntityOfPage\":{\"@id\":\"https:\/\/blogg.svenskakyrkan.se\/vandravagen\/2012\/12\/09\/veckans-samlade-twittervisdom-3\/\"},\"wordCount\":95,\"commentCount\":0,\"publisher\":{\"@id\":\"https:\/\/blogg.svenskakyrkan.se\/vandravagen\/#organization\"},\"image\":{\"@id\":\"https:\/\/blogg.svenskakyrkan.se\/vandravagen\/2012\/12\/09\/veckans-samlade-twittervisdom-3\/#primaryimage\"},\"thumbnailUrl\":\"http:\/\/1.bp.blogspot.com\/-rpVPd7hrjiU\/UMTm-gQsvmI\/AAAAAAAABRI\/luan-l8pyYo\/s400\/barth.jpg\",\"articleSection\":[\"andlighet\",\"vara m\u00e4nniska\"],\"inLanguage\":\"sv-SE\",\"potentialAction\":[{\"@type\":\"CommentAction\",\"name\":\"Comment\",\"target\":[\"https:\/\/blogg.svenskakyrkan.se\/vandravagen\/2012\/12\/09\/veckans-samlade-twittervisdom-3\/#respond\"]}]},{\"@type\":\"WebPage\",\"@id\":\"https:\/\/blogg.svenskakyrkan.se\/vandravagen\/2012\/12\/09\/veckans-samlade-twittervisdom-3\/\",\"url\":\"https:\/\/blogg.svenskakyrkan.se\/vandravagen\/2012\/12\/09\/veckans-samlade-twittervisdom-3\/\",\"name\":\"Veckans samlade twittervisdom - Vandra V\u00e4gen\",\"isPartOf\":{\"@id\":\"https:\/\/blogg.svenskakyrkan.se\/vandravagen\/#website\"},\"primaryImageOfPage\":{\"@id\":\"https:\/\/blogg.svenskakyrkan.se\/vandravagen\/2012\/12\/09\/veckans-samlade-twittervisdom-3\/#primaryimage\"},\"image\":{\"@id\":\"https:\/\/blogg.svenskakyrkan.se\/vandravagen\/2012\/12\/09\/veckans-samlade-twittervisdom-3\/#primaryimage\"},\"thumbnailUrl\":\"http:\/\/1.bp.blogspot.com\/-rpVPd7hrjiU\/UMTm-gQsvmI\/AAAAAAAABRI\/luan-l8pyYo\/s400\/barth.jpg\",\"datePublished\":\"2012-12-09T20:43:00+00:00\",\"breadcrumb\":{\"@id\":\"https:\/\/blogg.svenskakyrkan.se\/vandravagen\/2012\/12\/09\/veckans-samlade-twittervisdom-3\/#breadcrumb\"},\"inLanguage\":\"sv-SE\",\"potentialAction\":[{\"@type\":\"ReadAction\",\"target\":[\"https:\/\/blogg.svenskakyrkan.se\/vandravagen\/2012\/12\/09\/veckans-samlade-twittervisdom-3\/\"]}]},{\"@type\":\"ImageObject\",\"inLanguage\":\"sv-SE\",\"@id\":\"https:\/\/blogg.svenskakyrkan.se\/vandravagen\/2012\/12\/09\/veckans-samlade-twittervisdom-3\/#primaryimage\",\"url\":\"http:\/\/1.bp.blogspot.com\/-rpVPd7hrjiU\/UMTm-gQsvmI\/AAAAAAAABRI\/luan-l8pyYo\/s400\/barth.jpg\",\"contentUrl\":\"http:\/\/1.bp.blogspot.com\/-rpVPd7hrjiU\/UMTm-gQsvmI\/AAAAAAAABRI\/luan-l8pyYo\/s400\/barth.jpg\"},{\"@type\":\"BreadcrumbList\",\"@id\":\"https:\/\/blogg.svenskakyrkan.se\/vandravagen\/2012\/12\/09\/veckans-samlade-twittervisdom-3\/#breadcrumb\",\"itemListElement\":[{\"@type\":\"ListItem\",\"position\":1,\"name\":\"Hem\",\"item\":\"https:\/\/blogg.svenskakyrkan.se\/vandravagen\/\"},{\"@type\":\"ListItem\",\"position\":2,\"name\":\"Veckans samlade twittervisdom\"}]},{\"@type\":\"WebSite\",\"@id\":\"https:\/\/blogg.svenskakyrkan.se\/vandravagen\/#website\",\"url\":\"https:\/\/blogg.svenskakyrkan.se\/vandravagen\/\",\"name\":\"Vandra V\u00e4gen\",\"description\":\"-Mot en tro f\u00f6r hela livet\",\"publisher\":{\"@id\":\"https:\/\/blogg.svenskakyrkan.se\/vandravagen\/#organization\"},\"potentialAction\":[{\"@type\":\"SearchAction\",\"target\":{\"@type\":\"EntryPoint\",\"urlTemplate\":\"https:\/\/blogg.svenskakyrkan.se\/vandravagen\/?s={search_term_string}\"},\"query-input\":{\"@type\":\"PropertyValueSpecification\",\"valueRequired\":true,\"valueName\":\"search_term_string\"}}],\"inLanguage\":\"sv-SE\"},{\"@type\":\"Organization\",\"@id\":\"https:\/\/blogg.svenskakyrkan.se\/vandravagen\/#organization\",\"name\":\"ulricehamns pastorat\",\"alternateName\":\"ulricehamns pastorat\",\"url\":\"https:\/\/blogg.svenskakyrkan.se\/vandravagen\/\",\"logo\":{\"@type\":\"ImageObject\",\"inLanguage\":\"sv-SE\",\"@id\":\"https:\/\/blogg.svenskakyrkan.se\/vandravagen\/#\/schema\/logo\/image\/\",\"url\":\"https:\/\/blogg.svenskakyrkan.se\/vandravagen\/files\/2023\/05\/Ulr_logo_RGB.png\",\"contentUrl\":\"https:\/\/blogg.svenskakyrkan.se\/vandravagen\/files\/2023\/05\/Ulr_logo_RGB.png\",\"width\":205,\"height\":77,\"caption\":\"ulricehamns pastorat\"},\"image\":{\"@id\":\"https:\/\/blogg.svenskakyrkan.se\/vandravagen\/#\/schema\/logo\/image\/\"},\"sameAs\":[\"http:\/\/facebook.com\/vandravagen\",\"https:\/\/x.com\/fadertomas\",\"http:\/\/www.facebook.com\/svenskakyrkaniulricehamn\"]},{\"@type\":\"Person\",\"@id\":\"https:\/\/blogg.svenskakyrkan.se\/vandravagen\/#\/schema\/person\/25da02d4f76b137d04291711e2c9fc16\",\"name\":\"Tomas Jarvid\",\"image\":{\"@type\":\"ImageObject\",\"inLanguage\":\"sv-SE\",\"@id\":\"https:\/\/blogg.svenskakyrkan.se\/vandravagen\/#\/schema\/person\/image\/\",\"url\":\"https:\/\/secure.gravatar.com\/avatar\/7fa71899795e8f540f615a1f5ab25255dc27aa40f05ee7ddd21aac521e01bf50?s=96&d=identicon&r=g\",\"contentUrl\":\"https:\/\/secure.gravatar.com\/avatar\/7fa71899795e8f540f615a1f5ab25255dc27aa40f05ee7ddd21aac521e01bf50?s=96&d=identicon&r=g\",\"caption\":\"Tomas Jarvid\"},\"description\":\"Jag bor i Ulricehamn i V\u00e4sterg\u00f6tland och \u00e4r f\u00f6rsamlingspr\u00e4st i Svenska Kyrkan f\u00f6r Dalstorps f\u00f6rsamling i Kinds pastorat. P\u00e5 den h\u00e4r bloggen skriver jag ner tankar om vandringen som kristen.\",\"sameAs\":[\"http:\/\/www.vandravagen.se\"],\"url\":\"https:\/\/blogg.svenskakyrkan.se\/vandravagen\/author\/vandravagen\/\"}]}<\/script>\n<!-- \/ Yoast SEO plugin. -->","yoast_head_json":{"title":"Veckans samlade twittervisdom - Vandra V\u00e4gen","robots":{"index":"index","follow":"follow","max-snippet":"max-snippet:-1","max-image-preview":"max-image-preview:large","max-video-preview":"max-video-preview:-1"},"canonical":"https:\/\/blogg.svenskakyrkan.se\/vandravagen\/2012\/12\/09\/veckans-samlade-twittervisdom-3\/","og_locale":"sv_SE","og_type":"article","og_title":"Veckans samlade twittervisdom - Vandra V\u00e4gen","og_description":"S\u00e5 \u00e4r det dags att sammanfatta twitterveckan igen. H\u00e4r \u00e4r mina favoriter bland veckans favoritmarkeringar. Karl Barth, stor reformert teolog vet hur det \u00e4r. Bra f\u00f6r undertecknad att komma ih\u00e5g. Kallsk\u00e4nkan, Jenny Wrangborg, poet. Barth igen. Kan man fly fr\u00e5n sig sj\u00e4lv in i en relation? In i kloster? Knappast. Good point d\u00e4r. Har TT [&hellip;]","og_url":"https:\/\/blogg.svenskakyrkan.se\/vandravagen\/2012\/12\/09\/veckans-samlade-twittervisdom-3\/","og_site_name":"Vandra V\u00e4gen","article_publisher":"http:\/\/facebook.com\/vandravagen","article_published_time":"2012-12-09T20:43:00+00:00","og_image":[{"url":"http:\/\/1.bp.blogspot.com\/-rpVPd7hrjiU\/UMTm-gQsvmI\/AAAAAAAABRI\/luan-l8pyYo\/s400\/barth.jpg","type":"","width":"","height":""}],"author":"Tomas Jarvid","twitter_card":"summary_large_image","twitter_creator":"@fadertomas","twitter_site":"@fadertomas","twitter_misc":{"Skriven av":"Tomas Jarvid"},"schema":{"@context":"https:\/\/schema.org","@graph":[{"@type":"Article","@id":"https:\/\/blogg.svenskakyrkan.se\/vandravagen\/2012\/12\/09\/veckans-samlade-twittervisdom-3\/#article","isPartOf":{"@id":"https:\/\/blogg.svenskakyrkan.se\/vandravagen\/2012\/12\/09\/veckans-samlade-twittervisdom-3\/"},"author":{"name":"Tomas Jarvid","@id":"https:\/\/blogg.svenskakyrkan.se\/vandravagen\/#\/schema\/person\/25da02d4f76b137d04291711e2c9fc16"},"headline":"Veckans samlade twittervisdom","datePublished":"2012-12-09T20:43:00+00:00","mainEntityOfPage":{"@id":"https:\/\/blogg.svenskakyrkan.se\/vandravagen\/2012\/12\/09\/veckans-samlade-twittervisdom-3\/"},"wordCount":95,"commentCount":0,"publisher":{"@id":"https:\/\/blogg.svenskakyrkan.se\/vandravagen\/#organization"},"image":{"@id":"https:\/\/blogg.svenskakyrkan.se\/vandravagen\/2012\/12\/09\/veckans-samlade-twittervisdom-3\/#primaryimage"},"thumbnailUrl":"http:\/\/1.bp.blogspot.com\/-rpVPd7hrjiU\/UMTm-gQsvmI\/AAAAAAAABRI\/luan-l8pyYo\/s400\/barth.jpg","articleSection":["andlighet","vara m\u00e4nniska"],"inLanguage":"sv-SE","potentialAction":[{"@type":"CommentAction","name":"Comment","target":["https:\/\/blogg.svenskakyrkan.se\/vandravagen\/2012\/12\/09\/veckans-samlade-twittervisdom-3\/#respond"]}]},{"@type":"WebPage","@id":"https:\/\/blogg.svenskakyrkan.se\/vandravagen\/2012\/12\/09\/veckans-samlade-twittervisdom-3\/","url":"https:\/\/blogg.svenskakyrkan.se\/vandravagen\/2012\/12\/09\/veckans-samlade-twittervisdom-3\/","name":"Veckans samlade twittervisdom - Vandra V\u00e4gen","isPartOf":{"@id":"https:\/\/blogg.svenskakyrkan.se\/vandravagen\/#website"},"primaryImageOfPage":{"@id":"https:\/\/blogg.svenskakyrkan.se\/vandravagen\/2012\/12\/09\/veckans-samlade-twittervisdom-3\/#primaryimage"},"image":{"@id":"https:\/\/blogg.svenskakyrkan.se\/vandravagen\/2012\/12\/09\/veckans-samlade-twittervisdom-3\/#primaryimage"},"thumbnailUrl":"http:\/\/1.bp.blogspot.com\/-rpVPd7hrjiU\/UMTm-gQsvmI\/AAAAAAAABRI\/luan-l8pyYo\/s400\/barth.jpg","datePublished":"2012-12-09T20:43:00+00:00","breadcrumb":{"@id":"https:\/\/blogg.svenskakyrkan.se\/vandravagen\/2012\/12\/09\/veckans-samlade-twittervisdom-3\/#breadcrumb"},"inLanguage":"sv-SE","potentialAction":[{"@type":"ReadAction","target":["https:\/\/blogg.svenskakyrkan.se\/vandravagen\/2012\/12\/09\/veckans-samlade-twittervisdom-3\/"]}]},{"@type":"ImageObject","inLanguage":"sv-SE","@id":"https:\/\/blogg.svenskakyrkan.se\/vandravagen\/2012\/12\/09\/veckans-samlade-twittervisdom-3\/#primaryimage","url":"http:\/\/1.bp.blogspot.com\/-rpVPd7hrjiU\/UMTm-gQsvmI\/AAAAAAAABRI\/luan-l8pyYo\/s400\/barth.jpg","contentUrl":"http:\/\/1.bp.blogspot.com\/-rpVPd7hrjiU\/UMTm-gQsvmI\/AAAAAAAABRI\/luan-l8pyYo\/s400\/barth.jpg"},{"@type":"BreadcrumbList","@id":"https:\/\/blogg.svenskakyrkan.se\/vandravagen\/2012\/12\/09\/veckans-samlade-twittervisdom-3\/#breadcrumb","itemListElement":[{"@type":"ListItem","position":1,"name":"Hem","item":"https:\/\/blogg.svenskakyrkan.se\/vandravagen\/"},{"@type":"ListItem","position":2,"name":"Veckans samlade twittervisdom"}]},{"@type":"WebSite","@id":"https:\/\/blogg.svenskakyrkan.se\/vandravagen\/#website","url":"https:\/\/blogg.svenskakyrkan.se\/vandravagen\/","name":"Vandra V\u00e4gen","description":"-Mot en tro f\u00f6r hela livet","publisher":{"@id":"https:\/\/blogg.svenskakyrkan.se\/vandravagen\/#organization"},"potentialAction":[{"@type":"SearchAction","target":{"@type":"EntryPoint","urlTemplate":"https:\/\/blogg.svenskakyrkan.se\/vandravagen\/?s={search_term_string}"},"query-input":{"@type":"PropertyValueSpecification","valueRequired":true,"valueName":"search_term_string"}}],"inLanguage":"sv-SE"},{"@type":"Organization","@id":"https:\/\/blogg.svenskakyrkan.se\/vandravagen\/#organization","name":"ulricehamns pastorat","alternateName":"ulricehamns pastorat","url":"https:\/\/blogg.svenskakyrkan.se\/vandravagen\/","logo":{"@type":"ImageObject","inLanguage":"sv-SE","@id":"https:\/\/blogg.svenskakyrkan.se\/vandravagen\/#\/schema\/logo\/image\/","url":"https:\/\/blogg.svenskakyrkan.se\/vandravagen\/files\/2023\/05\/Ulr_logo_RGB.png","contentUrl":"https:\/\/blogg.svenskakyrkan.se\/vandravagen\/files\/2023\/05\/Ulr_logo_RGB.png","width":205,"height":77,"caption":"ulricehamns pastorat"},"image":{"@id":"https:\/\/blogg.svenskakyrkan.se\/vandravagen\/#\/schema\/logo\/image\/"},"sameAs":["http:\/\/facebook.com\/vandravagen","https:\/\/x.com\/fadertomas","http:\/\/www.facebook.com\/svenskakyrkaniulricehamn"]},{"@type":"Person","@id":"https:\/\/blogg.svenskakyrkan.se\/vandravagen\/#\/schema\/person\/25da02d4f76b137d04291711e2c9fc16","name":"Tomas Jarvid","image":{"@type":"ImageObject","inLanguage":"sv-SE","@id":"https:\/\/blogg.svenskakyrkan.se\/vandravagen\/#\/schema\/person\/image\/","url":"https:\/\/secure.gravatar.com\/avatar\/7fa71899795e8f540f615a1f5ab25255dc27aa40f05ee7ddd21aac521e01bf50?s=96&d=identicon&r=g","contentUrl":"https:\/\/secure.gravatar.com\/avatar\/7fa71899795e8f540f615a1f5ab25255dc27aa40f05ee7ddd21aac521e01bf50?s=96&d=identicon&r=g","caption":"Tomas Jarvid"},"description":"Jag bor i Ulricehamn i V\u00e4sterg\u00f6tland och \u00e4r f\u00f6rsamlingspr\u00e4st i Svenska Kyrkan f\u00f6r Dalstorps f\u00f6rsamling i Kinds pastorat. P\u00e5 den h\u00e4r bloggen skriver jag ner tankar om vandringen som kristen.","sameAs":["http:\/\/www.vandravagen.se"],"url":"https:\/\/blogg.svenskakyrkan.se\/vandravagen\/author\/vandravagen\/"}]}},"author_meta":{"ID":"392","user_nicename":"vandravagen","user_url":"http:\/\/www.vandravagen.se","user_registered":"2014-05-19 05:44:52","display_name":"Tomas Jarvid","first_name":"Tomas","last_name":"Jarvid","avatar":"https:\/\/secure.gravatar.com\/avatar\/7fa71899795e8f540f615a1f5ab25255dc27aa40f05ee7ddd21aac521e01bf50?s=96&d=identicon&r=g"},"featured_image":false,"bloginfo":{"name":"Vandra V\u00e4gen","url":"https:\/\/blogg.svenskakyrkan.se\/vandravagen"},"_links":{"self":[{"href":"https:\/\/blogg.svenskakyrkan.se\/vandravagen\/wp-json\/wp\/v2\/posts\/824","targetHints":{"allow":["GET"]}}],"collection":[{"href":"https:\/\/blogg.svenskakyrkan.se\/vandravagen\/wp-json\/wp\/v2\/posts"}],"about":[{"href":"https:\/\/blogg.svenskakyrkan.se\/vandravagen\/wp-json\/wp\/v2\/types\/post"}],"author":[{"embeddable":true,"href":"https:\/\/blogg.svenskakyrkan.se\/vandravagen\/wp-json\/wp\/v2\/users\/392"}],"replies":[{"embeddable":true,"href":"https:\/\/blogg.svenskakyrkan.se\/vandravagen\/wp-json\/wp\/v2\/comments?post=824"}],"version-history":[{"count":0,"href":"https:\/\/blogg.svenskakyrkan.se\/vandravagen\/wp-json\/wp\/v2\/posts\/824\/revisions"}],"wp:attachment":[{"href":"https:\/\/blogg.svenskakyrkan.se\/vandravagen\/wp-json\/wp\/v2\/media?parent=824"}],"wp:term":[{"taxonomy":"category","embeddable":true,"href":"https:\/\/blogg.svenskakyrkan.se\/vandravagen\/wp-json\/wp\/v2\/categories?post=824"},{"taxonomy":"post_tag","embeddable":true,"href":"https:\/\/blogg.svenskakyrkan.se\/vandravagen\/wp-json\/wp\/v2\/tags?post=824"}],"curies":[{"name":"wp","href":"https:\/\/api.w.org\/{rel}","templated":true}]}}