{"id":8240,"date":"2020-11-02T07:00:04","date_gmt":"2020-11-02T06:00:04","guid":{"rendered":"http:\/\/blogg.svenskakyrkan.se\/vandravagen\/?p=8240"},"modified":"2020-11-01T22:39:50","modified_gmt":"2020-11-01T21:39:50","slug":"vart-enda-liv-horisonten-och-den-kristna-trosten","status":"publish","type":"post","link":"https:\/\/blogg.svenskakyrkan.se\/vandravagen\/2020\/11\/02\/vart-enda-liv-horisonten-och-den-kristna-trosten\/","title":{"rendered":"V\u00e5rt enda liv, horisonten och den kristna tr\u00f6sten"},"content":{"rendered":"\n\n\n<figure class=\"wp-block-image size-large\"><img loading=\"lazy\" decoding=\"async\" width=\"632\" height=\"800\" src=\"https:\/\/blogg.svenskakyrkan.se\/vandravagen\/files\/2020\/11\/skydds.jpg\" alt=\"\" class=\"wp-image-8241\" srcset=\"https:\/\/blogg.svenskakyrkan.se\/vandravagen\/files\/2020\/11\/skydds.jpg 632w, https:\/\/blogg.svenskakyrkan.se\/vandravagen\/files\/2020\/11\/skydds-300x380.jpg 300w\" sizes=\"auto, (max-width: 632px) 100vw, 632px\" \/><figcaption>Skydds\u00e4ngel med barn.<\/figcaption><\/figure>\n\n\n\n<p>Nu har jag h\u00e5llit dessa predikningar p\u00e5 alla v\u00e5ra minnesgudstj\u00e4nster i helgen s\u00e5 i vanlig ordning avrundar jag med att ocks\u00e5 l\u00e4gga upp dem h\u00e4r p\u00e5 bloggen. Jag tycker \u00e4nd\u00e5 jag fortfarande tyckte orden h\u00f6ll \u00e4ven sista talartillf\u00e4llet s\u00e5 kanske finns det n\u00e5got bra budskap \u00e4ven till dig i detta. Hoppas det \u00e4r till gl\u00e4dje.<\/p>\n\n\n\n<p><strong>Allahelgona 2020<\/strong><\/p>\n\n\n\n<p><strong>V\u00e5rt enda liv.<\/strong><\/p>\n\n\n\n<p>En av sommarpratarna i somras var en ny v\u00e4rldsber\u00f6md svensk. Martin H\u00e4gglund, professor i USA som skrivit boken \u201dV\u00e5rt enda liv\u201d. Han talade vackert om detta att livet \u00e4r s\u00e5 oerh\u00f6rt v\u00e4rdefullt. Vi har den h\u00e4r stunden p\u00e5 jorden och de m\u00e4nniskor vi har omkring oss. D\u00f6den blir en viktig l\u00e4rare f\u00f6r oss genom att visa f\u00f6r oss vad som \u00e4r verkligt viktigt. H\u00e4gglund \u00e4r ingen troende m\u00e4nniska och det s\u00e4ttr kanske saker \u00e4nnu mer p\u00e5 sin spets: Om nu detta livet \u00e4r allt, varf\u00f6r tar vi vara p\u00e5 det s\u00e5 d\u00e5ligt? Ordnar samh\u00e4llet s\u00e5 att vi arbetar s\u00e5 mycket, jagar efter s\u00e5dant som egentligen inte betyder s\u00e5 mycket. Sen verkar kanske Martin H\u00e4gglund tro att troende m\u00e4nniskor ser helt annorlunda p\u00e5 detta och det g\u00f6r vi nog inte. Vi har ett hopp om att livet med Gud \u00e4r evigt men vi s\u00f6rjer och saknar de som g\u00e5r bort. Givetvis g\u00f6r vi det. Och vi \u00e4r ofta r\u00e4dda f\u00f6r d\u00f6den, och vi k\u00e4nner igen samma sak som han s\u00e4ger, att livet \u00e4r en s\u00e5 otrolig g\u00e5va till oss att vi m\u00e5ste hantera den varsamt och behandla den som s\u00e5 v\u00e4rdefull som den \u00e4r.<\/p>\n\n\n\n<p>En annan f\u00f6rfattare som skrivit om sorg \u00e4r Lasse Berg. Han har skrivit mycket om m\u00e4nniskans ursprung som j\u00e4gare och samlare och varf\u00f6r vi \u00e4r som vi \u00e4r. F\u00f6r n\u00e5gra \u00e5r sedan drabbades han h\u00e5rt av sorg d\u00e5 hans vuxna dotter dog i en ov\u00e4ntad olycka. Han beskriver hur han f\u00f6rs\u00f6kte navigera i sorgens nya landskap och famla sig fram d\u00e4r. Han l\u00e4ste om sorg men tyckte inte det gav n\u00e5gon lindring, vad hj\u00e4lpte det att l\u00e4sa om sorgens olika faser, det f\u00f6r\u00e4ndrade ju inte det f\u00f6rf\u00e4rliga faktumet att hans Linda var borta? Han hade kanske kunnat bearbeta sorgen genom att skriva, det var s\u00e5 han gjort livet igenom. Men pl\u00f6tsligt kunde han inte skriva l\u00e4ngre. Han funderade p\u00e5 varf\u00f6r och ins\u00e5g att han nog f\u00f6rlorat n\u00e5got som alltid varit en drivkraft i skrivandet, str\u00e4van efter framg\u00e5ng, att lyckas. Nu k\u00e4ndes det helt meningsl\u00f6st. Utifr\u00e5n sin erfarenhet i Afrika med m\u00e4nniskans ursprung t\u00e4nkte han d\u00e5 att detta med att lyckas och ha framg\u00e5ng kanske inte \u00e4r s\u00e5 viktigt f\u00f6r m\u00e4nniskan egentligen. N\u00e4stan hela v\u00e5r m\u00e4nskliga historia har man haft det likadant som f\u00f6reg\u00e5ende generationer. F\u00f6rst de senaste \u00e5rhundradena har rikedomen och uppfinningarna \u00f6kat \u00e5r fr\u00e5n \u00e5r. S\u00e5 framg\u00e5ng \u00e4r inte n\u00e5got vi \u00e4r skapade till att beh\u00f6va, vilket han nu abrupt p\u00e5mindes om. D\u00e4remot s\u00e5 beh\u00f6ver m\u00e4nniskan mer \u00e4n n\u00e5got annat varandra. Han beh\u00f6vde sin fru och sin familj, han beh\u00f6vde andra som k\u00e4nde hans dotter och som han kunde dela minnen av. Att vara m\u00e4nniska \u00e4r att leva med djupa band som g\u00e5r l\u00e5ngt ner i hj\u00e4rtats r\u00f6tter p\u00e5 oss.<\/p>\n\n\n\n<p>Jag har ofta talat om att varje m\u00e4nniska m\u00e5ste f\u00e5 s\u00f6rja p\u00e5 sitt s\u00e4tt. Det kan g\u00f6ra v\u00e4ldigt ont om vi m\u00f6ter ifr\u00e5gas\u00e4ttande inf\u00f6r v\u00e5rt s\u00e4tt att s\u00f6rja, och sj\u00e4lva kan vi ocks\u00e5 d\u00f6ma oss h\u00e5rt m\u00e5nga g\u00e5nger: att vi p\u00e5 n\u00e5got s\u00e4tt s\u00f6rjer fel. Vi \u00e4r f\u00f6r ledsna, inte tillr\u00e4ckligt ledsna, blir ledsna n\u00e4r det passar illa och vad det kan vara. Vi \u00e4r s\u00e5 s\u00e5rbara i v\u00e5r sorg och ett slag d\u00e5 kan skada relationer mycket. <strong>Nu t\u00e4nker jag ocks\u00e5<\/strong> att vi beh\u00f6ver s\u00f6rja tillsammans, med t\u00e5lamod med varandra och med f\u00f6rst\u00e5else. Vi \u00e4r p\u00e5 ett s\u00e4tt ensamma i sorgens landskap men b\u00e4st vore om vi kunde vara det tillsammans.<\/p>\n\n\n\n<p><strong>Mot horisonten<\/strong><\/p>\n\n\n\n<p>Lasse Berg \u00e4r inte n\u00e5gon troende m\u00e4nniska. Han beskriver i en tidningsartikel i en f\u00f6rfattarskrift vilket ord han tycker \u00e4r vackrast. Han valde \u201dhorisont\u201d. Hur tyckte han om att anv\u00e4nda det? Som metafor f\u00f6r livet. Vilka borde anv\u00e4nda det mer? S\u00f6rjande. M\u00e4nniskorna har i \u00e5rhundraden vandrat mot de fria horisonterna p\u00e5 savannen och det \u00e4r v\u00e4l egentligen det vi g\u00f6r nu med. Vi r\u00f6r oss vidare tillsammans genom livet. Det finns mycket som ligger bortom v\u00e5r horisont, som vi inte kan se. Detta med d\u00f6den \u00e4r f\u00f6rst\u00e5s en s\u00e5dan sak.<\/p>\n\n\n\n<p>D\u00e4r r\u00f6r Lasse Berg vid bibeltexterna vi h\u00f6rt idag. I Josua f\u00e5r vi h\u00f6ra om hur folket g\u00f6r sig redo att g\u00e5 \u00f6ver floden Jordan och g\u00e5 in i landet. Det har varit en bild i s\u00e5 m\u00e5nga s\u00e5nger sedan dess. Att g\u00e5 \u00f6ver floden till den andra stranden. Att g\u00e5 till n\u00e5got s\u00e5 m\u00e4rkligt som ett hemland man aldrig varit i. Aldrig sett men alltid varit p\u00e5 v\u00e4g mot. Vi har ocks\u00e5 f\u00e5tt h\u00f6ra att h\u00e4r \u00e4r vi g\u00e4ster och fr\u00e4mlingar och s\u00e5 k\u00e4nns det ocks\u00e5 m\u00e5nga g\u00e5nger, men att det finns ett hemland dit vi g\u00e5r.<\/p>\n\n\n\n<p>Evangelietexten \u00e4r k\u00e4rnfull och stark. F\u00f6r Gud \u00e4r alla levande. N\u00e4r jag h\u00f6r den t\u00e4nker jag dels p\u00e5 det man brukar kalla \u201ddet kristna hoppet\u201d. Detta att Jesus uppstod p\u00e5 tredje dagen efter att ha segrat \u00f6ver ondska och d\u00f6d och visat att detta inte \u00e4r d\u00f6dens v\u00e4rld l\u00e4ngre d\u00e4r den r\u00e5der oemotsagd utan det \u00e4r och f\u00f6rblir Guds v\u00e4rld och vi till h\u00f6r honom. I liv, i d\u00f6d och i liv bortom d\u00f6d.<\/p>\n\n\n\n<p>Jag tycker ocks\u00e5 man kunde tala om \u201dden kristna tr\u00f6sten\u201d. Tr\u00f6st \u00e4r, t\u00e4nker jag mig, alltid det att n\u00e5gon \u00e4r med oss i det vi genomlider. \u00c5terigen, vi m\u00e4nniskor \u00e4r inte till f\u00f6r att klara oss sj\u00e4lva. N\u00e4r Josua gick \u00f6ver floden gick han inte ensam (som i den k\u00e4nda s\u00e5ngen), Gud var med honom varje steg ut i det ok\u00e4nda. Vi \u00e4r som g\u00e4ster och fr\u00e4mlingar h\u00e4r, men \u00e4ven om vi \u00e4r pilgrimer i denna v\u00e4rld s\u00e5 vandrar Jesus med oss, liksom han vandrade med sitt folk genom \u00f6knen d\u00e5. Till och med de d\u00f6da, f\u00e5r vi h\u00f6ra, \u00e4r inte ensamma. F\u00f6r Gud \u00e4r alla levande. Vi f\u00e5r v\u00e4nda oss till varandra i v\u00e5r sorg men det finns en \u00e4nnu st\u00f6rre storebror att ta i handen ocks\u00e5 n\u00e4r vi inte har n\u00e5gon annan att h\u00e5lla i handen. V\u00e5r Jesus som varit med om det vi \u00e4r med om och d\u00e4rf\u00f6r kan ge tr\u00f6sten och hoppet att vi ocks\u00e5 kommer ta oss igenom detta.<\/p>\n","protected":false},"excerpt":{"rendered":"<p>Nu har jag h\u00e5llit dessa predikningar p\u00e5 alla v\u00e5ra minnesgudstj\u00e4nster i helgen s\u00e5 i vanlig ordning avrundar jag med att ocks\u00e5 l\u00e4gga upp dem h\u00e4r p\u00e5 bloggen. Jag tycker \u00e4nd\u00e5 jag fortfarande tyckte orden h\u00f6ll \u00e4ven sista talartillf\u00e4llet s\u00e5 kanske finns det n\u00e5got bra budskap \u00e4ven till dig i detta. Hoppas det \u00e4r till gl\u00e4dje. [&hellip;]<\/p>\n","protected":false},"author":392,"featured_media":8241,"comment_status":"open","ping_status":"open","sticky":false,"template":"","format":"standard","meta":{"_acf_changed":false,"footnotes":""},"categories":[30316,8252,114],"tags":[],"class_list":["post-8240","post","type-post","status-publish","format-standard","has-post-thumbnail","hentry","category-doden","category-kyrkoaret","category-predikan"],"acf":[],"yoast_head":"<!-- This site is optimized with the Yoast SEO plugin v27.1.1 - https:\/\/yoast.com\/product\/yoast-seo-wordpress\/ -->\n<title>V\u00e5rt enda liv, horisonten och den kristna tr\u00f6sten - Vandra V\u00e4gen<\/title>\n<meta name=\"robots\" content=\"index, follow, max-snippet:-1, max-image-preview:large, max-video-preview:-1\" \/>\n<link rel=\"canonical\" href=\"https:\/\/blogg.svenskakyrkan.se\/vandravagen\/2020\/11\/02\/vart-enda-liv-horisonten-och-den-kristna-trosten\/\" \/>\n<meta property=\"og:locale\" content=\"sv_SE\" \/>\n<meta property=\"og:type\" content=\"article\" \/>\n<meta property=\"og:title\" content=\"V\u00e5rt enda liv, horisonten och den kristna tr\u00f6sten - Vandra V\u00e4gen\" \/>\n<meta property=\"og:description\" content=\"Nu har jag h\u00e5llit dessa predikningar p\u00e5 alla v\u00e5ra minnesgudstj\u00e4nster i helgen s\u00e5 i vanlig ordning avrundar jag med att ocks\u00e5 l\u00e4gga upp dem h\u00e4r p\u00e5 bloggen. Jag tycker \u00e4nd\u00e5 jag fortfarande tyckte orden h\u00f6ll \u00e4ven sista talartillf\u00e4llet s\u00e5 kanske finns det n\u00e5got bra budskap \u00e4ven till dig i detta. Hoppas det \u00e4r till gl\u00e4dje. [&hellip;]\" \/>\n<meta property=\"og:url\" content=\"https:\/\/blogg.svenskakyrkan.se\/vandravagen\/2020\/11\/02\/vart-enda-liv-horisonten-och-den-kristna-trosten\/\" \/>\n<meta property=\"og:site_name\" content=\"Vandra V\u00e4gen\" \/>\n<meta property=\"article:publisher\" content=\"http:\/\/facebook.com\/vandravagen\" \/>\n<meta property=\"article:published_time\" content=\"2020-11-02T06:00:04+00:00\" \/>\n<meta property=\"og:image\" content=\"https:\/\/blogg.svenskakyrkan.se\/vandravagen\/files\/2020\/11\/skydds.jpg\" \/>\n\t<meta property=\"og:image:width\" content=\"632\" \/>\n\t<meta property=\"og:image:height\" content=\"800\" \/>\n\t<meta property=\"og:image:type\" content=\"image\/jpeg\" \/>\n<meta name=\"author\" content=\"Tomas Jarvid\" \/>\n<meta name=\"twitter:card\" content=\"summary_large_image\" \/>\n<meta name=\"twitter:creator\" content=\"@fadertomas\" \/>\n<meta name=\"twitter:site\" content=\"@fadertomas\" \/>\n<meta name=\"twitter:label1\" content=\"Skriven av\" \/>\n\t<meta name=\"twitter:data1\" content=\"Tomas Jarvid\" \/>\n\t<meta name=\"twitter:label2\" content=\"Ber\u00e4knad l\u00e4stid\" \/>\n\t<meta name=\"twitter:data2\" content=\"6 minuter\" \/>\n<script type=\"application\/ld+json\" class=\"yoast-schema-graph\">{\"@context\":\"https:\/\/schema.org\",\"@graph\":[{\"@type\":\"Article\",\"@id\":\"https:\/\/blogg.svenskakyrkan.se\/vandravagen\/2020\/11\/02\/vart-enda-liv-horisonten-och-den-kristna-trosten\/#article\",\"isPartOf\":{\"@id\":\"https:\/\/blogg.svenskakyrkan.se\/vandravagen\/2020\/11\/02\/vart-enda-liv-horisonten-och-den-kristna-trosten\/\"},\"author\":{\"name\":\"Tomas Jarvid\",\"@id\":\"https:\/\/blogg.svenskakyrkan.se\/vandravagen\/#\/schema\/person\/25da02d4f76b137d04291711e2c9fc16\"},\"headline\":\"V\u00e5rt enda liv, horisonten och den kristna tr\u00f6sten\",\"datePublished\":\"2020-11-02T06:00:04+00:00\",\"mainEntityOfPage\":{\"@id\":\"https:\/\/blogg.svenskakyrkan.se\/vandravagen\/2020\/11\/02\/vart-enda-liv-horisonten-och-den-kristna-trosten\/\"},\"wordCount\":1284,\"commentCount\":2,\"publisher\":{\"@id\":\"https:\/\/blogg.svenskakyrkan.se\/vandravagen\/#organization\"},\"image\":{\"@id\":\"https:\/\/blogg.svenskakyrkan.se\/vandravagen\/2020\/11\/02\/vart-enda-liv-horisonten-och-den-kristna-trosten\/#primaryimage\"},\"thumbnailUrl\":\"https:\/\/blogg.svenskakyrkan.se\/vandravagen\/files\/2020\/11\/skydds.jpg\",\"articleSection\":[\"d\u00f6den\",\"kyrko\u00e5ret\",\"predikan\"],\"inLanguage\":\"sv-SE\",\"potentialAction\":[{\"@type\":\"CommentAction\",\"name\":\"Comment\",\"target\":[\"https:\/\/blogg.svenskakyrkan.se\/vandravagen\/2020\/11\/02\/vart-enda-liv-horisonten-och-den-kristna-trosten\/#respond\"]}]},{\"@type\":\"WebPage\",\"@id\":\"https:\/\/blogg.svenskakyrkan.se\/vandravagen\/2020\/11\/02\/vart-enda-liv-horisonten-och-den-kristna-trosten\/\",\"url\":\"https:\/\/blogg.svenskakyrkan.se\/vandravagen\/2020\/11\/02\/vart-enda-liv-horisonten-och-den-kristna-trosten\/\",\"name\":\"V\u00e5rt enda liv, horisonten och den kristna tr\u00f6sten - Vandra V\u00e4gen\",\"isPartOf\":{\"@id\":\"https:\/\/blogg.svenskakyrkan.se\/vandravagen\/#website\"},\"primaryImageOfPage\":{\"@id\":\"https:\/\/blogg.svenskakyrkan.se\/vandravagen\/2020\/11\/02\/vart-enda-liv-horisonten-och-den-kristna-trosten\/#primaryimage\"},\"image\":{\"@id\":\"https:\/\/blogg.svenskakyrkan.se\/vandravagen\/2020\/11\/02\/vart-enda-liv-horisonten-och-den-kristna-trosten\/#primaryimage\"},\"thumbnailUrl\":\"https:\/\/blogg.svenskakyrkan.se\/vandravagen\/files\/2020\/11\/skydds.jpg\",\"datePublished\":\"2020-11-02T06:00:04+00:00\",\"breadcrumb\":{\"@id\":\"https:\/\/blogg.svenskakyrkan.se\/vandravagen\/2020\/11\/02\/vart-enda-liv-horisonten-och-den-kristna-trosten\/#breadcrumb\"},\"inLanguage\":\"sv-SE\",\"potentialAction\":[{\"@type\":\"ReadAction\",\"target\":[\"https:\/\/blogg.svenskakyrkan.se\/vandravagen\/2020\/11\/02\/vart-enda-liv-horisonten-och-den-kristna-trosten\/\"]}]},{\"@type\":\"ImageObject\",\"inLanguage\":\"sv-SE\",\"@id\":\"https:\/\/blogg.svenskakyrkan.se\/vandravagen\/2020\/11\/02\/vart-enda-liv-horisonten-och-den-kristna-trosten\/#primaryimage\",\"url\":\"https:\/\/blogg.svenskakyrkan.se\/vandravagen\/files\/2020\/11\/skydds.jpg\",\"contentUrl\":\"https:\/\/blogg.svenskakyrkan.se\/vandravagen\/files\/2020\/11\/skydds.jpg\",\"width\":632,\"height\":800},{\"@type\":\"BreadcrumbList\",\"@id\":\"https:\/\/blogg.svenskakyrkan.se\/vandravagen\/2020\/11\/02\/vart-enda-liv-horisonten-och-den-kristna-trosten\/#breadcrumb\",\"itemListElement\":[{\"@type\":\"ListItem\",\"position\":1,\"name\":\"Hem\",\"item\":\"https:\/\/blogg.svenskakyrkan.se\/vandravagen\/\"},{\"@type\":\"ListItem\",\"position\":2,\"name\":\"V\u00e5rt enda liv, horisonten och den kristna tr\u00f6sten\"}]},{\"@type\":\"WebSite\",\"@id\":\"https:\/\/blogg.svenskakyrkan.se\/vandravagen\/#website\",\"url\":\"https:\/\/blogg.svenskakyrkan.se\/vandravagen\/\",\"name\":\"Vandra V\u00e4gen\",\"description\":\"-Mot en tro f\u00f6r hela livet\",\"publisher\":{\"@id\":\"https:\/\/blogg.svenskakyrkan.se\/vandravagen\/#organization\"},\"potentialAction\":[{\"@type\":\"SearchAction\",\"target\":{\"@type\":\"EntryPoint\",\"urlTemplate\":\"https:\/\/blogg.svenskakyrkan.se\/vandravagen\/?s={search_term_string}\"},\"query-input\":{\"@type\":\"PropertyValueSpecification\",\"valueRequired\":true,\"valueName\":\"search_term_string\"}}],\"inLanguage\":\"sv-SE\"},{\"@type\":\"Organization\",\"@id\":\"https:\/\/blogg.svenskakyrkan.se\/vandravagen\/#organization\",\"name\":\"ulricehamns pastorat\",\"alternateName\":\"ulricehamns pastorat\",\"url\":\"https:\/\/blogg.svenskakyrkan.se\/vandravagen\/\",\"logo\":{\"@type\":\"ImageObject\",\"inLanguage\":\"sv-SE\",\"@id\":\"https:\/\/blogg.svenskakyrkan.se\/vandravagen\/#\/schema\/logo\/image\/\",\"url\":\"https:\/\/blogg.svenskakyrkan.se\/vandravagen\/files\/2023\/05\/Ulr_logo_RGB.png\",\"contentUrl\":\"https:\/\/blogg.svenskakyrkan.se\/vandravagen\/files\/2023\/05\/Ulr_logo_RGB.png\",\"width\":205,\"height\":77,\"caption\":\"ulricehamns pastorat\"},\"image\":{\"@id\":\"https:\/\/blogg.svenskakyrkan.se\/vandravagen\/#\/schema\/logo\/image\/\"},\"sameAs\":[\"http:\/\/facebook.com\/vandravagen\",\"https:\/\/x.com\/fadertomas\",\"http:\/\/www.facebook.com\/svenskakyrkaniulricehamn\"]},{\"@type\":\"Person\",\"@id\":\"https:\/\/blogg.svenskakyrkan.se\/vandravagen\/#\/schema\/person\/25da02d4f76b137d04291711e2c9fc16\",\"name\":\"Tomas Jarvid\",\"image\":{\"@type\":\"ImageObject\",\"inLanguage\":\"sv-SE\",\"@id\":\"https:\/\/blogg.svenskakyrkan.se\/vandravagen\/#\/schema\/person\/image\/\",\"url\":\"https:\/\/secure.gravatar.com\/avatar\/7fa71899795e8f540f615a1f5ab25255dc27aa40f05ee7ddd21aac521e01bf50?s=96&d=identicon&r=g\",\"contentUrl\":\"https:\/\/secure.gravatar.com\/avatar\/7fa71899795e8f540f615a1f5ab25255dc27aa40f05ee7ddd21aac521e01bf50?s=96&d=identicon&r=g\",\"caption\":\"Tomas Jarvid\"},\"description\":\"Jag bor i Ulricehamn i V\u00e4sterg\u00f6tland och \u00e4r f\u00f6rsamlingspr\u00e4st i Svenska Kyrkan f\u00f6r Dalstorps f\u00f6rsamling i Kinds pastorat. P\u00e5 den h\u00e4r bloggen skriver jag ner tankar om vandringen som kristen.\",\"sameAs\":[\"http:\/\/www.vandravagen.se\"],\"url\":\"https:\/\/blogg.svenskakyrkan.se\/vandravagen\/author\/vandravagen\/\"}]}<\/script>\n<!-- \/ Yoast SEO plugin. -->","yoast_head_json":{"title":"V\u00e5rt enda liv, horisonten och den kristna tr\u00f6sten - Vandra V\u00e4gen","robots":{"index":"index","follow":"follow","max-snippet":"max-snippet:-1","max-image-preview":"max-image-preview:large","max-video-preview":"max-video-preview:-1"},"canonical":"https:\/\/blogg.svenskakyrkan.se\/vandravagen\/2020\/11\/02\/vart-enda-liv-horisonten-och-den-kristna-trosten\/","og_locale":"sv_SE","og_type":"article","og_title":"V\u00e5rt enda liv, horisonten och den kristna tr\u00f6sten - Vandra V\u00e4gen","og_description":"Nu har jag h\u00e5llit dessa predikningar p\u00e5 alla v\u00e5ra minnesgudstj\u00e4nster i helgen s\u00e5 i vanlig ordning avrundar jag med att ocks\u00e5 l\u00e4gga upp dem h\u00e4r p\u00e5 bloggen. Jag tycker \u00e4nd\u00e5 jag fortfarande tyckte orden h\u00f6ll \u00e4ven sista talartillf\u00e4llet s\u00e5 kanske finns det n\u00e5got bra budskap \u00e4ven till dig i detta. Hoppas det \u00e4r till gl\u00e4dje. [&hellip;]","og_url":"https:\/\/blogg.svenskakyrkan.se\/vandravagen\/2020\/11\/02\/vart-enda-liv-horisonten-och-den-kristna-trosten\/","og_site_name":"Vandra V\u00e4gen","article_publisher":"http:\/\/facebook.com\/vandravagen","article_published_time":"2020-11-02T06:00:04+00:00","og_image":[{"width":632,"height":800,"url":"https:\/\/blogg.svenskakyrkan.se\/vandravagen\/files\/2020\/11\/skydds.jpg","type":"image\/jpeg"}],"author":"Tomas Jarvid","twitter_card":"summary_large_image","twitter_creator":"@fadertomas","twitter_site":"@fadertomas","twitter_misc":{"Skriven av":"Tomas Jarvid","Ber\u00e4knad l\u00e4stid":"6 minuter"},"schema":{"@context":"https:\/\/schema.org","@graph":[{"@type":"Article","@id":"https:\/\/blogg.svenskakyrkan.se\/vandravagen\/2020\/11\/02\/vart-enda-liv-horisonten-och-den-kristna-trosten\/#article","isPartOf":{"@id":"https:\/\/blogg.svenskakyrkan.se\/vandravagen\/2020\/11\/02\/vart-enda-liv-horisonten-och-den-kristna-trosten\/"},"author":{"name":"Tomas Jarvid","@id":"https:\/\/blogg.svenskakyrkan.se\/vandravagen\/#\/schema\/person\/25da02d4f76b137d04291711e2c9fc16"},"headline":"V\u00e5rt enda liv, horisonten och den kristna tr\u00f6sten","datePublished":"2020-11-02T06:00:04+00:00","mainEntityOfPage":{"@id":"https:\/\/blogg.svenskakyrkan.se\/vandravagen\/2020\/11\/02\/vart-enda-liv-horisonten-och-den-kristna-trosten\/"},"wordCount":1284,"commentCount":2,"publisher":{"@id":"https:\/\/blogg.svenskakyrkan.se\/vandravagen\/#organization"},"image":{"@id":"https:\/\/blogg.svenskakyrkan.se\/vandravagen\/2020\/11\/02\/vart-enda-liv-horisonten-och-den-kristna-trosten\/#primaryimage"},"thumbnailUrl":"https:\/\/blogg.svenskakyrkan.se\/vandravagen\/files\/2020\/11\/skydds.jpg","articleSection":["d\u00f6den","kyrko\u00e5ret","predikan"],"inLanguage":"sv-SE","potentialAction":[{"@type":"CommentAction","name":"Comment","target":["https:\/\/blogg.svenskakyrkan.se\/vandravagen\/2020\/11\/02\/vart-enda-liv-horisonten-och-den-kristna-trosten\/#respond"]}]},{"@type":"WebPage","@id":"https:\/\/blogg.svenskakyrkan.se\/vandravagen\/2020\/11\/02\/vart-enda-liv-horisonten-och-den-kristna-trosten\/","url":"https:\/\/blogg.svenskakyrkan.se\/vandravagen\/2020\/11\/02\/vart-enda-liv-horisonten-och-den-kristna-trosten\/","name":"V\u00e5rt enda liv, horisonten och den kristna tr\u00f6sten - Vandra V\u00e4gen","isPartOf":{"@id":"https:\/\/blogg.svenskakyrkan.se\/vandravagen\/#website"},"primaryImageOfPage":{"@id":"https:\/\/blogg.svenskakyrkan.se\/vandravagen\/2020\/11\/02\/vart-enda-liv-horisonten-och-den-kristna-trosten\/#primaryimage"},"image":{"@id":"https:\/\/blogg.svenskakyrkan.se\/vandravagen\/2020\/11\/02\/vart-enda-liv-horisonten-och-den-kristna-trosten\/#primaryimage"},"thumbnailUrl":"https:\/\/blogg.svenskakyrkan.se\/vandravagen\/files\/2020\/11\/skydds.jpg","datePublished":"2020-11-02T06:00:04+00:00","breadcrumb":{"@id":"https:\/\/blogg.svenskakyrkan.se\/vandravagen\/2020\/11\/02\/vart-enda-liv-horisonten-och-den-kristna-trosten\/#breadcrumb"},"inLanguage":"sv-SE","potentialAction":[{"@type":"ReadAction","target":["https:\/\/blogg.svenskakyrkan.se\/vandravagen\/2020\/11\/02\/vart-enda-liv-horisonten-och-den-kristna-trosten\/"]}]},{"@type":"ImageObject","inLanguage":"sv-SE","@id":"https:\/\/blogg.svenskakyrkan.se\/vandravagen\/2020\/11\/02\/vart-enda-liv-horisonten-och-den-kristna-trosten\/#primaryimage","url":"https:\/\/blogg.svenskakyrkan.se\/vandravagen\/files\/2020\/11\/skydds.jpg","contentUrl":"https:\/\/blogg.svenskakyrkan.se\/vandravagen\/files\/2020\/11\/skydds.jpg","width":632,"height":800},{"@type":"BreadcrumbList","@id":"https:\/\/blogg.svenskakyrkan.se\/vandravagen\/2020\/11\/02\/vart-enda-liv-horisonten-och-den-kristna-trosten\/#breadcrumb","itemListElement":[{"@type":"ListItem","position":1,"name":"Hem","item":"https:\/\/blogg.svenskakyrkan.se\/vandravagen\/"},{"@type":"ListItem","position":2,"name":"V\u00e5rt enda liv, horisonten och den kristna tr\u00f6sten"}]},{"@type":"WebSite","@id":"https:\/\/blogg.svenskakyrkan.se\/vandravagen\/#website","url":"https:\/\/blogg.svenskakyrkan.se\/vandravagen\/","name":"Vandra V\u00e4gen","description":"-Mot en tro f\u00f6r hela livet","publisher":{"@id":"https:\/\/blogg.svenskakyrkan.se\/vandravagen\/#organization"},"potentialAction":[{"@type":"SearchAction","target":{"@type":"EntryPoint","urlTemplate":"https:\/\/blogg.svenskakyrkan.se\/vandravagen\/?s={search_term_string}"},"query-input":{"@type":"PropertyValueSpecification","valueRequired":true,"valueName":"search_term_string"}}],"inLanguage":"sv-SE"},{"@type":"Organization","@id":"https:\/\/blogg.svenskakyrkan.se\/vandravagen\/#organization","name":"ulricehamns pastorat","alternateName":"ulricehamns pastorat","url":"https:\/\/blogg.svenskakyrkan.se\/vandravagen\/","logo":{"@type":"ImageObject","inLanguage":"sv-SE","@id":"https:\/\/blogg.svenskakyrkan.se\/vandravagen\/#\/schema\/logo\/image\/","url":"https:\/\/blogg.svenskakyrkan.se\/vandravagen\/files\/2023\/05\/Ulr_logo_RGB.png","contentUrl":"https:\/\/blogg.svenskakyrkan.se\/vandravagen\/files\/2023\/05\/Ulr_logo_RGB.png","width":205,"height":77,"caption":"ulricehamns pastorat"},"image":{"@id":"https:\/\/blogg.svenskakyrkan.se\/vandravagen\/#\/schema\/logo\/image\/"},"sameAs":["http:\/\/facebook.com\/vandravagen","https:\/\/x.com\/fadertomas","http:\/\/www.facebook.com\/svenskakyrkaniulricehamn"]},{"@type":"Person","@id":"https:\/\/blogg.svenskakyrkan.se\/vandravagen\/#\/schema\/person\/25da02d4f76b137d04291711e2c9fc16","name":"Tomas Jarvid","image":{"@type":"ImageObject","inLanguage":"sv-SE","@id":"https:\/\/blogg.svenskakyrkan.se\/vandravagen\/#\/schema\/person\/image\/","url":"https:\/\/secure.gravatar.com\/avatar\/7fa71899795e8f540f615a1f5ab25255dc27aa40f05ee7ddd21aac521e01bf50?s=96&d=identicon&r=g","contentUrl":"https:\/\/secure.gravatar.com\/avatar\/7fa71899795e8f540f615a1f5ab25255dc27aa40f05ee7ddd21aac521e01bf50?s=96&d=identicon&r=g","caption":"Tomas Jarvid"},"description":"Jag bor i Ulricehamn i V\u00e4sterg\u00f6tland och \u00e4r f\u00f6rsamlingspr\u00e4st i Svenska Kyrkan f\u00f6r Dalstorps f\u00f6rsamling i Kinds pastorat. P\u00e5 den h\u00e4r bloggen skriver jag ner tankar om vandringen som kristen.","sameAs":["http:\/\/www.vandravagen.se"],"url":"https:\/\/blogg.svenskakyrkan.se\/vandravagen\/author\/vandravagen\/"}]}},"author_meta":{"ID":"392","user_nicename":"vandravagen","user_url":"http:\/\/www.vandravagen.se","user_registered":"2014-05-19 05:44:52","display_name":"Tomas Jarvid","first_name":"Tomas","last_name":"Jarvid","avatar":"https:\/\/secure.gravatar.com\/avatar\/7fa71899795e8f540f615a1f5ab25255dc27aa40f05ee7ddd21aac521e01bf50?s=96&d=identicon&r=g"},"featured_image":["https:\/\/blogg.svenskakyrkan.se\/vandravagen\/files\/2020\/11\/skydds.jpg",632,800,false],"bloginfo":{"name":"Vandra V\u00e4gen","url":"https:\/\/blogg.svenskakyrkan.se\/vandravagen"},"_links":{"self":[{"href":"https:\/\/blogg.svenskakyrkan.se\/vandravagen\/wp-json\/wp\/v2\/posts\/8240","targetHints":{"allow":["GET"]}}],"collection":[{"href":"https:\/\/blogg.svenskakyrkan.se\/vandravagen\/wp-json\/wp\/v2\/posts"}],"about":[{"href":"https:\/\/blogg.svenskakyrkan.se\/vandravagen\/wp-json\/wp\/v2\/types\/post"}],"author":[{"embeddable":true,"href":"https:\/\/blogg.svenskakyrkan.se\/vandravagen\/wp-json\/wp\/v2\/users\/392"}],"replies":[{"embeddable":true,"href":"https:\/\/blogg.svenskakyrkan.se\/vandravagen\/wp-json\/wp\/v2\/comments?post=8240"}],"version-history":[{"count":1,"href":"https:\/\/blogg.svenskakyrkan.se\/vandravagen\/wp-json\/wp\/v2\/posts\/8240\/revisions"}],"predecessor-version":[{"id":8242,"href":"https:\/\/blogg.svenskakyrkan.se\/vandravagen\/wp-json\/wp\/v2\/posts\/8240\/revisions\/8242"}],"wp:featuredmedia":[{"embeddable":true,"href":"https:\/\/blogg.svenskakyrkan.se\/vandravagen\/wp-json\/wp\/v2\/media\/8241"}],"wp:attachment":[{"href":"https:\/\/blogg.svenskakyrkan.se\/vandravagen\/wp-json\/wp\/v2\/media?parent=8240"}],"wp:term":[{"taxonomy":"category","embeddable":true,"href":"https:\/\/blogg.svenskakyrkan.se\/vandravagen\/wp-json\/wp\/v2\/categories?post=8240"},{"taxonomy":"post_tag","embeddable":true,"href":"https:\/\/blogg.svenskakyrkan.se\/vandravagen\/wp-json\/wp\/v2\/tags?post=8240"}],"curies":[{"name":"wp","href":"https:\/\/api.w.org\/{rel}","templated":true}]}}