{"id":828,"date":"2012-12-07T19:41:00","date_gmt":"2012-12-07T18:41:00","guid":{"rendered":"http:\/\/blogg.svenskakyrkan.se\/vandravagen\/2012\/12\/07\/domsondag-och-advent-i-livet\/"},"modified":"2012-12-07T19:41:00","modified_gmt":"2012-12-07T18:41:00","slug":"domsondag-och-advent-i-livet","status":"publish","type":"post","link":"https:\/\/blogg.svenskakyrkan.se\/vandravagen\/2012\/12\/07\/domsondag-och-advent-i-livet\/","title":{"rendered":"Doms\u00f6ndag och advent i livet"},"content":{"rendered":"<table align=\"center\" cellpadding=\"0\" cellspacing=\"0\">\n<tbody>\n<tr>\n<td><a href=\"https:\/\/www.svenskakyrkan.se\/Sve\/Bilder\/Bilder\/dfc4a83f-8a62-470d-8323-61470117fb9f~__H.jpg\"><img loading=\"lazy\" decoding=\"async\" border=\"0\" height=\"153\" src=\"https:\/\/www.svenskakyrkan.se\/Sve\/Bilder\/Bilder\/dfc4a83f-8a62-470d-8323-61470117fb9f~__H.jpg\" width=\"320\"><\/a><\/td>\n<\/tr>\n<tr>\n<td>Ljus i m\u00f6rkret, advent<\/td>\n<\/tr>\n<\/tbody>\n<\/table>\n<p>Nu har vi ju hunnit en bit in i adventstiden. H\u00e4r \u00e4r en tanke jag g\u00e5tt och ruvat p\u00e5 sedan f\u00f6rra veckan eller s\u00e5 men som det pl\u00f6tsligt blivit lite br\u00e5ttom att f\u00e5 ut om det inte ska bli helt l\u00f6jligt d\u00e5lig timing.<\/p>\n<p>Jag t\u00e4nker p\u00e5 att vi firat tv\u00e5 s\u00f6ndagar efter varandra som b\u00e5da handlar om Jesu ankomst. P\u00e5 doms\u00f6ndagen som den segrande, den som \u00f6vervinner ondskan och f\u00f6rg\u00f6r den. I f\u00f6rsta advent kommer han som den \u00f6dmjuke konungen p\u00e5 \u00e5snan. Vi f\u00e5r veta att han \u00e4r en gud som kommer med n\u00e5d och barmh\u00e4rtighet.<\/p>\n<p>Det d\u00e4r kan ibland vara sv\u00e5rt att f\u00e5 ihop. Nu skulle jag vilja g\u00f6ra n\u00e5gon slags existentiell tolkning av paradoxen.<\/p>\n<p>Doms\u00f6ndagen \u00e4r kyrko\u00e5rets slut. Det \u00e4r summeringen av det som varit. S\u00e5 kan det ocks\u00e5 vara vid &#8221;vanliga&#8221; ny\u00e5r, det f\u00f6rflutna kommer ikapp och vi inser hur kort tiden varit. Har vi gjort n\u00e5got av allt det vi helst skulle s\u00e4ga \u00e4r viktigast? det f\u00f6rflutna kommer f\u00f6rr eller senare alltid ikapp. Det finns det vi f\u00f6rs\u00f6ker fly ifr\u00e5n av minnen eller g\u00e4rningar men stannar vi upp kommer det ikapp. B\u00e4st d\u00e5 att forts\u00e4tta springa. Det \u00e4r ocks\u00e5 s\u00e5 att vi kan tycka att vi \u00e4r fast i v\u00e5r historia. Vi kan inte g\u00f6ra n\u00e5got \u00e5t vad vi har gjort, kanske har saker g\u00e5tt s\u00f6nder som \u00e4r om\u00f6jliga att laga? Sanningen drabbar oss ibland skoningsl\u00f6st. Samtidigt \u00e4r det gott med domen. Vem av oss tycker inte att det \u00e4r bra om massm\u00f6rdare hinns upp av sina d\u00e5d och f\u00e5r st\u00e5 till svars, om inte annat s\u00e5 inf\u00f6r Gud vid livet slut?<\/p>\n<p>Om doms\u00f6ndagen st\u00e5r f\u00f6r det f\u00f6rflutna som kommer ikapp, Gud som kommer ikapp som domare, s\u00e5 handlar advent om framtiden som kommer oss till m\u00f6tes.<\/p>\n<p>Gud har en annan framtid m\u00f6jlig. Alltid. Han kommer oss till m\u00f6tes fr\u00e5n framtiden och han kommer med n\u00e5d. Han \u00e4r full av barmh\u00e4rtighet och vill l\u00f6sa oss ut det trassel vi fastnat i. \u00c4ven om vi tror att det aldrig kan bli annorlunda \u00e4n det blivit s\u00e5 s\u00e4ger han att det kan det. Tillsammans med honom, bortom den dom som g\u00e5r \u00f6ver v\u00e5ra liv finns det nytt liv. Tillsammans med honom v\u00e5gar vi m\u00f6ta domen.<\/p>\n<p>Det blev nog mycket ord det h\u00e4r. Jag \u00f6nskar i alla fall ett n\u00e5dens \u00e5r, en omstart, i mitt eget liv och i ditt. Att vi v\u00e5gar lita p\u00e5 fridsfursten s\u00e5 mycket att vi l\u00e5ter honom komma ikapp oss. Fr\u00e5n det f\u00f6rflutna, d\u00e4r han trots allt kanske hela tiden vandrat f\u00f6rkl\u00e4dd vid v\u00e5r sida och sett allt, och fr\u00e5n framtiden. N\u00e4r han kommer ikapp oss har han en chans att ta sig an oss.<\/p>\n<p>En b\u00f6n i advent:<\/p>\n<p>Gud, om vi flyr fr\u00e5n v\u00e5r historia, missar nuet, och \u00e4r r\u00e4dda f\u00f6r framtiden<br \/>blir det inte mycket liv kvar.<br \/>Kom Gud och m\u00f6t oss b\u00e4r vi \u00e4r.<br \/>Hela v\u00e5ra s\u00e5r.<br \/>Hj\u00e4lp oss konfrontera det som varit och ta p\u00e5 oss v\u00e5rt ansvar f\u00f6r det vi f\u00f6rst\u00f6rt.<br \/>\u00d6ppna v\u00e5ra \u00f6gon f\u00f6r \u00f6gonblicket som \u00e4r nu och allt det rymmer.<br \/>Och ge oss mod att tillsammans med dig m\u00f6ta framtiden.<\/p>\n<p>Amen<\/p><\/p>\n","protected":false},"excerpt":{"rendered":"<p>Ljus i m\u00f6rkret, advent Nu har vi ju hunnit en bit in i adventstiden. H\u00e4r \u00e4r en tanke jag g\u00e5tt och ruvat p\u00e5 sedan f\u00f6rra veckan eller s\u00e5 men som det pl\u00f6tsligt blivit lite br\u00e5ttom att f\u00e5 ut om det inte ska bli helt l\u00f6jligt d\u00e5lig timing. Jag t\u00e4nker p\u00e5 att vi firat tv\u00e5 s\u00f6ndagar [&hellip;]<\/p>\n","protected":false},"author":392,"featured_media":0,"comment_status":"open","ping_status":"open","sticky":false,"template":"","format":"standard","meta":{"_acf_changed":false,"footnotes":""},"categories":[8252],"tags":[],"class_list":["post-828","post","type-post","status-publish","format-standard","hentry","category-kyrkoaret"],"acf":[],"yoast_head":"<!-- This site is optimized with the Yoast SEO plugin v27.1.1 - https:\/\/yoast.com\/product\/yoast-seo-wordpress\/ -->\n<title>Doms\u00f6ndag och advent i livet - Vandra V\u00e4gen<\/title>\n<meta name=\"robots\" content=\"index, follow, max-snippet:-1, max-image-preview:large, max-video-preview:-1\" \/>\n<link rel=\"canonical\" href=\"https:\/\/blogg.svenskakyrkan.se\/vandravagen\/2012\/12\/07\/domsondag-och-advent-i-livet\/\" \/>\n<meta property=\"og:locale\" content=\"sv_SE\" \/>\n<meta property=\"og:type\" content=\"article\" \/>\n<meta property=\"og:title\" content=\"Doms\u00f6ndag och advent i livet - Vandra V\u00e4gen\" \/>\n<meta property=\"og:description\" content=\"Ljus i m\u00f6rkret, advent Nu har vi ju hunnit en bit in i adventstiden. H\u00e4r \u00e4r en tanke jag g\u00e5tt och ruvat p\u00e5 sedan f\u00f6rra veckan eller s\u00e5 men som det pl\u00f6tsligt blivit lite br\u00e5ttom att f\u00e5 ut om det inte ska bli helt l\u00f6jligt d\u00e5lig timing. Jag t\u00e4nker p\u00e5 att vi firat tv\u00e5 s\u00f6ndagar [&hellip;]\" \/>\n<meta property=\"og:url\" content=\"https:\/\/blogg.svenskakyrkan.se\/vandravagen\/2012\/12\/07\/domsondag-och-advent-i-livet\/\" \/>\n<meta property=\"og:site_name\" content=\"Vandra V\u00e4gen\" \/>\n<meta property=\"article:publisher\" content=\"http:\/\/facebook.com\/vandravagen\" \/>\n<meta property=\"article:published_time\" content=\"2012-12-07T18:41:00+00:00\" \/>\n<meta property=\"og:image\" content=\"https:\/\/www.svenskakyrkan.se\/Sve\/Bilder\/Bilder\/dfc4a83f-8a62-470d-8323-61470117fb9f~__H.jpg\" \/>\n<meta name=\"author\" content=\"Tomas Jarvid\" \/>\n<meta name=\"twitter:card\" content=\"summary_large_image\" \/>\n<meta name=\"twitter:creator\" content=\"@fadertomas\" \/>\n<meta name=\"twitter:site\" content=\"@fadertomas\" \/>\n<meta name=\"twitter:label1\" content=\"Skriven av\" \/>\n\t<meta name=\"twitter:data1\" content=\"Tomas Jarvid\" \/>\n\t<meta name=\"twitter:label2\" content=\"Ber\u00e4knad l\u00e4stid\" \/>\n\t<meta name=\"twitter:data2\" content=\"3 minuter\" \/>\n<script type=\"application\/ld+json\" class=\"yoast-schema-graph\">{\"@context\":\"https:\/\/schema.org\",\"@graph\":[{\"@type\":\"Article\",\"@id\":\"https:\/\/blogg.svenskakyrkan.se\/vandravagen\/2012\/12\/07\/domsondag-och-advent-i-livet\/#article\",\"isPartOf\":{\"@id\":\"https:\/\/blogg.svenskakyrkan.se\/vandravagen\/2012\/12\/07\/domsondag-och-advent-i-livet\/\"},\"author\":{\"name\":\"Tomas Jarvid\",\"@id\":\"https:\/\/blogg.svenskakyrkan.se\/vandravagen\/#\/schema\/person\/25da02d4f76b137d04291711e2c9fc16\"},\"headline\":\"Doms\u00f6ndag och advent i livet\",\"datePublished\":\"2012-12-07T18:41:00+00:00\",\"mainEntityOfPage\":{\"@id\":\"https:\/\/blogg.svenskakyrkan.se\/vandravagen\/2012\/12\/07\/domsondag-och-advent-i-livet\/\"},\"wordCount\":616,\"commentCount\":0,\"publisher\":{\"@id\":\"https:\/\/blogg.svenskakyrkan.se\/vandravagen\/#organization\"},\"image\":{\"@id\":\"https:\/\/blogg.svenskakyrkan.se\/vandravagen\/2012\/12\/07\/domsondag-och-advent-i-livet\/#primaryimage\"},\"thumbnailUrl\":\"https:\/\/www.svenskakyrkan.se\/Sve\/Bilder\/Bilder\/dfc4a83f-8a62-470d-8323-61470117fb9f~__H.jpg\",\"articleSection\":[\"kyrko\u00e5ret\"],\"inLanguage\":\"sv-SE\",\"potentialAction\":[{\"@type\":\"CommentAction\",\"name\":\"Comment\",\"target\":[\"https:\/\/blogg.svenskakyrkan.se\/vandravagen\/2012\/12\/07\/domsondag-och-advent-i-livet\/#respond\"]}]},{\"@type\":\"WebPage\",\"@id\":\"https:\/\/blogg.svenskakyrkan.se\/vandravagen\/2012\/12\/07\/domsondag-och-advent-i-livet\/\",\"url\":\"https:\/\/blogg.svenskakyrkan.se\/vandravagen\/2012\/12\/07\/domsondag-och-advent-i-livet\/\",\"name\":\"Doms\u00f6ndag och advent i livet - Vandra V\u00e4gen\",\"isPartOf\":{\"@id\":\"https:\/\/blogg.svenskakyrkan.se\/vandravagen\/#website\"},\"primaryImageOfPage\":{\"@id\":\"https:\/\/blogg.svenskakyrkan.se\/vandravagen\/2012\/12\/07\/domsondag-och-advent-i-livet\/#primaryimage\"},\"image\":{\"@id\":\"https:\/\/blogg.svenskakyrkan.se\/vandravagen\/2012\/12\/07\/domsondag-och-advent-i-livet\/#primaryimage\"},\"thumbnailUrl\":\"https:\/\/www.svenskakyrkan.se\/Sve\/Bilder\/Bilder\/dfc4a83f-8a62-470d-8323-61470117fb9f~__H.jpg\",\"datePublished\":\"2012-12-07T18:41:00+00:00\",\"breadcrumb\":{\"@id\":\"https:\/\/blogg.svenskakyrkan.se\/vandravagen\/2012\/12\/07\/domsondag-och-advent-i-livet\/#breadcrumb\"},\"inLanguage\":\"sv-SE\",\"potentialAction\":[{\"@type\":\"ReadAction\",\"target\":[\"https:\/\/blogg.svenskakyrkan.se\/vandravagen\/2012\/12\/07\/domsondag-och-advent-i-livet\/\"]}]},{\"@type\":\"ImageObject\",\"inLanguage\":\"sv-SE\",\"@id\":\"https:\/\/blogg.svenskakyrkan.se\/vandravagen\/2012\/12\/07\/domsondag-och-advent-i-livet\/#primaryimage\",\"url\":\"https:\/\/www.svenskakyrkan.se\/Sve\/Bilder\/Bilder\/dfc4a83f-8a62-470d-8323-61470117fb9f~__H.jpg\",\"contentUrl\":\"https:\/\/www.svenskakyrkan.se\/Sve\/Bilder\/Bilder\/dfc4a83f-8a62-470d-8323-61470117fb9f~__H.jpg\"},{\"@type\":\"BreadcrumbList\",\"@id\":\"https:\/\/blogg.svenskakyrkan.se\/vandravagen\/2012\/12\/07\/domsondag-och-advent-i-livet\/#breadcrumb\",\"itemListElement\":[{\"@type\":\"ListItem\",\"position\":1,\"name\":\"Hem\",\"item\":\"https:\/\/blogg.svenskakyrkan.se\/vandravagen\/\"},{\"@type\":\"ListItem\",\"position\":2,\"name\":\"Doms\u00f6ndag och advent i livet\"}]},{\"@type\":\"WebSite\",\"@id\":\"https:\/\/blogg.svenskakyrkan.se\/vandravagen\/#website\",\"url\":\"https:\/\/blogg.svenskakyrkan.se\/vandravagen\/\",\"name\":\"Vandra V\u00e4gen\",\"description\":\"-Mot en tro f\u00f6r hela livet\",\"publisher\":{\"@id\":\"https:\/\/blogg.svenskakyrkan.se\/vandravagen\/#organization\"},\"potentialAction\":[{\"@type\":\"SearchAction\",\"target\":{\"@type\":\"EntryPoint\",\"urlTemplate\":\"https:\/\/blogg.svenskakyrkan.se\/vandravagen\/?s={search_term_string}\"},\"query-input\":{\"@type\":\"PropertyValueSpecification\",\"valueRequired\":true,\"valueName\":\"search_term_string\"}}],\"inLanguage\":\"sv-SE\"},{\"@type\":\"Organization\",\"@id\":\"https:\/\/blogg.svenskakyrkan.se\/vandravagen\/#organization\",\"name\":\"ulricehamns pastorat\",\"alternateName\":\"ulricehamns pastorat\",\"url\":\"https:\/\/blogg.svenskakyrkan.se\/vandravagen\/\",\"logo\":{\"@type\":\"ImageObject\",\"inLanguage\":\"sv-SE\",\"@id\":\"https:\/\/blogg.svenskakyrkan.se\/vandravagen\/#\/schema\/logo\/image\/\",\"url\":\"https:\/\/blogg.svenskakyrkan.se\/vandravagen\/files\/2023\/05\/Ulr_logo_RGB.png\",\"contentUrl\":\"https:\/\/blogg.svenskakyrkan.se\/vandravagen\/files\/2023\/05\/Ulr_logo_RGB.png\",\"width\":205,\"height\":77,\"caption\":\"ulricehamns pastorat\"},\"image\":{\"@id\":\"https:\/\/blogg.svenskakyrkan.se\/vandravagen\/#\/schema\/logo\/image\/\"},\"sameAs\":[\"http:\/\/facebook.com\/vandravagen\",\"https:\/\/x.com\/fadertomas\",\"http:\/\/www.facebook.com\/svenskakyrkaniulricehamn\"]},{\"@type\":\"Person\",\"@id\":\"https:\/\/blogg.svenskakyrkan.se\/vandravagen\/#\/schema\/person\/25da02d4f76b137d04291711e2c9fc16\",\"name\":\"Tomas Jarvid\",\"image\":{\"@type\":\"ImageObject\",\"inLanguage\":\"sv-SE\",\"@id\":\"https:\/\/blogg.svenskakyrkan.se\/vandravagen\/#\/schema\/person\/image\/\",\"url\":\"https:\/\/secure.gravatar.com\/avatar\/7fa71899795e8f540f615a1f5ab25255dc27aa40f05ee7ddd21aac521e01bf50?s=96&d=identicon&r=g\",\"contentUrl\":\"https:\/\/secure.gravatar.com\/avatar\/7fa71899795e8f540f615a1f5ab25255dc27aa40f05ee7ddd21aac521e01bf50?s=96&d=identicon&r=g\",\"caption\":\"Tomas Jarvid\"},\"description\":\"Jag bor i Ulricehamn i V\u00e4sterg\u00f6tland och \u00e4r f\u00f6rsamlingspr\u00e4st i Svenska Kyrkan f\u00f6r Dalstorps f\u00f6rsamling i Kinds pastorat. P\u00e5 den h\u00e4r bloggen skriver jag ner tankar om vandringen som kristen.\",\"sameAs\":[\"http:\/\/www.vandravagen.se\"],\"url\":\"https:\/\/blogg.svenskakyrkan.se\/vandravagen\/author\/vandravagen\/\"}]}<\/script>\n<!-- \/ Yoast SEO plugin. -->","yoast_head_json":{"title":"Doms\u00f6ndag och advent i livet - Vandra V\u00e4gen","robots":{"index":"index","follow":"follow","max-snippet":"max-snippet:-1","max-image-preview":"max-image-preview:large","max-video-preview":"max-video-preview:-1"},"canonical":"https:\/\/blogg.svenskakyrkan.se\/vandravagen\/2012\/12\/07\/domsondag-och-advent-i-livet\/","og_locale":"sv_SE","og_type":"article","og_title":"Doms\u00f6ndag och advent i livet - Vandra V\u00e4gen","og_description":"Ljus i m\u00f6rkret, advent Nu har vi ju hunnit en bit in i adventstiden. H\u00e4r \u00e4r en tanke jag g\u00e5tt och ruvat p\u00e5 sedan f\u00f6rra veckan eller s\u00e5 men som det pl\u00f6tsligt blivit lite br\u00e5ttom att f\u00e5 ut om det inte ska bli helt l\u00f6jligt d\u00e5lig timing. Jag t\u00e4nker p\u00e5 att vi firat tv\u00e5 s\u00f6ndagar [&hellip;]","og_url":"https:\/\/blogg.svenskakyrkan.se\/vandravagen\/2012\/12\/07\/domsondag-och-advent-i-livet\/","og_site_name":"Vandra V\u00e4gen","article_publisher":"http:\/\/facebook.com\/vandravagen","article_published_time":"2012-12-07T18:41:00+00:00","og_image":[{"url":"https:\/\/www.svenskakyrkan.se\/Sve\/Bilder\/Bilder\/dfc4a83f-8a62-470d-8323-61470117fb9f~__H.jpg","type":"","width":"","height":""}],"author":"Tomas Jarvid","twitter_card":"summary_large_image","twitter_creator":"@fadertomas","twitter_site":"@fadertomas","twitter_misc":{"Skriven av":"Tomas Jarvid","Ber\u00e4knad l\u00e4stid":"3 minuter"},"schema":{"@context":"https:\/\/schema.org","@graph":[{"@type":"Article","@id":"https:\/\/blogg.svenskakyrkan.se\/vandravagen\/2012\/12\/07\/domsondag-och-advent-i-livet\/#article","isPartOf":{"@id":"https:\/\/blogg.svenskakyrkan.se\/vandravagen\/2012\/12\/07\/domsondag-och-advent-i-livet\/"},"author":{"name":"Tomas Jarvid","@id":"https:\/\/blogg.svenskakyrkan.se\/vandravagen\/#\/schema\/person\/25da02d4f76b137d04291711e2c9fc16"},"headline":"Doms\u00f6ndag och advent i livet","datePublished":"2012-12-07T18:41:00+00:00","mainEntityOfPage":{"@id":"https:\/\/blogg.svenskakyrkan.se\/vandravagen\/2012\/12\/07\/domsondag-och-advent-i-livet\/"},"wordCount":616,"commentCount":0,"publisher":{"@id":"https:\/\/blogg.svenskakyrkan.se\/vandravagen\/#organization"},"image":{"@id":"https:\/\/blogg.svenskakyrkan.se\/vandravagen\/2012\/12\/07\/domsondag-och-advent-i-livet\/#primaryimage"},"thumbnailUrl":"https:\/\/www.svenskakyrkan.se\/Sve\/Bilder\/Bilder\/dfc4a83f-8a62-470d-8323-61470117fb9f~__H.jpg","articleSection":["kyrko\u00e5ret"],"inLanguage":"sv-SE","potentialAction":[{"@type":"CommentAction","name":"Comment","target":["https:\/\/blogg.svenskakyrkan.se\/vandravagen\/2012\/12\/07\/domsondag-och-advent-i-livet\/#respond"]}]},{"@type":"WebPage","@id":"https:\/\/blogg.svenskakyrkan.se\/vandravagen\/2012\/12\/07\/domsondag-och-advent-i-livet\/","url":"https:\/\/blogg.svenskakyrkan.se\/vandravagen\/2012\/12\/07\/domsondag-och-advent-i-livet\/","name":"Doms\u00f6ndag och advent i livet - Vandra V\u00e4gen","isPartOf":{"@id":"https:\/\/blogg.svenskakyrkan.se\/vandravagen\/#website"},"primaryImageOfPage":{"@id":"https:\/\/blogg.svenskakyrkan.se\/vandravagen\/2012\/12\/07\/domsondag-och-advent-i-livet\/#primaryimage"},"image":{"@id":"https:\/\/blogg.svenskakyrkan.se\/vandravagen\/2012\/12\/07\/domsondag-och-advent-i-livet\/#primaryimage"},"thumbnailUrl":"https:\/\/www.svenskakyrkan.se\/Sve\/Bilder\/Bilder\/dfc4a83f-8a62-470d-8323-61470117fb9f~__H.jpg","datePublished":"2012-12-07T18:41:00+00:00","breadcrumb":{"@id":"https:\/\/blogg.svenskakyrkan.se\/vandravagen\/2012\/12\/07\/domsondag-och-advent-i-livet\/#breadcrumb"},"inLanguage":"sv-SE","potentialAction":[{"@type":"ReadAction","target":["https:\/\/blogg.svenskakyrkan.se\/vandravagen\/2012\/12\/07\/domsondag-och-advent-i-livet\/"]}]},{"@type":"ImageObject","inLanguage":"sv-SE","@id":"https:\/\/blogg.svenskakyrkan.se\/vandravagen\/2012\/12\/07\/domsondag-och-advent-i-livet\/#primaryimage","url":"https:\/\/www.svenskakyrkan.se\/Sve\/Bilder\/Bilder\/dfc4a83f-8a62-470d-8323-61470117fb9f~__H.jpg","contentUrl":"https:\/\/www.svenskakyrkan.se\/Sve\/Bilder\/Bilder\/dfc4a83f-8a62-470d-8323-61470117fb9f~__H.jpg"},{"@type":"BreadcrumbList","@id":"https:\/\/blogg.svenskakyrkan.se\/vandravagen\/2012\/12\/07\/domsondag-och-advent-i-livet\/#breadcrumb","itemListElement":[{"@type":"ListItem","position":1,"name":"Hem","item":"https:\/\/blogg.svenskakyrkan.se\/vandravagen\/"},{"@type":"ListItem","position":2,"name":"Doms\u00f6ndag och advent i livet"}]},{"@type":"WebSite","@id":"https:\/\/blogg.svenskakyrkan.se\/vandravagen\/#website","url":"https:\/\/blogg.svenskakyrkan.se\/vandravagen\/","name":"Vandra V\u00e4gen","description":"-Mot en tro f\u00f6r hela livet","publisher":{"@id":"https:\/\/blogg.svenskakyrkan.se\/vandravagen\/#organization"},"potentialAction":[{"@type":"SearchAction","target":{"@type":"EntryPoint","urlTemplate":"https:\/\/blogg.svenskakyrkan.se\/vandravagen\/?s={search_term_string}"},"query-input":{"@type":"PropertyValueSpecification","valueRequired":true,"valueName":"search_term_string"}}],"inLanguage":"sv-SE"},{"@type":"Organization","@id":"https:\/\/blogg.svenskakyrkan.se\/vandravagen\/#organization","name":"ulricehamns pastorat","alternateName":"ulricehamns pastorat","url":"https:\/\/blogg.svenskakyrkan.se\/vandravagen\/","logo":{"@type":"ImageObject","inLanguage":"sv-SE","@id":"https:\/\/blogg.svenskakyrkan.se\/vandravagen\/#\/schema\/logo\/image\/","url":"https:\/\/blogg.svenskakyrkan.se\/vandravagen\/files\/2023\/05\/Ulr_logo_RGB.png","contentUrl":"https:\/\/blogg.svenskakyrkan.se\/vandravagen\/files\/2023\/05\/Ulr_logo_RGB.png","width":205,"height":77,"caption":"ulricehamns pastorat"},"image":{"@id":"https:\/\/blogg.svenskakyrkan.se\/vandravagen\/#\/schema\/logo\/image\/"},"sameAs":["http:\/\/facebook.com\/vandravagen","https:\/\/x.com\/fadertomas","http:\/\/www.facebook.com\/svenskakyrkaniulricehamn"]},{"@type":"Person","@id":"https:\/\/blogg.svenskakyrkan.se\/vandravagen\/#\/schema\/person\/25da02d4f76b137d04291711e2c9fc16","name":"Tomas Jarvid","image":{"@type":"ImageObject","inLanguage":"sv-SE","@id":"https:\/\/blogg.svenskakyrkan.se\/vandravagen\/#\/schema\/person\/image\/","url":"https:\/\/secure.gravatar.com\/avatar\/7fa71899795e8f540f615a1f5ab25255dc27aa40f05ee7ddd21aac521e01bf50?s=96&d=identicon&r=g","contentUrl":"https:\/\/secure.gravatar.com\/avatar\/7fa71899795e8f540f615a1f5ab25255dc27aa40f05ee7ddd21aac521e01bf50?s=96&d=identicon&r=g","caption":"Tomas Jarvid"},"description":"Jag bor i Ulricehamn i V\u00e4sterg\u00f6tland och \u00e4r f\u00f6rsamlingspr\u00e4st i Svenska Kyrkan f\u00f6r Dalstorps f\u00f6rsamling i Kinds pastorat. P\u00e5 den h\u00e4r bloggen skriver jag ner tankar om vandringen som kristen.","sameAs":["http:\/\/www.vandravagen.se"],"url":"https:\/\/blogg.svenskakyrkan.se\/vandravagen\/author\/vandravagen\/"}]}},"author_meta":{"ID":"392","user_nicename":"vandravagen","user_url":"http:\/\/www.vandravagen.se","user_registered":"2014-05-19 05:44:52","display_name":"Tomas Jarvid","first_name":"Tomas","last_name":"Jarvid","avatar":"https:\/\/secure.gravatar.com\/avatar\/7fa71899795e8f540f615a1f5ab25255dc27aa40f05ee7ddd21aac521e01bf50?s=96&d=identicon&r=g"},"featured_image":false,"bloginfo":{"name":"Vandra V\u00e4gen","url":"https:\/\/blogg.svenskakyrkan.se\/vandravagen"},"_links":{"self":[{"href":"https:\/\/blogg.svenskakyrkan.se\/vandravagen\/wp-json\/wp\/v2\/posts\/828","targetHints":{"allow":["GET"]}}],"collection":[{"href":"https:\/\/blogg.svenskakyrkan.se\/vandravagen\/wp-json\/wp\/v2\/posts"}],"about":[{"href":"https:\/\/blogg.svenskakyrkan.se\/vandravagen\/wp-json\/wp\/v2\/types\/post"}],"author":[{"embeddable":true,"href":"https:\/\/blogg.svenskakyrkan.se\/vandravagen\/wp-json\/wp\/v2\/users\/392"}],"replies":[{"embeddable":true,"href":"https:\/\/blogg.svenskakyrkan.se\/vandravagen\/wp-json\/wp\/v2\/comments?post=828"}],"version-history":[{"count":0,"href":"https:\/\/blogg.svenskakyrkan.se\/vandravagen\/wp-json\/wp\/v2\/posts\/828\/revisions"}],"wp:attachment":[{"href":"https:\/\/blogg.svenskakyrkan.se\/vandravagen\/wp-json\/wp\/v2\/media?parent=828"}],"wp:term":[{"taxonomy":"category","embeddable":true,"href":"https:\/\/blogg.svenskakyrkan.se\/vandravagen\/wp-json\/wp\/v2\/categories?post=828"},{"taxonomy":"post_tag","embeddable":true,"href":"https:\/\/blogg.svenskakyrkan.se\/vandravagen\/wp-json\/wp\/v2\/tags?post=828"}],"curies":[{"name":"wp","href":"https:\/\/api.w.org\/{rel}","templated":true}]}}