{"id":829,"date":"2012-12-07T08:56:00","date_gmt":"2012-12-07T07:56:00","guid":{"rendered":"http:\/\/blogg.svenskakyrkan.se\/vandravagen\/2012\/12\/07\/mer-sno-och-den-goda-hustrun\/"},"modified":"2012-12-07T08:56:00","modified_gmt":"2012-12-07T07:56:00","slug":"mer-sno-och-den-goda-hustrun","status":"publish","type":"post","link":"https:\/\/blogg.svenskakyrkan.se\/vandravagen\/2012\/12\/07\/mer-sno-och-den-goda-hustrun\/","title":{"rendered":"Mer sn\u00f6, och den goda hustrun!"},"content":{"rendered":"<table align=\"center\" cellpadding=\"0\" cellspacing=\"0\">\n<tbody>\n<tr>\n<td><a href=\"https:\/\/lh4.googleusercontent.com\/-kB2FzA-yb_o\/UMDUUsrlLMI\/AAAAAAAABPo\/rjKQpmPJLr0\/s640\/blogger-image-1090038324.jpg\"><img loading=\"lazy\" decoding=\"async\" border=\"0\" height=\"300\" src=\"https:\/\/lh4.googleusercontent.com\/-kB2FzA-yb_o\/UMDUUsrlLMI\/AAAAAAAABPo\/rjKQpmPJLr0\/s400\/blogger-image-1090038324.jpg\" width=\"400\"><\/a><\/td>\n<\/tr>\n<tr>\n<td>F\u00f6r n\u00e5gon dag sedan var det bara s\u00e5 h\u00e4rpass med sn\u00f6 utanf\u00f6r&#8230;<\/td>\n<\/tr>\n<\/tbody>\n<\/table>\n<p>Jag vill g\u00e4rna komplettera g\u00e5rdagsinl\u00e4gget om <a href=\"http:\/\/vagenixp.blogspot.se\/2012\/12\/sno-i-bibeln.html\">sn\u00f6 i Bibeln<\/a> med \u00e4nnu en vers som vi brukar citera i min familj. Jag har fetmarkerat den i texten nedan. Kul att ta till n\u00e4r hustrun sitter och stickar sm\u00e5barnskl\u00e4der, bibliskt ber\u00f6m liksom.<\/p>\n<\/p>\n<div><span>10<\/span>Att finna en driftig hustru, vem f\u00f6runnas det &#8211;<\/div>\n<div>l\u00e5ngt mer \u00e4n p\u00e4rlor \u00e4r hon v\u00e4rd.<\/div>\n<div><span>11<\/span>Blint litar hennes man p\u00e5 henne,<\/div>\n<div>och vinsten uteblir inte.<\/div>\n<div><span>12<\/span>Dagligen \u00e4r hon honom till nytta,<\/div>\n<div>aldrig till skada.<\/div>\n<div><span>13<\/span>Efter att ha skaffat ull och lin<\/div>\n<div>arbetar hon med flinka h\u00e4nder.<\/div>\n<div><span>14<\/span>Fr\u00e5n avl\u00e4gsna trakter h\u00e4mtar hon f\u00f6rr\u00e5d,<\/div>\n<div>hon \u00e4r som k\u00f6pmannens skepp.<\/div>\n<div><span>15<\/span>Gryningen \u00e4r inte inne n\u00e4r hon stiger upp,<\/div>\n<div>s\u00e4tter fram mat \u00e5t familjen<\/div>\n<div>och ger pigorna deras portioner.<\/div>\n<div><span>16<\/span>Hon ser ut en \u00e5ker och k\u00f6per den,<\/div>\n<div>planterar en ving\u00e5rd f\u00f6r det hon sj\u00e4lv har tj\u00e4nat.<\/div>\n<div><span>17<\/span>Ivrigt g\u00e5r hon till verket<\/div>\n<div>och hugger i med starka armar.<\/div>\n<div><span>18<\/span>Kan hon m\u00e4rka att aff\u00e4rerna g\u00e5r bra<\/div>\n<div>f\u00e5r hennes lampa brinna hela natten.<\/div>\n<div><span>19<\/span>L\u00e4tt hanterar hon sl\u00e4ndtrissan<\/div>\n<div>och h\u00e5ller sl\u00e4ndan i handen.<\/div>\n<div><span>20<\/span>Mot de svaga r\u00e4cker hon ut handen,<\/div>\n<div>hon \u00f6ppnar sin famn f\u00f6r de fattiga.<\/div>\n<div><span>21<\/span><b>N\u00e4r sn\u00f6n kommer \u00e4ngslas hon inte:<\/b><\/div>\n<div>hela familjen har kl\u00e4der av ylle.<\/div>\n<div><span>22<\/span>Ocks\u00e5 t\u00e4cken v\u00e4ver hon sj\u00e4lv,<\/div>\n<div>hon \u00e4r kl\u00e4dd i linne och purpur.<\/div>\n<div><span>23<\/span>P\u00e5 hennes man ser alla med aktning,<\/div>\n<div>d\u00e4r han sitter bland de \u00e4ldste i porten.<\/div>\n<div><span>24<\/span>Rockar av linne syr hon och s\u00e4ljer,<\/div>\n<div>handlaren f\u00f6rser hon med b\u00e4lten.<\/div>\n<div><span>25<\/span>Styrka och v\u00e4rdighet utstr\u00e5lar hon<\/div>\n<div>och ser leende framtiden an.<\/div>\n<div><span>26<\/span>Talar g\u00f6r hon med klokhet,<\/div>\n<div>v\u00e4nliga f\u00f6rmaningar delar hon ut.<\/div>\n<div><span>27<\/span>Uppm\u00e4rksamt f\u00f6ljer hon allt i huset,<\/div>\n<div>aldrig \u00e4ter hon l\u00e4ttjans br\u00f6d.<\/div>\n<div><span>28<\/span>V\u00e4lsignad blir hon av sina barn,<\/div>\n<div>och hennes man lovprisar henne:<\/div>\n<div><span>29<\/span>\u00c5tskilliga duktiga kvinnor har jag sett,<\/div>\n<div>men du \u00f6vertr\u00e4ffar dem alla! &#8211;<\/div>\n<div><span>30<\/span>\u00c4lsklighet kan bedra, sk\u00f6nhet f\u00f6rg\u00e5r,<\/div>\n<div>f\u00f6r sin gudsfruktan skall en hustru prisas.<\/div>\n<div><span>31<\/span>\u00d6verl\u00e4mna \u00e5t henne hennes m\u00f6das l\u00f6n,<\/div>\n<div>m\u00e5 hon prisas i portarna f\u00f6r sina verk. (bibel 2000)<\/div>\n<div><\/div>\n<p><span>Texten \u00e4r fr\u00e5n det sista kapitlet (31) i ordsspr\u00e5ksboken och handlar, som alla kan se om &#8221;den goda hustrun&#8221;. Den har fler litter\u00e4ra finesser i sig \u00e4n man f\u00f6rst kanske l\u00e4gger m\u00e4rke till. Bland de antika f\u00f6rfattarna tyckte man det var lite snyggt att skriva dikter d\u00e4r varje ny rad b\u00f6rjade p\u00e5 en ny bokstav, fr\u00e5n A-\u00d6 liksom, &#8221;akrostikon&#8221; kallas det rent stilistiskt. Om du tar en titt ovan kan du se att det \u00e4r s\u00e5 h\u00e4r ocks\u00e5, \u00e4ven om det fattas en och annan bokstav, det \u00e4r ju f\u00e4rre bokst\u00e4ver i hebreiskan \u00e4n i svenskan. Guldstj\u00e4rna till \u00f6vers\u00e4ttarna av bibel 2000 f\u00f6r den extra anstr\u00e4ngningen.<\/span><br \/><span><br \/><\/span><span>Jag brukar ju ofta st\u00e4lla n\u00e5gon fr\u00e5ga i mina inl\u00e4gg och dagens \u00e4r ju given. Vad t\u00e4nker du efter att ha l\u00e4st om den goda hustrun? Tycker du det \u00e4r fint? Hemskt? G\u00e5r det att t\u00e4nka in i v\u00e5ra j\u00e4mst\u00e4lldhetsideal om man t\u00e4nker att det finns motsvarande v\u00e4lsignelse i att hitta en god man?<\/span><\/p>\n<div><\/div>\n<div><\/div>\n","protected":false},"excerpt":{"rendered":"<p>F\u00f6r n\u00e5gon dag sedan var det bara s\u00e5 h\u00e4rpass med sn\u00f6 utanf\u00f6r&#8230; Jag vill g\u00e4rna komplettera g\u00e5rdagsinl\u00e4gget om sn\u00f6 i Bibeln med \u00e4nnu en vers som vi brukar citera i min familj. Jag har fetmarkerat den i texten nedan. Kul att ta till n\u00e4r hustrun sitter och stickar sm\u00e5barnskl\u00e4der, bibliskt ber\u00f6m liksom. 10Att finna en [&hellip;]<\/p>\n","protected":false},"author":392,"featured_media":0,"comment_status":"open","ping_status":"open","sticky":false,"template":"","format":"standard","meta":{"_acf_changed":false,"footnotes":""},"categories":[14252,77164],"tags":[],"class_list":["post-829","post","type-post","status-publish","format-standard","hentry","category-bibel","category-man-och-kvinna"],"acf":[],"yoast_head":"<!-- This site is optimized with the Yoast SEO plugin v27.1.1 - https:\/\/yoast.com\/product\/yoast-seo-wordpress\/ -->\n<title>Mer sn\u00f6, och den goda hustrun! - Vandra V\u00e4gen<\/title>\n<meta name=\"robots\" content=\"index, follow, max-snippet:-1, max-image-preview:large, max-video-preview:-1\" \/>\n<link rel=\"canonical\" href=\"https:\/\/blogg.svenskakyrkan.se\/vandravagen\/2012\/12\/07\/mer-sno-och-den-goda-hustrun\/\" \/>\n<meta property=\"og:locale\" content=\"sv_SE\" \/>\n<meta property=\"og:type\" content=\"article\" \/>\n<meta property=\"og:title\" content=\"Mer sn\u00f6, och den goda hustrun! - Vandra V\u00e4gen\" \/>\n<meta property=\"og:description\" content=\"F\u00f6r n\u00e5gon dag sedan var det bara s\u00e5 h\u00e4rpass med sn\u00f6 utanf\u00f6r&#8230; Jag vill g\u00e4rna komplettera g\u00e5rdagsinl\u00e4gget om sn\u00f6 i Bibeln med \u00e4nnu en vers som vi brukar citera i min familj. Jag har fetmarkerat den i texten nedan. Kul att ta till n\u00e4r hustrun sitter och stickar sm\u00e5barnskl\u00e4der, bibliskt ber\u00f6m liksom. 10Att finna en [&hellip;]\" \/>\n<meta property=\"og:url\" content=\"https:\/\/blogg.svenskakyrkan.se\/vandravagen\/2012\/12\/07\/mer-sno-och-den-goda-hustrun\/\" \/>\n<meta property=\"og:site_name\" content=\"Vandra V\u00e4gen\" \/>\n<meta property=\"article:publisher\" content=\"http:\/\/facebook.com\/vandravagen\" \/>\n<meta property=\"article:published_time\" content=\"2012-12-07T07:56:00+00:00\" \/>\n<meta property=\"og:image\" content=\"https:\/\/lh4.googleusercontent.com\/-kB2FzA-yb_o\/UMDUUsrlLMI\/AAAAAAAABPo\/rjKQpmPJLr0\/s400\/blogger-image-1090038324.jpg\" \/>\n<meta name=\"author\" content=\"Tomas Jarvid\" \/>\n<meta name=\"twitter:card\" content=\"summary_large_image\" \/>\n<meta name=\"twitter:creator\" content=\"@fadertomas\" \/>\n<meta name=\"twitter:site\" content=\"@fadertomas\" \/>\n<meta name=\"twitter:label1\" content=\"Skriven av\" \/>\n\t<meta name=\"twitter:data1\" content=\"Tomas Jarvid\" \/>\n\t<meta name=\"twitter:label2\" content=\"Ber\u00e4knad l\u00e4stid\" \/>\n\t<meta name=\"twitter:data2\" content=\"3 minuter\" \/>\n<script type=\"application\/ld+json\" class=\"yoast-schema-graph\">{\"@context\":\"https:\/\/schema.org\",\"@graph\":[{\"@type\":\"Article\",\"@id\":\"https:\/\/blogg.svenskakyrkan.se\/vandravagen\/2012\/12\/07\/mer-sno-och-den-goda-hustrun\/#article\",\"isPartOf\":{\"@id\":\"https:\/\/blogg.svenskakyrkan.se\/vandravagen\/2012\/12\/07\/mer-sno-och-den-goda-hustrun\/\"},\"author\":{\"name\":\"Tomas Jarvid\",\"@id\":\"https:\/\/blogg.svenskakyrkan.se\/vandravagen\/#\/schema\/person\/25da02d4f76b137d04291711e2c9fc16\"},\"headline\":\"Mer sn\u00f6, och den goda hustrun!\",\"datePublished\":\"2012-12-07T07:56:00+00:00\",\"mainEntityOfPage\":{\"@id\":\"https:\/\/blogg.svenskakyrkan.se\/vandravagen\/2012\/12\/07\/mer-sno-och-den-goda-hustrun\/\"},\"wordCount\":588,\"commentCount\":1,\"publisher\":{\"@id\":\"https:\/\/blogg.svenskakyrkan.se\/vandravagen\/#organization\"},\"image\":{\"@id\":\"https:\/\/blogg.svenskakyrkan.se\/vandravagen\/2012\/12\/07\/mer-sno-och-den-goda-hustrun\/#primaryimage\"},\"thumbnailUrl\":\"https:\/\/lh4.googleusercontent.com\/-kB2FzA-yb_o\/UMDUUsrlLMI\/AAAAAAAABPo\/rjKQpmPJLr0\/s400\/blogger-image-1090038324.jpg\",\"articleSection\":[\"bibel\",\"man och kvinna\"],\"inLanguage\":\"sv-SE\",\"potentialAction\":[{\"@type\":\"CommentAction\",\"name\":\"Comment\",\"target\":[\"https:\/\/blogg.svenskakyrkan.se\/vandravagen\/2012\/12\/07\/mer-sno-och-den-goda-hustrun\/#respond\"]}]},{\"@type\":\"WebPage\",\"@id\":\"https:\/\/blogg.svenskakyrkan.se\/vandravagen\/2012\/12\/07\/mer-sno-och-den-goda-hustrun\/\",\"url\":\"https:\/\/blogg.svenskakyrkan.se\/vandravagen\/2012\/12\/07\/mer-sno-och-den-goda-hustrun\/\",\"name\":\"Mer sn\u00f6, och den goda hustrun! - Vandra V\u00e4gen\",\"isPartOf\":{\"@id\":\"https:\/\/blogg.svenskakyrkan.se\/vandravagen\/#website\"},\"primaryImageOfPage\":{\"@id\":\"https:\/\/blogg.svenskakyrkan.se\/vandravagen\/2012\/12\/07\/mer-sno-och-den-goda-hustrun\/#primaryimage\"},\"image\":{\"@id\":\"https:\/\/blogg.svenskakyrkan.se\/vandravagen\/2012\/12\/07\/mer-sno-och-den-goda-hustrun\/#primaryimage\"},\"thumbnailUrl\":\"https:\/\/lh4.googleusercontent.com\/-kB2FzA-yb_o\/UMDUUsrlLMI\/AAAAAAAABPo\/rjKQpmPJLr0\/s400\/blogger-image-1090038324.jpg\",\"datePublished\":\"2012-12-07T07:56:00+00:00\",\"breadcrumb\":{\"@id\":\"https:\/\/blogg.svenskakyrkan.se\/vandravagen\/2012\/12\/07\/mer-sno-och-den-goda-hustrun\/#breadcrumb\"},\"inLanguage\":\"sv-SE\",\"potentialAction\":[{\"@type\":\"ReadAction\",\"target\":[\"https:\/\/blogg.svenskakyrkan.se\/vandravagen\/2012\/12\/07\/mer-sno-och-den-goda-hustrun\/\"]}]},{\"@type\":\"ImageObject\",\"inLanguage\":\"sv-SE\",\"@id\":\"https:\/\/blogg.svenskakyrkan.se\/vandravagen\/2012\/12\/07\/mer-sno-och-den-goda-hustrun\/#primaryimage\",\"url\":\"https:\/\/lh4.googleusercontent.com\/-kB2FzA-yb_o\/UMDUUsrlLMI\/AAAAAAAABPo\/rjKQpmPJLr0\/s400\/blogger-image-1090038324.jpg\",\"contentUrl\":\"https:\/\/lh4.googleusercontent.com\/-kB2FzA-yb_o\/UMDUUsrlLMI\/AAAAAAAABPo\/rjKQpmPJLr0\/s400\/blogger-image-1090038324.jpg\"},{\"@type\":\"BreadcrumbList\",\"@id\":\"https:\/\/blogg.svenskakyrkan.se\/vandravagen\/2012\/12\/07\/mer-sno-och-den-goda-hustrun\/#breadcrumb\",\"itemListElement\":[{\"@type\":\"ListItem\",\"position\":1,\"name\":\"Hem\",\"item\":\"https:\/\/blogg.svenskakyrkan.se\/vandravagen\/\"},{\"@type\":\"ListItem\",\"position\":2,\"name\":\"Mer sn\u00f6, och den goda hustrun!\"}]},{\"@type\":\"WebSite\",\"@id\":\"https:\/\/blogg.svenskakyrkan.se\/vandravagen\/#website\",\"url\":\"https:\/\/blogg.svenskakyrkan.se\/vandravagen\/\",\"name\":\"Vandra V\u00e4gen\",\"description\":\"-Mot en tro f\u00f6r hela livet\",\"publisher\":{\"@id\":\"https:\/\/blogg.svenskakyrkan.se\/vandravagen\/#organization\"},\"potentialAction\":[{\"@type\":\"SearchAction\",\"target\":{\"@type\":\"EntryPoint\",\"urlTemplate\":\"https:\/\/blogg.svenskakyrkan.se\/vandravagen\/?s={search_term_string}\"},\"query-input\":{\"@type\":\"PropertyValueSpecification\",\"valueRequired\":true,\"valueName\":\"search_term_string\"}}],\"inLanguage\":\"sv-SE\"},{\"@type\":\"Organization\",\"@id\":\"https:\/\/blogg.svenskakyrkan.se\/vandravagen\/#organization\",\"name\":\"ulricehamns pastorat\",\"alternateName\":\"ulricehamns pastorat\",\"url\":\"https:\/\/blogg.svenskakyrkan.se\/vandravagen\/\",\"logo\":{\"@type\":\"ImageObject\",\"inLanguage\":\"sv-SE\",\"@id\":\"https:\/\/blogg.svenskakyrkan.se\/vandravagen\/#\/schema\/logo\/image\/\",\"url\":\"https:\/\/blogg.svenskakyrkan.se\/vandravagen\/files\/2023\/05\/Ulr_logo_RGB.png\",\"contentUrl\":\"https:\/\/blogg.svenskakyrkan.se\/vandravagen\/files\/2023\/05\/Ulr_logo_RGB.png\",\"width\":205,\"height\":77,\"caption\":\"ulricehamns pastorat\"},\"image\":{\"@id\":\"https:\/\/blogg.svenskakyrkan.se\/vandravagen\/#\/schema\/logo\/image\/\"},\"sameAs\":[\"http:\/\/facebook.com\/vandravagen\",\"https:\/\/x.com\/fadertomas\",\"http:\/\/www.facebook.com\/svenskakyrkaniulricehamn\"]},{\"@type\":\"Person\",\"@id\":\"https:\/\/blogg.svenskakyrkan.se\/vandravagen\/#\/schema\/person\/25da02d4f76b137d04291711e2c9fc16\",\"name\":\"Tomas Jarvid\",\"image\":{\"@type\":\"ImageObject\",\"inLanguage\":\"sv-SE\",\"@id\":\"https:\/\/blogg.svenskakyrkan.se\/vandravagen\/#\/schema\/person\/image\/\",\"url\":\"https:\/\/secure.gravatar.com\/avatar\/7fa71899795e8f540f615a1f5ab25255dc27aa40f05ee7ddd21aac521e01bf50?s=96&d=identicon&r=g\",\"contentUrl\":\"https:\/\/secure.gravatar.com\/avatar\/7fa71899795e8f540f615a1f5ab25255dc27aa40f05ee7ddd21aac521e01bf50?s=96&d=identicon&r=g\",\"caption\":\"Tomas Jarvid\"},\"description\":\"Jag bor i Ulricehamn i V\u00e4sterg\u00f6tland och \u00e4r f\u00f6rsamlingspr\u00e4st i Svenska Kyrkan f\u00f6r Dalstorps f\u00f6rsamling i Kinds pastorat. P\u00e5 den h\u00e4r bloggen skriver jag ner tankar om vandringen som kristen.\",\"sameAs\":[\"http:\/\/www.vandravagen.se\"],\"url\":\"https:\/\/blogg.svenskakyrkan.se\/vandravagen\/author\/vandravagen\/\"}]}<\/script>\n<!-- \/ Yoast SEO plugin. -->","yoast_head_json":{"title":"Mer sn\u00f6, och den goda hustrun! - Vandra V\u00e4gen","robots":{"index":"index","follow":"follow","max-snippet":"max-snippet:-1","max-image-preview":"max-image-preview:large","max-video-preview":"max-video-preview:-1"},"canonical":"https:\/\/blogg.svenskakyrkan.se\/vandravagen\/2012\/12\/07\/mer-sno-och-den-goda-hustrun\/","og_locale":"sv_SE","og_type":"article","og_title":"Mer sn\u00f6, och den goda hustrun! - Vandra V\u00e4gen","og_description":"F\u00f6r n\u00e5gon dag sedan var det bara s\u00e5 h\u00e4rpass med sn\u00f6 utanf\u00f6r&#8230; Jag vill g\u00e4rna komplettera g\u00e5rdagsinl\u00e4gget om sn\u00f6 i Bibeln med \u00e4nnu en vers som vi brukar citera i min familj. Jag har fetmarkerat den i texten nedan. Kul att ta till n\u00e4r hustrun sitter och stickar sm\u00e5barnskl\u00e4der, bibliskt ber\u00f6m liksom. 10Att finna en [&hellip;]","og_url":"https:\/\/blogg.svenskakyrkan.se\/vandravagen\/2012\/12\/07\/mer-sno-och-den-goda-hustrun\/","og_site_name":"Vandra V\u00e4gen","article_publisher":"http:\/\/facebook.com\/vandravagen","article_published_time":"2012-12-07T07:56:00+00:00","og_image":[{"url":"https:\/\/lh4.googleusercontent.com\/-kB2FzA-yb_o\/UMDUUsrlLMI\/AAAAAAAABPo\/rjKQpmPJLr0\/s400\/blogger-image-1090038324.jpg","type":"","width":"","height":""}],"author":"Tomas Jarvid","twitter_card":"summary_large_image","twitter_creator":"@fadertomas","twitter_site":"@fadertomas","twitter_misc":{"Skriven av":"Tomas Jarvid","Ber\u00e4knad l\u00e4stid":"3 minuter"},"schema":{"@context":"https:\/\/schema.org","@graph":[{"@type":"Article","@id":"https:\/\/blogg.svenskakyrkan.se\/vandravagen\/2012\/12\/07\/mer-sno-och-den-goda-hustrun\/#article","isPartOf":{"@id":"https:\/\/blogg.svenskakyrkan.se\/vandravagen\/2012\/12\/07\/mer-sno-och-den-goda-hustrun\/"},"author":{"name":"Tomas Jarvid","@id":"https:\/\/blogg.svenskakyrkan.se\/vandravagen\/#\/schema\/person\/25da02d4f76b137d04291711e2c9fc16"},"headline":"Mer sn\u00f6, och den goda hustrun!","datePublished":"2012-12-07T07:56:00+00:00","mainEntityOfPage":{"@id":"https:\/\/blogg.svenskakyrkan.se\/vandravagen\/2012\/12\/07\/mer-sno-och-den-goda-hustrun\/"},"wordCount":588,"commentCount":1,"publisher":{"@id":"https:\/\/blogg.svenskakyrkan.se\/vandravagen\/#organization"},"image":{"@id":"https:\/\/blogg.svenskakyrkan.se\/vandravagen\/2012\/12\/07\/mer-sno-och-den-goda-hustrun\/#primaryimage"},"thumbnailUrl":"https:\/\/lh4.googleusercontent.com\/-kB2FzA-yb_o\/UMDUUsrlLMI\/AAAAAAAABPo\/rjKQpmPJLr0\/s400\/blogger-image-1090038324.jpg","articleSection":["bibel","man och kvinna"],"inLanguage":"sv-SE","potentialAction":[{"@type":"CommentAction","name":"Comment","target":["https:\/\/blogg.svenskakyrkan.se\/vandravagen\/2012\/12\/07\/mer-sno-och-den-goda-hustrun\/#respond"]}]},{"@type":"WebPage","@id":"https:\/\/blogg.svenskakyrkan.se\/vandravagen\/2012\/12\/07\/mer-sno-och-den-goda-hustrun\/","url":"https:\/\/blogg.svenskakyrkan.se\/vandravagen\/2012\/12\/07\/mer-sno-och-den-goda-hustrun\/","name":"Mer sn\u00f6, och den goda hustrun! - Vandra V\u00e4gen","isPartOf":{"@id":"https:\/\/blogg.svenskakyrkan.se\/vandravagen\/#website"},"primaryImageOfPage":{"@id":"https:\/\/blogg.svenskakyrkan.se\/vandravagen\/2012\/12\/07\/mer-sno-och-den-goda-hustrun\/#primaryimage"},"image":{"@id":"https:\/\/blogg.svenskakyrkan.se\/vandravagen\/2012\/12\/07\/mer-sno-och-den-goda-hustrun\/#primaryimage"},"thumbnailUrl":"https:\/\/lh4.googleusercontent.com\/-kB2FzA-yb_o\/UMDUUsrlLMI\/AAAAAAAABPo\/rjKQpmPJLr0\/s400\/blogger-image-1090038324.jpg","datePublished":"2012-12-07T07:56:00+00:00","breadcrumb":{"@id":"https:\/\/blogg.svenskakyrkan.se\/vandravagen\/2012\/12\/07\/mer-sno-och-den-goda-hustrun\/#breadcrumb"},"inLanguage":"sv-SE","potentialAction":[{"@type":"ReadAction","target":["https:\/\/blogg.svenskakyrkan.se\/vandravagen\/2012\/12\/07\/mer-sno-och-den-goda-hustrun\/"]}]},{"@type":"ImageObject","inLanguage":"sv-SE","@id":"https:\/\/blogg.svenskakyrkan.se\/vandravagen\/2012\/12\/07\/mer-sno-och-den-goda-hustrun\/#primaryimage","url":"https:\/\/lh4.googleusercontent.com\/-kB2FzA-yb_o\/UMDUUsrlLMI\/AAAAAAAABPo\/rjKQpmPJLr0\/s400\/blogger-image-1090038324.jpg","contentUrl":"https:\/\/lh4.googleusercontent.com\/-kB2FzA-yb_o\/UMDUUsrlLMI\/AAAAAAAABPo\/rjKQpmPJLr0\/s400\/blogger-image-1090038324.jpg"},{"@type":"BreadcrumbList","@id":"https:\/\/blogg.svenskakyrkan.se\/vandravagen\/2012\/12\/07\/mer-sno-och-den-goda-hustrun\/#breadcrumb","itemListElement":[{"@type":"ListItem","position":1,"name":"Hem","item":"https:\/\/blogg.svenskakyrkan.se\/vandravagen\/"},{"@type":"ListItem","position":2,"name":"Mer sn\u00f6, och den goda hustrun!"}]},{"@type":"WebSite","@id":"https:\/\/blogg.svenskakyrkan.se\/vandravagen\/#website","url":"https:\/\/blogg.svenskakyrkan.se\/vandravagen\/","name":"Vandra V\u00e4gen","description":"-Mot en tro f\u00f6r hela livet","publisher":{"@id":"https:\/\/blogg.svenskakyrkan.se\/vandravagen\/#organization"},"potentialAction":[{"@type":"SearchAction","target":{"@type":"EntryPoint","urlTemplate":"https:\/\/blogg.svenskakyrkan.se\/vandravagen\/?s={search_term_string}"},"query-input":{"@type":"PropertyValueSpecification","valueRequired":true,"valueName":"search_term_string"}}],"inLanguage":"sv-SE"},{"@type":"Organization","@id":"https:\/\/blogg.svenskakyrkan.se\/vandravagen\/#organization","name":"ulricehamns pastorat","alternateName":"ulricehamns pastorat","url":"https:\/\/blogg.svenskakyrkan.se\/vandravagen\/","logo":{"@type":"ImageObject","inLanguage":"sv-SE","@id":"https:\/\/blogg.svenskakyrkan.se\/vandravagen\/#\/schema\/logo\/image\/","url":"https:\/\/blogg.svenskakyrkan.se\/vandravagen\/files\/2023\/05\/Ulr_logo_RGB.png","contentUrl":"https:\/\/blogg.svenskakyrkan.se\/vandravagen\/files\/2023\/05\/Ulr_logo_RGB.png","width":205,"height":77,"caption":"ulricehamns pastorat"},"image":{"@id":"https:\/\/blogg.svenskakyrkan.se\/vandravagen\/#\/schema\/logo\/image\/"},"sameAs":["http:\/\/facebook.com\/vandravagen","https:\/\/x.com\/fadertomas","http:\/\/www.facebook.com\/svenskakyrkaniulricehamn"]},{"@type":"Person","@id":"https:\/\/blogg.svenskakyrkan.se\/vandravagen\/#\/schema\/person\/25da02d4f76b137d04291711e2c9fc16","name":"Tomas Jarvid","image":{"@type":"ImageObject","inLanguage":"sv-SE","@id":"https:\/\/blogg.svenskakyrkan.se\/vandravagen\/#\/schema\/person\/image\/","url":"https:\/\/secure.gravatar.com\/avatar\/7fa71899795e8f540f615a1f5ab25255dc27aa40f05ee7ddd21aac521e01bf50?s=96&d=identicon&r=g","contentUrl":"https:\/\/secure.gravatar.com\/avatar\/7fa71899795e8f540f615a1f5ab25255dc27aa40f05ee7ddd21aac521e01bf50?s=96&d=identicon&r=g","caption":"Tomas Jarvid"},"description":"Jag bor i Ulricehamn i V\u00e4sterg\u00f6tland och \u00e4r f\u00f6rsamlingspr\u00e4st i Svenska Kyrkan f\u00f6r Dalstorps f\u00f6rsamling i Kinds pastorat. P\u00e5 den h\u00e4r bloggen skriver jag ner tankar om vandringen som kristen.","sameAs":["http:\/\/www.vandravagen.se"],"url":"https:\/\/blogg.svenskakyrkan.se\/vandravagen\/author\/vandravagen\/"}]}},"author_meta":{"ID":"392","user_nicename":"vandravagen","user_url":"http:\/\/www.vandravagen.se","user_registered":"2014-05-19 05:44:52","display_name":"Tomas Jarvid","first_name":"Tomas","last_name":"Jarvid","avatar":"https:\/\/secure.gravatar.com\/avatar\/7fa71899795e8f540f615a1f5ab25255dc27aa40f05ee7ddd21aac521e01bf50?s=96&d=identicon&r=g"},"featured_image":false,"bloginfo":{"name":"Vandra V\u00e4gen","url":"https:\/\/blogg.svenskakyrkan.se\/vandravagen"},"_links":{"self":[{"href":"https:\/\/blogg.svenskakyrkan.se\/vandravagen\/wp-json\/wp\/v2\/posts\/829","targetHints":{"allow":["GET"]}}],"collection":[{"href":"https:\/\/blogg.svenskakyrkan.se\/vandravagen\/wp-json\/wp\/v2\/posts"}],"about":[{"href":"https:\/\/blogg.svenskakyrkan.se\/vandravagen\/wp-json\/wp\/v2\/types\/post"}],"author":[{"embeddable":true,"href":"https:\/\/blogg.svenskakyrkan.se\/vandravagen\/wp-json\/wp\/v2\/users\/392"}],"replies":[{"embeddable":true,"href":"https:\/\/blogg.svenskakyrkan.se\/vandravagen\/wp-json\/wp\/v2\/comments?post=829"}],"version-history":[{"count":0,"href":"https:\/\/blogg.svenskakyrkan.se\/vandravagen\/wp-json\/wp\/v2\/posts\/829\/revisions"}],"wp:attachment":[{"href":"https:\/\/blogg.svenskakyrkan.se\/vandravagen\/wp-json\/wp\/v2\/media?parent=829"}],"wp:term":[{"taxonomy":"category","embeddable":true,"href":"https:\/\/blogg.svenskakyrkan.se\/vandravagen\/wp-json\/wp\/v2\/categories?post=829"},{"taxonomy":"post_tag","embeddable":true,"href":"https:\/\/blogg.svenskakyrkan.se\/vandravagen\/wp-json\/wp\/v2\/tags?post=829"}],"curies":[{"name":"wp","href":"https:\/\/api.w.org\/{rel}","templated":true}]}}