{"id":831,"date":"2012-12-06T09:03:00","date_gmt":"2012-12-06T08:03:00","guid":{"rendered":"http:\/\/blogg.svenskakyrkan.se\/vandravagen\/2012\/12\/06\/sno-i-bibeln\/"},"modified":"2012-12-06T09:03:00","modified_gmt":"2012-12-06T08:03:00","slug":"sno-i-bibeln","status":"publish","type":"post","link":"https:\/\/blogg.svenskakyrkan.se\/vandravagen\/2012\/12\/06\/sno-i-bibeln\/","title":{"rendered":"Sn\u00f6 i Bibeln"},"content":{"rendered":"<\/p>\n<table align=\"center\" cellpadding=\"0\" cellspacing=\"0\">\n<tbody>\n<tr>\n<td><a href=\"https:\/\/lh6.googleusercontent.com\/-VF5YrP90L9k\/ULjx1_RmeRI\/AAAAAAAABLU\/Vzzn2JJbcmA\/s640\/blogger-image-2010824959.jpg\"><img loading=\"lazy\" decoding=\"async\" border=\"0\" height=\"300\" src=\"https:\/\/lh6.googleusercontent.com\/-VF5YrP90L9k\/ULjx1_RmeRI\/AAAAAAAABLU\/Vzzn2JJbcmA\/s400\/blogger-image-2010824959.jpg\" width=\"400\"><\/a><\/td>\n<\/tr>\n<tr>\n<td>\u00c5ker, sn\u00f6 ger inte alltid s\u00e5 mycket liv \u00e5t \u00e5krar&#8230;<\/td>\n<\/tr>\n<\/tbody>\n<\/table>\n<p>Sn\u00f6n \u00e4r milt sagt aktuell igen. Men\u00a0finns det sn\u00f6 i Bibeln? De bibliska ber\u00e4ttelserna utspelar sig ju n\u00e4rmast i \u00f6kenv\u00e4rme nere i mellan\u00f6stern? Faktum \u00e4r att det sn\u00f6ar ibland nere i Israel, det kan till och med h\u00e4nda att det kommer p\u00e5 nyheterna hos oss n\u00e4r det g\u00f6r det. Israel har en r\u00e4tt lustig topografi d\u00e4r det inte alls \u00e4r l\u00e5ngt mellan d\u00f6da havet, jordens l\u00e4gsta punkt, n\u00e5gra hundra meter under havsniv\u00e5n, och Jerusalem p\u00e5 700 meter eller s\u00e5 \u00f6ver havet (hittar inte de exakta siffrorna just nu), n\u00e4r Jesus ska g\u00e5 <i>upp<\/i> till Jerusalem \u00e4r det allts\u00e5 bokstavligt talat 1000 meter upp han ska g\u00e5. Och p\u00e5 h\u00f6jderna f\u00f6rekommer det ibland sn\u00f6 \u00e4ven om det \u00e4r l\u00e5ngt s\u00f6derut.<\/p>\n<table align=\"center\" cellpadding=\"0\" cellspacing=\"0\">\n<tbody>\n<tr>\n<td><a href=\"https:\/\/lh6.googleusercontent.com\/-f3vRpggqHWg\/ULjx0xeKk5I\/AAAAAAAABLM\/bUdfWWvvKWg\/s640\/blogger-image-734407513.jpg\"><img loading=\"lazy\" decoding=\"async\" border=\"0\" height=\"400\" src=\"https:\/\/lh6.googleusercontent.com\/-f3vRpggqHWg\/ULjx0xeKk5I\/AAAAAAAABLM\/bUdfWWvvKWg\/s400\/blogger-image-734407513.jpg\" width=\"400\"><\/a><\/td>\n<\/tr>\n<tr>\n<td>B\u00e4linge kyrka i vinterskrud<\/td>\n<\/tr>\n<\/tbody>\n<\/table>\n<p><b>F\u00f6r det f\u00f6rsta<\/b><br \/>Sn\u00f6 n\u00e4mns ett trettiotal g\u00e5nger i bibeln, f\u00f6r det mesta f\u00f6r att beskriva n\u00e5got vitt. Till exempel kan de som drabbats av spet\u00e4lska beskrivas s\u00e5. Men ocks\u00e5 mer positivt ansl\u00e5ende saker. S\u00e5som verkligt vita kl\u00e4der eller vitt sk\u00e4gg. \u00c4ngeln som rullar undan stenen fr\u00e5n graven i Matteusevangeliets slut beskrivs s\u00e5 h\u00e4r:<\/p>\n<p><span>&#8221;Hans utseende var som blixten och hans kl\u00e4der vita som<\/span><span>\u00a0<\/span><strong>sn\u00f6&#8221;<\/strong><span>. (Matt 28:3)<\/span><br \/><span><br \/><\/span><span>Och m\u00e4nniskosonen beskriv s\u00e5h\u00e4r i Uppenbarelsebokens inledning:<\/span><br \/><span><br \/><\/span><span>&#8221;Hans huvud och h\u00e5r var vitt som vit ull, som<\/span><span>\u00a0<\/span><strong>sn\u00f6<\/strong><span>, och hans \u00f6gon var som eldsl\u00e5gor.&#8221; Upp 1:14<\/span><br \/><span><br \/><\/span><span>Det \u00e4r rimligt att sn\u00f6 var det vitaste man hade att ta till n\u00e4r det g\u00e4llde att beskriva vad det var man s\u00e5g, speciellt bra blekning var nog ovanligt p\u00e5 den tiden.<\/span><br \/><span><br \/><\/span><span><br \/><\/span><span><b>F\u00f6r det andra<\/b><\/span><span>Sn\u00f6 \u00e4r ocks\u00e5 en stark bild f\u00f6r <i>renhet<\/i>. Det \u00e4r ju en rimlig association minst sagt, och g\u00e5ngbar ocks\u00e5 hos oss i norr (fast det kan mycket v\u00e4l vara bildspr\u00e5k vi har f\u00e5tt fr\u00e5n bibeln). I psaltaren st\u00e5r det:<\/span><br \/><span><br \/><\/span><\/p>\n<blockquote>\n<p>&#8221;Rena mig med isop fr\u00e5n min synd,<br \/>tv\u00e4tta mig vit som\u00a0<strong>sn\u00f6&#8221;<\/strong>. (ps 51:9)<\/p>\n<\/blockquote>\n<p><span><br \/><\/span><span>Och i Jobs bok g\u00e5r man \u00e4nnu l\u00e4ngre genom att tala om att tv\u00e4tta sig med sn\u00f6 f\u00f6r att bli helt ren. Sk\u00f6nare \u00e4n lut i alla fall&#8230;<\/span><br \/><span><br \/><\/span><\/p>\n<blockquote>\n<p>&#8221;Om jag ocks\u00e5 tv\u00e4ttar mig med\u00a0<strong>sn\u00f6<\/strong>,<br \/>skrubbar mina h\u00e4nder i lut.&#8221; (Job 9:30)<\/p>\n<\/blockquote>\n<p><b>F\u00f6r det tredje<\/b><br \/><span>Andra omn\u00e4mnanden g\u00e5r ut p\u00e5 att det \u00e4r sk\u00f6nt med svalka, ibland l\u00e5ter det vettigt:<\/span><br \/><span><br \/><\/span><\/p>\n<blockquote>\n<p>&#8221;Som\u00a0<strong>sn\u00f6<\/strong>\u00a0om sommaren och regn vid sk\u00f6rden,<br \/>lika illa passar \u00e4ra f\u00f6r d\u00e5ren.&#8221; ords 26:1<\/p>\n<\/blockquote>\n<p><span><br \/><\/span><span>Men ibland l\u00e5ter det r\u00e4tt m\u00e4rkligt. Vem i Sverige k\u00e4nner igen sig i detta?<\/span><br \/><span><br \/><\/span><\/p>\n<blockquote>\n<p>&#8221;Som svalkande\u00a0<strong>sn\u00f6<\/strong>\u00a0en dag i sk\u00f6rden<br \/>\u00e4r ett p\u00e5litligt bud f\u00f6r den som skickar honom.<br \/>Han ger sin herre friska krafter.&#8221; ords 25:13<\/p>\n<\/blockquote>\n<p><b>F\u00f6r det fj\u00e4rde<\/b><br \/><span>Slutligen har vi det faktum att sn\u00f6n, likt regn, faller fr\u00e5n himlen ner till jorden. Det g\u00f6r att sn\u00f6 kan anv\u00e4ndas ocks\u00e5 som bild f\u00f6r hur Gud handlar genom sitt ord, att det h\u00e4nder saker n\u00e4r Gud talar p\u00e5 olika s\u00e4tt. Sedan kanske det d\u00e4r att sn\u00f6n vattnar jorden inte \u00e4r det f\u00f6rsta man t\u00e4nker p\u00e5 h\u00e4r hos oss d\u00e4r den ocks\u00e5 sammanfaller med en massa minusgrader och kanske ligger kvar flera m\u00e5nader.<\/span><br \/><span><br \/><\/span><\/p>\n<blockquote>\n<p><span>&#8221;10<\/span>Liksom regn och sn\u00f6 faller fr\u00e5n himlen<br \/>och inte v\u00e4nder tillbaka dit<br \/>utan vattnar jorden,<br \/>f\u00e5r den att gr\u00f6nska och b\u00e4ra frukt,<br \/>och ger s\u00e4d att s\u00e5 och br\u00f6d att \u00e4ta,<br \/><span>11<\/span>s\u00e5 \u00e4r det med ordet<br \/>som kommer fr\u00e5n min mun:<br \/>det v\u00e4nder inte fruktl\u00f6st tillbaka<br \/>utan g\u00f6r det jag vill<br \/>och utf\u00f6r mitt uppdrag.&#8221; (Jes 55:10-11)<\/p>\n<\/blockquote>\n<p>Intressant att fundera kring bildspr\u00e5k i olika kulturer. Sn\u00f6 v\u00e4cker en del starka k\u00e4nslor i v\u00e5rt land s\u00e5 jag vet inte hur mycket man v\u00e5gar fl\u00e4ska p\u00e5 med det i en predikan? Vad tycker du om sn\u00f6?<\/p>\n<div>\n<div>\n<div>\n<div><\/div>\n<div>\n<div><\/div>\n<\/div>\n<\/div>\n<\/div>\n<\/div>\n<div><\/div>\n<div><\/div>\n<div><\/div>\n<div><\/div>\n","protected":false},"excerpt":{"rendered":"<p>\u00c5ker, sn\u00f6 ger inte alltid s\u00e5 mycket liv \u00e5t \u00e5krar&#8230; Sn\u00f6n \u00e4r milt sagt aktuell igen. Men\u00a0finns det sn\u00f6 i Bibeln? De bibliska ber\u00e4ttelserna utspelar sig ju n\u00e4rmast i \u00f6kenv\u00e4rme nere i mellan\u00f6stern? Faktum \u00e4r att det sn\u00f6ar ibland nere i Israel, det kan till och med h\u00e4nda att det kommer p\u00e5 nyheterna hos oss [&hellip;]<\/p>\n","protected":false},"author":392,"featured_media":0,"comment_status":"open","ping_status":"open","sticky":false,"template":"","format":"standard","meta":{"_acf_changed":false,"footnotes":""},"categories":[14252],"tags":[],"class_list":["post-831","post","type-post","status-publish","format-standard","hentry","category-bibel"],"acf":[],"yoast_head":"<!-- This site is optimized with the Yoast SEO plugin v27.1.1 - https:\/\/yoast.com\/product\/yoast-seo-wordpress\/ -->\n<title>Sn\u00f6 i Bibeln - Vandra V\u00e4gen<\/title>\n<meta name=\"robots\" content=\"index, follow, max-snippet:-1, max-image-preview:large, max-video-preview:-1\" \/>\n<link rel=\"canonical\" href=\"https:\/\/blogg.svenskakyrkan.se\/vandravagen\/2012\/12\/06\/sno-i-bibeln\/\" \/>\n<meta property=\"og:locale\" content=\"sv_SE\" \/>\n<meta property=\"og:type\" content=\"article\" \/>\n<meta property=\"og:title\" content=\"Sn\u00f6 i Bibeln - Vandra V\u00e4gen\" \/>\n<meta property=\"og:description\" content=\"\u00c5ker, sn\u00f6 ger inte alltid s\u00e5 mycket liv \u00e5t \u00e5krar&#8230; Sn\u00f6n \u00e4r milt sagt aktuell igen. Men\u00a0finns det sn\u00f6 i Bibeln? De bibliska ber\u00e4ttelserna utspelar sig ju n\u00e4rmast i \u00f6kenv\u00e4rme nere i mellan\u00f6stern? Faktum \u00e4r att det sn\u00f6ar ibland nere i Israel, det kan till och med h\u00e4nda att det kommer p\u00e5 nyheterna hos oss [&hellip;]\" \/>\n<meta property=\"og:url\" content=\"https:\/\/blogg.svenskakyrkan.se\/vandravagen\/2012\/12\/06\/sno-i-bibeln\/\" \/>\n<meta property=\"og:site_name\" content=\"Vandra V\u00e4gen\" \/>\n<meta property=\"article:publisher\" content=\"http:\/\/facebook.com\/vandravagen\" \/>\n<meta property=\"article:published_time\" content=\"2012-12-06T08:03:00+00:00\" \/>\n<meta property=\"og:image\" content=\"https:\/\/lh6.googleusercontent.com\/-VF5YrP90L9k\/ULjx1_RmeRI\/AAAAAAAABLU\/Vzzn2JJbcmA\/s400\/blogger-image-2010824959.jpg\" \/>\n<meta name=\"author\" content=\"Tomas Jarvid\" \/>\n<meta name=\"twitter:card\" content=\"summary_large_image\" \/>\n<meta name=\"twitter:creator\" content=\"@fadertomas\" \/>\n<meta name=\"twitter:site\" content=\"@fadertomas\" \/>\n<meta name=\"twitter:label1\" content=\"Skriven av\" \/>\n\t<meta name=\"twitter:data1\" content=\"Tomas Jarvid\" \/>\n\t<meta name=\"twitter:label2\" content=\"Ber\u00e4knad l\u00e4stid\" \/>\n\t<meta name=\"twitter:data2\" content=\"3 minuter\" \/>\n<script type=\"application\/ld+json\" class=\"yoast-schema-graph\">{\"@context\":\"https:\/\/schema.org\",\"@graph\":[{\"@type\":\"Article\",\"@id\":\"https:\/\/blogg.svenskakyrkan.se\/vandravagen\/2012\/12\/06\/sno-i-bibeln\/#article\",\"isPartOf\":{\"@id\":\"https:\/\/blogg.svenskakyrkan.se\/vandravagen\/2012\/12\/06\/sno-i-bibeln\/\"},\"author\":{\"name\":\"Tomas Jarvid\",\"@id\":\"https:\/\/blogg.svenskakyrkan.se\/vandravagen\/#\/schema\/person\/25da02d4f76b137d04291711e2c9fc16\"},\"headline\":\"Sn\u00f6 i Bibeln\",\"datePublished\":\"2012-12-06T08:03:00+00:00\",\"mainEntityOfPage\":{\"@id\":\"https:\/\/blogg.svenskakyrkan.se\/vandravagen\/2012\/12\/06\/sno-i-bibeln\/\"},\"wordCount\":701,\"commentCount\":6,\"publisher\":{\"@id\":\"https:\/\/blogg.svenskakyrkan.se\/vandravagen\/#organization\"},\"image\":{\"@id\":\"https:\/\/blogg.svenskakyrkan.se\/vandravagen\/2012\/12\/06\/sno-i-bibeln\/#primaryimage\"},\"thumbnailUrl\":\"https:\/\/lh6.googleusercontent.com\/-VF5YrP90L9k\/ULjx1_RmeRI\/AAAAAAAABLU\/Vzzn2JJbcmA\/s400\/blogger-image-2010824959.jpg\",\"articleSection\":[\"bibel\"],\"inLanguage\":\"sv-SE\",\"potentialAction\":[{\"@type\":\"CommentAction\",\"name\":\"Comment\",\"target\":[\"https:\/\/blogg.svenskakyrkan.se\/vandravagen\/2012\/12\/06\/sno-i-bibeln\/#respond\"]}]},{\"@type\":\"WebPage\",\"@id\":\"https:\/\/blogg.svenskakyrkan.se\/vandravagen\/2012\/12\/06\/sno-i-bibeln\/\",\"url\":\"https:\/\/blogg.svenskakyrkan.se\/vandravagen\/2012\/12\/06\/sno-i-bibeln\/\",\"name\":\"Sn\u00f6 i Bibeln - Vandra V\u00e4gen\",\"isPartOf\":{\"@id\":\"https:\/\/blogg.svenskakyrkan.se\/vandravagen\/#website\"},\"primaryImageOfPage\":{\"@id\":\"https:\/\/blogg.svenskakyrkan.se\/vandravagen\/2012\/12\/06\/sno-i-bibeln\/#primaryimage\"},\"image\":{\"@id\":\"https:\/\/blogg.svenskakyrkan.se\/vandravagen\/2012\/12\/06\/sno-i-bibeln\/#primaryimage\"},\"thumbnailUrl\":\"https:\/\/lh6.googleusercontent.com\/-VF5YrP90L9k\/ULjx1_RmeRI\/AAAAAAAABLU\/Vzzn2JJbcmA\/s400\/blogger-image-2010824959.jpg\",\"datePublished\":\"2012-12-06T08:03:00+00:00\",\"breadcrumb\":{\"@id\":\"https:\/\/blogg.svenskakyrkan.se\/vandravagen\/2012\/12\/06\/sno-i-bibeln\/#breadcrumb\"},\"inLanguage\":\"sv-SE\",\"potentialAction\":[{\"@type\":\"ReadAction\",\"target\":[\"https:\/\/blogg.svenskakyrkan.se\/vandravagen\/2012\/12\/06\/sno-i-bibeln\/\"]}]},{\"@type\":\"ImageObject\",\"inLanguage\":\"sv-SE\",\"@id\":\"https:\/\/blogg.svenskakyrkan.se\/vandravagen\/2012\/12\/06\/sno-i-bibeln\/#primaryimage\",\"url\":\"https:\/\/lh6.googleusercontent.com\/-VF5YrP90L9k\/ULjx1_RmeRI\/AAAAAAAABLU\/Vzzn2JJbcmA\/s400\/blogger-image-2010824959.jpg\",\"contentUrl\":\"https:\/\/lh6.googleusercontent.com\/-VF5YrP90L9k\/ULjx1_RmeRI\/AAAAAAAABLU\/Vzzn2JJbcmA\/s400\/blogger-image-2010824959.jpg\"},{\"@type\":\"BreadcrumbList\",\"@id\":\"https:\/\/blogg.svenskakyrkan.se\/vandravagen\/2012\/12\/06\/sno-i-bibeln\/#breadcrumb\",\"itemListElement\":[{\"@type\":\"ListItem\",\"position\":1,\"name\":\"Hem\",\"item\":\"https:\/\/blogg.svenskakyrkan.se\/vandravagen\/\"},{\"@type\":\"ListItem\",\"position\":2,\"name\":\"Sn\u00f6 i Bibeln\"}]},{\"@type\":\"WebSite\",\"@id\":\"https:\/\/blogg.svenskakyrkan.se\/vandravagen\/#website\",\"url\":\"https:\/\/blogg.svenskakyrkan.se\/vandravagen\/\",\"name\":\"Vandra V\u00e4gen\",\"description\":\"-Mot en tro f\u00f6r hela livet\",\"publisher\":{\"@id\":\"https:\/\/blogg.svenskakyrkan.se\/vandravagen\/#organization\"},\"potentialAction\":[{\"@type\":\"SearchAction\",\"target\":{\"@type\":\"EntryPoint\",\"urlTemplate\":\"https:\/\/blogg.svenskakyrkan.se\/vandravagen\/?s={search_term_string}\"},\"query-input\":{\"@type\":\"PropertyValueSpecification\",\"valueRequired\":true,\"valueName\":\"search_term_string\"}}],\"inLanguage\":\"sv-SE\"},{\"@type\":\"Organization\",\"@id\":\"https:\/\/blogg.svenskakyrkan.se\/vandravagen\/#organization\",\"name\":\"ulricehamns pastorat\",\"alternateName\":\"ulricehamns pastorat\",\"url\":\"https:\/\/blogg.svenskakyrkan.se\/vandravagen\/\",\"logo\":{\"@type\":\"ImageObject\",\"inLanguage\":\"sv-SE\",\"@id\":\"https:\/\/blogg.svenskakyrkan.se\/vandravagen\/#\/schema\/logo\/image\/\",\"url\":\"https:\/\/blogg.svenskakyrkan.se\/vandravagen\/files\/2023\/05\/Ulr_logo_RGB.png\",\"contentUrl\":\"https:\/\/blogg.svenskakyrkan.se\/vandravagen\/files\/2023\/05\/Ulr_logo_RGB.png\",\"width\":205,\"height\":77,\"caption\":\"ulricehamns pastorat\"},\"image\":{\"@id\":\"https:\/\/blogg.svenskakyrkan.se\/vandravagen\/#\/schema\/logo\/image\/\"},\"sameAs\":[\"http:\/\/facebook.com\/vandravagen\",\"https:\/\/x.com\/fadertomas\",\"http:\/\/www.facebook.com\/svenskakyrkaniulricehamn\"]},{\"@type\":\"Person\",\"@id\":\"https:\/\/blogg.svenskakyrkan.se\/vandravagen\/#\/schema\/person\/25da02d4f76b137d04291711e2c9fc16\",\"name\":\"Tomas Jarvid\",\"image\":{\"@type\":\"ImageObject\",\"inLanguage\":\"sv-SE\",\"@id\":\"https:\/\/blogg.svenskakyrkan.se\/vandravagen\/#\/schema\/person\/image\/\",\"url\":\"https:\/\/secure.gravatar.com\/avatar\/7fa71899795e8f540f615a1f5ab25255dc27aa40f05ee7ddd21aac521e01bf50?s=96&d=identicon&r=g\",\"contentUrl\":\"https:\/\/secure.gravatar.com\/avatar\/7fa71899795e8f540f615a1f5ab25255dc27aa40f05ee7ddd21aac521e01bf50?s=96&d=identicon&r=g\",\"caption\":\"Tomas Jarvid\"},\"description\":\"Jag bor i Ulricehamn i V\u00e4sterg\u00f6tland och \u00e4r f\u00f6rsamlingspr\u00e4st i Svenska Kyrkan f\u00f6r Dalstorps f\u00f6rsamling i Kinds pastorat. P\u00e5 den h\u00e4r bloggen skriver jag ner tankar om vandringen som kristen.\",\"sameAs\":[\"http:\/\/www.vandravagen.se\"],\"url\":\"https:\/\/blogg.svenskakyrkan.se\/vandravagen\/author\/vandravagen\/\"}]}<\/script>\n<!-- \/ Yoast SEO plugin. -->","yoast_head_json":{"title":"Sn\u00f6 i Bibeln - Vandra V\u00e4gen","robots":{"index":"index","follow":"follow","max-snippet":"max-snippet:-1","max-image-preview":"max-image-preview:large","max-video-preview":"max-video-preview:-1"},"canonical":"https:\/\/blogg.svenskakyrkan.se\/vandravagen\/2012\/12\/06\/sno-i-bibeln\/","og_locale":"sv_SE","og_type":"article","og_title":"Sn\u00f6 i Bibeln - Vandra V\u00e4gen","og_description":"\u00c5ker, sn\u00f6 ger inte alltid s\u00e5 mycket liv \u00e5t \u00e5krar&#8230; Sn\u00f6n \u00e4r milt sagt aktuell igen. Men\u00a0finns det sn\u00f6 i Bibeln? De bibliska ber\u00e4ttelserna utspelar sig ju n\u00e4rmast i \u00f6kenv\u00e4rme nere i mellan\u00f6stern? Faktum \u00e4r att det sn\u00f6ar ibland nere i Israel, det kan till och med h\u00e4nda att det kommer p\u00e5 nyheterna hos oss [&hellip;]","og_url":"https:\/\/blogg.svenskakyrkan.se\/vandravagen\/2012\/12\/06\/sno-i-bibeln\/","og_site_name":"Vandra V\u00e4gen","article_publisher":"http:\/\/facebook.com\/vandravagen","article_published_time":"2012-12-06T08:03:00+00:00","og_image":[{"url":"https:\/\/lh6.googleusercontent.com\/-VF5YrP90L9k\/ULjx1_RmeRI\/AAAAAAAABLU\/Vzzn2JJbcmA\/s400\/blogger-image-2010824959.jpg","type":"","width":"","height":""}],"author":"Tomas Jarvid","twitter_card":"summary_large_image","twitter_creator":"@fadertomas","twitter_site":"@fadertomas","twitter_misc":{"Skriven av":"Tomas Jarvid","Ber\u00e4knad l\u00e4stid":"3 minuter"},"schema":{"@context":"https:\/\/schema.org","@graph":[{"@type":"Article","@id":"https:\/\/blogg.svenskakyrkan.se\/vandravagen\/2012\/12\/06\/sno-i-bibeln\/#article","isPartOf":{"@id":"https:\/\/blogg.svenskakyrkan.se\/vandravagen\/2012\/12\/06\/sno-i-bibeln\/"},"author":{"name":"Tomas Jarvid","@id":"https:\/\/blogg.svenskakyrkan.se\/vandravagen\/#\/schema\/person\/25da02d4f76b137d04291711e2c9fc16"},"headline":"Sn\u00f6 i Bibeln","datePublished":"2012-12-06T08:03:00+00:00","mainEntityOfPage":{"@id":"https:\/\/blogg.svenskakyrkan.se\/vandravagen\/2012\/12\/06\/sno-i-bibeln\/"},"wordCount":701,"commentCount":6,"publisher":{"@id":"https:\/\/blogg.svenskakyrkan.se\/vandravagen\/#organization"},"image":{"@id":"https:\/\/blogg.svenskakyrkan.se\/vandravagen\/2012\/12\/06\/sno-i-bibeln\/#primaryimage"},"thumbnailUrl":"https:\/\/lh6.googleusercontent.com\/-VF5YrP90L9k\/ULjx1_RmeRI\/AAAAAAAABLU\/Vzzn2JJbcmA\/s400\/blogger-image-2010824959.jpg","articleSection":["bibel"],"inLanguage":"sv-SE","potentialAction":[{"@type":"CommentAction","name":"Comment","target":["https:\/\/blogg.svenskakyrkan.se\/vandravagen\/2012\/12\/06\/sno-i-bibeln\/#respond"]}]},{"@type":"WebPage","@id":"https:\/\/blogg.svenskakyrkan.se\/vandravagen\/2012\/12\/06\/sno-i-bibeln\/","url":"https:\/\/blogg.svenskakyrkan.se\/vandravagen\/2012\/12\/06\/sno-i-bibeln\/","name":"Sn\u00f6 i Bibeln - Vandra V\u00e4gen","isPartOf":{"@id":"https:\/\/blogg.svenskakyrkan.se\/vandravagen\/#website"},"primaryImageOfPage":{"@id":"https:\/\/blogg.svenskakyrkan.se\/vandravagen\/2012\/12\/06\/sno-i-bibeln\/#primaryimage"},"image":{"@id":"https:\/\/blogg.svenskakyrkan.se\/vandravagen\/2012\/12\/06\/sno-i-bibeln\/#primaryimage"},"thumbnailUrl":"https:\/\/lh6.googleusercontent.com\/-VF5YrP90L9k\/ULjx1_RmeRI\/AAAAAAAABLU\/Vzzn2JJbcmA\/s400\/blogger-image-2010824959.jpg","datePublished":"2012-12-06T08:03:00+00:00","breadcrumb":{"@id":"https:\/\/blogg.svenskakyrkan.se\/vandravagen\/2012\/12\/06\/sno-i-bibeln\/#breadcrumb"},"inLanguage":"sv-SE","potentialAction":[{"@type":"ReadAction","target":["https:\/\/blogg.svenskakyrkan.se\/vandravagen\/2012\/12\/06\/sno-i-bibeln\/"]}]},{"@type":"ImageObject","inLanguage":"sv-SE","@id":"https:\/\/blogg.svenskakyrkan.se\/vandravagen\/2012\/12\/06\/sno-i-bibeln\/#primaryimage","url":"https:\/\/lh6.googleusercontent.com\/-VF5YrP90L9k\/ULjx1_RmeRI\/AAAAAAAABLU\/Vzzn2JJbcmA\/s400\/blogger-image-2010824959.jpg","contentUrl":"https:\/\/lh6.googleusercontent.com\/-VF5YrP90L9k\/ULjx1_RmeRI\/AAAAAAAABLU\/Vzzn2JJbcmA\/s400\/blogger-image-2010824959.jpg"},{"@type":"BreadcrumbList","@id":"https:\/\/blogg.svenskakyrkan.se\/vandravagen\/2012\/12\/06\/sno-i-bibeln\/#breadcrumb","itemListElement":[{"@type":"ListItem","position":1,"name":"Hem","item":"https:\/\/blogg.svenskakyrkan.se\/vandravagen\/"},{"@type":"ListItem","position":2,"name":"Sn\u00f6 i Bibeln"}]},{"@type":"WebSite","@id":"https:\/\/blogg.svenskakyrkan.se\/vandravagen\/#website","url":"https:\/\/blogg.svenskakyrkan.se\/vandravagen\/","name":"Vandra V\u00e4gen","description":"-Mot en tro f\u00f6r hela livet","publisher":{"@id":"https:\/\/blogg.svenskakyrkan.se\/vandravagen\/#organization"},"potentialAction":[{"@type":"SearchAction","target":{"@type":"EntryPoint","urlTemplate":"https:\/\/blogg.svenskakyrkan.se\/vandravagen\/?s={search_term_string}"},"query-input":{"@type":"PropertyValueSpecification","valueRequired":true,"valueName":"search_term_string"}}],"inLanguage":"sv-SE"},{"@type":"Organization","@id":"https:\/\/blogg.svenskakyrkan.se\/vandravagen\/#organization","name":"ulricehamns pastorat","alternateName":"ulricehamns pastorat","url":"https:\/\/blogg.svenskakyrkan.se\/vandravagen\/","logo":{"@type":"ImageObject","inLanguage":"sv-SE","@id":"https:\/\/blogg.svenskakyrkan.se\/vandravagen\/#\/schema\/logo\/image\/","url":"https:\/\/blogg.svenskakyrkan.se\/vandravagen\/files\/2023\/05\/Ulr_logo_RGB.png","contentUrl":"https:\/\/blogg.svenskakyrkan.se\/vandravagen\/files\/2023\/05\/Ulr_logo_RGB.png","width":205,"height":77,"caption":"ulricehamns pastorat"},"image":{"@id":"https:\/\/blogg.svenskakyrkan.se\/vandravagen\/#\/schema\/logo\/image\/"},"sameAs":["http:\/\/facebook.com\/vandravagen","https:\/\/x.com\/fadertomas","http:\/\/www.facebook.com\/svenskakyrkaniulricehamn"]},{"@type":"Person","@id":"https:\/\/blogg.svenskakyrkan.se\/vandravagen\/#\/schema\/person\/25da02d4f76b137d04291711e2c9fc16","name":"Tomas Jarvid","image":{"@type":"ImageObject","inLanguage":"sv-SE","@id":"https:\/\/blogg.svenskakyrkan.se\/vandravagen\/#\/schema\/person\/image\/","url":"https:\/\/secure.gravatar.com\/avatar\/7fa71899795e8f540f615a1f5ab25255dc27aa40f05ee7ddd21aac521e01bf50?s=96&d=identicon&r=g","contentUrl":"https:\/\/secure.gravatar.com\/avatar\/7fa71899795e8f540f615a1f5ab25255dc27aa40f05ee7ddd21aac521e01bf50?s=96&d=identicon&r=g","caption":"Tomas Jarvid"},"description":"Jag bor i Ulricehamn i V\u00e4sterg\u00f6tland och \u00e4r f\u00f6rsamlingspr\u00e4st i Svenska Kyrkan f\u00f6r Dalstorps f\u00f6rsamling i Kinds pastorat. P\u00e5 den h\u00e4r bloggen skriver jag ner tankar om vandringen som kristen.","sameAs":["http:\/\/www.vandravagen.se"],"url":"https:\/\/blogg.svenskakyrkan.se\/vandravagen\/author\/vandravagen\/"}]}},"author_meta":{"ID":"392","user_nicename":"vandravagen","user_url":"http:\/\/www.vandravagen.se","user_registered":"2014-05-19 05:44:52","display_name":"Tomas Jarvid","first_name":"Tomas","last_name":"Jarvid","avatar":"https:\/\/secure.gravatar.com\/avatar\/7fa71899795e8f540f615a1f5ab25255dc27aa40f05ee7ddd21aac521e01bf50?s=96&d=identicon&r=g"},"featured_image":false,"bloginfo":{"name":"Vandra V\u00e4gen","url":"https:\/\/blogg.svenskakyrkan.se\/vandravagen"},"_links":{"self":[{"href":"https:\/\/blogg.svenskakyrkan.se\/vandravagen\/wp-json\/wp\/v2\/posts\/831","targetHints":{"allow":["GET"]}}],"collection":[{"href":"https:\/\/blogg.svenskakyrkan.se\/vandravagen\/wp-json\/wp\/v2\/posts"}],"about":[{"href":"https:\/\/blogg.svenskakyrkan.se\/vandravagen\/wp-json\/wp\/v2\/types\/post"}],"author":[{"embeddable":true,"href":"https:\/\/blogg.svenskakyrkan.se\/vandravagen\/wp-json\/wp\/v2\/users\/392"}],"replies":[{"embeddable":true,"href":"https:\/\/blogg.svenskakyrkan.se\/vandravagen\/wp-json\/wp\/v2\/comments?post=831"}],"version-history":[{"count":0,"href":"https:\/\/blogg.svenskakyrkan.se\/vandravagen\/wp-json\/wp\/v2\/posts\/831\/revisions"}],"wp:attachment":[{"href":"https:\/\/blogg.svenskakyrkan.se\/vandravagen\/wp-json\/wp\/v2\/media?parent=831"}],"wp:term":[{"taxonomy":"category","embeddable":true,"href":"https:\/\/blogg.svenskakyrkan.se\/vandravagen\/wp-json\/wp\/v2\/categories?post=831"},{"taxonomy":"post_tag","embeddable":true,"href":"https:\/\/blogg.svenskakyrkan.se\/vandravagen\/wp-json\/wp\/v2\/tags?post=831"}],"curies":[{"name":"wp","href":"https:\/\/api.w.org\/{rel}","templated":true}]}}