{"id":8314,"date":"2020-11-28T07:00:22","date_gmt":"2020-11-28T06:00:22","guid":{"rendered":"http:\/\/blogg.svenskakyrkan.se\/vandravagen\/?p=8314"},"modified":"2020-11-27T22:39:54","modified_gmt":"2020-11-27T21:39:54","slug":"en-prast-laser-barnens-basta-bibel","status":"publish","type":"post","link":"https:\/\/blogg.svenskakyrkan.se\/vandravagen\/2020\/11\/28\/en-prast-laser-barnens-basta-bibel\/","title":{"rendered":"En pr\u00e4st l\u00e4ser &#8221;Barnens b\u00e4sta bibel&#8221;"},"content":{"rendered":"\n\n\n<figure class=\"wp-block-image size-large\"><img loading=\"lazy\" decoding=\"async\" width=\"1024\" height=\"768\" src=\"http:\/\/blogg.svenskakyrkan.se\/vandravagen\/files\/2020\/11\/bbb-rotated-e1606212171474-1024x768.jpg\" alt=\"\" class=\"wp-image-8316\" srcset=\"https:\/\/blogg.svenskakyrkan.se\/vandravagen\/files\/2020\/11\/bbb-rotated-e1606212171474-1024x768.jpg 1024w, https:\/\/blogg.svenskakyrkan.se\/vandravagen\/files\/2020\/11\/bbb-rotated-e1606212171474-300x225.jpg 300w, https:\/\/blogg.svenskakyrkan.se\/vandravagen\/files\/2020\/11\/bbb-rotated-e1606212171474-768x576.jpg 768w, https:\/\/blogg.svenskakyrkan.se\/vandravagen\/files\/2020\/11\/bbb-rotated-e1606212171474-1536x1152.jpg 1536w, https:\/\/blogg.svenskakyrkan.se\/vandravagen\/files\/2020\/11\/bbb-rotated-e1606212171474-1200x900.jpg 1200w, https:\/\/blogg.svenskakyrkan.se\/vandravagen\/files\/2020\/11\/bbb-rotated-e1606212171474.jpg 2016w\" sizes=\"auto, (max-width: 1024px) 100vw, 1024px\" \/><\/figure>\n\n\n\n<p>Det finns massor av barnbiblar, och \u00e4nnu fler om man r\u00e4knar med enskilda bibelber\u00e4ttelser f\u00f6r barn i bokform. D\u00e4remot \u00e4r det ganska ovanligt att de som skriver b\u00f6ckerna \u00e4r teologer. Den h\u00e4r &#8221;barnens b\u00e4sta bibel&#8221; \u00e4r skriven av biskop S\u00f6ren Dalevi i Karlstad och illustrerad av Marcus-Gunnar Pettersson.<\/p>\n\n\n\n<p>Bilderna \u00f6verraskar en hel del. De \u00e4r s\u00e4llan s\u00e5 d\u00e4r v\u00e4rst v\u00f6rdnadsfulla och f\u00f6rsiktiga fast de nu \u00e5terfinns i en bibel. S\u00e5 h\u00e4r ser det till exempel ut n\u00e4r den lame mannen ska bli nerfirad genom taket f\u00f6r att bli botad av Jesus. <\/p>\n\n\n\n<figure class=\"wp-block-image size-large\"><img loading=\"lazy\" decoding=\"async\" width=\"1024\" height=\"768\" src=\"http:\/\/blogg.svenskakyrkan.se\/vandravagen\/files\/2020\/11\/bbb3-1-rotated-e1606212299534-1024x768.jpg\" alt=\"\" class=\"wp-image-8319\" srcset=\"https:\/\/blogg.svenskakyrkan.se\/vandravagen\/files\/2020\/11\/bbb3-1-rotated-e1606212299534-1024x768.jpg 1024w, https:\/\/blogg.svenskakyrkan.se\/vandravagen\/files\/2020\/11\/bbb3-1-rotated-e1606212299534-300x225.jpg 300w, https:\/\/blogg.svenskakyrkan.se\/vandravagen\/files\/2020\/11\/bbb3-1-rotated-e1606212299534-768x576.jpg 768w, https:\/\/blogg.svenskakyrkan.se\/vandravagen\/files\/2020\/11\/bbb3-1-rotated-e1606212299534-1536x1152.jpg 1536w, https:\/\/blogg.svenskakyrkan.se\/vandravagen\/files\/2020\/11\/bbb3-1-rotated-e1606212299534-1200x900.jpg 1200w, https:\/\/blogg.svenskakyrkan.se\/vandravagen\/files\/2020\/11\/bbb3-1-rotated-e1606212299534.jpg 2016w\" sizes=\"auto, (max-width: 1024px) 100vw, 1024px\" \/><\/figure>\n\n\n\n<p>Det \u00e4r en salig blandning av detaljer som ser gamla ut och s\u00e5dant som ser mer samtida ut och summan av det blir p\u00e5 n\u00e5got s\u00e4tt att det k\u00e4nns som att ber\u00e4ttelserna kommer n\u00e4rmare och knyter an till v\u00e5ra liv mer. En del figurer \u00e4r ocks\u00e5 ganska groteska eller l\u00f6jliga och det passerar ocks\u00e5. Och s\u00e5 f\u00e5r man ju s\u00e4ga att det \u00e4r sk\u00f6nt att det finns en stor m\u00e5ngfald av utseenden p\u00e5 m\u00e4nniskorna.<\/p>\n\n\n\n<p>Men s\u00e5 finns det ocks\u00e5 bilder som ser v\u00e4ldigt storslagna ut, s\u00e4rskilt s\u00e5na som skildrar ljus och m\u00f6rker och hur sm\u00e5 m\u00e4nniskorna \u00e4r under den vida himlen. Som h\u00e4r med Jakob i Betel.<\/p>\n\n\n\n<figure class=\"wp-block-image size-large\"><img loading=\"lazy\" decoding=\"async\" width=\"1024\" height=\"768\" src=\"http:\/\/blogg.svenskakyrkan.se\/vandravagen\/files\/2020\/11\/bbb2-rotated-e1606212231770-1024x768.jpg\" alt=\"\" class=\"wp-image-8317\" srcset=\"https:\/\/blogg.svenskakyrkan.se\/vandravagen\/files\/2020\/11\/bbb2-rotated-e1606212231770-1024x768.jpg 1024w, https:\/\/blogg.svenskakyrkan.se\/vandravagen\/files\/2020\/11\/bbb2-rotated-e1606212231770-300x225.jpg 300w, https:\/\/blogg.svenskakyrkan.se\/vandravagen\/files\/2020\/11\/bbb2-rotated-e1606212231770-768x576.jpg 768w, https:\/\/blogg.svenskakyrkan.se\/vandravagen\/files\/2020\/11\/bbb2-rotated-e1606212231770-1536x1152.jpg 1536w, https:\/\/blogg.svenskakyrkan.se\/vandravagen\/files\/2020\/11\/bbb2-rotated-e1606212231770-1200x900.jpg 1200w, https:\/\/blogg.svenskakyrkan.se\/vandravagen\/files\/2020\/11\/bbb2-rotated-e1606212231770.jpg 2016w\" sizes=\"auto, (max-width: 1024px) 100vw, 1024px\" \/><\/figure>\n\n\n\n<p>S\u00f6ren Dalevi \u00e4r bibelvetare sedan innan han blev biskop och det \u00e4r roligt ibland att se hur han snappar upp s\u00e5dant som inte brukar m\u00e4rkas utom i originalspr\u00e5k. Som till exempel att allt var &#8221;huller om buller&#8221; vid v\u00e4rldens skapelse vilket \u00e4r en mer korrekt \u00e5tergivning av hebreiskan \u00e4n v\u00e5rt &#8221;\u00f6de och tom&#8221;. Och om Mose s\u00e4gs det att hans lilla korg p\u00e5 Nilen var &#8221;som en liten ark&#8221; och det \u00e4r ju f\u00f6rst\u00e5s just vad man ska t\u00e4nka att den p\u00e5minner om. <\/p>\n\n\n\n<p>Det \u00e4r sv\u00e5rt att ha topplista men det h\u00e4r \u00e4r klart en av de b\u00e4sta barnbiblar jag l\u00e4st. Och hatten av till S\u00f6ren Dalevi f\u00f6r att han valde att l\u00e4gga sin tid p\u00e5 att skriva en barnbibel ist\u00e4llet f\u00f6r ett vanligt biskopsbrev. Vi befinner oss i en tid d\u00e5 kyrkans folk m\u00e5ste steppa upp med att sprida kunskap om den kristna trons grunder mot den breda allm\u00e4nheten och det h\u00e4r \u00e4r b\u00e5de frimodigt och roligt gjort.<\/p>\n\n\n\n<p>Jag rekommenderar ocks\u00e5 vuxna att l\u00e4sa barnbiblar f\u00f6rst\u00e5s. Det \u00e4r ett enklare s\u00e4tt att f\u00e5 en f\u00f6rsta \u00f6verblick \u00f6ver bibelber\u00e4ttelserna och ibland \u00e4r det bra \u00e4ven f\u00f6r den mer vane bibell\u00e4saren att f\u00e5 se p\u00e5 texterna med nya \u00f6gon.<\/p>\n\n\n\n<p>Vad har du som l\u00e4ser f\u00f6r relation till barnbiblar? Skriv en rad och ber\u00e4tta!<\/p>\n","protected":false},"excerpt":{"rendered":"<p>Det finns massor av barnbiblar, och \u00e4nnu fler om man r\u00e4knar med enskilda bibelber\u00e4ttelser f\u00f6r barn i bokform. D\u00e4remot \u00e4r det ganska ovanligt att de som skriver b\u00f6ckerna \u00e4r teologer. Den h\u00e4r &#8221;barnens b\u00e4sta bibel&#8221; \u00e4r skriven av biskop S\u00f6ren Dalevi i Karlstad och illustrerad av Marcus-Gunnar Pettersson. Bilderna \u00f6verraskar en hel del. De \u00e4r [&hellip;]<\/p>\n","protected":false},"author":392,"featured_media":8316,"comment_status":"open","ping_status":"open","sticky":false,"template":"","format":"standard","meta":{"_acf_changed":false,"footnotes":""},"categories":[8253,42374],"tags":[],"class_list":["post-8314","post","type-post","status-publish","format-standard","has-post-thumbnail","hentry","category-bocker","category-boktips"],"acf":[],"yoast_head":"<!-- This site is optimized with the Yoast SEO plugin v27.1.1 - https:\/\/yoast.com\/product\/yoast-seo-wordpress\/ -->\n<title>En pr\u00e4st l\u00e4ser &quot;Barnens b\u00e4sta bibel&quot; - Vandra V\u00e4gen<\/title>\n<meta name=\"robots\" content=\"index, follow, max-snippet:-1, max-image-preview:large, max-video-preview:-1\" \/>\n<link rel=\"canonical\" href=\"https:\/\/blogg.svenskakyrkan.se\/vandravagen\/2020\/11\/28\/en-prast-laser-barnens-basta-bibel\/\" \/>\n<meta property=\"og:locale\" content=\"sv_SE\" \/>\n<meta property=\"og:type\" content=\"article\" \/>\n<meta property=\"og:title\" content=\"En pr\u00e4st l\u00e4ser &quot;Barnens b\u00e4sta bibel&quot; - Vandra V\u00e4gen\" \/>\n<meta property=\"og:description\" content=\"Det finns massor av barnbiblar, och \u00e4nnu fler om man r\u00e4knar med enskilda bibelber\u00e4ttelser f\u00f6r barn i bokform. D\u00e4remot \u00e4r det ganska ovanligt att de som skriver b\u00f6ckerna \u00e4r teologer. Den h\u00e4r &#8221;barnens b\u00e4sta bibel&#8221; \u00e4r skriven av biskop S\u00f6ren Dalevi i Karlstad och illustrerad av Marcus-Gunnar Pettersson. Bilderna \u00f6verraskar en hel del. De \u00e4r [&hellip;]\" \/>\n<meta property=\"og:url\" content=\"https:\/\/blogg.svenskakyrkan.se\/vandravagen\/2020\/11\/28\/en-prast-laser-barnens-basta-bibel\/\" \/>\n<meta property=\"og:site_name\" content=\"Vandra V\u00e4gen\" \/>\n<meta property=\"article:publisher\" content=\"http:\/\/facebook.com\/vandravagen\" \/>\n<meta property=\"article:published_time\" content=\"2020-11-28T06:00:22+00:00\" \/>\n<meta property=\"og:image\" content=\"https:\/\/blogg.svenskakyrkan.se\/vandravagen\/files\/2020\/11\/bbb-rotated-e1606212171474.jpg\" \/>\n\t<meta property=\"og:image:width\" content=\"2016\" \/>\n\t<meta property=\"og:image:height\" content=\"1512\" \/>\n\t<meta property=\"og:image:type\" content=\"image\/jpeg\" \/>\n<meta name=\"author\" content=\"Tomas Jarvid\" \/>\n<meta name=\"twitter:card\" content=\"summary_large_image\" \/>\n<meta name=\"twitter:creator\" content=\"@fadertomas\" \/>\n<meta name=\"twitter:site\" content=\"@fadertomas\" \/>\n<meta name=\"twitter:label1\" content=\"Skriven av\" \/>\n\t<meta name=\"twitter:data1\" content=\"Tomas Jarvid\" \/>\n\t<meta name=\"twitter:label2\" content=\"Ber\u00e4knad l\u00e4stid\" \/>\n\t<meta name=\"twitter:data2\" content=\"2 minuter\" \/>\n<script type=\"application\/ld+json\" class=\"yoast-schema-graph\">{\"@context\":\"https:\/\/schema.org\",\"@graph\":[{\"@type\":\"Article\",\"@id\":\"https:\/\/blogg.svenskakyrkan.se\/vandravagen\/2020\/11\/28\/en-prast-laser-barnens-basta-bibel\/#article\",\"isPartOf\":{\"@id\":\"https:\/\/blogg.svenskakyrkan.se\/vandravagen\/2020\/11\/28\/en-prast-laser-barnens-basta-bibel\/\"},\"author\":{\"name\":\"Tomas Jarvid\",\"@id\":\"https:\/\/blogg.svenskakyrkan.se\/vandravagen\/#\/schema\/person\/25da02d4f76b137d04291711e2c9fc16\"},\"headline\":\"En pr\u00e4st l\u00e4ser &#8221;Barnens b\u00e4sta bibel&#8221;\",\"datePublished\":\"2020-11-28T06:00:22+00:00\",\"mainEntityOfPage\":{\"@id\":\"https:\/\/blogg.svenskakyrkan.se\/vandravagen\/2020\/11\/28\/en-prast-laser-barnens-basta-bibel\/\"},\"wordCount\":489,\"commentCount\":12,\"publisher\":{\"@id\":\"https:\/\/blogg.svenskakyrkan.se\/vandravagen\/#organization\"},\"image\":{\"@id\":\"https:\/\/blogg.svenskakyrkan.se\/vandravagen\/2020\/11\/28\/en-prast-laser-barnens-basta-bibel\/#primaryimage\"},\"thumbnailUrl\":\"https:\/\/blogg.svenskakyrkan.se\/vandravagen\/files\/2020\/11\/bbb-rotated-e1606212171474.jpg\",\"articleSection\":[\"b\u00f6cker\",\"boktips\"],\"inLanguage\":\"sv-SE\",\"potentialAction\":[{\"@type\":\"CommentAction\",\"name\":\"Comment\",\"target\":[\"https:\/\/blogg.svenskakyrkan.se\/vandravagen\/2020\/11\/28\/en-prast-laser-barnens-basta-bibel\/#respond\"]}]},{\"@type\":\"WebPage\",\"@id\":\"https:\/\/blogg.svenskakyrkan.se\/vandravagen\/2020\/11\/28\/en-prast-laser-barnens-basta-bibel\/\",\"url\":\"https:\/\/blogg.svenskakyrkan.se\/vandravagen\/2020\/11\/28\/en-prast-laser-barnens-basta-bibel\/\",\"name\":\"En pr\u00e4st l\u00e4ser \\\"Barnens b\u00e4sta bibel\\\" - Vandra V\u00e4gen\",\"isPartOf\":{\"@id\":\"https:\/\/blogg.svenskakyrkan.se\/vandravagen\/#website\"},\"primaryImageOfPage\":{\"@id\":\"https:\/\/blogg.svenskakyrkan.se\/vandravagen\/2020\/11\/28\/en-prast-laser-barnens-basta-bibel\/#primaryimage\"},\"image\":{\"@id\":\"https:\/\/blogg.svenskakyrkan.se\/vandravagen\/2020\/11\/28\/en-prast-laser-barnens-basta-bibel\/#primaryimage\"},\"thumbnailUrl\":\"https:\/\/blogg.svenskakyrkan.se\/vandravagen\/files\/2020\/11\/bbb-rotated-e1606212171474.jpg\",\"datePublished\":\"2020-11-28T06:00:22+00:00\",\"breadcrumb\":{\"@id\":\"https:\/\/blogg.svenskakyrkan.se\/vandravagen\/2020\/11\/28\/en-prast-laser-barnens-basta-bibel\/#breadcrumb\"},\"inLanguage\":\"sv-SE\",\"potentialAction\":[{\"@type\":\"ReadAction\",\"target\":[\"https:\/\/blogg.svenskakyrkan.se\/vandravagen\/2020\/11\/28\/en-prast-laser-barnens-basta-bibel\/\"]}]},{\"@type\":\"ImageObject\",\"inLanguage\":\"sv-SE\",\"@id\":\"https:\/\/blogg.svenskakyrkan.se\/vandravagen\/2020\/11\/28\/en-prast-laser-barnens-basta-bibel\/#primaryimage\",\"url\":\"https:\/\/blogg.svenskakyrkan.se\/vandravagen\/files\/2020\/11\/bbb-rotated-e1606212171474.jpg\",\"contentUrl\":\"https:\/\/blogg.svenskakyrkan.se\/vandravagen\/files\/2020\/11\/bbb-rotated-e1606212171474.jpg\",\"width\":2016,\"height\":1512},{\"@type\":\"BreadcrumbList\",\"@id\":\"https:\/\/blogg.svenskakyrkan.se\/vandravagen\/2020\/11\/28\/en-prast-laser-barnens-basta-bibel\/#breadcrumb\",\"itemListElement\":[{\"@type\":\"ListItem\",\"position\":1,\"name\":\"Hem\",\"item\":\"https:\/\/blogg.svenskakyrkan.se\/vandravagen\/\"},{\"@type\":\"ListItem\",\"position\":2,\"name\":\"En pr\u00e4st l\u00e4ser &#8221;Barnens b\u00e4sta bibel&#8221;\"}]},{\"@type\":\"WebSite\",\"@id\":\"https:\/\/blogg.svenskakyrkan.se\/vandravagen\/#website\",\"url\":\"https:\/\/blogg.svenskakyrkan.se\/vandravagen\/\",\"name\":\"Vandra V\u00e4gen\",\"description\":\"-Mot en tro f\u00f6r hela livet\",\"publisher\":{\"@id\":\"https:\/\/blogg.svenskakyrkan.se\/vandravagen\/#organization\"},\"potentialAction\":[{\"@type\":\"SearchAction\",\"target\":{\"@type\":\"EntryPoint\",\"urlTemplate\":\"https:\/\/blogg.svenskakyrkan.se\/vandravagen\/?s={search_term_string}\"},\"query-input\":{\"@type\":\"PropertyValueSpecification\",\"valueRequired\":true,\"valueName\":\"search_term_string\"}}],\"inLanguage\":\"sv-SE\"},{\"@type\":\"Organization\",\"@id\":\"https:\/\/blogg.svenskakyrkan.se\/vandravagen\/#organization\",\"name\":\"ulricehamns pastorat\",\"alternateName\":\"ulricehamns pastorat\",\"url\":\"https:\/\/blogg.svenskakyrkan.se\/vandravagen\/\",\"logo\":{\"@type\":\"ImageObject\",\"inLanguage\":\"sv-SE\",\"@id\":\"https:\/\/blogg.svenskakyrkan.se\/vandravagen\/#\/schema\/logo\/image\/\",\"url\":\"https:\/\/blogg.svenskakyrkan.se\/vandravagen\/files\/2023\/05\/Ulr_logo_RGB.png\",\"contentUrl\":\"https:\/\/blogg.svenskakyrkan.se\/vandravagen\/files\/2023\/05\/Ulr_logo_RGB.png\",\"width\":205,\"height\":77,\"caption\":\"ulricehamns pastorat\"},\"image\":{\"@id\":\"https:\/\/blogg.svenskakyrkan.se\/vandravagen\/#\/schema\/logo\/image\/\"},\"sameAs\":[\"http:\/\/facebook.com\/vandravagen\",\"https:\/\/x.com\/fadertomas\",\"http:\/\/www.facebook.com\/svenskakyrkaniulricehamn\"]},{\"@type\":\"Person\",\"@id\":\"https:\/\/blogg.svenskakyrkan.se\/vandravagen\/#\/schema\/person\/25da02d4f76b137d04291711e2c9fc16\",\"name\":\"Tomas Jarvid\",\"image\":{\"@type\":\"ImageObject\",\"inLanguage\":\"sv-SE\",\"@id\":\"https:\/\/blogg.svenskakyrkan.se\/vandravagen\/#\/schema\/person\/image\/\",\"url\":\"https:\/\/secure.gravatar.com\/avatar\/7fa71899795e8f540f615a1f5ab25255dc27aa40f05ee7ddd21aac521e01bf50?s=96&d=identicon&r=g\",\"contentUrl\":\"https:\/\/secure.gravatar.com\/avatar\/7fa71899795e8f540f615a1f5ab25255dc27aa40f05ee7ddd21aac521e01bf50?s=96&d=identicon&r=g\",\"caption\":\"Tomas Jarvid\"},\"description\":\"Jag bor i Ulricehamn i V\u00e4sterg\u00f6tland och \u00e4r f\u00f6rsamlingspr\u00e4st i Svenska Kyrkan f\u00f6r Dalstorps f\u00f6rsamling i Kinds pastorat. P\u00e5 den h\u00e4r bloggen skriver jag ner tankar om vandringen som kristen.\",\"sameAs\":[\"http:\/\/www.vandravagen.se\"],\"url\":\"https:\/\/blogg.svenskakyrkan.se\/vandravagen\/author\/vandravagen\/\"}]}<\/script>\n<!-- \/ Yoast SEO plugin. -->","yoast_head_json":{"title":"En pr\u00e4st l\u00e4ser \"Barnens b\u00e4sta bibel\" - Vandra V\u00e4gen","robots":{"index":"index","follow":"follow","max-snippet":"max-snippet:-1","max-image-preview":"max-image-preview:large","max-video-preview":"max-video-preview:-1"},"canonical":"https:\/\/blogg.svenskakyrkan.se\/vandravagen\/2020\/11\/28\/en-prast-laser-barnens-basta-bibel\/","og_locale":"sv_SE","og_type":"article","og_title":"En pr\u00e4st l\u00e4ser \"Barnens b\u00e4sta bibel\" - Vandra V\u00e4gen","og_description":"Det finns massor av barnbiblar, och \u00e4nnu fler om man r\u00e4knar med enskilda bibelber\u00e4ttelser f\u00f6r barn i bokform. D\u00e4remot \u00e4r det ganska ovanligt att de som skriver b\u00f6ckerna \u00e4r teologer. Den h\u00e4r &#8221;barnens b\u00e4sta bibel&#8221; \u00e4r skriven av biskop S\u00f6ren Dalevi i Karlstad och illustrerad av Marcus-Gunnar Pettersson. Bilderna \u00f6verraskar en hel del. De \u00e4r [&hellip;]","og_url":"https:\/\/blogg.svenskakyrkan.se\/vandravagen\/2020\/11\/28\/en-prast-laser-barnens-basta-bibel\/","og_site_name":"Vandra V\u00e4gen","article_publisher":"http:\/\/facebook.com\/vandravagen","article_published_time":"2020-11-28T06:00:22+00:00","og_image":[{"width":2016,"height":1512,"url":"https:\/\/blogg.svenskakyrkan.se\/vandravagen\/files\/2020\/11\/bbb-rotated-e1606212171474.jpg","type":"image\/jpeg"}],"author":"Tomas Jarvid","twitter_card":"summary_large_image","twitter_creator":"@fadertomas","twitter_site":"@fadertomas","twitter_misc":{"Skriven av":"Tomas Jarvid","Ber\u00e4knad l\u00e4stid":"2 minuter"},"schema":{"@context":"https:\/\/schema.org","@graph":[{"@type":"Article","@id":"https:\/\/blogg.svenskakyrkan.se\/vandravagen\/2020\/11\/28\/en-prast-laser-barnens-basta-bibel\/#article","isPartOf":{"@id":"https:\/\/blogg.svenskakyrkan.se\/vandravagen\/2020\/11\/28\/en-prast-laser-barnens-basta-bibel\/"},"author":{"name":"Tomas Jarvid","@id":"https:\/\/blogg.svenskakyrkan.se\/vandravagen\/#\/schema\/person\/25da02d4f76b137d04291711e2c9fc16"},"headline":"En pr\u00e4st l\u00e4ser &#8221;Barnens b\u00e4sta bibel&#8221;","datePublished":"2020-11-28T06:00:22+00:00","mainEntityOfPage":{"@id":"https:\/\/blogg.svenskakyrkan.se\/vandravagen\/2020\/11\/28\/en-prast-laser-barnens-basta-bibel\/"},"wordCount":489,"commentCount":12,"publisher":{"@id":"https:\/\/blogg.svenskakyrkan.se\/vandravagen\/#organization"},"image":{"@id":"https:\/\/blogg.svenskakyrkan.se\/vandravagen\/2020\/11\/28\/en-prast-laser-barnens-basta-bibel\/#primaryimage"},"thumbnailUrl":"https:\/\/blogg.svenskakyrkan.se\/vandravagen\/files\/2020\/11\/bbb-rotated-e1606212171474.jpg","articleSection":["b\u00f6cker","boktips"],"inLanguage":"sv-SE","potentialAction":[{"@type":"CommentAction","name":"Comment","target":["https:\/\/blogg.svenskakyrkan.se\/vandravagen\/2020\/11\/28\/en-prast-laser-barnens-basta-bibel\/#respond"]}]},{"@type":"WebPage","@id":"https:\/\/blogg.svenskakyrkan.se\/vandravagen\/2020\/11\/28\/en-prast-laser-barnens-basta-bibel\/","url":"https:\/\/blogg.svenskakyrkan.se\/vandravagen\/2020\/11\/28\/en-prast-laser-barnens-basta-bibel\/","name":"En pr\u00e4st l\u00e4ser \"Barnens b\u00e4sta bibel\" - Vandra V\u00e4gen","isPartOf":{"@id":"https:\/\/blogg.svenskakyrkan.se\/vandravagen\/#website"},"primaryImageOfPage":{"@id":"https:\/\/blogg.svenskakyrkan.se\/vandravagen\/2020\/11\/28\/en-prast-laser-barnens-basta-bibel\/#primaryimage"},"image":{"@id":"https:\/\/blogg.svenskakyrkan.se\/vandravagen\/2020\/11\/28\/en-prast-laser-barnens-basta-bibel\/#primaryimage"},"thumbnailUrl":"https:\/\/blogg.svenskakyrkan.se\/vandravagen\/files\/2020\/11\/bbb-rotated-e1606212171474.jpg","datePublished":"2020-11-28T06:00:22+00:00","breadcrumb":{"@id":"https:\/\/blogg.svenskakyrkan.se\/vandravagen\/2020\/11\/28\/en-prast-laser-barnens-basta-bibel\/#breadcrumb"},"inLanguage":"sv-SE","potentialAction":[{"@type":"ReadAction","target":["https:\/\/blogg.svenskakyrkan.se\/vandravagen\/2020\/11\/28\/en-prast-laser-barnens-basta-bibel\/"]}]},{"@type":"ImageObject","inLanguage":"sv-SE","@id":"https:\/\/blogg.svenskakyrkan.se\/vandravagen\/2020\/11\/28\/en-prast-laser-barnens-basta-bibel\/#primaryimage","url":"https:\/\/blogg.svenskakyrkan.se\/vandravagen\/files\/2020\/11\/bbb-rotated-e1606212171474.jpg","contentUrl":"https:\/\/blogg.svenskakyrkan.se\/vandravagen\/files\/2020\/11\/bbb-rotated-e1606212171474.jpg","width":2016,"height":1512},{"@type":"BreadcrumbList","@id":"https:\/\/blogg.svenskakyrkan.se\/vandravagen\/2020\/11\/28\/en-prast-laser-barnens-basta-bibel\/#breadcrumb","itemListElement":[{"@type":"ListItem","position":1,"name":"Hem","item":"https:\/\/blogg.svenskakyrkan.se\/vandravagen\/"},{"@type":"ListItem","position":2,"name":"En pr\u00e4st l\u00e4ser &#8221;Barnens b\u00e4sta bibel&#8221;"}]},{"@type":"WebSite","@id":"https:\/\/blogg.svenskakyrkan.se\/vandravagen\/#website","url":"https:\/\/blogg.svenskakyrkan.se\/vandravagen\/","name":"Vandra V\u00e4gen","description":"-Mot en tro f\u00f6r hela livet","publisher":{"@id":"https:\/\/blogg.svenskakyrkan.se\/vandravagen\/#organization"},"potentialAction":[{"@type":"SearchAction","target":{"@type":"EntryPoint","urlTemplate":"https:\/\/blogg.svenskakyrkan.se\/vandravagen\/?s={search_term_string}"},"query-input":{"@type":"PropertyValueSpecification","valueRequired":true,"valueName":"search_term_string"}}],"inLanguage":"sv-SE"},{"@type":"Organization","@id":"https:\/\/blogg.svenskakyrkan.se\/vandravagen\/#organization","name":"ulricehamns pastorat","alternateName":"ulricehamns pastorat","url":"https:\/\/blogg.svenskakyrkan.se\/vandravagen\/","logo":{"@type":"ImageObject","inLanguage":"sv-SE","@id":"https:\/\/blogg.svenskakyrkan.se\/vandravagen\/#\/schema\/logo\/image\/","url":"https:\/\/blogg.svenskakyrkan.se\/vandravagen\/files\/2023\/05\/Ulr_logo_RGB.png","contentUrl":"https:\/\/blogg.svenskakyrkan.se\/vandravagen\/files\/2023\/05\/Ulr_logo_RGB.png","width":205,"height":77,"caption":"ulricehamns pastorat"},"image":{"@id":"https:\/\/blogg.svenskakyrkan.se\/vandravagen\/#\/schema\/logo\/image\/"},"sameAs":["http:\/\/facebook.com\/vandravagen","https:\/\/x.com\/fadertomas","http:\/\/www.facebook.com\/svenskakyrkaniulricehamn"]},{"@type":"Person","@id":"https:\/\/blogg.svenskakyrkan.se\/vandravagen\/#\/schema\/person\/25da02d4f76b137d04291711e2c9fc16","name":"Tomas Jarvid","image":{"@type":"ImageObject","inLanguage":"sv-SE","@id":"https:\/\/blogg.svenskakyrkan.se\/vandravagen\/#\/schema\/person\/image\/","url":"https:\/\/secure.gravatar.com\/avatar\/7fa71899795e8f540f615a1f5ab25255dc27aa40f05ee7ddd21aac521e01bf50?s=96&d=identicon&r=g","contentUrl":"https:\/\/secure.gravatar.com\/avatar\/7fa71899795e8f540f615a1f5ab25255dc27aa40f05ee7ddd21aac521e01bf50?s=96&d=identicon&r=g","caption":"Tomas Jarvid"},"description":"Jag bor i Ulricehamn i V\u00e4sterg\u00f6tland och \u00e4r f\u00f6rsamlingspr\u00e4st i Svenska Kyrkan f\u00f6r Dalstorps f\u00f6rsamling i Kinds pastorat. P\u00e5 den h\u00e4r bloggen skriver jag ner tankar om vandringen som kristen.","sameAs":["http:\/\/www.vandravagen.se"],"url":"https:\/\/blogg.svenskakyrkan.se\/vandravagen\/author\/vandravagen\/"}]}},"author_meta":{"ID":"392","user_nicename":"vandravagen","user_url":"http:\/\/www.vandravagen.se","user_registered":"2014-05-19 05:44:52","display_name":"Tomas Jarvid","first_name":"Tomas","last_name":"Jarvid","avatar":"https:\/\/secure.gravatar.com\/avatar\/7fa71899795e8f540f615a1f5ab25255dc27aa40f05ee7ddd21aac521e01bf50?s=96&d=identicon&r=g"},"featured_image":["https:\/\/blogg.svenskakyrkan.se\/vandravagen\/files\/2020\/11\/bbb-rotated-e1606212171474-1024x768.jpg",1024,768,true],"bloginfo":{"name":"Vandra V\u00e4gen","url":"https:\/\/blogg.svenskakyrkan.se\/vandravagen"},"_links":{"self":[{"href":"https:\/\/blogg.svenskakyrkan.se\/vandravagen\/wp-json\/wp\/v2\/posts\/8314","targetHints":{"allow":["GET"]}}],"collection":[{"href":"https:\/\/blogg.svenskakyrkan.se\/vandravagen\/wp-json\/wp\/v2\/posts"}],"about":[{"href":"https:\/\/blogg.svenskakyrkan.se\/vandravagen\/wp-json\/wp\/v2\/types\/post"}],"author":[{"embeddable":true,"href":"https:\/\/blogg.svenskakyrkan.se\/vandravagen\/wp-json\/wp\/v2\/users\/392"}],"replies":[{"embeddable":true,"href":"https:\/\/blogg.svenskakyrkan.se\/vandravagen\/wp-json\/wp\/v2\/comments?post=8314"}],"version-history":[{"count":4,"href":"https:\/\/blogg.svenskakyrkan.se\/vandravagen\/wp-json\/wp\/v2\/posts\/8314\/revisions"}],"predecessor-version":[{"id":8331,"href":"https:\/\/blogg.svenskakyrkan.se\/vandravagen\/wp-json\/wp\/v2\/posts\/8314\/revisions\/8331"}],"wp:featuredmedia":[{"embeddable":true,"href":"https:\/\/blogg.svenskakyrkan.se\/vandravagen\/wp-json\/wp\/v2\/media\/8316"}],"wp:attachment":[{"href":"https:\/\/blogg.svenskakyrkan.se\/vandravagen\/wp-json\/wp\/v2\/media?parent=8314"}],"wp:term":[{"taxonomy":"category","embeddable":true,"href":"https:\/\/blogg.svenskakyrkan.se\/vandravagen\/wp-json\/wp\/v2\/categories?post=8314"},{"taxonomy":"post_tag","embeddable":true,"href":"https:\/\/blogg.svenskakyrkan.se\/vandravagen\/wp-json\/wp\/v2\/tags?post=8314"}],"curies":[{"name":"wp","href":"https:\/\/api.w.org\/{rel}","templated":true}]}}