{"id":8326,"date":"2020-12-01T07:00:00","date_gmt":"2020-12-01T06:00:00","guid":{"rendered":"http:\/\/blogg.svenskakyrkan.se\/vandravagen\/?p=8326"},"modified":"2020-11-30T21:29:32","modified_gmt":"2020-11-30T20:29:32","slug":"vishetsbockerna-i-bibeln","status":"publish","type":"post","link":"https:\/\/blogg.svenskakyrkan.se\/vandravagen\/2020\/12\/01\/vishetsbockerna-i-bibeln\/","title":{"rendered":"Vishetsb\u00f6ckerna i bibeln"},"content":{"rendered":"\n\n\n<figure class=\"wp-block-image size-large\"><img loading=\"lazy\" decoding=\"async\" width=\"1024\" height=\"1020\" src=\"https:\/\/blogg.svenskakyrkan.se\/vandravagen\/files\/2020\/11\/job-1024x1020.jpg\" alt=\"\" class=\"wp-image-8327\" srcset=\"https:\/\/blogg.svenskakyrkan.se\/vandravagen\/files\/2020\/11\/job-1024x1020.jpg 1024w, https:\/\/blogg.svenskakyrkan.se\/vandravagen\/files\/2020\/11\/job-300x299.jpg 300w, https:\/\/blogg.svenskakyrkan.se\/vandravagen\/files\/2020\/11\/job-150x150.jpg 150w, https:\/\/blogg.svenskakyrkan.se\/vandravagen\/files\/2020\/11\/job-768x765.jpg 768w, https:\/\/blogg.svenskakyrkan.se\/vandravagen\/files\/2020\/11\/job-1200x1195.jpg 1200w, https:\/\/blogg.svenskakyrkan.se\/vandravagen\/files\/2020\/11\/job.jpg 1440w\" sizes=\"auto, (max-width: 1024px) 100vw, 1024px\" \/><figcaption>Job och Company.<\/figcaption><\/figure>\n\n\n\n<p>Jag skrev nyligen om <a href=\"https:\/\/blogg.svenskakyrkan.se\/vandravagen\/2020\/11\/18\/14-historiska-bocker-i-bibeln\/\">gamla testamentets historiska b\u00f6cker<\/a> och jag har fortsatt mitt l\u00e5ngsamma projekt med att bilds\u00e4tta bibelns b\u00f6cker pedagogiskt (om \u00e4n inte vackert). Nu har vi en annan genre av b\u00f6cker f\u00f6r \u00f6gonen. Den s\u00e5 kallade vishetslitteraturen!<\/p>\n\n\n\n<p>(Jag har skrivit en hel del n\u00e4r bloggen var ung om konsten att l\u00e4sa bibeln. H\u00e4r kan du l\u00e4sa mer om <a href=\"https:\/\/blogg.svenskakyrkan.se\/vandravagen\/2013\/06\/05\/bibellasningsskolan-del-iv-bibeln-som-deckare-eller-kokbok\/\">genre och &#8221;bibeln som deckare eller kokbok&#8221;<\/a>.)<\/p>\n\n\n\n<p>Vishet \u00e4r n\u00e5got eftertraktat i bibelns v\u00e4rld (kunde man ju \u00f6nska det var hos oss nu ocks\u00e5). Det handlar om att p\u00e5 djupet f\u00f6rst\u00e5 tillvaron och d\u00e4rf\u00f6r h\u00f6r det ocks\u00e5 f\u00f6rst\u00e5s ihop med att f\u00f6lja Guds vilja.<\/p>\n\n\n\n<p>P\u00e5 bilden \u00f6verst ser vi <strong>Jobs bok <\/strong>(job). Den \u00e4r en r\u00e4tt tjock bok om den r\u00e4ttf\u00e4rdige Job som blir h\u00e5rt pr\u00f6vad d\u00e5 Satan f\u00e5r lov att uts\u00e4tta honom f\u00f6r sv\u00e5righeter. Han f\u00f6rlorar allt han har av \u00e4godelar och familj och f\u00f6rst\u00e5r inte varf\u00f6r, han har ju levt gudfruktigt. Hans v\u00e4nner f\u00f6rs\u00f6ker \u00f6vertyga honom om att han m\u00e5ste ha gjort n\u00e5got f\u00f6r att f\u00f6rtj\u00e4na detta och det \u00e4r en v\u00e4ldigt l\u00e5ng diskussion d\u00e4r de talar om varf\u00f6r det skett som det skett. P\u00e5 slutet talar Gud sj\u00e4lv och s\u00e4ger att det finns mycket s\u00e5dant som \u00e4r bortom vad m\u00e4nniskor kan f\u00f6rst\u00e5. Typ s\u00e5. En stor klassiker i v\u00e4rldslitteraturen.<\/p>\n\n\n\n<figure class=\"wp-block-image size-large\"><img loading=\"lazy\" decoding=\"async\" width=\"1024\" height=\"1021\" src=\"https:\/\/blogg.svenskakyrkan.se\/vandravagen\/files\/2020\/11\/ords-1024x1021.jpg\" alt=\"\" class=\"wp-image-8328\" srcset=\"https:\/\/blogg.svenskakyrkan.se\/vandravagen\/files\/2020\/11\/ords-1024x1021.jpg 1024w, https:\/\/blogg.svenskakyrkan.se\/vandravagen\/files\/2020\/11\/ords-300x299.jpg 300w, https:\/\/blogg.svenskakyrkan.se\/vandravagen\/files\/2020\/11\/ords-150x150.jpg 150w, https:\/\/blogg.svenskakyrkan.se\/vandravagen\/files\/2020\/11\/ords-768x766.jpg 768w, https:\/\/blogg.svenskakyrkan.se\/vandravagen\/files\/2020\/11\/ords-1200x1197.jpg 1200w, https:\/\/blogg.svenskakyrkan.se\/vandravagen\/files\/2020\/11\/ords.jpg 1440w\" sizes=\"auto, (max-width: 1024px) 100vw, 1024px\" \/><\/figure>\n\n\n\n<p>N\u00e4sta bok \u00e4r <strong>Ordspr\u00e5ksboken<\/strong> (ords) som precis som vi f\u00f6rst\u00e5tt inneh\u00e5ller ordspr\u00e5k i m\u00e4ngder. Det finns en del teman som g\u00e5r igen och logiken \u00e4r att det \u00e4r gynnsamt att s\u00f6ka vishet f\u00f6r saker g\u00e5r v\u00e4l f\u00f6r den vise men d\u00e5ligt f\u00f6r d\u00e5ren. H\u00e4r ovan har vi en illustration av &#8221;b\u00e4ttre en tallrik k\u00e5l med k\u00e4rlek \u00e4n oxstek med hat&#8221; och det kan ju vara n\u00e5got att fundera p\u00e5.<\/p>\n\n\n\n<figure class=\"wp-block-image size-large\"><img loading=\"lazy\" decoding=\"async\" width=\"1024\" height=\"1020\" src=\"https:\/\/blogg.svenskakyrkan.se\/vandravagen\/files\/2020\/11\/predikaren-1024x1020.jpg\" alt=\"\" class=\"wp-image-8329\" srcset=\"https:\/\/blogg.svenskakyrkan.se\/vandravagen\/files\/2020\/11\/predikaren-1024x1020.jpg 1024w, https:\/\/blogg.svenskakyrkan.se\/vandravagen\/files\/2020\/11\/predikaren-300x299.jpg 300w, https:\/\/blogg.svenskakyrkan.se\/vandravagen\/files\/2020\/11\/predikaren-150x150.jpg 150w, https:\/\/blogg.svenskakyrkan.se\/vandravagen\/files\/2020\/11\/predikaren-768x765.jpg 768w, https:\/\/blogg.svenskakyrkan.se\/vandravagen\/files\/2020\/11\/predikaren-1200x1195.jpg 1200w, https:\/\/blogg.svenskakyrkan.se\/vandravagen\/files\/2020\/11\/predikaren.jpg 1440w\" sizes=\"auto, (max-width: 1024px) 100vw, 1024px\" \/><\/figure>\n\n\n\n<p>Sist av de tre kommer <strong>Predikaren<\/strong> (pred). Den balanserar upp de lite v\u00e4l sj\u00e4lvs\u00e4kra uttalandena i ordspr\u00e5ksboken genom att p\u00e5peka att det ofta inte alls fungerar s\u00e5 att den vise \u00e4r lycklig. Det onda drabbar p\u00e5 obegripliga s\u00e4tt i livet. Huvudpersonen m\u00e5las ut som att vara den vise kung Salomo som haft allt i livet men insett att det mesta av det han jagat efter \u00e4r tomhet, idel tomhet. Ett jagande efter vind (som p\u00e5 bilden). Det \u00e4r en krass bok och n\u00e5gon kanske skulle s\u00e4ga att den \u00e4r depressiv men jag har alltid tyckt v\u00e4ldigt mycket om den.<\/p>\n\n\n\n<p>N\u00e4sta g\u00e5ng tar vi de besl\u00e4ktade poetiska bibelb\u00f6ckerna. Hade du koll p\u00e5 de h\u00e4r vishetsb\u00f6ckerna? Undrar du n\u00e5got? Skriv en rad och kommentera!<\/p>\n","protected":false},"excerpt":{"rendered":"<p>Jag skrev nyligen om gamla testamentets historiska b\u00f6cker och jag har fortsatt mitt l\u00e5ngsamma projekt med att bilds\u00e4tta bibelns b\u00f6cker pedagogiskt (om \u00e4n inte vackert). Nu har vi en annan genre av b\u00f6cker f\u00f6r \u00f6gonen. Den s\u00e5 kallade vishetslitteraturen! (Jag har skrivit en hel del n\u00e4r bloggen var ung om konsten att l\u00e4sa bibeln. H\u00e4r [&hellip;]<\/p>\n","protected":false},"author":392,"featured_media":0,"comment_status":"open","ping_status":"open","sticky":false,"template":"","format":"standard","meta":{"_acf_changed":false,"footnotes":""},"categories":[9],"tags":[],"class_list":["post-8326","post","type-post","status-publish","format-standard","hentry","category-okategoriserade"],"acf":[],"yoast_head":"<!-- This site is optimized with the Yoast SEO plugin v27.1.1 - https:\/\/yoast.com\/product\/yoast-seo-wordpress\/ -->\n<title>Vishetsb\u00f6ckerna i bibeln - Vandra V\u00e4gen<\/title>\n<meta name=\"robots\" content=\"index, follow, max-snippet:-1, max-image-preview:large, max-video-preview:-1\" \/>\n<link rel=\"canonical\" href=\"https:\/\/blogg.svenskakyrkan.se\/vandravagen\/2020\/12\/01\/vishetsbockerna-i-bibeln\/\" \/>\n<meta property=\"og:locale\" content=\"sv_SE\" \/>\n<meta property=\"og:type\" content=\"article\" \/>\n<meta property=\"og:title\" content=\"Vishetsb\u00f6ckerna i bibeln - Vandra V\u00e4gen\" \/>\n<meta property=\"og:description\" content=\"Jag skrev nyligen om gamla testamentets historiska b\u00f6cker och jag har fortsatt mitt l\u00e5ngsamma projekt med att bilds\u00e4tta bibelns b\u00f6cker pedagogiskt (om \u00e4n inte vackert). Nu har vi en annan genre av b\u00f6cker f\u00f6r \u00f6gonen. Den s\u00e5 kallade vishetslitteraturen! (Jag har skrivit en hel del n\u00e4r bloggen var ung om konsten att l\u00e4sa bibeln. H\u00e4r [&hellip;]\" \/>\n<meta property=\"og:url\" content=\"https:\/\/blogg.svenskakyrkan.se\/vandravagen\/2020\/12\/01\/vishetsbockerna-i-bibeln\/\" \/>\n<meta property=\"og:site_name\" content=\"Vandra V\u00e4gen\" \/>\n<meta property=\"article:publisher\" content=\"http:\/\/facebook.com\/vandravagen\" \/>\n<meta property=\"article:published_time\" content=\"2020-12-01T06:00:00+00:00\" \/>\n<meta property=\"og:image\" content=\"https:\/\/blogg.svenskakyrkan.se\/vandravagen\/files\/2020\/11\/job-1024x1020.jpg\" \/>\n<meta name=\"author\" content=\"Tomas Jarvid\" \/>\n<meta name=\"twitter:card\" content=\"summary_large_image\" \/>\n<meta name=\"twitter:creator\" content=\"@fadertomas\" \/>\n<meta name=\"twitter:site\" content=\"@fadertomas\" \/>\n<meta name=\"twitter:label1\" content=\"Skriven av\" \/>\n\t<meta name=\"twitter:data1\" content=\"Tomas Jarvid\" \/>\n\t<meta name=\"twitter:label2\" content=\"Ber\u00e4knad l\u00e4stid\" \/>\n\t<meta name=\"twitter:data2\" content=\"2 minuter\" \/>\n<script type=\"application\/ld+json\" class=\"yoast-schema-graph\">{\"@context\":\"https:\/\/schema.org\",\"@graph\":[{\"@type\":\"Article\",\"@id\":\"https:\/\/blogg.svenskakyrkan.se\/vandravagen\/2020\/12\/01\/vishetsbockerna-i-bibeln\/#article\",\"isPartOf\":{\"@id\":\"https:\/\/blogg.svenskakyrkan.se\/vandravagen\/2020\/12\/01\/vishetsbockerna-i-bibeln\/\"},\"author\":{\"name\":\"Tomas Jarvid\",\"@id\":\"https:\/\/blogg.svenskakyrkan.se\/vandravagen\/#\/schema\/person\/25da02d4f76b137d04291711e2c9fc16\"},\"headline\":\"Vishetsb\u00f6ckerna i bibeln\",\"datePublished\":\"2020-12-01T06:00:00+00:00\",\"mainEntityOfPage\":{\"@id\":\"https:\/\/blogg.svenskakyrkan.se\/vandravagen\/2020\/12\/01\/vishetsbockerna-i-bibeln\/\"},\"wordCount\":498,\"commentCount\":4,\"publisher\":{\"@id\":\"https:\/\/blogg.svenskakyrkan.se\/vandravagen\/#organization\"},\"image\":{\"@id\":\"https:\/\/blogg.svenskakyrkan.se\/vandravagen\/2020\/12\/01\/vishetsbockerna-i-bibeln\/#primaryimage\"},\"thumbnailUrl\":\"https:\/\/blogg.svenskakyrkan.se\/vandravagen\/files\/2020\/11\/job-1024x1020.jpg\",\"inLanguage\":\"sv-SE\",\"potentialAction\":[{\"@type\":\"CommentAction\",\"name\":\"Comment\",\"target\":[\"https:\/\/blogg.svenskakyrkan.se\/vandravagen\/2020\/12\/01\/vishetsbockerna-i-bibeln\/#respond\"]}]},{\"@type\":\"WebPage\",\"@id\":\"https:\/\/blogg.svenskakyrkan.se\/vandravagen\/2020\/12\/01\/vishetsbockerna-i-bibeln\/\",\"url\":\"https:\/\/blogg.svenskakyrkan.se\/vandravagen\/2020\/12\/01\/vishetsbockerna-i-bibeln\/\",\"name\":\"Vishetsb\u00f6ckerna i bibeln - Vandra V\u00e4gen\",\"isPartOf\":{\"@id\":\"https:\/\/blogg.svenskakyrkan.se\/vandravagen\/#website\"},\"primaryImageOfPage\":{\"@id\":\"https:\/\/blogg.svenskakyrkan.se\/vandravagen\/2020\/12\/01\/vishetsbockerna-i-bibeln\/#primaryimage\"},\"image\":{\"@id\":\"https:\/\/blogg.svenskakyrkan.se\/vandravagen\/2020\/12\/01\/vishetsbockerna-i-bibeln\/#primaryimage\"},\"thumbnailUrl\":\"https:\/\/blogg.svenskakyrkan.se\/vandravagen\/files\/2020\/11\/job-1024x1020.jpg\",\"datePublished\":\"2020-12-01T06:00:00+00:00\",\"breadcrumb\":{\"@id\":\"https:\/\/blogg.svenskakyrkan.se\/vandravagen\/2020\/12\/01\/vishetsbockerna-i-bibeln\/#breadcrumb\"},\"inLanguage\":\"sv-SE\",\"potentialAction\":[{\"@type\":\"ReadAction\",\"target\":[\"https:\/\/blogg.svenskakyrkan.se\/vandravagen\/2020\/12\/01\/vishetsbockerna-i-bibeln\/\"]}]},{\"@type\":\"ImageObject\",\"inLanguage\":\"sv-SE\",\"@id\":\"https:\/\/blogg.svenskakyrkan.se\/vandravagen\/2020\/12\/01\/vishetsbockerna-i-bibeln\/#primaryimage\",\"url\":\"https:\/\/blogg.svenskakyrkan.se\/vandravagen\/files\/2020\/11\/job-1024x1020.jpg\",\"contentUrl\":\"https:\/\/blogg.svenskakyrkan.se\/vandravagen\/files\/2020\/11\/job-1024x1020.jpg\"},{\"@type\":\"BreadcrumbList\",\"@id\":\"https:\/\/blogg.svenskakyrkan.se\/vandravagen\/2020\/12\/01\/vishetsbockerna-i-bibeln\/#breadcrumb\",\"itemListElement\":[{\"@type\":\"ListItem\",\"position\":1,\"name\":\"Hem\",\"item\":\"https:\/\/blogg.svenskakyrkan.se\/vandravagen\/\"},{\"@type\":\"ListItem\",\"position\":2,\"name\":\"Vishetsb\u00f6ckerna i bibeln\"}]},{\"@type\":\"WebSite\",\"@id\":\"https:\/\/blogg.svenskakyrkan.se\/vandravagen\/#website\",\"url\":\"https:\/\/blogg.svenskakyrkan.se\/vandravagen\/\",\"name\":\"Vandra V\u00e4gen\",\"description\":\"-Mot en tro f\u00f6r hela livet\",\"publisher\":{\"@id\":\"https:\/\/blogg.svenskakyrkan.se\/vandravagen\/#organization\"},\"potentialAction\":[{\"@type\":\"SearchAction\",\"target\":{\"@type\":\"EntryPoint\",\"urlTemplate\":\"https:\/\/blogg.svenskakyrkan.se\/vandravagen\/?s={search_term_string}\"},\"query-input\":{\"@type\":\"PropertyValueSpecification\",\"valueRequired\":true,\"valueName\":\"search_term_string\"}}],\"inLanguage\":\"sv-SE\"},{\"@type\":\"Organization\",\"@id\":\"https:\/\/blogg.svenskakyrkan.se\/vandravagen\/#organization\",\"name\":\"ulricehamns pastorat\",\"alternateName\":\"ulricehamns pastorat\",\"url\":\"https:\/\/blogg.svenskakyrkan.se\/vandravagen\/\",\"logo\":{\"@type\":\"ImageObject\",\"inLanguage\":\"sv-SE\",\"@id\":\"https:\/\/blogg.svenskakyrkan.se\/vandravagen\/#\/schema\/logo\/image\/\",\"url\":\"https:\/\/blogg.svenskakyrkan.se\/vandravagen\/files\/2023\/05\/Ulr_logo_RGB.png\",\"contentUrl\":\"https:\/\/blogg.svenskakyrkan.se\/vandravagen\/files\/2023\/05\/Ulr_logo_RGB.png\",\"width\":205,\"height\":77,\"caption\":\"ulricehamns pastorat\"},\"image\":{\"@id\":\"https:\/\/blogg.svenskakyrkan.se\/vandravagen\/#\/schema\/logo\/image\/\"},\"sameAs\":[\"http:\/\/facebook.com\/vandravagen\",\"https:\/\/x.com\/fadertomas\",\"http:\/\/www.facebook.com\/svenskakyrkaniulricehamn\"]},{\"@type\":\"Person\",\"@id\":\"https:\/\/blogg.svenskakyrkan.se\/vandravagen\/#\/schema\/person\/25da02d4f76b137d04291711e2c9fc16\",\"name\":\"Tomas Jarvid\",\"image\":{\"@type\":\"ImageObject\",\"inLanguage\":\"sv-SE\",\"@id\":\"https:\/\/blogg.svenskakyrkan.se\/vandravagen\/#\/schema\/person\/image\/\",\"url\":\"https:\/\/secure.gravatar.com\/avatar\/7fa71899795e8f540f615a1f5ab25255dc27aa40f05ee7ddd21aac521e01bf50?s=96&d=identicon&r=g\",\"contentUrl\":\"https:\/\/secure.gravatar.com\/avatar\/7fa71899795e8f540f615a1f5ab25255dc27aa40f05ee7ddd21aac521e01bf50?s=96&d=identicon&r=g\",\"caption\":\"Tomas Jarvid\"},\"description\":\"Jag bor i Ulricehamn i V\u00e4sterg\u00f6tland och \u00e4r f\u00f6rsamlingspr\u00e4st i Svenska Kyrkan f\u00f6r Dalstorps f\u00f6rsamling i Kinds pastorat. P\u00e5 den h\u00e4r bloggen skriver jag ner tankar om vandringen som kristen.\",\"sameAs\":[\"http:\/\/www.vandravagen.se\"],\"url\":\"https:\/\/blogg.svenskakyrkan.se\/vandravagen\/author\/vandravagen\/\"}]}<\/script>\n<!-- \/ Yoast SEO plugin. -->","yoast_head_json":{"title":"Vishetsb\u00f6ckerna i bibeln - Vandra V\u00e4gen","robots":{"index":"index","follow":"follow","max-snippet":"max-snippet:-1","max-image-preview":"max-image-preview:large","max-video-preview":"max-video-preview:-1"},"canonical":"https:\/\/blogg.svenskakyrkan.se\/vandravagen\/2020\/12\/01\/vishetsbockerna-i-bibeln\/","og_locale":"sv_SE","og_type":"article","og_title":"Vishetsb\u00f6ckerna i bibeln - Vandra V\u00e4gen","og_description":"Jag skrev nyligen om gamla testamentets historiska b\u00f6cker och jag har fortsatt mitt l\u00e5ngsamma projekt med att bilds\u00e4tta bibelns b\u00f6cker pedagogiskt (om \u00e4n inte vackert). Nu har vi en annan genre av b\u00f6cker f\u00f6r \u00f6gonen. Den s\u00e5 kallade vishetslitteraturen! (Jag har skrivit en hel del n\u00e4r bloggen var ung om konsten att l\u00e4sa bibeln. H\u00e4r [&hellip;]","og_url":"https:\/\/blogg.svenskakyrkan.se\/vandravagen\/2020\/12\/01\/vishetsbockerna-i-bibeln\/","og_site_name":"Vandra V\u00e4gen","article_publisher":"http:\/\/facebook.com\/vandravagen","article_published_time":"2020-12-01T06:00:00+00:00","og_image":[{"url":"https:\/\/blogg.svenskakyrkan.se\/vandravagen\/files\/2020\/11\/job-1024x1020.jpg","type":"","width":"","height":""}],"author":"Tomas Jarvid","twitter_card":"summary_large_image","twitter_creator":"@fadertomas","twitter_site":"@fadertomas","twitter_misc":{"Skriven av":"Tomas Jarvid","Ber\u00e4knad l\u00e4stid":"2 minuter"},"schema":{"@context":"https:\/\/schema.org","@graph":[{"@type":"Article","@id":"https:\/\/blogg.svenskakyrkan.se\/vandravagen\/2020\/12\/01\/vishetsbockerna-i-bibeln\/#article","isPartOf":{"@id":"https:\/\/blogg.svenskakyrkan.se\/vandravagen\/2020\/12\/01\/vishetsbockerna-i-bibeln\/"},"author":{"name":"Tomas Jarvid","@id":"https:\/\/blogg.svenskakyrkan.se\/vandravagen\/#\/schema\/person\/25da02d4f76b137d04291711e2c9fc16"},"headline":"Vishetsb\u00f6ckerna i bibeln","datePublished":"2020-12-01T06:00:00+00:00","mainEntityOfPage":{"@id":"https:\/\/blogg.svenskakyrkan.se\/vandravagen\/2020\/12\/01\/vishetsbockerna-i-bibeln\/"},"wordCount":498,"commentCount":4,"publisher":{"@id":"https:\/\/blogg.svenskakyrkan.se\/vandravagen\/#organization"},"image":{"@id":"https:\/\/blogg.svenskakyrkan.se\/vandravagen\/2020\/12\/01\/vishetsbockerna-i-bibeln\/#primaryimage"},"thumbnailUrl":"https:\/\/blogg.svenskakyrkan.se\/vandravagen\/files\/2020\/11\/job-1024x1020.jpg","inLanguage":"sv-SE","potentialAction":[{"@type":"CommentAction","name":"Comment","target":["https:\/\/blogg.svenskakyrkan.se\/vandravagen\/2020\/12\/01\/vishetsbockerna-i-bibeln\/#respond"]}]},{"@type":"WebPage","@id":"https:\/\/blogg.svenskakyrkan.se\/vandravagen\/2020\/12\/01\/vishetsbockerna-i-bibeln\/","url":"https:\/\/blogg.svenskakyrkan.se\/vandravagen\/2020\/12\/01\/vishetsbockerna-i-bibeln\/","name":"Vishetsb\u00f6ckerna i bibeln - Vandra V\u00e4gen","isPartOf":{"@id":"https:\/\/blogg.svenskakyrkan.se\/vandravagen\/#website"},"primaryImageOfPage":{"@id":"https:\/\/blogg.svenskakyrkan.se\/vandravagen\/2020\/12\/01\/vishetsbockerna-i-bibeln\/#primaryimage"},"image":{"@id":"https:\/\/blogg.svenskakyrkan.se\/vandravagen\/2020\/12\/01\/vishetsbockerna-i-bibeln\/#primaryimage"},"thumbnailUrl":"https:\/\/blogg.svenskakyrkan.se\/vandravagen\/files\/2020\/11\/job-1024x1020.jpg","datePublished":"2020-12-01T06:00:00+00:00","breadcrumb":{"@id":"https:\/\/blogg.svenskakyrkan.se\/vandravagen\/2020\/12\/01\/vishetsbockerna-i-bibeln\/#breadcrumb"},"inLanguage":"sv-SE","potentialAction":[{"@type":"ReadAction","target":["https:\/\/blogg.svenskakyrkan.se\/vandravagen\/2020\/12\/01\/vishetsbockerna-i-bibeln\/"]}]},{"@type":"ImageObject","inLanguage":"sv-SE","@id":"https:\/\/blogg.svenskakyrkan.se\/vandravagen\/2020\/12\/01\/vishetsbockerna-i-bibeln\/#primaryimage","url":"https:\/\/blogg.svenskakyrkan.se\/vandravagen\/files\/2020\/11\/job-1024x1020.jpg","contentUrl":"https:\/\/blogg.svenskakyrkan.se\/vandravagen\/files\/2020\/11\/job-1024x1020.jpg"},{"@type":"BreadcrumbList","@id":"https:\/\/blogg.svenskakyrkan.se\/vandravagen\/2020\/12\/01\/vishetsbockerna-i-bibeln\/#breadcrumb","itemListElement":[{"@type":"ListItem","position":1,"name":"Hem","item":"https:\/\/blogg.svenskakyrkan.se\/vandravagen\/"},{"@type":"ListItem","position":2,"name":"Vishetsb\u00f6ckerna i bibeln"}]},{"@type":"WebSite","@id":"https:\/\/blogg.svenskakyrkan.se\/vandravagen\/#website","url":"https:\/\/blogg.svenskakyrkan.se\/vandravagen\/","name":"Vandra V\u00e4gen","description":"-Mot en tro f\u00f6r hela livet","publisher":{"@id":"https:\/\/blogg.svenskakyrkan.se\/vandravagen\/#organization"},"potentialAction":[{"@type":"SearchAction","target":{"@type":"EntryPoint","urlTemplate":"https:\/\/blogg.svenskakyrkan.se\/vandravagen\/?s={search_term_string}"},"query-input":{"@type":"PropertyValueSpecification","valueRequired":true,"valueName":"search_term_string"}}],"inLanguage":"sv-SE"},{"@type":"Organization","@id":"https:\/\/blogg.svenskakyrkan.se\/vandravagen\/#organization","name":"ulricehamns pastorat","alternateName":"ulricehamns pastorat","url":"https:\/\/blogg.svenskakyrkan.se\/vandravagen\/","logo":{"@type":"ImageObject","inLanguage":"sv-SE","@id":"https:\/\/blogg.svenskakyrkan.se\/vandravagen\/#\/schema\/logo\/image\/","url":"https:\/\/blogg.svenskakyrkan.se\/vandravagen\/files\/2023\/05\/Ulr_logo_RGB.png","contentUrl":"https:\/\/blogg.svenskakyrkan.se\/vandravagen\/files\/2023\/05\/Ulr_logo_RGB.png","width":205,"height":77,"caption":"ulricehamns pastorat"},"image":{"@id":"https:\/\/blogg.svenskakyrkan.se\/vandravagen\/#\/schema\/logo\/image\/"},"sameAs":["http:\/\/facebook.com\/vandravagen","https:\/\/x.com\/fadertomas","http:\/\/www.facebook.com\/svenskakyrkaniulricehamn"]},{"@type":"Person","@id":"https:\/\/blogg.svenskakyrkan.se\/vandravagen\/#\/schema\/person\/25da02d4f76b137d04291711e2c9fc16","name":"Tomas Jarvid","image":{"@type":"ImageObject","inLanguage":"sv-SE","@id":"https:\/\/blogg.svenskakyrkan.se\/vandravagen\/#\/schema\/person\/image\/","url":"https:\/\/secure.gravatar.com\/avatar\/7fa71899795e8f540f615a1f5ab25255dc27aa40f05ee7ddd21aac521e01bf50?s=96&d=identicon&r=g","contentUrl":"https:\/\/secure.gravatar.com\/avatar\/7fa71899795e8f540f615a1f5ab25255dc27aa40f05ee7ddd21aac521e01bf50?s=96&d=identicon&r=g","caption":"Tomas Jarvid"},"description":"Jag bor i Ulricehamn i V\u00e4sterg\u00f6tland och \u00e4r f\u00f6rsamlingspr\u00e4st i Svenska Kyrkan f\u00f6r Dalstorps f\u00f6rsamling i Kinds pastorat. P\u00e5 den h\u00e4r bloggen skriver jag ner tankar om vandringen som kristen.","sameAs":["http:\/\/www.vandravagen.se"],"url":"https:\/\/blogg.svenskakyrkan.se\/vandravagen\/author\/vandravagen\/"}]}},"author_meta":{"ID":"392","user_nicename":"vandravagen","user_url":"http:\/\/www.vandravagen.se","user_registered":"2014-05-19 05:44:52","display_name":"Tomas Jarvid","first_name":"Tomas","last_name":"Jarvid","avatar":"https:\/\/secure.gravatar.com\/avatar\/7fa71899795e8f540f615a1f5ab25255dc27aa40f05ee7ddd21aac521e01bf50?s=96&d=identicon&r=g"},"featured_image":false,"bloginfo":{"name":"Vandra V\u00e4gen","url":"https:\/\/blogg.svenskakyrkan.se\/vandravagen"},"_links":{"self":[{"href":"https:\/\/blogg.svenskakyrkan.se\/vandravagen\/wp-json\/wp\/v2\/posts\/8326","targetHints":{"allow":["GET"]}}],"collection":[{"href":"https:\/\/blogg.svenskakyrkan.se\/vandravagen\/wp-json\/wp\/v2\/posts"}],"about":[{"href":"https:\/\/blogg.svenskakyrkan.se\/vandravagen\/wp-json\/wp\/v2\/types\/post"}],"author":[{"embeddable":true,"href":"https:\/\/blogg.svenskakyrkan.se\/vandravagen\/wp-json\/wp\/v2\/users\/392"}],"replies":[{"embeddable":true,"href":"https:\/\/blogg.svenskakyrkan.se\/vandravagen\/wp-json\/wp\/v2\/comments?post=8326"}],"version-history":[{"count":2,"href":"https:\/\/blogg.svenskakyrkan.se\/vandravagen\/wp-json\/wp\/v2\/posts\/8326\/revisions"}],"predecessor-version":[{"id":8332,"href":"https:\/\/blogg.svenskakyrkan.se\/vandravagen\/wp-json\/wp\/v2\/posts\/8326\/revisions\/8332"}],"wp:attachment":[{"href":"https:\/\/blogg.svenskakyrkan.se\/vandravagen\/wp-json\/wp\/v2\/media?parent=8326"}],"wp:term":[{"taxonomy":"category","embeddable":true,"href":"https:\/\/blogg.svenskakyrkan.se\/vandravagen\/wp-json\/wp\/v2\/categories?post=8326"},{"taxonomy":"post_tag","embeddable":true,"href":"https:\/\/blogg.svenskakyrkan.se\/vandravagen\/wp-json\/wp\/v2\/tags?post=8326"}],"curies":[{"name":"wp","href":"https:\/\/api.w.org\/{rel}","templated":true}]}}