{"id":833,"date":"2012-12-05T09:02:00","date_gmt":"2012-12-05T08:02:00","guid":{"rendered":"http:\/\/blogg.svenskakyrkan.se\/vandravagen\/2012\/12\/05\/att-leva-en-dag-utan-helvetica\/"},"modified":"2012-12-05T09:02:00","modified_gmt":"2012-12-05T08:02:00","slug":"att-leva-en-dag-utan-helvetica","status":"publish","type":"post","link":"https:\/\/blogg.svenskakyrkan.se\/vandravagen\/2012\/12\/05\/att-leva-en-dag-utan-helvetica\/","title":{"rendered":"Att leva en dag utan helvetica"},"content":{"rendered":"<div><a href=\"https:\/\/encrypted-tbn0.gstatic.com\/images?q=tbn:ANd9GcQUd-rkLF5RODcUut-UMs3mQGuURvsMhU_ZfjqU1M1IWARr_LX_\"><img decoding=\"async\" border=\"0\" src=\"https:\/\/encrypted-tbn0.gstatic.com\/images?q=tbn:ANd9GcQUd-rkLF5RODcUut-UMs3mQGuURvsMhU_ZfjqU1M1IWARr_LX_\"><\/a><\/div>\n<p>P\u00e5 P1 har de b\u00f6rjat k\u00f6ra ett h\u00e4rligt n\u00f6rdigt program som heter &#8221;typo&#8221; och handlar om olika typsnitt i korta avsnitt. Jag har h\u00f6rt <a href=\"http:\/\/api.sr.se\/api\/rssfeed\/rssfeed.aspx?Poddfeed=18418\">det som handlar om &#8221;helvetica<\/a>&#8221;, det typsnitt jag sj\u00e4lv oftast anv\u00e4nder (vilket kanske f\u00e5r n\u00e5gon att dra p\u00e5 munnen, i s\u00e5 fall bjuder jag p\u00e5 det). Helvetica \u00e4r tydligen tillsammans med &#8221;times new roman&#8221; det vanligaste typsnittet i v\u00e4rlden s\u00e5 speciellt unik \u00e4r jag inte som anv\u00e4nder det. Hmm. borde kanske byta.<\/p>\n<p>I vilket fall som helst fick man i programmet h\u00f6ra om typsnittsmakaren Cyrus Highsmith som i n\u00e5gon slags konstprojekt testade att leva en dag utan helvetica. Utan att \u00f6ver huvud taget exponeras f\u00f6r helvetica. Det blev inte s\u00e5 mycket gjort den dagen. Han kunde inte l\u00e4sa sin tidning, \u00e5ka tunnelbana (f\u00f6r i New York anv\u00e4nder tydligen tunnelbanan helvetica en hel del), eller ens dricka sitt morgonte (eftersom det fanns helveticabokst\u00e4ver p\u00e5 tep\u00e5sarna). Vart vi tittar finns allts\u00e5 detta typsnitt.<\/p>\n<p>De flesta av oss kan nog inte skilja typsnitt fr\u00e5n varandra speciellt bra men f\u00f6r den som har \u00f6gon f\u00f6r det finns allts\u00e5 helvetica \u00f6verallt.<\/p>\n<p>Efter att ha lyssnat p\u00e5 programmet t\u00e4nkte jag att det kan vara likadant att leva sitt liv utan Gud. Egentligen g\u00e5r det inte, f\u00f6r Guds signatur finns p\u00e5 varje tr\u00e4d och p\u00e5 varje m\u00e4nniska vi m\u00f6ter, m\u00e5nga kanske inte kan se det eftersom de inte f\u00e5tt upp \u00f6gonen f\u00f6r det men f\u00f6r andra g\u00e5r det inte att <i>inte se<\/i>.<\/p>\n<p>Slutorden f\u00e5r bli vad jag antar \u00e4r en k\u00e4rleksf\u00f6rklaring uttryckt fr\u00e5n en typografs perspektiv:<\/p>\n<table align=\"center\" cellpadding=\"0\" cellspacing=\"0\">\n<tbody>\n<tr>\n<td><a href=\"https:\/\/encrypted-tbn3.gstatic.com\/images?q=tbn:ANd9GcQiTKfmvGqhR7HNF8cqfH_HZo74iJkMWLzsYURTCd4z7E3liu5pPA\"><img decoding=\"async\" border=\"0\" src=\"https:\/\/encrypted-tbn3.gstatic.com\/images?q=tbn:ANd9GcQiTKfmvGqhR7HNF8cqfH_HZo74iJkMWLzsYURTCd4z7E3liu5pPA\"><\/a><\/td>\n<\/tr>\n<tr>\n<td>S\u00e5 tycker jag, och Gud<\/td>\n<\/tr>\n<\/tbody>\n<\/table>\n<div><\/div>\n","protected":false},"excerpt":{"rendered":"<p>P\u00e5 P1 har de b\u00f6rjat k\u00f6ra ett h\u00e4rligt n\u00f6rdigt program som heter &#8221;typo&#8221; och handlar om olika typsnitt i korta avsnitt. Jag har h\u00f6rt det som handlar om &#8221;helvetica&#8221;, det typsnitt jag sj\u00e4lv oftast anv\u00e4nder (vilket kanske f\u00e5r n\u00e5gon att dra p\u00e5 munnen, i s\u00e5 fall bjuder jag p\u00e5 det). Helvetica \u00e4r tydligen tillsammans med [&hellip;]<\/p>\n","protected":false},"author":392,"featured_media":0,"comment_status":"open","ping_status":"open","sticky":false,"template":"","format":"standard","meta":{"_acf_changed":false,"footnotes":""},"categories":[75887,76766],"tags":[],"class_list":["post-833","post","type-post","status-publish","format-standard","hentry","category-andlighet","category-blandat"],"acf":[],"yoast_head":"<!-- This site is optimized with the Yoast SEO plugin v27.1.1 - https:\/\/yoast.com\/product\/yoast-seo-wordpress\/ -->\n<title>Att leva en dag utan helvetica - Vandra V\u00e4gen<\/title>\n<meta name=\"robots\" content=\"index, follow, max-snippet:-1, max-image-preview:large, max-video-preview:-1\" \/>\n<link rel=\"canonical\" href=\"https:\/\/blogg.svenskakyrkan.se\/vandravagen\/2012\/12\/05\/att-leva-en-dag-utan-helvetica\/\" \/>\n<meta property=\"og:locale\" content=\"sv_SE\" \/>\n<meta property=\"og:type\" content=\"article\" \/>\n<meta property=\"og:title\" content=\"Att leva en dag utan helvetica - Vandra V\u00e4gen\" \/>\n<meta property=\"og:description\" content=\"P\u00e5 P1 har de b\u00f6rjat k\u00f6ra ett h\u00e4rligt n\u00f6rdigt program som heter &#8221;typo&#8221; och handlar om olika typsnitt i korta avsnitt. Jag har h\u00f6rt det som handlar om &#8221;helvetica&#8221;, det typsnitt jag sj\u00e4lv oftast anv\u00e4nder (vilket kanske f\u00e5r n\u00e5gon att dra p\u00e5 munnen, i s\u00e5 fall bjuder jag p\u00e5 det). Helvetica \u00e4r tydligen tillsammans med [&hellip;]\" \/>\n<meta property=\"og:url\" content=\"https:\/\/blogg.svenskakyrkan.se\/vandravagen\/2012\/12\/05\/att-leva-en-dag-utan-helvetica\/\" \/>\n<meta property=\"og:site_name\" content=\"Vandra V\u00e4gen\" \/>\n<meta property=\"article:publisher\" content=\"http:\/\/facebook.com\/vandravagen\" \/>\n<meta property=\"article:published_time\" content=\"2012-12-05T08:02:00+00:00\" \/>\n<meta property=\"og:image\" content=\"https:\/\/encrypted-tbn0.gstatic.com\/images?q=tbn:ANd9GcQUd-rkLF5RODcUut-UMs3mQGuURvsMhU_ZfjqU1M1IWARr_LX_\" \/>\n<meta name=\"author\" content=\"Tomas Jarvid\" \/>\n<meta name=\"twitter:card\" content=\"summary_large_image\" \/>\n<meta name=\"twitter:creator\" content=\"@fadertomas\" \/>\n<meta name=\"twitter:site\" content=\"@fadertomas\" \/>\n<meta name=\"twitter:label1\" content=\"Skriven av\" \/>\n\t<meta name=\"twitter:data1\" content=\"Tomas Jarvid\" \/>\n\t<meta name=\"twitter:label2\" content=\"Ber\u00e4knad l\u00e4stid\" \/>\n\t<meta name=\"twitter:data2\" content=\"1 minut\" \/>\n<script type=\"application\/ld+json\" class=\"yoast-schema-graph\">{\"@context\":\"https:\/\/schema.org\",\"@graph\":[{\"@type\":\"Article\",\"@id\":\"https:\/\/blogg.svenskakyrkan.se\/vandravagen\/2012\/12\/05\/att-leva-en-dag-utan-helvetica\/#article\",\"isPartOf\":{\"@id\":\"https:\/\/blogg.svenskakyrkan.se\/vandravagen\/2012\/12\/05\/att-leva-en-dag-utan-helvetica\/\"},\"author\":{\"name\":\"Tomas Jarvid\",\"@id\":\"https:\/\/blogg.svenskakyrkan.se\/vandravagen\/#\/schema\/person\/25da02d4f76b137d04291711e2c9fc16\"},\"headline\":\"Att leva en dag utan helvetica\",\"datePublished\":\"2012-12-05T08:02:00+00:00\",\"mainEntityOfPage\":{\"@id\":\"https:\/\/blogg.svenskakyrkan.se\/vandravagen\/2012\/12\/05\/att-leva-en-dag-utan-helvetica\/\"},\"wordCount\":301,\"commentCount\":0,\"publisher\":{\"@id\":\"https:\/\/blogg.svenskakyrkan.se\/vandravagen\/#organization\"},\"image\":{\"@id\":\"https:\/\/blogg.svenskakyrkan.se\/vandravagen\/2012\/12\/05\/att-leva-en-dag-utan-helvetica\/#primaryimage\"},\"thumbnailUrl\":\"https:\/\/encrypted-tbn0.gstatic.com\/images?q=tbn:ANd9GcQUd-rkLF5RODcUut-UMs3mQGuURvsMhU_ZfjqU1M1IWARr_LX_\",\"articleSection\":[\"andlighet\",\"blandat\"],\"inLanguage\":\"sv-SE\",\"potentialAction\":[{\"@type\":\"CommentAction\",\"name\":\"Comment\",\"target\":[\"https:\/\/blogg.svenskakyrkan.se\/vandravagen\/2012\/12\/05\/att-leva-en-dag-utan-helvetica\/#respond\"]}]},{\"@type\":\"WebPage\",\"@id\":\"https:\/\/blogg.svenskakyrkan.se\/vandravagen\/2012\/12\/05\/att-leva-en-dag-utan-helvetica\/\",\"url\":\"https:\/\/blogg.svenskakyrkan.se\/vandravagen\/2012\/12\/05\/att-leva-en-dag-utan-helvetica\/\",\"name\":\"Att leva en dag utan helvetica - Vandra V\u00e4gen\",\"isPartOf\":{\"@id\":\"https:\/\/blogg.svenskakyrkan.se\/vandravagen\/#website\"},\"primaryImageOfPage\":{\"@id\":\"https:\/\/blogg.svenskakyrkan.se\/vandravagen\/2012\/12\/05\/att-leva-en-dag-utan-helvetica\/#primaryimage\"},\"image\":{\"@id\":\"https:\/\/blogg.svenskakyrkan.se\/vandravagen\/2012\/12\/05\/att-leva-en-dag-utan-helvetica\/#primaryimage\"},\"thumbnailUrl\":\"https:\/\/encrypted-tbn0.gstatic.com\/images?q=tbn:ANd9GcQUd-rkLF5RODcUut-UMs3mQGuURvsMhU_ZfjqU1M1IWARr_LX_\",\"datePublished\":\"2012-12-05T08:02:00+00:00\",\"breadcrumb\":{\"@id\":\"https:\/\/blogg.svenskakyrkan.se\/vandravagen\/2012\/12\/05\/att-leva-en-dag-utan-helvetica\/#breadcrumb\"},\"inLanguage\":\"sv-SE\",\"potentialAction\":[{\"@type\":\"ReadAction\",\"target\":[\"https:\/\/blogg.svenskakyrkan.se\/vandravagen\/2012\/12\/05\/att-leva-en-dag-utan-helvetica\/\"]}]},{\"@type\":\"ImageObject\",\"inLanguage\":\"sv-SE\",\"@id\":\"https:\/\/blogg.svenskakyrkan.se\/vandravagen\/2012\/12\/05\/att-leva-en-dag-utan-helvetica\/#primaryimage\",\"url\":\"https:\/\/encrypted-tbn0.gstatic.com\/images?q=tbn:ANd9GcQUd-rkLF5RODcUut-UMs3mQGuURvsMhU_ZfjqU1M1IWARr_LX_\",\"contentUrl\":\"https:\/\/encrypted-tbn0.gstatic.com\/images?q=tbn:ANd9GcQUd-rkLF5RODcUut-UMs3mQGuURvsMhU_ZfjqU1M1IWARr_LX_\"},{\"@type\":\"BreadcrumbList\",\"@id\":\"https:\/\/blogg.svenskakyrkan.se\/vandravagen\/2012\/12\/05\/att-leva-en-dag-utan-helvetica\/#breadcrumb\",\"itemListElement\":[{\"@type\":\"ListItem\",\"position\":1,\"name\":\"Hem\",\"item\":\"https:\/\/blogg.svenskakyrkan.se\/vandravagen\/\"},{\"@type\":\"ListItem\",\"position\":2,\"name\":\"Att leva en dag utan helvetica\"}]},{\"@type\":\"WebSite\",\"@id\":\"https:\/\/blogg.svenskakyrkan.se\/vandravagen\/#website\",\"url\":\"https:\/\/blogg.svenskakyrkan.se\/vandravagen\/\",\"name\":\"Vandra V\u00e4gen\",\"description\":\"-Mot en tro f\u00f6r hela livet\",\"publisher\":{\"@id\":\"https:\/\/blogg.svenskakyrkan.se\/vandravagen\/#organization\"},\"potentialAction\":[{\"@type\":\"SearchAction\",\"target\":{\"@type\":\"EntryPoint\",\"urlTemplate\":\"https:\/\/blogg.svenskakyrkan.se\/vandravagen\/?s={search_term_string}\"},\"query-input\":{\"@type\":\"PropertyValueSpecification\",\"valueRequired\":true,\"valueName\":\"search_term_string\"}}],\"inLanguage\":\"sv-SE\"},{\"@type\":\"Organization\",\"@id\":\"https:\/\/blogg.svenskakyrkan.se\/vandravagen\/#organization\",\"name\":\"ulricehamns pastorat\",\"alternateName\":\"ulricehamns pastorat\",\"url\":\"https:\/\/blogg.svenskakyrkan.se\/vandravagen\/\",\"logo\":{\"@type\":\"ImageObject\",\"inLanguage\":\"sv-SE\",\"@id\":\"https:\/\/blogg.svenskakyrkan.se\/vandravagen\/#\/schema\/logo\/image\/\",\"url\":\"https:\/\/blogg.svenskakyrkan.se\/vandravagen\/files\/2023\/05\/Ulr_logo_RGB.png\",\"contentUrl\":\"https:\/\/blogg.svenskakyrkan.se\/vandravagen\/files\/2023\/05\/Ulr_logo_RGB.png\",\"width\":205,\"height\":77,\"caption\":\"ulricehamns pastorat\"},\"image\":{\"@id\":\"https:\/\/blogg.svenskakyrkan.se\/vandravagen\/#\/schema\/logo\/image\/\"},\"sameAs\":[\"http:\/\/facebook.com\/vandravagen\",\"https:\/\/x.com\/fadertomas\",\"http:\/\/www.facebook.com\/svenskakyrkaniulricehamn\"]},{\"@type\":\"Person\",\"@id\":\"https:\/\/blogg.svenskakyrkan.se\/vandravagen\/#\/schema\/person\/25da02d4f76b137d04291711e2c9fc16\",\"name\":\"Tomas Jarvid\",\"image\":{\"@type\":\"ImageObject\",\"inLanguage\":\"sv-SE\",\"@id\":\"https:\/\/blogg.svenskakyrkan.se\/vandravagen\/#\/schema\/person\/image\/\",\"url\":\"https:\/\/secure.gravatar.com\/avatar\/7fa71899795e8f540f615a1f5ab25255dc27aa40f05ee7ddd21aac521e01bf50?s=96&d=identicon&r=g\",\"contentUrl\":\"https:\/\/secure.gravatar.com\/avatar\/7fa71899795e8f540f615a1f5ab25255dc27aa40f05ee7ddd21aac521e01bf50?s=96&d=identicon&r=g\",\"caption\":\"Tomas Jarvid\"},\"description\":\"Jag bor i Ulricehamn i V\u00e4sterg\u00f6tland och \u00e4r f\u00f6rsamlingspr\u00e4st i Svenska Kyrkan f\u00f6r Dalstorps f\u00f6rsamling i Kinds pastorat. P\u00e5 den h\u00e4r bloggen skriver jag ner tankar om vandringen som kristen.\",\"sameAs\":[\"http:\/\/www.vandravagen.se\"],\"url\":\"https:\/\/blogg.svenskakyrkan.se\/vandravagen\/author\/vandravagen\/\"}]}<\/script>\n<!-- \/ Yoast SEO plugin. -->","yoast_head_json":{"title":"Att leva en dag utan helvetica - Vandra V\u00e4gen","robots":{"index":"index","follow":"follow","max-snippet":"max-snippet:-1","max-image-preview":"max-image-preview:large","max-video-preview":"max-video-preview:-1"},"canonical":"https:\/\/blogg.svenskakyrkan.se\/vandravagen\/2012\/12\/05\/att-leva-en-dag-utan-helvetica\/","og_locale":"sv_SE","og_type":"article","og_title":"Att leva en dag utan helvetica - Vandra V\u00e4gen","og_description":"P\u00e5 P1 har de b\u00f6rjat k\u00f6ra ett h\u00e4rligt n\u00f6rdigt program som heter &#8221;typo&#8221; och handlar om olika typsnitt i korta avsnitt. Jag har h\u00f6rt det som handlar om &#8221;helvetica&#8221;, det typsnitt jag sj\u00e4lv oftast anv\u00e4nder (vilket kanske f\u00e5r n\u00e5gon att dra p\u00e5 munnen, i s\u00e5 fall bjuder jag p\u00e5 det). Helvetica \u00e4r tydligen tillsammans med [&hellip;]","og_url":"https:\/\/blogg.svenskakyrkan.se\/vandravagen\/2012\/12\/05\/att-leva-en-dag-utan-helvetica\/","og_site_name":"Vandra V\u00e4gen","article_publisher":"http:\/\/facebook.com\/vandravagen","article_published_time":"2012-12-05T08:02:00+00:00","og_image":[{"url":"https:\/\/encrypted-tbn0.gstatic.com\/images?q=tbn:ANd9GcQUd-rkLF5RODcUut-UMs3mQGuURvsMhU_ZfjqU1M1IWARr_LX_","type":"","width":"","height":""}],"author":"Tomas Jarvid","twitter_card":"summary_large_image","twitter_creator":"@fadertomas","twitter_site":"@fadertomas","twitter_misc":{"Skriven av":"Tomas Jarvid","Ber\u00e4knad l\u00e4stid":"1 minut"},"schema":{"@context":"https:\/\/schema.org","@graph":[{"@type":"Article","@id":"https:\/\/blogg.svenskakyrkan.se\/vandravagen\/2012\/12\/05\/att-leva-en-dag-utan-helvetica\/#article","isPartOf":{"@id":"https:\/\/blogg.svenskakyrkan.se\/vandravagen\/2012\/12\/05\/att-leva-en-dag-utan-helvetica\/"},"author":{"name":"Tomas Jarvid","@id":"https:\/\/blogg.svenskakyrkan.se\/vandravagen\/#\/schema\/person\/25da02d4f76b137d04291711e2c9fc16"},"headline":"Att leva en dag utan helvetica","datePublished":"2012-12-05T08:02:00+00:00","mainEntityOfPage":{"@id":"https:\/\/blogg.svenskakyrkan.se\/vandravagen\/2012\/12\/05\/att-leva-en-dag-utan-helvetica\/"},"wordCount":301,"commentCount":0,"publisher":{"@id":"https:\/\/blogg.svenskakyrkan.se\/vandravagen\/#organization"},"image":{"@id":"https:\/\/blogg.svenskakyrkan.se\/vandravagen\/2012\/12\/05\/att-leva-en-dag-utan-helvetica\/#primaryimage"},"thumbnailUrl":"https:\/\/encrypted-tbn0.gstatic.com\/images?q=tbn:ANd9GcQUd-rkLF5RODcUut-UMs3mQGuURvsMhU_ZfjqU1M1IWARr_LX_","articleSection":["andlighet","blandat"],"inLanguage":"sv-SE","potentialAction":[{"@type":"CommentAction","name":"Comment","target":["https:\/\/blogg.svenskakyrkan.se\/vandravagen\/2012\/12\/05\/att-leva-en-dag-utan-helvetica\/#respond"]}]},{"@type":"WebPage","@id":"https:\/\/blogg.svenskakyrkan.se\/vandravagen\/2012\/12\/05\/att-leva-en-dag-utan-helvetica\/","url":"https:\/\/blogg.svenskakyrkan.se\/vandravagen\/2012\/12\/05\/att-leva-en-dag-utan-helvetica\/","name":"Att leva en dag utan helvetica - Vandra V\u00e4gen","isPartOf":{"@id":"https:\/\/blogg.svenskakyrkan.se\/vandravagen\/#website"},"primaryImageOfPage":{"@id":"https:\/\/blogg.svenskakyrkan.se\/vandravagen\/2012\/12\/05\/att-leva-en-dag-utan-helvetica\/#primaryimage"},"image":{"@id":"https:\/\/blogg.svenskakyrkan.se\/vandravagen\/2012\/12\/05\/att-leva-en-dag-utan-helvetica\/#primaryimage"},"thumbnailUrl":"https:\/\/encrypted-tbn0.gstatic.com\/images?q=tbn:ANd9GcQUd-rkLF5RODcUut-UMs3mQGuURvsMhU_ZfjqU1M1IWARr_LX_","datePublished":"2012-12-05T08:02:00+00:00","breadcrumb":{"@id":"https:\/\/blogg.svenskakyrkan.se\/vandravagen\/2012\/12\/05\/att-leva-en-dag-utan-helvetica\/#breadcrumb"},"inLanguage":"sv-SE","potentialAction":[{"@type":"ReadAction","target":["https:\/\/blogg.svenskakyrkan.se\/vandravagen\/2012\/12\/05\/att-leva-en-dag-utan-helvetica\/"]}]},{"@type":"ImageObject","inLanguage":"sv-SE","@id":"https:\/\/blogg.svenskakyrkan.se\/vandravagen\/2012\/12\/05\/att-leva-en-dag-utan-helvetica\/#primaryimage","url":"https:\/\/encrypted-tbn0.gstatic.com\/images?q=tbn:ANd9GcQUd-rkLF5RODcUut-UMs3mQGuURvsMhU_ZfjqU1M1IWARr_LX_","contentUrl":"https:\/\/encrypted-tbn0.gstatic.com\/images?q=tbn:ANd9GcQUd-rkLF5RODcUut-UMs3mQGuURvsMhU_ZfjqU1M1IWARr_LX_"},{"@type":"BreadcrumbList","@id":"https:\/\/blogg.svenskakyrkan.se\/vandravagen\/2012\/12\/05\/att-leva-en-dag-utan-helvetica\/#breadcrumb","itemListElement":[{"@type":"ListItem","position":1,"name":"Hem","item":"https:\/\/blogg.svenskakyrkan.se\/vandravagen\/"},{"@type":"ListItem","position":2,"name":"Att leva en dag utan helvetica"}]},{"@type":"WebSite","@id":"https:\/\/blogg.svenskakyrkan.se\/vandravagen\/#website","url":"https:\/\/blogg.svenskakyrkan.se\/vandravagen\/","name":"Vandra V\u00e4gen","description":"-Mot en tro f\u00f6r hela livet","publisher":{"@id":"https:\/\/blogg.svenskakyrkan.se\/vandravagen\/#organization"},"potentialAction":[{"@type":"SearchAction","target":{"@type":"EntryPoint","urlTemplate":"https:\/\/blogg.svenskakyrkan.se\/vandravagen\/?s={search_term_string}"},"query-input":{"@type":"PropertyValueSpecification","valueRequired":true,"valueName":"search_term_string"}}],"inLanguage":"sv-SE"},{"@type":"Organization","@id":"https:\/\/blogg.svenskakyrkan.se\/vandravagen\/#organization","name":"ulricehamns pastorat","alternateName":"ulricehamns pastorat","url":"https:\/\/blogg.svenskakyrkan.se\/vandravagen\/","logo":{"@type":"ImageObject","inLanguage":"sv-SE","@id":"https:\/\/blogg.svenskakyrkan.se\/vandravagen\/#\/schema\/logo\/image\/","url":"https:\/\/blogg.svenskakyrkan.se\/vandravagen\/files\/2023\/05\/Ulr_logo_RGB.png","contentUrl":"https:\/\/blogg.svenskakyrkan.se\/vandravagen\/files\/2023\/05\/Ulr_logo_RGB.png","width":205,"height":77,"caption":"ulricehamns pastorat"},"image":{"@id":"https:\/\/blogg.svenskakyrkan.se\/vandravagen\/#\/schema\/logo\/image\/"},"sameAs":["http:\/\/facebook.com\/vandravagen","https:\/\/x.com\/fadertomas","http:\/\/www.facebook.com\/svenskakyrkaniulricehamn"]},{"@type":"Person","@id":"https:\/\/blogg.svenskakyrkan.se\/vandravagen\/#\/schema\/person\/25da02d4f76b137d04291711e2c9fc16","name":"Tomas Jarvid","image":{"@type":"ImageObject","inLanguage":"sv-SE","@id":"https:\/\/blogg.svenskakyrkan.se\/vandravagen\/#\/schema\/person\/image\/","url":"https:\/\/secure.gravatar.com\/avatar\/7fa71899795e8f540f615a1f5ab25255dc27aa40f05ee7ddd21aac521e01bf50?s=96&d=identicon&r=g","contentUrl":"https:\/\/secure.gravatar.com\/avatar\/7fa71899795e8f540f615a1f5ab25255dc27aa40f05ee7ddd21aac521e01bf50?s=96&d=identicon&r=g","caption":"Tomas Jarvid"},"description":"Jag bor i Ulricehamn i V\u00e4sterg\u00f6tland och \u00e4r f\u00f6rsamlingspr\u00e4st i Svenska Kyrkan f\u00f6r Dalstorps f\u00f6rsamling i Kinds pastorat. P\u00e5 den h\u00e4r bloggen skriver jag ner tankar om vandringen som kristen.","sameAs":["http:\/\/www.vandravagen.se"],"url":"https:\/\/blogg.svenskakyrkan.se\/vandravagen\/author\/vandravagen\/"}]}},"author_meta":{"ID":"392","user_nicename":"vandravagen","user_url":"http:\/\/www.vandravagen.se","user_registered":"2014-05-19 05:44:52","display_name":"Tomas Jarvid","first_name":"Tomas","last_name":"Jarvid","avatar":"https:\/\/secure.gravatar.com\/avatar\/7fa71899795e8f540f615a1f5ab25255dc27aa40f05ee7ddd21aac521e01bf50?s=96&d=identicon&r=g"},"featured_image":false,"bloginfo":{"name":"Vandra V\u00e4gen","url":"https:\/\/blogg.svenskakyrkan.se\/vandravagen"},"_links":{"self":[{"href":"https:\/\/blogg.svenskakyrkan.se\/vandravagen\/wp-json\/wp\/v2\/posts\/833","targetHints":{"allow":["GET"]}}],"collection":[{"href":"https:\/\/blogg.svenskakyrkan.se\/vandravagen\/wp-json\/wp\/v2\/posts"}],"about":[{"href":"https:\/\/blogg.svenskakyrkan.se\/vandravagen\/wp-json\/wp\/v2\/types\/post"}],"author":[{"embeddable":true,"href":"https:\/\/blogg.svenskakyrkan.se\/vandravagen\/wp-json\/wp\/v2\/users\/392"}],"replies":[{"embeddable":true,"href":"https:\/\/blogg.svenskakyrkan.se\/vandravagen\/wp-json\/wp\/v2\/comments?post=833"}],"version-history":[{"count":0,"href":"https:\/\/blogg.svenskakyrkan.se\/vandravagen\/wp-json\/wp\/v2\/posts\/833\/revisions"}],"wp:attachment":[{"href":"https:\/\/blogg.svenskakyrkan.se\/vandravagen\/wp-json\/wp\/v2\/media?parent=833"}],"wp:term":[{"taxonomy":"category","embeddable":true,"href":"https:\/\/blogg.svenskakyrkan.se\/vandravagen\/wp-json\/wp\/v2\/categories?post=833"},{"taxonomy":"post_tag","embeddable":true,"href":"https:\/\/blogg.svenskakyrkan.se\/vandravagen\/wp-json\/wp\/v2\/tags?post=833"}],"curies":[{"name":"wp","href":"https:\/\/api.w.org\/{rel}","templated":true}]}}