{"id":8337,"date":"2020-12-03T07:00:00","date_gmt":"2020-12-03T06:00:00","guid":{"rendered":"http:\/\/blogg.svenskakyrkan.se\/vandravagen\/?p=8337"},"modified":"2020-12-02T21:49:06","modified_gmt":"2020-12-02T20:49:06","slug":"inget-revben-i-bibeln","status":"publish","type":"post","link":"https:\/\/blogg.svenskakyrkan.se\/vandravagen\/2020\/12\/03\/inget-revben-i-bibeln\/","title":{"rendered":"Inget revben i bibeln"},"content":{"rendered":"\n\n\n<figure class=\"wp-block-image size-large is-style-default\"><img loading=\"lazy\" decoding=\"async\" width=\"540\" height=\"408\" src=\"https:\/\/blogg.svenskakyrkan.se\/vandravagen\/files\/2020\/12\/IMG_6183.jpg\" alt=\"\" class=\"wp-image-8339\" srcset=\"https:\/\/blogg.svenskakyrkan.se\/vandravagen\/files\/2020\/12\/IMG_6183.jpg 540w, https:\/\/blogg.svenskakyrkan.se\/vandravagen\/files\/2020\/12\/IMG_6183-300x227.jpg 300w\" sizes=\"auto, (max-width: 540px) 100vw, 540px\" \/><figcaption>Adam och Eva. <\/figcaption><\/figure>\n\n\n\n<p>Dagens bibliska scoop kommer \u00e5terigen via \u201dthe bible project \u201d! D\u00e4r talar de nu om m\u00e4nskligheten bibeln igenom och det BR\u00c4NDE TILL n\u00e4r de pl\u00f6tsligt pratade om det d\u00e4r i bibelns b\u00f6rjan d\u00e4r Gud skapar Adam och Eva.<br>M\u00e4nniskans skapelse finns i tv\u00e5 varianter efter varandra. I den f\u00f6rsta s\u00e4gs det bara att Gud skapade m\u00e4nniskan, man och kvinna, till sin avbild. Jag brukar f\u00f6redra att citera den f\u00f6r den andra har alltid varit lite besv\u00e4rande. TILLS NU allts\u00e5.<br><br>Det \u00e4r n\u00e4mligen h\u00e4r vi brukar l\u00e4sa att Gud s\u00e5g att mannen (fast sj\u00e4lva ordet adam betyder snarare m\u00e4nskligheten) inte har det bra ensam s\u00e5 han s\u00f6ver honom och skapar kvinnan av ett revben. Det klingar inte s\u00e5 positivt f\u00f6r d\u00e5 blir kvinnan dels skapad i andra hand och dessutom finns hon till f\u00f6r mannens skull?<br><br>Men nu har jag f\u00e5tt l\u00e4ra mig (m\u00f6jligt att jag redan borde vetat detta) att <strong>det aldrig n\u00e4mns n\u00e5got revben <\/strong>i ursprungstexten. Det som st\u00e5r \u00e4r att Gud tog <strong>\u201dfr\u00e5n mannens sida\u201d <\/strong>och s\u00e5 har en \u00f6vers\u00e4ttare f\u00f6r l\u00e4nge sedan tolkat det som revben och sedan har det blivit tradition att tolka det s\u00e5. Men det \u00e4r f\u00f6rmodligen en rimligare tolkning att Gud <strong>tog sidan p\u00e5 mannen, det vill s\u00e4ga ena halvan<\/strong>, och skapade kvinnan. <br><br>Pl\u00f6tsligt st\u00e5r vi med en mer j\u00e4mst\u00e4lld ber\u00e4ttelse som handlar om att m\u00e4nniskan inte \u00e4r skapt att klara sig ensam och att det \u00e4r i k\u00e4rleken till en annan m\u00e4nniska vi verkligen kan blomstra. M\u00e4nniskan \u00e4r halv tills vi ing\u00e5r i gemenskap. Allt detta kan f\u00f6rst\u00e5s s\u00e4gas ocks\u00e5 p\u00e5 en generell medm\u00e4nsklig niv\u00e5. \u00c4ven om det inte g\u00e4ller tv\u00e5samhet s\u00e5 \u00e4r vi \u00e4nd\u00e5 sociala varelser som inte klarar oss sj\u00e4lva utan blir till i m\u00f6tet med en &#8221;du&#8221;. G\u00e5r man lite in p\u00e5 betydelsen i de hebreiska namnen s\u00e5 betyder Adam &#8221;m\u00e4nniska&#8221; eller &#8221;m\u00e4nsklighet&#8221; och Eva &#8221;liv&#8221;. Det blir inte ett helt liv s\u00e5 l\u00e4nge m\u00e4nniskan \u00e4r ensam.<br><br><br>Jag t\u00e4nker p\u00e5 en av bloggens tidiga l\u00e4sare som blivit \u00e4nka och uttryckte det med att hon f\u00f6rlorat en pusselbit av sig sj\u00e4lv. Det ligger nog r\u00e4tt n\u00e4ra den bibliska visionen.<br><br>Har du tankar om revbenet och skapelsen s\u00e5 skriv g\u00e4rna en rad!<br><\/p>\n","protected":false},"excerpt":{"rendered":"<p>Dagens bibliska scoop kommer \u00e5terigen via \u201dthe bible project \u201d! D\u00e4r talar de nu om m\u00e4nskligheten bibeln igenom och det BR\u00c4NDE TILL n\u00e4r de pl\u00f6tsligt pratade om det d\u00e4r i bibelns b\u00f6rjan d\u00e4r Gud skapar Adam och Eva.M\u00e4nniskans skapelse finns i tv\u00e5 varianter efter varandra. I den f\u00f6rsta s\u00e4gs det bara att Gud skapade m\u00e4nniskan, [&hellip;]<\/p>\n","protected":false},"author":392,"featured_media":8339,"comment_status":"open","ping_status":"open","sticky":false,"template":"","format":"standard","meta":{"_acf_changed":false,"footnotes":""},"categories":[14252,8298,81117,117],"tags":[],"class_list":["post-8337","post","type-post","status-publish","format-standard","has-post-thumbnail","hentry","category-bibel","category-bibeln","category-skapelseteologi","category-teologi"],"acf":[],"yoast_head":"<!-- This site is optimized with the Yoast SEO plugin v27.1.1 - https:\/\/yoast.com\/product\/yoast-seo-wordpress\/ -->\n<title>Inget revben i bibeln - Vandra V\u00e4gen<\/title>\n<meta name=\"robots\" content=\"index, follow, max-snippet:-1, max-image-preview:large, max-video-preview:-1\" \/>\n<link rel=\"canonical\" href=\"https:\/\/blogg.svenskakyrkan.se\/vandravagen\/2020\/12\/03\/inget-revben-i-bibeln\/\" \/>\n<meta property=\"og:locale\" content=\"sv_SE\" \/>\n<meta property=\"og:type\" content=\"article\" \/>\n<meta property=\"og:title\" content=\"Inget revben i bibeln - Vandra V\u00e4gen\" \/>\n<meta property=\"og:description\" content=\"Dagens bibliska scoop kommer \u00e5terigen via \u201dthe bible project \u201d! D\u00e4r talar de nu om m\u00e4nskligheten bibeln igenom och det BR\u00c4NDE TILL n\u00e4r de pl\u00f6tsligt pratade om det d\u00e4r i bibelns b\u00f6rjan d\u00e4r Gud skapar Adam och Eva.M\u00e4nniskans skapelse finns i tv\u00e5 varianter efter varandra. I den f\u00f6rsta s\u00e4gs det bara att Gud skapade m\u00e4nniskan, [&hellip;]\" \/>\n<meta property=\"og:url\" content=\"https:\/\/blogg.svenskakyrkan.se\/vandravagen\/2020\/12\/03\/inget-revben-i-bibeln\/\" \/>\n<meta property=\"og:site_name\" content=\"Vandra V\u00e4gen\" \/>\n<meta property=\"article:publisher\" content=\"http:\/\/facebook.com\/vandravagen\" \/>\n<meta property=\"article:published_time\" content=\"2020-12-03T06:00:00+00:00\" \/>\n<meta property=\"og:image\" content=\"https:\/\/blogg.svenskakyrkan.se\/vandravagen\/files\/2020\/12\/IMG_6183.jpg\" \/>\n\t<meta property=\"og:image:width\" content=\"540\" \/>\n\t<meta property=\"og:image:height\" content=\"408\" \/>\n\t<meta property=\"og:image:type\" content=\"image\/jpeg\" \/>\n<meta name=\"author\" content=\"Tomas Jarvid\" \/>\n<meta name=\"twitter:card\" content=\"summary_large_image\" \/>\n<meta name=\"twitter:creator\" content=\"@fadertomas\" \/>\n<meta name=\"twitter:site\" content=\"@fadertomas\" \/>\n<meta name=\"twitter:label1\" content=\"Skriven av\" \/>\n\t<meta name=\"twitter:data1\" content=\"Tomas Jarvid\" \/>\n\t<meta name=\"twitter:label2\" content=\"Ber\u00e4knad l\u00e4stid\" \/>\n\t<meta name=\"twitter:data2\" content=\"2 minuter\" \/>\n<script type=\"application\/ld+json\" class=\"yoast-schema-graph\">{\"@context\":\"https:\/\/schema.org\",\"@graph\":[{\"@type\":\"Article\",\"@id\":\"https:\/\/blogg.svenskakyrkan.se\/vandravagen\/2020\/12\/03\/inget-revben-i-bibeln\/#article\",\"isPartOf\":{\"@id\":\"https:\/\/blogg.svenskakyrkan.se\/vandravagen\/2020\/12\/03\/inget-revben-i-bibeln\/\"},\"author\":{\"name\":\"Tomas Jarvid\",\"@id\":\"https:\/\/blogg.svenskakyrkan.se\/vandravagen\/#\/schema\/person\/25da02d4f76b137d04291711e2c9fc16\"},\"headline\":\"Inget revben i bibeln\",\"datePublished\":\"2020-12-03T06:00:00+00:00\",\"mainEntityOfPage\":{\"@id\":\"https:\/\/blogg.svenskakyrkan.se\/vandravagen\/2020\/12\/03\/inget-revben-i-bibeln\/\"},\"wordCount\":433,\"commentCount\":8,\"publisher\":{\"@id\":\"https:\/\/blogg.svenskakyrkan.se\/vandravagen\/#organization\"},\"image\":{\"@id\":\"https:\/\/blogg.svenskakyrkan.se\/vandravagen\/2020\/12\/03\/inget-revben-i-bibeln\/#primaryimage\"},\"thumbnailUrl\":\"https:\/\/blogg.svenskakyrkan.se\/vandravagen\/files\/2020\/12\/IMG_6183.jpg\",\"articleSection\":[\"bibel\",\"Bibeln\",\"skapelseteologi\",\"Teologi\"],\"inLanguage\":\"sv-SE\",\"potentialAction\":[{\"@type\":\"CommentAction\",\"name\":\"Comment\",\"target\":[\"https:\/\/blogg.svenskakyrkan.se\/vandravagen\/2020\/12\/03\/inget-revben-i-bibeln\/#respond\"]}]},{\"@type\":\"WebPage\",\"@id\":\"https:\/\/blogg.svenskakyrkan.se\/vandravagen\/2020\/12\/03\/inget-revben-i-bibeln\/\",\"url\":\"https:\/\/blogg.svenskakyrkan.se\/vandravagen\/2020\/12\/03\/inget-revben-i-bibeln\/\",\"name\":\"Inget revben i bibeln - Vandra V\u00e4gen\",\"isPartOf\":{\"@id\":\"https:\/\/blogg.svenskakyrkan.se\/vandravagen\/#website\"},\"primaryImageOfPage\":{\"@id\":\"https:\/\/blogg.svenskakyrkan.se\/vandravagen\/2020\/12\/03\/inget-revben-i-bibeln\/#primaryimage\"},\"image\":{\"@id\":\"https:\/\/blogg.svenskakyrkan.se\/vandravagen\/2020\/12\/03\/inget-revben-i-bibeln\/#primaryimage\"},\"thumbnailUrl\":\"https:\/\/blogg.svenskakyrkan.se\/vandravagen\/files\/2020\/12\/IMG_6183.jpg\",\"datePublished\":\"2020-12-03T06:00:00+00:00\",\"breadcrumb\":{\"@id\":\"https:\/\/blogg.svenskakyrkan.se\/vandravagen\/2020\/12\/03\/inget-revben-i-bibeln\/#breadcrumb\"},\"inLanguage\":\"sv-SE\",\"potentialAction\":[{\"@type\":\"ReadAction\",\"target\":[\"https:\/\/blogg.svenskakyrkan.se\/vandravagen\/2020\/12\/03\/inget-revben-i-bibeln\/\"]}]},{\"@type\":\"ImageObject\",\"inLanguage\":\"sv-SE\",\"@id\":\"https:\/\/blogg.svenskakyrkan.se\/vandravagen\/2020\/12\/03\/inget-revben-i-bibeln\/#primaryimage\",\"url\":\"https:\/\/blogg.svenskakyrkan.se\/vandravagen\/files\/2020\/12\/IMG_6183.jpg\",\"contentUrl\":\"https:\/\/blogg.svenskakyrkan.se\/vandravagen\/files\/2020\/12\/IMG_6183.jpg\",\"width\":540,\"height\":408},{\"@type\":\"BreadcrumbList\",\"@id\":\"https:\/\/blogg.svenskakyrkan.se\/vandravagen\/2020\/12\/03\/inget-revben-i-bibeln\/#breadcrumb\",\"itemListElement\":[{\"@type\":\"ListItem\",\"position\":1,\"name\":\"Hem\",\"item\":\"https:\/\/blogg.svenskakyrkan.se\/vandravagen\/\"},{\"@type\":\"ListItem\",\"position\":2,\"name\":\"Inget revben i bibeln\"}]},{\"@type\":\"WebSite\",\"@id\":\"https:\/\/blogg.svenskakyrkan.se\/vandravagen\/#website\",\"url\":\"https:\/\/blogg.svenskakyrkan.se\/vandravagen\/\",\"name\":\"Vandra V\u00e4gen\",\"description\":\"-Mot en tro f\u00f6r hela livet\",\"publisher\":{\"@id\":\"https:\/\/blogg.svenskakyrkan.se\/vandravagen\/#organization\"},\"potentialAction\":[{\"@type\":\"SearchAction\",\"target\":{\"@type\":\"EntryPoint\",\"urlTemplate\":\"https:\/\/blogg.svenskakyrkan.se\/vandravagen\/?s={search_term_string}\"},\"query-input\":{\"@type\":\"PropertyValueSpecification\",\"valueRequired\":true,\"valueName\":\"search_term_string\"}}],\"inLanguage\":\"sv-SE\"},{\"@type\":\"Organization\",\"@id\":\"https:\/\/blogg.svenskakyrkan.se\/vandravagen\/#organization\",\"name\":\"ulricehamns pastorat\",\"alternateName\":\"ulricehamns pastorat\",\"url\":\"https:\/\/blogg.svenskakyrkan.se\/vandravagen\/\",\"logo\":{\"@type\":\"ImageObject\",\"inLanguage\":\"sv-SE\",\"@id\":\"https:\/\/blogg.svenskakyrkan.se\/vandravagen\/#\/schema\/logo\/image\/\",\"url\":\"https:\/\/blogg.svenskakyrkan.se\/vandravagen\/files\/2023\/05\/Ulr_logo_RGB.png\",\"contentUrl\":\"https:\/\/blogg.svenskakyrkan.se\/vandravagen\/files\/2023\/05\/Ulr_logo_RGB.png\",\"width\":205,\"height\":77,\"caption\":\"ulricehamns pastorat\"},\"image\":{\"@id\":\"https:\/\/blogg.svenskakyrkan.se\/vandravagen\/#\/schema\/logo\/image\/\"},\"sameAs\":[\"http:\/\/facebook.com\/vandravagen\",\"https:\/\/x.com\/fadertomas\",\"http:\/\/www.facebook.com\/svenskakyrkaniulricehamn\"]},{\"@type\":\"Person\",\"@id\":\"https:\/\/blogg.svenskakyrkan.se\/vandravagen\/#\/schema\/person\/25da02d4f76b137d04291711e2c9fc16\",\"name\":\"Tomas Jarvid\",\"image\":{\"@type\":\"ImageObject\",\"inLanguage\":\"sv-SE\",\"@id\":\"https:\/\/blogg.svenskakyrkan.se\/vandravagen\/#\/schema\/person\/image\/\",\"url\":\"https:\/\/secure.gravatar.com\/avatar\/7fa71899795e8f540f615a1f5ab25255dc27aa40f05ee7ddd21aac521e01bf50?s=96&d=identicon&r=g\",\"contentUrl\":\"https:\/\/secure.gravatar.com\/avatar\/7fa71899795e8f540f615a1f5ab25255dc27aa40f05ee7ddd21aac521e01bf50?s=96&d=identicon&r=g\",\"caption\":\"Tomas Jarvid\"},\"description\":\"Jag bor i Ulricehamn i V\u00e4sterg\u00f6tland och \u00e4r f\u00f6rsamlingspr\u00e4st i Svenska Kyrkan f\u00f6r Dalstorps f\u00f6rsamling i Kinds pastorat. P\u00e5 den h\u00e4r bloggen skriver jag ner tankar om vandringen som kristen.\",\"sameAs\":[\"http:\/\/www.vandravagen.se\"],\"url\":\"https:\/\/blogg.svenskakyrkan.se\/vandravagen\/author\/vandravagen\/\"}]}<\/script>\n<!-- \/ Yoast SEO plugin. -->","yoast_head_json":{"title":"Inget revben i bibeln - Vandra V\u00e4gen","robots":{"index":"index","follow":"follow","max-snippet":"max-snippet:-1","max-image-preview":"max-image-preview:large","max-video-preview":"max-video-preview:-1"},"canonical":"https:\/\/blogg.svenskakyrkan.se\/vandravagen\/2020\/12\/03\/inget-revben-i-bibeln\/","og_locale":"sv_SE","og_type":"article","og_title":"Inget revben i bibeln - Vandra V\u00e4gen","og_description":"Dagens bibliska scoop kommer \u00e5terigen via \u201dthe bible project \u201d! D\u00e4r talar de nu om m\u00e4nskligheten bibeln igenom och det BR\u00c4NDE TILL n\u00e4r de pl\u00f6tsligt pratade om det d\u00e4r i bibelns b\u00f6rjan d\u00e4r Gud skapar Adam och Eva.M\u00e4nniskans skapelse finns i tv\u00e5 varianter efter varandra. I den f\u00f6rsta s\u00e4gs det bara att Gud skapade m\u00e4nniskan, [&hellip;]","og_url":"https:\/\/blogg.svenskakyrkan.se\/vandravagen\/2020\/12\/03\/inget-revben-i-bibeln\/","og_site_name":"Vandra V\u00e4gen","article_publisher":"http:\/\/facebook.com\/vandravagen","article_published_time":"2020-12-03T06:00:00+00:00","og_image":[{"width":540,"height":408,"url":"https:\/\/blogg.svenskakyrkan.se\/vandravagen\/files\/2020\/12\/IMG_6183.jpg","type":"image\/jpeg"}],"author":"Tomas Jarvid","twitter_card":"summary_large_image","twitter_creator":"@fadertomas","twitter_site":"@fadertomas","twitter_misc":{"Skriven av":"Tomas Jarvid","Ber\u00e4knad l\u00e4stid":"2 minuter"},"schema":{"@context":"https:\/\/schema.org","@graph":[{"@type":"Article","@id":"https:\/\/blogg.svenskakyrkan.se\/vandravagen\/2020\/12\/03\/inget-revben-i-bibeln\/#article","isPartOf":{"@id":"https:\/\/blogg.svenskakyrkan.se\/vandravagen\/2020\/12\/03\/inget-revben-i-bibeln\/"},"author":{"name":"Tomas Jarvid","@id":"https:\/\/blogg.svenskakyrkan.se\/vandravagen\/#\/schema\/person\/25da02d4f76b137d04291711e2c9fc16"},"headline":"Inget revben i bibeln","datePublished":"2020-12-03T06:00:00+00:00","mainEntityOfPage":{"@id":"https:\/\/blogg.svenskakyrkan.se\/vandravagen\/2020\/12\/03\/inget-revben-i-bibeln\/"},"wordCount":433,"commentCount":8,"publisher":{"@id":"https:\/\/blogg.svenskakyrkan.se\/vandravagen\/#organization"},"image":{"@id":"https:\/\/blogg.svenskakyrkan.se\/vandravagen\/2020\/12\/03\/inget-revben-i-bibeln\/#primaryimage"},"thumbnailUrl":"https:\/\/blogg.svenskakyrkan.se\/vandravagen\/files\/2020\/12\/IMG_6183.jpg","articleSection":["bibel","Bibeln","skapelseteologi","Teologi"],"inLanguage":"sv-SE","potentialAction":[{"@type":"CommentAction","name":"Comment","target":["https:\/\/blogg.svenskakyrkan.se\/vandravagen\/2020\/12\/03\/inget-revben-i-bibeln\/#respond"]}]},{"@type":"WebPage","@id":"https:\/\/blogg.svenskakyrkan.se\/vandravagen\/2020\/12\/03\/inget-revben-i-bibeln\/","url":"https:\/\/blogg.svenskakyrkan.se\/vandravagen\/2020\/12\/03\/inget-revben-i-bibeln\/","name":"Inget revben i bibeln - Vandra V\u00e4gen","isPartOf":{"@id":"https:\/\/blogg.svenskakyrkan.se\/vandravagen\/#website"},"primaryImageOfPage":{"@id":"https:\/\/blogg.svenskakyrkan.se\/vandravagen\/2020\/12\/03\/inget-revben-i-bibeln\/#primaryimage"},"image":{"@id":"https:\/\/blogg.svenskakyrkan.se\/vandravagen\/2020\/12\/03\/inget-revben-i-bibeln\/#primaryimage"},"thumbnailUrl":"https:\/\/blogg.svenskakyrkan.se\/vandravagen\/files\/2020\/12\/IMG_6183.jpg","datePublished":"2020-12-03T06:00:00+00:00","breadcrumb":{"@id":"https:\/\/blogg.svenskakyrkan.se\/vandravagen\/2020\/12\/03\/inget-revben-i-bibeln\/#breadcrumb"},"inLanguage":"sv-SE","potentialAction":[{"@type":"ReadAction","target":["https:\/\/blogg.svenskakyrkan.se\/vandravagen\/2020\/12\/03\/inget-revben-i-bibeln\/"]}]},{"@type":"ImageObject","inLanguage":"sv-SE","@id":"https:\/\/blogg.svenskakyrkan.se\/vandravagen\/2020\/12\/03\/inget-revben-i-bibeln\/#primaryimage","url":"https:\/\/blogg.svenskakyrkan.se\/vandravagen\/files\/2020\/12\/IMG_6183.jpg","contentUrl":"https:\/\/blogg.svenskakyrkan.se\/vandravagen\/files\/2020\/12\/IMG_6183.jpg","width":540,"height":408},{"@type":"BreadcrumbList","@id":"https:\/\/blogg.svenskakyrkan.se\/vandravagen\/2020\/12\/03\/inget-revben-i-bibeln\/#breadcrumb","itemListElement":[{"@type":"ListItem","position":1,"name":"Hem","item":"https:\/\/blogg.svenskakyrkan.se\/vandravagen\/"},{"@type":"ListItem","position":2,"name":"Inget revben i bibeln"}]},{"@type":"WebSite","@id":"https:\/\/blogg.svenskakyrkan.se\/vandravagen\/#website","url":"https:\/\/blogg.svenskakyrkan.se\/vandravagen\/","name":"Vandra V\u00e4gen","description":"-Mot en tro f\u00f6r hela livet","publisher":{"@id":"https:\/\/blogg.svenskakyrkan.se\/vandravagen\/#organization"},"potentialAction":[{"@type":"SearchAction","target":{"@type":"EntryPoint","urlTemplate":"https:\/\/blogg.svenskakyrkan.se\/vandravagen\/?s={search_term_string}"},"query-input":{"@type":"PropertyValueSpecification","valueRequired":true,"valueName":"search_term_string"}}],"inLanguage":"sv-SE"},{"@type":"Organization","@id":"https:\/\/blogg.svenskakyrkan.se\/vandravagen\/#organization","name":"ulricehamns pastorat","alternateName":"ulricehamns pastorat","url":"https:\/\/blogg.svenskakyrkan.se\/vandravagen\/","logo":{"@type":"ImageObject","inLanguage":"sv-SE","@id":"https:\/\/blogg.svenskakyrkan.se\/vandravagen\/#\/schema\/logo\/image\/","url":"https:\/\/blogg.svenskakyrkan.se\/vandravagen\/files\/2023\/05\/Ulr_logo_RGB.png","contentUrl":"https:\/\/blogg.svenskakyrkan.se\/vandravagen\/files\/2023\/05\/Ulr_logo_RGB.png","width":205,"height":77,"caption":"ulricehamns pastorat"},"image":{"@id":"https:\/\/blogg.svenskakyrkan.se\/vandravagen\/#\/schema\/logo\/image\/"},"sameAs":["http:\/\/facebook.com\/vandravagen","https:\/\/x.com\/fadertomas","http:\/\/www.facebook.com\/svenskakyrkaniulricehamn"]},{"@type":"Person","@id":"https:\/\/blogg.svenskakyrkan.se\/vandravagen\/#\/schema\/person\/25da02d4f76b137d04291711e2c9fc16","name":"Tomas Jarvid","image":{"@type":"ImageObject","inLanguage":"sv-SE","@id":"https:\/\/blogg.svenskakyrkan.se\/vandravagen\/#\/schema\/person\/image\/","url":"https:\/\/secure.gravatar.com\/avatar\/7fa71899795e8f540f615a1f5ab25255dc27aa40f05ee7ddd21aac521e01bf50?s=96&d=identicon&r=g","contentUrl":"https:\/\/secure.gravatar.com\/avatar\/7fa71899795e8f540f615a1f5ab25255dc27aa40f05ee7ddd21aac521e01bf50?s=96&d=identicon&r=g","caption":"Tomas Jarvid"},"description":"Jag bor i Ulricehamn i V\u00e4sterg\u00f6tland och \u00e4r f\u00f6rsamlingspr\u00e4st i Svenska Kyrkan f\u00f6r Dalstorps f\u00f6rsamling i Kinds pastorat. P\u00e5 den h\u00e4r bloggen skriver jag ner tankar om vandringen som kristen.","sameAs":["http:\/\/www.vandravagen.se"],"url":"https:\/\/blogg.svenskakyrkan.se\/vandravagen\/author\/vandravagen\/"}]}},"author_meta":{"ID":"392","user_nicename":"vandravagen","user_url":"http:\/\/www.vandravagen.se","user_registered":"2014-05-19 05:44:52","display_name":"Tomas Jarvid","first_name":"Tomas","last_name":"Jarvid","avatar":"https:\/\/secure.gravatar.com\/avatar\/7fa71899795e8f540f615a1f5ab25255dc27aa40f05ee7ddd21aac521e01bf50?s=96&d=identicon&r=g"},"featured_image":["https:\/\/blogg.svenskakyrkan.se\/vandravagen\/files\/2020\/12\/IMG_6183.jpg",540,408,false],"bloginfo":{"name":"Vandra V\u00e4gen","url":"https:\/\/blogg.svenskakyrkan.se\/vandravagen"},"_links":{"self":[{"href":"https:\/\/blogg.svenskakyrkan.se\/vandravagen\/wp-json\/wp\/v2\/posts\/8337","targetHints":{"allow":["GET"]}}],"collection":[{"href":"https:\/\/blogg.svenskakyrkan.se\/vandravagen\/wp-json\/wp\/v2\/posts"}],"about":[{"href":"https:\/\/blogg.svenskakyrkan.se\/vandravagen\/wp-json\/wp\/v2\/types\/post"}],"author":[{"embeddable":true,"href":"https:\/\/blogg.svenskakyrkan.se\/vandravagen\/wp-json\/wp\/v2\/users\/392"}],"replies":[{"embeddable":true,"href":"https:\/\/blogg.svenskakyrkan.se\/vandravagen\/wp-json\/wp\/v2\/comments?post=8337"}],"version-history":[{"count":2,"href":"https:\/\/blogg.svenskakyrkan.se\/vandravagen\/wp-json\/wp\/v2\/posts\/8337\/revisions"}],"predecessor-version":[{"id":8340,"href":"https:\/\/blogg.svenskakyrkan.se\/vandravagen\/wp-json\/wp\/v2\/posts\/8337\/revisions\/8340"}],"wp:featuredmedia":[{"embeddable":true,"href":"https:\/\/blogg.svenskakyrkan.se\/vandravagen\/wp-json\/wp\/v2\/media\/8339"}],"wp:attachment":[{"href":"https:\/\/blogg.svenskakyrkan.se\/vandravagen\/wp-json\/wp\/v2\/media?parent=8337"}],"wp:term":[{"taxonomy":"category","embeddable":true,"href":"https:\/\/blogg.svenskakyrkan.se\/vandravagen\/wp-json\/wp\/v2\/categories?post=8337"},{"taxonomy":"post_tag","embeddable":true,"href":"https:\/\/blogg.svenskakyrkan.se\/vandravagen\/wp-json\/wp\/v2\/tags?post=8337"}],"curies":[{"name":"wp","href":"https:\/\/api.w.org\/{rel}","templated":true}]}}