{"id":8341,"date":"2020-12-06T07:00:30","date_gmt":"2020-12-06T06:00:30","guid":{"rendered":"http:\/\/blogg.svenskakyrkan.se\/vandravagen\/?p=8341"},"modified":"2020-12-05T22:26:52","modified_gmt":"2020-12-05T21:26:52","slug":"9-blandade-tankar-pa-andra-adventssondagen-3","status":"publish","type":"post","link":"https:\/\/blogg.svenskakyrkan.se\/vandravagen\/2020\/12\/06\/9-blandade-tankar-pa-andra-adventssondagen-3\/","title":{"rendered":"9 blandade tankar p\u00e5 andra adventss\u00f6ndagen"},"content":{"rendered":"\n\n\n<figure class=\"wp-block-image size-large is-style-default\"><img loading=\"lazy\" decoding=\"async\" width=\"960\" height=\"688\" src=\"https:\/\/blogg.svenskakyrkan.se\/vandravagen\/files\/2020\/12\/IMG_6252.jpg\" alt=\"\" class=\"wp-image-8342\" srcset=\"https:\/\/blogg.svenskakyrkan.se\/vandravagen\/files\/2020\/12\/IMG_6252.jpg 960w, https:\/\/blogg.svenskakyrkan.se\/vandravagen\/files\/2020\/12\/IMG_6252-300x215.jpg 300w, https:\/\/blogg.svenskakyrkan.se\/vandravagen\/files\/2020\/12\/IMG_6252-768x550.jpg 768w\" sizes=\"auto, (max-width: 960px) 100vw, 960px\" \/><figcaption>K\u00e4nns lite som en bild av Guds rike. Tv\u00e5 barn som dansar.<\/figcaption><\/figure>\n\n\n\n<ol class=\"wp-block-list\"><li>Glad s\u00f6ndag k\u00e4ra l\u00e4sare!<\/li><li>Med dessa adventss\u00f6ndagar utan gudstj\u00e4nst \u00e4r det lite speciellt f\u00f6r jag vet ju precis hur det skulle varit ett normalt \u00e5r. D\u00e5 hade gospelk\u00f6ren Movin\u00b4Gospel sjungit i \u00d6lsremma kyrka och d\u00e4refter kakbuff\u00e9 i byag\u00e5rden. Nu \u00e4r det \u00f6ppet i Dalstorps kyrka 10-12 f\u00f6r den som vill komma till en kyrka och be men det \u00e4r det hela. <\/li><li>Nu \u00e4r det verkligen mycket spridning p\u00e5 coronan h\u00e4r s\u00e5 det \u00e4r f\u00f6rst\u00e5s fullt rimligt att ligga l\u00e5gt med allt just nu. Men det \u00e4r ju lika tr\u00e5kigt f\u00f6r det. <\/li><li>V\u00e5r andra tavla vid dalstorps torg h\u00e4ngs upp denna morgon. Jag vet ju p\u00e5 f\u00f6rv\u00e4g att det \u00e4r en fin tavla (av Lena Maijanen) s\u00e5 jag tror det blir till mycket gl\u00e4dje.<\/li><li>Mitt arbete just nu best\u00e5r till v\u00e4ldigt stor del av att filma. I veckan har jag varit b\u00e5de i Limmared och i Tranemo och filmat andakter. Och s\u00e5 mina sm\u00e5 adventskalenderklipp f\u00f6r dalstorps f\u00f6rsamling d\u00e5. <\/li><li>Andra s\u00f6ndagen i advent har med Guds rike att g\u00f6ra. Guds rike \u00e4r n\u00e4ra. Det \u00e4r Jesu st\u00e4ndiga budskap i ord och handling s\u00e5 d\u00e4r finns det \u00e4ndligt att \u00f6sa ur tematiskt. Fast nu ska jag ju inte predika idag.<\/li><li>Minsta barnet hemma har en fruktansv\u00e4rd tandsprickning och kan knappt varken \u00e4ta eller sova. Det t\u00e4r en del p\u00e5 hum\u00f6ret.<\/li><li>K\u00e4nner mig egentligen v\u00e4ldigt ambivalent till alla dessa filmer som jag och m\u00e5nga andra i kyrkorna producerar nu. Det k\u00e4nns n\u00e4stan om\u00f6jligt att f\u00f6rmedla tro via n\u00e5got som swishar f\u00f6rbi p\u00e5 Facebook, man har liksom inte t\u00e5lamodet att vara med med hj\u00e4rtat d\u00e4r. Samtidigt \u00e4r det roligt och man kan v\u00e4l alltid lyckas skicka med n\u00e5gon liten tanke \u00e4ven i banala filmer. Och s\u00e5 roas jag av det tekniska att klippa p\u00e5 roliga s\u00e4tt och s\u00e5. S\u00e4rskilt n\u00e4r jag slipper texta (som nu till kalendern).<\/li><li>Vad g\u00f6r du idag? Skriv en rad och ber\u00e4tta!<\/li><\/ol>\n\n\n\n<p> <\/p>\n","protected":false},"excerpt":{"rendered":"<p>Glad s\u00f6ndag k\u00e4ra l\u00e4sare! Med dessa adventss\u00f6ndagar utan gudstj\u00e4nst \u00e4r det lite speciellt f\u00f6r jag vet ju precis hur det skulle varit ett normalt \u00e5r. D\u00e5 hade gospelk\u00f6ren Movin\u00b4Gospel sjungit i \u00d6lsremma kyrka och d\u00e4refter kakbuff\u00e9 i byag\u00e5rden. Nu \u00e4r det \u00f6ppet i Dalstorps kyrka 10-12 f\u00f6r den som vill komma till en kyrka och [&hellip;]<\/p>\n","protected":false},"author":392,"featured_media":8342,"comment_status":"open","ping_status":"open","sticky":false,"template":"","format":"standard","meta":{"_acf_changed":false,"footnotes":""},"categories":[9],"tags":[],"class_list":["post-8341","post","type-post","status-publish","format-standard","has-post-thumbnail","hentry","category-okategoriserade"],"acf":[],"yoast_head":"<!-- This site is optimized with the Yoast SEO plugin v27.1.1 - https:\/\/yoast.com\/product\/yoast-seo-wordpress\/ -->\n<title>9 blandade tankar p\u00e5 andra adventss\u00f6ndagen - Vandra V\u00e4gen<\/title>\n<meta name=\"robots\" content=\"index, follow, max-snippet:-1, max-image-preview:large, max-video-preview:-1\" \/>\n<link rel=\"canonical\" href=\"https:\/\/blogg.svenskakyrkan.se\/vandravagen\/2020\/12\/06\/9-blandade-tankar-pa-andra-adventssondagen-3\/\" \/>\n<meta property=\"og:locale\" content=\"sv_SE\" \/>\n<meta property=\"og:type\" content=\"article\" \/>\n<meta property=\"og:title\" content=\"9 blandade tankar p\u00e5 andra adventss\u00f6ndagen - Vandra V\u00e4gen\" \/>\n<meta property=\"og:description\" content=\"Glad s\u00f6ndag k\u00e4ra l\u00e4sare! Med dessa adventss\u00f6ndagar utan gudstj\u00e4nst \u00e4r det lite speciellt f\u00f6r jag vet ju precis hur det skulle varit ett normalt \u00e5r. D\u00e5 hade gospelk\u00f6ren Movin\u00b4Gospel sjungit i \u00d6lsremma kyrka och d\u00e4refter kakbuff\u00e9 i byag\u00e5rden. Nu \u00e4r det \u00f6ppet i Dalstorps kyrka 10-12 f\u00f6r den som vill komma till en kyrka och [&hellip;]\" \/>\n<meta property=\"og:url\" content=\"https:\/\/blogg.svenskakyrkan.se\/vandravagen\/2020\/12\/06\/9-blandade-tankar-pa-andra-adventssondagen-3\/\" \/>\n<meta property=\"og:site_name\" content=\"Vandra V\u00e4gen\" \/>\n<meta property=\"article:publisher\" content=\"http:\/\/facebook.com\/vandravagen\" \/>\n<meta property=\"article:published_time\" content=\"2020-12-06T06:00:30+00:00\" \/>\n<meta property=\"og:image\" content=\"https:\/\/blogg.svenskakyrkan.se\/vandravagen\/files\/2020\/12\/IMG_6252.jpg\" \/>\n\t<meta property=\"og:image:width\" content=\"960\" \/>\n\t<meta property=\"og:image:height\" content=\"688\" \/>\n\t<meta property=\"og:image:type\" content=\"image\/jpeg\" \/>\n<meta name=\"author\" content=\"Tomas Jarvid\" \/>\n<meta name=\"twitter:card\" content=\"summary_large_image\" \/>\n<meta name=\"twitter:creator\" content=\"@fadertomas\" \/>\n<meta name=\"twitter:site\" content=\"@fadertomas\" \/>\n<meta name=\"twitter:label1\" content=\"Skriven av\" \/>\n\t<meta name=\"twitter:data1\" content=\"Tomas Jarvid\" \/>\n\t<meta name=\"twitter:label2\" content=\"Ber\u00e4knad l\u00e4stid\" \/>\n\t<meta name=\"twitter:data2\" content=\"2 minuter\" \/>\n<script type=\"application\/ld+json\" class=\"yoast-schema-graph\">{\"@context\":\"https:\/\/schema.org\",\"@graph\":[{\"@type\":\"Article\",\"@id\":\"https:\/\/blogg.svenskakyrkan.se\/vandravagen\/2020\/12\/06\/9-blandade-tankar-pa-andra-adventssondagen-3\/#article\",\"isPartOf\":{\"@id\":\"https:\/\/blogg.svenskakyrkan.se\/vandravagen\/2020\/12\/06\/9-blandade-tankar-pa-andra-adventssondagen-3\/\"},\"author\":{\"name\":\"Tomas Jarvid\",\"@id\":\"https:\/\/blogg.svenskakyrkan.se\/vandravagen\/#\/schema\/person\/25da02d4f76b137d04291711e2c9fc16\"},\"headline\":\"9 blandade tankar p\u00e5 andra adventss\u00f6ndagen\",\"datePublished\":\"2020-12-06T06:00:30+00:00\",\"mainEntityOfPage\":{\"@id\":\"https:\/\/blogg.svenskakyrkan.se\/vandravagen\/2020\/12\/06\/9-blandade-tankar-pa-andra-adventssondagen-3\/\"},\"wordCount\":385,\"commentCount\":2,\"publisher\":{\"@id\":\"https:\/\/blogg.svenskakyrkan.se\/vandravagen\/#organization\"},\"image\":{\"@id\":\"https:\/\/blogg.svenskakyrkan.se\/vandravagen\/2020\/12\/06\/9-blandade-tankar-pa-andra-adventssondagen-3\/#primaryimage\"},\"thumbnailUrl\":\"https:\/\/blogg.svenskakyrkan.se\/vandravagen\/files\/2020\/12\/IMG_6252.jpg\",\"inLanguage\":\"sv-SE\",\"potentialAction\":[{\"@type\":\"CommentAction\",\"name\":\"Comment\",\"target\":[\"https:\/\/blogg.svenskakyrkan.se\/vandravagen\/2020\/12\/06\/9-blandade-tankar-pa-andra-adventssondagen-3\/#respond\"]}]},{\"@type\":\"WebPage\",\"@id\":\"https:\/\/blogg.svenskakyrkan.se\/vandravagen\/2020\/12\/06\/9-blandade-tankar-pa-andra-adventssondagen-3\/\",\"url\":\"https:\/\/blogg.svenskakyrkan.se\/vandravagen\/2020\/12\/06\/9-blandade-tankar-pa-andra-adventssondagen-3\/\",\"name\":\"9 blandade tankar p\u00e5 andra adventss\u00f6ndagen - Vandra V\u00e4gen\",\"isPartOf\":{\"@id\":\"https:\/\/blogg.svenskakyrkan.se\/vandravagen\/#website\"},\"primaryImageOfPage\":{\"@id\":\"https:\/\/blogg.svenskakyrkan.se\/vandravagen\/2020\/12\/06\/9-blandade-tankar-pa-andra-adventssondagen-3\/#primaryimage\"},\"image\":{\"@id\":\"https:\/\/blogg.svenskakyrkan.se\/vandravagen\/2020\/12\/06\/9-blandade-tankar-pa-andra-adventssondagen-3\/#primaryimage\"},\"thumbnailUrl\":\"https:\/\/blogg.svenskakyrkan.se\/vandravagen\/files\/2020\/12\/IMG_6252.jpg\",\"datePublished\":\"2020-12-06T06:00:30+00:00\",\"breadcrumb\":{\"@id\":\"https:\/\/blogg.svenskakyrkan.se\/vandravagen\/2020\/12\/06\/9-blandade-tankar-pa-andra-adventssondagen-3\/#breadcrumb\"},\"inLanguage\":\"sv-SE\",\"potentialAction\":[{\"@type\":\"ReadAction\",\"target\":[\"https:\/\/blogg.svenskakyrkan.se\/vandravagen\/2020\/12\/06\/9-blandade-tankar-pa-andra-adventssondagen-3\/\"]}]},{\"@type\":\"ImageObject\",\"inLanguage\":\"sv-SE\",\"@id\":\"https:\/\/blogg.svenskakyrkan.se\/vandravagen\/2020\/12\/06\/9-blandade-tankar-pa-andra-adventssondagen-3\/#primaryimage\",\"url\":\"https:\/\/blogg.svenskakyrkan.se\/vandravagen\/files\/2020\/12\/IMG_6252.jpg\",\"contentUrl\":\"https:\/\/blogg.svenskakyrkan.se\/vandravagen\/files\/2020\/12\/IMG_6252.jpg\",\"width\":960,\"height\":688},{\"@type\":\"BreadcrumbList\",\"@id\":\"https:\/\/blogg.svenskakyrkan.se\/vandravagen\/2020\/12\/06\/9-blandade-tankar-pa-andra-adventssondagen-3\/#breadcrumb\",\"itemListElement\":[{\"@type\":\"ListItem\",\"position\":1,\"name\":\"Hem\",\"item\":\"https:\/\/blogg.svenskakyrkan.se\/vandravagen\/\"},{\"@type\":\"ListItem\",\"position\":2,\"name\":\"9 blandade tankar p\u00e5 andra adventss\u00f6ndagen\"}]},{\"@type\":\"WebSite\",\"@id\":\"https:\/\/blogg.svenskakyrkan.se\/vandravagen\/#website\",\"url\":\"https:\/\/blogg.svenskakyrkan.se\/vandravagen\/\",\"name\":\"Vandra V\u00e4gen\",\"description\":\"-Mot en tro f\u00f6r hela livet\",\"publisher\":{\"@id\":\"https:\/\/blogg.svenskakyrkan.se\/vandravagen\/#organization\"},\"potentialAction\":[{\"@type\":\"SearchAction\",\"target\":{\"@type\":\"EntryPoint\",\"urlTemplate\":\"https:\/\/blogg.svenskakyrkan.se\/vandravagen\/?s={search_term_string}\"},\"query-input\":{\"@type\":\"PropertyValueSpecification\",\"valueRequired\":true,\"valueName\":\"search_term_string\"}}],\"inLanguage\":\"sv-SE\"},{\"@type\":\"Organization\",\"@id\":\"https:\/\/blogg.svenskakyrkan.se\/vandravagen\/#organization\",\"name\":\"ulricehamns pastorat\",\"alternateName\":\"ulricehamns pastorat\",\"url\":\"https:\/\/blogg.svenskakyrkan.se\/vandravagen\/\",\"logo\":{\"@type\":\"ImageObject\",\"inLanguage\":\"sv-SE\",\"@id\":\"https:\/\/blogg.svenskakyrkan.se\/vandravagen\/#\/schema\/logo\/image\/\",\"url\":\"https:\/\/blogg.svenskakyrkan.se\/vandravagen\/files\/2023\/05\/Ulr_logo_RGB.png\",\"contentUrl\":\"https:\/\/blogg.svenskakyrkan.se\/vandravagen\/files\/2023\/05\/Ulr_logo_RGB.png\",\"width\":205,\"height\":77,\"caption\":\"ulricehamns pastorat\"},\"image\":{\"@id\":\"https:\/\/blogg.svenskakyrkan.se\/vandravagen\/#\/schema\/logo\/image\/\"},\"sameAs\":[\"http:\/\/facebook.com\/vandravagen\",\"https:\/\/x.com\/fadertomas\",\"http:\/\/www.facebook.com\/svenskakyrkaniulricehamn\"]},{\"@type\":\"Person\",\"@id\":\"https:\/\/blogg.svenskakyrkan.se\/vandravagen\/#\/schema\/person\/25da02d4f76b137d04291711e2c9fc16\",\"name\":\"Tomas Jarvid\",\"image\":{\"@type\":\"ImageObject\",\"inLanguage\":\"sv-SE\",\"@id\":\"https:\/\/blogg.svenskakyrkan.se\/vandravagen\/#\/schema\/person\/image\/\",\"url\":\"https:\/\/secure.gravatar.com\/avatar\/7fa71899795e8f540f615a1f5ab25255dc27aa40f05ee7ddd21aac521e01bf50?s=96&d=identicon&r=g\",\"contentUrl\":\"https:\/\/secure.gravatar.com\/avatar\/7fa71899795e8f540f615a1f5ab25255dc27aa40f05ee7ddd21aac521e01bf50?s=96&d=identicon&r=g\",\"caption\":\"Tomas Jarvid\"},\"description\":\"Jag bor i Ulricehamn i V\u00e4sterg\u00f6tland och \u00e4r f\u00f6rsamlingspr\u00e4st i Svenska Kyrkan f\u00f6r Dalstorps f\u00f6rsamling i Kinds pastorat. P\u00e5 den h\u00e4r bloggen skriver jag ner tankar om vandringen som kristen.\",\"sameAs\":[\"http:\/\/www.vandravagen.se\"],\"url\":\"https:\/\/blogg.svenskakyrkan.se\/vandravagen\/author\/vandravagen\/\"}]}<\/script>\n<!-- \/ Yoast SEO plugin. -->","yoast_head_json":{"title":"9 blandade tankar p\u00e5 andra adventss\u00f6ndagen - Vandra V\u00e4gen","robots":{"index":"index","follow":"follow","max-snippet":"max-snippet:-1","max-image-preview":"max-image-preview:large","max-video-preview":"max-video-preview:-1"},"canonical":"https:\/\/blogg.svenskakyrkan.se\/vandravagen\/2020\/12\/06\/9-blandade-tankar-pa-andra-adventssondagen-3\/","og_locale":"sv_SE","og_type":"article","og_title":"9 blandade tankar p\u00e5 andra adventss\u00f6ndagen - Vandra V\u00e4gen","og_description":"Glad s\u00f6ndag k\u00e4ra l\u00e4sare! Med dessa adventss\u00f6ndagar utan gudstj\u00e4nst \u00e4r det lite speciellt f\u00f6r jag vet ju precis hur det skulle varit ett normalt \u00e5r. D\u00e5 hade gospelk\u00f6ren Movin\u00b4Gospel sjungit i \u00d6lsremma kyrka och d\u00e4refter kakbuff\u00e9 i byag\u00e5rden. Nu \u00e4r det \u00f6ppet i Dalstorps kyrka 10-12 f\u00f6r den som vill komma till en kyrka och [&hellip;]","og_url":"https:\/\/blogg.svenskakyrkan.se\/vandravagen\/2020\/12\/06\/9-blandade-tankar-pa-andra-adventssondagen-3\/","og_site_name":"Vandra V\u00e4gen","article_publisher":"http:\/\/facebook.com\/vandravagen","article_published_time":"2020-12-06T06:00:30+00:00","og_image":[{"width":960,"height":688,"url":"https:\/\/blogg.svenskakyrkan.se\/vandravagen\/files\/2020\/12\/IMG_6252.jpg","type":"image\/jpeg"}],"author":"Tomas Jarvid","twitter_card":"summary_large_image","twitter_creator":"@fadertomas","twitter_site":"@fadertomas","twitter_misc":{"Skriven av":"Tomas Jarvid","Ber\u00e4knad l\u00e4stid":"2 minuter"},"schema":{"@context":"https:\/\/schema.org","@graph":[{"@type":"Article","@id":"https:\/\/blogg.svenskakyrkan.se\/vandravagen\/2020\/12\/06\/9-blandade-tankar-pa-andra-adventssondagen-3\/#article","isPartOf":{"@id":"https:\/\/blogg.svenskakyrkan.se\/vandravagen\/2020\/12\/06\/9-blandade-tankar-pa-andra-adventssondagen-3\/"},"author":{"name":"Tomas Jarvid","@id":"https:\/\/blogg.svenskakyrkan.se\/vandravagen\/#\/schema\/person\/25da02d4f76b137d04291711e2c9fc16"},"headline":"9 blandade tankar p\u00e5 andra adventss\u00f6ndagen","datePublished":"2020-12-06T06:00:30+00:00","mainEntityOfPage":{"@id":"https:\/\/blogg.svenskakyrkan.se\/vandravagen\/2020\/12\/06\/9-blandade-tankar-pa-andra-adventssondagen-3\/"},"wordCount":385,"commentCount":2,"publisher":{"@id":"https:\/\/blogg.svenskakyrkan.se\/vandravagen\/#organization"},"image":{"@id":"https:\/\/blogg.svenskakyrkan.se\/vandravagen\/2020\/12\/06\/9-blandade-tankar-pa-andra-adventssondagen-3\/#primaryimage"},"thumbnailUrl":"https:\/\/blogg.svenskakyrkan.se\/vandravagen\/files\/2020\/12\/IMG_6252.jpg","inLanguage":"sv-SE","potentialAction":[{"@type":"CommentAction","name":"Comment","target":["https:\/\/blogg.svenskakyrkan.se\/vandravagen\/2020\/12\/06\/9-blandade-tankar-pa-andra-adventssondagen-3\/#respond"]}]},{"@type":"WebPage","@id":"https:\/\/blogg.svenskakyrkan.se\/vandravagen\/2020\/12\/06\/9-blandade-tankar-pa-andra-adventssondagen-3\/","url":"https:\/\/blogg.svenskakyrkan.se\/vandravagen\/2020\/12\/06\/9-blandade-tankar-pa-andra-adventssondagen-3\/","name":"9 blandade tankar p\u00e5 andra adventss\u00f6ndagen - Vandra V\u00e4gen","isPartOf":{"@id":"https:\/\/blogg.svenskakyrkan.se\/vandravagen\/#website"},"primaryImageOfPage":{"@id":"https:\/\/blogg.svenskakyrkan.se\/vandravagen\/2020\/12\/06\/9-blandade-tankar-pa-andra-adventssondagen-3\/#primaryimage"},"image":{"@id":"https:\/\/blogg.svenskakyrkan.se\/vandravagen\/2020\/12\/06\/9-blandade-tankar-pa-andra-adventssondagen-3\/#primaryimage"},"thumbnailUrl":"https:\/\/blogg.svenskakyrkan.se\/vandravagen\/files\/2020\/12\/IMG_6252.jpg","datePublished":"2020-12-06T06:00:30+00:00","breadcrumb":{"@id":"https:\/\/blogg.svenskakyrkan.se\/vandravagen\/2020\/12\/06\/9-blandade-tankar-pa-andra-adventssondagen-3\/#breadcrumb"},"inLanguage":"sv-SE","potentialAction":[{"@type":"ReadAction","target":["https:\/\/blogg.svenskakyrkan.se\/vandravagen\/2020\/12\/06\/9-blandade-tankar-pa-andra-adventssondagen-3\/"]}]},{"@type":"ImageObject","inLanguage":"sv-SE","@id":"https:\/\/blogg.svenskakyrkan.se\/vandravagen\/2020\/12\/06\/9-blandade-tankar-pa-andra-adventssondagen-3\/#primaryimage","url":"https:\/\/blogg.svenskakyrkan.se\/vandravagen\/files\/2020\/12\/IMG_6252.jpg","contentUrl":"https:\/\/blogg.svenskakyrkan.se\/vandravagen\/files\/2020\/12\/IMG_6252.jpg","width":960,"height":688},{"@type":"BreadcrumbList","@id":"https:\/\/blogg.svenskakyrkan.se\/vandravagen\/2020\/12\/06\/9-blandade-tankar-pa-andra-adventssondagen-3\/#breadcrumb","itemListElement":[{"@type":"ListItem","position":1,"name":"Hem","item":"https:\/\/blogg.svenskakyrkan.se\/vandravagen\/"},{"@type":"ListItem","position":2,"name":"9 blandade tankar p\u00e5 andra adventss\u00f6ndagen"}]},{"@type":"WebSite","@id":"https:\/\/blogg.svenskakyrkan.se\/vandravagen\/#website","url":"https:\/\/blogg.svenskakyrkan.se\/vandravagen\/","name":"Vandra V\u00e4gen","description":"-Mot en tro f\u00f6r hela livet","publisher":{"@id":"https:\/\/blogg.svenskakyrkan.se\/vandravagen\/#organization"},"potentialAction":[{"@type":"SearchAction","target":{"@type":"EntryPoint","urlTemplate":"https:\/\/blogg.svenskakyrkan.se\/vandravagen\/?s={search_term_string}"},"query-input":{"@type":"PropertyValueSpecification","valueRequired":true,"valueName":"search_term_string"}}],"inLanguage":"sv-SE"},{"@type":"Organization","@id":"https:\/\/blogg.svenskakyrkan.se\/vandravagen\/#organization","name":"ulricehamns pastorat","alternateName":"ulricehamns pastorat","url":"https:\/\/blogg.svenskakyrkan.se\/vandravagen\/","logo":{"@type":"ImageObject","inLanguage":"sv-SE","@id":"https:\/\/blogg.svenskakyrkan.se\/vandravagen\/#\/schema\/logo\/image\/","url":"https:\/\/blogg.svenskakyrkan.se\/vandravagen\/files\/2023\/05\/Ulr_logo_RGB.png","contentUrl":"https:\/\/blogg.svenskakyrkan.se\/vandravagen\/files\/2023\/05\/Ulr_logo_RGB.png","width":205,"height":77,"caption":"ulricehamns pastorat"},"image":{"@id":"https:\/\/blogg.svenskakyrkan.se\/vandravagen\/#\/schema\/logo\/image\/"},"sameAs":["http:\/\/facebook.com\/vandravagen","https:\/\/x.com\/fadertomas","http:\/\/www.facebook.com\/svenskakyrkaniulricehamn"]},{"@type":"Person","@id":"https:\/\/blogg.svenskakyrkan.se\/vandravagen\/#\/schema\/person\/25da02d4f76b137d04291711e2c9fc16","name":"Tomas Jarvid","image":{"@type":"ImageObject","inLanguage":"sv-SE","@id":"https:\/\/blogg.svenskakyrkan.se\/vandravagen\/#\/schema\/person\/image\/","url":"https:\/\/secure.gravatar.com\/avatar\/7fa71899795e8f540f615a1f5ab25255dc27aa40f05ee7ddd21aac521e01bf50?s=96&d=identicon&r=g","contentUrl":"https:\/\/secure.gravatar.com\/avatar\/7fa71899795e8f540f615a1f5ab25255dc27aa40f05ee7ddd21aac521e01bf50?s=96&d=identicon&r=g","caption":"Tomas Jarvid"},"description":"Jag bor i Ulricehamn i V\u00e4sterg\u00f6tland och \u00e4r f\u00f6rsamlingspr\u00e4st i Svenska Kyrkan f\u00f6r Dalstorps f\u00f6rsamling i Kinds pastorat. P\u00e5 den h\u00e4r bloggen skriver jag ner tankar om vandringen som kristen.","sameAs":["http:\/\/www.vandravagen.se"],"url":"https:\/\/blogg.svenskakyrkan.se\/vandravagen\/author\/vandravagen\/"}]}},"author_meta":{"ID":"392","user_nicename":"vandravagen","user_url":"http:\/\/www.vandravagen.se","user_registered":"2014-05-19 05:44:52","display_name":"Tomas Jarvid","first_name":"Tomas","last_name":"Jarvid","avatar":"https:\/\/secure.gravatar.com\/avatar\/7fa71899795e8f540f615a1f5ab25255dc27aa40f05ee7ddd21aac521e01bf50?s=96&d=identicon&r=g"},"featured_image":["https:\/\/blogg.svenskakyrkan.se\/vandravagen\/files\/2020\/12\/IMG_6252.jpg",960,688,false],"bloginfo":{"name":"Vandra V\u00e4gen","url":"https:\/\/blogg.svenskakyrkan.se\/vandravagen"},"_links":{"self":[{"href":"https:\/\/blogg.svenskakyrkan.se\/vandravagen\/wp-json\/wp\/v2\/posts\/8341","targetHints":{"allow":["GET"]}}],"collection":[{"href":"https:\/\/blogg.svenskakyrkan.se\/vandravagen\/wp-json\/wp\/v2\/posts"}],"about":[{"href":"https:\/\/blogg.svenskakyrkan.se\/vandravagen\/wp-json\/wp\/v2\/types\/post"}],"author":[{"embeddable":true,"href":"https:\/\/blogg.svenskakyrkan.se\/vandravagen\/wp-json\/wp\/v2\/users\/392"}],"replies":[{"embeddable":true,"href":"https:\/\/blogg.svenskakyrkan.se\/vandravagen\/wp-json\/wp\/v2\/comments?post=8341"}],"version-history":[{"count":1,"href":"https:\/\/blogg.svenskakyrkan.se\/vandravagen\/wp-json\/wp\/v2\/posts\/8341\/revisions"}],"predecessor-version":[{"id":8343,"href":"https:\/\/blogg.svenskakyrkan.se\/vandravagen\/wp-json\/wp\/v2\/posts\/8341\/revisions\/8343"}],"wp:featuredmedia":[{"embeddable":true,"href":"https:\/\/blogg.svenskakyrkan.se\/vandravagen\/wp-json\/wp\/v2\/media\/8342"}],"wp:attachment":[{"href":"https:\/\/blogg.svenskakyrkan.se\/vandravagen\/wp-json\/wp\/v2\/media?parent=8341"}],"wp:term":[{"taxonomy":"category","embeddable":true,"href":"https:\/\/blogg.svenskakyrkan.se\/vandravagen\/wp-json\/wp\/v2\/categories?post=8341"},{"taxonomy":"post_tag","embeddable":true,"href":"https:\/\/blogg.svenskakyrkan.se\/vandravagen\/wp-json\/wp\/v2\/tags?post=8341"}],"curies":[{"name":"wp","href":"https:\/\/api.w.org\/{rel}","templated":true}]}}